{"id":59200,"date":"2019-09-26T20:20:22","date_gmt":"2019-09-26T23:20:22","guid":{"rendered":"http:\/\/folhapopular.info\/?p=59200"},"modified":"2019-09-26T17:35:34","modified_gmt":"2019-09-26T20:35:34","slug":"estrela-tem-sua-12a-conferencia-de-assistencia-social","status":"publish","type":"post","link":"https:\/\/folhapopular.info\/index.php\/2019\/09\/26\/estrela-tem-sua-12a-conferencia-de-assistencia-social\/","title":{"rendered":"Estrela tem sua 12\u00aa Confer\u00eancia de Assist\u00eancia Social"},"content":{"rendered":"\n<p>O munic\u00edpio de\u00a0Estrela\u00a0realizou, ao longo desta\u00a0quarta-feira (25\/09), a 12\u00aa Confer\u00eancia de Assist\u00eancia Social. O evento foi promovido pelo Conselho Municipal de Assist\u00eancia Social e Secretaria do Desenvolvimento Social, Trabalho e Habita\u00e7\u00e3o (Sedesth), teve como tema este ano a \u201cAssist\u00eancia Social: direito do povo, com financiamento p\u00fablico e participa\u00e7\u00e3o social\u201d. Al\u00e9m da elei\u00e7\u00e3o dos delegados\u00a0que representar\u00e3o o munic\u00edpio na confer\u00eancia\u00a0estadual,\u00a0contou com a elabora\u00e7\u00e3o de novas propostas e com palestra do advogado social Ismael de C\u00f3rdova, especialista no Sistema \u00danico de Assist\u00eancia Social (Suas).<\/p>\n\n\n\n<p>Aberta \u00e0 participa\u00e7\u00e3o de todos, o evento ocorreu na C\u00e2mara de Vereadores e reuniu diversas lideran\u00e7as pol\u00edticas, de entidades, sociais e demais pessoas da comunidade interessadas em conferir e avaliar os avan\u00e7os na \u00e1rea como tamb\u00e9m em projetar os pr\u00f3ximos meses. Foi aberta com apresenta\u00e7\u00e3o do Coral do Grupo de Apoio e Conviv\u00eancia do Idoso Estrelense (Gracie) e com palavras de algumas das autoridades presentes. O vice-prefeito de&nbsp;Estrela, Valmor Griebeler, destacou a import\u00e2ncia do crescimento ordenado do munic\u00edpio, o que envolve a quest\u00e3o social. \u201cQuando se fala em crescer \u00e9 preciso destacar que \u00e9 fundamental crescer de forma ordenada. E quando se objetiva isso \u00e9 necess\u00e1rio pensar em pessoas, mas para tanto \u00e9 imprescind\u00edvel oferecer meios para tanto. Assim tem sido, e&nbsp;Estrela&nbsp;\u00e9 refer\u00eancia, mas podemos mais\u201d, afirmou.<\/p>\n\n\n\n<p>O titular da Sedesth, Jos\u00e9 Itamar Alves, foi no mesmo sentido. \u201cN\u00e3o \u00e9 dar o peixe para as pessoas, \u00e9 ensinar como se pesca. E isso estamos fazendo das mais diversas formas. Foram muitos avan\u00e7os neste sentido, em diferentes \u00e1reas que envolvem a quest\u00e3o social, como acesso ao trabalho, habita\u00e7\u00e3o e atendimentos comunit\u00e1rios, sa\u00fade\u201d, destacou ele, ao dar como exemplo os mais de dois mil atendimentos realizados pelo Centro de Refer\u00eancia Especializado de Assist\u00eancia Social (Creas) desde que a pasta abriu o setor, h\u00e1 um ano. A presidente dos Conselho de Assist\u00eancia Social, Anelise Haussmann, e o presidente da C\u00e2mara de Vereadores, Felipe Schossler, tamb\u00e9m se dirigiram aos presentes.<\/p>\n\n\n\n<p><strong>Palestra<\/strong><\/p>\n\n\n\n<p>Ainda pela manh\u00e3, o advogado Ismael de C\u00f3rdova realizou sua palestra. Doutorando em Desenvolvimento Socioecon\u00f4mico, especialista em Direito P\u00fablico com \u00eanfase em gest\u00e3o p\u00fablica e presidente do Conselho Estadual de Assist\u00eancia Social de Santa Catarina, C\u00f3rdova falou sobre o atual contexto. \u201cA import\u00e2ncia de um evento como este, principalmente no atual cen\u00e1rio que vivemos, de algumas desestrutura\u00e7\u00f5es pol\u00edticas como um todo, a gente v\u00ea como fundamental.<\/p>\n\n\n\n<p>Neste sentido,\u00a0Estrela\u00a0e sua comunidade est\u00e3o fazendo seu papel, que \u00e9 discutir com seus cidad\u00e3os as pol\u00edticas p\u00fablicas como um todo,\u00a0hoje\u00a0especificamente as de assist\u00eancia social\u201d,\u00a0diz. \u201cE estas, no meu ponto de vista,\u00a0est\u00e3o entre as\u00a0mais importantes por trabalharem as rela\u00e7\u00f5es\u00a0sociais,\u00a0familiares,\u00a0que possuem muitos conflitos,\u00a0viol\u00eancias, viola\u00e7\u00f5es de direitos\u201d, diz.\u00a0Segundo o advogado, h\u00e1 muito o que evoluir num cen\u00e1rio nacional.\u00a0\u201c\u00c9 que\u00a0Uni\u00e3o, Estados e munic\u00edpios\u00a0precisam,\u00a0como um todo, dar este suporte\u00a0\u00e0 popula\u00e7\u00e3o\u00a0atrav\u00e9s dos servi\u00e7os\u00a0que s\u00e3o ofertados, tanto no \u00e2mbito\u00a0da preven\u00e7\u00e3o como tamb\u00e9m de fiscaliza\u00e7\u00e3o e atua\u00e7\u00e3o, mas isso nem sempre ocorre, principalmente no \u00e2mbito nacional, o que acaba de certa forma fragilizando a municipalidade, que j\u00e1 est\u00e1 sobrecarregada de servi\u00e7os e \u00e9 onde se encontram os cidad\u00e3os\u201d, explica. E melhorar, efetivar esta rela\u00e7\u00e3o \u00e9 o que se busca aqui\u201d, resume.<\/p>\n\n\n\n<p><strong>Delegados<\/strong><\/p>\n\n\n\n<p>\u00c0 tarde foram realizadas atividades em grupos, com debates focados em tr\u00eas eixos: O direito \u00e0 assist\u00eancia social: direito, prote\u00e7\u00e3o e seguridade social \u2013 dever do Estado, direito do povo; Gest\u00e3o, execu\u00e7\u00e3o e financiamento da pol\u00edtica de assist\u00eancia social, e Participa\u00e7\u00e3o e controle social. A plen\u00e1ria final colocou em vota\u00e7\u00e3o as propostas que ser\u00e3o encaminhadas para a etapa estadual. Tamb\u00e9m houve elei\u00e7\u00e3o dos delegados \u2013 um titular e um suplente da sociedade civil e um titular e um suplente dos \u00f3rg\u00e3os governamentais \u2013 os quais representar\u00e3o o munic\u00edpio em n\u00edvel de Estado.&nbsp;S\u00e3o eles: Adriane Mallmann \/ Creas\/Sedesth (titular), Nat\u00e1lia Sulzbach \/ Cras\/Sedesth (suplente), representando os \u00f3rg\u00e3os governamentais; Carlana von Tryller \/ Apae (titular), Daiana de Avila \/ Associa\u00e7\u00e3o dos Semeadores (suplente), representando a sociedade civil.<\/p>\n","protected":false},"excerpt":{"rendered":"<p>O munic\u00edpio de\u00a0Estrela\u00a0realizou, ao longo desta\u00a0quarta-feira (25\/09), a 12\u00aa Confer\u00eancia de Assist\u00eancia Social. O evento foi promovido pelo Conselho Municipal de Assist\u00eancia Social e Secretaria do Desenvolvimento Social, Trabalho e Habita\u00e7\u00e3o (Sedesth), teve como tema este ano a \u201cAssist\u00eancia Social: direito do povo, com financiamento p\u00fablico e participa\u00e7\u00e3o social\u201d. Al\u00e9m da elei\u00e7\u00e3o dos delegados\u00a0que representar\u00e3o [&hellip;]<\/p>\n","protected":false},"author":8,"featured_media":59201,"comment_status":"open","ping_status":"open","sticky":false,"template":"","format":"standard","meta":{"pmpro_default_level":"","_jetpack_memberships_contains_paid_content":false,"footnotes":""},"categories":[3,7],"tags":[35,8,45],"class_list":{"0":"post-59200","1":"post","2":"type-post","3":"status-publish","4":"format-standard","5":"has-post-thumbnail","7":"category-geral","8":"category-seguranca","9":"tag-assistencia-social","10":"tag-estrela","11":"tag-palestra","12":"pmpro-has-access"},"yoast_head":"<!-- This site is optimized with the Yoast SEO plugin v27.5 - https:\/\/yoast.com\/product\/yoast-seo-wordpress\/ -->\n<title>Estrela tem sua 12\u00aa Confer\u00eancia de Assist\u00eancia Social - Folha Popular<\/title>\n<meta name=\"robots\" content=\"index, follow, max-snippet:-1, max-image-preview:large, max-video-preview:-1\" \/>\n<link rel=\"canonical\" href=\"https:\/\/folhapopular.info\/index.php\/2019\/09\/26\/estrela-tem-sua-12a-conferencia-de-assistencia-social\/\" \/>\n<meta property=\"og:locale\" content=\"pt_BR\" \/>\n<meta property=\"og:type\" content=\"article\" \/>\n<meta property=\"og:title\" content=\"Estrela tem sua 12\u00aa Confer\u00eancia de Assist\u00eancia Social - Folha Popular\" \/>\n<meta property=\"og:description\" content=\"O munic\u00edpio de\u00a0Estrela\u00a0realizou, ao longo desta\u00a0quarta-feira (25\/09), a 12\u00aa Confer\u00eancia de Assist\u00eancia Social. O evento foi promovido pelo Conselho Municipal de Assist\u00eancia Social e Secretaria do Desenvolvimento Social, Trabalho e Habita\u00e7\u00e3o (Sedesth), teve como tema este ano a \u201cAssist\u00eancia Social: direito do povo, com financiamento p\u00fablico e participa\u00e7\u00e3o social\u201d. Al\u00e9m da elei\u00e7\u00e3o dos delegados\u00a0que representar\u00e3o [&hellip;]\" \/>\n<meta property=\"og:url\" content=\"https:\/\/folhapopular.info\/index.php\/2019\/09\/26\/estrela-tem-sua-12a-conferencia-de-assistencia-social\/\" \/>\n<meta property=\"og:site_name\" content=\"Folha Popular\" \/>\n<meta property=\"article:published_time\" content=\"2019-09-26T23:20:22+00:00\" \/>\n<meta property=\"og:image\" content=\"https:\/\/folhapopular.info\/wp-content\/uploads\/2019\/09\/Confer\u00eancia-Assist\u00eancia-Social-41-C\u00f3rdova-palestrante-e1569530055719.jpg\" \/>\n\t<meta property=\"og:image:width\" content=\"800\" \/>\n\t<meta property=\"og:image:height\" content=\"533\" \/>\n\t<meta property=\"og:image:type\" content=\"image\/jpeg\" \/>\n<meta name=\"author\" content=\"Reda\u00e7\u00e3o Folha Popular\" \/>\n<meta name=\"twitter:card\" content=\"summary_large_image\" \/>\n<meta name=\"twitter:label1\" content=\"Escrito por\" \/>\n\t<meta name=\"twitter:data1\" content=\"Reda\u00e7\u00e3o Folha Popular\" \/>\n\t<meta name=\"twitter:label2\" content=\"Est. tempo de leitura\" \/>\n\t<meta name=\"twitter:data2\" content=\"4 minutos\" \/>\n<script type=\"application\/ld+json\" class=\"yoast-schema-graph\">{\"@context\":\"https:\\\/\\\/schema.org\",\"@graph\":[{\"@type\":\"Article\",\"@id\":\"https:\\\/\\\/folhapopular.info\\\/index.php\\\/2019\\\/09\\\/26\\\/estrela-tem-sua-12a-conferencia-de-assistencia-social\\\/#article\",\"isPartOf\":{\"@id\":\"https:\\\/\\\/folhapopular.info\\\/index.php\\\/2019\\\/09\\\/26\\\/estrela-tem-sua-12a-conferencia-de-assistencia-social\\\/\"},\"author\":{\"name\":\"Reda\u00e7\u00e3o Folha Popular\",\"@id\":\"https:\\\/\\\/folhapopular.info\\\/#\\\/schema\\\/person\\\/2814e8a0df7643585a9ca38bc6eb9d4b\"},\"headline\":\"Estrela tem sua 12\u00aa Confer\u00eancia de Assist\u00eancia Social\",\"datePublished\":\"2019-09-26T23:20:22+00:00\",\"mainEntityOfPage\":{\"@id\":\"https:\\\/\\\/folhapopular.info\\\/index.php\\\/2019\\\/09\\\/26\\\/estrela-tem-sua-12a-conferencia-de-assistencia-social\\\/\"},\"wordCount\":752,\"commentCount\":0,\"image\":{\"@id\":\"https:\\\/\\\/folhapopular.info\\\/index.php\\\/2019\\\/09\\\/26\\\/estrela-tem-sua-12a-conferencia-de-assistencia-social\\\/#primaryimage\"},\"thumbnailUrl\":\"https:\\\/\\\/folhapopular.info\\\/wp-content\\\/uploads\\\/2019\\\/09\\\/Confer\u00eancia-Assist\u00eancia-Social-41-C\u00f3rdova-palestrante-e1569530055719.jpg\",\"keywords\":[\"Assist\u00eancia Social\",\"Estrela\",\"palestra\"],\"articleSection\":[\"Geral\",\"Seguran\u00e7a\"],\"inLanguage\":\"pt-BR\",\"potentialAction\":[{\"@type\":\"CommentAction\",\"name\":\"Comment\",\"target\":[\"https:\\\/\\\/folhapopular.info\\\/index.php\\\/2019\\\/09\\\/26\\\/estrela-tem-sua-12a-conferencia-de-assistencia-social\\\/#respond\"]}]},{\"@type\":\"WebPage\",\"@id\":\"https:\\\/\\\/folhapopular.info\\\/index.php\\\/2019\\\/09\\\/26\\\/estrela-tem-sua-12a-conferencia-de-assistencia-social\\\/\",\"url\":\"https:\\\/\\\/folhapopular.info\\\/index.php\\\/2019\\\/09\\\/26\\\/estrela-tem-sua-12a-conferencia-de-assistencia-social\\\/\",\"name\":\"Estrela tem sua 12\u00aa Confer\u00eancia de Assist\u00eancia Social - Folha Popular\",\"isPartOf\":{\"@id\":\"https:\\\/\\\/folhapopular.info\\\/#website\"},\"primaryImageOfPage\":{\"@id\":\"https:\\\/\\\/folhapopular.info\\\/index.php\\\/2019\\\/09\\\/26\\\/estrela-tem-sua-12a-conferencia-de-assistencia-social\\\/#primaryimage\"},\"image\":{\"@id\":\"https:\\\/\\\/folhapopular.info\\\/index.php\\\/2019\\\/09\\\/26\\\/estrela-tem-sua-12a-conferencia-de-assistencia-social\\\/#primaryimage\"},\"thumbnailUrl\":\"https:\\\/\\\/folhapopular.info\\\/wp-content\\\/uploads\\\/2019\\\/09\\\/Confer\u00eancia-Assist\u00eancia-Social-41-C\u00f3rdova-palestrante-e1569530055719.jpg\",\"datePublished\":\"2019-09-26T23:20:22+00:00\",\"author\":{\"@id\":\"https:\\\/\\\/folhapopular.info\\\/#\\\/schema\\\/person\\\/2814e8a0df7643585a9ca38bc6eb9d4b\"},\"breadcrumb\":{\"@id\":\"https:\\\/\\\/folhapopular.info\\\/index.php\\\/2019\\\/09\\\/26\\\/estrela-tem-sua-12a-conferencia-de-assistencia-social\\\/#breadcrumb\"},\"inLanguage\":\"pt-BR\",\"potentialAction\":[{\"@type\":\"ReadAction\",\"target\":[\"https:\\\/\\\/folhapopular.info\\\/index.php\\\/2019\\\/09\\\/26\\\/estrela-tem-sua-12a-conferencia-de-assistencia-social\\\/\"]}]},{\"@type\":\"ImageObject\",\"inLanguage\":\"pt-BR\",\"@id\":\"https:\\\/\\\/folhapopular.info\\\/index.php\\\/2019\\\/09\\\/26\\\/estrela-tem-sua-12a-conferencia-de-assistencia-social\\\/#primaryimage\",\"url\":\"https:\\\/\\\/folhapopular.info\\\/wp-content\\\/uploads\\\/2019\\\/09\\\/Confer\u00eancia-Assist\u00eancia-Social-41-C\u00f3rdova-palestrante-e1569530055719.jpg\",\"contentUrl\":\"https:\\\/\\\/folhapopular.info\\\/wp-content\\\/uploads\\\/2019\\\/09\\\/Confer\u00eancia-Assist\u00eancia-Social-41-C\u00f3rdova-palestrante-e1569530055719.jpg\",\"width\":800,\"height\":533,\"caption\":\"Advogado Ismael de C\u00f3rdova palestrou aos presentes\"},{\"@type\":\"BreadcrumbList\",\"@id\":\"https:\\\/\\\/folhapopular.info\\\/index.php\\\/2019\\\/09\\\/26\\\/estrela-tem-sua-12a-conferencia-de-assistencia-social\\\/#breadcrumb\",\"itemListElement\":[{\"@type\":\"ListItem\",\"position\":1,\"name\":\"In\u00edcio\",\"item\":\"https:\\\/\\\/folhapopular.info\\\/\"},{\"@type\":\"ListItem\",\"position\":2,\"name\":\"Estrela tem sua 12\u00aa Confer\u00eancia de Assist\u00eancia Social\"}]},{\"@type\":\"WebSite\",\"@id\":\"https:\\\/\\\/folhapopular.info\\\/#website\",\"url\":\"https:\\\/\\\/folhapopular.info\\\/\",\"name\":\"Folha Popular\",\"description\":\"Onde voc\u00ea tem vez e voz\",\"potentialAction\":[{\"@type\":\"SearchAction\",\"target\":{\"@type\":\"EntryPoint\",\"urlTemplate\":\"https:\\\/\\\/folhapopular.info\\\/?s={search_term_string}\"},\"query-input\":{\"@type\":\"PropertyValueSpecification\",\"valueRequired\":true,\"valueName\":\"search_term_string\"}}],\"inLanguage\":\"pt-BR\"},{\"@type\":\"Person\",\"@id\":\"https:\\\/\\\/folhapopular.info\\\/#\\\/schema\\\/person\\\/2814e8a0df7643585a9ca38bc6eb9d4b\",\"name\":\"Reda\u00e7\u00e3o Folha Popular\",\"image\":{\"@type\":\"ImageObject\",\"inLanguage\":\"pt-BR\",\"@id\":\"https:\\\/\\\/folhapopular.info\\\/wp-content\\\/uploads\\\/2026\\\/04\\\/Folha-1.webp\",\"url\":\"https:\\\/\\\/folhapopular.info\\\/wp-content\\\/uploads\\\/2026\\\/04\\\/Folha-1.webp\",\"contentUrl\":\"https:\\\/\\\/folhapopular.info\\\/wp-content\\\/uploads\\\/2026\\\/04\\\/Folha-1.webp\",\"caption\":\"Reda\u00e7\u00e3o Folha Popular\"},\"url\":\"https:\\\/\\\/folhapopular.info\\\/index.php\\\/author\\\/redacao\\\/\"}]}<\/script>\n<!-- \/ Yoast SEO plugin. -->","yoast_head_json":{"title":"Estrela tem sua 12\u00aa Confer\u00eancia de Assist\u00eancia Social - Folha Popular","robots":{"index":"index","follow":"follow","max-snippet":"max-snippet:-1","max-image-preview":"max-image-preview:large","max-video-preview":"max-video-preview:-1"},"canonical":"https:\/\/folhapopular.info\/index.php\/2019\/09\/26\/estrela-tem-sua-12a-conferencia-de-assistencia-social\/","og_locale":"pt_BR","og_type":"article","og_title":"Estrela tem sua 12\u00aa Confer\u00eancia de Assist\u00eancia Social - Folha Popular","og_description":"O munic\u00edpio de\u00a0Estrela\u00a0realizou, ao longo desta\u00a0quarta-feira (25\/09), a 12\u00aa Confer\u00eancia de Assist\u00eancia Social. O evento foi promovido pelo Conselho Municipal de Assist\u00eancia Social e Secretaria do Desenvolvimento Social, Trabalho e Habita\u00e7\u00e3o (Sedesth), teve como tema este ano a \u201cAssist\u00eancia Social: direito do povo, com financiamento p\u00fablico e participa\u00e7\u00e3o social\u201d. Al\u00e9m da elei\u00e7\u00e3o dos delegados\u00a0que representar\u00e3o [&hellip;]","og_url":"https:\/\/folhapopular.info\/index.php\/2019\/09\/26\/estrela-tem-sua-12a-conferencia-de-assistencia-social\/","og_site_name":"Folha Popular","article_published_time":"2019-09-26T23:20:22+00:00","og_image":[{"width":800,"height":533,"url":"https:\/\/folhapopular.info\/wp-content\/uploads\/2019\/09\/Confer\u00eancia-Assist\u00eancia-Social-41-C\u00f3rdova-palestrante-e1569530055719.jpg","type":"image\/jpeg"}],"author":"Reda\u00e7\u00e3o Folha Popular","twitter_card":"summary_large_image","twitter_misc":{"Escrito por":"Reda\u00e7\u00e3o Folha Popular","Est. tempo de leitura":"4 minutos"},"schema":{"@context":"https:\/\/schema.org","@graph":[{"@type":"Article","@id":"https:\/\/folhapopular.info\/index.php\/2019\/09\/26\/estrela-tem-sua-12a-conferencia-de-assistencia-social\/#article","isPartOf":{"@id":"https:\/\/folhapopular.info\/index.php\/2019\/09\/26\/estrela-tem-sua-12a-conferencia-de-assistencia-social\/"},"author":{"name":"Reda\u00e7\u00e3o Folha Popular","@id":"https:\/\/folhapopular.info\/#\/schema\/person\/2814e8a0df7643585a9ca38bc6eb9d4b"},"headline":"Estrela tem sua 12\u00aa Confer\u00eancia de Assist\u00eancia Social","datePublished":"2019-09-26T23:20:22+00:00","mainEntityOfPage":{"@id":"https:\/\/folhapopular.info\/index.php\/2019\/09\/26\/estrela-tem-sua-12a-conferencia-de-assistencia-social\/"},"wordCount":752,"commentCount":0,"image":{"@id":"https:\/\/folhapopular.info\/index.php\/2019\/09\/26\/estrela-tem-sua-12a-conferencia-de-assistencia-social\/#primaryimage"},"thumbnailUrl":"https:\/\/folhapopular.info\/wp-content\/uploads\/2019\/09\/Confer\u00eancia-Assist\u00eancia-Social-41-C\u00f3rdova-palestrante-e1569530055719.jpg","keywords":["Assist\u00eancia Social","Estrela","palestra"],"articleSection":["Geral","Seguran\u00e7a"],"inLanguage":"pt-BR","potentialAction":[{"@type":"CommentAction","name":"Comment","target":["https:\/\/folhapopular.info\/index.php\/2019\/09\/26\/estrela-tem-sua-12a-conferencia-de-assistencia-social\/#respond"]}]},{"@type":"WebPage","@id":"https:\/\/folhapopular.info\/index.php\/2019\/09\/26\/estrela-tem-sua-12a-conferencia-de-assistencia-social\/","url":"https:\/\/folhapopular.info\/index.php\/2019\/09\/26\/estrela-tem-sua-12a-conferencia-de-assistencia-social\/","name":"Estrela tem sua 12\u00aa Confer\u00eancia de Assist\u00eancia Social - Folha Popular","isPartOf":{"@id":"https:\/\/folhapopular.info\/#website"},"primaryImageOfPage":{"@id":"https:\/\/folhapopular.info\/index.php\/2019\/09\/26\/estrela-tem-sua-12a-conferencia-de-assistencia-social\/#primaryimage"},"image":{"@id":"https:\/\/folhapopular.info\/index.php\/2019\/09\/26\/estrela-tem-sua-12a-conferencia-de-assistencia-social\/#primaryimage"},"thumbnailUrl":"https:\/\/folhapopular.info\/wp-content\/uploads\/2019\/09\/Confer\u00eancia-Assist\u00eancia-Social-41-C\u00f3rdova-palestrante-e1569530055719.jpg","datePublished":"2019-09-26T23:20:22+00:00","author":{"@id":"https:\/\/folhapopular.info\/#\/schema\/person\/2814e8a0df7643585a9ca38bc6eb9d4b"},"breadcrumb":{"@id":"https:\/\/folhapopular.info\/index.php\/2019\/09\/26\/estrela-tem-sua-12a-conferencia-de-assistencia-social\/#breadcrumb"},"inLanguage":"pt-BR","potentialAction":[{"@type":"ReadAction","target":["https:\/\/folhapopular.info\/index.php\/2019\/09\/26\/estrela-tem-sua-12a-conferencia-de-assistencia-social\/"]}]},{"@type":"ImageObject","inLanguage":"pt-BR","@id":"https:\/\/folhapopular.info\/index.php\/2019\/09\/26\/estrela-tem-sua-12a-conferencia-de-assistencia-social\/#primaryimage","url":"https:\/\/folhapopular.info\/wp-content\/uploads\/2019\/09\/Confer\u00eancia-Assist\u00eancia-Social-41-C\u00f3rdova-palestrante-e1569530055719.jpg","contentUrl":"https:\/\/folhapopular.info\/wp-content\/uploads\/2019\/09\/Confer\u00eancia-Assist\u00eancia-Social-41-C\u00f3rdova-palestrante-e1569530055719.jpg","width":800,"height":533,"caption":"Advogado Ismael de C\u00f3rdova palestrou aos presentes"},{"@type":"BreadcrumbList","@id":"https:\/\/folhapopular.info\/index.php\/2019\/09\/26\/estrela-tem-sua-12a-conferencia-de-assistencia-social\/#breadcrumb","itemListElement":[{"@type":"ListItem","position":1,"name":"In\u00edcio","item":"https:\/\/folhapopular.info\/"},{"@type":"ListItem","position":2,"name":"Estrela tem sua 12\u00aa Confer\u00eancia de Assist\u00eancia Social"}]},{"@type":"WebSite","@id":"https:\/\/folhapopular.info\/#website","url":"https:\/\/folhapopular.info\/","name":"Folha Popular","description":"Onde voc\u00ea tem vez e voz","potentialAction":[{"@type":"SearchAction","target":{"@type":"EntryPoint","urlTemplate":"https:\/\/folhapopular.info\/?s={search_term_string}"},"query-input":{"@type":"PropertyValueSpecification","valueRequired":true,"valueName":"search_term_string"}}],"inLanguage":"pt-BR"},{"@type":"Person","@id":"https:\/\/folhapopular.info\/#\/schema\/person\/2814e8a0df7643585a9ca38bc6eb9d4b","name":"Reda\u00e7\u00e3o Folha Popular","image":{"@type":"ImageObject","inLanguage":"pt-BR","@id":"https:\/\/folhapopular.info\/wp-content\/uploads\/2026\/04\/Folha-1.webp","url":"https:\/\/folhapopular.info\/wp-content\/uploads\/2026\/04\/Folha-1.webp","contentUrl":"https:\/\/folhapopular.info\/wp-content\/uploads\/2026\/04\/Folha-1.webp","caption":"Reda\u00e7\u00e3o Folha Popular"},"url":"https:\/\/folhapopular.info\/index.php\/author\/redacao\/"}]}},"jetpack_featured_media_url":"https:\/\/folhapopular.info\/wp-content\/uploads\/2019\/09\/Confer\u00eancia-Assist\u00eancia-Social-41-C\u00f3rdova-palestrante-e1569530055719.jpg","jetpack_sharing_enabled":true,"amp_enabled":true,"_links":{"self":[{"href":"https:\/\/folhapopular.info\/index.php\/wp-json\/wp\/v2\/posts\/59200","targetHints":{"allow":["GET"]}}],"collection":[{"href":"https:\/\/folhapopular.info\/index.php\/wp-json\/wp\/v2\/posts"}],"about":[{"href":"https:\/\/folhapopular.info\/index.php\/wp-json\/wp\/v2\/types\/post"}],"author":[{"embeddable":true,"href":"https:\/\/folhapopular.info\/index.php\/wp-json\/wp\/v2\/users\/8"}],"replies":[{"embeddable":true,"href":"https:\/\/folhapopular.info\/index.php\/wp-json\/wp\/v2\/comments?post=59200"}],"version-history":[{"count":0,"href":"https:\/\/folhapopular.info\/index.php\/wp-json\/wp\/v2\/posts\/59200\/revisions"}],"wp:featuredmedia":[{"embeddable":true,"href":"https:\/\/folhapopular.info\/index.php\/wp-json\/wp\/v2\/media\/59201"}],"wp:attachment":[{"href":"https:\/\/folhapopular.info\/index.php\/wp-json\/wp\/v2\/media?parent=59200"}],"wp:term":[{"taxonomy":"category","embeddable":true,"href":"https:\/\/folhapopular.info\/index.php\/wp-json\/wp\/v2\/categories?post=59200"},{"taxonomy":"post_tag","embeddable":true,"href":"https:\/\/folhapopular.info\/index.php\/wp-json\/wp\/v2\/tags?post=59200"}],"curies":[{"name":"wp","href":"https:\/\/api.w.org\/{rel}","templated":true}]}}