{"id":59262,"date":"2019-09-28T08:04:39","date_gmt":"2019-09-28T11:04:39","guid":{"rendered":"http:\/\/folhapopular.info\/?p=59262"},"modified":"2019-09-28T08:04:40","modified_gmt":"2019-09-28T11:04:40","slug":"dois-homens-sao-presos-apos-perseguicao-e-troca-de-tiros-em-estrela","status":"publish","type":"post","link":"https:\/\/folhapopular.info\/index.php\/2019\/09\/28\/dois-homens-sao-presos-apos-perseguicao-e-troca-de-tiros-em-estrela\/","title":{"rendered":"Dois homens s\u00e3o presos ap\u00f3s persegui\u00e7\u00e3o e troca de tiros em Estrela"},"content":{"rendered":"\n<p>Dois homens foram presos pela Brigada Militar com um ve\u00edculo e objetos furtados. A a\u00e7\u00e3o ocorreu por volta das 23h desta sexta-feira (27\/09), em frente ao posto Laguinho, na BR-386, em Estrela. A Pol\u00edcia Civil de Estrela solicitou apoio dos policiais militares para localizar um ve\u00edculo Tiida vermelho roubado, que estaria circulando pela cidade. Ao localizar ele na BR-386, houve persegui\u00e7\u00e3o e um dos indiv\u00edduos apontou uma arma contra a viatura, sendo realizado disparos de arma de fogo para repelir a agress\u00e3o. O suspeito acabou jogando a arma no mato. Em frente ao posto Laguinho, o condutor perdeu o controle e os dois foram abordados.  <\/p>\n\n\n\n<p>O motorista estava com uma carteira de couro pertencente a uma v\u00edtima de roubo, que ocorreu em uma resid\u00eancia em Cruzeiro do Sul, momentos antes da pris\u00e3o. O roubo foi na localidade de Linha S\u00e3o Miguel, em que levaram roupas, dinheiro e ap\u00f3s amarram as v\u00edtimas.  <\/p>\n\n\n\n<p>Dentro do ve\u00edculo ainda havia um celular e v\u00e1rios cart\u00f5es de banco com nomes diversos. O Tiida estava em situa\u00e7\u00e3o de furto e foi clonado. Ele havia sido furtado no dia 19 de setembro, pr\u00f3ximo ao Atacad\u00e3o. O propriet\u00e1rio fez uma corrida de Novo Hamburgo at\u00e9 Estrela, ao chegar com o passageiro foi assaltado por dois indiv\u00edduos. Os suspeitos foram conduzidos para a delegacia.  <\/p>\n","protected":false},"excerpt":{"rendered":"<p>Dois homens foram presos pela Brigada Militar com um ve\u00edculo e objetos furtados. A a\u00e7\u00e3o ocorreu por volta das 23h desta sexta-feira (27\/09), em frente ao posto Laguinho, na BR-386, em Estrela. A Pol\u00edcia Civil de Estrela solicitou apoio dos policiais militares para localizar um ve\u00edculo Tiida vermelho roubado, que estaria circulando pela cidade. Ao [&hellip;]<\/p>\n","protected":false},"author":8,"featured_media":59263,"comment_status":"open","ping_status":"open","sticky":false,"template":"","format":"standard","meta":{"pmpro_default_level":"","_jetpack_memberships_contains_paid_content":false,"footnotes":""},"categories":[3,7],"tags":[8,1534,1917],"class_list":{"0":"post-59262","1":"post","2":"type-post","3":"status-publish","4":"format-standard","5":"has-post-thumbnail","7":"category-geral","8":"category-seguranca","9":"tag-estrela","10":"tag-perseguicao","11":"tag-troca-de-tiros","12":"pmpro-has-access"},"yoast_head":"<!-- This site is optimized with the Yoast SEO plugin v27.5 - https:\/\/yoast.com\/product\/yoast-seo-wordpress\/ -->\n<title>Dois homens s\u00e3o presos ap\u00f3s persegui\u00e7\u00e3o e troca de tiros em Estrela - Folha Popular<\/title>\n<meta name=\"robots\" content=\"index, follow, max-snippet:-1, max-image-preview:large, max-video-preview:-1\" \/>\n<link rel=\"canonical\" href=\"https:\/\/folhapopular.info\/index.php\/2019\/09\/28\/dois-homens-sao-presos-apos-perseguicao-e-troca-de-tiros-em-estrela\/\" \/>\n<meta property=\"og:locale\" content=\"pt_BR\" \/>\n<meta property=\"og:type\" content=\"article\" \/>\n<meta property=\"og:title\" content=\"Dois homens s\u00e3o presos ap\u00f3s persegui\u00e7\u00e3o e troca de tiros em Estrela - Folha Popular\" \/>\n<meta property=\"og:description\" content=\"Dois homens foram presos pela Brigada Militar com um ve\u00edculo e objetos furtados. A a\u00e7\u00e3o ocorreu por volta das 23h desta sexta-feira (27\/09), em frente ao posto Laguinho, na BR-386, em Estrela. A Pol\u00edcia Civil de Estrela solicitou apoio dos policiais militares para localizar um ve\u00edculo Tiida vermelho roubado, que estaria circulando pela cidade. Ao [&hellip;]\" \/>\n<meta property=\"og:url\" content=\"https:\/\/folhapopular.info\/index.php\/2019\/09\/28\/dois-homens-sao-presos-apos-perseguicao-e-troca-de-tiros-em-estrela\/\" \/>\n<meta property=\"og:site_name\" content=\"Folha Popular\" \/>\n<meta property=\"article:published_time\" content=\"2019-09-28T11:04:39+00:00\" \/>\n<meta property=\"article:modified_time\" content=\"2019-09-28T11:04:40+00:00\" \/>\n<meta property=\"og:image\" content=\"https:\/\/folhapopular.info\/wp-content\/uploads\/2019\/09\/WhatsApp-Image-2019-09-28-at-02.42.52-e1569668317936.jpeg\" \/>\n\t<meta property=\"og:image:width\" content=\"450\" \/>\n\t<meta property=\"og:image:height\" content=\"800\" \/>\n\t<meta property=\"og:image:type\" content=\"image\/jpeg\" \/>\n<meta name=\"author\" content=\"Reda\u00e7\u00e3o Folha Popular\" \/>\n<meta name=\"twitter:card\" content=\"summary_large_image\" \/>\n<meta name=\"twitter:label1\" content=\"Escrito por\" \/>\n\t<meta name=\"twitter:data1\" content=\"Reda\u00e7\u00e3o Folha Popular\" \/>\n\t<meta name=\"twitter:label2\" content=\"Est. tempo de leitura\" \/>\n\t<meta name=\"twitter:data2\" content=\"1 minuto\" \/>\n<script type=\"application\/ld+json\" class=\"yoast-schema-graph\">{\"@context\":\"https:\\\/\\\/schema.org\",\"@graph\":[{\"@type\":\"Article\",\"@id\":\"https:\\\/\\\/folhapopular.info\\\/index.php\\\/2019\\\/09\\\/28\\\/dois-homens-sao-presos-apos-perseguicao-e-troca-de-tiros-em-estrela\\\/#article\",\"isPartOf\":{\"@id\":\"https:\\\/\\\/folhapopular.info\\\/index.php\\\/2019\\\/09\\\/28\\\/dois-homens-sao-presos-apos-perseguicao-e-troca-de-tiros-em-estrela\\\/\"},\"author\":{\"name\":\"Reda\u00e7\u00e3o Folha Popular\",\"@id\":\"https:\\\/\\\/folhapopular.info\\\/#\\\/schema\\\/person\\\/2814e8a0df7643585a9ca38bc6eb9d4b\"},\"headline\":\"Dois homens s\u00e3o presos ap\u00f3s persegui\u00e7\u00e3o e troca de tiros em Estrela\",\"datePublished\":\"2019-09-28T11:04:39+00:00\",\"dateModified\":\"2019-09-28T11:04:40+00:00\",\"mainEntityOfPage\":{\"@id\":\"https:\\\/\\\/folhapopular.info\\\/index.php\\\/2019\\\/09\\\/28\\\/dois-homens-sao-presos-apos-perseguicao-e-troca-de-tiros-em-estrela\\\/\"},\"wordCount\":249,\"commentCount\":0,\"image\":{\"@id\":\"https:\\\/\\\/folhapopular.info\\\/index.php\\\/2019\\\/09\\\/28\\\/dois-homens-sao-presos-apos-perseguicao-e-troca-de-tiros-em-estrela\\\/#primaryimage\"},\"thumbnailUrl\":\"https:\\\/\\\/folhapopular.info\\\/wp-content\\\/uploads\\\/2019\\\/09\\\/WhatsApp-Image-2019-09-28-at-02.42.52-e1569668317936.jpeg\",\"keywords\":[\"Estrela\",\"persegui\u00e7\u00e3o\",\"troca de tiros\"],\"articleSection\":[\"Geral\",\"Seguran\u00e7a\"],\"inLanguage\":\"pt-BR\",\"potentialAction\":[{\"@type\":\"CommentAction\",\"name\":\"Comment\",\"target\":[\"https:\\\/\\\/folhapopular.info\\\/index.php\\\/2019\\\/09\\\/28\\\/dois-homens-sao-presos-apos-perseguicao-e-troca-de-tiros-em-estrela\\\/#respond\"]}]},{\"@type\":\"WebPage\",\"@id\":\"https:\\\/\\\/folhapopular.info\\\/index.php\\\/2019\\\/09\\\/28\\\/dois-homens-sao-presos-apos-perseguicao-e-troca-de-tiros-em-estrela\\\/\",\"url\":\"https:\\\/\\\/folhapopular.info\\\/index.php\\\/2019\\\/09\\\/28\\\/dois-homens-sao-presos-apos-perseguicao-e-troca-de-tiros-em-estrela\\\/\",\"name\":\"Dois homens s\u00e3o presos ap\u00f3s persegui\u00e7\u00e3o e troca de tiros em Estrela - Folha Popular\",\"isPartOf\":{\"@id\":\"https:\\\/\\\/folhapopular.info\\\/#website\"},\"primaryImageOfPage\":{\"@id\":\"https:\\\/\\\/folhapopular.info\\\/index.php\\\/2019\\\/09\\\/28\\\/dois-homens-sao-presos-apos-perseguicao-e-troca-de-tiros-em-estrela\\\/#primaryimage\"},\"image\":{\"@id\":\"https:\\\/\\\/folhapopular.info\\\/index.php\\\/2019\\\/09\\\/28\\\/dois-homens-sao-presos-apos-perseguicao-e-troca-de-tiros-em-estrela\\\/#primaryimage\"},\"thumbnailUrl\":\"https:\\\/\\\/folhapopular.info\\\/wp-content\\\/uploads\\\/2019\\\/09\\\/WhatsApp-Image-2019-09-28-at-02.42.52-e1569668317936.jpeg\",\"datePublished\":\"2019-09-28T11:04:39+00:00\",\"dateModified\":\"2019-09-28T11:04:40+00:00\",\"author\":{\"@id\":\"https:\\\/\\\/folhapopular.info\\\/#\\\/schema\\\/person\\\/2814e8a0df7643585a9ca38bc6eb9d4b\"},\"breadcrumb\":{\"@id\":\"https:\\\/\\\/folhapopular.info\\\/index.php\\\/2019\\\/09\\\/28\\\/dois-homens-sao-presos-apos-perseguicao-e-troca-de-tiros-em-estrela\\\/#breadcrumb\"},\"inLanguage\":\"pt-BR\",\"potentialAction\":[{\"@type\":\"ReadAction\",\"target\":[\"https:\\\/\\\/folhapopular.info\\\/index.php\\\/2019\\\/09\\\/28\\\/dois-homens-sao-presos-apos-perseguicao-e-troca-de-tiros-em-estrela\\\/\"]}]},{\"@type\":\"ImageObject\",\"inLanguage\":\"pt-BR\",\"@id\":\"https:\\\/\\\/folhapopular.info\\\/index.php\\\/2019\\\/09\\\/28\\\/dois-homens-sao-presos-apos-perseguicao-e-troca-de-tiros-em-estrela\\\/#primaryimage\",\"url\":\"https:\\\/\\\/folhapopular.info\\\/wp-content\\\/uploads\\\/2019\\\/09\\\/WhatsApp-Image-2019-09-28-at-02.42.52-e1569668317936.jpeg\",\"contentUrl\":\"https:\\\/\\\/folhapopular.info\\\/wp-content\\\/uploads\\\/2019\\\/09\\\/WhatsApp-Image-2019-09-28-at-02.42.52-e1569668317936.jpeg\",\"width\":450,\"height\":800,\"caption\":\"Cr\u00e9dito: divulga\u00e7\u00e3o\"},{\"@type\":\"BreadcrumbList\",\"@id\":\"https:\\\/\\\/folhapopular.info\\\/index.php\\\/2019\\\/09\\\/28\\\/dois-homens-sao-presos-apos-perseguicao-e-troca-de-tiros-em-estrela\\\/#breadcrumb\",\"itemListElement\":[{\"@type\":\"ListItem\",\"position\":1,\"name\":\"In\u00edcio\",\"item\":\"https:\\\/\\\/folhapopular.info\\\/\"},{\"@type\":\"ListItem\",\"position\":2,\"name\":\"Dois homens s\u00e3o presos ap\u00f3s persegui\u00e7\u00e3o e troca de tiros em Estrela\"}]},{\"@type\":\"WebSite\",\"@id\":\"https:\\\/\\\/folhapopular.info\\\/#website\",\"url\":\"https:\\\/\\\/folhapopular.info\\\/\",\"name\":\"Folha Popular\",\"description\":\"Onde voc\u00ea tem vez e voz\",\"potentialAction\":[{\"@type\":\"SearchAction\",\"target\":{\"@type\":\"EntryPoint\",\"urlTemplate\":\"https:\\\/\\\/folhapopular.info\\\/?s={search_term_string}\"},\"query-input\":{\"@type\":\"PropertyValueSpecification\",\"valueRequired\":true,\"valueName\":\"search_term_string\"}}],\"inLanguage\":\"pt-BR\"},{\"@type\":\"Person\",\"@id\":\"https:\\\/\\\/folhapopular.info\\\/#\\\/schema\\\/person\\\/2814e8a0df7643585a9ca38bc6eb9d4b\",\"name\":\"Reda\u00e7\u00e3o Folha Popular\",\"image\":{\"@type\":\"ImageObject\",\"inLanguage\":\"pt-BR\",\"@id\":\"https:\\\/\\\/folhapopular.info\\\/wp-content\\\/uploads\\\/2026\\\/04\\\/Folha-1.webp\",\"url\":\"https:\\\/\\\/folhapopular.info\\\/wp-content\\\/uploads\\\/2026\\\/04\\\/Folha-1.webp\",\"contentUrl\":\"https:\\\/\\\/folhapopular.info\\\/wp-content\\\/uploads\\\/2026\\\/04\\\/Folha-1.webp\",\"caption\":\"Reda\u00e7\u00e3o Folha Popular\"},\"url\":\"https:\\\/\\\/folhapopular.info\\\/index.php\\\/author\\\/redacao\\\/\"}]}<\/script>\n<!-- \/ Yoast SEO plugin. -->","yoast_head_json":{"title":"Dois homens s\u00e3o presos ap\u00f3s persegui\u00e7\u00e3o e troca de tiros em Estrela - Folha Popular","robots":{"index":"index","follow":"follow","max-snippet":"max-snippet:-1","max-image-preview":"max-image-preview:large","max-video-preview":"max-video-preview:-1"},"canonical":"https:\/\/folhapopular.info\/index.php\/2019\/09\/28\/dois-homens-sao-presos-apos-perseguicao-e-troca-de-tiros-em-estrela\/","og_locale":"pt_BR","og_type":"article","og_title":"Dois homens s\u00e3o presos ap\u00f3s persegui\u00e7\u00e3o e troca de tiros em Estrela - Folha Popular","og_description":"Dois homens foram presos pela Brigada Militar com um ve\u00edculo e objetos furtados. A a\u00e7\u00e3o ocorreu por volta das 23h desta sexta-feira (27\/09), em frente ao posto Laguinho, na BR-386, em Estrela. A Pol\u00edcia Civil de Estrela solicitou apoio dos policiais militares para localizar um ve\u00edculo Tiida vermelho roubado, que estaria circulando pela cidade. Ao [&hellip;]","og_url":"https:\/\/folhapopular.info\/index.php\/2019\/09\/28\/dois-homens-sao-presos-apos-perseguicao-e-troca-de-tiros-em-estrela\/","og_site_name":"Folha Popular","article_published_time":"2019-09-28T11:04:39+00:00","article_modified_time":"2019-09-28T11:04:40+00:00","og_image":[{"width":450,"height":800,"url":"https:\/\/folhapopular.info\/wp-content\/uploads\/2019\/09\/WhatsApp-Image-2019-09-28-at-02.42.52-e1569668317936.jpeg","type":"image\/jpeg"}],"author":"Reda\u00e7\u00e3o Folha Popular","twitter_card":"summary_large_image","twitter_misc":{"Escrito por":"Reda\u00e7\u00e3o Folha Popular","Est. tempo de leitura":"1 minuto"},"schema":{"@context":"https:\/\/schema.org","@graph":[{"@type":"Article","@id":"https:\/\/folhapopular.info\/index.php\/2019\/09\/28\/dois-homens-sao-presos-apos-perseguicao-e-troca-de-tiros-em-estrela\/#article","isPartOf":{"@id":"https:\/\/folhapopular.info\/index.php\/2019\/09\/28\/dois-homens-sao-presos-apos-perseguicao-e-troca-de-tiros-em-estrela\/"},"author":{"name":"Reda\u00e7\u00e3o Folha Popular","@id":"https:\/\/folhapopular.info\/#\/schema\/person\/2814e8a0df7643585a9ca38bc6eb9d4b"},"headline":"Dois homens s\u00e3o presos ap\u00f3s persegui\u00e7\u00e3o e troca de tiros em Estrela","datePublished":"2019-09-28T11:04:39+00:00","dateModified":"2019-09-28T11:04:40+00:00","mainEntityOfPage":{"@id":"https:\/\/folhapopular.info\/index.php\/2019\/09\/28\/dois-homens-sao-presos-apos-perseguicao-e-troca-de-tiros-em-estrela\/"},"wordCount":249,"commentCount":0,"image":{"@id":"https:\/\/folhapopular.info\/index.php\/2019\/09\/28\/dois-homens-sao-presos-apos-perseguicao-e-troca-de-tiros-em-estrela\/#primaryimage"},"thumbnailUrl":"https:\/\/folhapopular.info\/wp-content\/uploads\/2019\/09\/WhatsApp-Image-2019-09-28-at-02.42.52-e1569668317936.jpeg","keywords":["Estrela","persegui\u00e7\u00e3o","troca de tiros"],"articleSection":["Geral","Seguran\u00e7a"],"inLanguage":"pt-BR","potentialAction":[{"@type":"CommentAction","name":"Comment","target":["https:\/\/folhapopular.info\/index.php\/2019\/09\/28\/dois-homens-sao-presos-apos-perseguicao-e-troca-de-tiros-em-estrela\/#respond"]}]},{"@type":"WebPage","@id":"https:\/\/folhapopular.info\/index.php\/2019\/09\/28\/dois-homens-sao-presos-apos-perseguicao-e-troca-de-tiros-em-estrela\/","url":"https:\/\/folhapopular.info\/index.php\/2019\/09\/28\/dois-homens-sao-presos-apos-perseguicao-e-troca-de-tiros-em-estrela\/","name":"Dois homens s\u00e3o presos ap\u00f3s persegui\u00e7\u00e3o e troca de tiros em Estrela - Folha Popular","isPartOf":{"@id":"https:\/\/folhapopular.info\/#website"},"primaryImageOfPage":{"@id":"https:\/\/folhapopular.info\/index.php\/2019\/09\/28\/dois-homens-sao-presos-apos-perseguicao-e-troca-de-tiros-em-estrela\/#primaryimage"},"image":{"@id":"https:\/\/folhapopular.info\/index.php\/2019\/09\/28\/dois-homens-sao-presos-apos-perseguicao-e-troca-de-tiros-em-estrela\/#primaryimage"},"thumbnailUrl":"https:\/\/folhapopular.info\/wp-content\/uploads\/2019\/09\/WhatsApp-Image-2019-09-28-at-02.42.52-e1569668317936.jpeg","datePublished":"2019-09-28T11:04:39+00:00","dateModified":"2019-09-28T11:04:40+00:00","author":{"@id":"https:\/\/folhapopular.info\/#\/schema\/person\/2814e8a0df7643585a9ca38bc6eb9d4b"},"breadcrumb":{"@id":"https:\/\/folhapopular.info\/index.php\/2019\/09\/28\/dois-homens-sao-presos-apos-perseguicao-e-troca-de-tiros-em-estrela\/#breadcrumb"},"inLanguage":"pt-BR","potentialAction":[{"@type":"ReadAction","target":["https:\/\/folhapopular.info\/index.php\/2019\/09\/28\/dois-homens-sao-presos-apos-perseguicao-e-troca-de-tiros-em-estrela\/"]}]},{"@type":"ImageObject","inLanguage":"pt-BR","@id":"https:\/\/folhapopular.info\/index.php\/2019\/09\/28\/dois-homens-sao-presos-apos-perseguicao-e-troca-de-tiros-em-estrela\/#primaryimage","url":"https:\/\/folhapopular.info\/wp-content\/uploads\/2019\/09\/WhatsApp-Image-2019-09-28-at-02.42.52-e1569668317936.jpeg","contentUrl":"https:\/\/folhapopular.info\/wp-content\/uploads\/2019\/09\/WhatsApp-Image-2019-09-28-at-02.42.52-e1569668317936.jpeg","width":450,"height":800,"caption":"Cr\u00e9dito: divulga\u00e7\u00e3o"},{"@type":"BreadcrumbList","@id":"https:\/\/folhapopular.info\/index.php\/2019\/09\/28\/dois-homens-sao-presos-apos-perseguicao-e-troca-de-tiros-em-estrela\/#breadcrumb","itemListElement":[{"@type":"ListItem","position":1,"name":"In\u00edcio","item":"https:\/\/folhapopular.info\/"},{"@type":"ListItem","position":2,"name":"Dois homens s\u00e3o presos ap\u00f3s persegui\u00e7\u00e3o e troca de tiros em Estrela"}]},{"@type":"WebSite","@id":"https:\/\/folhapopular.info\/#website","url":"https:\/\/folhapopular.info\/","name":"Folha Popular","description":"Onde voc\u00ea tem vez e voz","potentialAction":[{"@type":"SearchAction","target":{"@type":"EntryPoint","urlTemplate":"https:\/\/folhapopular.info\/?s={search_term_string}"},"query-input":{"@type":"PropertyValueSpecification","valueRequired":true,"valueName":"search_term_string"}}],"inLanguage":"pt-BR"},{"@type":"Person","@id":"https:\/\/folhapopular.info\/#\/schema\/person\/2814e8a0df7643585a9ca38bc6eb9d4b","name":"Reda\u00e7\u00e3o Folha Popular","image":{"@type":"ImageObject","inLanguage":"pt-BR","@id":"https:\/\/folhapopular.info\/wp-content\/uploads\/2026\/04\/Folha-1.webp","url":"https:\/\/folhapopular.info\/wp-content\/uploads\/2026\/04\/Folha-1.webp","contentUrl":"https:\/\/folhapopular.info\/wp-content\/uploads\/2026\/04\/Folha-1.webp","caption":"Reda\u00e7\u00e3o Folha Popular"},"url":"https:\/\/folhapopular.info\/index.php\/author\/redacao\/"}]}},"jetpack_featured_media_url":"https:\/\/folhapopular.info\/wp-content\/uploads\/2019\/09\/WhatsApp-Image-2019-09-28-at-02.42.52-e1569668317936.jpeg","jetpack_sharing_enabled":true,"amp_enabled":true,"_links":{"self":[{"href":"https:\/\/folhapopular.info\/index.php\/wp-json\/wp\/v2\/posts\/59262","targetHints":{"allow":["GET"]}}],"collection":[{"href":"https:\/\/folhapopular.info\/index.php\/wp-json\/wp\/v2\/posts"}],"about":[{"href":"https:\/\/folhapopular.info\/index.php\/wp-json\/wp\/v2\/types\/post"}],"author":[{"embeddable":true,"href":"https:\/\/folhapopular.info\/index.php\/wp-json\/wp\/v2\/users\/8"}],"replies":[{"embeddable":true,"href":"https:\/\/folhapopular.info\/index.php\/wp-json\/wp\/v2\/comments?post=59262"}],"version-history":[{"count":0,"href":"https:\/\/folhapopular.info\/index.php\/wp-json\/wp\/v2\/posts\/59262\/revisions"}],"wp:featuredmedia":[{"embeddable":true,"href":"https:\/\/folhapopular.info\/index.php\/wp-json\/wp\/v2\/media\/59263"}],"wp:attachment":[{"href":"https:\/\/folhapopular.info\/index.php\/wp-json\/wp\/v2\/media?parent=59262"}],"wp:term":[{"taxonomy":"category","embeddable":true,"href":"https:\/\/folhapopular.info\/index.php\/wp-json\/wp\/v2\/categories?post=59262"},{"taxonomy":"post_tag","embeddable":true,"href":"https:\/\/folhapopular.info\/index.php\/wp-json\/wp\/v2\/tags?post=59262"}],"curies":[{"name":"wp","href":"https:\/\/api.w.org\/{rel}","templated":true}]}}