{"id":59270,"date":"2019-09-29T09:00:57","date_gmt":"2019-09-29T12:00:57","guid":{"rendered":"http:\/\/folhapopular.info\/?p=59270"},"modified":"2019-09-29T07:51:40","modified_gmt":"2019-09-29T10:51:40","slug":"veteranos-partem-para-penultima-rodada-da-primeira-fase-no-regional","status":"publish","type":"post","link":"https:\/\/folhapopular.info\/index.php\/2019\/09\/29\/veteranos-partem-para-penultima-rodada-da-primeira-fase-no-regional\/","title":{"rendered":"Veteranos partem para pen\u00faltima rodada da primeira fase no Regional"},"content":{"rendered":"\n<div class=\"wp-block-image\"><figure class=\"alignleft is-resized\"><img decoding=\"async\" src=\"https:\/\/folhapopular.info\/wp-content\/uploads\/2019\/08\/Logo-Regional-Certel-Sicredi-correto-Medium.png\" alt=\"\" class=\"wp-image-57756\" width=\"-220\" height=\"-251\" srcset=\"https:\/\/folhapopular.info\/wp-content\/uploads\/2019\/08\/Logo-Regional-Certel-Sicredi-correto-Medium.png 768w, https:\/\/folhapopular.info\/wp-content\/uploads\/2019\/08\/Logo-Regional-Certel-Sicredi-correto-Medium-262x300.png 262w, https:\/\/folhapopular.info\/wp-content\/uploads\/2019\/08\/Logo-Regional-Certel-Sicredi-correto-Medium-696x798.png 696w, https:\/\/folhapopular.info\/wp-content\/uploads\/2019\/08\/Logo-Regional-Certel-Sicredi-correto-Medium-367x420.png 367w\" sizes=\"(max-width: 768px) 100vw, 768px\" \/><\/figure><\/div>\n\n\n\n<p>Na manh\u00e3 deste domingo (29\/09), a partir das 10h, a bola rola para o Campeonato Regional de Veteranos &#8211; 22\u00aa Copa Certel Sicredi Aslivata. E a pen\u00faltima rodada pode definir algumas vagas a mais para a pr\u00f3xima fase, seja na S\u00e9rie Ouro, seja na S\u00e9rie Prata.<\/p>\n\n\n\n<p>Em Teut\u00f4nia, o vice-l\u00edder Juventude tenta confirmar sua classifica\u00e7\u00e3o diante do invicto e 100% Estudiantes de Lajeado, \u00fanico clube matematicamente garantido na S\u00e9rie Ouro e com o primeiro lugar assegurado.<\/p>\n\n\n\n<p>Em Santa Clara do Sul, Cruzeiro e Brasil fazem um confronto direto na zona intermedi\u00e1ria, visando vaga na S\u00e9rie Ouro. Em Roca Sales, o Conc\u00f3rdia tenta se garantir diante do lanterna Taquariense, que se perder hoje poder\u00e1 ser eliminado. Em Taquari, o Pinheiros busca uma rea\u00e7\u00e3o diante do Uni\u00e3o de Palmas, que tamb\u00e9m corre atr\u00e1s de vaga.<\/p>\n\n\n\n<p>Em Cruzeiro do Sul, Independente e Ribeirense far\u00e3o um confronto direto para seguir na S\u00e9rie Ouro. E em Teut\u00f4nia, o \u00c1guia Azul almeja continuar sua arrancada diante do Internacional, que corre atr\u00e1s de pontos.<\/p>\n\n\n\n<h3 class=\"wp-block-heading\"><strong>Veteranos &#8211; 8\u00aa rodada &#8211; 29\/09 &#8211; 10h<\/strong><\/h3>\n\n\n\n<table class=\"wp-block-table is-style-stripes\"><tbody><tr><td>TEUT\u00d4NIA<\/td><td>JUVENTUDE FRANK<\/td><td><\/td><td>X<\/td><td><\/td><td>ESTUDIANTES<\/td><\/tr><tr><td>SANTA CLARA<\/td><td>CRUZEIRO<\/td><td><\/td><td>X<\/td><td><\/td><td>BRASIL<\/td><\/tr><tr><td>ROCA SALES<\/td><td>CONC\u00d3RDIA<\/td><td><\/td><td>X<\/td><td><\/td><td>TAQUARIENSE<\/td><\/tr><tr><td>TAQUARI<\/td><td>PINHEIROS<\/td><td><\/td><td>X<\/td><td><\/td><td>UNI\u00c3O DE PALMAS<\/td><\/tr><tr><td>CRUZEIRO DO SUL<\/td><td>INDEPENDENTE<\/td><td><\/td><td>X<\/td><td><\/td><td>RIBEIRENSE<\/td><\/tr><tr><td>TEUT\u00d4NIA<\/td><td>\u00c1GUIA AZUL<\/td><td><\/td><td>X<\/td><td><\/td><td>INTERNACIONAL<\/td><\/tr><\/tbody><\/table>\n\n\n\n<h3 class=\"wp-block-heading\"><strong>Classifica\u00e7\u00e3o do Veterano<\/strong><\/h3>\n\n\n\n<table class=\"wp-block-table is-style-stripes\"><tbody><tr><td><\/td><td>EQUIPES<\/td><td>PG<\/td><td>J<\/td><td>V<\/td><td>E<\/td><td>D<\/td><td>GP<\/td><td>GS<\/td><td>SG<\/td><td>%<\/td><\/tr><tr><td>1\u00ba<\/td><td>Estudiantes<\/td><td>15<\/td><td>5<\/td><td>5<\/td><td>0<\/td><td>0<\/td><td>10<\/td><td>2<\/td><td>8<\/td><td>100<\/td><\/tr><tr><td>2\u00ba<\/td><td>Juventude<\/td><td>8<\/td><td>4<\/td><td>2<\/td><td>2<\/td><td>0<\/td><td>6<\/td><td>2<\/td><td>4<\/td><td>67<\/td><\/tr><tr><td>3\u00ba<\/td><td>Assespe<\/td><td>8<\/td><td>5<\/td><td>2<\/td><td>2<\/td><td>1<\/td><td>7<\/td><td>6<\/td><td>1<\/td><td>53<\/td><\/tr><tr><td>4\u00ba<\/td><td>Conc\u00f3rdia<\/td><td>7<\/td><td>5<\/td><td>2<\/td><td>1<\/td><td>2<\/td><td>11<\/td><td>9<\/td><td>2<\/td><td>47<\/td><\/tr><tr><td>5\u00ba<\/td><td>Cruzeiro<\/td><td>7<\/td><td>4<\/td><td>2<\/td><td>1<\/td><td>1<\/td><td>9<\/td><td>7<\/td><td>2<\/td><td>58<\/td><\/tr><tr><td>6\u00ba<\/td><td>Brasil<\/td><td>6<\/td><td>4<\/td><td>2<\/td><td>0<\/td><td>2<\/td><td>8<\/td><td>9<\/td><td>-1<\/td><td>50<\/td><\/tr><tr><td>7\u00ba<\/td><td>Uni\u00e3o de Palmas<\/td><td>6<\/td><td>4<\/td><td>2<\/td><td>0<\/td><td>2<\/td><td>7<\/td><td>5<\/td><td>2<\/td><td>50<\/td><\/tr><tr><td>8\u00ba<\/td><td>Independente<\/td><td>6<\/td><td>5<\/td><td>2<\/td><td>0<\/td><td>3<\/td><td>4<\/td><td>10<\/td><td>-6<\/td><td>40<\/td><\/tr><tr><td>9\u00ba<\/td><td>Ribeirense<\/td><td>5<\/td><td>4<\/td><td>1<\/td><td>2<\/td><td>1<\/td><td>6<\/td><td>3<\/td><td>3<\/td><td>42<\/td><\/tr><tr><td>10\u00ba<\/td><td>\u00c1guia Azul<\/td><td>4<\/td><td>4<\/td><td>1<\/td><td>1<\/td><td>2<\/td><td>3<\/td><td>4<\/td><td>-1<\/td><td>33<\/td><\/tr><tr><td>11\u00ba<\/td><td>Pinheiros<\/td><td>3<\/td><td>4<\/td><td>1<\/td><td>0<\/td><td>3<\/td><td>5<\/td><td>5<\/td><td>0<\/td><td>25<\/td><\/tr><tr><td>12\u00ba<\/td><td>Internacional<\/td><td>3<\/td><td>4<\/td><td>1<\/td><td>0<\/td><td>3<\/td><td>8<\/td><td>15<\/td><td>-7<\/td><td>25<\/td><\/tr><tr><td>13\u00ba<\/td><td>Taquariense<\/td><td>1<\/td><td>4<\/td><td>0<\/td><td>1<\/td><td>3<\/td><td>3<\/td><td>10<\/td><td>-7<\/td><td>8<\/td><\/tr><\/tbody><\/table>\n","protected":false},"excerpt":{"rendered":"<p>Na manh\u00e3 deste domingo (29\/09), a partir das 10h, a bola rola para o Campeonato Regional de Veteranos &#8211; 22\u00aa Copa Certel Sicredi Aslivata. E a pen\u00faltima rodada pode definir algumas vagas a mais para a pr\u00f3xima fase, seja na S\u00e9rie Ouro, seja na S\u00e9rie Prata. Em Teut\u00f4nia, o vice-l\u00edder Juventude tenta confirmar sua classifica\u00e7\u00e3o [&hellip;]<\/p>\n","protected":false},"author":8,"featured_media":58849,"comment_status":"open","ping_status":"open","sticky":false,"template":"","format":"standard","meta":{"pmpro_default_level":"","_jetpack_memberships_contains_paid_content":false,"footnotes":""},"categories":[5,240,288],"tags":[318,147,3334],"class_list":{"0":"post-59270","1":"post","2":"type-post","3":"status-publish","4":"format-standard","5":"has-post-thumbnail","7":"category-esportes","8":"category-futebol-amador","9":"category-regional-da-aslivata","10":"tag-copa-certel-sicredi","11":"tag-futebol-amador","12":"tag-regional-de-veteranos","13":"pmpro-has-access"},"yoast_head":"<!-- This site is optimized with the Yoast SEO plugin v27.5 - https:\/\/yoast.com\/product\/yoast-seo-wordpress\/ -->\n<title>Veteranos partem para pen\u00faltima rodada da primeira fase no Regional - Folha Popular<\/title>\n<meta name=\"robots\" content=\"index, follow, max-snippet:-1, max-image-preview:large, max-video-preview:-1\" \/>\n<link rel=\"canonical\" href=\"https:\/\/folhapopular.info\/index.php\/2019\/09\/29\/veteranos-partem-para-penultima-rodada-da-primeira-fase-no-regional\/\" \/>\n<meta property=\"og:locale\" content=\"pt_BR\" \/>\n<meta property=\"og:type\" content=\"article\" \/>\n<meta property=\"og:title\" content=\"Veteranos partem para pen\u00faltima rodada da primeira fase no Regional - Folha Popular\" \/>\n<meta property=\"og:description\" content=\"Na manh\u00e3 deste domingo (29\/09), a partir das 10h, a bola rola para o Campeonato Regional de Veteranos &#8211; 22\u00aa Copa Certel Sicredi Aslivata. E a pen\u00faltima rodada pode definir algumas vagas a mais para a pr\u00f3xima fase, seja na S\u00e9rie Ouro, seja na S\u00e9rie Prata. Em Teut\u00f4nia, o vice-l\u00edder Juventude tenta confirmar sua classifica\u00e7\u00e3o [&hellip;]\" \/>\n<meta property=\"og:url\" content=\"https:\/\/folhapopular.info\/index.php\/2019\/09\/29\/veteranos-partem-para-penultima-rodada-da-primeira-fase-no-regional\/\" \/>\n<meta property=\"og:site_name\" content=\"Folha Popular\" \/>\n<meta property=\"article:published_time\" content=\"2019-09-29T12:00:57+00:00\" \/>\n<meta property=\"og:image\" content=\"https:\/\/folhapopular.info\/wp-content\/uploads\/2019\/09\/WhatsApp-Image-2019-09-15-at-10.06.58.jpeg\" \/>\n\t<meta property=\"og:image:width\" content=\"1040\" \/>\n\t<meta property=\"og:image:height\" content=\"780\" \/>\n\t<meta property=\"og:image:type\" content=\"image\/jpeg\" \/>\n<meta name=\"author\" content=\"Reda\u00e7\u00e3o Folha Popular\" \/>\n<meta name=\"twitter:card\" content=\"summary_large_image\" \/>\n<meta name=\"twitter:label1\" content=\"Escrito por\" \/>\n\t<meta name=\"twitter:data1\" content=\"Reda\u00e7\u00e3o Folha Popular\" \/>\n\t<meta name=\"twitter:label2\" content=\"Est. tempo de leitura\" \/>\n\t<meta name=\"twitter:data2\" content=\"1 minuto\" \/>\n<script type=\"application\/ld+json\" class=\"yoast-schema-graph\">{\"@context\":\"https:\\\/\\\/schema.org\",\"@graph\":[{\"@type\":\"Article\",\"@id\":\"https:\\\/\\\/folhapopular.info\\\/index.php\\\/2019\\\/09\\\/29\\\/veteranos-partem-para-penultima-rodada-da-primeira-fase-no-regional\\\/#article\",\"isPartOf\":{\"@id\":\"https:\\\/\\\/folhapopular.info\\\/index.php\\\/2019\\\/09\\\/29\\\/veteranos-partem-para-penultima-rodada-da-primeira-fase-no-regional\\\/\"},\"author\":{\"name\":\"Reda\u00e7\u00e3o Folha Popular\",\"@id\":\"https:\\\/\\\/folhapopular.info\\\/#\\\/schema\\\/person\\\/2814e8a0df7643585a9ca38bc6eb9d4b\"},\"headline\":\"Veteranos partem para pen\u00faltima rodada da primeira fase no Regional\",\"datePublished\":\"2019-09-29T12:00:57+00:00\",\"mainEntityOfPage\":{\"@id\":\"https:\\\/\\\/folhapopular.info\\\/index.php\\\/2019\\\/09\\\/29\\\/veteranos-partem-para-penultima-rodada-da-primeira-fase-no-regional\\\/\"},\"wordCount\":272,\"commentCount\":0,\"image\":{\"@id\":\"https:\\\/\\\/folhapopular.info\\\/index.php\\\/2019\\\/09\\\/29\\\/veteranos-partem-para-penultima-rodada-da-primeira-fase-no-regional\\\/#primaryimage\"},\"thumbnailUrl\":\"https:\\\/\\\/folhapopular.info\\\/wp-content\\\/uploads\\\/2019\\\/09\\\/WhatsApp-Image-2019-09-15-at-10.06.58.jpeg\",\"keywords\":[\"Copa Certel Sicredi\",\"futebol amador\",\"Regional de Veteranos\"],\"articleSection\":[\"Esportes\",\"Futebol Amador\",\"Regional da Aslivata\"],\"inLanguage\":\"pt-BR\",\"potentialAction\":[{\"@type\":\"CommentAction\",\"name\":\"Comment\",\"target\":[\"https:\\\/\\\/folhapopular.info\\\/index.php\\\/2019\\\/09\\\/29\\\/veteranos-partem-para-penultima-rodada-da-primeira-fase-no-regional\\\/#respond\"]}]},{\"@type\":\"WebPage\",\"@id\":\"https:\\\/\\\/folhapopular.info\\\/index.php\\\/2019\\\/09\\\/29\\\/veteranos-partem-para-penultima-rodada-da-primeira-fase-no-regional\\\/\",\"url\":\"https:\\\/\\\/folhapopular.info\\\/index.php\\\/2019\\\/09\\\/29\\\/veteranos-partem-para-penultima-rodada-da-primeira-fase-no-regional\\\/\",\"name\":\"Veteranos partem para pen\u00faltima rodada da primeira fase no Regional - Folha Popular\",\"isPartOf\":{\"@id\":\"https:\\\/\\\/folhapopular.info\\\/#website\"},\"primaryImageOfPage\":{\"@id\":\"https:\\\/\\\/folhapopular.info\\\/index.php\\\/2019\\\/09\\\/29\\\/veteranos-partem-para-penultima-rodada-da-primeira-fase-no-regional\\\/#primaryimage\"},\"image\":{\"@id\":\"https:\\\/\\\/folhapopular.info\\\/index.php\\\/2019\\\/09\\\/29\\\/veteranos-partem-para-penultima-rodada-da-primeira-fase-no-regional\\\/#primaryimage\"},\"thumbnailUrl\":\"https:\\\/\\\/folhapopular.info\\\/wp-content\\\/uploads\\\/2019\\\/09\\\/WhatsApp-Image-2019-09-15-at-10.06.58.jpeg\",\"datePublished\":\"2019-09-29T12:00:57+00:00\",\"author\":{\"@id\":\"https:\\\/\\\/folhapopular.info\\\/#\\\/schema\\\/person\\\/2814e8a0df7643585a9ca38bc6eb9d4b\"},\"breadcrumb\":{\"@id\":\"https:\\\/\\\/folhapopular.info\\\/index.php\\\/2019\\\/09\\\/29\\\/veteranos-partem-para-penultima-rodada-da-primeira-fase-no-regional\\\/#breadcrumb\"},\"inLanguage\":\"pt-BR\",\"potentialAction\":[{\"@type\":\"ReadAction\",\"target\":[\"https:\\\/\\\/folhapopular.info\\\/index.php\\\/2019\\\/09\\\/29\\\/veteranos-partem-para-penultima-rodada-da-primeira-fase-no-regional\\\/\"]}]},{\"@type\":\"ImageObject\",\"inLanguage\":\"pt-BR\",\"@id\":\"https:\\\/\\\/folhapopular.info\\\/index.php\\\/2019\\\/09\\\/29\\\/veteranos-partem-para-penultima-rodada-da-primeira-fase-no-regional\\\/#primaryimage\",\"url\":\"https:\\\/\\\/folhapopular.info\\\/wp-content\\\/uploads\\\/2019\\\/09\\\/WhatsApp-Image-2019-09-15-at-10.06.58.jpeg\",\"contentUrl\":\"https:\\\/\\\/folhapopular.info\\\/wp-content\\\/uploads\\\/2019\\\/09\\\/WhatsApp-Image-2019-09-15-at-10.06.58.jpeg\",\"width\":1040,\"height\":780,\"caption\":\"Conc\u00f3rdia jogou em casa e perdeu para a Assespe\"},{\"@type\":\"BreadcrumbList\",\"@id\":\"https:\\\/\\\/folhapopular.info\\\/index.php\\\/2019\\\/09\\\/29\\\/veteranos-partem-para-penultima-rodada-da-primeira-fase-no-regional\\\/#breadcrumb\",\"itemListElement\":[{\"@type\":\"ListItem\",\"position\":1,\"name\":\"In\u00edcio\",\"item\":\"https:\\\/\\\/folhapopular.info\\\/\"},{\"@type\":\"ListItem\",\"position\":2,\"name\":\"Veteranos partem para pen\u00faltima rodada da primeira fase no Regional\"}]},{\"@type\":\"WebSite\",\"@id\":\"https:\\\/\\\/folhapopular.info\\\/#website\",\"url\":\"https:\\\/\\\/folhapopular.info\\\/\",\"name\":\"Folha Popular\",\"description\":\"Onde voc\u00ea tem vez e voz\",\"potentialAction\":[{\"@type\":\"SearchAction\",\"target\":{\"@type\":\"EntryPoint\",\"urlTemplate\":\"https:\\\/\\\/folhapopular.info\\\/?s={search_term_string}\"},\"query-input\":{\"@type\":\"PropertyValueSpecification\",\"valueRequired\":true,\"valueName\":\"search_term_string\"}}],\"inLanguage\":\"pt-BR\"},{\"@type\":\"Person\",\"@id\":\"https:\\\/\\\/folhapopular.info\\\/#\\\/schema\\\/person\\\/2814e8a0df7643585a9ca38bc6eb9d4b\",\"name\":\"Reda\u00e7\u00e3o Folha Popular\",\"image\":{\"@type\":\"ImageObject\",\"inLanguage\":\"pt-BR\",\"@id\":\"https:\\\/\\\/folhapopular.info\\\/wp-content\\\/uploads\\\/2026\\\/04\\\/Folha-1.webp\",\"url\":\"https:\\\/\\\/folhapopular.info\\\/wp-content\\\/uploads\\\/2026\\\/04\\\/Folha-1.webp\",\"contentUrl\":\"https:\\\/\\\/folhapopular.info\\\/wp-content\\\/uploads\\\/2026\\\/04\\\/Folha-1.webp\",\"caption\":\"Reda\u00e7\u00e3o Folha Popular\"},\"url\":\"https:\\\/\\\/folhapopular.info\\\/index.php\\\/author\\\/redacao\\\/\"}]}<\/script>\n<!-- \/ Yoast SEO plugin. -->","yoast_head_json":{"title":"Veteranos partem para pen\u00faltima rodada da primeira fase no Regional - Folha Popular","robots":{"index":"index","follow":"follow","max-snippet":"max-snippet:-1","max-image-preview":"max-image-preview:large","max-video-preview":"max-video-preview:-1"},"canonical":"https:\/\/folhapopular.info\/index.php\/2019\/09\/29\/veteranos-partem-para-penultima-rodada-da-primeira-fase-no-regional\/","og_locale":"pt_BR","og_type":"article","og_title":"Veteranos partem para pen\u00faltima rodada da primeira fase no Regional - Folha Popular","og_description":"Na manh\u00e3 deste domingo (29\/09), a partir das 10h, a bola rola para o Campeonato Regional de Veteranos &#8211; 22\u00aa Copa Certel Sicredi Aslivata. E a pen\u00faltima rodada pode definir algumas vagas a mais para a pr\u00f3xima fase, seja na S\u00e9rie Ouro, seja na S\u00e9rie Prata. Em Teut\u00f4nia, o vice-l\u00edder Juventude tenta confirmar sua classifica\u00e7\u00e3o [&hellip;]","og_url":"https:\/\/folhapopular.info\/index.php\/2019\/09\/29\/veteranos-partem-para-penultima-rodada-da-primeira-fase-no-regional\/","og_site_name":"Folha Popular","article_published_time":"2019-09-29T12:00:57+00:00","og_image":[{"width":1040,"height":780,"url":"https:\/\/folhapopular.info\/wp-content\/uploads\/2019\/09\/WhatsApp-Image-2019-09-15-at-10.06.58.jpeg","type":"image\/jpeg"}],"author":"Reda\u00e7\u00e3o Folha Popular","twitter_card":"summary_large_image","twitter_misc":{"Escrito por":"Reda\u00e7\u00e3o Folha Popular","Est. tempo de leitura":"1 minuto"},"schema":{"@context":"https:\/\/schema.org","@graph":[{"@type":"Article","@id":"https:\/\/folhapopular.info\/index.php\/2019\/09\/29\/veteranos-partem-para-penultima-rodada-da-primeira-fase-no-regional\/#article","isPartOf":{"@id":"https:\/\/folhapopular.info\/index.php\/2019\/09\/29\/veteranos-partem-para-penultima-rodada-da-primeira-fase-no-regional\/"},"author":{"name":"Reda\u00e7\u00e3o Folha Popular","@id":"https:\/\/folhapopular.info\/#\/schema\/person\/2814e8a0df7643585a9ca38bc6eb9d4b"},"headline":"Veteranos partem para pen\u00faltima rodada da primeira fase no Regional","datePublished":"2019-09-29T12:00:57+00:00","mainEntityOfPage":{"@id":"https:\/\/folhapopular.info\/index.php\/2019\/09\/29\/veteranos-partem-para-penultima-rodada-da-primeira-fase-no-regional\/"},"wordCount":272,"commentCount":0,"image":{"@id":"https:\/\/folhapopular.info\/index.php\/2019\/09\/29\/veteranos-partem-para-penultima-rodada-da-primeira-fase-no-regional\/#primaryimage"},"thumbnailUrl":"https:\/\/folhapopular.info\/wp-content\/uploads\/2019\/09\/WhatsApp-Image-2019-09-15-at-10.06.58.jpeg","keywords":["Copa Certel Sicredi","futebol amador","Regional de Veteranos"],"articleSection":["Esportes","Futebol Amador","Regional da Aslivata"],"inLanguage":"pt-BR","potentialAction":[{"@type":"CommentAction","name":"Comment","target":["https:\/\/folhapopular.info\/index.php\/2019\/09\/29\/veteranos-partem-para-penultima-rodada-da-primeira-fase-no-regional\/#respond"]}]},{"@type":"WebPage","@id":"https:\/\/folhapopular.info\/index.php\/2019\/09\/29\/veteranos-partem-para-penultima-rodada-da-primeira-fase-no-regional\/","url":"https:\/\/folhapopular.info\/index.php\/2019\/09\/29\/veteranos-partem-para-penultima-rodada-da-primeira-fase-no-regional\/","name":"Veteranos partem para pen\u00faltima rodada da primeira fase no Regional - Folha Popular","isPartOf":{"@id":"https:\/\/folhapopular.info\/#website"},"primaryImageOfPage":{"@id":"https:\/\/folhapopular.info\/index.php\/2019\/09\/29\/veteranos-partem-para-penultima-rodada-da-primeira-fase-no-regional\/#primaryimage"},"image":{"@id":"https:\/\/folhapopular.info\/index.php\/2019\/09\/29\/veteranos-partem-para-penultima-rodada-da-primeira-fase-no-regional\/#primaryimage"},"thumbnailUrl":"https:\/\/folhapopular.info\/wp-content\/uploads\/2019\/09\/WhatsApp-Image-2019-09-15-at-10.06.58.jpeg","datePublished":"2019-09-29T12:00:57+00:00","author":{"@id":"https:\/\/folhapopular.info\/#\/schema\/person\/2814e8a0df7643585a9ca38bc6eb9d4b"},"breadcrumb":{"@id":"https:\/\/folhapopular.info\/index.php\/2019\/09\/29\/veteranos-partem-para-penultima-rodada-da-primeira-fase-no-regional\/#breadcrumb"},"inLanguage":"pt-BR","potentialAction":[{"@type":"ReadAction","target":["https:\/\/folhapopular.info\/index.php\/2019\/09\/29\/veteranos-partem-para-penultima-rodada-da-primeira-fase-no-regional\/"]}]},{"@type":"ImageObject","inLanguage":"pt-BR","@id":"https:\/\/folhapopular.info\/index.php\/2019\/09\/29\/veteranos-partem-para-penultima-rodada-da-primeira-fase-no-regional\/#primaryimage","url":"https:\/\/folhapopular.info\/wp-content\/uploads\/2019\/09\/WhatsApp-Image-2019-09-15-at-10.06.58.jpeg","contentUrl":"https:\/\/folhapopular.info\/wp-content\/uploads\/2019\/09\/WhatsApp-Image-2019-09-15-at-10.06.58.jpeg","width":1040,"height":780,"caption":"Conc\u00f3rdia jogou em casa e perdeu para a Assespe"},{"@type":"BreadcrumbList","@id":"https:\/\/folhapopular.info\/index.php\/2019\/09\/29\/veteranos-partem-para-penultima-rodada-da-primeira-fase-no-regional\/#breadcrumb","itemListElement":[{"@type":"ListItem","position":1,"name":"In\u00edcio","item":"https:\/\/folhapopular.info\/"},{"@type":"ListItem","position":2,"name":"Veteranos partem para pen\u00faltima rodada da primeira fase no Regional"}]},{"@type":"WebSite","@id":"https:\/\/folhapopular.info\/#website","url":"https:\/\/folhapopular.info\/","name":"Folha Popular","description":"Onde voc\u00ea tem vez e voz","potentialAction":[{"@type":"SearchAction","target":{"@type":"EntryPoint","urlTemplate":"https:\/\/folhapopular.info\/?s={search_term_string}"},"query-input":{"@type":"PropertyValueSpecification","valueRequired":true,"valueName":"search_term_string"}}],"inLanguage":"pt-BR"},{"@type":"Person","@id":"https:\/\/folhapopular.info\/#\/schema\/person\/2814e8a0df7643585a9ca38bc6eb9d4b","name":"Reda\u00e7\u00e3o Folha Popular","image":{"@type":"ImageObject","inLanguage":"pt-BR","@id":"https:\/\/folhapopular.info\/wp-content\/uploads\/2026\/04\/Folha-1.webp","url":"https:\/\/folhapopular.info\/wp-content\/uploads\/2026\/04\/Folha-1.webp","contentUrl":"https:\/\/folhapopular.info\/wp-content\/uploads\/2026\/04\/Folha-1.webp","caption":"Reda\u00e7\u00e3o Folha Popular"},"url":"https:\/\/folhapopular.info\/index.php\/author\/redacao\/"}]}},"jetpack_featured_media_url":"https:\/\/folhapopular.info\/wp-content\/uploads\/2019\/09\/WhatsApp-Image-2019-09-15-at-10.06.58.jpeg","jetpack_sharing_enabled":true,"amp_enabled":true,"_links":{"self":[{"href":"https:\/\/folhapopular.info\/index.php\/wp-json\/wp\/v2\/posts\/59270","targetHints":{"allow":["GET"]}}],"collection":[{"href":"https:\/\/folhapopular.info\/index.php\/wp-json\/wp\/v2\/posts"}],"about":[{"href":"https:\/\/folhapopular.info\/index.php\/wp-json\/wp\/v2\/types\/post"}],"author":[{"embeddable":true,"href":"https:\/\/folhapopular.info\/index.php\/wp-json\/wp\/v2\/users\/8"}],"replies":[{"embeddable":true,"href":"https:\/\/folhapopular.info\/index.php\/wp-json\/wp\/v2\/comments?post=59270"}],"version-history":[{"count":0,"href":"https:\/\/folhapopular.info\/index.php\/wp-json\/wp\/v2\/posts\/59270\/revisions"}],"wp:featuredmedia":[{"embeddable":true,"href":"https:\/\/folhapopular.info\/index.php\/wp-json\/wp\/v2\/media\/58849"}],"wp:attachment":[{"href":"https:\/\/folhapopular.info\/index.php\/wp-json\/wp\/v2\/media?parent=59270"}],"wp:term":[{"taxonomy":"category","embeddable":true,"href":"https:\/\/folhapopular.info\/index.php\/wp-json\/wp\/v2\/categories?post=59270"},{"taxonomy":"post_tag","embeddable":true,"href":"https:\/\/folhapopular.info\/index.php\/wp-json\/wp\/v2\/tags?post=59270"}],"curies":[{"name":"wp","href":"https:\/\/api.w.org\/{rel}","templated":true}]}}