{"id":59282,"date":"2019-09-29T14:55:46","date_gmt":"2019-09-29T17:55:46","guid":{"rendered":"http:\/\/folhapopular.info\/?p=59282"},"modified":"2019-09-29T14:55:48","modified_gmt":"2019-09-29T17:55:48","slug":"quatro-vagas-definidas-na-serie-ouro-do-veterano","status":"publish","type":"post","link":"https:\/\/folhapopular.info\/index.php\/2019\/09\/29\/quatro-vagas-definidas-na-serie-ouro-do-veterano\/","title":{"rendered":"Quatro vagas definidas na S\u00e9rie Ouro do Veterano"},"content":{"rendered":"\n<p>A manh\u00e3 deste domingo (29\/09) foi de muito bom futebol, gols e defini\u00e7\u00f5es na categoria Veteranos do Regional da Aslivata &#8211; 22\u00aa Copa Certel Sicredi. Foram 26 gols marcados em 6 partidas disputadas, mas apenas os quatro primeiros colocados garantiram vaga na S\u00e9rie Ouro<\/p>\n\n\n\n<p>No duelo dos primeiros colocados, o Juventude da Frank derrotou o at\u00e9 ent\u00e3o invicto Estudiantes pelo placar de 3 a 1. Em Santa Clara, o Cruzeiro derrotou o Brasil por 4 a 2 e subiu na tabela. O Conc\u00f3rdia goleou o Taquariense por 4 a 0 e tamb\u00e9m cresceu na parada. O Pinheiros fez 2 a 1 no Uni\u00e3o de Palmas, e o \u00c1guia Azul superou o Internacional por 4 a 2.<\/p>\n\n\n\n<p>Em Cruzeiro do Sul, em um confronto direto, Independente e Ribeirense fizeram um jogo muito disputado. O Independente saiu na frente em cobran\u00e7a de falta de Luciano. Logo ap\u00f3s, tamb\u00e9m em cobran\u00e7a de falta, \u00c9derson desviou a bola para empatar: 1 a 1. No segundo tempo, Marcos Kreka aproveitou a sobra da disputa de bola e fez 2 a 1.<\/p>\n\n\n\n<p><strong>Regulamento<\/strong><\/p>\n\n\n\n<p>Os oito primeiros colocados se classificam para as quartas de final da S\u00e9rie Ouro, fazendo jogos de ida e volta. Os quatro vencedores seguem \u00e0s semifinais da S\u00e9rie Ouro. Entre os quatro eliminados, os dois de melhor campanha v\u00e3o para a semifinal da S\u00e9rie Prata.<\/p>\n\n\n\n<p>Do nono ao d\u00e9cimo-segundo, haver\u00e1 cruzamento de S\u00e9rie Prata (9\u00ba x 12\u00ba e 10\u00ba x 11\u00ba). Os dois vencedores dos jogos eliminat\u00f3rios (ida e volta) estar\u00e3o nas semifinais da S\u00e9rie Prata, mais os dois melhores eliminados das quartas de final da Ouro.<\/p>\n\n\n\n<p>Na primeira fase, apenas o 13\u00ba ou \u00faltimo colocado \u00e9 eliminado.<\/p>\n\n\n\n<h3 class=\"wp-block-heading\"><strong>8\u00aa rodada &#8211; 29\/09<\/strong><\/h3>\n\n\n\n<table class=\"wp-block-table is-style-stripes\"><tbody><tr><td>TEUT\u00d4NIA<\/td><td>JUVENTUDE FRANK<\/td><td>3<\/td><td>X<\/td><td>1<\/td><td>ESTUDIANTES<\/td><\/tr><tr><td>SANTA CLARA<\/td><td>CRUZEIRO<\/td><td>4<\/td><td>X<\/td><td>2<\/td><td>BRASIL<\/td><\/tr><tr><td>ROCA SALES<\/td><td>CONC\u00d3RDIA<\/td><td>4<\/td><td>X<\/td><td>0<\/td><td>TAQUARIENSE<\/td><\/tr><tr><td>TAQUARI<\/td><td>PINHEIROS<\/td><td>2<\/td><td>X<\/td><td>1<\/td><td>UNI\u00c3O DE PALMAS<\/td><\/tr><tr><td>CRUZEIRO DO SUL<\/td><td>INDEPENDENTE<\/td><td>1<\/td><td>X<\/td><td>2<\/td><td>RIBEIRENSE<\/td><\/tr><tr><td>TEUT\u00d4NIA<\/td><td>\u00c1GUIA AZUL<\/td><td>4<\/td><td>X<\/td><td>2<\/td><td>INTERNACIONAL<\/td><\/tr><\/tbody><\/table>\n\n\n\n<h3 class=\"wp-block-heading\"><strong>\u00daltima rodada &#8211; 5\u00aa rodada (adiada em 08\/09)<\/strong><\/h3>\n\n\n\n<table class=\"wp-block-table is-style-stripes\"><tbody><tr><td><strong>LOCAL<\/strong><\/td><td><strong>ADVERS\u00c1RIOS<\/strong><\/td><\/tr><tr><td>VEN\u00c2NCIO AIRES<\/td><td>ASSESPE<\/td><td><\/td><td>X<\/td><td><\/td><td>\u00c1GUIA AZUL<\/td><\/tr><tr><td>ENCANTADO<\/td><td>UNI\u00c3O DE PALMAS<\/td><td><\/td><td>X<\/td><td><\/td><td>JUVENTUDE FRANK<\/td><\/tr><tr><td>TAQUARI<\/td><td>PINHEIROS<\/td><td><\/td><td>X<\/td><td><\/td><td>CRUZEIRO<\/td><\/tr><tr><td>MARQUES SOUZA<\/td><td>BRASIL<\/td><td><\/td><td>X<\/td><td><\/td><td>RIBEIRENSE<\/td><\/tr><tr><td>LAJEADO<\/td><td>INTERNACIONAL<\/td><td><\/td><td>X<\/td><td><\/td><td>TAQUARIENSE<\/td><\/tr><\/tbody><\/table>\n\n\n\n<h3 class=\"wp-block-heading\"><strong>Classifica\u00e7\u00e3o Veteranos<\/strong><\/h3>\n\n\n\n<table class=\"wp-block-table is-style-stripes\"><tbody><tr><td><\/td><td>EQUIPES<\/td><td>PG<\/td><td>J<\/td><td>V<\/td><td>E<\/td><td>D<\/td><td>GP<\/td><td>GS<\/td><td>SG<\/td><td>%<\/td><\/tr><tr><td>1\u00ba<\/td><td>Estudiantes<\/td><td>15<\/td><td>6<\/td><td>5<\/td><td>0<\/td><td>1<\/td><td>11<\/td><td>5<\/td><td>6<\/td><td>83<\/td><\/tr><tr><td>2\u00ba<\/td><td>Juventude<\/td><td>11<\/td><td>5<\/td><td>3<\/td><td>2<\/td><td>0<\/td><td>9<\/td><td>3<\/td><td>6<\/td><td>73<\/td><\/tr><tr><td>3\u00ba<\/td><td>Conc\u00f3rdia<\/td><td>10<\/td><td>6<\/td><td>3<\/td><td>1<\/td><td>2<\/td><td>15<\/td><td>9<\/td><td>6<\/td><td>56<\/td><\/tr><tr><td>4\u00ba<\/td><td>Cruzeiro<\/td><td>10<\/td><td>5<\/td><td>3<\/td><td>1<\/td><td>1<\/td><td>13<\/td><td>9<\/td><td>4<\/td><td>67<\/td><\/tr><tr><td>5\u00ba<\/td><td>Assespe<\/td><td>8<\/td><td>5<\/td><td>2<\/td><td>2<\/td><td>1<\/td><td>7<\/td><td>6<\/td><td>1<\/td><td>53<\/td><\/tr><tr><td>6\u00ba<\/td><td>Ribeirense<\/td><td>8<\/td><td>5<\/td><td>2<\/td><td>2<\/td><td>1<\/td><td>8<\/td><td>4<\/td><td>4<\/td><td>53<\/td><\/tr><tr><td>7\u00ba<\/td><td>\u00c1guia Azul<\/td><td>7<\/td><td>5<\/td><td>2<\/td><td>1<\/td><td>2<\/td><td>7<\/td><td>6<\/td><td>1<\/td><td>47<\/td><\/tr><tr><td>8\u00ba<\/td><td>Brasil<\/td><td>6<\/td><td>5<\/td><td>2<\/td><td>0<\/td><td>3<\/td><td>10<\/td><td>13<\/td><td>-3<\/td><td>40<\/td><\/tr><tr><td>9\u00ba<\/td><td>Uni\u00e3o de Palmas<\/td><td>6<\/td><td>5<\/td><td>2<\/td><td>0<\/td><td>3<\/td><td>8<\/td><td>7<\/td><td>1<\/td><td>40<\/td><\/tr><tr><td>10\u00ba<\/td><td>Independente<\/td><td>6<\/td><td>6<\/td><td>2<\/td><td>0<\/td><td>4<\/td><td>5<\/td><td>12<\/td><td>-7<\/td><td>33<\/td><\/tr><tr><td>11\u00ba<\/td><td>Pinheiros<\/td><td>6<\/td><td>5<\/td><td>2<\/td><td>0<\/td><td>3<\/td><td>7<\/td><td>6<\/td><td>1<\/td><td>40<\/td><\/tr><tr><td>12\u00ba<\/td><td>Internacional<\/td><td>3<\/td><td>5<\/td><td>1<\/td><td>0<\/td><td>4<\/td><td>10<\/td><td>19<\/td><td>-9<\/td><td>20<\/td><\/tr><tr><td>13\u00ba<\/td><td>Taquariense<\/td><td>1<\/td><td>5<\/td><td>0<\/td><td>1<\/td><td>4<\/td><td>3<\/td><td>14<\/td><td>-11<\/td><td>7<\/td><\/tr><\/tbody><\/table>\n","protected":false},"excerpt":{"rendered":"<p>A manh\u00e3 deste domingo (29\/09) foi de muito bom futebol, gols e defini\u00e7\u00f5es na categoria Veteranos do Regional da Aslivata &#8211; 22\u00aa Copa Certel Sicredi. Foram 26 gols marcados em 6 partidas disputadas, mas apenas os quatro primeiros colocados garantiram vaga na S\u00e9rie Ouro No duelo dos primeiros colocados, o Juventude da Frank derrotou o [&hellip;]<\/p>\n","protected":false},"author":8,"featured_media":59283,"comment_status":"open","ping_status":"open","sticky":false,"template":"","format":"standard","meta":{"pmpro_default_level":"","_jetpack_memberships_contains_paid_content":false,"footnotes":""},"categories":[5,240,288],"tags":[318,147],"class_list":{"0":"post-59282","1":"post","2":"type-post","3":"status-publish","4":"format-standard","5":"has-post-thumbnail","7":"category-esportes","8":"category-futebol-amador","9":"category-regional-da-aslivata","10":"tag-copa-certel-sicredi","11":"tag-futebol-amador","12":"pmpro-has-access"},"yoast_head":"<!-- This site is optimized with the Yoast SEO plugin v27.5 - https:\/\/yoast.com\/product\/yoast-seo-wordpress\/ -->\n<title>Quatro vagas definidas na S\u00e9rie Ouro do Veterano - Folha Popular<\/title>\n<meta name=\"robots\" content=\"index, follow, max-snippet:-1, max-image-preview:large, max-video-preview:-1\" \/>\n<link rel=\"canonical\" href=\"https:\/\/folhapopular.info\/index.php\/2019\/09\/29\/quatro-vagas-definidas-na-serie-ouro-do-veterano\/\" \/>\n<meta property=\"og:locale\" content=\"pt_BR\" \/>\n<meta property=\"og:type\" content=\"article\" \/>\n<meta property=\"og:title\" content=\"Quatro vagas definidas na S\u00e9rie Ouro do Veterano - Folha Popular\" \/>\n<meta property=\"og:description\" content=\"A manh\u00e3 deste domingo (29\/09) foi de muito bom futebol, gols e defini\u00e7\u00f5es na categoria Veteranos do Regional da Aslivata &#8211; 22\u00aa Copa Certel Sicredi. Foram 26 gols marcados em 6 partidas disputadas, mas apenas os quatro primeiros colocados garantiram vaga na S\u00e9rie Ouro No duelo dos primeiros colocados, o Juventude da Frank derrotou o [&hellip;]\" \/>\n<meta property=\"og:url\" content=\"https:\/\/folhapopular.info\/index.php\/2019\/09\/29\/quatro-vagas-definidas-na-serie-ouro-do-veterano\/\" \/>\n<meta property=\"og:site_name\" content=\"Folha Popular\" \/>\n<meta property=\"article:published_time\" content=\"2019-09-29T17:55:46+00:00\" \/>\n<meta property=\"article:modified_time\" content=\"2019-09-29T17:55:48+00:00\" \/>\n<meta property=\"og:image\" content=\"https:\/\/folhapopular.info\/wp-content\/uploads\/2019\/09\/Ribeirense.jpeg\" \/>\n\t<meta property=\"og:image:width\" content=\"1040\" \/>\n\t<meta property=\"og:image:height\" content=\"780\" \/>\n\t<meta property=\"og:image:type\" content=\"image\/jpeg\" \/>\n<meta name=\"author\" content=\"Reda\u00e7\u00e3o Folha Popular\" \/>\n<meta name=\"twitter:card\" content=\"summary_large_image\" \/>\n<meta name=\"twitter:label1\" content=\"Escrito por\" \/>\n\t<meta name=\"twitter:data1\" content=\"Reda\u00e7\u00e3o Folha Popular\" \/>\n\t<meta name=\"twitter:label2\" content=\"Est. tempo de leitura\" \/>\n\t<meta name=\"twitter:data2\" content=\"2 minutos\" \/>\n<script type=\"application\/ld+json\" class=\"yoast-schema-graph\">{\"@context\":\"https:\\\/\\\/schema.org\",\"@graph\":[{\"@type\":\"Article\",\"@id\":\"https:\\\/\\\/folhapopular.info\\\/index.php\\\/2019\\\/09\\\/29\\\/quatro-vagas-definidas-na-serie-ouro-do-veterano\\\/#article\",\"isPartOf\":{\"@id\":\"https:\\\/\\\/folhapopular.info\\\/index.php\\\/2019\\\/09\\\/29\\\/quatro-vagas-definidas-na-serie-ouro-do-veterano\\\/\"},\"author\":{\"name\":\"Reda\u00e7\u00e3o Folha Popular\",\"@id\":\"https:\\\/\\\/folhapopular.info\\\/#\\\/schema\\\/person\\\/2814e8a0df7643585a9ca38bc6eb9d4b\"},\"headline\":\"Quatro vagas definidas na S\u00e9rie Ouro do Veterano\",\"datePublished\":\"2019-09-29T17:55:46+00:00\",\"dateModified\":\"2019-09-29T17:55:48+00:00\",\"mainEntityOfPage\":{\"@id\":\"https:\\\/\\\/folhapopular.info\\\/index.php\\\/2019\\\/09\\\/29\\\/quatro-vagas-definidas-na-serie-ouro-do-veterano\\\/\"},\"wordCount\":388,\"commentCount\":0,\"image\":{\"@id\":\"https:\\\/\\\/folhapopular.info\\\/index.php\\\/2019\\\/09\\\/29\\\/quatro-vagas-definidas-na-serie-ouro-do-veterano\\\/#primaryimage\"},\"thumbnailUrl\":\"https:\\\/\\\/folhapopular.info\\\/wp-content\\\/uploads\\\/2019\\\/09\\\/Ribeirense.jpeg\",\"keywords\":[\"Copa Certel Sicredi\",\"futebol amador\"],\"articleSection\":[\"Esportes\",\"Futebol Amador\",\"Regional da Aslivata\"],\"inLanguage\":\"pt-BR\",\"potentialAction\":[{\"@type\":\"CommentAction\",\"name\":\"Comment\",\"target\":[\"https:\\\/\\\/folhapopular.info\\\/index.php\\\/2019\\\/09\\\/29\\\/quatro-vagas-definidas-na-serie-ouro-do-veterano\\\/#respond\"]}]},{\"@type\":\"WebPage\",\"@id\":\"https:\\\/\\\/folhapopular.info\\\/index.php\\\/2019\\\/09\\\/29\\\/quatro-vagas-definidas-na-serie-ouro-do-veterano\\\/\",\"url\":\"https:\\\/\\\/folhapopular.info\\\/index.php\\\/2019\\\/09\\\/29\\\/quatro-vagas-definidas-na-serie-ouro-do-veterano\\\/\",\"name\":\"Quatro vagas definidas na S\u00e9rie Ouro do Veterano - Folha Popular\",\"isPartOf\":{\"@id\":\"https:\\\/\\\/folhapopular.info\\\/#website\"},\"primaryImageOfPage\":{\"@id\":\"https:\\\/\\\/folhapopular.info\\\/index.php\\\/2019\\\/09\\\/29\\\/quatro-vagas-definidas-na-serie-ouro-do-veterano\\\/#primaryimage\"},\"image\":{\"@id\":\"https:\\\/\\\/folhapopular.info\\\/index.php\\\/2019\\\/09\\\/29\\\/quatro-vagas-definidas-na-serie-ouro-do-veterano\\\/#primaryimage\"},\"thumbnailUrl\":\"https:\\\/\\\/folhapopular.info\\\/wp-content\\\/uploads\\\/2019\\\/09\\\/Ribeirense.jpeg\",\"datePublished\":\"2019-09-29T17:55:46+00:00\",\"dateModified\":\"2019-09-29T17:55:48+00:00\",\"author\":{\"@id\":\"https:\\\/\\\/folhapopular.info\\\/#\\\/schema\\\/person\\\/2814e8a0df7643585a9ca38bc6eb9d4b\"},\"breadcrumb\":{\"@id\":\"https:\\\/\\\/folhapopular.info\\\/index.php\\\/2019\\\/09\\\/29\\\/quatro-vagas-definidas-na-serie-ouro-do-veterano\\\/#breadcrumb\"},\"inLanguage\":\"pt-BR\",\"potentialAction\":[{\"@type\":\"ReadAction\",\"target\":[\"https:\\\/\\\/folhapopular.info\\\/index.php\\\/2019\\\/09\\\/29\\\/quatro-vagas-definidas-na-serie-ouro-do-veterano\\\/\"]}]},{\"@type\":\"ImageObject\",\"inLanguage\":\"pt-BR\",\"@id\":\"https:\\\/\\\/folhapopular.info\\\/index.php\\\/2019\\\/09\\\/29\\\/quatro-vagas-definidas-na-serie-ouro-do-veterano\\\/#primaryimage\",\"url\":\"https:\\\/\\\/folhapopular.info\\\/wp-content\\\/uploads\\\/2019\\\/09\\\/Ribeirense.jpeg\",\"contentUrl\":\"https:\\\/\\\/folhapopular.info\\\/wp-content\\\/uploads\\\/2019\\\/09\\\/Ribeirense.jpeg\",\"width\":1040,\"height\":780,\"caption\":\"Ribeirense estava desfalcado e conseguiu uma vit\u00f3ria de virada em Cruzeiro do Sul\"},{\"@type\":\"BreadcrumbList\",\"@id\":\"https:\\\/\\\/folhapopular.info\\\/index.php\\\/2019\\\/09\\\/29\\\/quatro-vagas-definidas-na-serie-ouro-do-veterano\\\/#breadcrumb\",\"itemListElement\":[{\"@type\":\"ListItem\",\"position\":1,\"name\":\"In\u00edcio\",\"item\":\"https:\\\/\\\/folhapopular.info\\\/\"},{\"@type\":\"ListItem\",\"position\":2,\"name\":\"Quatro vagas definidas na S\u00e9rie Ouro do Veterano\"}]},{\"@type\":\"WebSite\",\"@id\":\"https:\\\/\\\/folhapopular.info\\\/#website\",\"url\":\"https:\\\/\\\/folhapopular.info\\\/\",\"name\":\"Folha Popular\",\"description\":\"Onde voc\u00ea tem vez e voz\",\"potentialAction\":[{\"@type\":\"SearchAction\",\"target\":{\"@type\":\"EntryPoint\",\"urlTemplate\":\"https:\\\/\\\/folhapopular.info\\\/?s={search_term_string}\"},\"query-input\":{\"@type\":\"PropertyValueSpecification\",\"valueRequired\":true,\"valueName\":\"search_term_string\"}}],\"inLanguage\":\"pt-BR\"},{\"@type\":\"Person\",\"@id\":\"https:\\\/\\\/folhapopular.info\\\/#\\\/schema\\\/person\\\/2814e8a0df7643585a9ca38bc6eb9d4b\",\"name\":\"Reda\u00e7\u00e3o Folha Popular\",\"image\":{\"@type\":\"ImageObject\",\"inLanguage\":\"pt-BR\",\"@id\":\"https:\\\/\\\/folhapopular.info\\\/wp-content\\\/uploads\\\/2026\\\/04\\\/Folha-1.webp\",\"url\":\"https:\\\/\\\/folhapopular.info\\\/wp-content\\\/uploads\\\/2026\\\/04\\\/Folha-1.webp\",\"contentUrl\":\"https:\\\/\\\/folhapopular.info\\\/wp-content\\\/uploads\\\/2026\\\/04\\\/Folha-1.webp\",\"caption\":\"Reda\u00e7\u00e3o Folha Popular\"},\"url\":\"https:\\\/\\\/folhapopular.info\\\/index.php\\\/author\\\/redacao\\\/\"}]}<\/script>\n<!-- \/ Yoast SEO plugin. -->","yoast_head_json":{"title":"Quatro vagas definidas na S\u00e9rie Ouro do Veterano - Folha Popular","robots":{"index":"index","follow":"follow","max-snippet":"max-snippet:-1","max-image-preview":"max-image-preview:large","max-video-preview":"max-video-preview:-1"},"canonical":"https:\/\/folhapopular.info\/index.php\/2019\/09\/29\/quatro-vagas-definidas-na-serie-ouro-do-veterano\/","og_locale":"pt_BR","og_type":"article","og_title":"Quatro vagas definidas na S\u00e9rie Ouro do Veterano - Folha Popular","og_description":"A manh\u00e3 deste domingo (29\/09) foi de muito bom futebol, gols e defini\u00e7\u00f5es na categoria Veteranos do Regional da Aslivata &#8211; 22\u00aa Copa Certel Sicredi. Foram 26 gols marcados em 6 partidas disputadas, mas apenas os quatro primeiros colocados garantiram vaga na S\u00e9rie Ouro No duelo dos primeiros colocados, o Juventude da Frank derrotou o [&hellip;]","og_url":"https:\/\/folhapopular.info\/index.php\/2019\/09\/29\/quatro-vagas-definidas-na-serie-ouro-do-veterano\/","og_site_name":"Folha Popular","article_published_time":"2019-09-29T17:55:46+00:00","article_modified_time":"2019-09-29T17:55:48+00:00","og_image":[{"width":1040,"height":780,"url":"https:\/\/folhapopular.info\/wp-content\/uploads\/2019\/09\/Ribeirense.jpeg","type":"image\/jpeg"}],"author":"Reda\u00e7\u00e3o Folha Popular","twitter_card":"summary_large_image","twitter_misc":{"Escrito por":"Reda\u00e7\u00e3o Folha Popular","Est. tempo de leitura":"2 minutos"},"schema":{"@context":"https:\/\/schema.org","@graph":[{"@type":"Article","@id":"https:\/\/folhapopular.info\/index.php\/2019\/09\/29\/quatro-vagas-definidas-na-serie-ouro-do-veterano\/#article","isPartOf":{"@id":"https:\/\/folhapopular.info\/index.php\/2019\/09\/29\/quatro-vagas-definidas-na-serie-ouro-do-veterano\/"},"author":{"name":"Reda\u00e7\u00e3o Folha Popular","@id":"https:\/\/folhapopular.info\/#\/schema\/person\/2814e8a0df7643585a9ca38bc6eb9d4b"},"headline":"Quatro vagas definidas na S\u00e9rie Ouro do Veterano","datePublished":"2019-09-29T17:55:46+00:00","dateModified":"2019-09-29T17:55:48+00:00","mainEntityOfPage":{"@id":"https:\/\/folhapopular.info\/index.php\/2019\/09\/29\/quatro-vagas-definidas-na-serie-ouro-do-veterano\/"},"wordCount":388,"commentCount":0,"image":{"@id":"https:\/\/folhapopular.info\/index.php\/2019\/09\/29\/quatro-vagas-definidas-na-serie-ouro-do-veterano\/#primaryimage"},"thumbnailUrl":"https:\/\/folhapopular.info\/wp-content\/uploads\/2019\/09\/Ribeirense.jpeg","keywords":["Copa Certel Sicredi","futebol amador"],"articleSection":["Esportes","Futebol Amador","Regional da Aslivata"],"inLanguage":"pt-BR","potentialAction":[{"@type":"CommentAction","name":"Comment","target":["https:\/\/folhapopular.info\/index.php\/2019\/09\/29\/quatro-vagas-definidas-na-serie-ouro-do-veterano\/#respond"]}]},{"@type":"WebPage","@id":"https:\/\/folhapopular.info\/index.php\/2019\/09\/29\/quatro-vagas-definidas-na-serie-ouro-do-veterano\/","url":"https:\/\/folhapopular.info\/index.php\/2019\/09\/29\/quatro-vagas-definidas-na-serie-ouro-do-veterano\/","name":"Quatro vagas definidas na S\u00e9rie Ouro do Veterano - Folha Popular","isPartOf":{"@id":"https:\/\/folhapopular.info\/#website"},"primaryImageOfPage":{"@id":"https:\/\/folhapopular.info\/index.php\/2019\/09\/29\/quatro-vagas-definidas-na-serie-ouro-do-veterano\/#primaryimage"},"image":{"@id":"https:\/\/folhapopular.info\/index.php\/2019\/09\/29\/quatro-vagas-definidas-na-serie-ouro-do-veterano\/#primaryimage"},"thumbnailUrl":"https:\/\/folhapopular.info\/wp-content\/uploads\/2019\/09\/Ribeirense.jpeg","datePublished":"2019-09-29T17:55:46+00:00","dateModified":"2019-09-29T17:55:48+00:00","author":{"@id":"https:\/\/folhapopular.info\/#\/schema\/person\/2814e8a0df7643585a9ca38bc6eb9d4b"},"breadcrumb":{"@id":"https:\/\/folhapopular.info\/index.php\/2019\/09\/29\/quatro-vagas-definidas-na-serie-ouro-do-veterano\/#breadcrumb"},"inLanguage":"pt-BR","potentialAction":[{"@type":"ReadAction","target":["https:\/\/folhapopular.info\/index.php\/2019\/09\/29\/quatro-vagas-definidas-na-serie-ouro-do-veterano\/"]}]},{"@type":"ImageObject","inLanguage":"pt-BR","@id":"https:\/\/folhapopular.info\/index.php\/2019\/09\/29\/quatro-vagas-definidas-na-serie-ouro-do-veterano\/#primaryimage","url":"https:\/\/folhapopular.info\/wp-content\/uploads\/2019\/09\/Ribeirense.jpeg","contentUrl":"https:\/\/folhapopular.info\/wp-content\/uploads\/2019\/09\/Ribeirense.jpeg","width":1040,"height":780,"caption":"Ribeirense estava desfalcado e conseguiu uma vit\u00f3ria de virada em Cruzeiro do Sul"},{"@type":"BreadcrumbList","@id":"https:\/\/folhapopular.info\/index.php\/2019\/09\/29\/quatro-vagas-definidas-na-serie-ouro-do-veterano\/#breadcrumb","itemListElement":[{"@type":"ListItem","position":1,"name":"In\u00edcio","item":"https:\/\/folhapopular.info\/"},{"@type":"ListItem","position":2,"name":"Quatro vagas definidas na S\u00e9rie Ouro do Veterano"}]},{"@type":"WebSite","@id":"https:\/\/folhapopular.info\/#website","url":"https:\/\/folhapopular.info\/","name":"Folha Popular","description":"Onde voc\u00ea tem vez e voz","potentialAction":[{"@type":"SearchAction","target":{"@type":"EntryPoint","urlTemplate":"https:\/\/folhapopular.info\/?s={search_term_string}"},"query-input":{"@type":"PropertyValueSpecification","valueRequired":true,"valueName":"search_term_string"}}],"inLanguage":"pt-BR"},{"@type":"Person","@id":"https:\/\/folhapopular.info\/#\/schema\/person\/2814e8a0df7643585a9ca38bc6eb9d4b","name":"Reda\u00e7\u00e3o Folha Popular","image":{"@type":"ImageObject","inLanguage":"pt-BR","@id":"https:\/\/folhapopular.info\/wp-content\/uploads\/2026\/04\/Folha-1.webp","url":"https:\/\/folhapopular.info\/wp-content\/uploads\/2026\/04\/Folha-1.webp","contentUrl":"https:\/\/folhapopular.info\/wp-content\/uploads\/2026\/04\/Folha-1.webp","caption":"Reda\u00e7\u00e3o Folha Popular"},"url":"https:\/\/folhapopular.info\/index.php\/author\/redacao\/"}]}},"jetpack_featured_media_url":"https:\/\/folhapopular.info\/wp-content\/uploads\/2019\/09\/Ribeirense.jpeg","jetpack_sharing_enabled":true,"amp_enabled":true,"_links":{"self":[{"href":"https:\/\/folhapopular.info\/index.php\/wp-json\/wp\/v2\/posts\/59282","targetHints":{"allow":["GET"]}}],"collection":[{"href":"https:\/\/folhapopular.info\/index.php\/wp-json\/wp\/v2\/posts"}],"about":[{"href":"https:\/\/folhapopular.info\/index.php\/wp-json\/wp\/v2\/types\/post"}],"author":[{"embeddable":true,"href":"https:\/\/folhapopular.info\/index.php\/wp-json\/wp\/v2\/users\/8"}],"replies":[{"embeddable":true,"href":"https:\/\/folhapopular.info\/index.php\/wp-json\/wp\/v2\/comments?post=59282"}],"version-history":[{"count":0,"href":"https:\/\/folhapopular.info\/index.php\/wp-json\/wp\/v2\/posts\/59282\/revisions"}],"wp:featuredmedia":[{"embeddable":true,"href":"https:\/\/folhapopular.info\/index.php\/wp-json\/wp\/v2\/media\/59283"}],"wp:attachment":[{"href":"https:\/\/folhapopular.info\/index.php\/wp-json\/wp\/v2\/media?parent=59282"}],"wp:term":[{"taxonomy":"category","embeddable":true,"href":"https:\/\/folhapopular.info\/index.php\/wp-json\/wp\/v2\/categories?post=59282"},{"taxonomy":"post_tag","embeddable":true,"href":"https:\/\/folhapopular.info\/index.php\/wp-json\/wp\/v2\/tags?post=59282"}],"curies":[{"name":"wp","href":"https:\/\/api.w.org\/{rel}","templated":true}]}}