{"id":59400,"date":"2019-10-01T16:20:52","date_gmt":"2019-10-01T19:20:52","guid":{"rendered":"http:\/\/folhapopular.info\/?p=59400"},"modified":"2019-10-01T14:24:18","modified_gmt":"2019-10-01T17:24:18","slug":"governo-federal-libera-parcelas-para-obra-da-creche-do-bairro-alesgut","status":"publish","type":"post","link":"https:\/\/folhapopular.info\/index.php\/2019\/10\/01\/governo-federal-libera-parcelas-para-obra-da-creche-do-bairro-alesgut\/","title":{"rendered":"Governo Federal libera parcelas para obra da creche do Bairro Alesgut"},"content":{"rendered":"\n<p>Muito aguardada pela comunidade de\u00a0Teut\u00f4nia, a Escola de Educa\u00e7\u00e3o Infantil do Bairro Alesgut poder\u00e1 ter as suas obras retomadas nesta semana. Isto porque o o Governo Federal repassou \u00e0 Prefeitura de\u00a0Teut\u00f4nia\u00a0mais duas parcelas, que totalizam R$ 240.286,93, do valor que falta para concluir as obras deste educand\u00e1rio, que diminuir\u00e1 a fila de espera nas vagas da Educa\u00e7\u00e3o Infantil.O Executivo teutoniense tomou conhecimento da libera\u00e7\u00e3o do recurso na sexta-feira (27\/09).<\/p>\n\n\n\n<p>A nova escola, Projeto Proinf\u00e2ncia Tipo B, atender\u00e1 132 crian\u00e7as, o que diminuir\u00e1 a fila de espera para vagas na Educa\u00e7\u00e3o Infantil. Trata-se de uma edifica\u00e7\u00e3o de 1.323,58 m<sup>2<\/sup>, composta por cinco blocos: administrativo, de servi\u00e7os, multiuso e dois pedag\u00f3gicos. O bloco pedag\u00f3gico contempla, entre outros espa\u00e7os, oito salas, sendo duas de Creche I (0 at\u00e9 18 meses), duas de Creche II (18 meses at\u00e9 3 anos), duas de Creche III (3 anos at\u00e9 4 anos) e duas de Pr\u00e9-escola (para crian\u00e7as de 4 at\u00e9 5 anos e 11 meses).<\/p>\n\n\n\n<p>O investimento \u00e9 de R$ 1.708.439,25, sendo R$ 1.350.730,53 de recursos federais e o restante de contrapartida da Prefeitura. As obras devem ser retomadas ainda nesta semana pela empresa vencedora do processo licitat\u00f3rio: Jolvani Betinardi &#8211; Eireli &#8211; ME, de Serafina Corr\u00eaa.<\/p>\n\n\n\n<p>Ap\u00f3s entraves, que resultaram no abandono da obra por parte da empresa executora da obra, o Munic\u00edpio fez uma nova licita\u00e7\u00e3o em 2017. Em outubro do ano retrasado, reiniciaram as obras do educand\u00e1rio, que est\u00e1 sendo edificado ao lado da Escola Municipal de Ensino Fundamental Leopoldo Klepker.<\/p>\n\n\n\n<p>No entanto, o Governo Federal, entre final do ano passado e o in\u00edcio de 2019, n\u00e3o repassou as parcelas restantes para concluir a obra, que foram paralisadas. Com o receio de uma nova rescis\u00e3o contratual com a empresa e a pr\u00f3pria deteriora\u00e7\u00e3o da obra paralisada, o Executivo fez v\u00e1rias tratativas com o Minist\u00e9rio da Educa\u00e7\u00e3o e com parlamentares, dentre eles o deputado federal Lucas Redecker (PSDB), que tamb\u00e9m procurou agilizar a libera\u00e7\u00e3o do recurso.<\/p>\n","protected":false},"excerpt":{"rendered":"<p>Muito aguardada pela comunidade de\u00a0Teut\u00f4nia, a Escola de Educa\u00e7\u00e3o Infantil do Bairro Alesgut poder\u00e1 ter as suas obras retomadas nesta semana. Isto porque o o Governo Federal repassou \u00e0 Prefeitura de\u00a0Teut\u00f4nia\u00a0mais duas parcelas, que totalizam R$ 240.286,93, do valor que falta para concluir as obras deste educand\u00e1rio, que diminuir\u00e1 a fila de espera nas vagas [&hellip;]<\/p>\n","protected":false},"author":8,"featured_media":59401,"comment_status":"open","ping_status":"open","sticky":false,"template":"","format":"standard","meta":{"pmpro_default_level":"","_jetpack_memberships_contains_paid_content":false,"footnotes":""},"categories":[2,3],"tags":[1176,1710,182,26],"class_list":{"0":"post-59400","1":"post","2":"type-post","3":"status-publish","4":"format-standard","5":"has-post-thumbnail","7":"category-featured","8":"category-geral","9":"tag-bairro-alesgut","10":"tag-creche","11":"tag-educacao-infantil","12":"tag-teutonia","13":"pmpro-has-access"},"yoast_head":"<!-- This site is optimized with the Yoast SEO plugin v27.5 - https:\/\/yoast.com\/product\/yoast-seo-wordpress\/ -->\n<title>Governo Federal libera parcelas para obra da creche do Bairro Alesgut - Folha Popular<\/title>\n<meta name=\"robots\" content=\"index, follow, max-snippet:-1, max-image-preview:large, max-video-preview:-1\" \/>\n<link rel=\"canonical\" href=\"https:\/\/folhapopular.info\/index.php\/2019\/10\/01\/governo-federal-libera-parcelas-para-obra-da-creche-do-bairro-alesgut\/\" \/>\n<meta property=\"og:locale\" content=\"pt_BR\" \/>\n<meta property=\"og:type\" content=\"article\" \/>\n<meta property=\"og:title\" content=\"Governo Federal libera parcelas para obra da creche do Bairro Alesgut - Folha Popular\" \/>\n<meta property=\"og:description\" content=\"Muito aguardada pela comunidade de\u00a0Teut\u00f4nia, a Escola de Educa\u00e7\u00e3o Infantil do Bairro Alesgut poder\u00e1 ter as suas obras retomadas nesta semana. Isto porque o o Governo Federal repassou \u00e0 Prefeitura de\u00a0Teut\u00f4nia\u00a0mais duas parcelas, que totalizam R$ 240.286,93, do valor que falta para concluir as obras deste educand\u00e1rio, que diminuir\u00e1 a fila de espera nas vagas [&hellip;]\" \/>\n<meta property=\"og:url\" content=\"https:\/\/folhapopular.info\/index.php\/2019\/10\/01\/governo-federal-libera-parcelas-para-obra-da-creche-do-bairro-alesgut\/\" \/>\n<meta property=\"og:site_name\" content=\"Folha Popular\" \/>\n<meta property=\"article:published_time\" content=\"2019-10-01T19:20:52+00:00\" \/>\n<meta property=\"og:image\" content=\"https:\/\/folhapopular.info\/wp-content\/uploads\/2019\/10\/Obras-devem-ser-retomandas-ainda-nesta-semana-1-e1569950376193.jpg\" \/>\n\t<meta property=\"og:image:width\" content=\"800\" \/>\n\t<meta property=\"og:image:height\" content=\"533\" \/>\n\t<meta property=\"og:image:type\" content=\"image\/jpeg\" \/>\n<meta name=\"author\" content=\"Reda\u00e7\u00e3o Folha Popular\" \/>\n<meta name=\"twitter:card\" content=\"summary_large_image\" \/>\n<meta name=\"twitter:label1\" content=\"Escrito por\" \/>\n\t<meta name=\"twitter:data1\" content=\"Reda\u00e7\u00e3o Folha Popular\" \/>\n\t<meta name=\"twitter:label2\" content=\"Est. tempo de leitura\" \/>\n\t<meta name=\"twitter:data2\" content=\"2 minutos\" \/>\n<script type=\"application\/ld+json\" class=\"yoast-schema-graph\">{\"@context\":\"https:\\\/\\\/schema.org\",\"@graph\":[{\"@type\":\"Article\",\"@id\":\"https:\\\/\\\/folhapopular.info\\\/index.php\\\/2019\\\/10\\\/01\\\/governo-federal-libera-parcelas-para-obra-da-creche-do-bairro-alesgut\\\/#article\",\"isPartOf\":{\"@id\":\"https:\\\/\\\/folhapopular.info\\\/index.php\\\/2019\\\/10\\\/01\\\/governo-federal-libera-parcelas-para-obra-da-creche-do-bairro-alesgut\\\/\"},\"author\":{\"name\":\"Reda\u00e7\u00e3o Folha Popular\",\"@id\":\"https:\\\/\\\/folhapopular.info\\\/#\\\/schema\\\/person\\\/2814e8a0df7643585a9ca38bc6eb9d4b\"},\"headline\":\"Governo Federal libera parcelas para obra da creche do Bairro Alesgut\",\"datePublished\":\"2019-10-01T19:20:52+00:00\",\"mainEntityOfPage\":{\"@id\":\"https:\\\/\\\/folhapopular.info\\\/index.php\\\/2019\\\/10\\\/01\\\/governo-federal-libera-parcelas-para-obra-da-creche-do-bairro-alesgut\\\/\"},\"wordCount\":350,\"commentCount\":0,\"image\":{\"@id\":\"https:\\\/\\\/folhapopular.info\\\/index.php\\\/2019\\\/10\\\/01\\\/governo-federal-libera-parcelas-para-obra-da-creche-do-bairro-alesgut\\\/#primaryimage\"},\"thumbnailUrl\":\"https:\\\/\\\/folhapopular.info\\\/wp-content\\\/uploads\\\/2019\\\/10\\\/Obras-devem-ser-retomandas-ainda-nesta-semana-1-e1569950376193.jpg\",\"keywords\":[\"Bairro Alesgut\",\"Creche\",\"Educa\u00e7\u00e3o Infantil\",\"Teut\u00f4nia\"],\"articleSection\":[\"Destaques\",\"Geral\"],\"inLanguage\":\"pt-BR\",\"potentialAction\":[{\"@type\":\"CommentAction\",\"name\":\"Comment\",\"target\":[\"https:\\\/\\\/folhapopular.info\\\/index.php\\\/2019\\\/10\\\/01\\\/governo-federal-libera-parcelas-para-obra-da-creche-do-bairro-alesgut\\\/#respond\"]}]},{\"@type\":\"WebPage\",\"@id\":\"https:\\\/\\\/folhapopular.info\\\/index.php\\\/2019\\\/10\\\/01\\\/governo-federal-libera-parcelas-para-obra-da-creche-do-bairro-alesgut\\\/\",\"url\":\"https:\\\/\\\/folhapopular.info\\\/index.php\\\/2019\\\/10\\\/01\\\/governo-federal-libera-parcelas-para-obra-da-creche-do-bairro-alesgut\\\/\",\"name\":\"Governo Federal libera parcelas para obra da creche do Bairro Alesgut - Folha Popular\",\"isPartOf\":{\"@id\":\"https:\\\/\\\/folhapopular.info\\\/#website\"},\"primaryImageOfPage\":{\"@id\":\"https:\\\/\\\/folhapopular.info\\\/index.php\\\/2019\\\/10\\\/01\\\/governo-federal-libera-parcelas-para-obra-da-creche-do-bairro-alesgut\\\/#primaryimage\"},\"image\":{\"@id\":\"https:\\\/\\\/folhapopular.info\\\/index.php\\\/2019\\\/10\\\/01\\\/governo-federal-libera-parcelas-para-obra-da-creche-do-bairro-alesgut\\\/#primaryimage\"},\"thumbnailUrl\":\"https:\\\/\\\/folhapopular.info\\\/wp-content\\\/uploads\\\/2019\\\/10\\\/Obras-devem-ser-retomandas-ainda-nesta-semana-1-e1569950376193.jpg\",\"datePublished\":\"2019-10-01T19:20:52+00:00\",\"author\":{\"@id\":\"https:\\\/\\\/folhapopular.info\\\/#\\\/schema\\\/person\\\/2814e8a0df7643585a9ca38bc6eb9d4b\"},\"breadcrumb\":{\"@id\":\"https:\\\/\\\/folhapopular.info\\\/index.php\\\/2019\\\/10\\\/01\\\/governo-federal-libera-parcelas-para-obra-da-creche-do-bairro-alesgut\\\/#breadcrumb\"},\"inLanguage\":\"pt-BR\",\"potentialAction\":[{\"@type\":\"ReadAction\",\"target\":[\"https:\\\/\\\/folhapopular.info\\\/index.php\\\/2019\\\/10\\\/01\\\/governo-federal-libera-parcelas-para-obra-da-creche-do-bairro-alesgut\\\/\"]}]},{\"@type\":\"ImageObject\",\"inLanguage\":\"pt-BR\",\"@id\":\"https:\\\/\\\/folhapopular.info\\\/index.php\\\/2019\\\/10\\\/01\\\/governo-federal-libera-parcelas-para-obra-da-creche-do-bairro-alesgut\\\/#primaryimage\",\"url\":\"https:\\\/\\\/folhapopular.info\\\/wp-content\\\/uploads\\\/2019\\\/10\\\/Obras-devem-ser-retomandas-ainda-nesta-semana-1-e1569950376193.jpg\",\"contentUrl\":\"https:\\\/\\\/folhapopular.info\\\/wp-content\\\/uploads\\\/2019\\\/10\\\/Obras-devem-ser-retomandas-ainda-nesta-semana-1-e1569950376193.jpg\",\"width\":800,\"height\":533,\"caption\":\"Obras devem ser retomandas ainda nesta semana \\\/ Cr\u00e9dito da foto: \u00c9dson Lu\u00eds Schaeffer \\\/ divulga\u00e7\u00e3o\"},{\"@type\":\"BreadcrumbList\",\"@id\":\"https:\\\/\\\/folhapopular.info\\\/index.php\\\/2019\\\/10\\\/01\\\/governo-federal-libera-parcelas-para-obra-da-creche-do-bairro-alesgut\\\/#breadcrumb\",\"itemListElement\":[{\"@type\":\"ListItem\",\"position\":1,\"name\":\"In\u00edcio\",\"item\":\"https:\\\/\\\/folhapopular.info\\\/\"},{\"@type\":\"ListItem\",\"position\":2,\"name\":\"Governo Federal libera parcelas para obra da creche do Bairro Alesgut\"}]},{\"@type\":\"WebSite\",\"@id\":\"https:\\\/\\\/folhapopular.info\\\/#website\",\"url\":\"https:\\\/\\\/folhapopular.info\\\/\",\"name\":\"Folha Popular\",\"description\":\"Onde voc\u00ea tem vez e voz\",\"potentialAction\":[{\"@type\":\"SearchAction\",\"target\":{\"@type\":\"EntryPoint\",\"urlTemplate\":\"https:\\\/\\\/folhapopular.info\\\/?s={search_term_string}\"},\"query-input\":{\"@type\":\"PropertyValueSpecification\",\"valueRequired\":true,\"valueName\":\"search_term_string\"}}],\"inLanguage\":\"pt-BR\"},{\"@type\":\"Person\",\"@id\":\"https:\\\/\\\/folhapopular.info\\\/#\\\/schema\\\/person\\\/2814e8a0df7643585a9ca38bc6eb9d4b\",\"name\":\"Reda\u00e7\u00e3o Folha Popular\",\"image\":{\"@type\":\"ImageObject\",\"inLanguage\":\"pt-BR\",\"@id\":\"https:\\\/\\\/folhapopular.info\\\/wp-content\\\/uploads\\\/2026\\\/04\\\/Folha-1.webp\",\"url\":\"https:\\\/\\\/folhapopular.info\\\/wp-content\\\/uploads\\\/2026\\\/04\\\/Folha-1.webp\",\"contentUrl\":\"https:\\\/\\\/folhapopular.info\\\/wp-content\\\/uploads\\\/2026\\\/04\\\/Folha-1.webp\",\"caption\":\"Reda\u00e7\u00e3o Folha Popular\"},\"url\":\"https:\\\/\\\/folhapopular.info\\\/index.php\\\/author\\\/redacao\\\/\"}]}<\/script>\n<!-- \/ Yoast SEO plugin. -->","yoast_head_json":{"title":"Governo Federal libera parcelas para obra da creche do Bairro Alesgut - Folha Popular","robots":{"index":"index","follow":"follow","max-snippet":"max-snippet:-1","max-image-preview":"max-image-preview:large","max-video-preview":"max-video-preview:-1"},"canonical":"https:\/\/folhapopular.info\/index.php\/2019\/10\/01\/governo-federal-libera-parcelas-para-obra-da-creche-do-bairro-alesgut\/","og_locale":"pt_BR","og_type":"article","og_title":"Governo Federal libera parcelas para obra da creche do Bairro Alesgut - Folha Popular","og_description":"Muito aguardada pela comunidade de\u00a0Teut\u00f4nia, a Escola de Educa\u00e7\u00e3o Infantil do Bairro Alesgut poder\u00e1 ter as suas obras retomadas nesta semana. Isto porque o o Governo Federal repassou \u00e0 Prefeitura de\u00a0Teut\u00f4nia\u00a0mais duas parcelas, que totalizam R$ 240.286,93, do valor que falta para concluir as obras deste educand\u00e1rio, que diminuir\u00e1 a fila de espera nas vagas [&hellip;]","og_url":"https:\/\/folhapopular.info\/index.php\/2019\/10\/01\/governo-federal-libera-parcelas-para-obra-da-creche-do-bairro-alesgut\/","og_site_name":"Folha Popular","article_published_time":"2019-10-01T19:20:52+00:00","og_image":[{"width":800,"height":533,"url":"https:\/\/folhapopular.info\/wp-content\/uploads\/2019\/10\/Obras-devem-ser-retomandas-ainda-nesta-semana-1-e1569950376193.jpg","type":"image\/jpeg"}],"author":"Reda\u00e7\u00e3o Folha Popular","twitter_card":"summary_large_image","twitter_misc":{"Escrito por":"Reda\u00e7\u00e3o Folha Popular","Est. tempo de leitura":"2 minutos"},"schema":{"@context":"https:\/\/schema.org","@graph":[{"@type":"Article","@id":"https:\/\/folhapopular.info\/index.php\/2019\/10\/01\/governo-federal-libera-parcelas-para-obra-da-creche-do-bairro-alesgut\/#article","isPartOf":{"@id":"https:\/\/folhapopular.info\/index.php\/2019\/10\/01\/governo-federal-libera-parcelas-para-obra-da-creche-do-bairro-alesgut\/"},"author":{"name":"Reda\u00e7\u00e3o Folha Popular","@id":"https:\/\/folhapopular.info\/#\/schema\/person\/2814e8a0df7643585a9ca38bc6eb9d4b"},"headline":"Governo Federal libera parcelas para obra da creche do Bairro Alesgut","datePublished":"2019-10-01T19:20:52+00:00","mainEntityOfPage":{"@id":"https:\/\/folhapopular.info\/index.php\/2019\/10\/01\/governo-federal-libera-parcelas-para-obra-da-creche-do-bairro-alesgut\/"},"wordCount":350,"commentCount":0,"image":{"@id":"https:\/\/folhapopular.info\/index.php\/2019\/10\/01\/governo-federal-libera-parcelas-para-obra-da-creche-do-bairro-alesgut\/#primaryimage"},"thumbnailUrl":"https:\/\/folhapopular.info\/wp-content\/uploads\/2019\/10\/Obras-devem-ser-retomandas-ainda-nesta-semana-1-e1569950376193.jpg","keywords":["Bairro Alesgut","Creche","Educa\u00e7\u00e3o Infantil","Teut\u00f4nia"],"articleSection":["Destaques","Geral"],"inLanguage":"pt-BR","potentialAction":[{"@type":"CommentAction","name":"Comment","target":["https:\/\/folhapopular.info\/index.php\/2019\/10\/01\/governo-federal-libera-parcelas-para-obra-da-creche-do-bairro-alesgut\/#respond"]}]},{"@type":"WebPage","@id":"https:\/\/folhapopular.info\/index.php\/2019\/10\/01\/governo-federal-libera-parcelas-para-obra-da-creche-do-bairro-alesgut\/","url":"https:\/\/folhapopular.info\/index.php\/2019\/10\/01\/governo-federal-libera-parcelas-para-obra-da-creche-do-bairro-alesgut\/","name":"Governo Federal libera parcelas para obra da creche do Bairro Alesgut - Folha Popular","isPartOf":{"@id":"https:\/\/folhapopular.info\/#website"},"primaryImageOfPage":{"@id":"https:\/\/folhapopular.info\/index.php\/2019\/10\/01\/governo-federal-libera-parcelas-para-obra-da-creche-do-bairro-alesgut\/#primaryimage"},"image":{"@id":"https:\/\/folhapopular.info\/index.php\/2019\/10\/01\/governo-federal-libera-parcelas-para-obra-da-creche-do-bairro-alesgut\/#primaryimage"},"thumbnailUrl":"https:\/\/folhapopular.info\/wp-content\/uploads\/2019\/10\/Obras-devem-ser-retomandas-ainda-nesta-semana-1-e1569950376193.jpg","datePublished":"2019-10-01T19:20:52+00:00","author":{"@id":"https:\/\/folhapopular.info\/#\/schema\/person\/2814e8a0df7643585a9ca38bc6eb9d4b"},"breadcrumb":{"@id":"https:\/\/folhapopular.info\/index.php\/2019\/10\/01\/governo-federal-libera-parcelas-para-obra-da-creche-do-bairro-alesgut\/#breadcrumb"},"inLanguage":"pt-BR","potentialAction":[{"@type":"ReadAction","target":["https:\/\/folhapopular.info\/index.php\/2019\/10\/01\/governo-federal-libera-parcelas-para-obra-da-creche-do-bairro-alesgut\/"]}]},{"@type":"ImageObject","inLanguage":"pt-BR","@id":"https:\/\/folhapopular.info\/index.php\/2019\/10\/01\/governo-federal-libera-parcelas-para-obra-da-creche-do-bairro-alesgut\/#primaryimage","url":"https:\/\/folhapopular.info\/wp-content\/uploads\/2019\/10\/Obras-devem-ser-retomandas-ainda-nesta-semana-1-e1569950376193.jpg","contentUrl":"https:\/\/folhapopular.info\/wp-content\/uploads\/2019\/10\/Obras-devem-ser-retomandas-ainda-nesta-semana-1-e1569950376193.jpg","width":800,"height":533,"caption":"Obras devem ser retomandas ainda nesta semana \/ Cr\u00e9dito da foto: \u00c9dson Lu\u00eds Schaeffer \/ divulga\u00e7\u00e3o"},{"@type":"BreadcrumbList","@id":"https:\/\/folhapopular.info\/index.php\/2019\/10\/01\/governo-federal-libera-parcelas-para-obra-da-creche-do-bairro-alesgut\/#breadcrumb","itemListElement":[{"@type":"ListItem","position":1,"name":"In\u00edcio","item":"https:\/\/folhapopular.info\/"},{"@type":"ListItem","position":2,"name":"Governo Federal libera parcelas para obra da creche do Bairro Alesgut"}]},{"@type":"WebSite","@id":"https:\/\/folhapopular.info\/#website","url":"https:\/\/folhapopular.info\/","name":"Folha Popular","description":"Onde voc\u00ea tem vez e voz","potentialAction":[{"@type":"SearchAction","target":{"@type":"EntryPoint","urlTemplate":"https:\/\/folhapopular.info\/?s={search_term_string}"},"query-input":{"@type":"PropertyValueSpecification","valueRequired":true,"valueName":"search_term_string"}}],"inLanguage":"pt-BR"},{"@type":"Person","@id":"https:\/\/folhapopular.info\/#\/schema\/person\/2814e8a0df7643585a9ca38bc6eb9d4b","name":"Reda\u00e7\u00e3o Folha Popular","image":{"@type":"ImageObject","inLanguage":"pt-BR","@id":"https:\/\/folhapopular.info\/wp-content\/uploads\/2026\/04\/Folha-1.webp","url":"https:\/\/folhapopular.info\/wp-content\/uploads\/2026\/04\/Folha-1.webp","contentUrl":"https:\/\/folhapopular.info\/wp-content\/uploads\/2026\/04\/Folha-1.webp","caption":"Reda\u00e7\u00e3o Folha Popular"},"url":"https:\/\/folhapopular.info\/index.php\/author\/redacao\/"}]}},"jetpack_featured_media_url":"https:\/\/folhapopular.info\/wp-content\/uploads\/2019\/10\/Obras-devem-ser-retomandas-ainda-nesta-semana-1-e1569950376193.jpg","jetpack_sharing_enabled":true,"amp_enabled":true,"_links":{"self":[{"href":"https:\/\/folhapopular.info\/index.php\/wp-json\/wp\/v2\/posts\/59400","targetHints":{"allow":["GET"]}}],"collection":[{"href":"https:\/\/folhapopular.info\/index.php\/wp-json\/wp\/v2\/posts"}],"about":[{"href":"https:\/\/folhapopular.info\/index.php\/wp-json\/wp\/v2\/types\/post"}],"author":[{"embeddable":true,"href":"https:\/\/folhapopular.info\/index.php\/wp-json\/wp\/v2\/users\/8"}],"replies":[{"embeddable":true,"href":"https:\/\/folhapopular.info\/index.php\/wp-json\/wp\/v2\/comments?post=59400"}],"version-history":[{"count":0,"href":"https:\/\/folhapopular.info\/index.php\/wp-json\/wp\/v2\/posts\/59400\/revisions"}],"wp:featuredmedia":[{"embeddable":true,"href":"https:\/\/folhapopular.info\/index.php\/wp-json\/wp\/v2\/media\/59401"}],"wp:attachment":[{"href":"https:\/\/folhapopular.info\/index.php\/wp-json\/wp\/v2\/media?parent=59400"}],"wp:term":[{"taxonomy":"category","embeddable":true,"href":"https:\/\/folhapopular.info\/index.php\/wp-json\/wp\/v2\/categories?post=59400"},{"taxonomy":"post_tag","embeddable":true,"href":"https:\/\/folhapopular.info\/index.php\/wp-json\/wp\/v2\/tags?post=59400"}],"curies":[{"name":"wp","href":"https:\/\/api.w.org\/{rel}","templated":true}]}}