{"id":59417,"date":"2019-10-01T17:15:42","date_gmt":"2019-10-01T20:15:42","guid":{"rendered":"http:\/\/folhapopular.info\/?p=59417"},"modified":"2019-10-01T17:29:39","modified_gmt":"2019-10-01T20:29:39","slug":"imigrante-de-estrela-e-eliminado-nos-aspirantes-e-sete-avanca-de-fase","status":"publish","type":"post","link":"https:\/\/folhapopular.info\/index.php\/2019\/10\/01\/imigrante-de-estrela-e-eliminado-nos-aspirantes-e-sete-avanca-de-fase\/","title":{"rendered":"Imigrante de Estrela \u00e9 eliminado nos Aspirantes e Sete avan\u00e7a de fase"},"content":{"rendered":"\n<p>A utiliza\u00e7\u00e3o de atletas que assinaram s\u00famula profissional em 2019 \u00e9 proibida nos jogos do Campeonato Regional da Aslivata &#8211; 22\u00aa Copa Certel Sicredi. Com base neste artigo do regulamento, o Imigrante de Estrela acabou perdendo a vaga nas quartas de final da categoria Aspirantes &#8211; S\u00e9rie A.<\/p>\n\n\n\n<p>O Sete de Setembro de S\u00e3o Caetano &#8211; Arroio do Meio &#8211; entrou com protesto pedindo a aplica\u00e7\u00e3o do regulamento ao Imigrante pelo uso dos atletas Bruno Gabriel Marmit Coimbra e Marcos Vin\u00edcius de Oliveira, que jogaram a partida de domingo. O Sete anexou documentos que comprovaram que os jogadores assinaram s\u00famula em competi\u00e7\u00e3o profissional em 2019.<\/p>\n\n\n\n<p>O caso foi resolvido em parecer administrativo da diretoria da Aslivata, assinado pelo presidente Volnei Kochhann. O enquadramento foi nos artigos 40\u00ba e 39\u00ba par\u00e1grafo 2\u00ba do regulamento da competi\u00e7\u00e3o.<\/p>\n\n\n\n<p>A presidente do Imigrante, Kelly Carpes, compartilhou a not\u00edcia com profunda tristeza com seu grupo de atletas. Com a voz embargada e chorando, ela anunciou a decis\u00e3o administrativa da Aslivata, mas garantiu que &#8220;a diretoria n\u00e3o sabia que os dois atletas tinha assinado s\u00famula no in\u00edcio do ano&#8221;. Ela ainda lamentou a multa que precisar\u00e1 ser paga.<\/p>\n\n\n\n<p>Com a decis\u00e3o administrativa, o Sete de Setembro-AM se classifica para enfrentar o Estudiantes de Conventos, com o primeiro jogo em Estrela e o segundo em Ven\u00e2ncio Aires (sede do Flor de Maio).<\/p>\n\n\n\n<h3 class=\"wp-block-heading\"><strong>Quartas de final &#8211; Aspirantes<\/strong><\/h3>\n\n\n\n<table class=\"wp-block-table is-style-stripes\"><tbody><tr><td>LOCAL<\/td><td>ASPIRANTES<\/td><\/tr><tr><td>Lajeado<\/td><td>Uni\u00e3o Santo Andr\u00e9<\/td><td><\/td><td>X<\/td><td><\/td><td>Fluminense<\/td><\/tr><tr><td>Vespasiano Corr\u00eaa<\/td><td>Cruzeiro<\/td><td><\/td><td>X<\/td><td><\/td><td>Colorado<\/td><\/tr><tr><td>Estrela<\/td><td>Sete de Setembro-AM<\/td><td><\/td><td>X<\/td><td><\/td><td>Estudiantes<\/td><\/tr><tr><td>Boa Vista do Sul<\/td><td>ECAS<\/td><td><\/td><td>X<\/td><td><\/td><td>Rui Barbosa-AM<\/td><\/tr><\/tbody><\/table>\n","protected":false},"excerpt":{"rendered":"<p>A utiliza\u00e7\u00e3o de atletas que assinaram s\u00famula profissional em 2019 \u00e9 proibida nos jogos do Campeonato Regional da Aslivata &#8211; 22\u00aa Copa Certel Sicredi. Com base neste artigo do regulamento, o Imigrante de Estrela acabou perdendo a vaga nas quartas de final da categoria Aspirantes &#8211; S\u00e9rie A. O Sete de Setembro de S\u00e3o Caetano [&hellip;]<\/p>\n","protected":false},"author":7,"featured_media":59418,"comment_status":"open","ping_status":"open","sticky":false,"template":"","format":"standard","meta":{"pmpro_default_level":"","_jetpack_memberships_contains_paid_content":false,"footnotes":""},"categories":[5,240,288],"tags":[290,318,147,156],"class_list":{"0":"post-59417","1":"post","2":"type-post","3":"status-publish","4":"format-standard","5":"has-post-thumbnail","7":"category-esportes","8":"category-futebol-amador","9":"category-regional-da-aslivata","10":"tag-aslivata","11":"tag-copa-certel-sicredi","12":"tag-futebol-amador","13":"tag-vale-do-taquari","14":"pmpro-has-access"},"yoast_head":"<!-- This site is optimized with the Yoast SEO plugin v27.5 - https:\/\/yoast.com\/product\/yoast-seo-wordpress\/ -->\n<title>Imigrante de Estrela \u00e9 eliminado nos Aspirantes e Sete avan\u00e7a de fase - Folha Popular<\/title>\n<meta name=\"robots\" content=\"index, follow, max-snippet:-1, max-image-preview:large, max-video-preview:-1\" \/>\n<link rel=\"canonical\" href=\"https:\/\/folhapopular.info\/index.php\/2019\/10\/01\/imigrante-de-estrela-e-eliminado-nos-aspirantes-e-sete-avanca-de-fase\/\" \/>\n<meta property=\"og:locale\" content=\"pt_BR\" \/>\n<meta property=\"og:type\" content=\"article\" \/>\n<meta property=\"og:title\" content=\"Imigrante de Estrela \u00e9 eliminado nos Aspirantes e Sete avan\u00e7a de fase - Folha Popular\" \/>\n<meta property=\"og:description\" content=\"A utiliza\u00e7\u00e3o de atletas que assinaram s\u00famula profissional em 2019 \u00e9 proibida nos jogos do Campeonato Regional da Aslivata &#8211; 22\u00aa Copa Certel Sicredi. Com base neste artigo do regulamento, o Imigrante de Estrela acabou perdendo a vaga nas quartas de final da categoria Aspirantes &#8211; S\u00e9rie A. O Sete de Setembro de S\u00e3o Caetano [&hellip;]\" \/>\n<meta property=\"og:url\" content=\"https:\/\/folhapopular.info\/index.php\/2019\/10\/01\/imigrante-de-estrela-e-eliminado-nos-aspirantes-e-sete-avanca-de-fase\/\" \/>\n<meta property=\"og:site_name\" content=\"Folha Popular\" \/>\n<meta property=\"article:published_time\" content=\"2019-10-01T20:15:42+00:00\" \/>\n<meta property=\"article:modified_time\" content=\"2019-10-01T20:29:39+00:00\" \/>\n<meta property=\"og:image\" content=\"https:\/\/folhapopular.info\/wp-content\/uploads\/2019\/10\/DSC0725-e1569961686301.jpg\" \/>\n\t<meta property=\"og:image:width\" content=\"1000\" \/>\n\t<meta property=\"og:image:height\" content=\"664\" \/>\n\t<meta property=\"og:image:type\" content=\"image\/jpeg\" \/>\n<meta name=\"author\" content=\"Lucas Leandro Brune\" \/>\n<meta name=\"twitter:card\" content=\"summary_large_image\" \/>\n<meta name=\"twitter:label1\" content=\"Escrito por\" \/>\n\t<meta name=\"twitter:data1\" content=\"Lucas Leandro Brune\" \/>\n\t<meta name=\"twitter:label2\" content=\"Est. tempo de leitura\" \/>\n\t<meta name=\"twitter:data2\" content=\"1 minuto\" \/>\n<script type=\"application\/ld+json\" class=\"yoast-schema-graph\">{\"@context\":\"https:\\\/\\\/schema.org\",\"@graph\":[{\"@type\":\"Article\",\"@id\":\"https:\\\/\\\/folhapopular.info\\\/index.php\\\/2019\\\/10\\\/01\\\/imigrante-de-estrela-e-eliminado-nos-aspirantes-e-sete-avanca-de-fase\\\/#article\",\"isPartOf\":{\"@id\":\"https:\\\/\\\/folhapopular.info\\\/index.php\\\/2019\\\/10\\\/01\\\/imigrante-de-estrela-e-eliminado-nos-aspirantes-e-sete-avanca-de-fase\\\/\"},\"author\":{\"name\":\"Lucas Leandro Brune\",\"@id\":\"https:\\\/\\\/folhapopular.info\\\/#\\\/schema\\\/person\\\/533a15f60cd49e81ab3a90b4ca33cb36\"},\"headline\":\"Imigrante de Estrela \u00e9 eliminado nos Aspirantes e Sete avan\u00e7a de fase\",\"datePublished\":\"2019-10-01T20:15:42+00:00\",\"dateModified\":\"2019-10-01T20:29:39+00:00\",\"mainEntityOfPage\":{\"@id\":\"https:\\\/\\\/folhapopular.info\\\/index.php\\\/2019\\\/10\\\/01\\\/imigrante-de-estrela-e-eliminado-nos-aspirantes-e-sete-avanca-de-fase\\\/\"},\"wordCount\":281,\"commentCount\":0,\"image\":{\"@id\":\"https:\\\/\\\/folhapopular.info\\\/index.php\\\/2019\\\/10\\\/01\\\/imigrante-de-estrela-e-eliminado-nos-aspirantes-e-sete-avanca-de-fase\\\/#primaryimage\"},\"thumbnailUrl\":\"https:\\\/\\\/folhapopular.info\\\/wp-content\\\/uploads\\\/2019\\\/10\\\/DSC0725-e1569961686301.jpg\",\"keywords\":[\"Aslivata\",\"Copa Certel Sicredi\",\"futebol amador\",\"Vale do Taquari\"],\"articleSection\":[\"Esportes\",\"Futebol Amador\",\"Regional da Aslivata\"],\"inLanguage\":\"pt-BR\",\"potentialAction\":[{\"@type\":\"CommentAction\",\"name\":\"Comment\",\"target\":[\"https:\\\/\\\/folhapopular.info\\\/index.php\\\/2019\\\/10\\\/01\\\/imigrante-de-estrela-e-eliminado-nos-aspirantes-e-sete-avanca-de-fase\\\/#respond\"]}]},{\"@type\":\"WebPage\",\"@id\":\"https:\\\/\\\/folhapopular.info\\\/index.php\\\/2019\\\/10\\\/01\\\/imigrante-de-estrela-e-eliminado-nos-aspirantes-e-sete-avanca-de-fase\\\/\",\"url\":\"https:\\\/\\\/folhapopular.info\\\/index.php\\\/2019\\\/10\\\/01\\\/imigrante-de-estrela-e-eliminado-nos-aspirantes-e-sete-avanca-de-fase\\\/\",\"name\":\"Imigrante de Estrela \u00e9 eliminado nos Aspirantes e Sete avan\u00e7a de fase - Folha Popular\",\"isPartOf\":{\"@id\":\"https:\\\/\\\/folhapopular.info\\\/#website\"},\"primaryImageOfPage\":{\"@id\":\"https:\\\/\\\/folhapopular.info\\\/index.php\\\/2019\\\/10\\\/01\\\/imigrante-de-estrela-e-eliminado-nos-aspirantes-e-sete-avanca-de-fase\\\/#primaryimage\"},\"image\":{\"@id\":\"https:\\\/\\\/folhapopular.info\\\/index.php\\\/2019\\\/10\\\/01\\\/imigrante-de-estrela-e-eliminado-nos-aspirantes-e-sete-avanca-de-fase\\\/#primaryimage\"},\"thumbnailUrl\":\"https:\\\/\\\/folhapopular.info\\\/wp-content\\\/uploads\\\/2019\\\/10\\\/DSC0725-e1569961686301.jpg\",\"datePublished\":\"2019-10-01T20:15:42+00:00\",\"dateModified\":\"2019-10-01T20:29:39+00:00\",\"author\":{\"@id\":\"https:\\\/\\\/folhapopular.info\\\/#\\\/schema\\\/person\\\/533a15f60cd49e81ab3a90b4ca33cb36\"},\"breadcrumb\":{\"@id\":\"https:\\\/\\\/folhapopular.info\\\/index.php\\\/2019\\\/10\\\/01\\\/imigrante-de-estrela-e-eliminado-nos-aspirantes-e-sete-avanca-de-fase\\\/#breadcrumb\"},\"inLanguage\":\"pt-BR\",\"potentialAction\":[{\"@type\":\"ReadAction\",\"target\":[\"https:\\\/\\\/folhapopular.info\\\/index.php\\\/2019\\\/10\\\/01\\\/imigrante-de-estrela-e-eliminado-nos-aspirantes-e-sete-avanca-de-fase\\\/\"]}]},{\"@type\":\"ImageObject\",\"inLanguage\":\"pt-BR\",\"@id\":\"https:\\\/\\\/folhapopular.info\\\/index.php\\\/2019\\\/10\\\/01\\\/imigrante-de-estrela-e-eliminado-nos-aspirantes-e-sete-avanca-de-fase\\\/#primaryimage\",\"url\":\"https:\\\/\\\/folhapopular.info\\\/wp-content\\\/uploads\\\/2019\\\/10\\\/DSC0725-e1569961686301.jpg\",\"contentUrl\":\"https:\\\/\\\/folhapopular.info\\\/wp-content\\\/uploads\\\/2019\\\/10\\\/DSC0725-e1569961686301.jpg\",\"width\":1000,\"height\":664,\"caption\":\"Imigrante (verde) fazia boa campanha com a equipe de Aspirantes\"},{\"@type\":\"BreadcrumbList\",\"@id\":\"https:\\\/\\\/folhapopular.info\\\/index.php\\\/2019\\\/10\\\/01\\\/imigrante-de-estrela-e-eliminado-nos-aspirantes-e-sete-avanca-de-fase\\\/#breadcrumb\",\"itemListElement\":[{\"@type\":\"ListItem\",\"position\":1,\"name\":\"In\u00edcio\",\"item\":\"https:\\\/\\\/folhapopular.info\\\/\"},{\"@type\":\"ListItem\",\"position\":2,\"name\":\"Imigrante de Estrela \u00e9 eliminado nos Aspirantes e Sete avan\u00e7a de fase\"}]},{\"@type\":\"WebSite\",\"@id\":\"https:\\\/\\\/folhapopular.info\\\/#website\",\"url\":\"https:\\\/\\\/folhapopular.info\\\/\",\"name\":\"Folha Popular\",\"description\":\"Onde voc\u00ea tem vez e voz\",\"potentialAction\":[{\"@type\":\"SearchAction\",\"target\":{\"@type\":\"EntryPoint\",\"urlTemplate\":\"https:\\\/\\\/folhapopular.info\\\/?s={search_term_string}\"},\"query-input\":{\"@type\":\"PropertyValueSpecification\",\"valueRequired\":true,\"valueName\":\"search_term_string\"}}],\"inLanguage\":\"pt-BR\"},{\"@type\":\"Person\",\"@id\":\"https:\\\/\\\/folhapopular.info\\\/#\\\/schema\\\/person\\\/533a15f60cd49e81ab3a90b4ca33cb36\",\"name\":\"Lucas Leandro Brune\",\"image\":{\"@type\":\"ImageObject\",\"inLanguage\":\"pt-BR\",\"@id\":\"https:\\\/\\\/folhapopular.info\\\/wp-content\\\/uploads\\\/2026\\\/04\\\/LUCAS-1-1.webp\",\"url\":\"https:\\\/\\\/folhapopular.info\\\/wp-content\\\/uploads\\\/2026\\\/04\\\/LUCAS-1-1.webp\",\"contentUrl\":\"https:\\\/\\\/folhapopular.info\\\/wp-content\\\/uploads\\\/2026\\\/04\\\/LUCAS-1-1.webp\",\"caption\":\"Lucas Leandro Brune\"},\"description\":\"Jornalista Profissional Diplomado MTB\\\/RS 14.333\",\"url\":\"https:\\\/\\\/folhapopular.info\\\/index.php\\\/author\\\/lucas-brune\\\/\"}]}<\/script>\n<!-- \/ Yoast SEO plugin. -->","yoast_head_json":{"title":"Imigrante de Estrela \u00e9 eliminado nos Aspirantes e Sete avan\u00e7a de fase - Folha Popular","robots":{"index":"index","follow":"follow","max-snippet":"max-snippet:-1","max-image-preview":"max-image-preview:large","max-video-preview":"max-video-preview:-1"},"canonical":"https:\/\/folhapopular.info\/index.php\/2019\/10\/01\/imigrante-de-estrela-e-eliminado-nos-aspirantes-e-sete-avanca-de-fase\/","og_locale":"pt_BR","og_type":"article","og_title":"Imigrante de Estrela \u00e9 eliminado nos Aspirantes e Sete avan\u00e7a de fase - Folha Popular","og_description":"A utiliza\u00e7\u00e3o de atletas que assinaram s\u00famula profissional em 2019 \u00e9 proibida nos jogos do Campeonato Regional da Aslivata &#8211; 22\u00aa Copa Certel Sicredi. Com base neste artigo do regulamento, o Imigrante de Estrela acabou perdendo a vaga nas quartas de final da categoria Aspirantes &#8211; S\u00e9rie A. O Sete de Setembro de S\u00e3o Caetano [&hellip;]","og_url":"https:\/\/folhapopular.info\/index.php\/2019\/10\/01\/imigrante-de-estrela-e-eliminado-nos-aspirantes-e-sete-avanca-de-fase\/","og_site_name":"Folha Popular","article_published_time":"2019-10-01T20:15:42+00:00","article_modified_time":"2019-10-01T20:29:39+00:00","og_image":[{"width":1000,"height":664,"url":"https:\/\/folhapopular.info\/wp-content\/uploads\/2019\/10\/DSC0725-e1569961686301.jpg","type":"image\/jpeg"}],"author":"Lucas Leandro Brune","twitter_card":"summary_large_image","twitter_misc":{"Escrito por":"Lucas Leandro Brune","Est. tempo de leitura":"1 minuto"},"schema":{"@context":"https:\/\/schema.org","@graph":[{"@type":"Article","@id":"https:\/\/folhapopular.info\/index.php\/2019\/10\/01\/imigrante-de-estrela-e-eliminado-nos-aspirantes-e-sete-avanca-de-fase\/#article","isPartOf":{"@id":"https:\/\/folhapopular.info\/index.php\/2019\/10\/01\/imigrante-de-estrela-e-eliminado-nos-aspirantes-e-sete-avanca-de-fase\/"},"author":{"name":"Lucas Leandro Brune","@id":"https:\/\/folhapopular.info\/#\/schema\/person\/533a15f60cd49e81ab3a90b4ca33cb36"},"headline":"Imigrante de Estrela \u00e9 eliminado nos Aspirantes e Sete avan\u00e7a de fase","datePublished":"2019-10-01T20:15:42+00:00","dateModified":"2019-10-01T20:29:39+00:00","mainEntityOfPage":{"@id":"https:\/\/folhapopular.info\/index.php\/2019\/10\/01\/imigrante-de-estrela-e-eliminado-nos-aspirantes-e-sete-avanca-de-fase\/"},"wordCount":281,"commentCount":0,"image":{"@id":"https:\/\/folhapopular.info\/index.php\/2019\/10\/01\/imigrante-de-estrela-e-eliminado-nos-aspirantes-e-sete-avanca-de-fase\/#primaryimage"},"thumbnailUrl":"https:\/\/folhapopular.info\/wp-content\/uploads\/2019\/10\/DSC0725-e1569961686301.jpg","keywords":["Aslivata","Copa Certel Sicredi","futebol amador","Vale do Taquari"],"articleSection":["Esportes","Futebol Amador","Regional da Aslivata"],"inLanguage":"pt-BR","potentialAction":[{"@type":"CommentAction","name":"Comment","target":["https:\/\/folhapopular.info\/index.php\/2019\/10\/01\/imigrante-de-estrela-e-eliminado-nos-aspirantes-e-sete-avanca-de-fase\/#respond"]}]},{"@type":"WebPage","@id":"https:\/\/folhapopular.info\/index.php\/2019\/10\/01\/imigrante-de-estrela-e-eliminado-nos-aspirantes-e-sete-avanca-de-fase\/","url":"https:\/\/folhapopular.info\/index.php\/2019\/10\/01\/imigrante-de-estrela-e-eliminado-nos-aspirantes-e-sete-avanca-de-fase\/","name":"Imigrante de Estrela \u00e9 eliminado nos Aspirantes e Sete avan\u00e7a de fase - Folha Popular","isPartOf":{"@id":"https:\/\/folhapopular.info\/#website"},"primaryImageOfPage":{"@id":"https:\/\/folhapopular.info\/index.php\/2019\/10\/01\/imigrante-de-estrela-e-eliminado-nos-aspirantes-e-sete-avanca-de-fase\/#primaryimage"},"image":{"@id":"https:\/\/folhapopular.info\/index.php\/2019\/10\/01\/imigrante-de-estrela-e-eliminado-nos-aspirantes-e-sete-avanca-de-fase\/#primaryimage"},"thumbnailUrl":"https:\/\/folhapopular.info\/wp-content\/uploads\/2019\/10\/DSC0725-e1569961686301.jpg","datePublished":"2019-10-01T20:15:42+00:00","dateModified":"2019-10-01T20:29:39+00:00","author":{"@id":"https:\/\/folhapopular.info\/#\/schema\/person\/533a15f60cd49e81ab3a90b4ca33cb36"},"breadcrumb":{"@id":"https:\/\/folhapopular.info\/index.php\/2019\/10\/01\/imigrante-de-estrela-e-eliminado-nos-aspirantes-e-sete-avanca-de-fase\/#breadcrumb"},"inLanguage":"pt-BR","potentialAction":[{"@type":"ReadAction","target":["https:\/\/folhapopular.info\/index.php\/2019\/10\/01\/imigrante-de-estrela-e-eliminado-nos-aspirantes-e-sete-avanca-de-fase\/"]}]},{"@type":"ImageObject","inLanguage":"pt-BR","@id":"https:\/\/folhapopular.info\/index.php\/2019\/10\/01\/imigrante-de-estrela-e-eliminado-nos-aspirantes-e-sete-avanca-de-fase\/#primaryimage","url":"https:\/\/folhapopular.info\/wp-content\/uploads\/2019\/10\/DSC0725-e1569961686301.jpg","contentUrl":"https:\/\/folhapopular.info\/wp-content\/uploads\/2019\/10\/DSC0725-e1569961686301.jpg","width":1000,"height":664,"caption":"Imigrante (verde) fazia boa campanha com a equipe de Aspirantes"},{"@type":"BreadcrumbList","@id":"https:\/\/folhapopular.info\/index.php\/2019\/10\/01\/imigrante-de-estrela-e-eliminado-nos-aspirantes-e-sete-avanca-de-fase\/#breadcrumb","itemListElement":[{"@type":"ListItem","position":1,"name":"In\u00edcio","item":"https:\/\/folhapopular.info\/"},{"@type":"ListItem","position":2,"name":"Imigrante de Estrela \u00e9 eliminado nos Aspirantes e Sete avan\u00e7a de fase"}]},{"@type":"WebSite","@id":"https:\/\/folhapopular.info\/#website","url":"https:\/\/folhapopular.info\/","name":"Folha Popular","description":"Onde voc\u00ea tem vez e voz","potentialAction":[{"@type":"SearchAction","target":{"@type":"EntryPoint","urlTemplate":"https:\/\/folhapopular.info\/?s={search_term_string}"},"query-input":{"@type":"PropertyValueSpecification","valueRequired":true,"valueName":"search_term_string"}}],"inLanguage":"pt-BR"},{"@type":"Person","@id":"https:\/\/folhapopular.info\/#\/schema\/person\/533a15f60cd49e81ab3a90b4ca33cb36","name":"Lucas Leandro Brune","image":{"@type":"ImageObject","inLanguage":"pt-BR","@id":"https:\/\/folhapopular.info\/wp-content\/uploads\/2026\/04\/LUCAS-1-1.webp","url":"https:\/\/folhapopular.info\/wp-content\/uploads\/2026\/04\/LUCAS-1-1.webp","contentUrl":"https:\/\/folhapopular.info\/wp-content\/uploads\/2026\/04\/LUCAS-1-1.webp","caption":"Lucas Leandro Brune"},"description":"Jornalista Profissional Diplomado MTB\/RS 14.333","url":"https:\/\/folhapopular.info\/index.php\/author\/lucas-brune\/"}]}},"jetpack_featured_media_url":"https:\/\/folhapopular.info\/wp-content\/uploads\/2019\/10\/DSC0725-e1569961686301.jpg","jetpack_sharing_enabled":true,"amp_enabled":true,"_links":{"self":[{"href":"https:\/\/folhapopular.info\/index.php\/wp-json\/wp\/v2\/posts\/59417","targetHints":{"allow":["GET"]}}],"collection":[{"href":"https:\/\/folhapopular.info\/index.php\/wp-json\/wp\/v2\/posts"}],"about":[{"href":"https:\/\/folhapopular.info\/index.php\/wp-json\/wp\/v2\/types\/post"}],"author":[{"embeddable":true,"href":"https:\/\/folhapopular.info\/index.php\/wp-json\/wp\/v2\/users\/7"}],"replies":[{"embeddable":true,"href":"https:\/\/folhapopular.info\/index.php\/wp-json\/wp\/v2\/comments?post=59417"}],"version-history":[{"count":0,"href":"https:\/\/folhapopular.info\/index.php\/wp-json\/wp\/v2\/posts\/59417\/revisions"}],"wp:featuredmedia":[{"embeddable":true,"href":"https:\/\/folhapopular.info\/index.php\/wp-json\/wp\/v2\/media\/59418"}],"wp:attachment":[{"href":"https:\/\/folhapopular.info\/index.php\/wp-json\/wp\/v2\/media?parent=59417"}],"wp:term":[{"taxonomy":"category","embeddable":true,"href":"https:\/\/folhapopular.info\/index.php\/wp-json\/wp\/v2\/categories?post=59417"},{"taxonomy":"post_tag","embeddable":true,"href":"https:\/\/folhapopular.info\/index.php\/wp-json\/wp\/v2\/tags?post=59417"}],"curies":[{"name":"wp","href":"https:\/\/api.w.org\/{rel}","templated":true}]}}