{"id":59432,"date":"2019-10-02T08:20:54","date_gmt":"2019-10-02T11:20:54","guid":{"rendered":"http:\/\/folhapopular.info\/?p=59432"},"modified":"2019-10-02T07:59:03","modified_gmt":"2019-10-02T10:59:03","slug":"seguem-abertas-inscricoes-para-o-2o-encontro-da-agrobiodiversidade-dos-vales-e-6o-encontro-regional-de-agroecologia-do-vale-do-taquari","status":"publish","type":"post","link":"https:\/\/folhapopular.info\/index.php\/2019\/10\/02\/seguem-abertas-inscricoes-para-o-2o-encontro-da-agrobiodiversidade-dos-vales-e-6o-encontro-regional-de-agroecologia-do-vale-do-taquari\/","title":{"rendered":"Seguem abertas inscri\u00e7\u00f5es para o 2\u00ba Encontro da Agrobiodiversidade dos Vales e 6\u00ba Encontro Regional de Agroecologia do Vale do Taquari"},"content":{"rendered":"\n<p>Seguem abertas no site https:\/\/www.univates.br\/eventos\/evento\/8402-2-encontro-da-agrobiodiversidade as inscri\u00e7\u00f5es para o 2\u00ba Encontro da Agrobiodiversidade dos Vales e o 6\u00ba Encontro Regional de Agroecologia do Vale do Taquari \u2013 evento que ocorre no dia 16 de outubro, no audit\u00f3rio do Pr\u00e9dio 7 da Univates, em Lajeado, a partir das 8h. Organizada pela Emater\/RS-Ascar, Univates, Articula\u00e7\u00e3o em Agroecologia do Vale do Taquari (AAVT) e demais entidades, a atividade consiste em um amplo painel de debates em que ser\u00e3o realizadas palestras, relatos de experi\u00eancias, oficinas e exposi\u00e7\u00f5es com o objetivo de discutir perspectivas e desafios para a produ\u00e7\u00e3o de alimentos seguros.<\/p>\n\n\n\n<p>Voltado a agricultores, estudantes, representantes de entidades ligadas ao setor, extensionistas rurais e comunidade em geral, os eventos buscam manter ativa a rede de entidades voltadas para a agroecologia, trazendo para a pauta a discuss\u00e3o da agrobiodiversidade como ferramenta para a produ\u00e7\u00e3o de alimentos seguros. \u201cA inten\u00e7\u00e3o \u00e9 a de dar continuidade ao debate que teve in\u00edcio em julho do ano passado, durante a Reuni\u00e3o T\u00e9cnica Estadual de Plantas Bioativas, realizada em Lajeado\u201d, salienta a assistente t\u00e9cnica regional Social da Emater\/RS-Ascar, Elizangela Teixeira.<\/p>\n\n\n\n<p>Na ocasi\u00e3o ser\u00e3o discutidos temas como produ\u00e7\u00e3o de ovos org\u00e2nicos, sementes crioulas, cultivo em agroflorestal, pol\u00edticas p\u00fablicas para o setor, controle de qualidade na produ\u00e7\u00e3o org\u00e2nica, manejo de abelhas sem ferr\u00e3o, multiplica\u00e7\u00e3o de microorganismos eficientes, caldas e insumos para agroecologia e homeopatia para o uso na agricultura, entre outros. \u201cNesse sentido, pode-se dizer que os encontros se consistem em espa\u00e7os democr\u00e1ticos, em que temas caros \u00e0 sociedade, cada vez mais representativos no que diz respeito \u00e0 produ\u00e7\u00e3o de alimentos, ganham visibilidade\u201d, comenta Elizangela. Durante o evento tamb\u00e9m ser\u00e3o apresentados trabalhos cient\u00edficos que far\u00e3o parte dos Anais do Evento.<\/p>\n\n\n\n<p>S\u00e3o aguardadas cerca de 300 pessoas para os encontros. O certificado de participa\u00e7\u00e3o no evento \u00e9 gratuito e liberado mediante o registro de presen\u00e7a durante a realiza\u00e7\u00e3o das atividades. O documento \u00e9 disponibilizado online, em at\u00e9 14 dias \u00fateis ap\u00f3s a data dos encontros. A programa\u00e7\u00e3o completa e todas as informa\u00e7\u00f5es a respeito da atividade podem ser obtidas tamb\u00e9m no site https:\/\/www.univates.br\/eventos\/evento\/8402-2-encontro-da-agrobiodiversidade. As inscri\u00e7\u00f5es t\u00eam o valor de R$ 10.<\/p>\n","protected":false},"excerpt":{"rendered":"<p>Seguem abertas no site https:\/\/www.univates.br\/eventos\/evento\/8402-2-encontro-da-agrobiodiversidade as inscri\u00e7\u00f5es para o 2\u00ba Encontro da Agrobiodiversidade dos Vales e o 6\u00ba Encontro Regional de Agroecologia do Vale do Taquari \u2013 evento que ocorre no dia 16 de outubro, no audit\u00f3rio do Pr\u00e9dio 7 da Univates, em Lajeado, a partir das 8h. Organizada pela Emater\/RS-Ascar, Univates, Articula\u00e7\u00e3o em Agroecologia [&hellip;]<\/p>\n","protected":false},"author":8,"featured_media":59434,"comment_status":"open","ping_status":"open","sticky":false,"template":"","format":"standard","meta":{"pmpro_default_level":"","_jetpack_memberships_contains_paid_content":false,"footnotes":""},"categories":[2,3],"tags":[2397,27,83],"class_list":{"0":"post-59432","1":"post","2":"type-post","3":"status-publish","4":"format-standard","5":"has-post-thumbnail","7":"category-featured","8":"category-geral","9":"tag-agroecologia","10":"tag-lajeado","11":"tag-univates","12":"pmpro-has-access"},"yoast_head":"<!-- This site is optimized with the Yoast SEO plugin v27.5 - https:\/\/yoast.com\/product\/yoast-seo-wordpress\/ -->\n<title>Seguem abertas inscri\u00e7\u00f5es para o 2\u00ba Encontro da Agrobiodiversidade dos Vales e 6\u00ba Encontro Regional de Agroecologia do Vale do Taquari - Folha Popular<\/title>\n<meta name=\"robots\" content=\"index, follow, max-snippet:-1, max-image-preview:large, max-video-preview:-1\" \/>\n<link rel=\"canonical\" href=\"https:\/\/folhapopular.info\/index.php\/2019\/10\/02\/seguem-abertas-inscricoes-para-o-2o-encontro-da-agrobiodiversidade-dos-vales-e-6o-encontro-regional-de-agroecologia-do-vale-do-taquari\/\" \/>\n<meta property=\"og:locale\" content=\"pt_BR\" \/>\n<meta property=\"og:type\" content=\"article\" \/>\n<meta property=\"og:title\" content=\"Seguem abertas inscri\u00e7\u00f5es para o 2\u00ba Encontro da Agrobiodiversidade dos Vales e 6\u00ba Encontro Regional de Agroecologia do Vale do Taquari - Folha Popular\" \/>\n<meta property=\"og:description\" content=\"Seguem abertas no site https:\/\/www.univates.br\/eventos\/evento\/8402-2-encontro-da-agrobiodiversidade as inscri\u00e7\u00f5es para o 2\u00ba Encontro da Agrobiodiversidade dos Vales e o 6\u00ba Encontro Regional de Agroecologia do Vale do Taquari \u2013 evento que ocorre no dia 16 de outubro, no audit\u00f3rio do Pr\u00e9dio 7 da Univates, em Lajeado, a partir das 8h. Organizada pela Emater\/RS-Ascar, Univates, Articula\u00e7\u00e3o em Agroecologia [&hellip;]\" \/>\n<meta property=\"og:url\" content=\"https:\/\/folhapopular.info\/index.php\/2019\/10\/02\/seguem-abertas-inscricoes-para-o-2o-encontro-da-agrobiodiversidade-dos-vales-e-6o-encontro-regional-de-agroecologia-do-vale-do-taquari\/\" \/>\n<meta property=\"og:site_name\" content=\"Folha Popular\" \/>\n<meta property=\"article:published_time\" content=\"2019-10-02T11:20:54+00:00\" \/>\n<meta property=\"og:image\" content=\"https:\/\/folhapopular.info\/wp-content\/uploads\/2019\/10\/encontro_agrobiodiversidade_agroecologia_lajeado-2-e1570013886628.jpg\" \/>\n\t<meta property=\"og:image:width\" content=\"600\" \/>\n\t<meta property=\"og:image:height\" content=\"397\" \/>\n\t<meta property=\"og:image:type\" content=\"image\/jpeg\" \/>\n<meta name=\"author\" content=\"Reda\u00e7\u00e3o Folha Popular\" \/>\n<meta name=\"twitter:card\" content=\"summary_large_image\" \/>\n<meta name=\"twitter:label1\" content=\"Escrito por\" \/>\n\t<meta name=\"twitter:data1\" content=\"Reda\u00e7\u00e3o Folha Popular\" \/>\n\t<meta name=\"twitter:label2\" content=\"Est. tempo de leitura\" \/>\n\t<meta name=\"twitter:data2\" content=\"2 minutos\" \/>\n<script type=\"application\/ld+json\" class=\"yoast-schema-graph\">{\"@context\":\"https:\\\/\\\/schema.org\",\"@graph\":[{\"@type\":\"Article\",\"@id\":\"https:\\\/\\\/folhapopular.info\\\/index.php\\\/2019\\\/10\\\/02\\\/seguem-abertas-inscricoes-para-o-2o-encontro-da-agrobiodiversidade-dos-vales-e-6o-encontro-regional-de-agroecologia-do-vale-do-taquari\\\/#article\",\"isPartOf\":{\"@id\":\"https:\\\/\\\/folhapopular.info\\\/index.php\\\/2019\\\/10\\\/02\\\/seguem-abertas-inscricoes-para-o-2o-encontro-da-agrobiodiversidade-dos-vales-e-6o-encontro-regional-de-agroecologia-do-vale-do-taquari\\\/\"},\"author\":{\"name\":\"Reda\u00e7\u00e3o Folha Popular\",\"@id\":\"https:\\\/\\\/folhapopular.info\\\/#\\\/schema\\\/person\\\/2814e8a0df7643585a9ca38bc6eb9d4b\"},\"headline\":\"Seguem abertas inscri\u00e7\u00f5es para o 2\u00ba Encontro da Agrobiodiversidade dos Vales e 6\u00ba Encontro Regional de Agroecologia do Vale do Taquari\",\"datePublished\":\"2019-10-02T11:20:54+00:00\",\"mainEntityOfPage\":{\"@id\":\"https:\\\/\\\/folhapopular.info\\\/index.php\\\/2019\\\/10\\\/02\\\/seguem-abertas-inscricoes-para-o-2o-encontro-da-agrobiodiversidade-dos-vales-e-6o-encontro-regional-de-agroecologia-do-vale-do-taquari\\\/\"},\"wordCount\":413,\"commentCount\":0,\"image\":{\"@id\":\"https:\\\/\\\/folhapopular.info\\\/index.php\\\/2019\\\/10\\\/02\\\/seguem-abertas-inscricoes-para-o-2o-encontro-da-agrobiodiversidade-dos-vales-e-6o-encontro-regional-de-agroecologia-do-vale-do-taquari\\\/#primaryimage\"},\"thumbnailUrl\":\"https:\\\/\\\/folhapopular.info\\\/wp-content\\\/uploads\\\/2019\\\/10\\\/encontro_agrobiodiversidade_agroecologia_lajeado-2-e1570013886628.jpg\",\"keywords\":[\"Agroecologia\",\"Lajeado\",\"Univates\"],\"articleSection\":[\"Destaques\",\"Geral\"],\"inLanguage\":\"pt-BR\",\"potentialAction\":[{\"@type\":\"CommentAction\",\"name\":\"Comment\",\"target\":[\"https:\\\/\\\/folhapopular.info\\\/index.php\\\/2019\\\/10\\\/02\\\/seguem-abertas-inscricoes-para-o-2o-encontro-da-agrobiodiversidade-dos-vales-e-6o-encontro-regional-de-agroecologia-do-vale-do-taquari\\\/#respond\"]}]},{\"@type\":\"WebPage\",\"@id\":\"https:\\\/\\\/folhapopular.info\\\/index.php\\\/2019\\\/10\\\/02\\\/seguem-abertas-inscricoes-para-o-2o-encontro-da-agrobiodiversidade-dos-vales-e-6o-encontro-regional-de-agroecologia-do-vale-do-taquari\\\/\",\"url\":\"https:\\\/\\\/folhapopular.info\\\/index.php\\\/2019\\\/10\\\/02\\\/seguem-abertas-inscricoes-para-o-2o-encontro-da-agrobiodiversidade-dos-vales-e-6o-encontro-regional-de-agroecologia-do-vale-do-taquari\\\/\",\"name\":\"Seguem abertas inscri\u00e7\u00f5es para o 2\u00ba Encontro da Agrobiodiversidade dos Vales e 6\u00ba Encontro Regional de Agroecologia do Vale do Taquari - Folha Popular\",\"isPartOf\":{\"@id\":\"https:\\\/\\\/folhapopular.info\\\/#website\"},\"primaryImageOfPage\":{\"@id\":\"https:\\\/\\\/folhapopular.info\\\/index.php\\\/2019\\\/10\\\/02\\\/seguem-abertas-inscricoes-para-o-2o-encontro-da-agrobiodiversidade-dos-vales-e-6o-encontro-regional-de-agroecologia-do-vale-do-taquari\\\/#primaryimage\"},\"image\":{\"@id\":\"https:\\\/\\\/folhapopular.info\\\/index.php\\\/2019\\\/10\\\/02\\\/seguem-abertas-inscricoes-para-o-2o-encontro-da-agrobiodiversidade-dos-vales-e-6o-encontro-regional-de-agroecologia-do-vale-do-taquari\\\/#primaryimage\"},\"thumbnailUrl\":\"https:\\\/\\\/folhapopular.info\\\/wp-content\\\/uploads\\\/2019\\\/10\\\/encontro_agrobiodiversidade_agroecologia_lajeado-2-e1570013886628.jpg\",\"datePublished\":\"2019-10-02T11:20:54+00:00\",\"author\":{\"@id\":\"https:\\\/\\\/folhapopular.info\\\/#\\\/schema\\\/person\\\/2814e8a0df7643585a9ca38bc6eb9d4b\"},\"breadcrumb\":{\"@id\":\"https:\\\/\\\/folhapopular.info\\\/index.php\\\/2019\\\/10\\\/02\\\/seguem-abertas-inscricoes-para-o-2o-encontro-da-agrobiodiversidade-dos-vales-e-6o-encontro-regional-de-agroecologia-do-vale-do-taquari\\\/#breadcrumb\"},\"inLanguage\":\"pt-BR\",\"potentialAction\":[{\"@type\":\"ReadAction\",\"target\":[\"https:\\\/\\\/folhapopular.info\\\/index.php\\\/2019\\\/10\\\/02\\\/seguem-abertas-inscricoes-para-o-2o-encontro-da-agrobiodiversidade-dos-vales-e-6o-encontro-regional-de-agroecologia-do-vale-do-taquari\\\/\"]}]},{\"@type\":\"ImageObject\",\"inLanguage\":\"pt-BR\",\"@id\":\"https:\\\/\\\/folhapopular.info\\\/index.php\\\/2019\\\/10\\\/02\\\/seguem-abertas-inscricoes-para-o-2o-encontro-da-agrobiodiversidade-dos-vales-e-6o-encontro-regional-de-agroecologia-do-vale-do-taquari\\\/#primaryimage\",\"url\":\"https:\\\/\\\/folhapopular.info\\\/wp-content\\\/uploads\\\/2019\\\/10\\\/encontro_agrobiodiversidade_agroecologia_lajeado-2-e1570013886628.jpg\",\"contentUrl\":\"https:\\\/\\\/folhapopular.info\\\/wp-content\\\/uploads\\\/2019\\\/10\\\/encontro_agrobiodiversidade_agroecologia_lajeado-2-e1570013886628.jpg\",\"width\":600,\"height\":397},{\"@type\":\"BreadcrumbList\",\"@id\":\"https:\\\/\\\/folhapopular.info\\\/index.php\\\/2019\\\/10\\\/02\\\/seguem-abertas-inscricoes-para-o-2o-encontro-da-agrobiodiversidade-dos-vales-e-6o-encontro-regional-de-agroecologia-do-vale-do-taquari\\\/#breadcrumb\",\"itemListElement\":[{\"@type\":\"ListItem\",\"position\":1,\"name\":\"In\u00edcio\",\"item\":\"https:\\\/\\\/folhapopular.info\\\/\"},{\"@type\":\"ListItem\",\"position\":2,\"name\":\"Seguem abertas inscri\u00e7\u00f5es para o 2\u00ba Encontro da Agrobiodiversidade dos Vales e 6\u00ba Encontro Regional de Agroecologia do Vale do Taquari\"}]},{\"@type\":\"WebSite\",\"@id\":\"https:\\\/\\\/folhapopular.info\\\/#website\",\"url\":\"https:\\\/\\\/folhapopular.info\\\/\",\"name\":\"Folha Popular\",\"description\":\"Onde voc\u00ea tem vez e voz\",\"potentialAction\":[{\"@type\":\"SearchAction\",\"target\":{\"@type\":\"EntryPoint\",\"urlTemplate\":\"https:\\\/\\\/folhapopular.info\\\/?s={search_term_string}\"},\"query-input\":{\"@type\":\"PropertyValueSpecification\",\"valueRequired\":true,\"valueName\":\"search_term_string\"}}],\"inLanguage\":\"pt-BR\"},{\"@type\":\"Person\",\"@id\":\"https:\\\/\\\/folhapopular.info\\\/#\\\/schema\\\/person\\\/2814e8a0df7643585a9ca38bc6eb9d4b\",\"name\":\"Reda\u00e7\u00e3o Folha Popular\",\"image\":{\"@type\":\"ImageObject\",\"inLanguage\":\"pt-BR\",\"@id\":\"https:\\\/\\\/folhapopular.info\\\/wp-content\\\/uploads\\\/2026\\\/04\\\/Folha-1.webp\",\"url\":\"https:\\\/\\\/folhapopular.info\\\/wp-content\\\/uploads\\\/2026\\\/04\\\/Folha-1.webp\",\"contentUrl\":\"https:\\\/\\\/folhapopular.info\\\/wp-content\\\/uploads\\\/2026\\\/04\\\/Folha-1.webp\",\"caption\":\"Reda\u00e7\u00e3o Folha Popular\"},\"url\":\"https:\\\/\\\/folhapopular.info\\\/index.php\\\/author\\\/redacao\\\/\"}]}<\/script>\n<!-- \/ Yoast SEO plugin. -->","yoast_head_json":{"title":"Seguem abertas inscri\u00e7\u00f5es para o 2\u00ba Encontro da Agrobiodiversidade dos Vales e 6\u00ba Encontro Regional de Agroecologia do Vale do Taquari - Folha Popular","robots":{"index":"index","follow":"follow","max-snippet":"max-snippet:-1","max-image-preview":"max-image-preview:large","max-video-preview":"max-video-preview:-1"},"canonical":"https:\/\/folhapopular.info\/index.php\/2019\/10\/02\/seguem-abertas-inscricoes-para-o-2o-encontro-da-agrobiodiversidade-dos-vales-e-6o-encontro-regional-de-agroecologia-do-vale-do-taquari\/","og_locale":"pt_BR","og_type":"article","og_title":"Seguem abertas inscri\u00e7\u00f5es para o 2\u00ba Encontro da Agrobiodiversidade dos Vales e 6\u00ba Encontro Regional de Agroecologia do Vale do Taquari - Folha Popular","og_description":"Seguem abertas no site https:\/\/www.univates.br\/eventos\/evento\/8402-2-encontro-da-agrobiodiversidade as inscri\u00e7\u00f5es para o 2\u00ba Encontro da Agrobiodiversidade dos Vales e o 6\u00ba Encontro Regional de Agroecologia do Vale do Taquari \u2013 evento que ocorre no dia 16 de outubro, no audit\u00f3rio do Pr\u00e9dio 7 da Univates, em Lajeado, a partir das 8h. Organizada pela Emater\/RS-Ascar, Univates, Articula\u00e7\u00e3o em Agroecologia [&hellip;]","og_url":"https:\/\/folhapopular.info\/index.php\/2019\/10\/02\/seguem-abertas-inscricoes-para-o-2o-encontro-da-agrobiodiversidade-dos-vales-e-6o-encontro-regional-de-agroecologia-do-vale-do-taquari\/","og_site_name":"Folha Popular","article_published_time":"2019-10-02T11:20:54+00:00","og_image":[{"width":600,"height":397,"url":"https:\/\/folhapopular.info\/wp-content\/uploads\/2019\/10\/encontro_agrobiodiversidade_agroecologia_lajeado-2-e1570013886628.jpg","type":"image\/jpeg"}],"author":"Reda\u00e7\u00e3o Folha Popular","twitter_card":"summary_large_image","twitter_misc":{"Escrito por":"Reda\u00e7\u00e3o Folha Popular","Est. tempo de leitura":"2 minutos"},"schema":{"@context":"https:\/\/schema.org","@graph":[{"@type":"Article","@id":"https:\/\/folhapopular.info\/index.php\/2019\/10\/02\/seguem-abertas-inscricoes-para-o-2o-encontro-da-agrobiodiversidade-dos-vales-e-6o-encontro-regional-de-agroecologia-do-vale-do-taquari\/#article","isPartOf":{"@id":"https:\/\/folhapopular.info\/index.php\/2019\/10\/02\/seguem-abertas-inscricoes-para-o-2o-encontro-da-agrobiodiversidade-dos-vales-e-6o-encontro-regional-de-agroecologia-do-vale-do-taquari\/"},"author":{"name":"Reda\u00e7\u00e3o Folha Popular","@id":"https:\/\/folhapopular.info\/#\/schema\/person\/2814e8a0df7643585a9ca38bc6eb9d4b"},"headline":"Seguem abertas inscri\u00e7\u00f5es para o 2\u00ba Encontro da Agrobiodiversidade dos Vales e 6\u00ba Encontro Regional de Agroecologia do Vale do Taquari","datePublished":"2019-10-02T11:20:54+00:00","mainEntityOfPage":{"@id":"https:\/\/folhapopular.info\/index.php\/2019\/10\/02\/seguem-abertas-inscricoes-para-o-2o-encontro-da-agrobiodiversidade-dos-vales-e-6o-encontro-regional-de-agroecologia-do-vale-do-taquari\/"},"wordCount":413,"commentCount":0,"image":{"@id":"https:\/\/folhapopular.info\/index.php\/2019\/10\/02\/seguem-abertas-inscricoes-para-o-2o-encontro-da-agrobiodiversidade-dos-vales-e-6o-encontro-regional-de-agroecologia-do-vale-do-taquari\/#primaryimage"},"thumbnailUrl":"https:\/\/folhapopular.info\/wp-content\/uploads\/2019\/10\/encontro_agrobiodiversidade_agroecologia_lajeado-2-e1570013886628.jpg","keywords":["Agroecologia","Lajeado","Univates"],"articleSection":["Destaques","Geral"],"inLanguage":"pt-BR","potentialAction":[{"@type":"CommentAction","name":"Comment","target":["https:\/\/folhapopular.info\/index.php\/2019\/10\/02\/seguem-abertas-inscricoes-para-o-2o-encontro-da-agrobiodiversidade-dos-vales-e-6o-encontro-regional-de-agroecologia-do-vale-do-taquari\/#respond"]}]},{"@type":"WebPage","@id":"https:\/\/folhapopular.info\/index.php\/2019\/10\/02\/seguem-abertas-inscricoes-para-o-2o-encontro-da-agrobiodiversidade-dos-vales-e-6o-encontro-regional-de-agroecologia-do-vale-do-taquari\/","url":"https:\/\/folhapopular.info\/index.php\/2019\/10\/02\/seguem-abertas-inscricoes-para-o-2o-encontro-da-agrobiodiversidade-dos-vales-e-6o-encontro-regional-de-agroecologia-do-vale-do-taquari\/","name":"Seguem abertas inscri\u00e7\u00f5es para o 2\u00ba Encontro da Agrobiodiversidade dos Vales e 6\u00ba Encontro Regional de Agroecologia do Vale do Taquari - Folha Popular","isPartOf":{"@id":"https:\/\/folhapopular.info\/#website"},"primaryImageOfPage":{"@id":"https:\/\/folhapopular.info\/index.php\/2019\/10\/02\/seguem-abertas-inscricoes-para-o-2o-encontro-da-agrobiodiversidade-dos-vales-e-6o-encontro-regional-de-agroecologia-do-vale-do-taquari\/#primaryimage"},"image":{"@id":"https:\/\/folhapopular.info\/index.php\/2019\/10\/02\/seguem-abertas-inscricoes-para-o-2o-encontro-da-agrobiodiversidade-dos-vales-e-6o-encontro-regional-de-agroecologia-do-vale-do-taquari\/#primaryimage"},"thumbnailUrl":"https:\/\/folhapopular.info\/wp-content\/uploads\/2019\/10\/encontro_agrobiodiversidade_agroecologia_lajeado-2-e1570013886628.jpg","datePublished":"2019-10-02T11:20:54+00:00","author":{"@id":"https:\/\/folhapopular.info\/#\/schema\/person\/2814e8a0df7643585a9ca38bc6eb9d4b"},"breadcrumb":{"@id":"https:\/\/folhapopular.info\/index.php\/2019\/10\/02\/seguem-abertas-inscricoes-para-o-2o-encontro-da-agrobiodiversidade-dos-vales-e-6o-encontro-regional-de-agroecologia-do-vale-do-taquari\/#breadcrumb"},"inLanguage":"pt-BR","potentialAction":[{"@type":"ReadAction","target":["https:\/\/folhapopular.info\/index.php\/2019\/10\/02\/seguem-abertas-inscricoes-para-o-2o-encontro-da-agrobiodiversidade-dos-vales-e-6o-encontro-regional-de-agroecologia-do-vale-do-taquari\/"]}]},{"@type":"ImageObject","inLanguage":"pt-BR","@id":"https:\/\/folhapopular.info\/index.php\/2019\/10\/02\/seguem-abertas-inscricoes-para-o-2o-encontro-da-agrobiodiversidade-dos-vales-e-6o-encontro-regional-de-agroecologia-do-vale-do-taquari\/#primaryimage","url":"https:\/\/folhapopular.info\/wp-content\/uploads\/2019\/10\/encontro_agrobiodiversidade_agroecologia_lajeado-2-e1570013886628.jpg","contentUrl":"https:\/\/folhapopular.info\/wp-content\/uploads\/2019\/10\/encontro_agrobiodiversidade_agroecologia_lajeado-2-e1570013886628.jpg","width":600,"height":397},{"@type":"BreadcrumbList","@id":"https:\/\/folhapopular.info\/index.php\/2019\/10\/02\/seguem-abertas-inscricoes-para-o-2o-encontro-da-agrobiodiversidade-dos-vales-e-6o-encontro-regional-de-agroecologia-do-vale-do-taquari\/#breadcrumb","itemListElement":[{"@type":"ListItem","position":1,"name":"In\u00edcio","item":"https:\/\/folhapopular.info\/"},{"@type":"ListItem","position":2,"name":"Seguem abertas inscri\u00e7\u00f5es para o 2\u00ba Encontro da Agrobiodiversidade dos Vales e 6\u00ba Encontro Regional de Agroecologia do Vale do Taquari"}]},{"@type":"WebSite","@id":"https:\/\/folhapopular.info\/#website","url":"https:\/\/folhapopular.info\/","name":"Folha Popular","description":"Onde voc\u00ea tem vez e voz","potentialAction":[{"@type":"SearchAction","target":{"@type":"EntryPoint","urlTemplate":"https:\/\/folhapopular.info\/?s={search_term_string}"},"query-input":{"@type":"PropertyValueSpecification","valueRequired":true,"valueName":"search_term_string"}}],"inLanguage":"pt-BR"},{"@type":"Person","@id":"https:\/\/folhapopular.info\/#\/schema\/person\/2814e8a0df7643585a9ca38bc6eb9d4b","name":"Reda\u00e7\u00e3o Folha Popular","image":{"@type":"ImageObject","inLanguage":"pt-BR","@id":"https:\/\/folhapopular.info\/wp-content\/uploads\/2026\/04\/Folha-1.webp","url":"https:\/\/folhapopular.info\/wp-content\/uploads\/2026\/04\/Folha-1.webp","contentUrl":"https:\/\/folhapopular.info\/wp-content\/uploads\/2026\/04\/Folha-1.webp","caption":"Reda\u00e7\u00e3o Folha Popular"},"url":"https:\/\/folhapopular.info\/index.php\/author\/redacao\/"}]}},"jetpack_featured_media_url":"https:\/\/folhapopular.info\/wp-content\/uploads\/2019\/10\/encontro_agrobiodiversidade_agroecologia_lajeado-2-e1570013886628.jpg","jetpack_sharing_enabled":true,"amp_enabled":true,"_links":{"self":[{"href":"https:\/\/folhapopular.info\/index.php\/wp-json\/wp\/v2\/posts\/59432","targetHints":{"allow":["GET"]}}],"collection":[{"href":"https:\/\/folhapopular.info\/index.php\/wp-json\/wp\/v2\/posts"}],"about":[{"href":"https:\/\/folhapopular.info\/index.php\/wp-json\/wp\/v2\/types\/post"}],"author":[{"embeddable":true,"href":"https:\/\/folhapopular.info\/index.php\/wp-json\/wp\/v2\/users\/8"}],"replies":[{"embeddable":true,"href":"https:\/\/folhapopular.info\/index.php\/wp-json\/wp\/v2\/comments?post=59432"}],"version-history":[{"count":0,"href":"https:\/\/folhapopular.info\/index.php\/wp-json\/wp\/v2\/posts\/59432\/revisions"}],"wp:featuredmedia":[{"embeddable":true,"href":"https:\/\/folhapopular.info\/index.php\/wp-json\/wp\/v2\/media\/59434"}],"wp:attachment":[{"href":"https:\/\/folhapopular.info\/index.php\/wp-json\/wp\/v2\/media?parent=59432"}],"wp:term":[{"taxonomy":"category","embeddable":true,"href":"https:\/\/folhapopular.info\/index.php\/wp-json\/wp\/v2\/categories?post=59432"},{"taxonomy":"post_tag","embeddable":true,"href":"https:\/\/folhapopular.info\/index.php\/wp-json\/wp\/v2\/tags?post=59432"}],"curies":[{"name":"wp","href":"https:\/\/api.w.org\/{rel}","templated":true}]}}