{"id":59442,"date":"2019-10-02T15:20:42","date_gmt":"2019-10-02T18:20:42","guid":{"rendered":"http:\/\/folhapopular.info\/?p=59442"},"modified":"2019-10-02T15:28:35","modified_gmt":"2019-10-02T18:28:35","slug":"prefeitura-de-teutonia-tera-alteracoes-de-expediente-nos-proximos-meses-2","status":"publish","type":"post","link":"https:\/\/folhapopular.info\/index.php\/2019\/10\/02\/prefeitura-de-teutonia-tera-alteracoes-de-expediente-nos-proximos-meses-2\/","title":{"rendered":"Prefeitura de Teut\u00f4nia ter\u00e1 altera\u00e7\u00f5es de expediente nos pr\u00f3ximos meses"},"content":{"rendered":"\n<p>A Prefeitura de&nbsp;Teut\u00f4nia&nbsp;editou e publicou, recentemente, tr\u00eas decretos que alterar\u00e3o o expediente das reparti\u00e7\u00f5es p\u00fablicas municipais. Em s\u00edntese, n\u00e3o haver\u00e1 expediente nos dias 31 de outubro, 1\u00ba de novembro e 24 e 31 de dezembro. A Secretaria da Fazenda tamb\u00e9m n\u00e3o ter\u00e1 expediente no dia 4 de novembro.<\/p>\n\n\n\n<p>O Decreto 2.638\/2019 trata do ponto facultativo do dia 28 de outubro, em comemora\u00e7\u00e3o ao \u201cDia do Servidor P\u00fablico\u201d, que fica transferido para o dia 1\u00ba de novembro. Sendo assim, n\u00e3o haver\u00e1 expediente nos dias 31 de outubro (feriado municipal do Dia da Reforma Luterana) e 1\u00ba de novembro. No dia 28 de outubro, o expediente ser\u00e1 normal. O transporte de pacientes e a coleta de lixo ficam inalterados no dia 1\u00ba.<\/p>\n\n\n\n<p>J\u00e1 o Decreto 2.639\/2019 determina a realiza\u00e7\u00e3o de expediente interno, isto \u00e9, sem atendimento ao p\u00fablico, na Secretaria da Fazenda no dia 4 de novembro. A medida ocorre devido \u00e0 atualiza\u00e7\u00e3o dos sistemas na Secretaria e o consequente treinamento aos servidores.<\/p>\n\n\n\n<p>E, por fim, ainda h\u00e1 o Decreto 2.640\/2019.&nbsp;Conforme a publica\u00e7\u00e3o, n\u00e3o haver\u00e1 expediente nas reparti\u00e7\u00f5es p\u00fablicas de&nbsp;Teut\u00f4nia&nbsp;no turno da manh\u00e3 nos dias 24 e 31 de dezembro, v\u00e9spera de Natal e Ano Novo, respectivamente. A Lei Municipal 4.969\/2018 previa expediente normal no turno da manh\u00e3 nestes dias e ponto facultativo \u00e0 tarde.<\/p>\n\n\n\n<p>No entanto, os servidores dispensados&nbsp;nos dias 24 e 31 de dezembro&nbsp;dever\u00e3o recuperar as horas n\u00e3o trabalhadas. Essa recupera\u00e7\u00e3o&nbsp;ocorrer\u00e1 durante o m\u00eas de outubro, quando os servidores trabalhar\u00e3o meia hora a mais por dia. Entre os dias&nbsp;1\u00ba&nbsp;e&nbsp;22&nbsp;de outubro, o expediente&nbsp;no&nbsp;Centro Administrativo ser\u00e1 das 7h30min \u00e0s 12h&nbsp;e das 13h \u00e0s 17h.<\/p>\n\n\n\n<p>Nos setores localizados fora do Centro Administrativo, como postos de Sa\u00fade, Cras,&nbsp;Creas&nbsp;e capatazias de Obras, o expediente ser\u00e1 definido por cada secretaria, dentro do per\u00edodo estipulado. Tamb\u00e9m caber\u00e1 a cada superior hier\u00e1rquico fiscalizar a compensa\u00e7\u00e3o a ser feita. A n\u00e3o compensa\u00e7\u00e3o acarretar\u00e1 nos descontos pertinentes na folha de pagamento dos servidores.<\/p>\n\n\n\n<p>Excetuam-se das altera\u00e7\u00f5es os servi\u00e7os essenciais, como coleta de lixo e transporte de pacientes, que ser\u00e3o mantidos normalmente. Servidores do magist\u00e9rio seguir\u00e3o o calend\u00e1rio escolar.<\/p>\n","protected":false},"excerpt":{"rendered":"<p>A Prefeitura de&nbsp;Teut\u00f4nia&nbsp;editou e publicou, recentemente, tr\u00eas decretos que alterar\u00e3o o expediente das reparti\u00e7\u00f5es p\u00fablicas municipais. Em s\u00edntese, n\u00e3o haver\u00e1 expediente nos dias 31 de outubro, 1\u00ba de novembro e 24 e 31 de dezembro. A Secretaria da Fazenda tamb\u00e9m n\u00e3o ter\u00e1 expediente no dia 4 de novembro. O Decreto 2.638\/2019 trata do ponto facultativo [&hellip;]<\/p>\n","protected":false},"author":8,"featured_media":59443,"comment_status":"open","ping_status":"open","sticky":false,"template":"","format":"standard","meta":{"pmpro_default_level":"","_jetpack_memberships_contains_paid_content":false,"footnotes":""},"categories":[2,3],"tags":[5074,1855,26],"class_list":{"0":"post-59442","1":"post","2":"type-post","3":"status-publish","4":"format-standard","5":"has-post-thumbnail","7":"category-featured","8":"category-geral","9":"tag-horarios-de-expediente","10":"tag-prefeitura","11":"tag-teutonia","12":"pmpro-has-access"},"yoast_head":"<!-- This site is optimized with the Yoast SEO plugin v27.5 - https:\/\/yoast.com\/product\/yoast-seo-wordpress\/ -->\n<title>Prefeitura de Teut\u00f4nia ter\u00e1 altera\u00e7\u00f5es de expediente nos pr\u00f3ximos meses - Folha Popular<\/title>\n<meta name=\"robots\" content=\"index, follow, max-snippet:-1, max-image-preview:large, max-video-preview:-1\" \/>\n<link rel=\"canonical\" href=\"https:\/\/folhapopular.info\/index.php\/2019\/10\/02\/prefeitura-de-teutonia-tera-alteracoes-de-expediente-nos-proximos-meses-2\/\" \/>\n<meta property=\"og:locale\" content=\"pt_BR\" \/>\n<meta property=\"og:type\" content=\"article\" \/>\n<meta property=\"og:title\" content=\"Prefeitura de Teut\u00f4nia ter\u00e1 altera\u00e7\u00f5es de expediente nos pr\u00f3ximos meses - Folha Popular\" \/>\n<meta property=\"og:description\" content=\"A Prefeitura de&nbsp;Teut\u00f4nia&nbsp;editou e publicou, recentemente, tr\u00eas decretos que alterar\u00e3o o expediente das reparti\u00e7\u00f5es p\u00fablicas municipais. Em s\u00edntese, n\u00e3o haver\u00e1 expediente nos dias 31 de outubro, 1\u00ba de novembro e 24 e 31 de dezembro. A Secretaria da Fazenda tamb\u00e9m n\u00e3o ter\u00e1 expediente no dia 4 de novembro. O Decreto 2.638\/2019 trata do ponto facultativo [&hellip;]\" \/>\n<meta property=\"og:url\" content=\"https:\/\/folhapopular.info\/index.php\/2019\/10\/02\/prefeitura-de-teutonia-tera-alteracoes-de-expediente-nos-proximos-meses-2\/\" \/>\n<meta property=\"og:site_name\" content=\"Folha Popular\" \/>\n<meta property=\"article:published_time\" content=\"2019-10-02T18:20:42+00:00\" \/>\n<meta property=\"article:modified_time\" content=\"2019-10-02T18:28:35+00:00\" \/>\n<meta property=\"og:image\" content=\"https:\/\/folhapopular.info\/wp-content\/uploads\/2019\/10\/Expediente-da-Prefeitura-de-Teut\u00f4nia-ter\u00e1-altera\u00e7\u00f5es-nos-pr\u00f3ximos-meses-e1570038090478.jpg\" \/>\n\t<meta property=\"og:image:width\" content=\"800\" \/>\n\t<meta property=\"og:image:height\" content=\"600\" \/>\n\t<meta property=\"og:image:type\" content=\"image\/jpeg\" \/>\n<meta name=\"author\" content=\"Reda\u00e7\u00e3o Folha Popular\" \/>\n<meta name=\"twitter:card\" content=\"summary_large_image\" \/>\n<meta name=\"twitter:label1\" content=\"Escrito por\" \/>\n\t<meta name=\"twitter:data1\" content=\"Reda\u00e7\u00e3o Folha Popular\" \/>\n\t<meta name=\"twitter:label2\" content=\"Est. tempo de leitura\" \/>\n\t<meta name=\"twitter:data2\" content=\"2 minutos\" \/>\n<script type=\"application\/ld+json\" class=\"yoast-schema-graph\">{\"@context\":\"https:\\\/\\\/schema.org\",\"@graph\":[{\"@type\":\"Article\",\"@id\":\"https:\\\/\\\/folhapopular.info\\\/index.php\\\/2019\\\/10\\\/02\\\/prefeitura-de-teutonia-tera-alteracoes-de-expediente-nos-proximos-meses-2\\\/#article\",\"isPartOf\":{\"@id\":\"https:\\\/\\\/folhapopular.info\\\/index.php\\\/2019\\\/10\\\/02\\\/prefeitura-de-teutonia-tera-alteracoes-de-expediente-nos-proximos-meses-2\\\/\"},\"author\":{\"name\":\"Reda\u00e7\u00e3o Folha Popular\",\"@id\":\"https:\\\/\\\/folhapopular.info\\\/#\\\/schema\\\/person\\\/2814e8a0df7643585a9ca38bc6eb9d4b\"},\"headline\":\"Prefeitura de Teut\u00f4nia ter\u00e1 altera\u00e7\u00f5es de expediente nos pr\u00f3ximos meses\",\"datePublished\":\"2019-10-02T18:20:42+00:00\",\"dateModified\":\"2019-10-02T18:28:35+00:00\",\"mainEntityOfPage\":{\"@id\":\"https:\\\/\\\/folhapopular.info\\\/index.php\\\/2019\\\/10\\\/02\\\/prefeitura-de-teutonia-tera-alteracoes-de-expediente-nos-proximos-meses-2\\\/\"},\"wordCount\":400,\"commentCount\":0,\"image\":{\"@id\":\"https:\\\/\\\/folhapopular.info\\\/index.php\\\/2019\\\/10\\\/02\\\/prefeitura-de-teutonia-tera-alteracoes-de-expediente-nos-proximos-meses-2\\\/#primaryimage\"},\"thumbnailUrl\":\"https:\\\/\\\/folhapopular.info\\\/wp-content\\\/uploads\\\/2019\\\/10\\\/Expediente-da-Prefeitura-de-Teut\u00f4nia-ter\u00e1-altera\u00e7\u00f5es-nos-pr\u00f3ximos-meses-e1570038090478.jpg\",\"keywords\":[\"Hor\u00e1rios de Expediente\",\"Prefeitura\",\"Teut\u00f4nia\"],\"articleSection\":[\"Destaques\",\"Geral\"],\"inLanguage\":\"pt-BR\",\"potentialAction\":[{\"@type\":\"CommentAction\",\"name\":\"Comment\",\"target\":[\"https:\\\/\\\/folhapopular.info\\\/index.php\\\/2019\\\/10\\\/02\\\/prefeitura-de-teutonia-tera-alteracoes-de-expediente-nos-proximos-meses-2\\\/#respond\"]}]},{\"@type\":\"WebPage\",\"@id\":\"https:\\\/\\\/folhapopular.info\\\/index.php\\\/2019\\\/10\\\/02\\\/prefeitura-de-teutonia-tera-alteracoes-de-expediente-nos-proximos-meses-2\\\/\",\"url\":\"https:\\\/\\\/folhapopular.info\\\/index.php\\\/2019\\\/10\\\/02\\\/prefeitura-de-teutonia-tera-alteracoes-de-expediente-nos-proximos-meses-2\\\/\",\"name\":\"Prefeitura de Teut\u00f4nia ter\u00e1 altera\u00e7\u00f5es de expediente nos pr\u00f3ximos meses - Folha Popular\",\"isPartOf\":{\"@id\":\"https:\\\/\\\/folhapopular.info\\\/#website\"},\"primaryImageOfPage\":{\"@id\":\"https:\\\/\\\/folhapopular.info\\\/index.php\\\/2019\\\/10\\\/02\\\/prefeitura-de-teutonia-tera-alteracoes-de-expediente-nos-proximos-meses-2\\\/#primaryimage\"},\"image\":{\"@id\":\"https:\\\/\\\/folhapopular.info\\\/index.php\\\/2019\\\/10\\\/02\\\/prefeitura-de-teutonia-tera-alteracoes-de-expediente-nos-proximos-meses-2\\\/#primaryimage\"},\"thumbnailUrl\":\"https:\\\/\\\/folhapopular.info\\\/wp-content\\\/uploads\\\/2019\\\/10\\\/Expediente-da-Prefeitura-de-Teut\u00f4nia-ter\u00e1-altera\u00e7\u00f5es-nos-pr\u00f3ximos-meses-e1570038090478.jpg\",\"datePublished\":\"2019-10-02T18:20:42+00:00\",\"dateModified\":\"2019-10-02T18:28:35+00:00\",\"author\":{\"@id\":\"https:\\\/\\\/folhapopular.info\\\/#\\\/schema\\\/person\\\/2814e8a0df7643585a9ca38bc6eb9d4b\"},\"breadcrumb\":{\"@id\":\"https:\\\/\\\/folhapopular.info\\\/index.php\\\/2019\\\/10\\\/02\\\/prefeitura-de-teutonia-tera-alteracoes-de-expediente-nos-proximos-meses-2\\\/#breadcrumb\"},\"inLanguage\":\"pt-BR\",\"potentialAction\":[{\"@type\":\"ReadAction\",\"target\":[\"https:\\\/\\\/folhapopular.info\\\/index.php\\\/2019\\\/10\\\/02\\\/prefeitura-de-teutonia-tera-alteracoes-de-expediente-nos-proximos-meses-2\\\/\"]}]},{\"@type\":\"ImageObject\",\"inLanguage\":\"pt-BR\",\"@id\":\"https:\\\/\\\/folhapopular.info\\\/index.php\\\/2019\\\/10\\\/02\\\/prefeitura-de-teutonia-tera-alteracoes-de-expediente-nos-proximos-meses-2\\\/#primaryimage\",\"url\":\"https:\\\/\\\/folhapopular.info\\\/wp-content\\\/uploads\\\/2019\\\/10\\\/Expediente-da-Prefeitura-de-Teut\u00f4nia-ter\u00e1-altera\u00e7\u00f5es-nos-pr\u00f3ximos-meses-e1570038090478.jpg\",\"contentUrl\":\"https:\\\/\\\/folhapopular.info\\\/wp-content\\\/uploads\\\/2019\\\/10\\\/Expediente-da-Prefeitura-de-Teut\u00f4nia-ter\u00e1-altera\u00e7\u00f5es-nos-pr\u00f3ximos-meses-e1570038090478.jpg\",\"width\":800,\"height\":600,\"caption\":\"Cr\u00e9dito da foto: Leo Wiebusch \\\/ Divulga\u00e7\u00e3o\"},{\"@type\":\"BreadcrumbList\",\"@id\":\"https:\\\/\\\/folhapopular.info\\\/index.php\\\/2019\\\/10\\\/02\\\/prefeitura-de-teutonia-tera-alteracoes-de-expediente-nos-proximos-meses-2\\\/#breadcrumb\",\"itemListElement\":[{\"@type\":\"ListItem\",\"position\":1,\"name\":\"In\u00edcio\",\"item\":\"https:\\\/\\\/folhapopular.info\\\/\"},{\"@type\":\"ListItem\",\"position\":2,\"name\":\"Prefeitura de Teut\u00f4nia ter\u00e1 altera\u00e7\u00f5es de expediente nos pr\u00f3ximos meses\"}]},{\"@type\":\"WebSite\",\"@id\":\"https:\\\/\\\/folhapopular.info\\\/#website\",\"url\":\"https:\\\/\\\/folhapopular.info\\\/\",\"name\":\"Folha Popular\",\"description\":\"Onde voc\u00ea tem vez e voz\",\"potentialAction\":[{\"@type\":\"SearchAction\",\"target\":{\"@type\":\"EntryPoint\",\"urlTemplate\":\"https:\\\/\\\/folhapopular.info\\\/?s={search_term_string}\"},\"query-input\":{\"@type\":\"PropertyValueSpecification\",\"valueRequired\":true,\"valueName\":\"search_term_string\"}}],\"inLanguage\":\"pt-BR\"},{\"@type\":\"Person\",\"@id\":\"https:\\\/\\\/folhapopular.info\\\/#\\\/schema\\\/person\\\/2814e8a0df7643585a9ca38bc6eb9d4b\",\"name\":\"Reda\u00e7\u00e3o Folha Popular\",\"image\":{\"@type\":\"ImageObject\",\"inLanguage\":\"pt-BR\",\"@id\":\"https:\\\/\\\/folhapopular.info\\\/wp-content\\\/uploads\\\/2026\\\/04\\\/Folha-1.webp\",\"url\":\"https:\\\/\\\/folhapopular.info\\\/wp-content\\\/uploads\\\/2026\\\/04\\\/Folha-1.webp\",\"contentUrl\":\"https:\\\/\\\/folhapopular.info\\\/wp-content\\\/uploads\\\/2026\\\/04\\\/Folha-1.webp\",\"caption\":\"Reda\u00e7\u00e3o Folha Popular\"},\"url\":\"https:\\\/\\\/folhapopular.info\\\/index.php\\\/author\\\/redacao\\\/\"}]}<\/script>\n<!-- \/ Yoast SEO plugin. -->","yoast_head_json":{"title":"Prefeitura de Teut\u00f4nia ter\u00e1 altera\u00e7\u00f5es de expediente nos pr\u00f3ximos meses - Folha Popular","robots":{"index":"index","follow":"follow","max-snippet":"max-snippet:-1","max-image-preview":"max-image-preview:large","max-video-preview":"max-video-preview:-1"},"canonical":"https:\/\/folhapopular.info\/index.php\/2019\/10\/02\/prefeitura-de-teutonia-tera-alteracoes-de-expediente-nos-proximos-meses-2\/","og_locale":"pt_BR","og_type":"article","og_title":"Prefeitura de Teut\u00f4nia ter\u00e1 altera\u00e7\u00f5es de expediente nos pr\u00f3ximos meses - Folha Popular","og_description":"A Prefeitura de&nbsp;Teut\u00f4nia&nbsp;editou e publicou, recentemente, tr\u00eas decretos que alterar\u00e3o o expediente das reparti\u00e7\u00f5es p\u00fablicas municipais. Em s\u00edntese, n\u00e3o haver\u00e1 expediente nos dias 31 de outubro, 1\u00ba de novembro e 24 e 31 de dezembro. A Secretaria da Fazenda tamb\u00e9m n\u00e3o ter\u00e1 expediente no dia 4 de novembro. O Decreto 2.638\/2019 trata do ponto facultativo [&hellip;]","og_url":"https:\/\/folhapopular.info\/index.php\/2019\/10\/02\/prefeitura-de-teutonia-tera-alteracoes-de-expediente-nos-proximos-meses-2\/","og_site_name":"Folha Popular","article_published_time":"2019-10-02T18:20:42+00:00","article_modified_time":"2019-10-02T18:28:35+00:00","og_image":[{"width":800,"height":600,"url":"https:\/\/folhapopular.info\/wp-content\/uploads\/2019\/10\/Expediente-da-Prefeitura-de-Teut\u00f4nia-ter\u00e1-altera\u00e7\u00f5es-nos-pr\u00f3ximos-meses-e1570038090478.jpg","type":"image\/jpeg"}],"author":"Reda\u00e7\u00e3o Folha Popular","twitter_card":"summary_large_image","twitter_misc":{"Escrito por":"Reda\u00e7\u00e3o Folha Popular","Est. tempo de leitura":"2 minutos"},"schema":{"@context":"https:\/\/schema.org","@graph":[{"@type":"Article","@id":"https:\/\/folhapopular.info\/index.php\/2019\/10\/02\/prefeitura-de-teutonia-tera-alteracoes-de-expediente-nos-proximos-meses-2\/#article","isPartOf":{"@id":"https:\/\/folhapopular.info\/index.php\/2019\/10\/02\/prefeitura-de-teutonia-tera-alteracoes-de-expediente-nos-proximos-meses-2\/"},"author":{"name":"Reda\u00e7\u00e3o Folha Popular","@id":"https:\/\/folhapopular.info\/#\/schema\/person\/2814e8a0df7643585a9ca38bc6eb9d4b"},"headline":"Prefeitura de Teut\u00f4nia ter\u00e1 altera\u00e7\u00f5es de expediente nos pr\u00f3ximos meses","datePublished":"2019-10-02T18:20:42+00:00","dateModified":"2019-10-02T18:28:35+00:00","mainEntityOfPage":{"@id":"https:\/\/folhapopular.info\/index.php\/2019\/10\/02\/prefeitura-de-teutonia-tera-alteracoes-de-expediente-nos-proximos-meses-2\/"},"wordCount":400,"commentCount":0,"image":{"@id":"https:\/\/folhapopular.info\/index.php\/2019\/10\/02\/prefeitura-de-teutonia-tera-alteracoes-de-expediente-nos-proximos-meses-2\/#primaryimage"},"thumbnailUrl":"https:\/\/folhapopular.info\/wp-content\/uploads\/2019\/10\/Expediente-da-Prefeitura-de-Teut\u00f4nia-ter\u00e1-altera\u00e7\u00f5es-nos-pr\u00f3ximos-meses-e1570038090478.jpg","keywords":["Hor\u00e1rios de Expediente","Prefeitura","Teut\u00f4nia"],"articleSection":["Destaques","Geral"],"inLanguage":"pt-BR","potentialAction":[{"@type":"CommentAction","name":"Comment","target":["https:\/\/folhapopular.info\/index.php\/2019\/10\/02\/prefeitura-de-teutonia-tera-alteracoes-de-expediente-nos-proximos-meses-2\/#respond"]}]},{"@type":"WebPage","@id":"https:\/\/folhapopular.info\/index.php\/2019\/10\/02\/prefeitura-de-teutonia-tera-alteracoes-de-expediente-nos-proximos-meses-2\/","url":"https:\/\/folhapopular.info\/index.php\/2019\/10\/02\/prefeitura-de-teutonia-tera-alteracoes-de-expediente-nos-proximos-meses-2\/","name":"Prefeitura de Teut\u00f4nia ter\u00e1 altera\u00e7\u00f5es de expediente nos pr\u00f3ximos meses - Folha Popular","isPartOf":{"@id":"https:\/\/folhapopular.info\/#website"},"primaryImageOfPage":{"@id":"https:\/\/folhapopular.info\/index.php\/2019\/10\/02\/prefeitura-de-teutonia-tera-alteracoes-de-expediente-nos-proximos-meses-2\/#primaryimage"},"image":{"@id":"https:\/\/folhapopular.info\/index.php\/2019\/10\/02\/prefeitura-de-teutonia-tera-alteracoes-de-expediente-nos-proximos-meses-2\/#primaryimage"},"thumbnailUrl":"https:\/\/folhapopular.info\/wp-content\/uploads\/2019\/10\/Expediente-da-Prefeitura-de-Teut\u00f4nia-ter\u00e1-altera\u00e7\u00f5es-nos-pr\u00f3ximos-meses-e1570038090478.jpg","datePublished":"2019-10-02T18:20:42+00:00","dateModified":"2019-10-02T18:28:35+00:00","author":{"@id":"https:\/\/folhapopular.info\/#\/schema\/person\/2814e8a0df7643585a9ca38bc6eb9d4b"},"breadcrumb":{"@id":"https:\/\/folhapopular.info\/index.php\/2019\/10\/02\/prefeitura-de-teutonia-tera-alteracoes-de-expediente-nos-proximos-meses-2\/#breadcrumb"},"inLanguage":"pt-BR","potentialAction":[{"@type":"ReadAction","target":["https:\/\/folhapopular.info\/index.php\/2019\/10\/02\/prefeitura-de-teutonia-tera-alteracoes-de-expediente-nos-proximos-meses-2\/"]}]},{"@type":"ImageObject","inLanguage":"pt-BR","@id":"https:\/\/folhapopular.info\/index.php\/2019\/10\/02\/prefeitura-de-teutonia-tera-alteracoes-de-expediente-nos-proximos-meses-2\/#primaryimage","url":"https:\/\/folhapopular.info\/wp-content\/uploads\/2019\/10\/Expediente-da-Prefeitura-de-Teut\u00f4nia-ter\u00e1-altera\u00e7\u00f5es-nos-pr\u00f3ximos-meses-e1570038090478.jpg","contentUrl":"https:\/\/folhapopular.info\/wp-content\/uploads\/2019\/10\/Expediente-da-Prefeitura-de-Teut\u00f4nia-ter\u00e1-altera\u00e7\u00f5es-nos-pr\u00f3ximos-meses-e1570038090478.jpg","width":800,"height":600,"caption":"Cr\u00e9dito da foto: Leo Wiebusch \/ Divulga\u00e7\u00e3o"},{"@type":"BreadcrumbList","@id":"https:\/\/folhapopular.info\/index.php\/2019\/10\/02\/prefeitura-de-teutonia-tera-alteracoes-de-expediente-nos-proximos-meses-2\/#breadcrumb","itemListElement":[{"@type":"ListItem","position":1,"name":"In\u00edcio","item":"https:\/\/folhapopular.info\/"},{"@type":"ListItem","position":2,"name":"Prefeitura de Teut\u00f4nia ter\u00e1 altera\u00e7\u00f5es de expediente nos pr\u00f3ximos meses"}]},{"@type":"WebSite","@id":"https:\/\/folhapopular.info\/#website","url":"https:\/\/folhapopular.info\/","name":"Folha Popular","description":"Onde voc\u00ea tem vez e voz","potentialAction":[{"@type":"SearchAction","target":{"@type":"EntryPoint","urlTemplate":"https:\/\/folhapopular.info\/?s={search_term_string}"},"query-input":{"@type":"PropertyValueSpecification","valueRequired":true,"valueName":"search_term_string"}}],"inLanguage":"pt-BR"},{"@type":"Person","@id":"https:\/\/folhapopular.info\/#\/schema\/person\/2814e8a0df7643585a9ca38bc6eb9d4b","name":"Reda\u00e7\u00e3o Folha Popular","image":{"@type":"ImageObject","inLanguage":"pt-BR","@id":"https:\/\/folhapopular.info\/wp-content\/uploads\/2026\/04\/Folha-1.webp","url":"https:\/\/folhapopular.info\/wp-content\/uploads\/2026\/04\/Folha-1.webp","contentUrl":"https:\/\/folhapopular.info\/wp-content\/uploads\/2026\/04\/Folha-1.webp","caption":"Reda\u00e7\u00e3o Folha Popular"},"url":"https:\/\/folhapopular.info\/index.php\/author\/redacao\/"}]}},"jetpack_featured_media_url":"https:\/\/folhapopular.info\/wp-content\/uploads\/2019\/10\/Expediente-da-Prefeitura-de-Teut\u00f4nia-ter\u00e1-altera\u00e7\u00f5es-nos-pr\u00f3ximos-meses-e1570038090478.jpg","jetpack_sharing_enabled":true,"amp_enabled":true,"_links":{"self":[{"href":"https:\/\/folhapopular.info\/index.php\/wp-json\/wp\/v2\/posts\/59442","targetHints":{"allow":["GET"]}}],"collection":[{"href":"https:\/\/folhapopular.info\/index.php\/wp-json\/wp\/v2\/posts"}],"about":[{"href":"https:\/\/folhapopular.info\/index.php\/wp-json\/wp\/v2\/types\/post"}],"author":[{"embeddable":true,"href":"https:\/\/folhapopular.info\/index.php\/wp-json\/wp\/v2\/users\/8"}],"replies":[{"embeddable":true,"href":"https:\/\/folhapopular.info\/index.php\/wp-json\/wp\/v2\/comments?post=59442"}],"version-history":[{"count":0,"href":"https:\/\/folhapopular.info\/index.php\/wp-json\/wp\/v2\/posts\/59442\/revisions"}],"wp:featuredmedia":[{"embeddable":true,"href":"https:\/\/folhapopular.info\/index.php\/wp-json\/wp\/v2\/media\/59443"}],"wp:attachment":[{"href":"https:\/\/folhapopular.info\/index.php\/wp-json\/wp\/v2\/media?parent=59442"}],"wp:term":[{"taxonomy":"category","embeddable":true,"href":"https:\/\/folhapopular.info\/index.php\/wp-json\/wp\/v2\/categories?post=59442"},{"taxonomy":"post_tag","embeddable":true,"href":"https:\/\/folhapopular.info\/index.php\/wp-json\/wp\/v2\/tags?post=59442"}],"curies":[{"name":"wp","href":"https:\/\/api.w.org\/{rel}","templated":true}]}}