{"id":59475,"date":"2019-10-03T09:00:20","date_gmt":"2019-10-03T12:00:20","guid":{"rendered":"http:\/\/folhapopular.info\/?p=59475"},"modified":"2019-10-03T09:01:48","modified_gmt":"2019-10-03T12:01:48","slug":"categoria-mirim-fecha-o-futsal-dos-jogos-escolares","status":"publish","type":"post","link":"https:\/\/folhapopular.info\/index.php\/2019\/10\/03\/categoria-mirim-fecha-o-futsal-dos-jogos-escolares\/","title":{"rendered":"Categoria mirim fecha o futsal dos Jogos Escolares de Estrela"},"content":{"rendered":"\n<p>Foram tr\u00eas dias de jogos. Mais de 300 atletas de 54 equipes representando 15 escolas das tr\u00eas redes de ensino, respons\u00e1veis por mais de 200 gols. Este foi o panorama da etapa futsal, a maior coletiva da temporada 2019 do Jogos Escolares de Estrela, promovidos pela Secretaria Municipal de Esportes e Lazer (Smel). A modalidade foi finalizada na manh\u00e3 desta\u00a0quarta-feira (02\/10), com a disputa da categoria mirim (2006 a 2009). A pr\u00f3xima etapa ser\u00e1 o atletismo, tamb\u00e9m em outubro, dia 22.<\/p>\n\n\n\n<p>Nas duas quadras no Gin\u00e1sio Municipal Ito Jo\u00e3o Snel estiveram 19 equipes mirins. Entre as nove femininas, o alto de p\u00f3dio ficou com o elenco do Col\u00e9gio Santo Ant\u00f4nio (CSA), seguido da Emef C\u00f4nego Sereno Hugo Wolkmer e da EEEB Vidal de Negreiros. Vidal que fez ainda mais bonito entre os garotos. Foi o melhor entre os 11 times. O Col\u00e9gio Martin Luther levou o vice e o CSA o terceiro lugar.<\/p>\n\n\n\n<p>Da etapa como um todo participaram 15 escolas das tr\u00eas redes de ensino. As municipais Arnaldo Jos\u00e9 Diel, C\u00f4nego Sereno Hugo Wolkmer, Jos\u00e9 Bonif\u00e1cio, Leo Joas, Odilo Afonso Thom\u00e9, Pedro Jorge Schmidt (PJS), Pinheiros; as estaduais Nicolau M\u00fcssnich, Vidal de Negreiros, Ensino M\u00e9dio Estrela, Moinhos,&nbsp;20 de Maio&nbsp;e IEEEM; e os col\u00e9gios particulares Martin Luther (CML) e Santo Ant\u00f4nio (CSA). Destas, dez subiram ao p\u00f3dio, sendo que cinco escolas diferentes levaram um dos seis t\u00edtulos, o que demonstra o equil\u00edbrio da competi\u00e7\u00e3o (<em>resultados completos abaixo<\/em>).<\/p>\n\n\n\n<p>Na temporada dos Jogos Escolares, a estreia ocorreu com o v\u00f4lei e reuniu 24 times, seguido do handebol (36) e o basquete (40) e agora o futsal (54). J\u00e1 nas modalidades individuais, ocorreram o t\u00eanis de mesa, que reuniu mais de 80 alunos, e o xadrez, que envolveu mais de 300 estudantes, contabilizados os participantes do 11\u00ba Torneio Estudantil, aberto a alunos de todo o Estado. Ap\u00f3s o futsal, ser\u00e1 realizado ainda o atletismo, ambos em outubro; o futebol sete e a nata\u00e7\u00e3o, etapas estas agendadas para novembro. ais informa\u00e7\u00f5es na Smel pelo telefone (51) 3981-1067.<\/p>\n\n\n\n<p><strong>Resultados do futsal<\/strong><\/p>\n\n\n\n<p><em><strong>Mirim (2006 a 2009)<\/strong><\/em><\/p>\n\n\n\n<p>Masculino<\/p>\n\n\n\n<p>1\u00ba \u2013 Vidal de Negreiros<\/p>\n\n\n\n<p>2\u00ba \u2013 Col\u00e9gio Martin Luther (CML)<\/p>\n\n\n\n<p>3\u00ba \u2013 Col\u00e9gio Santo Ant\u00f4nio (CSA)<\/p>\n\n\n\n<p>Feminino<\/p>\n\n\n\n<p>1\u00ba \u2013&nbsp;Col\u00e9gio Santo Ant\u00f4nio (CSA)<\/p>\n\n\n\n<p>2\u00ba \u2013 EMEF C\u00f4nego Sereno Hugo Wolkmer<\/p>\n\n\n\n<p>3\u00ba \u2013 Vidal de Negreiros<\/p>\n\n\n\n<p><em><strong>Infantil (2004\/2005)<\/strong><\/em><\/p>\n\n\n\n<p>Masculino<\/p>\n\n\n\n<p>1\u00ba \u2013 Col\u00e9gio Santo Ant\u00f4nio (CSA)<\/p>\n\n\n\n<p>2\u00ba \u2013 Vidal<\/p>\n\n\n\n<p>3\u00ba \u2013 Ensino M\u00e9dio Estrela<\/p>\n\n\n\n<p>Feminino<\/p>\n\n\n\n<p>1\u00ba \u2013 EMEF Odilo Afonso Thom\u00e9<\/p>\n\n\n\n<p>2\u00ba \u2013 EMEF Pedro Jorge Schmidt (PJS)<\/p>\n\n\n\n<p>3\u00ba \u2013 EMEF Leo Joas<\/p>\n\n\n\n<p><em><strong>Juvenil (2002\/2003)<\/strong><\/em><\/p>\n\n\n\n<p>Masculino<\/p>\n\n\n\n<p>1\u00ba \u2013 Ensino M\u00e9dio Estrela<\/p>\n\n\n\n<p>2\u00ba \u2013 Nicolau<\/p>\n\n\n\n<p>3\u00ba \u2013 CML<\/p>\n\n\n\n<p>Feminino<\/p>\n\n\n\n<p>1\u00ba \u2013 IEEEM<\/p>\n\n\n\n<p>2\u00ba \u2013 Nicolau<\/p>\n\n\n\n<p>3\u00ba \u2013 Ensino M\u00e9dio Estrela<br><\/p>\n","protected":false},"excerpt":{"rendered":"<p>Foram tr\u00eas dias de jogos. Mais de 300 atletas de 54 equipes representando 15 escolas das tr\u00eas redes de ensino, respons\u00e1veis por mais de 200 gols. Este foi o panorama da etapa futsal, a maior coletiva da temporada 2019 do Jogos Escolares de Estrela, promovidos pela Secretaria Municipal de Esportes e Lazer (Smel). A modalidade [&hellip;]<\/p>\n","protected":false},"author":8,"featured_media":59476,"comment_status":"open","ping_status":"open","sticky":false,"template":"","format":"standard","meta":{"pmpro_default_level":"","_jetpack_memberships_contains_paid_content":false,"footnotes":""},"categories":[2,5],"tags":[8,4956],"class_list":{"0":"post-59475","1":"post","2":"type-post","3":"status-publish","4":"format-standard","5":"has-post-thumbnail","7":"category-featured","8":"category-esportes","9":"tag-estrela","10":"tag-jogos-escolares-de-estrela","11":"pmpro-has-access"},"yoast_head":"<!-- This site is optimized with the Yoast SEO plugin v27.5 - https:\/\/yoast.com\/product\/yoast-seo-wordpress\/ -->\n<title>Categoria mirim fecha o futsal dos Jogos Escolares de Estrela - Folha Popular<\/title>\n<meta name=\"robots\" content=\"index, follow, max-snippet:-1, max-image-preview:large, max-video-preview:-1\" \/>\n<link rel=\"canonical\" href=\"https:\/\/folhapopular.info\/index.php\/2019\/10\/03\/categoria-mirim-fecha-o-futsal-dos-jogos-escolares\/\" \/>\n<meta property=\"og:locale\" content=\"pt_BR\" \/>\n<meta property=\"og:type\" content=\"article\" \/>\n<meta property=\"og:title\" content=\"Categoria mirim fecha o futsal dos Jogos Escolares de Estrela - Folha Popular\" \/>\n<meta property=\"og:description\" content=\"Foram tr\u00eas dias de jogos. Mais de 300 atletas de 54 equipes representando 15 escolas das tr\u00eas redes de ensino, respons\u00e1veis por mais de 200 gols. Este foi o panorama da etapa futsal, a maior coletiva da temporada 2019 do Jogos Escolares de Estrela, promovidos pela Secretaria Municipal de Esportes e Lazer (Smel). A modalidade [&hellip;]\" \/>\n<meta property=\"og:url\" content=\"https:\/\/folhapopular.info\/index.php\/2019\/10\/03\/categoria-mirim-fecha-o-futsal-dos-jogos-escolares\/\" \/>\n<meta property=\"og:site_name\" content=\"Folha Popular\" \/>\n<meta property=\"article:published_time\" content=\"2019-10-03T12:00:20+00:00\" \/>\n<meta property=\"article:modified_time\" content=\"2019-10-03T12:01:48+00:00\" \/>\n<meta property=\"og:image\" content=\"https:\/\/folhapopular.info\/wp-content\/uploads\/2019\/10\/Vidal-campe\u00e3o-mirim-masculino-futsal-e1570103991617.jpeg\" \/>\n\t<meta property=\"og:image:width\" content=\"800\" \/>\n\t<meta property=\"og:image:height\" content=\"600\" \/>\n\t<meta property=\"og:image:type\" content=\"image\/jpeg\" \/>\n<meta name=\"author\" content=\"Reda\u00e7\u00e3o Folha Popular\" \/>\n<meta name=\"twitter:card\" content=\"summary_large_image\" \/>\n<meta name=\"twitter:label1\" content=\"Escrito por\" \/>\n\t<meta name=\"twitter:data1\" content=\"Reda\u00e7\u00e3o Folha Popular\" \/>\n\t<meta name=\"twitter:label2\" content=\"Est. tempo de leitura\" \/>\n\t<meta name=\"twitter:data2\" content=\"2 minutos\" \/>\n<script type=\"application\/ld+json\" class=\"yoast-schema-graph\">{\"@context\":\"https:\\\/\\\/schema.org\",\"@graph\":[{\"@type\":\"Article\",\"@id\":\"https:\\\/\\\/folhapopular.info\\\/index.php\\\/2019\\\/10\\\/03\\\/categoria-mirim-fecha-o-futsal-dos-jogos-escolares\\\/#article\",\"isPartOf\":{\"@id\":\"https:\\\/\\\/folhapopular.info\\\/index.php\\\/2019\\\/10\\\/03\\\/categoria-mirim-fecha-o-futsal-dos-jogos-escolares\\\/\"},\"author\":{\"name\":\"Reda\u00e7\u00e3o Folha Popular\",\"@id\":\"https:\\\/\\\/folhapopular.info\\\/#\\\/schema\\\/person\\\/2814e8a0df7643585a9ca38bc6eb9d4b\"},\"headline\":\"Categoria mirim fecha o futsal dos Jogos Escolares de Estrela\",\"datePublished\":\"2019-10-03T12:00:20+00:00\",\"dateModified\":\"2019-10-03T12:01:48+00:00\",\"mainEntityOfPage\":{\"@id\":\"https:\\\/\\\/folhapopular.info\\\/index.php\\\/2019\\\/10\\\/03\\\/categoria-mirim-fecha-o-futsal-dos-jogos-escolares\\\/\"},\"wordCount\":433,\"commentCount\":0,\"image\":{\"@id\":\"https:\\\/\\\/folhapopular.info\\\/index.php\\\/2019\\\/10\\\/03\\\/categoria-mirim-fecha-o-futsal-dos-jogos-escolares\\\/#primaryimage\"},\"thumbnailUrl\":\"https:\\\/\\\/folhapopular.info\\\/wp-content\\\/uploads\\\/2019\\\/10\\\/Vidal-campe\u00e3o-mirim-masculino-futsal-e1570103991617.jpeg\",\"keywords\":[\"Estrela\",\"Jogos Escolares de Estrela\"],\"articleSection\":[\"Destaques\",\"Esportes\"],\"inLanguage\":\"pt-BR\",\"potentialAction\":[{\"@type\":\"CommentAction\",\"name\":\"Comment\",\"target\":[\"https:\\\/\\\/folhapopular.info\\\/index.php\\\/2019\\\/10\\\/03\\\/categoria-mirim-fecha-o-futsal-dos-jogos-escolares\\\/#respond\"]}]},{\"@type\":\"WebPage\",\"@id\":\"https:\\\/\\\/folhapopular.info\\\/index.php\\\/2019\\\/10\\\/03\\\/categoria-mirim-fecha-o-futsal-dos-jogos-escolares\\\/\",\"url\":\"https:\\\/\\\/folhapopular.info\\\/index.php\\\/2019\\\/10\\\/03\\\/categoria-mirim-fecha-o-futsal-dos-jogos-escolares\\\/\",\"name\":\"Categoria mirim fecha o futsal dos Jogos Escolares de Estrela - Folha Popular\",\"isPartOf\":{\"@id\":\"https:\\\/\\\/folhapopular.info\\\/#website\"},\"primaryImageOfPage\":{\"@id\":\"https:\\\/\\\/folhapopular.info\\\/index.php\\\/2019\\\/10\\\/03\\\/categoria-mirim-fecha-o-futsal-dos-jogos-escolares\\\/#primaryimage\"},\"image\":{\"@id\":\"https:\\\/\\\/folhapopular.info\\\/index.php\\\/2019\\\/10\\\/03\\\/categoria-mirim-fecha-o-futsal-dos-jogos-escolares\\\/#primaryimage\"},\"thumbnailUrl\":\"https:\\\/\\\/folhapopular.info\\\/wp-content\\\/uploads\\\/2019\\\/10\\\/Vidal-campe\u00e3o-mirim-masculino-futsal-e1570103991617.jpeg\",\"datePublished\":\"2019-10-03T12:00:20+00:00\",\"dateModified\":\"2019-10-03T12:01:48+00:00\",\"author\":{\"@id\":\"https:\\\/\\\/folhapopular.info\\\/#\\\/schema\\\/person\\\/2814e8a0df7643585a9ca38bc6eb9d4b\"},\"breadcrumb\":{\"@id\":\"https:\\\/\\\/folhapopular.info\\\/index.php\\\/2019\\\/10\\\/03\\\/categoria-mirim-fecha-o-futsal-dos-jogos-escolares\\\/#breadcrumb\"},\"inLanguage\":\"pt-BR\",\"potentialAction\":[{\"@type\":\"ReadAction\",\"target\":[\"https:\\\/\\\/folhapopular.info\\\/index.php\\\/2019\\\/10\\\/03\\\/categoria-mirim-fecha-o-futsal-dos-jogos-escolares\\\/\"]}]},{\"@type\":\"ImageObject\",\"inLanguage\":\"pt-BR\",\"@id\":\"https:\\\/\\\/folhapopular.info\\\/index.php\\\/2019\\\/10\\\/03\\\/categoria-mirim-fecha-o-futsal-dos-jogos-escolares\\\/#primaryimage\",\"url\":\"https:\\\/\\\/folhapopular.info\\\/wp-content\\\/uploads\\\/2019\\\/10\\\/Vidal-campe\u00e3o-mirim-masculino-futsal-e1570103991617.jpeg\",\"contentUrl\":\"https:\\\/\\\/folhapopular.info\\\/wp-content\\\/uploads\\\/2019\\\/10\\\/Vidal-campe\u00e3o-mirim-masculino-futsal-e1570103991617.jpeg\",\"width\":800,\"height\":600,\"caption\":\"A escola estadual Vidal de Negreiros levou o ouro masculino mirim \\\/ Cr\u00e9dito da foto: Andr\u00e9 Silva \\\/ Divulga\u00e7\u00e3o\"},{\"@type\":\"BreadcrumbList\",\"@id\":\"https:\\\/\\\/folhapopular.info\\\/index.php\\\/2019\\\/10\\\/03\\\/categoria-mirim-fecha-o-futsal-dos-jogos-escolares\\\/#breadcrumb\",\"itemListElement\":[{\"@type\":\"ListItem\",\"position\":1,\"name\":\"In\u00edcio\",\"item\":\"https:\\\/\\\/folhapopular.info\\\/\"},{\"@type\":\"ListItem\",\"position\":2,\"name\":\"Categoria mirim fecha o futsal dos Jogos Escolares de Estrela\"}]},{\"@type\":\"WebSite\",\"@id\":\"https:\\\/\\\/folhapopular.info\\\/#website\",\"url\":\"https:\\\/\\\/folhapopular.info\\\/\",\"name\":\"Folha Popular\",\"description\":\"Onde voc\u00ea tem vez e voz\",\"potentialAction\":[{\"@type\":\"SearchAction\",\"target\":{\"@type\":\"EntryPoint\",\"urlTemplate\":\"https:\\\/\\\/folhapopular.info\\\/?s={search_term_string}\"},\"query-input\":{\"@type\":\"PropertyValueSpecification\",\"valueRequired\":true,\"valueName\":\"search_term_string\"}}],\"inLanguage\":\"pt-BR\"},{\"@type\":\"Person\",\"@id\":\"https:\\\/\\\/folhapopular.info\\\/#\\\/schema\\\/person\\\/2814e8a0df7643585a9ca38bc6eb9d4b\",\"name\":\"Reda\u00e7\u00e3o Folha Popular\",\"image\":{\"@type\":\"ImageObject\",\"inLanguage\":\"pt-BR\",\"@id\":\"https:\\\/\\\/folhapopular.info\\\/wp-content\\\/uploads\\\/2026\\\/04\\\/Folha-1.webp\",\"url\":\"https:\\\/\\\/folhapopular.info\\\/wp-content\\\/uploads\\\/2026\\\/04\\\/Folha-1.webp\",\"contentUrl\":\"https:\\\/\\\/folhapopular.info\\\/wp-content\\\/uploads\\\/2026\\\/04\\\/Folha-1.webp\",\"caption\":\"Reda\u00e7\u00e3o Folha Popular\"},\"url\":\"https:\\\/\\\/folhapopular.info\\\/index.php\\\/author\\\/redacao\\\/\"}]}<\/script>\n<!-- \/ Yoast SEO plugin. -->","yoast_head_json":{"title":"Categoria mirim fecha o futsal dos Jogos Escolares de Estrela - Folha Popular","robots":{"index":"index","follow":"follow","max-snippet":"max-snippet:-1","max-image-preview":"max-image-preview:large","max-video-preview":"max-video-preview:-1"},"canonical":"https:\/\/folhapopular.info\/index.php\/2019\/10\/03\/categoria-mirim-fecha-o-futsal-dos-jogos-escolares\/","og_locale":"pt_BR","og_type":"article","og_title":"Categoria mirim fecha o futsal dos Jogos Escolares de Estrela - Folha Popular","og_description":"Foram tr\u00eas dias de jogos. Mais de 300 atletas de 54 equipes representando 15 escolas das tr\u00eas redes de ensino, respons\u00e1veis por mais de 200 gols. Este foi o panorama da etapa futsal, a maior coletiva da temporada 2019 do Jogos Escolares de Estrela, promovidos pela Secretaria Municipal de Esportes e Lazer (Smel). A modalidade [&hellip;]","og_url":"https:\/\/folhapopular.info\/index.php\/2019\/10\/03\/categoria-mirim-fecha-o-futsal-dos-jogos-escolares\/","og_site_name":"Folha Popular","article_published_time":"2019-10-03T12:00:20+00:00","article_modified_time":"2019-10-03T12:01:48+00:00","og_image":[{"width":800,"height":600,"url":"https:\/\/folhapopular.info\/wp-content\/uploads\/2019\/10\/Vidal-campe\u00e3o-mirim-masculino-futsal-e1570103991617.jpeg","type":"image\/jpeg"}],"author":"Reda\u00e7\u00e3o Folha Popular","twitter_card":"summary_large_image","twitter_misc":{"Escrito por":"Reda\u00e7\u00e3o Folha Popular","Est. tempo de leitura":"2 minutos"},"schema":{"@context":"https:\/\/schema.org","@graph":[{"@type":"Article","@id":"https:\/\/folhapopular.info\/index.php\/2019\/10\/03\/categoria-mirim-fecha-o-futsal-dos-jogos-escolares\/#article","isPartOf":{"@id":"https:\/\/folhapopular.info\/index.php\/2019\/10\/03\/categoria-mirim-fecha-o-futsal-dos-jogos-escolares\/"},"author":{"name":"Reda\u00e7\u00e3o Folha Popular","@id":"https:\/\/folhapopular.info\/#\/schema\/person\/2814e8a0df7643585a9ca38bc6eb9d4b"},"headline":"Categoria mirim fecha o futsal dos Jogos Escolares de Estrela","datePublished":"2019-10-03T12:00:20+00:00","dateModified":"2019-10-03T12:01:48+00:00","mainEntityOfPage":{"@id":"https:\/\/folhapopular.info\/index.php\/2019\/10\/03\/categoria-mirim-fecha-o-futsal-dos-jogos-escolares\/"},"wordCount":433,"commentCount":0,"image":{"@id":"https:\/\/folhapopular.info\/index.php\/2019\/10\/03\/categoria-mirim-fecha-o-futsal-dos-jogos-escolares\/#primaryimage"},"thumbnailUrl":"https:\/\/folhapopular.info\/wp-content\/uploads\/2019\/10\/Vidal-campe\u00e3o-mirim-masculino-futsal-e1570103991617.jpeg","keywords":["Estrela","Jogos Escolares de Estrela"],"articleSection":["Destaques","Esportes"],"inLanguage":"pt-BR","potentialAction":[{"@type":"CommentAction","name":"Comment","target":["https:\/\/folhapopular.info\/index.php\/2019\/10\/03\/categoria-mirim-fecha-o-futsal-dos-jogos-escolares\/#respond"]}]},{"@type":"WebPage","@id":"https:\/\/folhapopular.info\/index.php\/2019\/10\/03\/categoria-mirim-fecha-o-futsal-dos-jogos-escolares\/","url":"https:\/\/folhapopular.info\/index.php\/2019\/10\/03\/categoria-mirim-fecha-o-futsal-dos-jogos-escolares\/","name":"Categoria mirim fecha o futsal dos Jogos Escolares de Estrela - Folha Popular","isPartOf":{"@id":"https:\/\/folhapopular.info\/#website"},"primaryImageOfPage":{"@id":"https:\/\/folhapopular.info\/index.php\/2019\/10\/03\/categoria-mirim-fecha-o-futsal-dos-jogos-escolares\/#primaryimage"},"image":{"@id":"https:\/\/folhapopular.info\/index.php\/2019\/10\/03\/categoria-mirim-fecha-o-futsal-dos-jogos-escolares\/#primaryimage"},"thumbnailUrl":"https:\/\/folhapopular.info\/wp-content\/uploads\/2019\/10\/Vidal-campe\u00e3o-mirim-masculino-futsal-e1570103991617.jpeg","datePublished":"2019-10-03T12:00:20+00:00","dateModified":"2019-10-03T12:01:48+00:00","author":{"@id":"https:\/\/folhapopular.info\/#\/schema\/person\/2814e8a0df7643585a9ca38bc6eb9d4b"},"breadcrumb":{"@id":"https:\/\/folhapopular.info\/index.php\/2019\/10\/03\/categoria-mirim-fecha-o-futsal-dos-jogos-escolares\/#breadcrumb"},"inLanguage":"pt-BR","potentialAction":[{"@type":"ReadAction","target":["https:\/\/folhapopular.info\/index.php\/2019\/10\/03\/categoria-mirim-fecha-o-futsal-dos-jogos-escolares\/"]}]},{"@type":"ImageObject","inLanguage":"pt-BR","@id":"https:\/\/folhapopular.info\/index.php\/2019\/10\/03\/categoria-mirim-fecha-o-futsal-dos-jogos-escolares\/#primaryimage","url":"https:\/\/folhapopular.info\/wp-content\/uploads\/2019\/10\/Vidal-campe\u00e3o-mirim-masculino-futsal-e1570103991617.jpeg","contentUrl":"https:\/\/folhapopular.info\/wp-content\/uploads\/2019\/10\/Vidal-campe\u00e3o-mirim-masculino-futsal-e1570103991617.jpeg","width":800,"height":600,"caption":"A escola estadual Vidal de Negreiros levou o ouro masculino mirim \/ Cr\u00e9dito da foto: Andr\u00e9 Silva \/ Divulga\u00e7\u00e3o"},{"@type":"BreadcrumbList","@id":"https:\/\/folhapopular.info\/index.php\/2019\/10\/03\/categoria-mirim-fecha-o-futsal-dos-jogos-escolares\/#breadcrumb","itemListElement":[{"@type":"ListItem","position":1,"name":"In\u00edcio","item":"https:\/\/folhapopular.info\/"},{"@type":"ListItem","position":2,"name":"Categoria mirim fecha o futsal dos Jogos Escolares de Estrela"}]},{"@type":"WebSite","@id":"https:\/\/folhapopular.info\/#website","url":"https:\/\/folhapopular.info\/","name":"Folha Popular","description":"Onde voc\u00ea tem vez e voz","potentialAction":[{"@type":"SearchAction","target":{"@type":"EntryPoint","urlTemplate":"https:\/\/folhapopular.info\/?s={search_term_string}"},"query-input":{"@type":"PropertyValueSpecification","valueRequired":true,"valueName":"search_term_string"}}],"inLanguage":"pt-BR"},{"@type":"Person","@id":"https:\/\/folhapopular.info\/#\/schema\/person\/2814e8a0df7643585a9ca38bc6eb9d4b","name":"Reda\u00e7\u00e3o Folha Popular","image":{"@type":"ImageObject","inLanguage":"pt-BR","@id":"https:\/\/folhapopular.info\/wp-content\/uploads\/2026\/04\/Folha-1.webp","url":"https:\/\/folhapopular.info\/wp-content\/uploads\/2026\/04\/Folha-1.webp","contentUrl":"https:\/\/folhapopular.info\/wp-content\/uploads\/2026\/04\/Folha-1.webp","caption":"Reda\u00e7\u00e3o Folha Popular"},"url":"https:\/\/folhapopular.info\/index.php\/author\/redacao\/"}]}},"jetpack_featured_media_url":"https:\/\/folhapopular.info\/wp-content\/uploads\/2019\/10\/Vidal-campe\u00e3o-mirim-masculino-futsal-e1570103991617.jpeg","jetpack_sharing_enabled":true,"amp_enabled":true,"_links":{"self":[{"href":"https:\/\/folhapopular.info\/index.php\/wp-json\/wp\/v2\/posts\/59475","targetHints":{"allow":["GET"]}}],"collection":[{"href":"https:\/\/folhapopular.info\/index.php\/wp-json\/wp\/v2\/posts"}],"about":[{"href":"https:\/\/folhapopular.info\/index.php\/wp-json\/wp\/v2\/types\/post"}],"author":[{"embeddable":true,"href":"https:\/\/folhapopular.info\/index.php\/wp-json\/wp\/v2\/users\/8"}],"replies":[{"embeddable":true,"href":"https:\/\/folhapopular.info\/index.php\/wp-json\/wp\/v2\/comments?post=59475"}],"version-history":[{"count":0,"href":"https:\/\/folhapopular.info\/index.php\/wp-json\/wp\/v2\/posts\/59475\/revisions"}],"wp:featuredmedia":[{"embeddable":true,"href":"https:\/\/folhapopular.info\/index.php\/wp-json\/wp\/v2\/media\/59476"}],"wp:attachment":[{"href":"https:\/\/folhapopular.info\/index.php\/wp-json\/wp\/v2\/media?parent=59475"}],"wp:term":[{"taxonomy":"category","embeddable":true,"href":"https:\/\/folhapopular.info\/index.php\/wp-json\/wp\/v2\/categories?post=59475"},{"taxonomy":"post_tag","embeddable":true,"href":"https:\/\/folhapopular.info\/index.php\/wp-json\/wp\/v2\/tags?post=59475"}],"curies":[{"name":"wp","href":"https:\/\/api.w.org\/{rel}","templated":true}]}}