{"id":59492,"date":"2019-10-03T13:20:42","date_gmt":"2019-10-03T16:20:42","guid":{"rendered":"http:\/\/folhapopular.info\/?p=59492"},"modified":"2019-10-03T10:45:59","modified_gmt":"2019-10-03T13:45:59","slug":"executivo-apresenta-projeto-de-reforma-do-predio-da-prefeitura-de-lajeado","status":"publish","type":"post","link":"https:\/\/folhapopular.info\/index.php\/2019\/10\/03\/executivo-apresenta-projeto-de-reforma-do-predio-da-prefeitura-de-lajeado\/","title":{"rendered":"Executivo apresenta projeto de reforma do pr\u00e9dio da Prefeitura de Lajeado"},"content":{"rendered":"\n<p>Em reuni\u00e3o realizada no audit\u00f3rio da Casa de Cultura, nesta quarta-feira (02\/10), o Executivo lajeadense apresentou o projeto de reforma do pr\u00e9dio da Prefeitura. A apresenta\u00e7\u00e3o foi feita pelo prefeito Marcelo Caumo e pelo Secret\u00e1rio de Planejamento e Urbanismo (Seplan), Rafael Zanatta, para o Conselho Municipal de Pol\u00edtica Cultural, para membros do Comit\u00ea Gestor de Revitaliza\u00e7\u00e3o do Centro Hist\u00f3rico de Lajeado e para o Instituto do Patrim\u00f4nio Hist\u00f3rico e Art\u00edstico do Estado (IPHAE), que estava representado no encontro pela arquiteta e urbanista Beatriz Favieiro Pellin de Molnar.<\/p>\n\n\n\n<p>O objetivo da reuni\u00e3o era apresentar o projeto de reforma \u00e0 comunidade e ao IPHAE para buscar apoio \u00e0 necessidade de flexibilizar portaria daquele instituto para permitir a amplia\u00e7\u00e3o do terceiro andar do pr\u00e9dio administrativo. Segundo o prefeito, a proposta \u00e9 que a reforma ocorra em duas etapas. A primeira delas se daria na parte externa, trazendo novos elementos para a fachada e substituindo os brises existentes, j\u00e1 desgastados. A segunda etapa consistiria na reforma da parte interna do pr\u00e9dio com o objetivo de proporcionar um local mais adequado e moderno para atender a comunidade e para os servidores.<\/p>\n\n\n\n<p>Caumo salientou que a reforma se torna ainda mais relevante devido \u00e0 contribui\u00e7\u00e3o que trar\u00e1 para a valoriza\u00e7\u00e3o e o desenvolvimento do Centro Hist\u00f3rico da cidade. A sede do Executivo localiza-se junto ao cora\u00e7\u00e3o hist\u00f3rico do munic\u00edpio, pr\u00f3ximo \u00e0 Pra\u00e7a da Matriz, \u00e0 antiga sede da Prefeitura (atual Casa de Cultura), \u00e0 Igreja Matriz e outras institui\u00e7\u00f5es relevantes do munic\u00edpio. \u00c9 um espa\u00e7o que vem se degradando ao longo dos \u00faltimos anos e que necessita de investimentos e valoriza\u00e7\u00e3o para manter viva a \u00e1rea mais antiga e hist\u00f3rica da cidade.<\/p>\n\n\n\n<p>Segundo o secret\u00e1rio Rafael Zanatta, a amplia\u00e7\u00e3o do terceiro pavimento, que hoje ocupa apenas metade do corpo do pr\u00e9dio, viabilizaria que o Executivo trouxesse para a Sede Administrativa outros \u00f3rg\u00e3os do governo, atualmente alocados em outros locais, beneficiando cidad\u00e3os e empreendedores que diariamente demandam servi\u00e7os dessas secretarias e que precisam se deslocar pela cidade enquanto poderiam resolver suas demandas em um \u00fanico lugar.<\/p>\n\n\n\n<p>Na reuni\u00e3o, a presidente do Conselho Municipal de Pol\u00edtica Cultural, Ana Cec\u00edlia Togni, e o presidente do Comit\u00ea Gestor de Revitaliza\u00e7\u00e3o do Centro Hist\u00f3rico de Lajeado, Andr\u00e9 Jaeger, manifestaram-se favoravelmente \u00e0 reforma do pr\u00e9dio administrativo, defendendo que contribuiria para a revitaliza\u00e7\u00e3o e desenvolvimento da parte central da cidade.<br>O IPHAE solicitou documentos \u00e0 prefeitura e tamb\u00e9m a manifesta\u00e7\u00e3o formal dos \u00f3rg\u00e3os culturais para que possa dar continuidade \u00e0 avalia\u00e7\u00e3o da proposta.<\/p>\n\n\n\n<p><strong>Saiba mais<\/strong><\/p>\n\n\n\n<p>O Centro Administrativo do munic\u00edpio de Lajeado, localizado na Rua Coronel Julio May, teve a sua constru\u00e7\u00e3o iniciada no ano de 1982 e desde ent\u00e3o nunca passou por uma reforma completa. Por anos esquecida, a sede sofreu apenas reparos pontuais e atualmente n\u00e3o condiz com a import\u00e2ncia da institui\u00e7\u00e3o e a representatividade que tem para o munic\u00edpio e regi\u00e3o. Diante disso, no in\u00edcio de 2019, foi realizado um processo licitat\u00f3rio para contrata\u00e7\u00e3o de empresa para realizar o projeto de reforma total da constru\u00e7\u00e3o.<\/p>\n\n\n\n<p>A reforma do Centro Administrativo segue as diretrizes do projeto de revitaliza\u00e7\u00e3o do Centro Hist\u00f3rico, idealizado com a cria\u00e7\u00e3o do Comit\u00ea Gestor de Revitaliza\u00e7\u00e3o do Centro Hist\u00f3rico em 2012 (Lei 8.903\/2012) e que, em 2019 ganhou impulso com o lan\u00e7amento do projeto Pro_Move Lajeado, que visa transformar a matriz econ\u00f4mica da cidade de Lajeado focando nas \u00e1reas de inova\u00e7\u00e3o, tecnologia e economia criativa.<\/p>\n\n\n\n<p>Um dos pilares desse projeto \u00e9 a cria\u00e7\u00e3o da Rota da Inova\u00e7\u00e3o, que consiste na via que interliga o Centro Tecnol\u00f3gico da Universidade Univates ao Centro Hist\u00f3rico. O projeto visa transformar o Centro Hist\u00f3rico em um local voltado a empresas da \u00e1rea da tecnologia que poder\u00e3o concentrar esfor\u00e7os na revitaliza\u00e7\u00e3o da regi\u00e3o e dos pr\u00e9dios hist\u00f3ricos ali concentrados, a exemplo do que aconteceu em outras cidades, como no Porto Digital em Recife.<\/p>\n","protected":false},"excerpt":{"rendered":"<p>Em reuni\u00e3o realizada no audit\u00f3rio da Casa de Cultura, nesta quarta-feira (02\/10), o Executivo lajeadense apresentou o projeto de reforma do pr\u00e9dio da Prefeitura. A apresenta\u00e7\u00e3o foi feita pelo prefeito Marcelo Caumo e pelo Secret\u00e1rio de Planejamento e Urbanismo (Seplan), Rafael Zanatta, para o Conselho Municipal de Pol\u00edtica Cultural, para membros do Comit\u00ea Gestor de [&hellip;]<\/p>\n","protected":false},"author":8,"featured_media":59493,"comment_status":"open","ping_status":"open","sticky":false,"template":"","format":"standard","meta":{"pmpro_default_level":"","_jetpack_memberships_contains_paid_content":false,"footnotes":""},"categories":[2,3],"tags":[27,5083],"class_list":{"0":"post-59492","1":"post","2":"type-post","3":"status-publish","4":"format-standard","5":"has-post-thumbnail","7":"category-featured","8":"category-geral","9":"tag-lajeado","10":"tag-prefeitura-de-lajeado","11":"pmpro-has-access"},"yoast_head":"<!-- This site is optimized with the Yoast SEO plugin v27.5 - https:\/\/yoast.com\/product\/yoast-seo-wordpress\/ -->\n<title>Executivo apresenta projeto de reforma do pr\u00e9dio da Prefeitura de Lajeado - Folha Popular<\/title>\n<meta name=\"robots\" content=\"index, follow, max-snippet:-1, max-image-preview:large, max-video-preview:-1\" \/>\n<link rel=\"canonical\" href=\"https:\/\/folhapopular.info\/index.php\/2019\/10\/03\/executivo-apresenta-projeto-de-reforma-do-predio-da-prefeitura-de-lajeado\/\" \/>\n<meta property=\"og:locale\" content=\"pt_BR\" \/>\n<meta property=\"og:type\" content=\"article\" \/>\n<meta property=\"og:title\" content=\"Executivo apresenta projeto de reforma do pr\u00e9dio da Prefeitura de Lajeado - Folha Popular\" \/>\n<meta property=\"og:description\" content=\"Em reuni\u00e3o realizada no audit\u00f3rio da Casa de Cultura, nesta quarta-feira (02\/10), o Executivo lajeadense apresentou o projeto de reforma do pr\u00e9dio da Prefeitura. A apresenta\u00e7\u00e3o foi feita pelo prefeito Marcelo Caumo e pelo Secret\u00e1rio de Planejamento e Urbanismo (Seplan), Rafael Zanatta, para o Conselho Municipal de Pol\u00edtica Cultural, para membros do Comit\u00ea Gestor de [&hellip;]\" \/>\n<meta property=\"og:url\" content=\"https:\/\/folhapopular.info\/index.php\/2019\/10\/03\/executivo-apresenta-projeto-de-reforma-do-predio-da-prefeitura-de-lajeado\/\" \/>\n<meta property=\"og:site_name\" content=\"Folha Popular\" \/>\n<meta property=\"article:published_time\" content=\"2019-10-03T16:20:42+00:00\" \/>\n<meta property=\"og:image\" content=\"https:\/\/folhapopular.info\/wp-content\/uploads\/2019\/10\/004-e1570110239335.jpg\" \/>\n\t<meta property=\"og:image:width\" content=\"800\" \/>\n\t<meta property=\"og:image:height\" content=\"450\" \/>\n\t<meta property=\"og:image:type\" content=\"image\/jpeg\" \/>\n<meta name=\"author\" content=\"Reda\u00e7\u00e3o Folha Popular\" \/>\n<meta name=\"twitter:card\" content=\"summary_large_image\" \/>\n<meta name=\"twitter:label1\" content=\"Escrito por\" \/>\n\t<meta name=\"twitter:data1\" content=\"Reda\u00e7\u00e3o Folha Popular\" \/>\n\t<meta name=\"twitter:label2\" content=\"Est. tempo de leitura\" \/>\n\t<meta name=\"twitter:data2\" content=\"3 minutos\" \/>\n<script type=\"application\/ld+json\" class=\"yoast-schema-graph\">{\"@context\":\"https:\\\/\\\/schema.org\",\"@graph\":[{\"@type\":\"Article\",\"@id\":\"https:\\\/\\\/folhapopular.info\\\/index.php\\\/2019\\\/10\\\/03\\\/executivo-apresenta-projeto-de-reforma-do-predio-da-prefeitura-de-lajeado\\\/#article\",\"isPartOf\":{\"@id\":\"https:\\\/\\\/folhapopular.info\\\/index.php\\\/2019\\\/10\\\/03\\\/executivo-apresenta-projeto-de-reforma-do-predio-da-prefeitura-de-lajeado\\\/\"},\"author\":{\"name\":\"Reda\u00e7\u00e3o Folha Popular\",\"@id\":\"https:\\\/\\\/folhapopular.info\\\/#\\\/schema\\\/person\\\/2814e8a0df7643585a9ca38bc6eb9d4b\"},\"headline\":\"Executivo apresenta projeto de reforma do pr\u00e9dio da Prefeitura de Lajeado\",\"datePublished\":\"2019-10-03T16:20:42+00:00\",\"mainEntityOfPage\":{\"@id\":\"https:\\\/\\\/folhapopular.info\\\/index.php\\\/2019\\\/10\\\/03\\\/executivo-apresenta-projeto-de-reforma-do-predio-da-prefeitura-de-lajeado\\\/\"},\"wordCount\":701,\"commentCount\":0,\"image\":{\"@id\":\"https:\\\/\\\/folhapopular.info\\\/index.php\\\/2019\\\/10\\\/03\\\/executivo-apresenta-projeto-de-reforma-do-predio-da-prefeitura-de-lajeado\\\/#primaryimage\"},\"thumbnailUrl\":\"https:\\\/\\\/folhapopular.info\\\/wp-content\\\/uploads\\\/2019\\\/10\\\/004-e1570110239335.jpg\",\"keywords\":[\"Lajeado\",\"Prefeitura de Lajeado\"],\"articleSection\":[\"Destaques\",\"Geral\"],\"inLanguage\":\"pt-BR\",\"potentialAction\":[{\"@type\":\"CommentAction\",\"name\":\"Comment\",\"target\":[\"https:\\\/\\\/folhapopular.info\\\/index.php\\\/2019\\\/10\\\/03\\\/executivo-apresenta-projeto-de-reforma-do-predio-da-prefeitura-de-lajeado\\\/#respond\"]}]},{\"@type\":\"WebPage\",\"@id\":\"https:\\\/\\\/folhapopular.info\\\/index.php\\\/2019\\\/10\\\/03\\\/executivo-apresenta-projeto-de-reforma-do-predio-da-prefeitura-de-lajeado\\\/\",\"url\":\"https:\\\/\\\/folhapopular.info\\\/index.php\\\/2019\\\/10\\\/03\\\/executivo-apresenta-projeto-de-reforma-do-predio-da-prefeitura-de-lajeado\\\/\",\"name\":\"Executivo apresenta projeto de reforma do pr\u00e9dio da Prefeitura de Lajeado - Folha Popular\",\"isPartOf\":{\"@id\":\"https:\\\/\\\/folhapopular.info\\\/#website\"},\"primaryImageOfPage\":{\"@id\":\"https:\\\/\\\/folhapopular.info\\\/index.php\\\/2019\\\/10\\\/03\\\/executivo-apresenta-projeto-de-reforma-do-predio-da-prefeitura-de-lajeado\\\/#primaryimage\"},\"image\":{\"@id\":\"https:\\\/\\\/folhapopular.info\\\/index.php\\\/2019\\\/10\\\/03\\\/executivo-apresenta-projeto-de-reforma-do-predio-da-prefeitura-de-lajeado\\\/#primaryimage\"},\"thumbnailUrl\":\"https:\\\/\\\/folhapopular.info\\\/wp-content\\\/uploads\\\/2019\\\/10\\\/004-e1570110239335.jpg\",\"datePublished\":\"2019-10-03T16:20:42+00:00\",\"author\":{\"@id\":\"https:\\\/\\\/folhapopular.info\\\/#\\\/schema\\\/person\\\/2814e8a0df7643585a9ca38bc6eb9d4b\"},\"breadcrumb\":{\"@id\":\"https:\\\/\\\/folhapopular.info\\\/index.php\\\/2019\\\/10\\\/03\\\/executivo-apresenta-projeto-de-reforma-do-predio-da-prefeitura-de-lajeado\\\/#breadcrumb\"},\"inLanguage\":\"pt-BR\",\"potentialAction\":[{\"@type\":\"ReadAction\",\"target\":[\"https:\\\/\\\/folhapopular.info\\\/index.php\\\/2019\\\/10\\\/03\\\/executivo-apresenta-projeto-de-reforma-do-predio-da-prefeitura-de-lajeado\\\/\"]}]},{\"@type\":\"ImageObject\",\"inLanguage\":\"pt-BR\",\"@id\":\"https:\\\/\\\/folhapopular.info\\\/index.php\\\/2019\\\/10\\\/03\\\/executivo-apresenta-projeto-de-reforma-do-predio-da-prefeitura-de-lajeado\\\/#primaryimage\",\"url\":\"https:\\\/\\\/folhapopular.info\\\/wp-content\\\/uploads\\\/2019\\\/10\\\/004-e1570110239335.jpg\",\"contentUrl\":\"https:\\\/\\\/folhapopular.info\\\/wp-content\\\/uploads\\\/2019\\\/10\\\/004-e1570110239335.jpg\",\"width\":800,\"height\":450,\"caption\":\"Projeto da reforma \\\/ Cr\u00e9dito da foto: Divulga\u00e7\u00e3o\"},{\"@type\":\"BreadcrumbList\",\"@id\":\"https:\\\/\\\/folhapopular.info\\\/index.php\\\/2019\\\/10\\\/03\\\/executivo-apresenta-projeto-de-reforma-do-predio-da-prefeitura-de-lajeado\\\/#breadcrumb\",\"itemListElement\":[{\"@type\":\"ListItem\",\"position\":1,\"name\":\"In\u00edcio\",\"item\":\"https:\\\/\\\/folhapopular.info\\\/\"},{\"@type\":\"ListItem\",\"position\":2,\"name\":\"Executivo apresenta projeto de reforma do pr\u00e9dio da Prefeitura de Lajeado\"}]},{\"@type\":\"WebSite\",\"@id\":\"https:\\\/\\\/folhapopular.info\\\/#website\",\"url\":\"https:\\\/\\\/folhapopular.info\\\/\",\"name\":\"Folha Popular\",\"description\":\"Onde voc\u00ea tem vez e voz\",\"potentialAction\":[{\"@type\":\"SearchAction\",\"target\":{\"@type\":\"EntryPoint\",\"urlTemplate\":\"https:\\\/\\\/folhapopular.info\\\/?s={search_term_string}\"},\"query-input\":{\"@type\":\"PropertyValueSpecification\",\"valueRequired\":true,\"valueName\":\"search_term_string\"}}],\"inLanguage\":\"pt-BR\"},{\"@type\":\"Person\",\"@id\":\"https:\\\/\\\/folhapopular.info\\\/#\\\/schema\\\/person\\\/2814e8a0df7643585a9ca38bc6eb9d4b\",\"name\":\"Reda\u00e7\u00e3o Folha Popular\",\"image\":{\"@type\":\"ImageObject\",\"inLanguage\":\"pt-BR\",\"@id\":\"https:\\\/\\\/folhapopular.info\\\/wp-content\\\/uploads\\\/2026\\\/04\\\/Folha-1.webp\",\"url\":\"https:\\\/\\\/folhapopular.info\\\/wp-content\\\/uploads\\\/2026\\\/04\\\/Folha-1.webp\",\"contentUrl\":\"https:\\\/\\\/folhapopular.info\\\/wp-content\\\/uploads\\\/2026\\\/04\\\/Folha-1.webp\",\"caption\":\"Reda\u00e7\u00e3o Folha Popular\"},\"url\":\"https:\\\/\\\/folhapopular.info\\\/index.php\\\/author\\\/redacao\\\/\"}]}<\/script>\n<!-- \/ Yoast SEO plugin. -->","yoast_head_json":{"title":"Executivo apresenta projeto de reforma do pr\u00e9dio da Prefeitura de Lajeado - Folha Popular","robots":{"index":"index","follow":"follow","max-snippet":"max-snippet:-1","max-image-preview":"max-image-preview:large","max-video-preview":"max-video-preview:-1"},"canonical":"https:\/\/folhapopular.info\/index.php\/2019\/10\/03\/executivo-apresenta-projeto-de-reforma-do-predio-da-prefeitura-de-lajeado\/","og_locale":"pt_BR","og_type":"article","og_title":"Executivo apresenta projeto de reforma do pr\u00e9dio da Prefeitura de Lajeado - Folha Popular","og_description":"Em reuni\u00e3o realizada no audit\u00f3rio da Casa de Cultura, nesta quarta-feira (02\/10), o Executivo lajeadense apresentou o projeto de reforma do pr\u00e9dio da Prefeitura. A apresenta\u00e7\u00e3o foi feita pelo prefeito Marcelo Caumo e pelo Secret\u00e1rio de Planejamento e Urbanismo (Seplan), Rafael Zanatta, para o Conselho Municipal de Pol\u00edtica Cultural, para membros do Comit\u00ea Gestor de [&hellip;]","og_url":"https:\/\/folhapopular.info\/index.php\/2019\/10\/03\/executivo-apresenta-projeto-de-reforma-do-predio-da-prefeitura-de-lajeado\/","og_site_name":"Folha Popular","article_published_time":"2019-10-03T16:20:42+00:00","og_image":[{"width":800,"height":450,"url":"https:\/\/folhapopular.info\/wp-content\/uploads\/2019\/10\/004-e1570110239335.jpg","type":"image\/jpeg"}],"author":"Reda\u00e7\u00e3o Folha Popular","twitter_card":"summary_large_image","twitter_misc":{"Escrito por":"Reda\u00e7\u00e3o Folha Popular","Est. tempo de leitura":"3 minutos"},"schema":{"@context":"https:\/\/schema.org","@graph":[{"@type":"Article","@id":"https:\/\/folhapopular.info\/index.php\/2019\/10\/03\/executivo-apresenta-projeto-de-reforma-do-predio-da-prefeitura-de-lajeado\/#article","isPartOf":{"@id":"https:\/\/folhapopular.info\/index.php\/2019\/10\/03\/executivo-apresenta-projeto-de-reforma-do-predio-da-prefeitura-de-lajeado\/"},"author":{"name":"Reda\u00e7\u00e3o Folha Popular","@id":"https:\/\/folhapopular.info\/#\/schema\/person\/2814e8a0df7643585a9ca38bc6eb9d4b"},"headline":"Executivo apresenta projeto de reforma do pr\u00e9dio da Prefeitura de Lajeado","datePublished":"2019-10-03T16:20:42+00:00","mainEntityOfPage":{"@id":"https:\/\/folhapopular.info\/index.php\/2019\/10\/03\/executivo-apresenta-projeto-de-reforma-do-predio-da-prefeitura-de-lajeado\/"},"wordCount":701,"commentCount":0,"image":{"@id":"https:\/\/folhapopular.info\/index.php\/2019\/10\/03\/executivo-apresenta-projeto-de-reforma-do-predio-da-prefeitura-de-lajeado\/#primaryimage"},"thumbnailUrl":"https:\/\/folhapopular.info\/wp-content\/uploads\/2019\/10\/004-e1570110239335.jpg","keywords":["Lajeado","Prefeitura de Lajeado"],"articleSection":["Destaques","Geral"],"inLanguage":"pt-BR","potentialAction":[{"@type":"CommentAction","name":"Comment","target":["https:\/\/folhapopular.info\/index.php\/2019\/10\/03\/executivo-apresenta-projeto-de-reforma-do-predio-da-prefeitura-de-lajeado\/#respond"]}]},{"@type":"WebPage","@id":"https:\/\/folhapopular.info\/index.php\/2019\/10\/03\/executivo-apresenta-projeto-de-reforma-do-predio-da-prefeitura-de-lajeado\/","url":"https:\/\/folhapopular.info\/index.php\/2019\/10\/03\/executivo-apresenta-projeto-de-reforma-do-predio-da-prefeitura-de-lajeado\/","name":"Executivo apresenta projeto de reforma do pr\u00e9dio da Prefeitura de Lajeado - Folha Popular","isPartOf":{"@id":"https:\/\/folhapopular.info\/#website"},"primaryImageOfPage":{"@id":"https:\/\/folhapopular.info\/index.php\/2019\/10\/03\/executivo-apresenta-projeto-de-reforma-do-predio-da-prefeitura-de-lajeado\/#primaryimage"},"image":{"@id":"https:\/\/folhapopular.info\/index.php\/2019\/10\/03\/executivo-apresenta-projeto-de-reforma-do-predio-da-prefeitura-de-lajeado\/#primaryimage"},"thumbnailUrl":"https:\/\/folhapopular.info\/wp-content\/uploads\/2019\/10\/004-e1570110239335.jpg","datePublished":"2019-10-03T16:20:42+00:00","author":{"@id":"https:\/\/folhapopular.info\/#\/schema\/person\/2814e8a0df7643585a9ca38bc6eb9d4b"},"breadcrumb":{"@id":"https:\/\/folhapopular.info\/index.php\/2019\/10\/03\/executivo-apresenta-projeto-de-reforma-do-predio-da-prefeitura-de-lajeado\/#breadcrumb"},"inLanguage":"pt-BR","potentialAction":[{"@type":"ReadAction","target":["https:\/\/folhapopular.info\/index.php\/2019\/10\/03\/executivo-apresenta-projeto-de-reforma-do-predio-da-prefeitura-de-lajeado\/"]}]},{"@type":"ImageObject","inLanguage":"pt-BR","@id":"https:\/\/folhapopular.info\/index.php\/2019\/10\/03\/executivo-apresenta-projeto-de-reforma-do-predio-da-prefeitura-de-lajeado\/#primaryimage","url":"https:\/\/folhapopular.info\/wp-content\/uploads\/2019\/10\/004-e1570110239335.jpg","contentUrl":"https:\/\/folhapopular.info\/wp-content\/uploads\/2019\/10\/004-e1570110239335.jpg","width":800,"height":450,"caption":"Projeto da reforma \/ Cr\u00e9dito da foto: Divulga\u00e7\u00e3o"},{"@type":"BreadcrumbList","@id":"https:\/\/folhapopular.info\/index.php\/2019\/10\/03\/executivo-apresenta-projeto-de-reforma-do-predio-da-prefeitura-de-lajeado\/#breadcrumb","itemListElement":[{"@type":"ListItem","position":1,"name":"In\u00edcio","item":"https:\/\/folhapopular.info\/"},{"@type":"ListItem","position":2,"name":"Executivo apresenta projeto de reforma do pr\u00e9dio da Prefeitura de Lajeado"}]},{"@type":"WebSite","@id":"https:\/\/folhapopular.info\/#website","url":"https:\/\/folhapopular.info\/","name":"Folha Popular","description":"Onde voc\u00ea tem vez e voz","potentialAction":[{"@type":"SearchAction","target":{"@type":"EntryPoint","urlTemplate":"https:\/\/folhapopular.info\/?s={search_term_string}"},"query-input":{"@type":"PropertyValueSpecification","valueRequired":true,"valueName":"search_term_string"}}],"inLanguage":"pt-BR"},{"@type":"Person","@id":"https:\/\/folhapopular.info\/#\/schema\/person\/2814e8a0df7643585a9ca38bc6eb9d4b","name":"Reda\u00e7\u00e3o Folha Popular","image":{"@type":"ImageObject","inLanguage":"pt-BR","@id":"https:\/\/folhapopular.info\/wp-content\/uploads\/2026\/04\/Folha-1.webp","url":"https:\/\/folhapopular.info\/wp-content\/uploads\/2026\/04\/Folha-1.webp","contentUrl":"https:\/\/folhapopular.info\/wp-content\/uploads\/2026\/04\/Folha-1.webp","caption":"Reda\u00e7\u00e3o Folha Popular"},"url":"https:\/\/folhapopular.info\/index.php\/author\/redacao\/"}]}},"jetpack_featured_media_url":"https:\/\/folhapopular.info\/wp-content\/uploads\/2019\/10\/004-e1570110239335.jpg","jetpack_sharing_enabled":true,"amp_enabled":true,"_links":{"self":[{"href":"https:\/\/folhapopular.info\/index.php\/wp-json\/wp\/v2\/posts\/59492","targetHints":{"allow":["GET"]}}],"collection":[{"href":"https:\/\/folhapopular.info\/index.php\/wp-json\/wp\/v2\/posts"}],"about":[{"href":"https:\/\/folhapopular.info\/index.php\/wp-json\/wp\/v2\/types\/post"}],"author":[{"embeddable":true,"href":"https:\/\/folhapopular.info\/index.php\/wp-json\/wp\/v2\/users\/8"}],"replies":[{"embeddable":true,"href":"https:\/\/folhapopular.info\/index.php\/wp-json\/wp\/v2\/comments?post=59492"}],"version-history":[{"count":0,"href":"https:\/\/folhapopular.info\/index.php\/wp-json\/wp\/v2\/posts\/59492\/revisions"}],"wp:featuredmedia":[{"embeddable":true,"href":"https:\/\/folhapopular.info\/index.php\/wp-json\/wp\/v2\/media\/59493"}],"wp:attachment":[{"href":"https:\/\/folhapopular.info\/index.php\/wp-json\/wp\/v2\/media?parent=59492"}],"wp:term":[{"taxonomy":"category","embeddable":true,"href":"https:\/\/folhapopular.info\/index.php\/wp-json\/wp\/v2\/categories?post=59492"},{"taxonomy":"post_tag","embeddable":true,"href":"https:\/\/folhapopular.info\/index.php\/wp-json\/wp\/v2\/tags?post=59492"}],"curies":[{"name":"wp","href":"https:\/\/api.w.org\/{rel}","templated":true}]}}