{"id":59661,"date":"2019-10-06T14:44:55","date_gmt":"2019-10-06T17:44:55","guid":{"rendered":"http:\/\/folhapopular.info\/?p=59661"},"modified":"2019-10-06T14:46:45","modified_gmt":"2019-10-06T17:46:45","slug":"domingo-sem-futebol-amador-no-vale-do-taquari","status":"publish","type":"post","link":"https:\/\/folhapopular.info\/index.php\/2019\/10\/06\/domingo-sem-futebol-amador-no-vale-do-taquari\/","title":{"rendered":"Domingo sem futebol amador no Vale do Taquari"},"content":{"rendered":"\n<p>A intensa e incessante chuva que atinge o Vale do Taquari desde quinta-feira (03\/10) impediu a realiza\u00e7\u00e3o dos jogos de futebol amador durante este domingo (06\/10). As organiza\u00e7\u00f5es das competi\u00e7\u00f5es j\u00e1 decidiu no s\u00e1bado pela transfer\u00eancia, em fun\u00e7\u00e3o do alto \u00edndice de precipita\u00e7\u00e3o pluviom\u00e9trica.<\/p>\n\n\n\n<p>\u00c0s 10h20 da manh\u00e3 de s\u00e1bado (05\/10), a dire\u00e7\u00e3o da Aslivata se pronunciou cancelando todos os jogos de seus campeonatos regionais &#8211; 22\u00aa Copa Certel Sicredi. Estavam programados: quartas de final da S\u00e9rie A, \u00faltima rodada classificat\u00f3ria da S\u00e9rie B e jogo isolado do Regional de Veteranos.<\/p>\n\n\n\n<p>As partidas das S\u00e9ries A e B j\u00e1 est\u00e3o automaticamente remarcadas para o pr\u00f3ximo fim de semana. O jogo do Veterano, entre Brasil e Ribeirense, est\u00e1 pr\u00e9-ajustado para o domingo (13\/10) \u00e0 tarde, \u00e0s 15h, em Marques de Souza. Os outros quatro jogos que fecham a primeira fase do Regional de Veteranos ser\u00e3o domingo (13\/10) pela manh\u00e3, \u00e0s 10h.<\/p>\n\n\n\n<p>At\u00e9 ent\u00e3o, a Aslivata s\u00f3 havia cancelado uma rodada do Regional de Veteranos (dia 08\/09). Os jogos das S\u00e9ries A e B da 22\u00aa Copa Certel Sicredi vinham ocorrendo h\u00e1 nove domingos ininterruptos.<\/p>\n\n\n\n<p>\u00c0s 14h deste s\u00e1bado (05\/10), a organiza\u00e7\u00e3o da Copa Via Esporte \/ Rema Trof\u00e9us tamb\u00e9m decidiu pelo adiamento das partidas de volta das quartas de final. Os gramados das pra\u00e7as esportivas de Riograndense, Fluminense, Juventude de Brochier e Ouro Verde de Teut\u00f4nia tamb\u00e9m n\u00e3o ofereciam condi\u00e7\u00f5es de jogo. Este foi o terceiro adiamento de partidas da Copa Via Esporte.<\/p>\n","protected":false},"excerpt":{"rendered":"<p>A intensa e incessante chuva que atinge o Vale do Taquari desde quinta-feira (03\/10) impediu a realiza\u00e7\u00e3o dos jogos de futebol amador durante este domingo (06\/10). As organiza\u00e7\u00f5es das competi\u00e7\u00f5es j\u00e1 decidiu no s\u00e1bado pela transfer\u00eancia, em fun\u00e7\u00e3o do alto \u00edndice de precipita\u00e7\u00e3o pluviom\u00e9trica. \u00c0s 10h20 da manh\u00e3 de s\u00e1bado (05\/10), a dire\u00e7\u00e3o da Aslivata [&hellip;]<\/p>\n","protected":false},"author":7,"featured_media":58454,"comment_status":"open","ping_status":"open","sticky":false,"template":"","format":"standard","meta":{"pmpro_default_level":"","_jetpack_memberships_contains_paid_content":false,"footnotes":""},"categories":[5,240],"tags":[318,921,156],"class_list":{"0":"post-59661","1":"post","2":"type-post","3":"status-publish","4":"format-standard","5":"has-post-thumbnail","7":"category-esportes","8":"category-futebol-amador","9":"tag-copa-certel-sicredi","10":"tag-copa-via-esporte-rema-trofeus","11":"tag-vale-do-taquari","12":"pmpro-has-access"},"yoast_head":"<!-- This site is optimized with the Yoast SEO plugin v27.5 - https:\/\/yoast.com\/product\/yoast-seo-wordpress\/ -->\n<title>Domingo sem futebol amador no Vale do Taquari - Folha Popular<\/title>\n<meta name=\"robots\" content=\"index, follow, max-snippet:-1, max-image-preview:large, max-video-preview:-1\" \/>\n<link rel=\"canonical\" href=\"https:\/\/folhapopular.info\/index.php\/2019\/10\/06\/domingo-sem-futebol-amador-no-vale-do-taquari\/\" \/>\n<meta property=\"og:locale\" content=\"pt_BR\" \/>\n<meta property=\"og:type\" content=\"article\" \/>\n<meta property=\"og:title\" content=\"Domingo sem futebol amador no Vale do Taquari - Folha Popular\" \/>\n<meta property=\"og:description\" content=\"A intensa e incessante chuva que atinge o Vale do Taquari desde quinta-feira (03\/10) impediu a realiza\u00e7\u00e3o dos jogos de futebol amador durante este domingo (06\/10). As organiza\u00e7\u00f5es das competi\u00e7\u00f5es j\u00e1 decidiu no s\u00e1bado pela transfer\u00eancia, em fun\u00e7\u00e3o do alto \u00edndice de precipita\u00e7\u00e3o pluviom\u00e9trica. \u00c0s 10h20 da manh\u00e3 de s\u00e1bado (05\/10), a dire\u00e7\u00e3o da Aslivata [&hellip;]\" \/>\n<meta property=\"og:url\" content=\"https:\/\/folhapopular.info\/index.php\/2019\/10\/06\/domingo-sem-futebol-amador-no-vale-do-taquari\/\" \/>\n<meta property=\"og:site_name\" content=\"Folha Popular\" \/>\n<meta property=\"article:published_time\" content=\"2019-10-06T17:44:55+00:00\" \/>\n<meta property=\"article:modified_time\" content=\"2019-10-06T17:46:45+00:00\" \/>\n<meta property=\"og:image\" content=\"https:\/\/folhapopular.info\/wp-content\/uploads\/2019\/09\/Lucas-marca-o-primeiro-gol-do-Boavistense_Bianca-Let\u00edcia-Fritscher.jpeg\" \/>\n\t<meta property=\"og:image:width\" content=\"1280\" \/>\n\t<meta property=\"og:image:height\" content=\"746\" \/>\n\t<meta property=\"og:image:type\" content=\"image\/jpeg\" \/>\n<meta name=\"author\" content=\"Lucas Leandro Brune\" \/>\n<meta name=\"twitter:card\" content=\"summary_large_image\" \/>\n<meta name=\"twitter:label1\" content=\"Escrito por\" \/>\n\t<meta name=\"twitter:data1\" content=\"Lucas Leandro Brune\" \/>\n\t<meta name=\"twitter:label2\" content=\"Est. tempo de leitura\" \/>\n\t<meta name=\"twitter:data2\" content=\"1 minuto\" \/>\n<script type=\"application\/ld+json\" class=\"yoast-schema-graph\">{\"@context\":\"https:\\\/\\\/schema.org\",\"@graph\":[{\"@type\":\"Article\",\"@id\":\"https:\\\/\\\/folhapopular.info\\\/index.php\\\/2019\\\/10\\\/06\\\/domingo-sem-futebol-amador-no-vale-do-taquari\\\/#article\",\"isPartOf\":{\"@id\":\"https:\\\/\\\/folhapopular.info\\\/index.php\\\/2019\\\/10\\\/06\\\/domingo-sem-futebol-amador-no-vale-do-taquari\\\/\"},\"author\":{\"name\":\"Lucas Leandro Brune\",\"@id\":\"https:\\\/\\\/folhapopular.info\\\/#\\\/schema\\\/person\\\/533a15f60cd49e81ab3a90b4ca33cb36\"},\"headline\":\"Domingo sem futebol amador no Vale do Taquari\",\"datePublished\":\"2019-10-06T17:44:55+00:00\",\"dateModified\":\"2019-10-06T17:46:45+00:00\",\"mainEntityOfPage\":{\"@id\":\"https:\\\/\\\/folhapopular.info\\\/index.php\\\/2019\\\/10\\\/06\\\/domingo-sem-futebol-amador-no-vale-do-taquari\\\/\"},\"wordCount\":268,\"commentCount\":0,\"image\":{\"@id\":\"https:\\\/\\\/folhapopular.info\\\/index.php\\\/2019\\\/10\\\/06\\\/domingo-sem-futebol-amador-no-vale-do-taquari\\\/#primaryimage\"},\"thumbnailUrl\":\"https:\\\/\\\/folhapopular.info\\\/wp-content\\\/uploads\\\/2019\\\/09\\\/Lucas-marca-o-primeiro-gol-do-Boavistense_Bianca-Let\u00edcia-Fritscher.jpeg\",\"keywords\":[\"Copa Certel Sicredi\",\"Copa Via Esporte Rema Trof\u00e9us\",\"Vale do Taquari\"],\"articleSection\":[\"Esportes\",\"Futebol Amador\"],\"inLanguage\":\"pt-BR\",\"potentialAction\":[{\"@type\":\"CommentAction\",\"name\":\"Comment\",\"target\":[\"https:\\\/\\\/folhapopular.info\\\/index.php\\\/2019\\\/10\\\/06\\\/domingo-sem-futebol-amador-no-vale-do-taquari\\\/#respond\"]}]},{\"@type\":\"WebPage\",\"@id\":\"https:\\\/\\\/folhapopular.info\\\/index.php\\\/2019\\\/10\\\/06\\\/domingo-sem-futebol-amador-no-vale-do-taquari\\\/\",\"url\":\"https:\\\/\\\/folhapopular.info\\\/index.php\\\/2019\\\/10\\\/06\\\/domingo-sem-futebol-amador-no-vale-do-taquari\\\/\",\"name\":\"Domingo sem futebol amador no Vale do Taquari - Folha Popular\",\"isPartOf\":{\"@id\":\"https:\\\/\\\/folhapopular.info\\\/#website\"},\"primaryImageOfPage\":{\"@id\":\"https:\\\/\\\/folhapopular.info\\\/index.php\\\/2019\\\/10\\\/06\\\/domingo-sem-futebol-amador-no-vale-do-taquari\\\/#primaryimage\"},\"image\":{\"@id\":\"https:\\\/\\\/folhapopular.info\\\/index.php\\\/2019\\\/10\\\/06\\\/domingo-sem-futebol-amador-no-vale-do-taquari\\\/#primaryimage\"},\"thumbnailUrl\":\"https:\\\/\\\/folhapopular.info\\\/wp-content\\\/uploads\\\/2019\\\/09\\\/Lucas-marca-o-primeiro-gol-do-Boavistense_Bianca-Let\u00edcia-Fritscher.jpeg\",\"datePublished\":\"2019-10-06T17:44:55+00:00\",\"dateModified\":\"2019-10-06T17:46:45+00:00\",\"author\":{\"@id\":\"https:\\\/\\\/folhapopular.info\\\/#\\\/schema\\\/person\\\/533a15f60cd49e81ab3a90b4ca33cb36\"},\"breadcrumb\":{\"@id\":\"https:\\\/\\\/folhapopular.info\\\/index.php\\\/2019\\\/10\\\/06\\\/domingo-sem-futebol-amador-no-vale-do-taquari\\\/#breadcrumb\"},\"inLanguage\":\"pt-BR\",\"potentialAction\":[{\"@type\":\"ReadAction\",\"target\":[\"https:\\\/\\\/folhapopular.info\\\/index.php\\\/2019\\\/10\\\/06\\\/domingo-sem-futebol-amador-no-vale-do-taquari\\\/\"]}]},{\"@type\":\"ImageObject\",\"inLanguage\":\"pt-BR\",\"@id\":\"https:\\\/\\\/folhapopular.info\\\/index.php\\\/2019\\\/10\\\/06\\\/domingo-sem-futebol-amador-no-vale-do-taquari\\\/#primaryimage\",\"url\":\"https:\\\/\\\/folhapopular.info\\\/wp-content\\\/uploads\\\/2019\\\/09\\\/Lucas-marca-o-primeiro-gol-do-Boavistense_Bianca-Let\u00edcia-Fritscher.jpeg\",\"contentUrl\":\"https:\\\/\\\/folhapopular.info\\\/wp-content\\\/uploads\\\/2019\\\/09\\\/Lucas-marca-o-primeiro-gol-do-Boavistense_Bianca-Let\u00edcia-Fritscher.jpeg\",\"width\":1280,\"height\":746,\"caption\":\"S\u00e9rie A do Campeonato Regional ter\u00e1 jogos de ida das quartas de final no pr\u00f3ximo domingo\"},{\"@type\":\"BreadcrumbList\",\"@id\":\"https:\\\/\\\/folhapopular.info\\\/index.php\\\/2019\\\/10\\\/06\\\/domingo-sem-futebol-amador-no-vale-do-taquari\\\/#breadcrumb\",\"itemListElement\":[{\"@type\":\"ListItem\",\"position\":1,\"name\":\"In\u00edcio\",\"item\":\"https:\\\/\\\/folhapopular.info\\\/\"},{\"@type\":\"ListItem\",\"position\":2,\"name\":\"Domingo sem futebol amador no Vale do Taquari\"}]},{\"@type\":\"WebSite\",\"@id\":\"https:\\\/\\\/folhapopular.info\\\/#website\",\"url\":\"https:\\\/\\\/folhapopular.info\\\/\",\"name\":\"Folha Popular\",\"description\":\"Onde voc\u00ea tem vez e voz\",\"potentialAction\":[{\"@type\":\"SearchAction\",\"target\":{\"@type\":\"EntryPoint\",\"urlTemplate\":\"https:\\\/\\\/folhapopular.info\\\/?s={search_term_string}\"},\"query-input\":{\"@type\":\"PropertyValueSpecification\",\"valueRequired\":true,\"valueName\":\"search_term_string\"}}],\"inLanguage\":\"pt-BR\"},{\"@type\":\"Person\",\"@id\":\"https:\\\/\\\/folhapopular.info\\\/#\\\/schema\\\/person\\\/533a15f60cd49e81ab3a90b4ca33cb36\",\"name\":\"Lucas Leandro Brune\",\"image\":{\"@type\":\"ImageObject\",\"inLanguage\":\"pt-BR\",\"@id\":\"https:\\\/\\\/folhapopular.info\\\/wp-content\\\/uploads\\\/2026\\\/04\\\/LUCAS-1-1.webp\",\"url\":\"https:\\\/\\\/folhapopular.info\\\/wp-content\\\/uploads\\\/2026\\\/04\\\/LUCAS-1-1.webp\",\"contentUrl\":\"https:\\\/\\\/folhapopular.info\\\/wp-content\\\/uploads\\\/2026\\\/04\\\/LUCAS-1-1.webp\",\"caption\":\"Lucas Leandro Brune\"},\"description\":\"Jornalista Profissional Diplomado MTB\\\/RS 14.333\",\"url\":\"https:\\\/\\\/folhapopular.info\\\/index.php\\\/author\\\/lucas-brune\\\/\"}]}<\/script>\n<!-- \/ Yoast SEO plugin. -->","yoast_head_json":{"title":"Domingo sem futebol amador no Vale do Taquari - Folha Popular","robots":{"index":"index","follow":"follow","max-snippet":"max-snippet:-1","max-image-preview":"max-image-preview:large","max-video-preview":"max-video-preview:-1"},"canonical":"https:\/\/folhapopular.info\/index.php\/2019\/10\/06\/domingo-sem-futebol-amador-no-vale-do-taquari\/","og_locale":"pt_BR","og_type":"article","og_title":"Domingo sem futebol amador no Vale do Taquari - Folha Popular","og_description":"A intensa e incessante chuva que atinge o Vale do Taquari desde quinta-feira (03\/10) impediu a realiza\u00e7\u00e3o dos jogos de futebol amador durante este domingo (06\/10). As organiza\u00e7\u00f5es das competi\u00e7\u00f5es j\u00e1 decidiu no s\u00e1bado pela transfer\u00eancia, em fun\u00e7\u00e3o do alto \u00edndice de precipita\u00e7\u00e3o pluviom\u00e9trica. \u00c0s 10h20 da manh\u00e3 de s\u00e1bado (05\/10), a dire\u00e7\u00e3o da Aslivata [&hellip;]","og_url":"https:\/\/folhapopular.info\/index.php\/2019\/10\/06\/domingo-sem-futebol-amador-no-vale-do-taquari\/","og_site_name":"Folha Popular","article_published_time":"2019-10-06T17:44:55+00:00","article_modified_time":"2019-10-06T17:46:45+00:00","og_image":[{"width":1280,"height":746,"url":"https:\/\/folhapopular.info\/wp-content\/uploads\/2019\/09\/Lucas-marca-o-primeiro-gol-do-Boavistense_Bianca-Let\u00edcia-Fritscher.jpeg","type":"image\/jpeg"}],"author":"Lucas Leandro Brune","twitter_card":"summary_large_image","twitter_misc":{"Escrito por":"Lucas Leandro Brune","Est. tempo de leitura":"1 minuto"},"schema":{"@context":"https:\/\/schema.org","@graph":[{"@type":"Article","@id":"https:\/\/folhapopular.info\/index.php\/2019\/10\/06\/domingo-sem-futebol-amador-no-vale-do-taquari\/#article","isPartOf":{"@id":"https:\/\/folhapopular.info\/index.php\/2019\/10\/06\/domingo-sem-futebol-amador-no-vale-do-taquari\/"},"author":{"name":"Lucas Leandro Brune","@id":"https:\/\/folhapopular.info\/#\/schema\/person\/533a15f60cd49e81ab3a90b4ca33cb36"},"headline":"Domingo sem futebol amador no Vale do Taquari","datePublished":"2019-10-06T17:44:55+00:00","dateModified":"2019-10-06T17:46:45+00:00","mainEntityOfPage":{"@id":"https:\/\/folhapopular.info\/index.php\/2019\/10\/06\/domingo-sem-futebol-amador-no-vale-do-taquari\/"},"wordCount":268,"commentCount":0,"image":{"@id":"https:\/\/folhapopular.info\/index.php\/2019\/10\/06\/domingo-sem-futebol-amador-no-vale-do-taquari\/#primaryimage"},"thumbnailUrl":"https:\/\/folhapopular.info\/wp-content\/uploads\/2019\/09\/Lucas-marca-o-primeiro-gol-do-Boavistense_Bianca-Let\u00edcia-Fritscher.jpeg","keywords":["Copa Certel Sicredi","Copa Via Esporte Rema Trof\u00e9us","Vale do Taquari"],"articleSection":["Esportes","Futebol Amador"],"inLanguage":"pt-BR","potentialAction":[{"@type":"CommentAction","name":"Comment","target":["https:\/\/folhapopular.info\/index.php\/2019\/10\/06\/domingo-sem-futebol-amador-no-vale-do-taquari\/#respond"]}]},{"@type":"WebPage","@id":"https:\/\/folhapopular.info\/index.php\/2019\/10\/06\/domingo-sem-futebol-amador-no-vale-do-taquari\/","url":"https:\/\/folhapopular.info\/index.php\/2019\/10\/06\/domingo-sem-futebol-amador-no-vale-do-taquari\/","name":"Domingo sem futebol amador no Vale do Taquari - Folha Popular","isPartOf":{"@id":"https:\/\/folhapopular.info\/#website"},"primaryImageOfPage":{"@id":"https:\/\/folhapopular.info\/index.php\/2019\/10\/06\/domingo-sem-futebol-amador-no-vale-do-taquari\/#primaryimage"},"image":{"@id":"https:\/\/folhapopular.info\/index.php\/2019\/10\/06\/domingo-sem-futebol-amador-no-vale-do-taquari\/#primaryimage"},"thumbnailUrl":"https:\/\/folhapopular.info\/wp-content\/uploads\/2019\/09\/Lucas-marca-o-primeiro-gol-do-Boavistense_Bianca-Let\u00edcia-Fritscher.jpeg","datePublished":"2019-10-06T17:44:55+00:00","dateModified":"2019-10-06T17:46:45+00:00","author":{"@id":"https:\/\/folhapopular.info\/#\/schema\/person\/533a15f60cd49e81ab3a90b4ca33cb36"},"breadcrumb":{"@id":"https:\/\/folhapopular.info\/index.php\/2019\/10\/06\/domingo-sem-futebol-amador-no-vale-do-taquari\/#breadcrumb"},"inLanguage":"pt-BR","potentialAction":[{"@type":"ReadAction","target":["https:\/\/folhapopular.info\/index.php\/2019\/10\/06\/domingo-sem-futebol-amador-no-vale-do-taquari\/"]}]},{"@type":"ImageObject","inLanguage":"pt-BR","@id":"https:\/\/folhapopular.info\/index.php\/2019\/10\/06\/domingo-sem-futebol-amador-no-vale-do-taquari\/#primaryimage","url":"https:\/\/folhapopular.info\/wp-content\/uploads\/2019\/09\/Lucas-marca-o-primeiro-gol-do-Boavistense_Bianca-Let\u00edcia-Fritscher.jpeg","contentUrl":"https:\/\/folhapopular.info\/wp-content\/uploads\/2019\/09\/Lucas-marca-o-primeiro-gol-do-Boavistense_Bianca-Let\u00edcia-Fritscher.jpeg","width":1280,"height":746,"caption":"S\u00e9rie A do Campeonato Regional ter\u00e1 jogos de ida das quartas de final no pr\u00f3ximo domingo"},{"@type":"BreadcrumbList","@id":"https:\/\/folhapopular.info\/index.php\/2019\/10\/06\/domingo-sem-futebol-amador-no-vale-do-taquari\/#breadcrumb","itemListElement":[{"@type":"ListItem","position":1,"name":"In\u00edcio","item":"https:\/\/folhapopular.info\/"},{"@type":"ListItem","position":2,"name":"Domingo sem futebol amador no Vale do Taquari"}]},{"@type":"WebSite","@id":"https:\/\/folhapopular.info\/#website","url":"https:\/\/folhapopular.info\/","name":"Folha Popular","description":"Onde voc\u00ea tem vez e voz","potentialAction":[{"@type":"SearchAction","target":{"@type":"EntryPoint","urlTemplate":"https:\/\/folhapopular.info\/?s={search_term_string}"},"query-input":{"@type":"PropertyValueSpecification","valueRequired":true,"valueName":"search_term_string"}}],"inLanguage":"pt-BR"},{"@type":"Person","@id":"https:\/\/folhapopular.info\/#\/schema\/person\/533a15f60cd49e81ab3a90b4ca33cb36","name":"Lucas Leandro Brune","image":{"@type":"ImageObject","inLanguage":"pt-BR","@id":"https:\/\/folhapopular.info\/wp-content\/uploads\/2026\/04\/LUCAS-1-1.webp","url":"https:\/\/folhapopular.info\/wp-content\/uploads\/2026\/04\/LUCAS-1-1.webp","contentUrl":"https:\/\/folhapopular.info\/wp-content\/uploads\/2026\/04\/LUCAS-1-1.webp","caption":"Lucas Leandro Brune"},"description":"Jornalista Profissional Diplomado MTB\/RS 14.333","url":"https:\/\/folhapopular.info\/index.php\/author\/lucas-brune\/"}]}},"jetpack_featured_media_url":"https:\/\/folhapopular.info\/wp-content\/uploads\/2019\/09\/Lucas-marca-o-primeiro-gol-do-Boavistense_Bianca-Let\u00edcia-Fritscher.jpeg","jetpack_sharing_enabled":true,"amp_enabled":true,"_links":{"self":[{"href":"https:\/\/folhapopular.info\/index.php\/wp-json\/wp\/v2\/posts\/59661","targetHints":{"allow":["GET"]}}],"collection":[{"href":"https:\/\/folhapopular.info\/index.php\/wp-json\/wp\/v2\/posts"}],"about":[{"href":"https:\/\/folhapopular.info\/index.php\/wp-json\/wp\/v2\/types\/post"}],"author":[{"embeddable":true,"href":"https:\/\/folhapopular.info\/index.php\/wp-json\/wp\/v2\/users\/7"}],"replies":[{"embeddable":true,"href":"https:\/\/folhapopular.info\/index.php\/wp-json\/wp\/v2\/comments?post=59661"}],"version-history":[{"count":0,"href":"https:\/\/folhapopular.info\/index.php\/wp-json\/wp\/v2\/posts\/59661\/revisions"}],"wp:featuredmedia":[{"embeddable":true,"href":"https:\/\/folhapopular.info\/index.php\/wp-json\/wp\/v2\/media\/58454"}],"wp:attachment":[{"href":"https:\/\/folhapopular.info\/index.php\/wp-json\/wp\/v2\/media?parent=59661"}],"wp:term":[{"taxonomy":"category","embeddable":true,"href":"https:\/\/folhapopular.info\/index.php\/wp-json\/wp\/v2\/categories?post=59661"},{"taxonomy":"post_tag","embeddable":true,"href":"https:\/\/folhapopular.info\/index.php\/wp-json\/wp\/v2\/tags?post=59661"}],"curies":[{"name":"wp","href":"https:\/\/api.w.org\/{rel}","templated":true}]}}