{"id":59771,"date":"2019-10-08T16:20:11","date_gmt":"2019-10-08T19:20:11","guid":{"rendered":"https:\/\/folhapopular.info\/?p=59771"},"modified":"2019-10-08T15:12:31","modified_gmt":"2019-10-08T18:12:31","slug":"semana-do-brincar-em-teutonia-estimulo-ao-desenvolvimento-infantil-atraves-do-ato-de-brincar","status":"publish","type":"post","link":"https:\/\/folhapopular.info\/index.php\/2019\/10\/08\/semana-do-brincar-em-teutonia-estimulo-ao-desenvolvimento-infantil-atraves-do-ato-de-brincar\/","title":{"rendered":"Semana do Brincar em Teut\u00f4nia: est\u00edmulo ao desenvolvimento infantil atrav\u00e9s do ato de brincar"},"content":{"rendered":"\n<p>De&nbsp;7&nbsp;a 12 de outubro,&nbsp;Teut\u00f4nia&nbsp;desenvolver\u00e1 a&nbsp;2\u00aa Semana do Brincar, atividade alusiva ao Dia das Crian\u00e7as e que tem a finalidade de desenvolver a conscientiza\u00e7\u00e3o sobre a import\u00e2ncia do ato de brincar para o desenvolvimento infantil. Diversas atividades est\u00e3o programadas nas escolas, al\u00e9m de envolver outras reparti\u00e7\u00f5es p\u00fablicas e, inclusive, empresas.<\/p>\n\n\n\n<p>A realiza\u00e7\u00e3o da Semana do Brincar, que tem como tema \u201cVai come\u00e7ar a brincadeira\u201d, \u00e9 da Secretaria de Educa\u00e7\u00e3o. Apoiam a iniciativa as secretarias de Assist\u00eancia Social e Habita\u00e7\u00e3o, de Ind\u00fastria, Com\u00e9rcio e Turismo, de Sa\u00fade, e de Juventude, Cultura, Esporte e Lazer.<\/p>\n\n\n\n<p>Conforme a coordenadora da Educa\u00e7\u00e3o Infantil da Prefeitura de&nbsp;Teut\u00f4nia, Alessandra Surkamp, o ato de brincar \u00e9 de suma import\u00e2ncia para o desenvolvimento infantil. \u201cBrincar fortalece as fun\u00e7\u00f5es cognitivas, promove a autonomia, estimula o imagin\u00e1rio, estabelece v\u00ednculos, ajuda a lidar com ang\u00fastias e anseios, ajuda a desenvolver a coordena\u00e7\u00e3o motora, al\u00e9m de contribuir para a forma\u00e7\u00e3o de um cidad\u00e3o cr\u00edtico e respons\u00e1vel. Por isso, a programa\u00e7\u00e3o da Semana do Brincar foi organizada seguindo a premissa de que a crian\u00e7a aprende atrav\u00e9s das brincadeiras e intera\u00e7\u00f5es\u201d, frisa.<\/p>\n\n\n\n<p>Durante toda a semana, haver\u00e1 o interc\u00e2mbio entre escolas e turmas de Educa\u00e7\u00e3o Infantil, oportunizando, assim, a intera\u00e7\u00e3o das crian\u00e7as com brincadeiras que estimulem, ainda, a socializa\u00e7\u00e3o e o desenvolvimento cognitivo dos pequenos. Est\u00e3o previstas, ainda, integra\u00e7\u00e3o das Escolas de Educa\u00e7\u00e3o Infantil com os N\u00facleos de Cultura, oficinas de culin\u00e1ria na Padaria Escola do Centro Municipal de Ensino Fundamental Leonel de Moura Brizola, Yoga,&nbsp;e&nbsp;atividades&nbsp;com profissionais do programa Primeira Inf\u00e2ncia Melhor (PIM) e do Centro de Refer\u00eancia de Assist\u00eancia Social (Cras).<\/p>\n\n\n\n<p>A programa\u00e7\u00e3o conta, ainda, com a\u00e7\u00f5es solid\u00e1rias.&nbsp;Durante a semana,&nbsp;ocorre a atividade \u201cFazer o bem&#8230; Brincando\u201d. Na oportunidade, servidores fantasiados de palha\u00e7os e outros personagens visitar\u00e3o os postos de sa\u00fade e o Hospital Ouro Branco, levando alegria tanto para as crian\u00e7as quanto para os adultos.<\/p>\n\n\n\n<p>No dia 12 de outubro, ocorre a&nbsp;9\u00aa edi\u00e7\u00e3o do Passeio Cicl\u00edstico do Dia das Crian\u00e7as, organizado pelo grupo Bruxos da Bike, com apoio da Prefeitura de&nbsp;Teut\u00f4nia, integrando a programa\u00e7\u00e3o da Semana do Brincar. O evento inicia \u00e0s 8h30min, com sa\u00edda em frente ao&nbsp;Ieceg\/CNEC&nbsp;Teut\u00f4nia, seguindo pelos tr\u00eas principais bairros&nbsp;(Canabarro, Languiru e&nbsp;Teut\u00f4nia)&nbsp;e retornando at\u00e9 o Centro Administrativo.<\/p>\n\n\n\n<p>As inscri\u00e7\u00f5es para o Passeio Cicl\u00edstico s\u00e3o gratuitas e podem ser feitas nos seguintes locais: Flach Bicicletas (Bairro Languiru), Col\u00e9gio&nbsp;Teut\u00f4nia&nbsp;(Bairro&nbsp;Teut\u00f4nia), Ieceg\/CNEC&nbsp;Teut\u00f4nia&nbsp;(Bairro Canabarro), EMEF 24 de Maio (Bairro Canabarro), EMEF Professor Teobaldo Closs (Bairro Canabarro), EMEF Professor Guilherme Sommer (Vila Popular), EMEF Alfredo Schneider (Bairro&nbsp;Teut\u00f4nia) e EMEF Leopoldo Klepker (Bairro Alesgut).<\/p>\n\n\n\n<p>J\u00e1 a tarde, no dia 12 de outubro, ocorre o Arte na Rua Especial Dia das Crian\u00e7as, a partir das 14h, no pavilh\u00e3o multiuso. Na oportunidade haver\u00e1 brinquedos infl\u00e1veis \u00e0 disposi\u00e7\u00e3o das crian\u00e7as, passeios com os triciclos, Feira de Artesanato,&nbsp;apresenta\u00e7\u00f5es art\u00edsticas e culturais, dentre outras atra\u00e7\u00f5es.<\/p>\n\n\n\n<p><strong>ATIVIDADES PREVISTAS NA 2\u00aa SEMANA DO BRINCAR<\/strong><strong><\/strong><\/p>\n\n\n\n<p>&#8211; &nbsp;<strong>\u201cCrian\u00e7a aprende brincando\u201d<\/strong>&nbsp;&#8211; confec\u00e7\u00e3o de cartazes\/pain\u00e9is pelas escolas do Sistema Municipal de Ensino e disponibiliza\u00e7\u00e3o nas ind\u00fastrias e com\u00e9rcio de&nbsp;Teut\u00f4nia<\/p>\n\n\n\n<p>&#8211;&nbsp;<strong>\u201cCompartilhando talentos da Educa\u00e7\u00e3o Infantil\u201d<\/strong>&nbsp;\u2013 &nbsp;Local: Audit\u00f3rio da Sicredi<\/p>\n\n\n\n<p>&#8211; Forma\u00e7\u00e3o Continuada&nbsp;<strong>\u201cConstruindo aprendizagens, desenvolvendo autonomia\u201d,<\/strong>&nbsp;com a professora &nbsp;especialista Izabel Cristina Martins da Rosa Schneider \u2013 Local: Audit\u00f3rio da Sicredi<\/p>\n\n\n\n<p>&#8211;&nbsp;<strong>\u201cBrincando&#8230;com a Cultura!\u201d<\/strong>&nbsp;&#8211; integra\u00e7\u00e3o das Escolas de Educa\u00e7\u00e3o Infantil com os N\u00facleos de Cultura<\/p>\n\n\n\n<p>&#8211;&nbsp;<strong>\u201cBrincando, aprendendo, interagindo\u201d<\/strong>&nbsp;&#8211; Integra\u00e7\u00e3o entre turmas de Educa\u00e7\u00e3o Infantil<\/p>\n\n\n\n<p>&#8211;&nbsp;<strong>\u201cFazer o bem..brincando!\u201d<\/strong>&nbsp;\u2013 visita \u00e0s unidades de sa\u00fade de&nbsp;Teut\u00f4nia<\/p>\n\n\n\n<p>&#8211; Oficina de Yoga<\/p>\n\n\n\n<p>&#8211; Oficina&nbsp;<strong>\u201cMini chef saud\u00e1vel\u201d<\/strong>&nbsp;\u2013 Local: Padaria Escola do Cemef<\/p>\n\n\n\n<p>&#8211;&nbsp;<strong>\u201cBrincando juntos, todos ganham\u201d<\/strong>&nbsp;&#8211; PIM e Cras celebrando o brincar: conviver, interagir e construir!<\/p>\n\n\n\n<p>&#8211; Passeio Cicl\u00edstico (dia 12, pela manh\u00e3) e Arte na Rua Especial Dia das Crian\u00e7as (dia 12, pela tarde)<\/p>\n","protected":false},"excerpt":{"rendered":"<p>De&nbsp;7&nbsp;a 12 de outubro,&nbsp;Teut\u00f4nia&nbsp;desenvolver\u00e1 a&nbsp;2\u00aa Semana do Brincar, atividade alusiva ao Dia das Crian\u00e7as e que tem a finalidade de desenvolver a conscientiza\u00e7\u00e3o sobre a import\u00e2ncia do ato de brincar para o desenvolvimento infantil. Diversas atividades est\u00e3o programadas nas escolas, al\u00e9m de envolver outras reparti\u00e7\u00f5es p\u00fablicas e, inclusive, empresas. A realiza\u00e7\u00e3o da Semana do Brincar, [&hellip;]<\/p>\n","protected":false},"author":8,"featured_media":59772,"comment_status":"open","ping_status":"open","sticky":false,"template":"","format":"standard","meta":{"pmpro_default_level":"","_jetpack_memberships_contains_paid_content":false,"footnotes":""},"categories":[2,3],"tags":[3478,26],"class_list":{"0":"post-59771","1":"post","2":"type-post","3":"status-publish","4":"format-standard","5":"has-post-thumbnail","7":"category-featured","8":"category-geral","9":"tag-semana-do-brincar","10":"tag-teutonia","11":"pmpro-has-access"},"yoast_head":"<!-- This site is optimized with the Yoast SEO plugin v27.5 - https:\/\/yoast.com\/product\/yoast-seo-wordpress\/ -->\n<title>Semana do Brincar em Teut\u00f4nia: est\u00edmulo ao desenvolvimento infantil atrav\u00e9s do ato de brincar - Folha Popular<\/title>\n<meta name=\"robots\" content=\"index, follow, max-snippet:-1, max-image-preview:large, max-video-preview:-1\" \/>\n<link rel=\"canonical\" href=\"https:\/\/folhapopular.info\/index.php\/2019\/10\/08\/semana-do-brincar-em-teutonia-estimulo-ao-desenvolvimento-infantil-atraves-do-ato-de-brincar\/\" \/>\n<meta property=\"og:locale\" content=\"pt_BR\" \/>\n<meta property=\"og:type\" content=\"article\" \/>\n<meta property=\"og:title\" content=\"Semana do Brincar em Teut\u00f4nia: est\u00edmulo ao desenvolvimento infantil atrav\u00e9s do ato de brincar - Folha Popular\" \/>\n<meta property=\"og:description\" content=\"De&nbsp;7&nbsp;a 12 de outubro,&nbsp;Teut\u00f4nia&nbsp;desenvolver\u00e1 a&nbsp;2\u00aa Semana do Brincar, atividade alusiva ao Dia das Crian\u00e7as e que tem a finalidade de desenvolver a conscientiza\u00e7\u00e3o sobre a import\u00e2ncia do ato de brincar para o desenvolvimento infantil. Diversas atividades est\u00e3o programadas nas escolas, al\u00e9m de envolver outras reparti\u00e7\u00f5es p\u00fablicas e, inclusive, empresas. A realiza\u00e7\u00e3o da Semana do Brincar, [&hellip;]\" \/>\n<meta property=\"og:url\" content=\"https:\/\/folhapopular.info\/index.php\/2019\/10\/08\/semana-do-brincar-em-teutonia-estimulo-ao-desenvolvimento-infantil-atraves-do-ato-de-brincar\/\" \/>\n<meta property=\"og:site_name\" content=\"Folha Popular\" \/>\n<meta property=\"article:published_time\" content=\"2019-10-08T19:20:11+00:00\" \/>\n<meta property=\"og:image\" content=\"https:\/\/folhapopular.info\/wp-content\/uploads\/2019\/10\/Diversas-atividades-visam-estimular-o-ato-de-brincar-e1570557985413.jpg\" \/>\n\t<meta property=\"og:image:width\" content=\"800\" \/>\n\t<meta property=\"og:image:height\" content=\"600\" \/>\n\t<meta property=\"og:image:type\" content=\"image\/jpeg\" \/>\n<meta name=\"author\" content=\"Reda\u00e7\u00e3o Folha Popular\" \/>\n<meta name=\"twitter:card\" content=\"summary_large_image\" \/>\n<meta name=\"twitter:label1\" content=\"Escrito por\" \/>\n\t<meta name=\"twitter:data1\" content=\"Reda\u00e7\u00e3o Folha Popular\" \/>\n\t<meta name=\"twitter:label2\" content=\"Est. tempo de leitura\" \/>\n\t<meta name=\"twitter:data2\" content=\"4 minutos\" \/>\n<script type=\"application\/ld+json\" class=\"yoast-schema-graph\">{\"@context\":\"https:\\\/\\\/schema.org\",\"@graph\":[{\"@type\":\"Article\",\"@id\":\"https:\\\/\\\/folhapopular.info\\\/index.php\\\/2019\\\/10\\\/08\\\/semana-do-brincar-em-teutonia-estimulo-ao-desenvolvimento-infantil-atraves-do-ato-de-brincar\\\/#article\",\"isPartOf\":{\"@id\":\"https:\\\/\\\/folhapopular.info\\\/index.php\\\/2019\\\/10\\\/08\\\/semana-do-brincar-em-teutonia-estimulo-ao-desenvolvimento-infantil-atraves-do-ato-de-brincar\\\/\"},\"author\":{\"name\":\"Reda\u00e7\u00e3o Folha Popular\",\"@id\":\"https:\\\/\\\/folhapopular.info\\\/#\\\/schema\\\/person\\\/2814e8a0df7643585a9ca38bc6eb9d4b\"},\"headline\":\"Semana do Brincar em Teut\u00f4nia: est\u00edmulo ao desenvolvimento infantil atrav\u00e9s do ato de brincar\",\"datePublished\":\"2019-10-08T19:20:11+00:00\",\"mainEntityOfPage\":{\"@id\":\"https:\\\/\\\/folhapopular.info\\\/index.php\\\/2019\\\/10\\\/08\\\/semana-do-brincar-em-teutonia-estimulo-ao-desenvolvimento-infantil-atraves-do-ato-de-brincar\\\/\"},\"wordCount\":779,\"commentCount\":0,\"image\":{\"@id\":\"https:\\\/\\\/folhapopular.info\\\/index.php\\\/2019\\\/10\\\/08\\\/semana-do-brincar-em-teutonia-estimulo-ao-desenvolvimento-infantil-atraves-do-ato-de-brincar\\\/#primaryimage\"},\"thumbnailUrl\":\"https:\\\/\\\/folhapopular.info\\\/wp-content\\\/uploads\\\/2019\\\/10\\\/Diversas-atividades-visam-estimular-o-ato-de-brincar-e1570557985413.jpg\",\"keywords\":[\"Semana do Brincar\",\"Teut\u00f4nia\"],\"articleSection\":[\"Destaques\",\"Geral\"],\"inLanguage\":\"pt-BR\",\"potentialAction\":[{\"@type\":\"CommentAction\",\"name\":\"Comment\",\"target\":[\"https:\\\/\\\/folhapopular.info\\\/index.php\\\/2019\\\/10\\\/08\\\/semana-do-brincar-em-teutonia-estimulo-ao-desenvolvimento-infantil-atraves-do-ato-de-brincar\\\/#respond\"]}]},{\"@type\":\"WebPage\",\"@id\":\"https:\\\/\\\/folhapopular.info\\\/index.php\\\/2019\\\/10\\\/08\\\/semana-do-brincar-em-teutonia-estimulo-ao-desenvolvimento-infantil-atraves-do-ato-de-brincar\\\/\",\"url\":\"https:\\\/\\\/folhapopular.info\\\/index.php\\\/2019\\\/10\\\/08\\\/semana-do-brincar-em-teutonia-estimulo-ao-desenvolvimento-infantil-atraves-do-ato-de-brincar\\\/\",\"name\":\"Semana do Brincar em Teut\u00f4nia: est\u00edmulo ao desenvolvimento infantil atrav\u00e9s do ato de brincar - Folha Popular\",\"isPartOf\":{\"@id\":\"https:\\\/\\\/folhapopular.info\\\/#website\"},\"primaryImageOfPage\":{\"@id\":\"https:\\\/\\\/folhapopular.info\\\/index.php\\\/2019\\\/10\\\/08\\\/semana-do-brincar-em-teutonia-estimulo-ao-desenvolvimento-infantil-atraves-do-ato-de-brincar\\\/#primaryimage\"},\"image\":{\"@id\":\"https:\\\/\\\/folhapopular.info\\\/index.php\\\/2019\\\/10\\\/08\\\/semana-do-brincar-em-teutonia-estimulo-ao-desenvolvimento-infantil-atraves-do-ato-de-brincar\\\/#primaryimage\"},\"thumbnailUrl\":\"https:\\\/\\\/folhapopular.info\\\/wp-content\\\/uploads\\\/2019\\\/10\\\/Diversas-atividades-visam-estimular-o-ato-de-brincar-e1570557985413.jpg\",\"datePublished\":\"2019-10-08T19:20:11+00:00\",\"author\":{\"@id\":\"https:\\\/\\\/folhapopular.info\\\/#\\\/schema\\\/person\\\/2814e8a0df7643585a9ca38bc6eb9d4b\"},\"breadcrumb\":{\"@id\":\"https:\\\/\\\/folhapopular.info\\\/index.php\\\/2019\\\/10\\\/08\\\/semana-do-brincar-em-teutonia-estimulo-ao-desenvolvimento-infantil-atraves-do-ato-de-brincar\\\/#breadcrumb\"},\"inLanguage\":\"pt-BR\",\"potentialAction\":[{\"@type\":\"ReadAction\",\"target\":[\"https:\\\/\\\/folhapopular.info\\\/index.php\\\/2019\\\/10\\\/08\\\/semana-do-brincar-em-teutonia-estimulo-ao-desenvolvimento-infantil-atraves-do-ato-de-brincar\\\/\"]}]},{\"@type\":\"ImageObject\",\"inLanguage\":\"pt-BR\",\"@id\":\"https:\\\/\\\/folhapopular.info\\\/index.php\\\/2019\\\/10\\\/08\\\/semana-do-brincar-em-teutonia-estimulo-ao-desenvolvimento-infantil-atraves-do-ato-de-brincar\\\/#primaryimage\",\"url\":\"https:\\\/\\\/folhapopular.info\\\/wp-content\\\/uploads\\\/2019\\\/10\\\/Diversas-atividades-visam-estimular-o-ato-de-brincar-e1570557985413.jpg\",\"contentUrl\":\"https:\\\/\\\/folhapopular.info\\\/wp-content\\\/uploads\\\/2019\\\/10\\\/Diversas-atividades-visam-estimular-o-ato-de-brincar-e1570557985413.jpg\",\"width\":800,\"height\":600,\"caption\":\"Diversas atividades visam estimular o ato de brincar\"},{\"@type\":\"BreadcrumbList\",\"@id\":\"https:\\\/\\\/folhapopular.info\\\/index.php\\\/2019\\\/10\\\/08\\\/semana-do-brincar-em-teutonia-estimulo-ao-desenvolvimento-infantil-atraves-do-ato-de-brincar\\\/#breadcrumb\",\"itemListElement\":[{\"@type\":\"ListItem\",\"position\":1,\"name\":\"In\u00edcio\",\"item\":\"https:\\\/\\\/folhapopular.info\\\/\"},{\"@type\":\"ListItem\",\"position\":2,\"name\":\"Semana do Brincar em Teut\u00f4nia: est\u00edmulo ao desenvolvimento infantil atrav\u00e9s do ato de brincar\"}]},{\"@type\":\"WebSite\",\"@id\":\"https:\\\/\\\/folhapopular.info\\\/#website\",\"url\":\"https:\\\/\\\/folhapopular.info\\\/\",\"name\":\"Folha Popular\",\"description\":\"Onde voc\u00ea tem vez e voz\",\"potentialAction\":[{\"@type\":\"SearchAction\",\"target\":{\"@type\":\"EntryPoint\",\"urlTemplate\":\"https:\\\/\\\/folhapopular.info\\\/?s={search_term_string}\"},\"query-input\":{\"@type\":\"PropertyValueSpecification\",\"valueRequired\":true,\"valueName\":\"search_term_string\"}}],\"inLanguage\":\"pt-BR\"},{\"@type\":\"Person\",\"@id\":\"https:\\\/\\\/folhapopular.info\\\/#\\\/schema\\\/person\\\/2814e8a0df7643585a9ca38bc6eb9d4b\",\"name\":\"Reda\u00e7\u00e3o Folha Popular\",\"image\":{\"@type\":\"ImageObject\",\"inLanguage\":\"pt-BR\",\"@id\":\"https:\\\/\\\/folhapopular.info\\\/wp-content\\\/uploads\\\/2026\\\/04\\\/Folha-1.webp\",\"url\":\"https:\\\/\\\/folhapopular.info\\\/wp-content\\\/uploads\\\/2026\\\/04\\\/Folha-1.webp\",\"contentUrl\":\"https:\\\/\\\/folhapopular.info\\\/wp-content\\\/uploads\\\/2026\\\/04\\\/Folha-1.webp\",\"caption\":\"Reda\u00e7\u00e3o Folha Popular\"},\"url\":\"https:\\\/\\\/folhapopular.info\\\/index.php\\\/author\\\/redacao\\\/\"}]}<\/script>\n<!-- \/ Yoast SEO plugin. -->","yoast_head_json":{"title":"Semana do Brincar em Teut\u00f4nia: est\u00edmulo ao desenvolvimento infantil atrav\u00e9s do ato de brincar - Folha Popular","robots":{"index":"index","follow":"follow","max-snippet":"max-snippet:-1","max-image-preview":"max-image-preview:large","max-video-preview":"max-video-preview:-1"},"canonical":"https:\/\/folhapopular.info\/index.php\/2019\/10\/08\/semana-do-brincar-em-teutonia-estimulo-ao-desenvolvimento-infantil-atraves-do-ato-de-brincar\/","og_locale":"pt_BR","og_type":"article","og_title":"Semana do Brincar em Teut\u00f4nia: est\u00edmulo ao desenvolvimento infantil atrav\u00e9s do ato de brincar - Folha Popular","og_description":"De&nbsp;7&nbsp;a 12 de outubro,&nbsp;Teut\u00f4nia&nbsp;desenvolver\u00e1 a&nbsp;2\u00aa Semana do Brincar, atividade alusiva ao Dia das Crian\u00e7as e que tem a finalidade de desenvolver a conscientiza\u00e7\u00e3o sobre a import\u00e2ncia do ato de brincar para o desenvolvimento infantil. Diversas atividades est\u00e3o programadas nas escolas, al\u00e9m de envolver outras reparti\u00e7\u00f5es p\u00fablicas e, inclusive, empresas. A realiza\u00e7\u00e3o da Semana do Brincar, [&hellip;]","og_url":"https:\/\/folhapopular.info\/index.php\/2019\/10\/08\/semana-do-brincar-em-teutonia-estimulo-ao-desenvolvimento-infantil-atraves-do-ato-de-brincar\/","og_site_name":"Folha Popular","article_published_time":"2019-10-08T19:20:11+00:00","og_image":[{"width":800,"height":600,"url":"https:\/\/folhapopular.info\/wp-content\/uploads\/2019\/10\/Diversas-atividades-visam-estimular-o-ato-de-brincar-e1570557985413.jpg","type":"image\/jpeg"}],"author":"Reda\u00e7\u00e3o Folha Popular","twitter_card":"summary_large_image","twitter_misc":{"Escrito por":"Reda\u00e7\u00e3o Folha Popular","Est. tempo de leitura":"4 minutos"},"schema":{"@context":"https:\/\/schema.org","@graph":[{"@type":"Article","@id":"https:\/\/folhapopular.info\/index.php\/2019\/10\/08\/semana-do-brincar-em-teutonia-estimulo-ao-desenvolvimento-infantil-atraves-do-ato-de-brincar\/#article","isPartOf":{"@id":"https:\/\/folhapopular.info\/index.php\/2019\/10\/08\/semana-do-brincar-em-teutonia-estimulo-ao-desenvolvimento-infantil-atraves-do-ato-de-brincar\/"},"author":{"name":"Reda\u00e7\u00e3o Folha Popular","@id":"https:\/\/folhapopular.info\/#\/schema\/person\/2814e8a0df7643585a9ca38bc6eb9d4b"},"headline":"Semana do Brincar em Teut\u00f4nia: est\u00edmulo ao desenvolvimento infantil atrav\u00e9s do ato de brincar","datePublished":"2019-10-08T19:20:11+00:00","mainEntityOfPage":{"@id":"https:\/\/folhapopular.info\/index.php\/2019\/10\/08\/semana-do-brincar-em-teutonia-estimulo-ao-desenvolvimento-infantil-atraves-do-ato-de-brincar\/"},"wordCount":779,"commentCount":0,"image":{"@id":"https:\/\/folhapopular.info\/index.php\/2019\/10\/08\/semana-do-brincar-em-teutonia-estimulo-ao-desenvolvimento-infantil-atraves-do-ato-de-brincar\/#primaryimage"},"thumbnailUrl":"https:\/\/folhapopular.info\/wp-content\/uploads\/2019\/10\/Diversas-atividades-visam-estimular-o-ato-de-brincar-e1570557985413.jpg","keywords":["Semana do Brincar","Teut\u00f4nia"],"articleSection":["Destaques","Geral"],"inLanguage":"pt-BR","potentialAction":[{"@type":"CommentAction","name":"Comment","target":["https:\/\/folhapopular.info\/index.php\/2019\/10\/08\/semana-do-brincar-em-teutonia-estimulo-ao-desenvolvimento-infantil-atraves-do-ato-de-brincar\/#respond"]}]},{"@type":"WebPage","@id":"https:\/\/folhapopular.info\/index.php\/2019\/10\/08\/semana-do-brincar-em-teutonia-estimulo-ao-desenvolvimento-infantil-atraves-do-ato-de-brincar\/","url":"https:\/\/folhapopular.info\/index.php\/2019\/10\/08\/semana-do-brincar-em-teutonia-estimulo-ao-desenvolvimento-infantil-atraves-do-ato-de-brincar\/","name":"Semana do Brincar em Teut\u00f4nia: est\u00edmulo ao desenvolvimento infantil atrav\u00e9s do ato de brincar - Folha Popular","isPartOf":{"@id":"https:\/\/folhapopular.info\/#website"},"primaryImageOfPage":{"@id":"https:\/\/folhapopular.info\/index.php\/2019\/10\/08\/semana-do-brincar-em-teutonia-estimulo-ao-desenvolvimento-infantil-atraves-do-ato-de-brincar\/#primaryimage"},"image":{"@id":"https:\/\/folhapopular.info\/index.php\/2019\/10\/08\/semana-do-brincar-em-teutonia-estimulo-ao-desenvolvimento-infantil-atraves-do-ato-de-brincar\/#primaryimage"},"thumbnailUrl":"https:\/\/folhapopular.info\/wp-content\/uploads\/2019\/10\/Diversas-atividades-visam-estimular-o-ato-de-brincar-e1570557985413.jpg","datePublished":"2019-10-08T19:20:11+00:00","author":{"@id":"https:\/\/folhapopular.info\/#\/schema\/person\/2814e8a0df7643585a9ca38bc6eb9d4b"},"breadcrumb":{"@id":"https:\/\/folhapopular.info\/index.php\/2019\/10\/08\/semana-do-brincar-em-teutonia-estimulo-ao-desenvolvimento-infantil-atraves-do-ato-de-brincar\/#breadcrumb"},"inLanguage":"pt-BR","potentialAction":[{"@type":"ReadAction","target":["https:\/\/folhapopular.info\/index.php\/2019\/10\/08\/semana-do-brincar-em-teutonia-estimulo-ao-desenvolvimento-infantil-atraves-do-ato-de-brincar\/"]}]},{"@type":"ImageObject","inLanguage":"pt-BR","@id":"https:\/\/folhapopular.info\/index.php\/2019\/10\/08\/semana-do-brincar-em-teutonia-estimulo-ao-desenvolvimento-infantil-atraves-do-ato-de-brincar\/#primaryimage","url":"https:\/\/folhapopular.info\/wp-content\/uploads\/2019\/10\/Diversas-atividades-visam-estimular-o-ato-de-brincar-e1570557985413.jpg","contentUrl":"https:\/\/folhapopular.info\/wp-content\/uploads\/2019\/10\/Diversas-atividades-visam-estimular-o-ato-de-brincar-e1570557985413.jpg","width":800,"height":600,"caption":"Diversas atividades visam estimular o ato de brincar"},{"@type":"BreadcrumbList","@id":"https:\/\/folhapopular.info\/index.php\/2019\/10\/08\/semana-do-brincar-em-teutonia-estimulo-ao-desenvolvimento-infantil-atraves-do-ato-de-brincar\/#breadcrumb","itemListElement":[{"@type":"ListItem","position":1,"name":"In\u00edcio","item":"https:\/\/folhapopular.info\/"},{"@type":"ListItem","position":2,"name":"Semana do Brincar em Teut\u00f4nia: est\u00edmulo ao desenvolvimento infantil atrav\u00e9s do ato de brincar"}]},{"@type":"WebSite","@id":"https:\/\/folhapopular.info\/#website","url":"https:\/\/folhapopular.info\/","name":"Folha Popular","description":"Onde voc\u00ea tem vez e voz","potentialAction":[{"@type":"SearchAction","target":{"@type":"EntryPoint","urlTemplate":"https:\/\/folhapopular.info\/?s={search_term_string}"},"query-input":{"@type":"PropertyValueSpecification","valueRequired":true,"valueName":"search_term_string"}}],"inLanguage":"pt-BR"},{"@type":"Person","@id":"https:\/\/folhapopular.info\/#\/schema\/person\/2814e8a0df7643585a9ca38bc6eb9d4b","name":"Reda\u00e7\u00e3o Folha Popular","image":{"@type":"ImageObject","inLanguage":"pt-BR","@id":"https:\/\/folhapopular.info\/wp-content\/uploads\/2026\/04\/Folha-1.webp","url":"https:\/\/folhapopular.info\/wp-content\/uploads\/2026\/04\/Folha-1.webp","contentUrl":"https:\/\/folhapopular.info\/wp-content\/uploads\/2026\/04\/Folha-1.webp","caption":"Reda\u00e7\u00e3o Folha Popular"},"url":"https:\/\/folhapopular.info\/index.php\/author\/redacao\/"}]}},"jetpack_featured_media_url":"https:\/\/folhapopular.info\/wp-content\/uploads\/2019\/10\/Diversas-atividades-visam-estimular-o-ato-de-brincar-e1570557985413.jpg","jetpack_sharing_enabled":true,"amp_enabled":true,"_links":{"self":[{"href":"https:\/\/folhapopular.info\/index.php\/wp-json\/wp\/v2\/posts\/59771","targetHints":{"allow":["GET"]}}],"collection":[{"href":"https:\/\/folhapopular.info\/index.php\/wp-json\/wp\/v2\/posts"}],"about":[{"href":"https:\/\/folhapopular.info\/index.php\/wp-json\/wp\/v2\/types\/post"}],"author":[{"embeddable":true,"href":"https:\/\/folhapopular.info\/index.php\/wp-json\/wp\/v2\/users\/8"}],"replies":[{"embeddable":true,"href":"https:\/\/folhapopular.info\/index.php\/wp-json\/wp\/v2\/comments?post=59771"}],"version-history":[{"count":0,"href":"https:\/\/folhapopular.info\/index.php\/wp-json\/wp\/v2\/posts\/59771\/revisions"}],"wp:featuredmedia":[{"embeddable":true,"href":"https:\/\/folhapopular.info\/index.php\/wp-json\/wp\/v2\/media\/59772"}],"wp:attachment":[{"href":"https:\/\/folhapopular.info\/index.php\/wp-json\/wp\/v2\/media?parent=59771"}],"wp:term":[{"taxonomy":"category","embeddable":true,"href":"https:\/\/folhapopular.info\/index.php\/wp-json\/wp\/v2\/categories?post=59771"},{"taxonomy":"post_tag","embeddable":true,"href":"https:\/\/folhapopular.info\/index.php\/wp-json\/wp\/v2\/tags?post=59771"}],"curies":[{"name":"wp","href":"https:\/\/api.w.org\/{rel}","templated":true}]}}