{"id":59778,"date":"2019-10-08T18:20:52","date_gmt":"2019-10-08T21:20:52","guid":{"rendered":"https:\/\/folhapopular.info\/?p=59778"},"modified":"2019-10-08T17:06:26","modified_gmt":"2019-10-08T20:06:26","slug":"aluno-da-apae-de-teutonia-e-classificado-para-competicao-esportiva-em-sao-paulo","status":"publish","type":"post","link":"https:\/\/folhapopular.info\/index.php\/2019\/10\/08\/aluno-da-apae-de-teutonia-e-classificado-para-competicao-esportiva-em-sao-paulo\/","title":{"rendered":"Aluno da Apae de Teut\u00f4nia \u00e9 classificado para competi\u00e7\u00e3o esportiva em S\u00e3o Paulo"},"content":{"rendered":"\n<p>Na manh\u00e3 desta\nter\u00e7a-feira (08\/10), a Apae de Teut\u00f4nia foi informada que um de\nseus alunos, Leandro Rian Rodrigues, foi classificado para participar\nda etapa nacional das Olimp\u00edadas Escolares, que acontecer\u00e3o dos\ndias 18 a 23 de novembro, em S\u00e3o Paulo. A conquista se deu ap\u00f3s a\nparticipa\u00e7\u00e3o dele e mais cinco alunos da Apae no Campeonato\nParadesportivo Estudantil do Rio Grande do Sul (Paracergs), que\ntrouxe dez medalhas para o grupo. \n<\/p>\n\n\n\n<p>Durante a competi\u00e7\u00e3o\nestadual, Rodrigues conquistou o 2\u00ba lugar no arremesso de peso, no\nsalto em dist\u00e2ncia, e o 3\u00ba lugar na corrida 400 metros, categorias\nem que ele ir\u00e1 competir no nacional. Rodrigues representar\u00e1 a\ndelega\u00e7\u00e3o ga\u00facha com outros 23 atletas em uma competi\u00e7\u00e3o\nrealizada no Centro de Treinamento Paraol\u00edmpico, em S\u00e3o Paulo. \u201cA\nnossa Apae nunca tinha participado de uma paraolimp\u00edada nacional. \u00c9\numa honra estarmos representando o estado em um evento t\u00e3o grande\ncomo esse\u201d, comenta a professora de Educa\u00e7\u00e3o F\u00edsica, Evelin\nElisa Aschebrock Pacheco.<\/p>\n\n\n\n<p><strong>No Estadual<\/strong><\/p>\n\n\n\n<p>Muito al\u00e9m de\nesporte, a oportunidade foi de liberta\u00e7\u00e3o e independ\u00eancia para os\nestudantes, que raramente tem a experi\u00eancia de arrumar malas,\nviajar, se hospedar em um hotel, se alimentar, participar de uma\ncompeti\u00e7\u00e3o, tudo isso sem o aux\u00edlio dos pais. Os alunos, ainda\nt\u00edmidos, n\u00e3o falaram muito sobre a experi\u00eancia, mas garantiram que\ngostaram e ir\u00e3o colocar as suas medalhas em um local especial. Al\u00e9m\ndisso, j\u00e1 anunciaram que querem ir de novo na pr\u00f3xima oportunidade.<\/p>\n\n\n\n<p>Segundo a professora de Educa\u00e7\u00e3o F\u00edsica, Evelin Elisa Aschebrock Pacheco, a competi\u00e7\u00e3o estadual foi a demostra\u00e7\u00e3o de diversos exemplos de supera\u00e7\u00e3o. \u201cAlunos com limita\u00e7\u00f5es f\u00edsicas muito grandes estavam fazendo coisas que a gente n\u00e3o faz. Treinam, se dedicam. A alegria deles recebendo a medalha n\u00e3o tem pre\u00e7o\u201d, relata a professora, que os acompanhou na viagem.<\/p>\n\n\n\n<h2 class=\"wp-block-heading\"><strong>Apae de Teut\u00f4nia\nestar\u00e1, tamb\u00e9m, em Manaus<\/strong><\/h2>\n\n\n\n<p>Al\u00e9m dele, nos\nmesmos dias, outro aluno da Apae representar\u00e1 o estado em Manaus, no\nAmazonas. Jones Sebasti\u00e3o Nunes de Moraes participou do Festival\nRegional Nossa Arte em 2018, no munic\u00edpio de Taquari. Ele se\nclassificou para a etapa estadual, que foi realizada em maio deste\nano, em Teut\u00f4nia, momento em que cerca de 800 alunos se fizeram\npresentes. \n<\/p>\n\n\n\n<p>Na ocasi\u00e3o, ele ficou em primeiro lugar na categoria Arte Liter\u00e1ria, garantindo sua vaga no nacional. Jones escreveu um texto intitulado A Borboleta Cris\u00e1lida, em que ele fala sobre a historia de vida dele e todo o processo de reabilita\u00e7\u00e3o que passou. \u201cNesta semana, esses dois alunos estar\u00e3o indo para eventos nacionais representando a escola e mostrando as capacidades dos nossos alunos especiais\u201d, comemora Pacheco. O texto segue abaixo:<\/p>\n\n\n\n<div class=\"wp-block-image\"><figure class=\"alignleft is-resized\"><img loading=\"lazy\" decoding=\"async\" src=\"https:\/\/folhapopular.info\/wp-content\/uploads\/2019\/10\/img6-e1570563513773-669x1024.jpg\" alt=\"\" class=\"wp-image-59788\" width=\"291\" height=\"445\" \/><figcaption>Cr\u00e9dito: divulga\u00e7\u00e3o<\/figcaption><\/figure><\/div>\n\n\n\n<h5 class=\"wp-block-heading\"><strong><em>A BORBOLETA CRIS\u00c1LIDA<\/em><\/strong><br><em>Jones Sebasti\u00e3o Nunes de Moraes<\/em><\/h5>\n\n\n\n<p><em>Em um jardim bonito e grande havia uma \u00e1rvore e tr\u00eas lagartas que eram bem amigas. Aonde uma ia, as outras iam tamb\u00e9m. Chegou a hora de virar casulo.<br> Na primavera, uma saiu do casulo, tornando-se uma borboleta linda: a borboleta Lili. Ela esperou as duas amigas sa\u00edrem. A outra saiu tamb\u00e9m do casulo, era mais bonita ainda. Era a Nan\u00e1. A terceira tamb\u00e9m bela, a borboleta Cris\u00e1lida.<br> A Lili e a Nan\u00e1 sa\u00edram para voar em todo o jardim. A Cris\u00e1lida queria voar e n\u00e3o conseguia porque ela tinha uma asinha pequena. A Lili e a Nan\u00e1 perguntaram se ela queria voar e a Cris\u00e1lida falou:<br> -Claro, mas n\u00e3o consigo.<br> Ent\u00e3o a Nan\u00e1 falou:<br> -Tive uma ideia: cada uma de n\u00f3s vai pegar de um lado e ajudamos voc\u00ea a voar.<br> As tr\u00eas voaram pelo jardim. A cada meia hora, a Lili e a Nan\u00e1 colocavam a Cris\u00e1lida num galho para descansar um pouco. Mas a Cris\u00e1lida queria ser independente, queria voar sozinha.<br> As tr\u00eas pensaram, o que poderiam fazer. E foram falar com a dona Coruja que era muito inteligente. A dona Coruja, como boa mestra, falou:<br> -Acho que tive uma ideia. Vou falar com a dona Aranha.<br> A dona Aranha olhou a Cris\u00e1lida, pensou, pensou, e falou:<br> -Eu tenho uma ideia para voc\u00ea voar, mas, para isso, precisa ter for\u00e7a de vontade e nunca desistir.<br> Come\u00e7ou a treinar a Cris\u00e1lida. Quando ela estava melhor, a dona Aranha, com a sua teia, fez outra asa e assim a Cris\u00e1lida pode voar sozinha e as tr\u00eas amigas voaram a vida inteira naquele belo jardim.<\/em><\/p>\n","protected":false},"excerpt":{"rendered":"<p>Na manh\u00e3 desta ter\u00e7a-feira (08\/10), a Apae de Teut\u00f4nia foi informada que um de seus alunos, Leandro Rian Rodrigues, foi classificado para participar da etapa nacional das Olimp\u00edadas Escolares, que acontecer\u00e3o dos dias 18 a 23 de novembro, em S\u00e3o Paulo. A conquista se deu ap\u00f3s a participa\u00e7\u00e3o dele e mais cinco alunos da Apae [&hellip;]<\/p>\n","protected":false},"author":8,"featured_media":59782,"comment_status":"open","ping_status":"open","sticky":false,"template":"","format":"standard","meta":{"pmpro_default_level":"","_jetpack_memberships_contains_paid_content":false,"footnotes":""},"categories":[3],"tags":[887,5119,2441,4857,26],"class_list":{"0":"post-59778","1":"post","2":"type-post","3":"status-publish","4":"format-standard","5":"has-post-thumbnail","7":"category-geral","8":"tag-apae","9":"tag-manaus","10":"tag-porto-alegre","11":"tag-sao-paulo","12":"tag-teutonia","13":"pmpro-has-access"},"yoast_head":"<!-- This site is optimized with the Yoast SEO plugin v27.5 - https:\/\/yoast.com\/product\/yoast-seo-wordpress\/ -->\n<title>Aluno da Apae de Teut\u00f4nia \u00e9 classificado para competi\u00e7\u00e3o esportiva em S\u00e3o Paulo - Folha Popular<\/title>\n<meta name=\"robots\" content=\"index, follow, max-snippet:-1, max-image-preview:large, max-video-preview:-1\" \/>\n<link rel=\"canonical\" href=\"https:\/\/folhapopular.info\/index.php\/2019\/10\/08\/aluno-da-apae-de-teutonia-e-classificado-para-competicao-esportiva-em-sao-paulo\/\" \/>\n<meta property=\"og:locale\" content=\"pt_BR\" \/>\n<meta property=\"og:type\" content=\"article\" \/>\n<meta property=\"og:title\" content=\"Aluno da Apae de Teut\u00f4nia \u00e9 classificado para competi\u00e7\u00e3o esportiva em S\u00e3o Paulo - Folha Popular\" \/>\n<meta property=\"og:description\" content=\"Na manh\u00e3 desta ter\u00e7a-feira (08\/10), a Apae de Teut\u00f4nia foi informada que um de seus alunos, Leandro Rian Rodrigues, foi classificado para participar da etapa nacional das Olimp\u00edadas Escolares, que acontecer\u00e3o dos dias 18 a 23 de novembro, em S\u00e3o Paulo. A conquista se deu ap\u00f3s a participa\u00e7\u00e3o dele e mais cinco alunos da Apae [&hellip;]\" \/>\n<meta property=\"og:url\" content=\"https:\/\/folhapopular.info\/index.php\/2019\/10\/08\/aluno-da-apae-de-teutonia-e-classificado-para-competicao-esportiva-em-sao-paulo\/\" \/>\n<meta property=\"og:site_name\" content=\"Folha Popular\" \/>\n<meta property=\"article:published_time\" content=\"2019-10-08T21:20:52+00:00\" \/>\n<meta property=\"og:image\" content=\"https:\/\/folhapopular.info\/wp-content\/uploads\/2019\/10\/WhatsApp-Image-2019-10-08-at-15.30.29-e1570561916272.jpeg\" \/>\n\t<meta property=\"og:image:width\" content=\"600\" \/>\n\t<meta property=\"og:image:height\" content=\"800\" \/>\n\t<meta property=\"og:image:type\" content=\"image\/jpeg\" \/>\n<meta name=\"author\" content=\"Reda\u00e7\u00e3o Folha Popular\" \/>\n<meta name=\"twitter:card\" content=\"summary_large_image\" \/>\n<meta name=\"twitter:label1\" content=\"Escrito por\" \/>\n\t<meta name=\"twitter:data1\" content=\"Reda\u00e7\u00e3o Folha Popular\" \/>\n\t<meta name=\"twitter:label2\" content=\"Est. tempo de leitura\" \/>\n\t<meta name=\"twitter:data2\" content=\"4 minutos\" \/>\n<script type=\"application\/ld+json\" class=\"yoast-schema-graph\">{\"@context\":\"https:\\\/\\\/schema.org\",\"@graph\":[{\"@type\":\"Article\",\"@id\":\"https:\\\/\\\/folhapopular.info\\\/index.php\\\/2019\\\/10\\\/08\\\/aluno-da-apae-de-teutonia-e-classificado-para-competicao-esportiva-em-sao-paulo\\\/#article\",\"isPartOf\":{\"@id\":\"https:\\\/\\\/folhapopular.info\\\/index.php\\\/2019\\\/10\\\/08\\\/aluno-da-apae-de-teutonia-e-classificado-para-competicao-esportiva-em-sao-paulo\\\/\"},\"author\":{\"name\":\"Reda\u00e7\u00e3o Folha Popular\",\"@id\":\"https:\\\/\\\/folhapopular.info\\\/#\\\/schema\\\/person\\\/2814e8a0df7643585a9ca38bc6eb9d4b\"},\"headline\":\"Aluno da Apae de Teut\u00f4nia \u00e9 classificado para competi\u00e7\u00e3o esportiva em S\u00e3o Paulo\",\"datePublished\":\"2019-10-08T21:20:52+00:00\",\"mainEntityOfPage\":{\"@id\":\"https:\\\/\\\/folhapopular.info\\\/index.php\\\/2019\\\/10\\\/08\\\/aluno-da-apae-de-teutonia-e-classificado-para-competicao-esportiva-em-sao-paulo\\\/\"},\"wordCount\":787,\"commentCount\":0,\"image\":{\"@id\":\"https:\\\/\\\/folhapopular.info\\\/index.php\\\/2019\\\/10\\\/08\\\/aluno-da-apae-de-teutonia-e-classificado-para-competicao-esportiva-em-sao-paulo\\\/#primaryimage\"},\"thumbnailUrl\":\"https:\\\/\\\/folhapopular.info\\\/wp-content\\\/uploads\\\/2019\\\/10\\\/WhatsApp-Image-2019-10-08-at-15.30.29-e1570561916272.jpeg\",\"keywords\":[\"Apae\",\"Manaus\",\"Porto Alegre\",\"S\u00e3o Paulo\",\"Teut\u00f4nia\"],\"articleSection\":[\"Geral\"],\"inLanguage\":\"pt-BR\",\"potentialAction\":[{\"@type\":\"CommentAction\",\"name\":\"Comment\",\"target\":[\"https:\\\/\\\/folhapopular.info\\\/index.php\\\/2019\\\/10\\\/08\\\/aluno-da-apae-de-teutonia-e-classificado-para-competicao-esportiva-em-sao-paulo\\\/#respond\"]}]},{\"@type\":\"WebPage\",\"@id\":\"https:\\\/\\\/folhapopular.info\\\/index.php\\\/2019\\\/10\\\/08\\\/aluno-da-apae-de-teutonia-e-classificado-para-competicao-esportiva-em-sao-paulo\\\/\",\"url\":\"https:\\\/\\\/folhapopular.info\\\/index.php\\\/2019\\\/10\\\/08\\\/aluno-da-apae-de-teutonia-e-classificado-para-competicao-esportiva-em-sao-paulo\\\/\",\"name\":\"Aluno da Apae de Teut\u00f4nia \u00e9 classificado para competi\u00e7\u00e3o esportiva em S\u00e3o Paulo - Folha Popular\",\"isPartOf\":{\"@id\":\"https:\\\/\\\/folhapopular.info\\\/#website\"},\"primaryImageOfPage\":{\"@id\":\"https:\\\/\\\/folhapopular.info\\\/index.php\\\/2019\\\/10\\\/08\\\/aluno-da-apae-de-teutonia-e-classificado-para-competicao-esportiva-em-sao-paulo\\\/#primaryimage\"},\"image\":{\"@id\":\"https:\\\/\\\/folhapopular.info\\\/index.php\\\/2019\\\/10\\\/08\\\/aluno-da-apae-de-teutonia-e-classificado-para-competicao-esportiva-em-sao-paulo\\\/#primaryimage\"},\"thumbnailUrl\":\"https:\\\/\\\/folhapopular.info\\\/wp-content\\\/uploads\\\/2019\\\/10\\\/WhatsApp-Image-2019-10-08-at-15.30.29-e1570561916272.jpeg\",\"datePublished\":\"2019-10-08T21:20:52+00:00\",\"author\":{\"@id\":\"https:\\\/\\\/folhapopular.info\\\/#\\\/schema\\\/person\\\/2814e8a0df7643585a9ca38bc6eb9d4b\"},\"breadcrumb\":{\"@id\":\"https:\\\/\\\/folhapopular.info\\\/index.php\\\/2019\\\/10\\\/08\\\/aluno-da-apae-de-teutonia-e-classificado-para-competicao-esportiva-em-sao-paulo\\\/#breadcrumb\"},\"inLanguage\":\"pt-BR\",\"potentialAction\":[{\"@type\":\"ReadAction\",\"target\":[\"https:\\\/\\\/folhapopular.info\\\/index.php\\\/2019\\\/10\\\/08\\\/aluno-da-apae-de-teutonia-e-classificado-para-competicao-esportiva-em-sao-paulo\\\/\"]}]},{\"@type\":\"ImageObject\",\"inLanguage\":\"pt-BR\",\"@id\":\"https:\\\/\\\/folhapopular.info\\\/index.php\\\/2019\\\/10\\\/08\\\/aluno-da-apae-de-teutonia-e-classificado-para-competicao-esportiva-em-sao-paulo\\\/#primaryimage\",\"url\":\"https:\\\/\\\/folhapopular.info\\\/wp-content\\\/uploads\\\/2019\\\/10\\\/WhatsApp-Image-2019-10-08-at-15.30.29-e1570561916272.jpeg\",\"contentUrl\":\"https:\\\/\\\/folhapopular.info\\\/wp-content\\\/uploads\\\/2019\\\/10\\\/WhatsApp-Image-2019-10-08-at-15.30.29-e1570561916272.jpeg\",\"width\":600,\"height\":800,\"caption\":\"Cr\u00e9dito: divulga\u00e7\u00e3o\"},{\"@type\":\"BreadcrumbList\",\"@id\":\"https:\\\/\\\/folhapopular.info\\\/index.php\\\/2019\\\/10\\\/08\\\/aluno-da-apae-de-teutonia-e-classificado-para-competicao-esportiva-em-sao-paulo\\\/#breadcrumb\",\"itemListElement\":[{\"@type\":\"ListItem\",\"position\":1,\"name\":\"In\u00edcio\",\"item\":\"https:\\\/\\\/folhapopular.info\\\/\"},{\"@type\":\"ListItem\",\"position\":2,\"name\":\"Aluno da Apae de Teut\u00f4nia \u00e9 classificado para competi\u00e7\u00e3o esportiva em S\u00e3o Paulo\"}]},{\"@type\":\"WebSite\",\"@id\":\"https:\\\/\\\/folhapopular.info\\\/#website\",\"url\":\"https:\\\/\\\/folhapopular.info\\\/\",\"name\":\"Folha Popular\",\"description\":\"Onde voc\u00ea tem vez e voz\",\"potentialAction\":[{\"@type\":\"SearchAction\",\"target\":{\"@type\":\"EntryPoint\",\"urlTemplate\":\"https:\\\/\\\/folhapopular.info\\\/?s={search_term_string}\"},\"query-input\":{\"@type\":\"PropertyValueSpecification\",\"valueRequired\":true,\"valueName\":\"search_term_string\"}}],\"inLanguage\":\"pt-BR\"},{\"@type\":\"Person\",\"@id\":\"https:\\\/\\\/folhapopular.info\\\/#\\\/schema\\\/person\\\/2814e8a0df7643585a9ca38bc6eb9d4b\",\"name\":\"Reda\u00e7\u00e3o Folha Popular\",\"image\":{\"@type\":\"ImageObject\",\"inLanguage\":\"pt-BR\",\"@id\":\"https:\\\/\\\/folhapopular.info\\\/wp-content\\\/uploads\\\/2026\\\/04\\\/Folha-1.webp\",\"url\":\"https:\\\/\\\/folhapopular.info\\\/wp-content\\\/uploads\\\/2026\\\/04\\\/Folha-1.webp\",\"contentUrl\":\"https:\\\/\\\/folhapopular.info\\\/wp-content\\\/uploads\\\/2026\\\/04\\\/Folha-1.webp\",\"caption\":\"Reda\u00e7\u00e3o Folha Popular\"},\"url\":\"https:\\\/\\\/folhapopular.info\\\/index.php\\\/author\\\/redacao\\\/\"}]}<\/script>\n<!-- \/ Yoast SEO plugin. -->","yoast_head_json":{"title":"Aluno da Apae de Teut\u00f4nia \u00e9 classificado para competi\u00e7\u00e3o esportiva em S\u00e3o Paulo - Folha Popular","robots":{"index":"index","follow":"follow","max-snippet":"max-snippet:-1","max-image-preview":"max-image-preview:large","max-video-preview":"max-video-preview:-1"},"canonical":"https:\/\/folhapopular.info\/index.php\/2019\/10\/08\/aluno-da-apae-de-teutonia-e-classificado-para-competicao-esportiva-em-sao-paulo\/","og_locale":"pt_BR","og_type":"article","og_title":"Aluno da Apae de Teut\u00f4nia \u00e9 classificado para competi\u00e7\u00e3o esportiva em S\u00e3o Paulo - Folha Popular","og_description":"Na manh\u00e3 desta ter\u00e7a-feira (08\/10), a Apae de Teut\u00f4nia foi informada que um de seus alunos, Leandro Rian Rodrigues, foi classificado para participar da etapa nacional das Olimp\u00edadas Escolares, que acontecer\u00e3o dos dias 18 a 23 de novembro, em S\u00e3o Paulo. A conquista se deu ap\u00f3s a participa\u00e7\u00e3o dele e mais cinco alunos da Apae [&hellip;]","og_url":"https:\/\/folhapopular.info\/index.php\/2019\/10\/08\/aluno-da-apae-de-teutonia-e-classificado-para-competicao-esportiva-em-sao-paulo\/","og_site_name":"Folha Popular","article_published_time":"2019-10-08T21:20:52+00:00","og_image":[{"width":600,"height":800,"url":"https:\/\/folhapopular.info\/wp-content\/uploads\/2019\/10\/WhatsApp-Image-2019-10-08-at-15.30.29-e1570561916272.jpeg","type":"image\/jpeg"}],"author":"Reda\u00e7\u00e3o Folha Popular","twitter_card":"summary_large_image","twitter_misc":{"Escrito por":"Reda\u00e7\u00e3o Folha Popular","Est. tempo de leitura":"4 minutos"},"schema":{"@context":"https:\/\/schema.org","@graph":[{"@type":"Article","@id":"https:\/\/folhapopular.info\/index.php\/2019\/10\/08\/aluno-da-apae-de-teutonia-e-classificado-para-competicao-esportiva-em-sao-paulo\/#article","isPartOf":{"@id":"https:\/\/folhapopular.info\/index.php\/2019\/10\/08\/aluno-da-apae-de-teutonia-e-classificado-para-competicao-esportiva-em-sao-paulo\/"},"author":{"name":"Reda\u00e7\u00e3o Folha Popular","@id":"https:\/\/folhapopular.info\/#\/schema\/person\/2814e8a0df7643585a9ca38bc6eb9d4b"},"headline":"Aluno da Apae de Teut\u00f4nia \u00e9 classificado para competi\u00e7\u00e3o esportiva em S\u00e3o Paulo","datePublished":"2019-10-08T21:20:52+00:00","mainEntityOfPage":{"@id":"https:\/\/folhapopular.info\/index.php\/2019\/10\/08\/aluno-da-apae-de-teutonia-e-classificado-para-competicao-esportiva-em-sao-paulo\/"},"wordCount":787,"commentCount":0,"image":{"@id":"https:\/\/folhapopular.info\/index.php\/2019\/10\/08\/aluno-da-apae-de-teutonia-e-classificado-para-competicao-esportiva-em-sao-paulo\/#primaryimage"},"thumbnailUrl":"https:\/\/folhapopular.info\/wp-content\/uploads\/2019\/10\/WhatsApp-Image-2019-10-08-at-15.30.29-e1570561916272.jpeg","keywords":["Apae","Manaus","Porto Alegre","S\u00e3o Paulo","Teut\u00f4nia"],"articleSection":["Geral"],"inLanguage":"pt-BR","potentialAction":[{"@type":"CommentAction","name":"Comment","target":["https:\/\/folhapopular.info\/index.php\/2019\/10\/08\/aluno-da-apae-de-teutonia-e-classificado-para-competicao-esportiva-em-sao-paulo\/#respond"]}]},{"@type":"WebPage","@id":"https:\/\/folhapopular.info\/index.php\/2019\/10\/08\/aluno-da-apae-de-teutonia-e-classificado-para-competicao-esportiva-em-sao-paulo\/","url":"https:\/\/folhapopular.info\/index.php\/2019\/10\/08\/aluno-da-apae-de-teutonia-e-classificado-para-competicao-esportiva-em-sao-paulo\/","name":"Aluno da Apae de Teut\u00f4nia \u00e9 classificado para competi\u00e7\u00e3o esportiva em S\u00e3o Paulo - Folha Popular","isPartOf":{"@id":"https:\/\/folhapopular.info\/#website"},"primaryImageOfPage":{"@id":"https:\/\/folhapopular.info\/index.php\/2019\/10\/08\/aluno-da-apae-de-teutonia-e-classificado-para-competicao-esportiva-em-sao-paulo\/#primaryimage"},"image":{"@id":"https:\/\/folhapopular.info\/index.php\/2019\/10\/08\/aluno-da-apae-de-teutonia-e-classificado-para-competicao-esportiva-em-sao-paulo\/#primaryimage"},"thumbnailUrl":"https:\/\/folhapopular.info\/wp-content\/uploads\/2019\/10\/WhatsApp-Image-2019-10-08-at-15.30.29-e1570561916272.jpeg","datePublished":"2019-10-08T21:20:52+00:00","author":{"@id":"https:\/\/folhapopular.info\/#\/schema\/person\/2814e8a0df7643585a9ca38bc6eb9d4b"},"breadcrumb":{"@id":"https:\/\/folhapopular.info\/index.php\/2019\/10\/08\/aluno-da-apae-de-teutonia-e-classificado-para-competicao-esportiva-em-sao-paulo\/#breadcrumb"},"inLanguage":"pt-BR","potentialAction":[{"@type":"ReadAction","target":["https:\/\/folhapopular.info\/index.php\/2019\/10\/08\/aluno-da-apae-de-teutonia-e-classificado-para-competicao-esportiva-em-sao-paulo\/"]}]},{"@type":"ImageObject","inLanguage":"pt-BR","@id":"https:\/\/folhapopular.info\/index.php\/2019\/10\/08\/aluno-da-apae-de-teutonia-e-classificado-para-competicao-esportiva-em-sao-paulo\/#primaryimage","url":"https:\/\/folhapopular.info\/wp-content\/uploads\/2019\/10\/WhatsApp-Image-2019-10-08-at-15.30.29-e1570561916272.jpeg","contentUrl":"https:\/\/folhapopular.info\/wp-content\/uploads\/2019\/10\/WhatsApp-Image-2019-10-08-at-15.30.29-e1570561916272.jpeg","width":600,"height":800,"caption":"Cr\u00e9dito: divulga\u00e7\u00e3o"},{"@type":"BreadcrumbList","@id":"https:\/\/folhapopular.info\/index.php\/2019\/10\/08\/aluno-da-apae-de-teutonia-e-classificado-para-competicao-esportiva-em-sao-paulo\/#breadcrumb","itemListElement":[{"@type":"ListItem","position":1,"name":"In\u00edcio","item":"https:\/\/folhapopular.info\/"},{"@type":"ListItem","position":2,"name":"Aluno da Apae de Teut\u00f4nia \u00e9 classificado para competi\u00e7\u00e3o esportiva em S\u00e3o Paulo"}]},{"@type":"WebSite","@id":"https:\/\/folhapopular.info\/#website","url":"https:\/\/folhapopular.info\/","name":"Folha Popular","description":"Onde voc\u00ea tem vez e voz","potentialAction":[{"@type":"SearchAction","target":{"@type":"EntryPoint","urlTemplate":"https:\/\/folhapopular.info\/?s={search_term_string}"},"query-input":{"@type":"PropertyValueSpecification","valueRequired":true,"valueName":"search_term_string"}}],"inLanguage":"pt-BR"},{"@type":"Person","@id":"https:\/\/folhapopular.info\/#\/schema\/person\/2814e8a0df7643585a9ca38bc6eb9d4b","name":"Reda\u00e7\u00e3o Folha Popular","image":{"@type":"ImageObject","inLanguage":"pt-BR","@id":"https:\/\/folhapopular.info\/wp-content\/uploads\/2026\/04\/Folha-1.webp","url":"https:\/\/folhapopular.info\/wp-content\/uploads\/2026\/04\/Folha-1.webp","contentUrl":"https:\/\/folhapopular.info\/wp-content\/uploads\/2026\/04\/Folha-1.webp","caption":"Reda\u00e7\u00e3o Folha Popular"},"url":"https:\/\/folhapopular.info\/index.php\/author\/redacao\/"}]}},"jetpack_featured_media_url":"https:\/\/folhapopular.info\/wp-content\/uploads\/2019\/10\/WhatsApp-Image-2019-10-08-at-15.30.29-e1570561916272.jpeg","jetpack_sharing_enabled":true,"amp_enabled":true,"_links":{"self":[{"href":"https:\/\/folhapopular.info\/index.php\/wp-json\/wp\/v2\/posts\/59778","targetHints":{"allow":["GET"]}}],"collection":[{"href":"https:\/\/folhapopular.info\/index.php\/wp-json\/wp\/v2\/posts"}],"about":[{"href":"https:\/\/folhapopular.info\/index.php\/wp-json\/wp\/v2\/types\/post"}],"author":[{"embeddable":true,"href":"https:\/\/folhapopular.info\/index.php\/wp-json\/wp\/v2\/users\/8"}],"replies":[{"embeddable":true,"href":"https:\/\/folhapopular.info\/index.php\/wp-json\/wp\/v2\/comments?post=59778"}],"version-history":[{"count":0,"href":"https:\/\/folhapopular.info\/index.php\/wp-json\/wp\/v2\/posts\/59778\/revisions"}],"wp:featuredmedia":[{"embeddable":true,"href":"https:\/\/folhapopular.info\/index.php\/wp-json\/wp\/v2\/media\/59782"}],"wp:attachment":[{"href":"https:\/\/folhapopular.info\/index.php\/wp-json\/wp\/v2\/media?parent=59778"}],"wp:term":[{"taxonomy":"category","embeddable":true,"href":"https:\/\/folhapopular.info\/index.php\/wp-json\/wp\/v2\/categories?post=59778"},{"taxonomy":"post_tag","embeddable":true,"href":"https:\/\/folhapopular.info\/index.php\/wp-json\/wp\/v2\/tags?post=59778"}],"curies":[{"name":"wp","href":"https:\/\/api.w.org\/{rel}","templated":true}]}}