{"id":60062,"date":"2019-10-14T09:20:13","date_gmt":"2019-10-14T12:20:13","guid":{"rendered":"https:\/\/folhapopular.info\/?p=60062"},"modified":"2019-10-14T10:48:11","modified_gmt":"2019-10-14T13:48:11","slug":"mais-de-65-criancas-de-teutonia-recebem-doacoes-arrecadadas-durante-a-campanha-dia-das-criancas","status":"publish","type":"post","link":"https:\/\/folhapopular.info\/index.php\/2019\/10\/14\/mais-de-65-criancas-de-teutonia-recebem-doacoes-arrecadadas-durante-a-campanha-dia-das-criancas\/","title":{"rendered":"Mais de 65 crian\u00e7as de Teut\u00f4nia recebem doa\u00e7\u00f5es arrecadadas durante a campanha Dia das Crian\u00e7as"},"content":{"rendered":"\n<p>Sorrisos, beijos, abra\u00e7os e um &#8220;obrigado&#8221; t\u00edmido. Foi isso que os 12 volunt\u00e1rios da ONG Associa\u00e7\u00e3o Canabarro Vive (ACV), de Teut\u00f4nia, receberam ao entregar brinquedos, cal\u00e7ados, guloseimas e roupas para \u00e0s crian\u00e7as em situa\u00e7\u00e3o de vulnerabilidade no munic\u00edpio na manh\u00e3 do Dia das Crian\u00e7as (12\/10). Foi poss\u00edvel contemplar aproximadamente 66 crian\u00e7as e adolescentes e tr\u00eas gestantes com a campanha Dia das Crian\u00e7as. Os locais de entrega foram: Portelinha, Vila KS e Vila Popular, em Canabarro, Linha Wink e na ferrovia, no Bairro Alesgut.<\/p>\n\n\n\n<p>De acordo com a presidente da ACV, Larissa Santos, a iniciativa de ir at\u00e9 as casas surgiu da necessidade que se tinha de conhecer melhor a comunidade e as pessoas que precisam de apoio. \u201cQuer\u00edamos saber onde est\u00e3o localizadas as fam\u00edlias mais vulner\u00e1veis e o que poder\u00edamos fazer por elas daqui para frente. Entregamos as doa\u00e7\u00f5es em m\u00e3os, pois assim, aproveitamos para oportunizar um momento de acolhimento e troca de afeto, com as crian\u00e7as e seus respons\u00e1veis\u201d, explica. A colabora\u00e7\u00e3o das pessoas foi de extrema import\u00e2ncia para fazer a campanha de fato acontecer. \u201cConseguimos contemplar tantas crian\u00e7as e adolescentes, por causa do engajamento da comunidade. Agrade\u00e7o a todos que, de alguma forma, contribu\u00edram para arrancar sorrisos de nossas crian\u00e7as, seja doando, divulgando ou entregando as doa\u00e7\u00f5es. Gestos como estes fazem crermos que a humanidade pode se tornar melhor, basta cada um fazer a sua parte&#8221;, finaliza Larissa.<\/p>\n\n\n\n<p>Desde o dia 16 de setembro a 11 de outubro, a comunidade pode fazer doa\u00e7\u00f5es em nove locais, distribu\u00eddos em tr\u00eas bairros de Teut\u00f4nia. Em Canabarro, no Mercado Languiru, Escola Estadual de Ensino M\u00e9dio Reynaldo Affonso Augustin, Escola de Educa\u00e7\u00e3o Infantil Cirandinha, Mercado Valore e Academia Mr. Shaped. Em Languiru, os pontos de arrecada\u00e7\u00e3o foram na Loja Taqi e Mercado Languiru. J\u00e1 nos bairros Teut\u00f4nia e Alesgut, havia caixa de coleta no Mercado Zart. Ao todo foram doados 345 brinquedos 620 pe\u00e7as de roupas e 61 cal\u00e7ados.<\/p>\n\n\n\n<p>Para a s\u00f3cia colaboradora, Daiana Lerner, a campanha possibilitou mostrar o quanto os pequenos gestos valem muito para essas crian\u00e7as. &#8220;Quantos brinquedos n\u00e3o est\u00e3o jogados num cantinho de um lar e poderiam fazer uma crian\u00e7a mais feliz? Para n\u00f3s fica o aprendizado dos privil\u00e9gios que temos e tivemos em nossas vida, e o agradecimento de cada dia. Precisamos incentivar e mostrar para as pessoas o bom ato de doar&#8221;, completa.<\/p>\n\n\n\n<p>Roupas e cal\u00e7ados que n\u00e3o foram entregues neste s\u00e1bado (12\/10), ser\u00e3o destinados a grupos de igrejas, para que eles possam fazer a distribui\u00e7\u00e3o. A campanha Dia das Crian\u00e7as foi uma realiza\u00e7\u00e3o da Associa\u00e7\u00e3o Canabarro Vive, uma entidade sem fins lucrativos, que tem como objetivo promover projetos sociais em benef\u00edcio da comunidade de Teut\u00f4nia. A iniciativa teve o apoio da Gr\u00e1fica Dallas.<\/p>\n","protected":false},"excerpt":{"rendered":"<p>Sorrisos, beijos, abra\u00e7os e um &#8220;obrigado&#8221; t\u00edmido. Foi isso que os 12 volunt\u00e1rios da ONG Associa\u00e7\u00e3o Canabarro Vive (ACV), de Teut\u00f4nia, receberam ao entregar brinquedos, cal\u00e7ados, guloseimas e roupas para \u00e0s crian\u00e7as em situa\u00e7\u00e3o de vulnerabilidade no munic\u00edpio na manh\u00e3 do Dia das Crian\u00e7as (12\/10). Foi poss\u00edvel contemplar aproximadamente 66 crian\u00e7as e adolescentes e tr\u00eas [&hellip;]<\/p>\n","protected":false},"author":8,"featured_media":60066,"comment_status":"open","ping_status":"open","sticky":false,"template":"","format":"standard","meta":{"pmpro_default_level":"","_jetpack_memberships_contains_paid_content":false,"footnotes":""},"categories":[2,3],"tags":[1119,222,26],"class_list":{"0":"post-60062","1":"post","2":"type-post","3":"status-publish","4":"format-standard","5":"has-post-thumbnail","7":"category-featured","8":"category-geral","9":"tag-dia-das-criancas","10":"tag-doacoes","11":"tag-teutonia","12":"pmpro-has-access"},"yoast_head":"<!-- This site is optimized with the Yoast SEO plugin v27.5 - https:\/\/yoast.com\/product\/yoast-seo-wordpress\/ -->\n<title>Mais de 65 crian\u00e7as de Teut\u00f4nia recebem doa\u00e7\u00f5es arrecadadas durante a campanha Dia das Crian\u00e7as - Folha Popular<\/title>\n<meta name=\"robots\" content=\"index, follow, max-snippet:-1, max-image-preview:large, max-video-preview:-1\" \/>\n<link rel=\"canonical\" href=\"https:\/\/folhapopular.info\/index.php\/2019\/10\/14\/mais-de-65-criancas-de-teutonia-recebem-doacoes-arrecadadas-durante-a-campanha-dia-das-criancas\/\" \/>\n<meta property=\"og:locale\" content=\"pt_BR\" \/>\n<meta property=\"og:type\" content=\"article\" \/>\n<meta property=\"og:title\" content=\"Mais de 65 crian\u00e7as de Teut\u00f4nia recebem doa\u00e7\u00f5es arrecadadas durante a campanha Dia das Crian\u00e7as - Folha Popular\" \/>\n<meta property=\"og:description\" content=\"Sorrisos, beijos, abra\u00e7os e um &#8220;obrigado&#8221; t\u00edmido. Foi isso que os 12 volunt\u00e1rios da ONG Associa\u00e7\u00e3o Canabarro Vive (ACV), de Teut\u00f4nia, receberam ao entregar brinquedos, cal\u00e7ados, guloseimas e roupas para \u00e0s crian\u00e7as em situa\u00e7\u00e3o de vulnerabilidade no munic\u00edpio na manh\u00e3 do Dia das Crian\u00e7as (12\/10). Foi poss\u00edvel contemplar aproximadamente 66 crian\u00e7as e adolescentes e tr\u00eas [&hellip;]\" \/>\n<meta property=\"og:url\" content=\"https:\/\/folhapopular.info\/index.php\/2019\/10\/14\/mais-de-65-criancas-de-teutonia-recebem-doacoes-arrecadadas-durante-a-campanha-dia-das-criancas\/\" \/>\n<meta property=\"og:site_name\" content=\"Folha Popular\" \/>\n<meta property=\"article:published_time\" content=\"2019-10-14T12:20:13+00:00\" \/>\n<meta property=\"article:modified_time\" content=\"2019-10-14T13:48:11+00:00\" \/>\n<meta property=\"og:image\" content=\"https:\/\/folhapopular.info\/wp-content\/uploads\/2019\/10\/Volunt\u00e1rios-da-ACV-de-Teut\u00f4nia-entregam-doa\u00e7\u00f5es-arrecadadas-durante-a-Campanha-Dia-das-Crian\u00e7as-e1571049943133.jpg\" \/>\n\t<meta property=\"og:image:width\" content=\"800\" \/>\n\t<meta property=\"og:image:height\" content=\"600\" \/>\n\t<meta property=\"og:image:type\" content=\"image\/jpeg\" \/>\n<meta name=\"author\" content=\"Reda\u00e7\u00e3o Folha Popular\" \/>\n<meta name=\"twitter:card\" content=\"summary_large_image\" \/>\n<meta name=\"twitter:label1\" content=\"Escrito por\" \/>\n\t<meta name=\"twitter:data1\" content=\"Reda\u00e7\u00e3o Folha Popular\" \/>\n\t<meta name=\"twitter:label2\" content=\"Est. tempo de leitura\" \/>\n\t<meta name=\"twitter:data2\" content=\"2 minutos\" \/>\n<script type=\"application\/ld+json\" class=\"yoast-schema-graph\">{\"@context\":\"https:\\\/\\\/schema.org\",\"@graph\":[{\"@type\":\"Article\",\"@id\":\"https:\\\/\\\/folhapopular.info\\\/index.php\\\/2019\\\/10\\\/14\\\/mais-de-65-criancas-de-teutonia-recebem-doacoes-arrecadadas-durante-a-campanha-dia-das-criancas\\\/#article\",\"isPartOf\":{\"@id\":\"https:\\\/\\\/folhapopular.info\\\/index.php\\\/2019\\\/10\\\/14\\\/mais-de-65-criancas-de-teutonia-recebem-doacoes-arrecadadas-durante-a-campanha-dia-das-criancas\\\/\"},\"author\":{\"name\":\"Reda\u00e7\u00e3o Folha Popular\",\"@id\":\"https:\\\/\\\/folhapopular.info\\\/#\\\/schema\\\/person\\\/2814e8a0df7643585a9ca38bc6eb9d4b\"},\"headline\":\"Mais de 65 crian\u00e7as de Teut\u00f4nia recebem doa\u00e7\u00f5es arrecadadas durante a campanha Dia das Crian\u00e7as\",\"datePublished\":\"2019-10-14T12:20:13+00:00\",\"dateModified\":\"2019-10-14T13:48:11+00:00\",\"mainEntityOfPage\":{\"@id\":\"https:\\\/\\\/folhapopular.info\\\/index.php\\\/2019\\\/10\\\/14\\\/mais-de-65-criancas-de-teutonia-recebem-doacoes-arrecadadas-durante-a-campanha-dia-das-criancas\\\/\"},\"wordCount\":515,\"commentCount\":0,\"image\":{\"@id\":\"https:\\\/\\\/folhapopular.info\\\/index.php\\\/2019\\\/10\\\/14\\\/mais-de-65-criancas-de-teutonia-recebem-doacoes-arrecadadas-durante-a-campanha-dia-das-criancas\\\/#primaryimage\"},\"thumbnailUrl\":\"https:\\\/\\\/folhapopular.info\\\/wp-content\\\/uploads\\\/2019\\\/10\\\/Volunt\u00e1rios-da-ACV-de-Teut\u00f4nia-entregam-doa\u00e7\u00f5es-arrecadadas-durante-a-Campanha-Dia-das-Crian\u00e7as-e1571049943133.jpg\",\"keywords\":[\"Dia das Crian\u00e7as\",\"Doa\u00e7\u00f5es\",\"Teut\u00f4nia\"],\"articleSection\":[\"Destaques\",\"Geral\"],\"inLanguage\":\"pt-BR\",\"potentialAction\":[{\"@type\":\"CommentAction\",\"name\":\"Comment\",\"target\":[\"https:\\\/\\\/folhapopular.info\\\/index.php\\\/2019\\\/10\\\/14\\\/mais-de-65-criancas-de-teutonia-recebem-doacoes-arrecadadas-durante-a-campanha-dia-das-criancas\\\/#respond\"]}]},{\"@type\":\"WebPage\",\"@id\":\"https:\\\/\\\/folhapopular.info\\\/index.php\\\/2019\\\/10\\\/14\\\/mais-de-65-criancas-de-teutonia-recebem-doacoes-arrecadadas-durante-a-campanha-dia-das-criancas\\\/\",\"url\":\"https:\\\/\\\/folhapopular.info\\\/index.php\\\/2019\\\/10\\\/14\\\/mais-de-65-criancas-de-teutonia-recebem-doacoes-arrecadadas-durante-a-campanha-dia-das-criancas\\\/\",\"name\":\"Mais de 65 crian\u00e7as de Teut\u00f4nia recebem doa\u00e7\u00f5es arrecadadas durante a campanha Dia das Crian\u00e7as - Folha Popular\",\"isPartOf\":{\"@id\":\"https:\\\/\\\/folhapopular.info\\\/#website\"},\"primaryImageOfPage\":{\"@id\":\"https:\\\/\\\/folhapopular.info\\\/index.php\\\/2019\\\/10\\\/14\\\/mais-de-65-criancas-de-teutonia-recebem-doacoes-arrecadadas-durante-a-campanha-dia-das-criancas\\\/#primaryimage\"},\"image\":{\"@id\":\"https:\\\/\\\/folhapopular.info\\\/index.php\\\/2019\\\/10\\\/14\\\/mais-de-65-criancas-de-teutonia-recebem-doacoes-arrecadadas-durante-a-campanha-dia-das-criancas\\\/#primaryimage\"},\"thumbnailUrl\":\"https:\\\/\\\/folhapopular.info\\\/wp-content\\\/uploads\\\/2019\\\/10\\\/Volunt\u00e1rios-da-ACV-de-Teut\u00f4nia-entregam-doa\u00e7\u00f5es-arrecadadas-durante-a-Campanha-Dia-das-Crian\u00e7as-e1571049943133.jpg\",\"datePublished\":\"2019-10-14T12:20:13+00:00\",\"dateModified\":\"2019-10-14T13:48:11+00:00\",\"author\":{\"@id\":\"https:\\\/\\\/folhapopular.info\\\/#\\\/schema\\\/person\\\/2814e8a0df7643585a9ca38bc6eb9d4b\"},\"breadcrumb\":{\"@id\":\"https:\\\/\\\/folhapopular.info\\\/index.php\\\/2019\\\/10\\\/14\\\/mais-de-65-criancas-de-teutonia-recebem-doacoes-arrecadadas-durante-a-campanha-dia-das-criancas\\\/#breadcrumb\"},\"inLanguage\":\"pt-BR\",\"potentialAction\":[{\"@type\":\"ReadAction\",\"target\":[\"https:\\\/\\\/folhapopular.info\\\/index.php\\\/2019\\\/10\\\/14\\\/mais-de-65-criancas-de-teutonia-recebem-doacoes-arrecadadas-durante-a-campanha-dia-das-criancas\\\/\"]}]},{\"@type\":\"ImageObject\",\"inLanguage\":\"pt-BR\",\"@id\":\"https:\\\/\\\/folhapopular.info\\\/index.php\\\/2019\\\/10\\\/14\\\/mais-de-65-criancas-de-teutonia-recebem-doacoes-arrecadadas-durante-a-campanha-dia-das-criancas\\\/#primaryimage\",\"url\":\"https:\\\/\\\/folhapopular.info\\\/wp-content\\\/uploads\\\/2019\\\/10\\\/Volunt\u00e1rios-da-ACV-de-Teut\u00f4nia-entregam-doa\u00e7\u00f5es-arrecadadas-durante-a-Campanha-Dia-das-Crian\u00e7as-e1571049943133.jpg\",\"contentUrl\":\"https:\\\/\\\/folhapopular.info\\\/wp-content\\\/uploads\\\/2019\\\/10\\\/Volunt\u00e1rios-da-ACV-de-Teut\u00f4nia-entregam-doa\u00e7\u00f5es-arrecadadas-durante-a-Campanha-Dia-das-Crian\u00e7as-e1571049943133.jpg\",\"width\":800,\"height\":600,\"caption\":\"Volunt\u00e1rios da ACV de Teut\u00f4nia, entregam doa\u00e7\u00f5es arrecadadas durante a Campanha Dia das Crian\u00e7as \\\/ Cr\u00e9dito da foto: Richard Closs \\\/ Divulga\u00e7\u00e3o\"},{\"@type\":\"BreadcrumbList\",\"@id\":\"https:\\\/\\\/folhapopular.info\\\/index.php\\\/2019\\\/10\\\/14\\\/mais-de-65-criancas-de-teutonia-recebem-doacoes-arrecadadas-durante-a-campanha-dia-das-criancas\\\/#breadcrumb\",\"itemListElement\":[{\"@type\":\"ListItem\",\"position\":1,\"name\":\"In\u00edcio\",\"item\":\"https:\\\/\\\/folhapopular.info\\\/\"},{\"@type\":\"ListItem\",\"position\":2,\"name\":\"Mais de 65 crian\u00e7as de Teut\u00f4nia recebem doa\u00e7\u00f5es arrecadadas durante a campanha Dia das Crian\u00e7as\"}]},{\"@type\":\"WebSite\",\"@id\":\"https:\\\/\\\/folhapopular.info\\\/#website\",\"url\":\"https:\\\/\\\/folhapopular.info\\\/\",\"name\":\"Folha Popular\",\"description\":\"Onde voc\u00ea tem vez e voz\",\"potentialAction\":[{\"@type\":\"SearchAction\",\"target\":{\"@type\":\"EntryPoint\",\"urlTemplate\":\"https:\\\/\\\/folhapopular.info\\\/?s={search_term_string}\"},\"query-input\":{\"@type\":\"PropertyValueSpecification\",\"valueRequired\":true,\"valueName\":\"search_term_string\"}}],\"inLanguage\":\"pt-BR\"},{\"@type\":\"Person\",\"@id\":\"https:\\\/\\\/folhapopular.info\\\/#\\\/schema\\\/person\\\/2814e8a0df7643585a9ca38bc6eb9d4b\",\"name\":\"Reda\u00e7\u00e3o Folha Popular\",\"image\":{\"@type\":\"ImageObject\",\"inLanguage\":\"pt-BR\",\"@id\":\"https:\\\/\\\/folhapopular.info\\\/wp-content\\\/uploads\\\/2026\\\/04\\\/Folha-1.webp\",\"url\":\"https:\\\/\\\/folhapopular.info\\\/wp-content\\\/uploads\\\/2026\\\/04\\\/Folha-1.webp\",\"contentUrl\":\"https:\\\/\\\/folhapopular.info\\\/wp-content\\\/uploads\\\/2026\\\/04\\\/Folha-1.webp\",\"caption\":\"Reda\u00e7\u00e3o Folha Popular\"},\"url\":\"https:\\\/\\\/folhapopular.info\\\/index.php\\\/author\\\/redacao\\\/\"}]}<\/script>\n<!-- \/ Yoast SEO plugin. -->","yoast_head_json":{"title":"Mais de 65 crian\u00e7as de Teut\u00f4nia recebem doa\u00e7\u00f5es arrecadadas durante a campanha Dia das Crian\u00e7as - Folha Popular","robots":{"index":"index","follow":"follow","max-snippet":"max-snippet:-1","max-image-preview":"max-image-preview:large","max-video-preview":"max-video-preview:-1"},"canonical":"https:\/\/folhapopular.info\/index.php\/2019\/10\/14\/mais-de-65-criancas-de-teutonia-recebem-doacoes-arrecadadas-durante-a-campanha-dia-das-criancas\/","og_locale":"pt_BR","og_type":"article","og_title":"Mais de 65 crian\u00e7as de Teut\u00f4nia recebem doa\u00e7\u00f5es arrecadadas durante a campanha Dia das Crian\u00e7as - Folha Popular","og_description":"Sorrisos, beijos, abra\u00e7os e um &#8220;obrigado&#8221; t\u00edmido. Foi isso que os 12 volunt\u00e1rios da ONG Associa\u00e7\u00e3o Canabarro Vive (ACV), de Teut\u00f4nia, receberam ao entregar brinquedos, cal\u00e7ados, guloseimas e roupas para \u00e0s crian\u00e7as em situa\u00e7\u00e3o de vulnerabilidade no munic\u00edpio na manh\u00e3 do Dia das Crian\u00e7as (12\/10). Foi poss\u00edvel contemplar aproximadamente 66 crian\u00e7as e adolescentes e tr\u00eas [&hellip;]","og_url":"https:\/\/folhapopular.info\/index.php\/2019\/10\/14\/mais-de-65-criancas-de-teutonia-recebem-doacoes-arrecadadas-durante-a-campanha-dia-das-criancas\/","og_site_name":"Folha Popular","article_published_time":"2019-10-14T12:20:13+00:00","article_modified_time":"2019-10-14T13:48:11+00:00","og_image":[{"width":800,"height":600,"url":"https:\/\/folhapopular.info\/wp-content\/uploads\/2019\/10\/Volunt\u00e1rios-da-ACV-de-Teut\u00f4nia-entregam-doa\u00e7\u00f5es-arrecadadas-durante-a-Campanha-Dia-das-Crian\u00e7as-e1571049943133.jpg","type":"image\/jpeg"}],"author":"Reda\u00e7\u00e3o Folha Popular","twitter_card":"summary_large_image","twitter_misc":{"Escrito por":"Reda\u00e7\u00e3o Folha Popular","Est. tempo de leitura":"2 minutos"},"schema":{"@context":"https:\/\/schema.org","@graph":[{"@type":"Article","@id":"https:\/\/folhapopular.info\/index.php\/2019\/10\/14\/mais-de-65-criancas-de-teutonia-recebem-doacoes-arrecadadas-durante-a-campanha-dia-das-criancas\/#article","isPartOf":{"@id":"https:\/\/folhapopular.info\/index.php\/2019\/10\/14\/mais-de-65-criancas-de-teutonia-recebem-doacoes-arrecadadas-durante-a-campanha-dia-das-criancas\/"},"author":{"name":"Reda\u00e7\u00e3o Folha Popular","@id":"https:\/\/folhapopular.info\/#\/schema\/person\/2814e8a0df7643585a9ca38bc6eb9d4b"},"headline":"Mais de 65 crian\u00e7as de Teut\u00f4nia recebem doa\u00e7\u00f5es arrecadadas durante a campanha Dia das Crian\u00e7as","datePublished":"2019-10-14T12:20:13+00:00","dateModified":"2019-10-14T13:48:11+00:00","mainEntityOfPage":{"@id":"https:\/\/folhapopular.info\/index.php\/2019\/10\/14\/mais-de-65-criancas-de-teutonia-recebem-doacoes-arrecadadas-durante-a-campanha-dia-das-criancas\/"},"wordCount":515,"commentCount":0,"image":{"@id":"https:\/\/folhapopular.info\/index.php\/2019\/10\/14\/mais-de-65-criancas-de-teutonia-recebem-doacoes-arrecadadas-durante-a-campanha-dia-das-criancas\/#primaryimage"},"thumbnailUrl":"https:\/\/folhapopular.info\/wp-content\/uploads\/2019\/10\/Volunt\u00e1rios-da-ACV-de-Teut\u00f4nia-entregam-doa\u00e7\u00f5es-arrecadadas-durante-a-Campanha-Dia-das-Crian\u00e7as-e1571049943133.jpg","keywords":["Dia das Crian\u00e7as","Doa\u00e7\u00f5es","Teut\u00f4nia"],"articleSection":["Destaques","Geral"],"inLanguage":"pt-BR","potentialAction":[{"@type":"CommentAction","name":"Comment","target":["https:\/\/folhapopular.info\/index.php\/2019\/10\/14\/mais-de-65-criancas-de-teutonia-recebem-doacoes-arrecadadas-durante-a-campanha-dia-das-criancas\/#respond"]}]},{"@type":"WebPage","@id":"https:\/\/folhapopular.info\/index.php\/2019\/10\/14\/mais-de-65-criancas-de-teutonia-recebem-doacoes-arrecadadas-durante-a-campanha-dia-das-criancas\/","url":"https:\/\/folhapopular.info\/index.php\/2019\/10\/14\/mais-de-65-criancas-de-teutonia-recebem-doacoes-arrecadadas-durante-a-campanha-dia-das-criancas\/","name":"Mais de 65 crian\u00e7as de Teut\u00f4nia recebem doa\u00e7\u00f5es arrecadadas durante a campanha Dia das Crian\u00e7as - Folha Popular","isPartOf":{"@id":"https:\/\/folhapopular.info\/#website"},"primaryImageOfPage":{"@id":"https:\/\/folhapopular.info\/index.php\/2019\/10\/14\/mais-de-65-criancas-de-teutonia-recebem-doacoes-arrecadadas-durante-a-campanha-dia-das-criancas\/#primaryimage"},"image":{"@id":"https:\/\/folhapopular.info\/index.php\/2019\/10\/14\/mais-de-65-criancas-de-teutonia-recebem-doacoes-arrecadadas-durante-a-campanha-dia-das-criancas\/#primaryimage"},"thumbnailUrl":"https:\/\/folhapopular.info\/wp-content\/uploads\/2019\/10\/Volunt\u00e1rios-da-ACV-de-Teut\u00f4nia-entregam-doa\u00e7\u00f5es-arrecadadas-durante-a-Campanha-Dia-das-Crian\u00e7as-e1571049943133.jpg","datePublished":"2019-10-14T12:20:13+00:00","dateModified":"2019-10-14T13:48:11+00:00","author":{"@id":"https:\/\/folhapopular.info\/#\/schema\/person\/2814e8a0df7643585a9ca38bc6eb9d4b"},"breadcrumb":{"@id":"https:\/\/folhapopular.info\/index.php\/2019\/10\/14\/mais-de-65-criancas-de-teutonia-recebem-doacoes-arrecadadas-durante-a-campanha-dia-das-criancas\/#breadcrumb"},"inLanguage":"pt-BR","potentialAction":[{"@type":"ReadAction","target":["https:\/\/folhapopular.info\/index.php\/2019\/10\/14\/mais-de-65-criancas-de-teutonia-recebem-doacoes-arrecadadas-durante-a-campanha-dia-das-criancas\/"]}]},{"@type":"ImageObject","inLanguage":"pt-BR","@id":"https:\/\/folhapopular.info\/index.php\/2019\/10\/14\/mais-de-65-criancas-de-teutonia-recebem-doacoes-arrecadadas-durante-a-campanha-dia-das-criancas\/#primaryimage","url":"https:\/\/folhapopular.info\/wp-content\/uploads\/2019\/10\/Volunt\u00e1rios-da-ACV-de-Teut\u00f4nia-entregam-doa\u00e7\u00f5es-arrecadadas-durante-a-Campanha-Dia-das-Crian\u00e7as-e1571049943133.jpg","contentUrl":"https:\/\/folhapopular.info\/wp-content\/uploads\/2019\/10\/Volunt\u00e1rios-da-ACV-de-Teut\u00f4nia-entregam-doa\u00e7\u00f5es-arrecadadas-durante-a-Campanha-Dia-das-Crian\u00e7as-e1571049943133.jpg","width":800,"height":600,"caption":"Volunt\u00e1rios da ACV de Teut\u00f4nia, entregam doa\u00e7\u00f5es arrecadadas durante a Campanha Dia das Crian\u00e7as \/ Cr\u00e9dito da foto: Richard Closs \/ Divulga\u00e7\u00e3o"},{"@type":"BreadcrumbList","@id":"https:\/\/folhapopular.info\/index.php\/2019\/10\/14\/mais-de-65-criancas-de-teutonia-recebem-doacoes-arrecadadas-durante-a-campanha-dia-das-criancas\/#breadcrumb","itemListElement":[{"@type":"ListItem","position":1,"name":"In\u00edcio","item":"https:\/\/folhapopular.info\/"},{"@type":"ListItem","position":2,"name":"Mais de 65 crian\u00e7as de Teut\u00f4nia recebem doa\u00e7\u00f5es arrecadadas durante a campanha Dia das Crian\u00e7as"}]},{"@type":"WebSite","@id":"https:\/\/folhapopular.info\/#website","url":"https:\/\/folhapopular.info\/","name":"Folha Popular","description":"Onde voc\u00ea tem vez e voz","potentialAction":[{"@type":"SearchAction","target":{"@type":"EntryPoint","urlTemplate":"https:\/\/folhapopular.info\/?s={search_term_string}"},"query-input":{"@type":"PropertyValueSpecification","valueRequired":true,"valueName":"search_term_string"}}],"inLanguage":"pt-BR"},{"@type":"Person","@id":"https:\/\/folhapopular.info\/#\/schema\/person\/2814e8a0df7643585a9ca38bc6eb9d4b","name":"Reda\u00e7\u00e3o Folha Popular","image":{"@type":"ImageObject","inLanguage":"pt-BR","@id":"https:\/\/folhapopular.info\/wp-content\/uploads\/2026\/04\/Folha-1.webp","url":"https:\/\/folhapopular.info\/wp-content\/uploads\/2026\/04\/Folha-1.webp","contentUrl":"https:\/\/folhapopular.info\/wp-content\/uploads\/2026\/04\/Folha-1.webp","caption":"Reda\u00e7\u00e3o Folha Popular"},"url":"https:\/\/folhapopular.info\/index.php\/author\/redacao\/"}]}},"jetpack_featured_media_url":"https:\/\/folhapopular.info\/wp-content\/uploads\/2019\/10\/Volunt\u00e1rios-da-ACV-de-Teut\u00f4nia-entregam-doa\u00e7\u00f5es-arrecadadas-durante-a-Campanha-Dia-das-Crian\u00e7as-e1571049943133.jpg","jetpack_sharing_enabled":true,"amp_enabled":true,"_links":{"self":[{"href":"https:\/\/folhapopular.info\/index.php\/wp-json\/wp\/v2\/posts\/60062","targetHints":{"allow":["GET"]}}],"collection":[{"href":"https:\/\/folhapopular.info\/index.php\/wp-json\/wp\/v2\/posts"}],"about":[{"href":"https:\/\/folhapopular.info\/index.php\/wp-json\/wp\/v2\/types\/post"}],"author":[{"embeddable":true,"href":"https:\/\/folhapopular.info\/index.php\/wp-json\/wp\/v2\/users\/8"}],"replies":[{"embeddable":true,"href":"https:\/\/folhapopular.info\/index.php\/wp-json\/wp\/v2\/comments?post=60062"}],"version-history":[{"count":0,"href":"https:\/\/folhapopular.info\/index.php\/wp-json\/wp\/v2\/posts\/60062\/revisions"}],"wp:featuredmedia":[{"embeddable":true,"href":"https:\/\/folhapopular.info\/index.php\/wp-json\/wp\/v2\/media\/60066"}],"wp:attachment":[{"href":"https:\/\/folhapopular.info\/index.php\/wp-json\/wp\/v2\/media?parent=60062"}],"wp:term":[{"taxonomy":"category","embeddable":true,"href":"https:\/\/folhapopular.info\/index.php\/wp-json\/wp\/v2\/categories?post=60062"},{"taxonomy":"post_tag","embeddable":true,"href":"https:\/\/folhapopular.info\/index.php\/wp-json\/wp\/v2\/tags?post=60062"}],"curies":[{"name":"wp","href":"https:\/\/api.w.org\/{rel}","templated":true}]}}