{"id":60263,"date":"2019-10-17T10:20:36","date_gmt":"2019-10-17T13:20:36","guid":{"rendered":"https:\/\/folhapopular.info\/?p=60263"},"modified":"2019-10-17T08:25:04","modified_gmt":"2019-10-17T11:25:04","slug":"agrobiodiversidade-e-agroecologia-sao-temas-de-encontros-em-lajeado","status":"publish","type":"post","link":"https:\/\/folhapopular.info\/index.php\/2019\/10\/17\/agrobiodiversidade-e-agroecologia-sao-temas-de-encontros-em-lajeado\/","title":{"rendered":"Agrobiodiversidade e Agroecologia s\u00e3o temas de Encontros em Lajeado"},"content":{"rendered":"\n<p>Com o objetivo de discutir perspectivas e desafios para a produ\u00e7\u00e3o de alimentos seguros, a Emater\/RS-Ascar e a Univates realizaram nesta quarta-feira (16\/10), no audit\u00f3rio do Pr\u00e9dio 7 da Universidade, o 2\u00ba Encontro da Agrobiodiversidade dos Vales e o 6\u00ba Encontro Regional de Agroecologia do Vale do Taquari. O evento consistiu em um amplo painel em que foram realizadas palestras, relatos de experi\u00eancias e oficinas, com a inten\u00e7\u00e3o de manter ativa a rede de entidades voltadas para a agroecologia, promovendo o debate sobre agrobiodiversidade como ferramenta para a produ\u00e7\u00e3o da soberania e seguran\u00e7a alimentar nutricional.<\/p>\n\n\n\n<p>Voltado a agricultores, estudantes, representantes de entidades ligadas ao setor e extensionistas rurais, os eventos d\u00e3o continuidade ao debate que teve in\u00edcio em julho do ano passado, durante a 12\u00aa Reuni\u00e3o T\u00e9cnica Estadual de Plantas Bioativas, realizada em Lajeado. \u201cNesse sentido, pode-se dizer que ambos os encontros se consistiram em espa\u00e7os democr\u00e1ticos em que temas caros \u00e0 sociedade, cada vez mais representativos no que diz respeito \u00e0 produ\u00e7\u00e3o de alimentos, ganham visibilidade\u201d, salientou a assistente t\u00e9cnica regional Social da Emater\/RS-Ascar, Elizangela Teixeira.<\/p>\n\n\n\n<p>O evento integra a programa\u00e7\u00e3o do Dia Mundial da Alimenta\u00e7\u00e3o, que neste ano celebra a promo\u00e7\u00e3o de uma alimenta\u00e7\u00e3o saud\u00e1vel, dispon\u00edvel e acess\u00edvel a todos. \u201cDessa forma, as discuss\u00f5es envolvendo esta tem\u00e1tica oportunizam subs\u00eddios que refletir\u00e3o escolhas alimentares mais saud\u00e1veis, com \u00eanfase na import\u00e2ncia da utiliza\u00e7\u00e3o de alimentos frescos, in natura ou minimamente processados\u201d, enfatizou Elizangela. \u201cOs encontros tamb\u00e9m suscitam uma reflex\u00e3o sobre realidades sociais e relativas ao acesso \u00e0 alimenta\u00e7\u00e3o para as comunidades\u201d, pontuou.<\/p>\n\n\n\n<p>Palestrante do dia, a doutora em Bot\u00e2nica da Universidade Federal do Rio Grande do Sul (Ufrgs), Gabriela Coelho de Souza, abordou o tema \u201cAgrobiodiversidade como ferramenta para a produ\u00e7\u00e3o da soberania e seguran\u00e7a alimentar e nutricional\u201d. Em sua fala, destacou as a\u00e7\u00f5es realizadas no C\u00edrculo de Refer\u00eancia em Agroecologia, Sociobiodiversidade, Soberania e Seguran\u00e7a Alimentar (Assan-C\u00edrculo), apresentando tamb\u00e9m um hist\u00f3rico a respeito da seguran\u00e7a alimentar e nutricional no Pa\u00eds que, entre outros, estabelece o direito humano a uma alimenta\u00e7\u00e3o adequada, al\u00e9m de seus desafios e oportunidades.<\/p>\n\n\n\n<p>A atividade seguiu com relatos de experi\u00eancia, como o do produtor Nilo Schiavon, de Pelotas que abordou \u201cAgrofloresta, produ\u00e7\u00e3o org\u00e2nica, flores e agroind\u00fastria\u201d. Em sua manifesta\u00e7\u00e3o, contou que iniciou o trabalho com agroecologia em 1994, ap\u00f3s uma temporada em que foi parar no hospital por causa do excesso de veneno utilizado no pomar de p\u00eassegos. \u201cMeu filho estava para nascer e eu n\u00e3o conseguia conceber oferecer a ele uma fruta contaminada\u201d, destacou o agricultor que, atualmente, conta com uma propriedade amplamente diversificada, com frutas em sistema agroflorestal, verduras e piscicultura, al\u00e9m de agroind\u00fastria familiar.<\/p>\n\n\n\n<p>Outro relato envolveu o agricultor Sadi Giacomin, de Dois Lajeados, que falou sobre sua experi\u00eancia com o cultivo de \u201cSementes crioulas\u201d \u2013 s\u00e3o 16 variedades -, atividade que iniciou em 2011 e que, atualmente, evoluiu para uma ampla produ\u00e7\u00e3o de verduras e frutas org\u00e2nicas, que s\u00e3o vendidas em feiras. A \u00faltima experi\u00eancia da manh\u00e3 foi a do produtor Adriano Calsing, de S\u00e3o Jos\u00e9 do Sul, que abordou os \u201cDesafios da produ\u00e7\u00e3o e comercializa\u00e7\u00e3o de ovos org\u00e2nicos\u201d \u2013 o que ele faz alimentando as aves sem utilizar antibi\u00f3ticos, horm\u00f4nios ou sementes transg\u00eanicas. \u201c\u00c9 um desafio, que envolve tamb\u00e9m o bem-estar animal\u201d, ressaltou.<\/p>\n\n\n\n<p>O evento seguiu na parte da tarde, onde esta\u00e7\u00f5es e oficinas diversas abordaram temas, como controle de qualidade na produ\u00e7\u00e3o org\u00e2nica, pol\u00edticas p\u00fablicas, manejo de abelhas sem ferr\u00e3o, controle biol\u00f3gico de \u00e1caros, identifica\u00e7\u00e3o de amorar nativas, homeopatia na agricultura, caldas e insumos para agroecologia, prepara\u00e7\u00f5es culin\u00e1rias simples com produtos da sociobiodiversidade e desafios e potencialidade na agroflorestal, entre outras. Al\u00e9m de apresenta\u00e7\u00e3o de trabalhos cient\u00edficos, o evento foi encerrado com uma mesa redonda em que foram discutidos os \u201cDesafios e potencialidade regionais\u201d.<\/p>\n\n\n\n<p>A promo\u00e7\u00e3o foi da Emater\/RS-Ascar e da Univates, com o apoio da Secretaria da Agricultura, Pecu\u00e1ria e Desenvolvimento Rural (Seapdr), Articula\u00e7\u00e3o em Agroecologia do Vale do Taquari (AAVT), Associa\u00e7\u00e3o Brasileira de Homeopatia Popular (ABHP), Centro de Apoio e Promo\u00e7\u00e3o da Agroecologia (Capa), Centro de Orienta\u00e7\u00e3o Holistica Vida Saud\u00e1vel (Cohvisa), Universidade Federal do Rio Grandes do Sul (Ufrgs), Universidade Estadual do Rio Grande do Sul (Uergs) e N\u00facleo de Estudos em Agroecologia e Produ\u00e7\u00e3o Org\u00e2nica do Vale do Taquari (NEA\/VT).<\/p>\n","protected":false},"excerpt":{"rendered":"<p>Com o objetivo de discutir perspectivas e desafios para a produ\u00e7\u00e3o de alimentos seguros, a Emater\/RS-Ascar e a Univates realizaram nesta quarta-feira (16\/10), no audit\u00f3rio do Pr\u00e9dio 7 da Universidade, o 2\u00ba Encontro da Agrobiodiversidade dos Vales e o 6\u00ba Encontro Regional de Agroecologia do Vale do Taquari. O evento consistiu em um amplo painel [&hellip;]<\/p>\n","protected":false},"author":8,"featured_media":60264,"comment_status":"open","ping_status":"open","sticky":false,"template":"","format":"standard","meta":{"pmpro_default_level":"","_jetpack_memberships_contains_paid_content":false,"footnotes":""},"categories":[2,3],"tags":[5178,2397,27],"class_list":{"0":"post-60263","1":"post","2":"type-post","3":"status-publish","4":"format-standard","5":"has-post-thumbnail","7":"category-featured","8":"category-geral","9":"tag-agrobiodiversidade","10":"tag-agroecologia","11":"tag-lajeado","12":"pmpro-has-access"},"yoast_head":"<!-- This site is optimized with the Yoast SEO plugin v27.5 - https:\/\/yoast.com\/product\/yoast-seo-wordpress\/ -->\n<title>Agrobiodiversidade e Agroecologia s\u00e3o temas de Encontros em Lajeado - Folha Popular<\/title>\n<meta name=\"robots\" content=\"index, follow, max-snippet:-1, max-image-preview:large, max-video-preview:-1\" \/>\n<link rel=\"canonical\" href=\"https:\/\/folhapopular.info\/index.php\/2019\/10\/17\/agrobiodiversidade-e-agroecologia-sao-temas-de-encontros-em-lajeado\/\" \/>\n<meta property=\"og:locale\" content=\"pt_BR\" \/>\n<meta property=\"og:type\" content=\"article\" \/>\n<meta property=\"og:title\" content=\"Agrobiodiversidade e Agroecologia s\u00e3o temas de Encontros em Lajeado - Folha Popular\" \/>\n<meta property=\"og:description\" content=\"Com o objetivo de discutir perspectivas e desafios para a produ\u00e7\u00e3o de alimentos seguros, a Emater\/RS-Ascar e a Univates realizaram nesta quarta-feira (16\/10), no audit\u00f3rio do Pr\u00e9dio 7 da Universidade, o 2\u00ba Encontro da Agrobiodiversidade dos Vales e o 6\u00ba Encontro Regional de Agroecologia do Vale do Taquari. O evento consistiu em um amplo painel [&hellip;]\" \/>\n<meta property=\"og:url\" content=\"https:\/\/folhapopular.info\/index.php\/2019\/10\/17\/agrobiodiversidade-e-agroecologia-sao-temas-de-encontros-em-lajeado\/\" \/>\n<meta property=\"og:site_name\" content=\"Folha Popular\" \/>\n<meta property=\"article:published_time\" content=\"2019-10-17T13:20:36+00:00\" \/>\n<meta property=\"og:image\" content=\"https:\/\/folhapopular.info\/wp-content\/uploads\/2019\/10\/encontros_agrobiodiversidade_agroecologia_lajeado-4-e1571311484787.jpg\" \/>\n\t<meta property=\"og:image:width\" content=\"800\" \/>\n\t<meta property=\"og:image:height\" content=\"533\" \/>\n\t<meta property=\"og:image:type\" content=\"image\/jpeg\" \/>\n<meta name=\"author\" content=\"Reda\u00e7\u00e3o Folha Popular\" \/>\n<meta name=\"twitter:card\" content=\"summary_large_image\" \/>\n<meta name=\"twitter:label1\" content=\"Escrito por\" \/>\n\t<meta name=\"twitter:data1\" content=\"Reda\u00e7\u00e3o Folha Popular\" \/>\n\t<meta name=\"twitter:label2\" content=\"Est. tempo de leitura\" \/>\n\t<meta name=\"twitter:data2\" content=\"4 minutos\" \/>\n<script type=\"application\/ld+json\" class=\"yoast-schema-graph\">{\"@context\":\"https:\\\/\\\/schema.org\",\"@graph\":[{\"@type\":\"Article\",\"@id\":\"https:\\\/\\\/folhapopular.info\\\/index.php\\\/2019\\\/10\\\/17\\\/agrobiodiversidade-e-agroecologia-sao-temas-de-encontros-em-lajeado\\\/#article\",\"isPartOf\":{\"@id\":\"https:\\\/\\\/folhapopular.info\\\/index.php\\\/2019\\\/10\\\/17\\\/agrobiodiversidade-e-agroecologia-sao-temas-de-encontros-em-lajeado\\\/\"},\"author\":{\"name\":\"Reda\u00e7\u00e3o Folha Popular\",\"@id\":\"https:\\\/\\\/folhapopular.info\\\/#\\\/schema\\\/person\\\/2814e8a0df7643585a9ca38bc6eb9d4b\"},\"headline\":\"Agrobiodiversidade e Agroecologia s\u00e3o temas de Encontros em Lajeado\",\"datePublished\":\"2019-10-17T13:20:36+00:00\",\"mainEntityOfPage\":{\"@id\":\"https:\\\/\\\/folhapopular.info\\\/index.php\\\/2019\\\/10\\\/17\\\/agrobiodiversidade-e-agroecologia-sao-temas-de-encontros-em-lajeado\\\/\"},\"wordCount\":786,\"commentCount\":0,\"image\":{\"@id\":\"https:\\\/\\\/folhapopular.info\\\/index.php\\\/2019\\\/10\\\/17\\\/agrobiodiversidade-e-agroecologia-sao-temas-de-encontros-em-lajeado\\\/#primaryimage\"},\"thumbnailUrl\":\"https:\\\/\\\/folhapopular.info\\\/wp-content\\\/uploads\\\/2019\\\/10\\\/encontros_agrobiodiversidade_agroecologia_lajeado-4-e1571311484787.jpg\",\"keywords\":[\"Agrobiodiversidade\",\"Agroecologia\",\"Lajeado\"],\"articleSection\":[\"Destaques\",\"Geral\"],\"inLanguage\":\"pt-BR\",\"potentialAction\":[{\"@type\":\"CommentAction\",\"name\":\"Comment\",\"target\":[\"https:\\\/\\\/folhapopular.info\\\/index.php\\\/2019\\\/10\\\/17\\\/agrobiodiversidade-e-agroecologia-sao-temas-de-encontros-em-lajeado\\\/#respond\"]}]},{\"@type\":\"WebPage\",\"@id\":\"https:\\\/\\\/folhapopular.info\\\/index.php\\\/2019\\\/10\\\/17\\\/agrobiodiversidade-e-agroecologia-sao-temas-de-encontros-em-lajeado\\\/\",\"url\":\"https:\\\/\\\/folhapopular.info\\\/index.php\\\/2019\\\/10\\\/17\\\/agrobiodiversidade-e-agroecologia-sao-temas-de-encontros-em-lajeado\\\/\",\"name\":\"Agrobiodiversidade e Agroecologia s\u00e3o temas de Encontros em Lajeado - Folha Popular\",\"isPartOf\":{\"@id\":\"https:\\\/\\\/folhapopular.info\\\/#website\"},\"primaryImageOfPage\":{\"@id\":\"https:\\\/\\\/folhapopular.info\\\/index.php\\\/2019\\\/10\\\/17\\\/agrobiodiversidade-e-agroecologia-sao-temas-de-encontros-em-lajeado\\\/#primaryimage\"},\"image\":{\"@id\":\"https:\\\/\\\/folhapopular.info\\\/index.php\\\/2019\\\/10\\\/17\\\/agrobiodiversidade-e-agroecologia-sao-temas-de-encontros-em-lajeado\\\/#primaryimage\"},\"thumbnailUrl\":\"https:\\\/\\\/folhapopular.info\\\/wp-content\\\/uploads\\\/2019\\\/10\\\/encontros_agrobiodiversidade_agroecologia_lajeado-4-e1571311484787.jpg\",\"datePublished\":\"2019-10-17T13:20:36+00:00\",\"author\":{\"@id\":\"https:\\\/\\\/folhapopular.info\\\/#\\\/schema\\\/person\\\/2814e8a0df7643585a9ca38bc6eb9d4b\"},\"breadcrumb\":{\"@id\":\"https:\\\/\\\/folhapopular.info\\\/index.php\\\/2019\\\/10\\\/17\\\/agrobiodiversidade-e-agroecologia-sao-temas-de-encontros-em-lajeado\\\/#breadcrumb\"},\"inLanguage\":\"pt-BR\",\"potentialAction\":[{\"@type\":\"ReadAction\",\"target\":[\"https:\\\/\\\/folhapopular.info\\\/index.php\\\/2019\\\/10\\\/17\\\/agrobiodiversidade-e-agroecologia-sao-temas-de-encontros-em-lajeado\\\/\"]}]},{\"@type\":\"ImageObject\",\"inLanguage\":\"pt-BR\",\"@id\":\"https:\\\/\\\/folhapopular.info\\\/index.php\\\/2019\\\/10\\\/17\\\/agrobiodiversidade-e-agroecologia-sao-temas-de-encontros-em-lajeado\\\/#primaryimage\",\"url\":\"https:\\\/\\\/folhapopular.info\\\/wp-content\\\/uploads\\\/2019\\\/10\\\/encontros_agrobiodiversidade_agroecologia_lajeado-4-e1571311484787.jpg\",\"contentUrl\":\"https:\\\/\\\/folhapopular.info\\\/wp-content\\\/uploads\\\/2019\\\/10\\\/encontros_agrobiodiversidade_agroecologia_lajeado-4-e1571311484787.jpg\",\"width\":800,\"height\":533,\"caption\":\"Nas oficinas, participantes aprenderam na pr\u00e1tica como identificar, por exemplo, amoras nativas\\\/ cr\u00e9dito: Tiago Bald\"},{\"@type\":\"BreadcrumbList\",\"@id\":\"https:\\\/\\\/folhapopular.info\\\/index.php\\\/2019\\\/10\\\/17\\\/agrobiodiversidade-e-agroecologia-sao-temas-de-encontros-em-lajeado\\\/#breadcrumb\",\"itemListElement\":[{\"@type\":\"ListItem\",\"position\":1,\"name\":\"In\u00edcio\",\"item\":\"https:\\\/\\\/folhapopular.info\\\/\"},{\"@type\":\"ListItem\",\"position\":2,\"name\":\"Agrobiodiversidade e Agroecologia s\u00e3o temas de Encontros em Lajeado\"}]},{\"@type\":\"WebSite\",\"@id\":\"https:\\\/\\\/folhapopular.info\\\/#website\",\"url\":\"https:\\\/\\\/folhapopular.info\\\/\",\"name\":\"Folha Popular\",\"description\":\"Onde voc\u00ea tem vez e voz\",\"potentialAction\":[{\"@type\":\"SearchAction\",\"target\":{\"@type\":\"EntryPoint\",\"urlTemplate\":\"https:\\\/\\\/folhapopular.info\\\/?s={search_term_string}\"},\"query-input\":{\"@type\":\"PropertyValueSpecification\",\"valueRequired\":true,\"valueName\":\"search_term_string\"}}],\"inLanguage\":\"pt-BR\"},{\"@type\":\"Person\",\"@id\":\"https:\\\/\\\/folhapopular.info\\\/#\\\/schema\\\/person\\\/2814e8a0df7643585a9ca38bc6eb9d4b\",\"name\":\"Reda\u00e7\u00e3o Folha Popular\",\"image\":{\"@type\":\"ImageObject\",\"inLanguage\":\"pt-BR\",\"@id\":\"https:\\\/\\\/folhapopular.info\\\/wp-content\\\/uploads\\\/2026\\\/04\\\/Folha-1.webp\",\"url\":\"https:\\\/\\\/folhapopular.info\\\/wp-content\\\/uploads\\\/2026\\\/04\\\/Folha-1.webp\",\"contentUrl\":\"https:\\\/\\\/folhapopular.info\\\/wp-content\\\/uploads\\\/2026\\\/04\\\/Folha-1.webp\",\"caption\":\"Reda\u00e7\u00e3o Folha Popular\"},\"url\":\"https:\\\/\\\/folhapopular.info\\\/index.php\\\/author\\\/redacao\\\/\"}]}<\/script>\n<!-- \/ Yoast SEO plugin. -->","yoast_head_json":{"title":"Agrobiodiversidade e Agroecologia s\u00e3o temas de Encontros em Lajeado - Folha Popular","robots":{"index":"index","follow":"follow","max-snippet":"max-snippet:-1","max-image-preview":"max-image-preview:large","max-video-preview":"max-video-preview:-1"},"canonical":"https:\/\/folhapopular.info\/index.php\/2019\/10\/17\/agrobiodiversidade-e-agroecologia-sao-temas-de-encontros-em-lajeado\/","og_locale":"pt_BR","og_type":"article","og_title":"Agrobiodiversidade e Agroecologia s\u00e3o temas de Encontros em Lajeado - Folha Popular","og_description":"Com o objetivo de discutir perspectivas e desafios para a produ\u00e7\u00e3o de alimentos seguros, a Emater\/RS-Ascar e a Univates realizaram nesta quarta-feira (16\/10), no audit\u00f3rio do Pr\u00e9dio 7 da Universidade, o 2\u00ba Encontro da Agrobiodiversidade dos Vales e o 6\u00ba Encontro Regional de Agroecologia do Vale do Taquari. O evento consistiu em um amplo painel [&hellip;]","og_url":"https:\/\/folhapopular.info\/index.php\/2019\/10\/17\/agrobiodiversidade-e-agroecologia-sao-temas-de-encontros-em-lajeado\/","og_site_name":"Folha Popular","article_published_time":"2019-10-17T13:20:36+00:00","og_image":[{"width":800,"height":533,"url":"https:\/\/folhapopular.info\/wp-content\/uploads\/2019\/10\/encontros_agrobiodiversidade_agroecologia_lajeado-4-e1571311484787.jpg","type":"image\/jpeg"}],"author":"Reda\u00e7\u00e3o Folha Popular","twitter_card":"summary_large_image","twitter_misc":{"Escrito por":"Reda\u00e7\u00e3o Folha Popular","Est. tempo de leitura":"4 minutos"},"schema":{"@context":"https:\/\/schema.org","@graph":[{"@type":"Article","@id":"https:\/\/folhapopular.info\/index.php\/2019\/10\/17\/agrobiodiversidade-e-agroecologia-sao-temas-de-encontros-em-lajeado\/#article","isPartOf":{"@id":"https:\/\/folhapopular.info\/index.php\/2019\/10\/17\/agrobiodiversidade-e-agroecologia-sao-temas-de-encontros-em-lajeado\/"},"author":{"name":"Reda\u00e7\u00e3o Folha Popular","@id":"https:\/\/folhapopular.info\/#\/schema\/person\/2814e8a0df7643585a9ca38bc6eb9d4b"},"headline":"Agrobiodiversidade e Agroecologia s\u00e3o temas de Encontros em Lajeado","datePublished":"2019-10-17T13:20:36+00:00","mainEntityOfPage":{"@id":"https:\/\/folhapopular.info\/index.php\/2019\/10\/17\/agrobiodiversidade-e-agroecologia-sao-temas-de-encontros-em-lajeado\/"},"wordCount":786,"commentCount":0,"image":{"@id":"https:\/\/folhapopular.info\/index.php\/2019\/10\/17\/agrobiodiversidade-e-agroecologia-sao-temas-de-encontros-em-lajeado\/#primaryimage"},"thumbnailUrl":"https:\/\/folhapopular.info\/wp-content\/uploads\/2019\/10\/encontros_agrobiodiversidade_agroecologia_lajeado-4-e1571311484787.jpg","keywords":["Agrobiodiversidade","Agroecologia","Lajeado"],"articleSection":["Destaques","Geral"],"inLanguage":"pt-BR","potentialAction":[{"@type":"CommentAction","name":"Comment","target":["https:\/\/folhapopular.info\/index.php\/2019\/10\/17\/agrobiodiversidade-e-agroecologia-sao-temas-de-encontros-em-lajeado\/#respond"]}]},{"@type":"WebPage","@id":"https:\/\/folhapopular.info\/index.php\/2019\/10\/17\/agrobiodiversidade-e-agroecologia-sao-temas-de-encontros-em-lajeado\/","url":"https:\/\/folhapopular.info\/index.php\/2019\/10\/17\/agrobiodiversidade-e-agroecologia-sao-temas-de-encontros-em-lajeado\/","name":"Agrobiodiversidade e Agroecologia s\u00e3o temas de Encontros em Lajeado - Folha Popular","isPartOf":{"@id":"https:\/\/folhapopular.info\/#website"},"primaryImageOfPage":{"@id":"https:\/\/folhapopular.info\/index.php\/2019\/10\/17\/agrobiodiversidade-e-agroecologia-sao-temas-de-encontros-em-lajeado\/#primaryimage"},"image":{"@id":"https:\/\/folhapopular.info\/index.php\/2019\/10\/17\/agrobiodiversidade-e-agroecologia-sao-temas-de-encontros-em-lajeado\/#primaryimage"},"thumbnailUrl":"https:\/\/folhapopular.info\/wp-content\/uploads\/2019\/10\/encontros_agrobiodiversidade_agroecologia_lajeado-4-e1571311484787.jpg","datePublished":"2019-10-17T13:20:36+00:00","author":{"@id":"https:\/\/folhapopular.info\/#\/schema\/person\/2814e8a0df7643585a9ca38bc6eb9d4b"},"breadcrumb":{"@id":"https:\/\/folhapopular.info\/index.php\/2019\/10\/17\/agrobiodiversidade-e-agroecologia-sao-temas-de-encontros-em-lajeado\/#breadcrumb"},"inLanguage":"pt-BR","potentialAction":[{"@type":"ReadAction","target":["https:\/\/folhapopular.info\/index.php\/2019\/10\/17\/agrobiodiversidade-e-agroecologia-sao-temas-de-encontros-em-lajeado\/"]}]},{"@type":"ImageObject","inLanguage":"pt-BR","@id":"https:\/\/folhapopular.info\/index.php\/2019\/10\/17\/agrobiodiversidade-e-agroecologia-sao-temas-de-encontros-em-lajeado\/#primaryimage","url":"https:\/\/folhapopular.info\/wp-content\/uploads\/2019\/10\/encontros_agrobiodiversidade_agroecologia_lajeado-4-e1571311484787.jpg","contentUrl":"https:\/\/folhapopular.info\/wp-content\/uploads\/2019\/10\/encontros_agrobiodiversidade_agroecologia_lajeado-4-e1571311484787.jpg","width":800,"height":533,"caption":"Nas oficinas, participantes aprenderam na pr\u00e1tica como identificar, por exemplo, amoras nativas\/ cr\u00e9dito: Tiago Bald"},{"@type":"BreadcrumbList","@id":"https:\/\/folhapopular.info\/index.php\/2019\/10\/17\/agrobiodiversidade-e-agroecologia-sao-temas-de-encontros-em-lajeado\/#breadcrumb","itemListElement":[{"@type":"ListItem","position":1,"name":"In\u00edcio","item":"https:\/\/folhapopular.info\/"},{"@type":"ListItem","position":2,"name":"Agrobiodiversidade e Agroecologia s\u00e3o temas de Encontros em Lajeado"}]},{"@type":"WebSite","@id":"https:\/\/folhapopular.info\/#website","url":"https:\/\/folhapopular.info\/","name":"Folha Popular","description":"Onde voc\u00ea tem vez e voz","potentialAction":[{"@type":"SearchAction","target":{"@type":"EntryPoint","urlTemplate":"https:\/\/folhapopular.info\/?s={search_term_string}"},"query-input":{"@type":"PropertyValueSpecification","valueRequired":true,"valueName":"search_term_string"}}],"inLanguage":"pt-BR"},{"@type":"Person","@id":"https:\/\/folhapopular.info\/#\/schema\/person\/2814e8a0df7643585a9ca38bc6eb9d4b","name":"Reda\u00e7\u00e3o Folha Popular","image":{"@type":"ImageObject","inLanguage":"pt-BR","@id":"https:\/\/folhapopular.info\/wp-content\/uploads\/2026\/04\/Folha-1.webp","url":"https:\/\/folhapopular.info\/wp-content\/uploads\/2026\/04\/Folha-1.webp","contentUrl":"https:\/\/folhapopular.info\/wp-content\/uploads\/2026\/04\/Folha-1.webp","caption":"Reda\u00e7\u00e3o Folha Popular"},"url":"https:\/\/folhapopular.info\/index.php\/author\/redacao\/"}]}},"jetpack_featured_media_url":"https:\/\/folhapopular.info\/wp-content\/uploads\/2019\/10\/encontros_agrobiodiversidade_agroecologia_lajeado-4-e1571311484787.jpg","jetpack_sharing_enabled":true,"amp_enabled":true,"_links":{"self":[{"href":"https:\/\/folhapopular.info\/index.php\/wp-json\/wp\/v2\/posts\/60263","targetHints":{"allow":["GET"]}}],"collection":[{"href":"https:\/\/folhapopular.info\/index.php\/wp-json\/wp\/v2\/posts"}],"about":[{"href":"https:\/\/folhapopular.info\/index.php\/wp-json\/wp\/v2\/types\/post"}],"author":[{"embeddable":true,"href":"https:\/\/folhapopular.info\/index.php\/wp-json\/wp\/v2\/users\/8"}],"replies":[{"embeddable":true,"href":"https:\/\/folhapopular.info\/index.php\/wp-json\/wp\/v2\/comments?post=60263"}],"version-history":[{"count":0,"href":"https:\/\/folhapopular.info\/index.php\/wp-json\/wp\/v2\/posts\/60263\/revisions"}],"wp:featuredmedia":[{"embeddable":true,"href":"https:\/\/folhapopular.info\/index.php\/wp-json\/wp\/v2\/media\/60264"}],"wp:attachment":[{"href":"https:\/\/folhapopular.info\/index.php\/wp-json\/wp\/v2\/media?parent=60263"}],"wp:term":[{"taxonomy":"category","embeddable":true,"href":"https:\/\/folhapopular.info\/index.php\/wp-json\/wp\/v2\/categories?post=60263"},{"taxonomy":"post_tag","embeddable":true,"href":"https:\/\/folhapopular.info\/index.php\/wp-json\/wp\/v2\/tags?post=60263"}],"curies":[{"name":"wp","href":"https:\/\/api.w.org\/{rel}","templated":true}]}}