{"id":60308,"date":"2019-10-18T13:20:04","date_gmt":"2019-10-18T16:20:04","guid":{"rendered":"https:\/\/folhapopular.info\/?p=60308"},"modified":"2019-10-18T10:36:13","modified_gmt":"2019-10-18T13:36:13","slug":"univates-promove-encontro-para-debate-sobre-ensino-de-quimica","status":"publish","type":"post","link":"https:\/\/folhapopular.info\/index.php\/2019\/10\/18\/univates-promove-encontro-para-debate-sobre-ensino-de-quimica\/","title":{"rendered":"Univates promove encontro para debate sobre ensino de qu\u00edmica"},"content":{"rendered":"\n<p>A Univates sedia, nos dias 24 e 25 de outubro, o 39\u00ba Encontro de Debates sobre o Ensino de Qu\u00edmica (Edeq) e o 1\u00ba Encontro do Programa de Mestrado Profissional em Qu\u00edmica (Profqui-Sul). As inscri\u00e7\u00f5es podem ser realizadas no <em>site<\/em> <a rel=\"noreferrer noopener\" href=\"https:\/\/www.univates.br\/sistemas\/inscricoes\/processo-2713\" target=\"_blank\">univates.br\/eventos\/inscricoes<\/a> com investimento a partir de R$ 90. Os encontros ser\u00e3o realizados no audit\u00f3rio do Pr\u00e9dio 7 e nas salas de aula da Institui\u00e7\u00e3o.<\/p>\n\n\n\n<p>O Edeq tem como tema desta edi\u00e7\u00e3o \u201cAlfabetizar em Qu\u00edmica: os desafios da era moderna\u201d, considerando a Tabela Peri\u00f3dica como um dos s\u00edmbolos da Qu\u00edmica, j\u00e1 que em 2019 se comemora o Ano Internacional da Tabela Peri\u00f3dica. A programa\u00e7\u00e3o do evento engloba a alfabetiza\u00e7\u00e3o qu\u00edmica, a forma\u00e7\u00e3o docente, a inclus\u00e3o e metodologias de ensino.<\/p>\n\n\n\n<p>Em todas as suas edi\u00e7\u00f5es, o Edeq procura viabilizar o di\u00e1logo entre estudantes, professores e pesquisadores (alguns, inclusive, vindos de pa\u00edses vizinhos) que buscam a qualifica\u00e7\u00e3o da educa\u00e7\u00e3o e do ensino de Qu\u00edmica no Rio Grande do Sul. Justamente para fomentar ainda mais essas discuss\u00f5es, o evento abre espa\u00e7o em sua programa\u00e7\u00e3o para o 1\u00ba Encontro Profqui da regi\u00e3o Sul. Objetiva-se com esse encontro estreitar rela\u00e7\u00f5es entre o ensino de Qu\u00edmica e a forma\u00e7\u00e3o docente, nos n\u00edveis de gradua\u00e7\u00e3o e p\u00f3s-gradua\u00e7\u00e3o, nos Estados do Sul do Brasil.<\/p>\n\n\n\n<p>As edi\u00e7\u00f5es anteriores do evento j\u00e1 aconteceram em cidades ga\u00fachas, como Porto Alegre, Santa Maria, Passo Fundo, Rio Grande, Caxias do Sul, Pelotas, Iju\u00ed, Canoas, Novo Hamburgo, Santa Cruz do Sul, Cruz Alta, Lajeado e Erechim. Mais informa\u00e7\u00f5es sobre o Edeq de 2019 podem ser obtidas pelo <em>e-mail <\/em><a href=\"mailto:39edeqlajeado@univates.br\" target=\"_blank\" rel=\"noreferrer noopener\">39edeqlajeado@univates.br<\/a>.<br><\/p>\n","protected":false},"excerpt":{"rendered":"<p>A Univates sedia, nos dias 24 e 25 de outubro, o 39\u00ba Encontro de Debates sobre o Ensino de Qu\u00edmica (Edeq) e o 1\u00ba Encontro do Programa de Mestrado Profissional em Qu\u00edmica (Profqui-Sul). As inscri\u00e7\u00f5es podem ser realizadas no site univates.br\/eventos\/inscricoes com investimento a partir de R$ 90. Os encontros ser\u00e3o realizados no audit\u00f3rio do [&hellip;]<\/p>\n","protected":false},"author":8,"featured_media":60309,"comment_status":"open","ping_status":"open","sticky":false,"template":"","format":"standard","meta":{"pmpro_default_level":"","_jetpack_memberships_contains_paid_content":false,"footnotes":""},"categories":[2,3],"tags":[5184,27],"class_list":{"0":"post-60308","1":"post","2":"type-post","3":"status-publish","4":"format-standard","5":"has-post-thumbnail","7":"category-featured","8":"category-geral","9":"tag-ensino-de-quimica","10":"tag-lajeado","11":"pmpro-has-access"},"yoast_head":"<!-- This site is optimized with the Yoast SEO plugin v27.5 - https:\/\/yoast.com\/product\/yoast-seo-wordpress\/ -->\n<title>Univates promove encontro para debate sobre ensino de qu\u00edmica - Folha Popular<\/title>\n<meta name=\"robots\" content=\"index, follow, max-snippet:-1, max-image-preview:large, max-video-preview:-1\" \/>\n<link rel=\"canonical\" href=\"https:\/\/folhapopular.info\/index.php\/2019\/10\/18\/univates-promove-encontro-para-debate-sobre-ensino-de-quimica\/\" \/>\n<meta property=\"og:locale\" content=\"pt_BR\" \/>\n<meta property=\"og:type\" content=\"article\" \/>\n<meta property=\"og:title\" content=\"Univates promove encontro para debate sobre ensino de qu\u00edmica - Folha Popular\" \/>\n<meta property=\"og:description\" content=\"A Univates sedia, nos dias 24 e 25 de outubro, o 39\u00ba Encontro de Debates sobre o Ensino de Qu\u00edmica (Edeq) e o 1\u00ba Encontro do Programa de Mestrado Profissional em Qu\u00edmica (Profqui-Sul). As inscri\u00e7\u00f5es podem ser realizadas no site univates.br\/eventos\/inscricoes com investimento a partir de R$ 90. Os encontros ser\u00e3o realizados no audit\u00f3rio do [&hellip;]\" \/>\n<meta property=\"og:url\" content=\"https:\/\/folhapopular.info\/index.php\/2019\/10\/18\/univates-promove-encontro-para-debate-sobre-ensino-de-quimica\/\" \/>\n<meta property=\"og:site_name\" content=\"Folha Popular\" \/>\n<meta property=\"article:published_time\" content=\"2019-10-18T16:20:04+00:00\" \/>\n<meta property=\"og:image\" content=\"https:\/\/folhapopular.info\/wp-content\/uploads\/2019\/10\/aula-de-quimica-com-ensino-medio-_Tuane-Eggers-e1571405686342.jpg\" \/>\n\t<meta property=\"og:image:width\" content=\"800\" \/>\n\t<meta property=\"og:image:height\" content=\"533\" \/>\n\t<meta property=\"og:image:type\" content=\"image\/jpeg\" \/>\n<meta name=\"author\" content=\"Reda\u00e7\u00e3o Folha Popular\" \/>\n<meta name=\"twitter:card\" content=\"summary_large_image\" \/>\n<meta name=\"twitter:label1\" content=\"Escrito por\" \/>\n\t<meta name=\"twitter:data1\" content=\"Reda\u00e7\u00e3o Folha Popular\" \/>\n\t<meta name=\"twitter:label2\" content=\"Est. tempo de leitura\" \/>\n\t<meta name=\"twitter:data2\" content=\"1 minuto\" \/>\n<script type=\"application\/ld+json\" class=\"yoast-schema-graph\">{\"@context\":\"https:\\\/\\\/schema.org\",\"@graph\":[{\"@type\":\"Article\",\"@id\":\"https:\\\/\\\/folhapopular.info\\\/index.php\\\/2019\\\/10\\\/18\\\/univates-promove-encontro-para-debate-sobre-ensino-de-quimica\\\/#article\",\"isPartOf\":{\"@id\":\"https:\\\/\\\/folhapopular.info\\\/index.php\\\/2019\\\/10\\\/18\\\/univates-promove-encontro-para-debate-sobre-ensino-de-quimica\\\/\"},\"author\":{\"name\":\"Reda\u00e7\u00e3o Folha Popular\",\"@id\":\"https:\\\/\\\/folhapopular.info\\\/#\\\/schema\\\/person\\\/2814e8a0df7643585a9ca38bc6eb9d4b\"},\"headline\":\"Univates promove encontro para debate sobre ensino de qu\u00edmica\",\"datePublished\":\"2019-10-18T16:20:04+00:00\",\"mainEntityOfPage\":{\"@id\":\"https:\\\/\\\/folhapopular.info\\\/index.php\\\/2019\\\/10\\\/18\\\/univates-promove-encontro-para-debate-sobre-ensino-de-quimica\\\/\"},\"wordCount\":298,\"commentCount\":0,\"image\":{\"@id\":\"https:\\\/\\\/folhapopular.info\\\/index.php\\\/2019\\\/10\\\/18\\\/univates-promove-encontro-para-debate-sobre-ensino-de-quimica\\\/#primaryimage\"},\"thumbnailUrl\":\"https:\\\/\\\/folhapopular.info\\\/wp-content\\\/uploads\\\/2019\\\/10\\\/aula-de-quimica-com-ensino-medio-_Tuane-Eggers-e1571405686342.jpg\",\"keywords\":[\"Ensino de Qu\u00edmica\",\"Lajeado\"],\"articleSection\":[\"Destaques\",\"Geral\"],\"inLanguage\":\"pt-BR\",\"potentialAction\":[{\"@type\":\"CommentAction\",\"name\":\"Comment\",\"target\":[\"https:\\\/\\\/folhapopular.info\\\/index.php\\\/2019\\\/10\\\/18\\\/univates-promove-encontro-para-debate-sobre-ensino-de-quimica\\\/#respond\"]}]},{\"@type\":\"WebPage\",\"@id\":\"https:\\\/\\\/folhapopular.info\\\/index.php\\\/2019\\\/10\\\/18\\\/univates-promove-encontro-para-debate-sobre-ensino-de-quimica\\\/\",\"url\":\"https:\\\/\\\/folhapopular.info\\\/index.php\\\/2019\\\/10\\\/18\\\/univates-promove-encontro-para-debate-sobre-ensino-de-quimica\\\/\",\"name\":\"Univates promove encontro para debate sobre ensino de qu\u00edmica - Folha Popular\",\"isPartOf\":{\"@id\":\"https:\\\/\\\/folhapopular.info\\\/#website\"},\"primaryImageOfPage\":{\"@id\":\"https:\\\/\\\/folhapopular.info\\\/index.php\\\/2019\\\/10\\\/18\\\/univates-promove-encontro-para-debate-sobre-ensino-de-quimica\\\/#primaryimage\"},\"image\":{\"@id\":\"https:\\\/\\\/folhapopular.info\\\/index.php\\\/2019\\\/10\\\/18\\\/univates-promove-encontro-para-debate-sobre-ensino-de-quimica\\\/#primaryimage\"},\"thumbnailUrl\":\"https:\\\/\\\/folhapopular.info\\\/wp-content\\\/uploads\\\/2019\\\/10\\\/aula-de-quimica-com-ensino-medio-_Tuane-Eggers-e1571405686342.jpg\",\"datePublished\":\"2019-10-18T16:20:04+00:00\",\"author\":{\"@id\":\"https:\\\/\\\/folhapopular.info\\\/#\\\/schema\\\/person\\\/2814e8a0df7643585a9ca38bc6eb9d4b\"},\"breadcrumb\":{\"@id\":\"https:\\\/\\\/folhapopular.info\\\/index.php\\\/2019\\\/10\\\/18\\\/univates-promove-encontro-para-debate-sobre-ensino-de-quimica\\\/#breadcrumb\"},\"inLanguage\":\"pt-BR\",\"potentialAction\":[{\"@type\":\"ReadAction\",\"target\":[\"https:\\\/\\\/folhapopular.info\\\/index.php\\\/2019\\\/10\\\/18\\\/univates-promove-encontro-para-debate-sobre-ensino-de-quimica\\\/\"]}]},{\"@type\":\"ImageObject\",\"inLanguage\":\"pt-BR\",\"@id\":\"https:\\\/\\\/folhapopular.info\\\/index.php\\\/2019\\\/10\\\/18\\\/univates-promove-encontro-para-debate-sobre-ensino-de-quimica\\\/#primaryimage\",\"url\":\"https:\\\/\\\/folhapopular.info\\\/wp-content\\\/uploads\\\/2019\\\/10\\\/aula-de-quimica-com-ensino-medio-_Tuane-Eggers-e1571405686342.jpg\",\"contentUrl\":\"https:\\\/\\\/folhapopular.info\\\/wp-content\\\/uploads\\\/2019\\\/10\\\/aula-de-quimica-com-ensino-medio-_Tuane-Eggers-e1571405686342.jpg\",\"width\":800,\"height\":533,\"caption\":\"Evento \u00e9 voltado a professores de qu\u00edmica \\\/ Cr\u00e9dito da aula: Tuane Eggers \\\/ Divuga\u00e7\u00e3o\"},{\"@type\":\"BreadcrumbList\",\"@id\":\"https:\\\/\\\/folhapopular.info\\\/index.php\\\/2019\\\/10\\\/18\\\/univates-promove-encontro-para-debate-sobre-ensino-de-quimica\\\/#breadcrumb\",\"itemListElement\":[{\"@type\":\"ListItem\",\"position\":1,\"name\":\"In\u00edcio\",\"item\":\"https:\\\/\\\/folhapopular.info\\\/\"},{\"@type\":\"ListItem\",\"position\":2,\"name\":\"Univates promove encontro para debate sobre ensino de qu\u00edmica\"}]},{\"@type\":\"WebSite\",\"@id\":\"https:\\\/\\\/folhapopular.info\\\/#website\",\"url\":\"https:\\\/\\\/folhapopular.info\\\/\",\"name\":\"Folha Popular\",\"description\":\"Onde voc\u00ea tem vez e voz\",\"potentialAction\":[{\"@type\":\"SearchAction\",\"target\":{\"@type\":\"EntryPoint\",\"urlTemplate\":\"https:\\\/\\\/folhapopular.info\\\/?s={search_term_string}\"},\"query-input\":{\"@type\":\"PropertyValueSpecification\",\"valueRequired\":true,\"valueName\":\"search_term_string\"}}],\"inLanguage\":\"pt-BR\"},{\"@type\":\"Person\",\"@id\":\"https:\\\/\\\/folhapopular.info\\\/#\\\/schema\\\/person\\\/2814e8a0df7643585a9ca38bc6eb9d4b\",\"name\":\"Reda\u00e7\u00e3o Folha Popular\",\"image\":{\"@type\":\"ImageObject\",\"inLanguage\":\"pt-BR\",\"@id\":\"https:\\\/\\\/folhapopular.info\\\/wp-content\\\/uploads\\\/2026\\\/04\\\/Folha-1.webp\",\"url\":\"https:\\\/\\\/folhapopular.info\\\/wp-content\\\/uploads\\\/2026\\\/04\\\/Folha-1.webp\",\"contentUrl\":\"https:\\\/\\\/folhapopular.info\\\/wp-content\\\/uploads\\\/2026\\\/04\\\/Folha-1.webp\",\"caption\":\"Reda\u00e7\u00e3o Folha Popular\"},\"url\":\"https:\\\/\\\/folhapopular.info\\\/index.php\\\/author\\\/redacao\\\/\"}]}<\/script>\n<!-- \/ Yoast SEO plugin. -->","yoast_head_json":{"title":"Univates promove encontro para debate sobre ensino de qu\u00edmica - Folha Popular","robots":{"index":"index","follow":"follow","max-snippet":"max-snippet:-1","max-image-preview":"max-image-preview:large","max-video-preview":"max-video-preview:-1"},"canonical":"https:\/\/folhapopular.info\/index.php\/2019\/10\/18\/univates-promove-encontro-para-debate-sobre-ensino-de-quimica\/","og_locale":"pt_BR","og_type":"article","og_title":"Univates promove encontro para debate sobre ensino de qu\u00edmica - Folha Popular","og_description":"A Univates sedia, nos dias 24 e 25 de outubro, o 39\u00ba Encontro de Debates sobre o Ensino de Qu\u00edmica (Edeq) e o 1\u00ba Encontro do Programa de Mestrado Profissional em Qu\u00edmica (Profqui-Sul). As inscri\u00e7\u00f5es podem ser realizadas no site univates.br\/eventos\/inscricoes com investimento a partir de R$ 90. Os encontros ser\u00e3o realizados no audit\u00f3rio do [&hellip;]","og_url":"https:\/\/folhapopular.info\/index.php\/2019\/10\/18\/univates-promove-encontro-para-debate-sobre-ensino-de-quimica\/","og_site_name":"Folha Popular","article_published_time":"2019-10-18T16:20:04+00:00","og_image":[{"width":800,"height":533,"url":"https:\/\/folhapopular.info\/wp-content\/uploads\/2019\/10\/aula-de-quimica-com-ensino-medio-_Tuane-Eggers-e1571405686342.jpg","type":"image\/jpeg"}],"author":"Reda\u00e7\u00e3o Folha Popular","twitter_card":"summary_large_image","twitter_misc":{"Escrito por":"Reda\u00e7\u00e3o Folha Popular","Est. tempo de leitura":"1 minuto"},"schema":{"@context":"https:\/\/schema.org","@graph":[{"@type":"Article","@id":"https:\/\/folhapopular.info\/index.php\/2019\/10\/18\/univates-promove-encontro-para-debate-sobre-ensino-de-quimica\/#article","isPartOf":{"@id":"https:\/\/folhapopular.info\/index.php\/2019\/10\/18\/univates-promove-encontro-para-debate-sobre-ensino-de-quimica\/"},"author":{"name":"Reda\u00e7\u00e3o Folha Popular","@id":"https:\/\/folhapopular.info\/#\/schema\/person\/2814e8a0df7643585a9ca38bc6eb9d4b"},"headline":"Univates promove encontro para debate sobre ensino de qu\u00edmica","datePublished":"2019-10-18T16:20:04+00:00","mainEntityOfPage":{"@id":"https:\/\/folhapopular.info\/index.php\/2019\/10\/18\/univates-promove-encontro-para-debate-sobre-ensino-de-quimica\/"},"wordCount":298,"commentCount":0,"image":{"@id":"https:\/\/folhapopular.info\/index.php\/2019\/10\/18\/univates-promove-encontro-para-debate-sobre-ensino-de-quimica\/#primaryimage"},"thumbnailUrl":"https:\/\/folhapopular.info\/wp-content\/uploads\/2019\/10\/aula-de-quimica-com-ensino-medio-_Tuane-Eggers-e1571405686342.jpg","keywords":["Ensino de Qu\u00edmica","Lajeado"],"articleSection":["Destaques","Geral"],"inLanguage":"pt-BR","potentialAction":[{"@type":"CommentAction","name":"Comment","target":["https:\/\/folhapopular.info\/index.php\/2019\/10\/18\/univates-promove-encontro-para-debate-sobre-ensino-de-quimica\/#respond"]}]},{"@type":"WebPage","@id":"https:\/\/folhapopular.info\/index.php\/2019\/10\/18\/univates-promove-encontro-para-debate-sobre-ensino-de-quimica\/","url":"https:\/\/folhapopular.info\/index.php\/2019\/10\/18\/univates-promove-encontro-para-debate-sobre-ensino-de-quimica\/","name":"Univates promove encontro para debate sobre ensino de qu\u00edmica - Folha Popular","isPartOf":{"@id":"https:\/\/folhapopular.info\/#website"},"primaryImageOfPage":{"@id":"https:\/\/folhapopular.info\/index.php\/2019\/10\/18\/univates-promove-encontro-para-debate-sobre-ensino-de-quimica\/#primaryimage"},"image":{"@id":"https:\/\/folhapopular.info\/index.php\/2019\/10\/18\/univates-promove-encontro-para-debate-sobre-ensino-de-quimica\/#primaryimage"},"thumbnailUrl":"https:\/\/folhapopular.info\/wp-content\/uploads\/2019\/10\/aula-de-quimica-com-ensino-medio-_Tuane-Eggers-e1571405686342.jpg","datePublished":"2019-10-18T16:20:04+00:00","author":{"@id":"https:\/\/folhapopular.info\/#\/schema\/person\/2814e8a0df7643585a9ca38bc6eb9d4b"},"breadcrumb":{"@id":"https:\/\/folhapopular.info\/index.php\/2019\/10\/18\/univates-promove-encontro-para-debate-sobre-ensino-de-quimica\/#breadcrumb"},"inLanguage":"pt-BR","potentialAction":[{"@type":"ReadAction","target":["https:\/\/folhapopular.info\/index.php\/2019\/10\/18\/univates-promove-encontro-para-debate-sobre-ensino-de-quimica\/"]}]},{"@type":"ImageObject","inLanguage":"pt-BR","@id":"https:\/\/folhapopular.info\/index.php\/2019\/10\/18\/univates-promove-encontro-para-debate-sobre-ensino-de-quimica\/#primaryimage","url":"https:\/\/folhapopular.info\/wp-content\/uploads\/2019\/10\/aula-de-quimica-com-ensino-medio-_Tuane-Eggers-e1571405686342.jpg","contentUrl":"https:\/\/folhapopular.info\/wp-content\/uploads\/2019\/10\/aula-de-quimica-com-ensino-medio-_Tuane-Eggers-e1571405686342.jpg","width":800,"height":533,"caption":"Evento \u00e9 voltado a professores de qu\u00edmica \/ Cr\u00e9dito da aula: Tuane Eggers \/ Divuga\u00e7\u00e3o"},{"@type":"BreadcrumbList","@id":"https:\/\/folhapopular.info\/index.php\/2019\/10\/18\/univates-promove-encontro-para-debate-sobre-ensino-de-quimica\/#breadcrumb","itemListElement":[{"@type":"ListItem","position":1,"name":"In\u00edcio","item":"https:\/\/folhapopular.info\/"},{"@type":"ListItem","position":2,"name":"Univates promove encontro para debate sobre ensino de qu\u00edmica"}]},{"@type":"WebSite","@id":"https:\/\/folhapopular.info\/#website","url":"https:\/\/folhapopular.info\/","name":"Folha Popular","description":"Onde voc\u00ea tem vez e voz","potentialAction":[{"@type":"SearchAction","target":{"@type":"EntryPoint","urlTemplate":"https:\/\/folhapopular.info\/?s={search_term_string}"},"query-input":{"@type":"PropertyValueSpecification","valueRequired":true,"valueName":"search_term_string"}}],"inLanguage":"pt-BR"},{"@type":"Person","@id":"https:\/\/folhapopular.info\/#\/schema\/person\/2814e8a0df7643585a9ca38bc6eb9d4b","name":"Reda\u00e7\u00e3o Folha Popular","image":{"@type":"ImageObject","inLanguage":"pt-BR","@id":"https:\/\/folhapopular.info\/wp-content\/uploads\/2026\/04\/Folha-1.webp","url":"https:\/\/folhapopular.info\/wp-content\/uploads\/2026\/04\/Folha-1.webp","contentUrl":"https:\/\/folhapopular.info\/wp-content\/uploads\/2026\/04\/Folha-1.webp","caption":"Reda\u00e7\u00e3o Folha Popular"},"url":"https:\/\/folhapopular.info\/index.php\/author\/redacao\/"}]}},"jetpack_featured_media_url":"https:\/\/folhapopular.info\/wp-content\/uploads\/2019\/10\/aula-de-quimica-com-ensino-medio-_Tuane-Eggers-e1571405686342.jpg","jetpack_sharing_enabled":true,"amp_enabled":true,"_links":{"self":[{"href":"https:\/\/folhapopular.info\/index.php\/wp-json\/wp\/v2\/posts\/60308","targetHints":{"allow":["GET"]}}],"collection":[{"href":"https:\/\/folhapopular.info\/index.php\/wp-json\/wp\/v2\/posts"}],"about":[{"href":"https:\/\/folhapopular.info\/index.php\/wp-json\/wp\/v2\/types\/post"}],"author":[{"embeddable":true,"href":"https:\/\/folhapopular.info\/index.php\/wp-json\/wp\/v2\/users\/8"}],"replies":[{"embeddable":true,"href":"https:\/\/folhapopular.info\/index.php\/wp-json\/wp\/v2\/comments?post=60308"}],"version-history":[{"count":0,"href":"https:\/\/folhapopular.info\/index.php\/wp-json\/wp\/v2\/posts\/60308\/revisions"}],"wp:featuredmedia":[{"embeddable":true,"href":"https:\/\/folhapopular.info\/index.php\/wp-json\/wp\/v2\/media\/60309"}],"wp:attachment":[{"href":"https:\/\/folhapopular.info\/index.php\/wp-json\/wp\/v2\/media?parent=60308"}],"wp:term":[{"taxonomy":"category","embeddable":true,"href":"https:\/\/folhapopular.info\/index.php\/wp-json\/wp\/v2\/categories?post=60308"},{"taxonomy":"post_tag","embeddable":true,"href":"https:\/\/folhapopular.info\/index.php\/wp-json\/wp\/v2\/tags?post=60308"}],"curies":[{"name":"wp","href":"https:\/\/api.w.org\/{rel}","templated":true}]}}