{"id":60390,"date":"2019-10-20T16:17:39","date_gmt":"2019-10-20T19:17:39","guid":{"rendered":"https:\/\/folhapopular.info\/?p=60390"},"modified":"2019-10-20T16:17:41","modified_gmt":"2019-10-20T19:17:41","slug":"definidos-os-semifinalistas-dos-aspirantes-na-serie-a-do-regional","status":"publish","type":"post","link":"https:\/\/folhapopular.info\/index.php\/2019\/10\/20\/definidos-os-semifinalistas-dos-aspirantes-na-serie-a-do-regional\/","title":{"rendered":"Definidos os semifinalistas dos Aspirantes na S\u00e9rie A do Regional"},"content":{"rendered":"\n<div class=\"wp-block-image\"><figure class=\"alignleft is-resized\"><img loading=\"lazy\" decoding=\"async\" src=\"https:\/\/folhapopular.info\/wp-content\/uploads\/2019\/08\/Logo-Regional-Certel-Sicredi-correto-Medium.png\" alt=\"\" class=\"wp-image-57756\" width=\"204\" height=\"234\" srcset=\"https:\/\/folhapopular.info\/wp-content\/uploads\/2019\/08\/Logo-Regional-Certel-Sicredi-correto-Medium.png 768w, https:\/\/folhapopular.info\/wp-content\/uploads\/2019\/08\/Logo-Regional-Certel-Sicredi-correto-Medium-262x300.png 262w, https:\/\/folhapopular.info\/wp-content\/uploads\/2019\/08\/Logo-Regional-Certel-Sicredi-correto-Medium-696x798.png 696w, https:\/\/folhapopular.info\/wp-content\/uploads\/2019\/08\/Logo-Regional-Certel-Sicredi-correto-Medium-367x420.png 367w\" sizes=\"auto, (max-width: 204px) 100vw, 204px\" \/><\/figure><\/div>\n\n\n\n<p>Est\u00e3o definidos os semifinalistas da categoria Aspirantes da S\u00e9rie do Campeonato Regional da Aslivata &#8211; 22\u00aa Copa Certel Sicredi. Na tarde deste domingo (20\/10), os jogos de volta das quartas de final foram disputadas e os quatro melhores foram conhecidos nos 90 minutos, sem necessidade de disputa por p\u00eanaltis.<\/p>\n\n\n\n<p>O Uni\u00e3o Santo Andr\u00e9 voltou a vencer o Fluminense de Mato Leit\u00e3o, desta vez por 3 a 1, confirmando sua vaga. O Cruzeiro de Vespasiano Corr\u00eaa tamb\u00e9m venceu o segundo jogo diante do Colorado, pelo escore de 2 a 1. Quem tamb\u00e9m garantiu vaga com vit\u00f3ria foi o Estudiantes, que fez 2 a 1 no Sete de Setembro de Arroio do Meio.<\/p>\n\n\n\n<p>O \u00fanico empate foi entre Rui Barbosa e ECAS, placar de 1 a 1. Como o primeiro jogo tamb\u00e9m terminou empatado, o Rui Barbosa garantiu a sua classifica\u00e7\u00e3o para a semifinal. Os dois clubes tinham a mesma campanha, por\u00e9m, a vantagem do clube de Arroio do Meio se deu na disciplina.<\/p>\n\n\n\n<p>Os cruzamentos semifinais dependem das equipes de Titulares classificadas. Se for observado o ranking das equipes, os enfrentamentos previstos seriam: Santo Andr\u00e9 x Rui Barbosa e Cruzeiro x Estudiantes.<\/p>\n\n\n\n<h3 class=\"wp-block-heading\"><strong>Quartas de final &#8211; Aspirantes &#8211; Jogo de volta &#8211; 20\/10<\/strong><\/h3>\n\n\n\n<table class=\"wp-block-table is-style-stripes\"><tbody><tr><td>CH<\/td><td>LOCAL<\/td><td>ASPIRANTES<\/td><\/tr><tr><td>N<\/td><td>Ven\u00e2ncio Aires<\/td><td>Fluminense<\/td><td>1<\/td><td>X<\/td><td>3<\/td><td><strong>Uni\u00e3o Santo Andr\u00e9<\/strong><\/td><\/tr><tr><td>O<\/td><td>Taquari<\/td><td>Colorado<\/td><td>1<\/td><td>X<\/td><td>2<\/td><td><strong>Cruzeiro<\/strong><\/td><\/tr><tr><td>P<\/td><td>Ven\u00e2ncio Aires<\/td><td><strong>Estudiantes<\/strong><\/td><td>2<\/td><td>X<\/td><td>1<\/td><td>Sete de Setembro-AM<\/td><\/tr><tr><td>Q<\/td><td>Cruzeiro do Sul<\/td><td><strong>Rui Barbosa-AM<\/strong><\/td><td>1<\/td><td>X<\/td><td>1<\/td><td>ECAS<\/td><\/tr><\/tbody><\/table>\n\n\n\n<h3 class=\"wp-block-heading\"><strong>Ranking dos semifinalistas<\/strong><\/h3>\n\n\n\n<table class=\"wp-block-table is-style-stripes\"><tbody><tr><td><\/td><td>EQUIPES<\/td><td>PG<\/td><td>J<\/td><td>V<\/td><td>E<\/td><td>D<\/td><td>GP<\/td><td>GS<\/td><td>SG<\/td><td>%<\/td><\/tr><tr><td>1\u00ba<\/td><td>Uni\u00e3o Santo Andr\u00e9<\/td><td>28<\/td><td>10<\/td><td>9<\/td><td>1<\/td><td>0<\/td><td>31<\/td><td>5<\/td><td>26<\/td><td>93<\/td><\/tr><tr><td>2\u00ba<\/td><td>Cruzeiro-Vesp.<\/td><td>21<\/td><td>10<\/td><td>7<\/td><td>0<\/td><td>3<\/td><td>20<\/td><td>12<\/td><td>8<\/td><td>70<\/td><\/tr><tr><td>3\u00ba<\/td><td>Estudiantes<\/td><td>19<\/td><td>10<\/td><td>6<\/td><td>1<\/td><td>3<\/td><td>20<\/td><td>14<\/td><td>6<\/td><td>63<\/td><\/tr><tr><td>4\u00ba<\/td><td>Rui Barbosa-AM<\/td><td>17<\/td><td>10<\/td><td>4<\/td><td>5<\/td><td>1<\/td><td>21<\/td><td>13<\/td><td>8<\/td><td>57<\/td><\/tr><\/tbody><\/table>\n","protected":false},"excerpt":{"rendered":"<p>Est\u00e3o definidos os semifinalistas da categoria Aspirantes da S\u00e9rie do Campeonato Regional da Aslivata &#8211; 22\u00aa Copa Certel Sicredi. Na tarde deste domingo (20\/10), os jogos de volta das quartas de final foram disputadas e os quatro melhores foram conhecidos nos 90 minutos, sem necessidade de disputa por p\u00eanaltis. O Uni\u00e3o Santo Andr\u00e9 voltou a [&hellip;]<\/p>\n","protected":false},"author":7,"featured_media":58246,"comment_status":"open","ping_status":"open","sticky":false,"template":"","format":"standard","meta":{"pmpro_default_level":"","_jetpack_memberships_contains_paid_content":false,"footnotes":""},"categories":[5,240,288],"tags":[318,156],"class_list":{"0":"post-60390","1":"post","2":"type-post","3":"status-publish","4":"format-standard","5":"has-post-thumbnail","7":"category-esportes","8":"category-futebol-amador","9":"category-regional-da-aslivata","10":"tag-copa-certel-sicredi","11":"tag-vale-do-taquari","12":"pmpro-has-access"},"yoast_head":"<!-- This site is optimized with the Yoast SEO plugin v27.5 - https:\/\/yoast.com\/product\/yoast-seo-wordpress\/ -->\n<title>Definidos os semifinalistas dos Aspirantes na S\u00e9rie A do Regional - Folha Popular<\/title>\n<meta name=\"robots\" content=\"index, follow, max-snippet:-1, max-image-preview:large, max-video-preview:-1\" \/>\n<link rel=\"canonical\" href=\"https:\/\/folhapopular.info\/index.php\/2019\/10\/20\/definidos-os-semifinalistas-dos-aspirantes-na-serie-a-do-regional\/\" \/>\n<meta property=\"og:locale\" content=\"pt_BR\" \/>\n<meta property=\"og:type\" content=\"article\" \/>\n<meta property=\"og:title\" content=\"Definidos os semifinalistas dos Aspirantes na S\u00e9rie A do Regional - Folha Popular\" \/>\n<meta property=\"og:description\" content=\"Est\u00e3o definidos os semifinalistas da categoria Aspirantes da S\u00e9rie do Campeonato Regional da Aslivata &#8211; 22\u00aa Copa Certel Sicredi. Na tarde deste domingo (20\/10), os jogos de volta das quartas de final foram disputadas e os quatro melhores foram conhecidos nos 90 minutos, sem necessidade de disputa por p\u00eanaltis. O Uni\u00e3o Santo Andr\u00e9 voltou a [&hellip;]\" \/>\n<meta property=\"og:url\" content=\"https:\/\/folhapopular.info\/index.php\/2019\/10\/20\/definidos-os-semifinalistas-dos-aspirantes-na-serie-a-do-regional\/\" \/>\n<meta property=\"og:site_name\" content=\"Folha Popular\" \/>\n<meta property=\"article:published_time\" content=\"2019-10-20T19:17:39+00:00\" \/>\n<meta property=\"article:modified_time\" content=\"2019-10-20T19:17:41+00:00\" \/>\n<meta property=\"og:image\" content=\"https:\/\/folhapopular.info\/wp-content\/uploads\/2019\/08\/2019_08_25_ECAS-x-Sete-AM-Aspirantes-\u00c9derson-2.jpeg\" \/>\n\t<meta property=\"og:image:width\" content=\"1040\" \/>\n\t<meta property=\"og:image:height\" content=\"780\" \/>\n\t<meta property=\"og:image:type\" content=\"image\/jpeg\" \/>\n<meta name=\"author\" content=\"Lucas Leandro Brune\" \/>\n<meta name=\"twitter:card\" content=\"summary_large_image\" \/>\n<meta name=\"twitter:label1\" content=\"Escrito por\" \/>\n\t<meta name=\"twitter:data1\" content=\"Lucas Leandro Brune\" \/>\n\t<meta name=\"twitter:label2\" content=\"Est. tempo de leitura\" \/>\n\t<meta name=\"twitter:data2\" content=\"1 minuto\" \/>\n<script type=\"application\/ld+json\" class=\"yoast-schema-graph\">{\"@context\":\"https:\\\/\\\/schema.org\",\"@graph\":[{\"@type\":\"Article\",\"@id\":\"https:\\\/\\\/folhapopular.info\\\/index.php\\\/2019\\\/10\\\/20\\\/definidos-os-semifinalistas-dos-aspirantes-na-serie-a-do-regional\\\/#article\",\"isPartOf\":{\"@id\":\"https:\\\/\\\/folhapopular.info\\\/index.php\\\/2019\\\/10\\\/20\\\/definidos-os-semifinalistas-dos-aspirantes-na-serie-a-do-regional\\\/\"},\"author\":{\"name\":\"Lucas Leandro Brune\",\"@id\":\"https:\\\/\\\/folhapopular.info\\\/#\\\/schema\\\/person\\\/533a15f60cd49e81ab3a90b4ca33cb36\"},\"headline\":\"Definidos os semifinalistas dos Aspirantes na S\u00e9rie A do Regional\",\"datePublished\":\"2019-10-20T19:17:39+00:00\",\"dateModified\":\"2019-10-20T19:17:41+00:00\",\"mainEntityOfPage\":{\"@id\":\"https:\\\/\\\/folhapopular.info\\\/index.php\\\/2019\\\/10\\\/20\\\/definidos-os-semifinalistas-dos-aspirantes-na-serie-a-do-regional\\\/\"},\"wordCount\":268,\"commentCount\":0,\"image\":{\"@id\":\"https:\\\/\\\/folhapopular.info\\\/index.php\\\/2019\\\/10\\\/20\\\/definidos-os-semifinalistas-dos-aspirantes-na-serie-a-do-regional\\\/#primaryimage\"},\"thumbnailUrl\":\"https:\\\/\\\/folhapopular.info\\\/wp-content\\\/uploads\\\/2019\\\/08\\\/2019_08_25_ECAS-x-Sete-AM-Aspirantes-\u00c9derson-2.jpeg\",\"keywords\":[\"Copa Certel Sicredi\",\"Vale do Taquari\"],\"articleSection\":[\"Esportes\",\"Futebol Amador\",\"Regional da Aslivata\"],\"inLanguage\":\"pt-BR\",\"potentialAction\":[{\"@type\":\"CommentAction\",\"name\":\"Comment\",\"target\":[\"https:\\\/\\\/folhapopular.info\\\/index.php\\\/2019\\\/10\\\/20\\\/definidos-os-semifinalistas-dos-aspirantes-na-serie-a-do-regional\\\/#respond\"]}]},{\"@type\":\"WebPage\",\"@id\":\"https:\\\/\\\/folhapopular.info\\\/index.php\\\/2019\\\/10\\\/20\\\/definidos-os-semifinalistas-dos-aspirantes-na-serie-a-do-regional\\\/\",\"url\":\"https:\\\/\\\/folhapopular.info\\\/index.php\\\/2019\\\/10\\\/20\\\/definidos-os-semifinalistas-dos-aspirantes-na-serie-a-do-regional\\\/\",\"name\":\"Definidos os semifinalistas dos Aspirantes na S\u00e9rie A do Regional - Folha Popular\",\"isPartOf\":{\"@id\":\"https:\\\/\\\/folhapopular.info\\\/#website\"},\"primaryImageOfPage\":{\"@id\":\"https:\\\/\\\/folhapopular.info\\\/index.php\\\/2019\\\/10\\\/20\\\/definidos-os-semifinalistas-dos-aspirantes-na-serie-a-do-regional\\\/#primaryimage\"},\"image\":{\"@id\":\"https:\\\/\\\/folhapopular.info\\\/index.php\\\/2019\\\/10\\\/20\\\/definidos-os-semifinalistas-dos-aspirantes-na-serie-a-do-regional\\\/#primaryimage\"},\"thumbnailUrl\":\"https:\\\/\\\/folhapopular.info\\\/wp-content\\\/uploads\\\/2019\\\/08\\\/2019_08_25_ECAS-x-Sete-AM-Aspirantes-\u00c9derson-2.jpeg\",\"datePublished\":\"2019-10-20T19:17:39+00:00\",\"dateModified\":\"2019-10-20T19:17:41+00:00\",\"author\":{\"@id\":\"https:\\\/\\\/folhapopular.info\\\/#\\\/schema\\\/person\\\/533a15f60cd49e81ab3a90b4ca33cb36\"},\"breadcrumb\":{\"@id\":\"https:\\\/\\\/folhapopular.info\\\/index.php\\\/2019\\\/10\\\/20\\\/definidos-os-semifinalistas-dos-aspirantes-na-serie-a-do-regional\\\/#breadcrumb\"},\"inLanguage\":\"pt-BR\",\"potentialAction\":[{\"@type\":\"ReadAction\",\"target\":[\"https:\\\/\\\/folhapopular.info\\\/index.php\\\/2019\\\/10\\\/20\\\/definidos-os-semifinalistas-dos-aspirantes-na-serie-a-do-regional\\\/\"]}]},{\"@type\":\"ImageObject\",\"inLanguage\":\"pt-BR\",\"@id\":\"https:\\\/\\\/folhapopular.info\\\/index.php\\\/2019\\\/10\\\/20\\\/definidos-os-semifinalistas-dos-aspirantes-na-serie-a-do-regional\\\/#primaryimage\",\"url\":\"https:\\\/\\\/folhapopular.info\\\/wp-content\\\/uploads\\\/2019\\\/08\\\/2019_08_25_ECAS-x-Sete-AM-Aspirantes-\u00c9derson-2.jpeg\",\"contentUrl\":\"https:\\\/\\\/folhapopular.info\\\/wp-content\\\/uploads\\\/2019\\\/08\\\/2019_08_25_ECAS-x-Sete-AM-Aspirantes-\u00c9derson-2.jpeg\",\"width\":1040,\"height\":780,\"caption\":\"ECAS caiu diante do Rui Barbosa na categoria Aspirantes\"},{\"@type\":\"BreadcrumbList\",\"@id\":\"https:\\\/\\\/folhapopular.info\\\/index.php\\\/2019\\\/10\\\/20\\\/definidos-os-semifinalistas-dos-aspirantes-na-serie-a-do-regional\\\/#breadcrumb\",\"itemListElement\":[{\"@type\":\"ListItem\",\"position\":1,\"name\":\"In\u00edcio\",\"item\":\"https:\\\/\\\/folhapopular.info\\\/\"},{\"@type\":\"ListItem\",\"position\":2,\"name\":\"Definidos os semifinalistas dos Aspirantes na S\u00e9rie A do Regional\"}]},{\"@type\":\"WebSite\",\"@id\":\"https:\\\/\\\/folhapopular.info\\\/#website\",\"url\":\"https:\\\/\\\/folhapopular.info\\\/\",\"name\":\"Folha Popular\",\"description\":\"Onde voc\u00ea tem vez e voz\",\"potentialAction\":[{\"@type\":\"SearchAction\",\"target\":{\"@type\":\"EntryPoint\",\"urlTemplate\":\"https:\\\/\\\/folhapopular.info\\\/?s={search_term_string}\"},\"query-input\":{\"@type\":\"PropertyValueSpecification\",\"valueRequired\":true,\"valueName\":\"search_term_string\"}}],\"inLanguage\":\"pt-BR\"},{\"@type\":\"Person\",\"@id\":\"https:\\\/\\\/folhapopular.info\\\/#\\\/schema\\\/person\\\/533a15f60cd49e81ab3a90b4ca33cb36\",\"name\":\"Lucas Leandro Brune\",\"image\":{\"@type\":\"ImageObject\",\"inLanguage\":\"pt-BR\",\"@id\":\"https:\\\/\\\/folhapopular.info\\\/wp-content\\\/uploads\\\/2026\\\/04\\\/LUCAS-1-1.webp\",\"url\":\"https:\\\/\\\/folhapopular.info\\\/wp-content\\\/uploads\\\/2026\\\/04\\\/LUCAS-1-1.webp\",\"contentUrl\":\"https:\\\/\\\/folhapopular.info\\\/wp-content\\\/uploads\\\/2026\\\/04\\\/LUCAS-1-1.webp\",\"caption\":\"Lucas Leandro Brune\"},\"description\":\"Jornalista Profissional Diplomado MTB\\\/RS 14.333\",\"url\":\"https:\\\/\\\/folhapopular.info\\\/index.php\\\/author\\\/lucas-brune\\\/\"}]}<\/script>\n<!-- \/ Yoast SEO plugin. -->","yoast_head_json":{"title":"Definidos os semifinalistas dos Aspirantes na S\u00e9rie A do Regional - Folha Popular","robots":{"index":"index","follow":"follow","max-snippet":"max-snippet:-1","max-image-preview":"max-image-preview:large","max-video-preview":"max-video-preview:-1"},"canonical":"https:\/\/folhapopular.info\/index.php\/2019\/10\/20\/definidos-os-semifinalistas-dos-aspirantes-na-serie-a-do-regional\/","og_locale":"pt_BR","og_type":"article","og_title":"Definidos os semifinalistas dos Aspirantes na S\u00e9rie A do Regional - Folha Popular","og_description":"Est\u00e3o definidos os semifinalistas da categoria Aspirantes da S\u00e9rie do Campeonato Regional da Aslivata &#8211; 22\u00aa Copa Certel Sicredi. Na tarde deste domingo (20\/10), os jogos de volta das quartas de final foram disputadas e os quatro melhores foram conhecidos nos 90 minutos, sem necessidade de disputa por p\u00eanaltis. O Uni\u00e3o Santo Andr\u00e9 voltou a [&hellip;]","og_url":"https:\/\/folhapopular.info\/index.php\/2019\/10\/20\/definidos-os-semifinalistas-dos-aspirantes-na-serie-a-do-regional\/","og_site_name":"Folha Popular","article_published_time":"2019-10-20T19:17:39+00:00","article_modified_time":"2019-10-20T19:17:41+00:00","og_image":[{"width":1040,"height":780,"url":"https:\/\/folhapopular.info\/wp-content\/uploads\/2019\/08\/2019_08_25_ECAS-x-Sete-AM-Aspirantes-\u00c9derson-2.jpeg","type":"image\/jpeg"}],"author":"Lucas Leandro Brune","twitter_card":"summary_large_image","twitter_misc":{"Escrito por":"Lucas Leandro Brune","Est. tempo de leitura":"1 minuto"},"schema":{"@context":"https:\/\/schema.org","@graph":[{"@type":"Article","@id":"https:\/\/folhapopular.info\/index.php\/2019\/10\/20\/definidos-os-semifinalistas-dos-aspirantes-na-serie-a-do-regional\/#article","isPartOf":{"@id":"https:\/\/folhapopular.info\/index.php\/2019\/10\/20\/definidos-os-semifinalistas-dos-aspirantes-na-serie-a-do-regional\/"},"author":{"name":"Lucas Leandro Brune","@id":"https:\/\/folhapopular.info\/#\/schema\/person\/533a15f60cd49e81ab3a90b4ca33cb36"},"headline":"Definidos os semifinalistas dos Aspirantes na S\u00e9rie A do Regional","datePublished":"2019-10-20T19:17:39+00:00","dateModified":"2019-10-20T19:17:41+00:00","mainEntityOfPage":{"@id":"https:\/\/folhapopular.info\/index.php\/2019\/10\/20\/definidos-os-semifinalistas-dos-aspirantes-na-serie-a-do-regional\/"},"wordCount":268,"commentCount":0,"image":{"@id":"https:\/\/folhapopular.info\/index.php\/2019\/10\/20\/definidos-os-semifinalistas-dos-aspirantes-na-serie-a-do-regional\/#primaryimage"},"thumbnailUrl":"https:\/\/folhapopular.info\/wp-content\/uploads\/2019\/08\/2019_08_25_ECAS-x-Sete-AM-Aspirantes-\u00c9derson-2.jpeg","keywords":["Copa Certel Sicredi","Vale do Taquari"],"articleSection":["Esportes","Futebol Amador","Regional da Aslivata"],"inLanguage":"pt-BR","potentialAction":[{"@type":"CommentAction","name":"Comment","target":["https:\/\/folhapopular.info\/index.php\/2019\/10\/20\/definidos-os-semifinalistas-dos-aspirantes-na-serie-a-do-regional\/#respond"]}]},{"@type":"WebPage","@id":"https:\/\/folhapopular.info\/index.php\/2019\/10\/20\/definidos-os-semifinalistas-dos-aspirantes-na-serie-a-do-regional\/","url":"https:\/\/folhapopular.info\/index.php\/2019\/10\/20\/definidos-os-semifinalistas-dos-aspirantes-na-serie-a-do-regional\/","name":"Definidos os semifinalistas dos Aspirantes na S\u00e9rie A do Regional - Folha Popular","isPartOf":{"@id":"https:\/\/folhapopular.info\/#website"},"primaryImageOfPage":{"@id":"https:\/\/folhapopular.info\/index.php\/2019\/10\/20\/definidos-os-semifinalistas-dos-aspirantes-na-serie-a-do-regional\/#primaryimage"},"image":{"@id":"https:\/\/folhapopular.info\/index.php\/2019\/10\/20\/definidos-os-semifinalistas-dos-aspirantes-na-serie-a-do-regional\/#primaryimage"},"thumbnailUrl":"https:\/\/folhapopular.info\/wp-content\/uploads\/2019\/08\/2019_08_25_ECAS-x-Sete-AM-Aspirantes-\u00c9derson-2.jpeg","datePublished":"2019-10-20T19:17:39+00:00","dateModified":"2019-10-20T19:17:41+00:00","author":{"@id":"https:\/\/folhapopular.info\/#\/schema\/person\/533a15f60cd49e81ab3a90b4ca33cb36"},"breadcrumb":{"@id":"https:\/\/folhapopular.info\/index.php\/2019\/10\/20\/definidos-os-semifinalistas-dos-aspirantes-na-serie-a-do-regional\/#breadcrumb"},"inLanguage":"pt-BR","potentialAction":[{"@type":"ReadAction","target":["https:\/\/folhapopular.info\/index.php\/2019\/10\/20\/definidos-os-semifinalistas-dos-aspirantes-na-serie-a-do-regional\/"]}]},{"@type":"ImageObject","inLanguage":"pt-BR","@id":"https:\/\/folhapopular.info\/index.php\/2019\/10\/20\/definidos-os-semifinalistas-dos-aspirantes-na-serie-a-do-regional\/#primaryimage","url":"https:\/\/folhapopular.info\/wp-content\/uploads\/2019\/08\/2019_08_25_ECAS-x-Sete-AM-Aspirantes-\u00c9derson-2.jpeg","contentUrl":"https:\/\/folhapopular.info\/wp-content\/uploads\/2019\/08\/2019_08_25_ECAS-x-Sete-AM-Aspirantes-\u00c9derson-2.jpeg","width":1040,"height":780,"caption":"ECAS caiu diante do Rui Barbosa na categoria Aspirantes"},{"@type":"BreadcrumbList","@id":"https:\/\/folhapopular.info\/index.php\/2019\/10\/20\/definidos-os-semifinalistas-dos-aspirantes-na-serie-a-do-regional\/#breadcrumb","itemListElement":[{"@type":"ListItem","position":1,"name":"In\u00edcio","item":"https:\/\/folhapopular.info\/"},{"@type":"ListItem","position":2,"name":"Definidos os semifinalistas dos Aspirantes na S\u00e9rie A do Regional"}]},{"@type":"WebSite","@id":"https:\/\/folhapopular.info\/#website","url":"https:\/\/folhapopular.info\/","name":"Folha Popular","description":"Onde voc\u00ea tem vez e voz","potentialAction":[{"@type":"SearchAction","target":{"@type":"EntryPoint","urlTemplate":"https:\/\/folhapopular.info\/?s={search_term_string}"},"query-input":{"@type":"PropertyValueSpecification","valueRequired":true,"valueName":"search_term_string"}}],"inLanguage":"pt-BR"},{"@type":"Person","@id":"https:\/\/folhapopular.info\/#\/schema\/person\/533a15f60cd49e81ab3a90b4ca33cb36","name":"Lucas Leandro Brune","image":{"@type":"ImageObject","inLanguage":"pt-BR","@id":"https:\/\/folhapopular.info\/wp-content\/uploads\/2026\/04\/LUCAS-1-1.webp","url":"https:\/\/folhapopular.info\/wp-content\/uploads\/2026\/04\/LUCAS-1-1.webp","contentUrl":"https:\/\/folhapopular.info\/wp-content\/uploads\/2026\/04\/LUCAS-1-1.webp","caption":"Lucas Leandro Brune"},"description":"Jornalista Profissional Diplomado MTB\/RS 14.333","url":"https:\/\/folhapopular.info\/index.php\/author\/lucas-brune\/"}]}},"jetpack_featured_media_url":"https:\/\/folhapopular.info\/wp-content\/uploads\/2019\/08\/2019_08_25_ECAS-x-Sete-AM-Aspirantes-\u00c9derson-2.jpeg","jetpack_sharing_enabled":true,"amp_enabled":true,"_links":{"self":[{"href":"https:\/\/folhapopular.info\/index.php\/wp-json\/wp\/v2\/posts\/60390","targetHints":{"allow":["GET"]}}],"collection":[{"href":"https:\/\/folhapopular.info\/index.php\/wp-json\/wp\/v2\/posts"}],"about":[{"href":"https:\/\/folhapopular.info\/index.php\/wp-json\/wp\/v2\/types\/post"}],"author":[{"embeddable":true,"href":"https:\/\/folhapopular.info\/index.php\/wp-json\/wp\/v2\/users\/7"}],"replies":[{"embeddable":true,"href":"https:\/\/folhapopular.info\/index.php\/wp-json\/wp\/v2\/comments?post=60390"}],"version-history":[{"count":0,"href":"https:\/\/folhapopular.info\/index.php\/wp-json\/wp\/v2\/posts\/60390\/revisions"}],"wp:featuredmedia":[{"embeddable":true,"href":"https:\/\/folhapopular.info\/index.php\/wp-json\/wp\/v2\/media\/58246"}],"wp:attachment":[{"href":"https:\/\/folhapopular.info\/index.php\/wp-json\/wp\/v2\/media?parent=60390"}],"wp:term":[{"taxonomy":"category","embeddable":true,"href":"https:\/\/folhapopular.info\/index.php\/wp-json\/wp\/v2\/categories?post=60390"},{"taxonomy":"post_tag","embeddable":true,"href":"https:\/\/folhapopular.info\/index.php\/wp-json\/wp\/v2\/tags?post=60390"}],"curies":[{"name":"wp","href":"https:\/\/api.w.org\/{rel}","templated":true}]}}