{"id":60517,"date":"2019-10-23T14:20:04","date_gmt":"2019-10-23T17:20:04","guid":{"rendered":"https:\/\/folhapopular.info\/?p=60517"},"modified":"2019-10-23T16:37:30","modified_gmt":"2019-10-23T19:37:30","slug":"candidatas-a-soberanas-de-teutonia-iniciam-preparacao","status":"publish","type":"post","link":"https:\/\/folhapopular.info\/index.php\/2019\/10\/23\/candidatas-a-soberanas-de-teutonia-iniciam-preparacao\/","title":{"rendered":"Candidatas a soberanas de Teut\u00f4nia iniciam prepara\u00e7\u00e3o"},"content":{"rendered":"\n<p>At\u00e9 o dia 7 de novembro, as 11 candidatas que concorrem&nbsp;\u00e0 corte&nbsp;de Teut\u00f4nia 2020\/2021 participam de diversas atividades preparat\u00f3rias para o Concurso de Soberanas. A nova corte ser\u00e1 escolhida&nbsp;no&nbsp;dia 8 de novembro, a partir das 19h, na Associa\u00e7\u00e3o Pr\u00f3-Desenvolvimento Languiru (Associa\u00e7\u00e3o da \u00c1gua).<\/p>\n\n\n\n<p>A primeira-dama de Teut\u00f4nia, Jaqueline Musskopf, acredita que ser soberana \u00e9 representar muito mais do que beleza e simpatia.&nbsp;\u201c\u00c9 conhecer a hist\u00f3ria de Teut\u00f4nia. \u00c9 saber do compromisso e da seriedade que os cargos exigem, de se prepararem emocionalmente e intelectualmente para todas as etapas. Independentemente do trio que ir\u00e1 compor a nova corte, as 11 candidatas j\u00e1 fazem parte da hist\u00f3ria desse bel\u00edssimo concurso\u201d, completa.<\/p>\n\n\n\n<p>Na tarde de segunda e ter\u00e7a-feira, dias 21 e 22 de outubro, as candidatas iniciaram a prepara\u00e7\u00e3o para o concurso,&nbsp;com&nbsp;as visitas&nbsp;ao Lar de Idosos Tulipas, no Bairro Languiru, e Lar Trindade, em&nbsp;Linha&nbsp;Boa Vista, respectivamente. Na oportunidade,&nbsp;ocorreram&nbsp;diversas atividades de integra\u00e7\u00e3o como dan\u00e7a, canto, maquiagem e conversa com os idosos.<\/p>\n\n\n\n<p>Nesta quarta-feira (23\/10), foi realizado&nbsp;o&nbsp;teste de v\u00eddeo pelas candidatas, com imagens sendo captadas no Engenho Quatro Ventos, um dos pontos tur\u00edsticos de Teut\u00f4nia, localizado na Linha S\u00e3o Jac\u00f3. As pr\u00f3ximas etapas do concurso acontecem em novembro. A primeira atividade do m\u00eas ser\u00e1 uma palestra com consultora de imagem,&nbsp;no dia 5.<\/p>\n\n\n\n<p>O Concurso&nbsp;de Soberanas \u00e9 uma realiza\u00e7\u00e3o da Administra\u00e7\u00e3o Municipal de Teut\u00f4nia, atrav\u00e9s da Secretaria de Juventude, Cultura, Esporte e Lazer, e conta com o apoio do Gabinete da Primeira-Dama.<\/p>\n\n\n\n<p><strong>Conhe\u00e7a as candidatas<\/strong><strong><\/strong><\/p>\n\n\n\n<p>&#8211;&nbsp;Eloiza Brand\u00e3o da Silva, de 19 anos<\/p>\n\n\n\n<p>&#8211;&nbsp;Fernanda Thais Kolling, de 20 anos<\/p>\n\n\n\n<p>&#8211;&nbsp;Jane Franz, de 22 anos<\/p>\n\n\n\n<p>&#8211;&nbsp;Keli Luana Hauschild, de 24 anos&nbsp;<\/p>\n\n\n\n<p>&#8211;&nbsp;Kelly Larissa Hentges, de 18 anos<\/p>\n\n\n\n<p>&#8211;&nbsp;K\u00e9telyn Veloso de Parodes, de 18 anos<\/p>\n\n\n\n<p>&#8211;&nbsp;Ketlin Naiara Gon\u00e7alves, de 18 anos<\/p>\n\n\n\n<p>&#8211;&nbsp;Larissa Cristina da Cruz, de 18 anos<\/p>\n\n\n\n<p>&#8211;&nbsp;Nicole Laura Tomazini Lagemann, de 15 anos<\/p>\n\n\n\n<p>&#8211;&nbsp;Vanessa Maiara G\u00e4lzer, de 22 anos<\/p>\n\n\n\n<p>&#8211;&nbsp;Viviane Lagemann, de 22 anos.<\/p>\n\n\n\n<ul class=\"wp-block-gallery columns-4 is-cropped wp-block-gallery-1 is-layout-flex wp-block-gallery-is-layout-flex\"><li class=\"blocks-gallery-item\"><figure><img loading=\"lazy\" decoding=\"async\" width=\"754\" height=\"1024\" src=\"https:\/\/folhapopular.info\/wp-content\/uploads\/2019\/10\/Fernanda-Kolling-754x1024.jpg\" alt=\"\" data-id=\"60519\" data-link=\"https:\/\/folhapopular.info\/?attachment_id=60519\" class=\"wp-image-60519\" \/><figcaption> Fernanda Thais Kolling, de 20 anos <\/figcaption><\/figure><\/li><li class=\"blocks-gallery-item\"><figure><img loading=\"lazy\" decoding=\"async\" width=\"731\" height=\"1024\" src=\"https:\/\/folhapopular.info\/wp-content\/uploads\/2019\/10\/Jane-Franz-731x1024.jpg\" alt=\"\" data-id=\"60520\" data-link=\"https:\/\/folhapopular.info\/?attachment_id=60520\" class=\"wp-image-60520\" \/><figcaption> Jane Franz, de 22 anos <\/figcaption><\/figure><\/li><li class=\"blocks-gallery-item\"><figure><img loading=\"lazy\" decoding=\"async\" width=\"901\" height=\"960\" src=\"https:\/\/folhapopular.info\/wp-content\/uploads\/2019\/10\/Keli-Hauschild.jpg\" alt=\"\" data-id=\"60521\" data-link=\"https:\/\/folhapopular.info\/?attachment_id=60521\" class=\"wp-image-60521\" srcset=\"https:\/\/folhapopular.info\/wp-content\/uploads\/2019\/10\/Keli-Hauschild.jpg 901w, https:\/\/folhapopular.info\/wp-content\/uploads\/2019\/10\/Keli-Hauschild-282x300.jpg 282w, https:\/\/folhapopular.info\/wp-content\/uploads\/2019\/10\/Keli-Hauschild-768x818.jpg 768w, https:\/\/folhapopular.info\/wp-content\/uploads\/2019\/10\/Keli-Hauschild-696x742.jpg 696w, https:\/\/folhapopular.info\/wp-content\/uploads\/2019\/10\/Keli-Hauschild-394x420.jpg 394w\" sizes=\"auto, (max-width: 901px) 100vw, 901px\" \/><figcaption> Keli Luana Hauschild, de 24 anos <\/figcaption><\/figure><\/li><li class=\"blocks-gallery-item\"><figure><img loading=\"lazy\" decoding=\"async\" width=\"741\" height=\"1024\" src=\"https:\/\/folhapopular.info\/wp-content\/uploads\/2019\/10\/Kelly-Hentges-741x1024.jpg\" alt=\"\" data-id=\"60522\" data-link=\"https:\/\/folhapopular.info\/?attachment_id=60522\" class=\"wp-image-60522\" \/><figcaption> Kelly Larissa Hentges, de 18 anos <\/figcaption><\/figure><\/li><li class=\"blocks-gallery-item\"><figure><img loading=\"lazy\" decoding=\"async\" width=\"768\" height=\"1024\" src=\"https:\/\/folhapopular.info\/wp-content\/uploads\/2019\/10\/Ketelyn-Veloso-768x1024.jpg\" alt=\"\" data-id=\"60523\" data-link=\"https:\/\/folhapopular.info\/?attachment_id=60523\" class=\"wp-image-60523\" \/><figcaption> K\u00e9telyn Veloso de Parodes, de 18 anos <\/figcaption><\/figure><\/li><li class=\"blocks-gallery-item\"><figure><img loading=\"lazy\" decoding=\"async\" width=\"768\" height=\"1024\" src=\"https:\/\/folhapopular.info\/wp-content\/uploads\/2019\/10\/Ketlin-Naiara-Gon\u00e7alves-768x1024.jpg\" alt=\"\" data-id=\"60524\" data-link=\"https:\/\/folhapopular.info\/?attachment_id=60524\" class=\"wp-image-60524\" \/><figcaption> Ketlin Naiara Gon\u00e7alves, de 18 anos <\/figcaption><\/figure><\/li><li class=\"blocks-gallery-item\"><figure><img loading=\"lazy\" decoding=\"async\" width=\"731\" height=\"1024\" src=\"https:\/\/folhapopular.info\/wp-content\/uploads\/2019\/10\/Larissa-da-Cruz-731x1024.jpg\" alt=\"\" data-id=\"60525\" data-link=\"https:\/\/folhapopular.info\/?attachment_id=60525\" class=\"wp-image-60525\" \/><figcaption> Larissa Cristina da Cruz, de 18 anos <\/figcaption><\/figure><\/li><li class=\"blocks-gallery-item\"><figure><img decoding=\"async\" src=\"https:\/\/folhapopular.info\/wp-content\/uploads\/2019\/10\/Nicole-Lagemann.png\" alt=\"\" data-id=\"60526\" data-link=\"https:\/\/folhapopular.info\/?attachment_id=60526\" class=\"wp-image-60526\" \/><figcaption> Nicole Laura Tomazini Lagemann, de 15 anos <\/figcaption><\/figure><\/li><li class=\"blocks-gallery-item\"><figure><img loading=\"lazy\" decoding=\"async\" width=\"768\" height=\"1024\" src=\"https:\/\/folhapopular.info\/wp-content\/uploads\/2019\/10\/Vanessa-Maiara-Galzer-768x1024.jpeg\" alt=\"\" data-id=\"60527\" data-link=\"https:\/\/folhapopular.info\/?attachment_id=60527\" class=\"wp-image-60527\" \/><figcaption> Vanessa Maiara G\u00e4lzer, de 22 anos <\/figcaption><\/figure><\/li><li class=\"blocks-gallery-item\"><figure><img loading=\"lazy\" decoding=\"async\" width=\"926\" height=\"1024\" src=\"https:\/\/folhapopular.info\/wp-content\/uploads\/2019\/10\/Viviane-Lagemann-926x1024.jpg\" alt=\"\" data-id=\"60528\" data-link=\"https:\/\/folhapopular.info\/?attachment_id=60528\" class=\"wp-image-60528\" \/><figcaption> Viviane Lagemann, de 22 anos <\/figcaption><\/figure><\/li><li class=\"blocks-gallery-item\"><figure><img loading=\"lazy\" decoding=\"async\" width=\"768\" height=\"1024\" src=\"https:\/\/folhapopular.info\/wp-content\/uploads\/2019\/10\/Eloiza-Brand\u00e3o-768x1024.jpg\" alt=\"\" data-id=\"60529\" data-link=\"https:\/\/folhapopular.info\/?attachment_id=60529\" class=\"wp-image-60529\" \/><figcaption> Eloiza Brand\u00e3o da Silva, de 19 anos <\/figcaption><\/figure><\/li><\/ul>\n","protected":false},"excerpt":{"rendered":"<p>At\u00e9 o dia 7 de novembro, as 11 candidatas que concorrem&nbsp;\u00e0 corte&nbsp;de Teut\u00f4nia 2020\/2021 participam de diversas atividades preparat\u00f3rias para o Concurso de Soberanas. A nova corte ser\u00e1 escolhida&nbsp;no&nbsp;dia 8 de novembro, a partir das 19h, na Associa\u00e7\u00e3o Pr\u00f3-Desenvolvimento Languiru (Associa\u00e7\u00e3o da \u00c1gua). A primeira-dama de Teut\u00f4nia, Jaqueline Musskopf, acredita que ser soberana \u00e9 representar [&hellip;]<\/p>\n","protected":false},"author":8,"featured_media":60518,"comment_status":"open","ping_status":"open","sticky":false,"template":"","format":"standard","meta":{"pmpro_default_level":"","_jetpack_memberships_contains_paid_content":false,"footnotes":""},"categories":[2,6],"tags":[873,5071,26],"class_list":{"0":"post-60517","1":"post","2":"type-post","3":"status-publish","4":"format-standard","5":"has-post-thumbnail","7":"category-featured","8":"category-inclusive","9":"tag-concurso","10":"tag-soberanas-de-teutonia","11":"tag-teutonia","12":"pmpro-has-access"},"yoast_head":"<!-- This site is optimized with the Yoast SEO plugin v27.5 - https:\/\/yoast.com\/product\/yoast-seo-wordpress\/ -->\n<title>Candidatas a soberanas de Teut\u00f4nia iniciam prepara\u00e7\u00e3o - Folha Popular<\/title>\n<meta name=\"robots\" content=\"index, follow, max-snippet:-1, max-image-preview:large, max-video-preview:-1\" \/>\n<link rel=\"canonical\" href=\"https:\/\/folhapopular.info\/index.php\/2019\/10\/23\/candidatas-a-soberanas-de-teutonia-iniciam-preparacao\/\" \/>\n<meta property=\"og:locale\" content=\"pt_BR\" \/>\n<meta property=\"og:type\" content=\"article\" \/>\n<meta property=\"og:title\" content=\"Candidatas a soberanas de Teut\u00f4nia iniciam prepara\u00e7\u00e3o - Folha Popular\" \/>\n<meta property=\"og:description\" content=\"At\u00e9 o dia 7 de novembro, as 11 candidatas que concorrem&nbsp;\u00e0 corte&nbsp;de Teut\u00f4nia 2020\/2021 participam de diversas atividades preparat\u00f3rias para o Concurso de Soberanas. A nova corte ser\u00e1 escolhida&nbsp;no&nbsp;dia 8 de novembro, a partir das 19h, na Associa\u00e7\u00e3o Pr\u00f3-Desenvolvimento Languiru (Associa\u00e7\u00e3o da \u00c1gua). A primeira-dama de Teut\u00f4nia, Jaqueline Musskopf, acredita que ser soberana \u00e9 representar [&hellip;]\" \/>\n<meta property=\"og:url\" content=\"https:\/\/folhapopular.info\/index.php\/2019\/10\/23\/candidatas-a-soberanas-de-teutonia-iniciam-preparacao\/\" \/>\n<meta property=\"og:site_name\" content=\"Folha Popular\" \/>\n<meta property=\"article:published_time\" content=\"2019-10-23T17:20:04+00:00\" \/>\n<meta property=\"article:modified_time\" content=\"2019-10-23T19:37:30+00:00\" \/>\n<meta property=\"og:image\" content=\"https:\/\/folhapopular.info\/wp-content\/uploads\/2019\/10\/Na-ter\u00e7a-feira-dia-22-foi-a-vez-de-outras-candidatas-iniciarem-a-prepara\u00e7\u00e3o-com-visita-ao-Lar-Trindade-e1571848475759.jpg\" \/>\n\t<meta property=\"og:image:width\" content=\"800\" \/>\n\t<meta property=\"og:image:height\" content=\"600\" \/>\n\t<meta property=\"og:image:type\" content=\"image\/jpeg\" \/>\n<meta name=\"author\" content=\"Reda\u00e7\u00e3o Folha Popular\" \/>\n<meta name=\"twitter:card\" content=\"summary_large_image\" \/>\n<meta name=\"twitter:label1\" content=\"Escrito por\" \/>\n\t<meta name=\"twitter:data1\" content=\"Reda\u00e7\u00e3o Folha Popular\" \/>\n\t<meta name=\"twitter:label2\" content=\"Est. tempo de leitura\" \/>\n\t<meta name=\"twitter:data2\" content=\"2 minutos\" \/>\n<script type=\"application\/ld+json\" class=\"yoast-schema-graph\">{\"@context\":\"https:\\\/\\\/schema.org\",\"@graph\":[{\"@type\":\"Article\",\"@id\":\"https:\\\/\\\/folhapopular.info\\\/index.php\\\/2019\\\/10\\\/23\\\/candidatas-a-soberanas-de-teutonia-iniciam-preparacao\\\/#article\",\"isPartOf\":{\"@id\":\"https:\\\/\\\/folhapopular.info\\\/index.php\\\/2019\\\/10\\\/23\\\/candidatas-a-soberanas-de-teutonia-iniciam-preparacao\\\/\"},\"author\":{\"name\":\"Reda\u00e7\u00e3o Folha Popular\",\"@id\":\"https:\\\/\\\/folhapopular.info\\\/#\\\/schema\\\/person\\\/2814e8a0df7643585a9ca38bc6eb9d4b\"},\"headline\":\"Candidatas a soberanas de Teut\u00f4nia iniciam prepara\u00e7\u00e3o\",\"datePublished\":\"2019-10-23T17:20:04+00:00\",\"dateModified\":\"2019-10-23T19:37:30+00:00\",\"mainEntityOfPage\":{\"@id\":\"https:\\\/\\\/folhapopular.info\\\/index.php\\\/2019\\\/10\\\/23\\\/candidatas-a-soberanas-de-teutonia-iniciam-preparacao\\\/\"},\"wordCount\":436,\"commentCount\":0,\"image\":{\"@id\":\"https:\\\/\\\/folhapopular.info\\\/index.php\\\/2019\\\/10\\\/23\\\/candidatas-a-soberanas-de-teutonia-iniciam-preparacao\\\/#primaryimage\"},\"thumbnailUrl\":\"https:\\\/\\\/folhapopular.info\\\/wp-content\\\/uploads\\\/2019\\\/10\\\/Na-ter\u00e7a-feira-dia-22-foi-a-vez-de-outras-candidatas-iniciarem-a-prepara\u00e7\u00e3o-com-visita-ao-Lar-Trindade-e1571848475759.jpg\",\"keywords\":[\"Concurso\",\"Soberanas de Teut\u00f4nia\",\"Teut\u00f4nia\"],\"articleSection\":[\"Destaques\",\"Inclusive\"],\"inLanguage\":\"pt-BR\",\"potentialAction\":[{\"@type\":\"CommentAction\",\"name\":\"Comment\",\"target\":[\"https:\\\/\\\/folhapopular.info\\\/index.php\\\/2019\\\/10\\\/23\\\/candidatas-a-soberanas-de-teutonia-iniciam-preparacao\\\/#respond\"]}]},{\"@type\":\"WebPage\",\"@id\":\"https:\\\/\\\/folhapopular.info\\\/index.php\\\/2019\\\/10\\\/23\\\/candidatas-a-soberanas-de-teutonia-iniciam-preparacao\\\/\",\"url\":\"https:\\\/\\\/folhapopular.info\\\/index.php\\\/2019\\\/10\\\/23\\\/candidatas-a-soberanas-de-teutonia-iniciam-preparacao\\\/\",\"name\":\"Candidatas a soberanas de Teut\u00f4nia iniciam prepara\u00e7\u00e3o - Folha Popular\",\"isPartOf\":{\"@id\":\"https:\\\/\\\/folhapopular.info\\\/#website\"},\"primaryImageOfPage\":{\"@id\":\"https:\\\/\\\/folhapopular.info\\\/index.php\\\/2019\\\/10\\\/23\\\/candidatas-a-soberanas-de-teutonia-iniciam-preparacao\\\/#primaryimage\"},\"image\":{\"@id\":\"https:\\\/\\\/folhapopular.info\\\/index.php\\\/2019\\\/10\\\/23\\\/candidatas-a-soberanas-de-teutonia-iniciam-preparacao\\\/#primaryimage\"},\"thumbnailUrl\":\"https:\\\/\\\/folhapopular.info\\\/wp-content\\\/uploads\\\/2019\\\/10\\\/Na-ter\u00e7a-feira-dia-22-foi-a-vez-de-outras-candidatas-iniciarem-a-prepara\u00e7\u00e3o-com-visita-ao-Lar-Trindade-e1571848475759.jpg\",\"datePublished\":\"2019-10-23T17:20:04+00:00\",\"dateModified\":\"2019-10-23T19:37:30+00:00\",\"author\":{\"@id\":\"https:\\\/\\\/folhapopular.info\\\/#\\\/schema\\\/person\\\/2814e8a0df7643585a9ca38bc6eb9d4b\"},\"breadcrumb\":{\"@id\":\"https:\\\/\\\/folhapopular.info\\\/index.php\\\/2019\\\/10\\\/23\\\/candidatas-a-soberanas-de-teutonia-iniciam-preparacao\\\/#breadcrumb\"},\"inLanguage\":\"pt-BR\",\"potentialAction\":[{\"@type\":\"ReadAction\",\"target\":[\"https:\\\/\\\/folhapopular.info\\\/index.php\\\/2019\\\/10\\\/23\\\/candidatas-a-soberanas-de-teutonia-iniciam-preparacao\\\/\"]}]},{\"@type\":\"ImageObject\",\"inLanguage\":\"pt-BR\",\"@id\":\"https:\\\/\\\/folhapopular.info\\\/index.php\\\/2019\\\/10\\\/23\\\/candidatas-a-soberanas-de-teutonia-iniciam-preparacao\\\/#primaryimage\",\"url\":\"https:\\\/\\\/folhapopular.info\\\/wp-content\\\/uploads\\\/2019\\\/10\\\/Na-ter\u00e7a-feira-dia-22-foi-a-vez-de-outras-candidatas-iniciarem-a-prepara\u00e7\u00e3o-com-visita-ao-Lar-Trindade-e1571848475759.jpg\",\"contentUrl\":\"https:\\\/\\\/folhapopular.info\\\/wp-content\\\/uploads\\\/2019\\\/10\\\/Na-ter\u00e7a-feira-dia-22-foi-a-vez-de-outras-candidatas-iniciarem-a-prepara\u00e7\u00e3o-com-visita-ao-Lar-Trindade-e1571848475759.jpg\",\"width\":800,\"height\":600,\"caption\":\"Na ter\u00e7a-feira, dia 22, foi a vez de outras candidatas iniciarem a prepara\u00e7\u00e3o, com visita ao Lar Trindade\"},{\"@type\":\"BreadcrumbList\",\"@id\":\"https:\\\/\\\/folhapopular.info\\\/index.php\\\/2019\\\/10\\\/23\\\/candidatas-a-soberanas-de-teutonia-iniciam-preparacao\\\/#breadcrumb\",\"itemListElement\":[{\"@type\":\"ListItem\",\"position\":1,\"name\":\"In\u00edcio\",\"item\":\"https:\\\/\\\/folhapopular.info\\\/\"},{\"@type\":\"ListItem\",\"position\":2,\"name\":\"Candidatas a soberanas de Teut\u00f4nia iniciam prepara\u00e7\u00e3o\"}]},{\"@type\":\"WebSite\",\"@id\":\"https:\\\/\\\/folhapopular.info\\\/#website\",\"url\":\"https:\\\/\\\/folhapopular.info\\\/\",\"name\":\"Folha Popular\",\"description\":\"Onde voc\u00ea tem vez e voz\",\"potentialAction\":[{\"@type\":\"SearchAction\",\"target\":{\"@type\":\"EntryPoint\",\"urlTemplate\":\"https:\\\/\\\/folhapopular.info\\\/?s={search_term_string}\"},\"query-input\":{\"@type\":\"PropertyValueSpecification\",\"valueRequired\":true,\"valueName\":\"search_term_string\"}}],\"inLanguage\":\"pt-BR\"},{\"@type\":\"Person\",\"@id\":\"https:\\\/\\\/folhapopular.info\\\/#\\\/schema\\\/person\\\/2814e8a0df7643585a9ca38bc6eb9d4b\",\"name\":\"Reda\u00e7\u00e3o Folha Popular\",\"image\":{\"@type\":\"ImageObject\",\"inLanguage\":\"pt-BR\",\"@id\":\"https:\\\/\\\/folhapopular.info\\\/wp-content\\\/uploads\\\/2026\\\/04\\\/Folha-1.webp\",\"url\":\"https:\\\/\\\/folhapopular.info\\\/wp-content\\\/uploads\\\/2026\\\/04\\\/Folha-1.webp\",\"contentUrl\":\"https:\\\/\\\/folhapopular.info\\\/wp-content\\\/uploads\\\/2026\\\/04\\\/Folha-1.webp\",\"caption\":\"Reda\u00e7\u00e3o Folha Popular\"},\"url\":\"https:\\\/\\\/folhapopular.info\\\/index.php\\\/author\\\/redacao\\\/\"}]}<\/script>\n<!-- \/ Yoast SEO plugin. -->","yoast_head_json":{"title":"Candidatas a soberanas de Teut\u00f4nia iniciam prepara\u00e7\u00e3o - Folha Popular","robots":{"index":"index","follow":"follow","max-snippet":"max-snippet:-1","max-image-preview":"max-image-preview:large","max-video-preview":"max-video-preview:-1"},"canonical":"https:\/\/folhapopular.info\/index.php\/2019\/10\/23\/candidatas-a-soberanas-de-teutonia-iniciam-preparacao\/","og_locale":"pt_BR","og_type":"article","og_title":"Candidatas a soberanas de Teut\u00f4nia iniciam prepara\u00e7\u00e3o - Folha Popular","og_description":"At\u00e9 o dia 7 de novembro, as 11 candidatas que concorrem&nbsp;\u00e0 corte&nbsp;de Teut\u00f4nia 2020\/2021 participam de diversas atividades preparat\u00f3rias para o Concurso de Soberanas. A nova corte ser\u00e1 escolhida&nbsp;no&nbsp;dia 8 de novembro, a partir das 19h, na Associa\u00e7\u00e3o Pr\u00f3-Desenvolvimento Languiru (Associa\u00e7\u00e3o da \u00c1gua). A primeira-dama de Teut\u00f4nia, Jaqueline Musskopf, acredita que ser soberana \u00e9 representar [&hellip;]","og_url":"https:\/\/folhapopular.info\/index.php\/2019\/10\/23\/candidatas-a-soberanas-de-teutonia-iniciam-preparacao\/","og_site_name":"Folha Popular","article_published_time":"2019-10-23T17:20:04+00:00","article_modified_time":"2019-10-23T19:37:30+00:00","og_image":[{"width":800,"height":600,"url":"https:\/\/folhapopular.info\/wp-content\/uploads\/2019\/10\/Na-ter\u00e7a-feira-dia-22-foi-a-vez-de-outras-candidatas-iniciarem-a-prepara\u00e7\u00e3o-com-visita-ao-Lar-Trindade-e1571848475759.jpg","type":"image\/jpeg"}],"author":"Reda\u00e7\u00e3o Folha Popular","twitter_card":"summary_large_image","twitter_misc":{"Escrito por":"Reda\u00e7\u00e3o Folha Popular","Est. tempo de leitura":"2 minutos"},"schema":{"@context":"https:\/\/schema.org","@graph":[{"@type":"Article","@id":"https:\/\/folhapopular.info\/index.php\/2019\/10\/23\/candidatas-a-soberanas-de-teutonia-iniciam-preparacao\/#article","isPartOf":{"@id":"https:\/\/folhapopular.info\/index.php\/2019\/10\/23\/candidatas-a-soberanas-de-teutonia-iniciam-preparacao\/"},"author":{"name":"Reda\u00e7\u00e3o Folha Popular","@id":"https:\/\/folhapopular.info\/#\/schema\/person\/2814e8a0df7643585a9ca38bc6eb9d4b"},"headline":"Candidatas a soberanas de Teut\u00f4nia iniciam prepara\u00e7\u00e3o","datePublished":"2019-10-23T17:20:04+00:00","dateModified":"2019-10-23T19:37:30+00:00","mainEntityOfPage":{"@id":"https:\/\/folhapopular.info\/index.php\/2019\/10\/23\/candidatas-a-soberanas-de-teutonia-iniciam-preparacao\/"},"wordCount":436,"commentCount":0,"image":{"@id":"https:\/\/folhapopular.info\/index.php\/2019\/10\/23\/candidatas-a-soberanas-de-teutonia-iniciam-preparacao\/#primaryimage"},"thumbnailUrl":"https:\/\/folhapopular.info\/wp-content\/uploads\/2019\/10\/Na-ter\u00e7a-feira-dia-22-foi-a-vez-de-outras-candidatas-iniciarem-a-prepara\u00e7\u00e3o-com-visita-ao-Lar-Trindade-e1571848475759.jpg","keywords":["Concurso","Soberanas de Teut\u00f4nia","Teut\u00f4nia"],"articleSection":["Destaques","Inclusive"],"inLanguage":"pt-BR","potentialAction":[{"@type":"CommentAction","name":"Comment","target":["https:\/\/folhapopular.info\/index.php\/2019\/10\/23\/candidatas-a-soberanas-de-teutonia-iniciam-preparacao\/#respond"]}]},{"@type":"WebPage","@id":"https:\/\/folhapopular.info\/index.php\/2019\/10\/23\/candidatas-a-soberanas-de-teutonia-iniciam-preparacao\/","url":"https:\/\/folhapopular.info\/index.php\/2019\/10\/23\/candidatas-a-soberanas-de-teutonia-iniciam-preparacao\/","name":"Candidatas a soberanas de Teut\u00f4nia iniciam prepara\u00e7\u00e3o - Folha Popular","isPartOf":{"@id":"https:\/\/folhapopular.info\/#website"},"primaryImageOfPage":{"@id":"https:\/\/folhapopular.info\/index.php\/2019\/10\/23\/candidatas-a-soberanas-de-teutonia-iniciam-preparacao\/#primaryimage"},"image":{"@id":"https:\/\/folhapopular.info\/index.php\/2019\/10\/23\/candidatas-a-soberanas-de-teutonia-iniciam-preparacao\/#primaryimage"},"thumbnailUrl":"https:\/\/folhapopular.info\/wp-content\/uploads\/2019\/10\/Na-ter\u00e7a-feira-dia-22-foi-a-vez-de-outras-candidatas-iniciarem-a-prepara\u00e7\u00e3o-com-visita-ao-Lar-Trindade-e1571848475759.jpg","datePublished":"2019-10-23T17:20:04+00:00","dateModified":"2019-10-23T19:37:30+00:00","author":{"@id":"https:\/\/folhapopular.info\/#\/schema\/person\/2814e8a0df7643585a9ca38bc6eb9d4b"},"breadcrumb":{"@id":"https:\/\/folhapopular.info\/index.php\/2019\/10\/23\/candidatas-a-soberanas-de-teutonia-iniciam-preparacao\/#breadcrumb"},"inLanguage":"pt-BR","potentialAction":[{"@type":"ReadAction","target":["https:\/\/folhapopular.info\/index.php\/2019\/10\/23\/candidatas-a-soberanas-de-teutonia-iniciam-preparacao\/"]}]},{"@type":"ImageObject","inLanguage":"pt-BR","@id":"https:\/\/folhapopular.info\/index.php\/2019\/10\/23\/candidatas-a-soberanas-de-teutonia-iniciam-preparacao\/#primaryimage","url":"https:\/\/folhapopular.info\/wp-content\/uploads\/2019\/10\/Na-ter\u00e7a-feira-dia-22-foi-a-vez-de-outras-candidatas-iniciarem-a-prepara\u00e7\u00e3o-com-visita-ao-Lar-Trindade-e1571848475759.jpg","contentUrl":"https:\/\/folhapopular.info\/wp-content\/uploads\/2019\/10\/Na-ter\u00e7a-feira-dia-22-foi-a-vez-de-outras-candidatas-iniciarem-a-prepara\u00e7\u00e3o-com-visita-ao-Lar-Trindade-e1571848475759.jpg","width":800,"height":600,"caption":"Na ter\u00e7a-feira, dia 22, foi a vez de outras candidatas iniciarem a prepara\u00e7\u00e3o, com visita ao Lar Trindade"},{"@type":"BreadcrumbList","@id":"https:\/\/folhapopular.info\/index.php\/2019\/10\/23\/candidatas-a-soberanas-de-teutonia-iniciam-preparacao\/#breadcrumb","itemListElement":[{"@type":"ListItem","position":1,"name":"In\u00edcio","item":"https:\/\/folhapopular.info\/"},{"@type":"ListItem","position":2,"name":"Candidatas a soberanas de Teut\u00f4nia iniciam prepara\u00e7\u00e3o"}]},{"@type":"WebSite","@id":"https:\/\/folhapopular.info\/#website","url":"https:\/\/folhapopular.info\/","name":"Folha Popular","description":"Onde voc\u00ea tem vez e voz","potentialAction":[{"@type":"SearchAction","target":{"@type":"EntryPoint","urlTemplate":"https:\/\/folhapopular.info\/?s={search_term_string}"},"query-input":{"@type":"PropertyValueSpecification","valueRequired":true,"valueName":"search_term_string"}}],"inLanguage":"pt-BR"},{"@type":"Person","@id":"https:\/\/folhapopular.info\/#\/schema\/person\/2814e8a0df7643585a9ca38bc6eb9d4b","name":"Reda\u00e7\u00e3o Folha Popular","image":{"@type":"ImageObject","inLanguage":"pt-BR","@id":"https:\/\/folhapopular.info\/wp-content\/uploads\/2026\/04\/Folha-1.webp","url":"https:\/\/folhapopular.info\/wp-content\/uploads\/2026\/04\/Folha-1.webp","contentUrl":"https:\/\/folhapopular.info\/wp-content\/uploads\/2026\/04\/Folha-1.webp","caption":"Reda\u00e7\u00e3o Folha Popular"},"url":"https:\/\/folhapopular.info\/index.php\/author\/redacao\/"}]}},"jetpack_featured_media_url":"https:\/\/folhapopular.info\/wp-content\/uploads\/2019\/10\/Na-ter\u00e7a-feira-dia-22-foi-a-vez-de-outras-candidatas-iniciarem-a-prepara\u00e7\u00e3o-com-visita-ao-Lar-Trindade-e1571848475759.jpg","jetpack_sharing_enabled":true,"amp_enabled":true,"_links":{"self":[{"href":"https:\/\/folhapopular.info\/index.php\/wp-json\/wp\/v2\/posts\/60517","targetHints":{"allow":["GET"]}}],"collection":[{"href":"https:\/\/folhapopular.info\/index.php\/wp-json\/wp\/v2\/posts"}],"about":[{"href":"https:\/\/folhapopular.info\/index.php\/wp-json\/wp\/v2\/types\/post"}],"author":[{"embeddable":true,"href":"https:\/\/folhapopular.info\/index.php\/wp-json\/wp\/v2\/users\/8"}],"replies":[{"embeddable":true,"href":"https:\/\/folhapopular.info\/index.php\/wp-json\/wp\/v2\/comments?post=60517"}],"version-history":[{"count":0,"href":"https:\/\/folhapopular.info\/index.php\/wp-json\/wp\/v2\/posts\/60517\/revisions"}],"wp:featuredmedia":[{"embeddable":true,"href":"https:\/\/folhapopular.info\/index.php\/wp-json\/wp\/v2\/media\/60518"}],"wp:attachment":[{"href":"https:\/\/folhapopular.info\/index.php\/wp-json\/wp\/v2\/media?parent=60517"}],"wp:term":[{"taxonomy":"category","embeddable":true,"href":"https:\/\/folhapopular.info\/index.php\/wp-json\/wp\/v2\/categories?post=60517"},{"taxonomy":"post_tag","embeddable":true,"href":"https:\/\/folhapopular.info\/index.php\/wp-json\/wp\/v2\/tags?post=60517"}],"curies":[{"name":"wp","href":"https:\/\/api.w.org\/{rel}","templated":true}]}}