{"id":60632,"date":"2019-10-25T10:20:32","date_gmt":"2019-10-25T13:20:32","guid":{"rendered":"https:\/\/folhapopular.info\/?p=60632"},"modified":"2019-10-25T06:37:30","modified_gmt":"2019-10-25T09:37:30","slug":"lancado-edital-para-reforma-e-ampliacao-da-prefeitura-de-lajeado","status":"publish","type":"post","link":"https:\/\/folhapopular.info\/index.php\/2019\/10\/25\/lancado-edital-para-reforma-e-ampliacao-da-prefeitura-de-lajeado\/","title":{"rendered":"Lan\u00e7ado edital para reforma e amplia\u00e7\u00e3o da Prefeitura de Lajeado"},"content":{"rendered":"\n<p>O Executivo lajeadense lan\u00e7ou recentemente o edital de licita\u00e7\u00e3o que objetiva selecionar a empresa respons\u00e1vel pela execu\u00e7\u00e3o das obras de reforma e amplia\u00e7\u00e3o do pr\u00e9dio da prefeitura. A concorr\u00eancia n\u00ba 05-03\/2019 receber\u00e1 as propostas no dia 25\/11\/2019, \u00e0s 9h, na sala de licita\u00e7\u00f5es da prefeitura. O prazo para conclus\u00e3o da obra ser\u00e1 de seis meses, a partir da ordem de in\u00edcio dos servi\u00e7os.<\/p>\n\n\n\n<p>A proposta \u00e9 que a reforma ocorra em duas etapas. A primeira delas se daria na parte externa, trazendo novos elementos para a fachada e substituindo os brises existentes, j\u00e1 desgastados. A segunda etapa consistiria na reforma da parte interna do pr\u00e9dio. A reforma ser\u00e1 custeada com recursos origin\u00e1rios da venda da folha de pagamento, realizada em 2018 mediante processo licitat\u00f3rio, ou seja, o recurso n\u00e3o se origina do pagamento de impostos por parte da sociedade e n\u00e3o retira investimentos de outros setores do munic\u00edpio.<\/p>\n\n\n\n<p>Saiba mais<\/p>\n\n\n\n<p>O Centro Administrativo do munic\u00edpio de Lajeado, localizado na Rua Coronel Julio May, teve a sua constru\u00e7\u00e3o iniciada no ano de 1982 e desde ent\u00e3o nunca passou por uma reforma completa. Por anos esquecida, a sede sofreu apenas reparos pontuais e atualmente n\u00e3o condiz com a import\u00e2ncia da institui\u00e7\u00e3o e a representatividade que tem para o munic\u00edpio e regi\u00e3o.<\/p>\n\n\n\n<p>Diante disso, no in\u00edcio de 2019, foi realizado um processo licitat\u00f3rio para contrata\u00e7\u00e3o de empresa para realizar o projeto de reforma total da constru\u00e7\u00e3o. A reforma do Centro Administrativo segue as diretrizes do projeto de revitaliza\u00e7\u00e3o do Centro Hist\u00f3rico, idealizado com a cria\u00e7\u00e3o do Comit\u00ea Gestor de Revitaliza\u00e7\u00e3o do Centro Hist\u00f3rico em 2012 (Lei 8.903\/2012).<\/p>\n","protected":false},"excerpt":{"rendered":"<p>O Executivo lajeadense lan\u00e7ou recentemente o edital de licita\u00e7\u00e3o que objetiva selecionar a empresa respons\u00e1vel pela execu\u00e7\u00e3o das obras de reforma e amplia\u00e7\u00e3o do pr\u00e9dio da prefeitura. A concorr\u00eancia n\u00ba 05-03\/2019 receber\u00e1 as propostas no dia 25\/11\/2019, \u00e0s 9h, na sala de licita\u00e7\u00f5es da prefeitura. O prazo para conclus\u00e3o da obra ser\u00e1 de seis meses, [&hellip;]<\/p>\n","protected":false},"author":8,"featured_media":60633,"comment_status":"open","ping_status":"open","sticky":false,"template":"","format":"standard","meta":{"pmpro_default_level":"","_jetpack_memberships_contains_paid_content":false,"footnotes":""},"categories":[2,3],"tags":[3347,27,1855],"class_list":{"0":"post-60632","1":"post","2":"type-post","3":"status-publish","4":"format-standard","5":"has-post-thumbnail","7":"category-featured","8":"category-geral","9":"tag-ampliacao","10":"tag-lajeado","11":"tag-prefeitura","12":"pmpro-has-access"},"yoast_head":"<!-- This site is optimized with the Yoast SEO plugin v27.5 - https:\/\/yoast.com\/product\/yoast-seo-wordpress\/ -->\n<title>Lan\u00e7ado edital para reforma e amplia\u00e7\u00e3o da Prefeitura de Lajeado - Folha Popular<\/title>\n<meta name=\"robots\" content=\"index, follow, max-snippet:-1, max-image-preview:large, max-video-preview:-1\" \/>\n<link rel=\"canonical\" href=\"https:\/\/folhapopular.info\/index.php\/2019\/10\/25\/lancado-edital-para-reforma-e-ampliacao-da-prefeitura-de-lajeado\/\" \/>\n<meta property=\"og:locale\" content=\"pt_BR\" \/>\n<meta property=\"og:type\" content=\"article\" \/>\n<meta property=\"og:title\" content=\"Lan\u00e7ado edital para reforma e amplia\u00e7\u00e3o da Prefeitura de Lajeado - Folha Popular\" \/>\n<meta property=\"og:description\" content=\"O Executivo lajeadense lan\u00e7ou recentemente o edital de licita\u00e7\u00e3o que objetiva selecionar a empresa respons\u00e1vel pela execu\u00e7\u00e3o das obras de reforma e amplia\u00e7\u00e3o do pr\u00e9dio da prefeitura. A concorr\u00eancia n\u00ba 05-03\/2019 receber\u00e1 as propostas no dia 25\/11\/2019, \u00e0s 9h, na sala de licita\u00e7\u00f5es da prefeitura. O prazo para conclus\u00e3o da obra ser\u00e1 de seis meses, [&hellip;]\" \/>\n<meta property=\"og:url\" content=\"https:\/\/folhapopular.info\/index.php\/2019\/10\/25\/lancado-edital-para-reforma-e-ampliacao-da-prefeitura-de-lajeado\/\" \/>\n<meta property=\"og:site_name\" content=\"Folha Popular\" \/>\n<meta property=\"article:published_time\" content=\"2019-10-25T13:20:32+00:00\" \/>\n<meta property=\"og:image\" content=\"https:\/\/folhapopular.info\/wp-content\/uploads\/2019\/10\/Fachada-diagonal-e1571996197337.jpg\" \/>\n\t<meta property=\"og:image:width\" content=\"800\" \/>\n\t<meta property=\"og:image:height\" content=\"450\" \/>\n\t<meta property=\"og:image:type\" content=\"image\/jpeg\" \/>\n<meta name=\"author\" content=\"Reda\u00e7\u00e3o Folha Popular\" \/>\n<meta name=\"twitter:card\" content=\"summary_large_image\" \/>\n<meta name=\"twitter:label1\" content=\"Escrito por\" \/>\n\t<meta name=\"twitter:data1\" content=\"Reda\u00e7\u00e3o Folha Popular\" \/>\n\t<meta name=\"twitter:label2\" content=\"Est. tempo de leitura\" \/>\n\t<meta name=\"twitter:data2\" content=\"1 minuto\" \/>\n<script type=\"application\/ld+json\" class=\"yoast-schema-graph\">{\"@context\":\"https:\\\/\\\/schema.org\",\"@graph\":[{\"@type\":\"Article\",\"@id\":\"https:\\\/\\\/folhapopular.info\\\/index.php\\\/2019\\\/10\\\/25\\\/lancado-edital-para-reforma-e-ampliacao-da-prefeitura-de-lajeado\\\/#article\",\"isPartOf\":{\"@id\":\"https:\\\/\\\/folhapopular.info\\\/index.php\\\/2019\\\/10\\\/25\\\/lancado-edital-para-reforma-e-ampliacao-da-prefeitura-de-lajeado\\\/\"},\"author\":{\"name\":\"Reda\u00e7\u00e3o Folha Popular\",\"@id\":\"https:\\\/\\\/folhapopular.info\\\/#\\\/schema\\\/person\\\/2814e8a0df7643585a9ca38bc6eb9d4b\"},\"headline\":\"Lan\u00e7ado edital para reforma e amplia\u00e7\u00e3o da Prefeitura de Lajeado\",\"datePublished\":\"2019-10-25T13:20:32+00:00\",\"mainEntityOfPage\":{\"@id\":\"https:\\\/\\\/folhapopular.info\\\/index.php\\\/2019\\\/10\\\/25\\\/lancado-edital-para-reforma-e-ampliacao-da-prefeitura-de-lajeado\\\/\"},\"wordCount\":303,\"commentCount\":0,\"image\":{\"@id\":\"https:\\\/\\\/folhapopular.info\\\/index.php\\\/2019\\\/10\\\/25\\\/lancado-edital-para-reforma-e-ampliacao-da-prefeitura-de-lajeado\\\/#primaryimage\"},\"thumbnailUrl\":\"https:\\\/\\\/folhapopular.info\\\/wp-content\\\/uploads\\\/2019\\\/10\\\/Fachada-diagonal-e1571996197337.jpg\",\"keywords\":[\"Amplia\u00e7\u00e3o\",\"Lajeado\",\"Prefeitura\"],\"articleSection\":[\"Destaques\",\"Geral\"],\"inLanguage\":\"pt-BR\",\"potentialAction\":[{\"@type\":\"CommentAction\",\"name\":\"Comment\",\"target\":[\"https:\\\/\\\/folhapopular.info\\\/index.php\\\/2019\\\/10\\\/25\\\/lancado-edital-para-reforma-e-ampliacao-da-prefeitura-de-lajeado\\\/#respond\"]}]},{\"@type\":\"WebPage\",\"@id\":\"https:\\\/\\\/folhapopular.info\\\/index.php\\\/2019\\\/10\\\/25\\\/lancado-edital-para-reforma-e-ampliacao-da-prefeitura-de-lajeado\\\/\",\"url\":\"https:\\\/\\\/folhapopular.info\\\/index.php\\\/2019\\\/10\\\/25\\\/lancado-edital-para-reforma-e-ampliacao-da-prefeitura-de-lajeado\\\/\",\"name\":\"Lan\u00e7ado edital para reforma e amplia\u00e7\u00e3o da Prefeitura de Lajeado - Folha Popular\",\"isPartOf\":{\"@id\":\"https:\\\/\\\/folhapopular.info\\\/#website\"},\"primaryImageOfPage\":{\"@id\":\"https:\\\/\\\/folhapopular.info\\\/index.php\\\/2019\\\/10\\\/25\\\/lancado-edital-para-reforma-e-ampliacao-da-prefeitura-de-lajeado\\\/#primaryimage\"},\"image\":{\"@id\":\"https:\\\/\\\/folhapopular.info\\\/index.php\\\/2019\\\/10\\\/25\\\/lancado-edital-para-reforma-e-ampliacao-da-prefeitura-de-lajeado\\\/#primaryimage\"},\"thumbnailUrl\":\"https:\\\/\\\/folhapopular.info\\\/wp-content\\\/uploads\\\/2019\\\/10\\\/Fachada-diagonal-e1571996197337.jpg\",\"datePublished\":\"2019-10-25T13:20:32+00:00\",\"author\":{\"@id\":\"https:\\\/\\\/folhapopular.info\\\/#\\\/schema\\\/person\\\/2814e8a0df7643585a9ca38bc6eb9d4b\"},\"breadcrumb\":{\"@id\":\"https:\\\/\\\/folhapopular.info\\\/index.php\\\/2019\\\/10\\\/25\\\/lancado-edital-para-reforma-e-ampliacao-da-prefeitura-de-lajeado\\\/#breadcrumb\"},\"inLanguage\":\"pt-BR\",\"potentialAction\":[{\"@type\":\"ReadAction\",\"target\":[\"https:\\\/\\\/folhapopular.info\\\/index.php\\\/2019\\\/10\\\/25\\\/lancado-edital-para-reforma-e-ampliacao-da-prefeitura-de-lajeado\\\/\"]}]},{\"@type\":\"ImageObject\",\"inLanguage\":\"pt-BR\",\"@id\":\"https:\\\/\\\/folhapopular.info\\\/index.php\\\/2019\\\/10\\\/25\\\/lancado-edital-para-reforma-e-ampliacao-da-prefeitura-de-lajeado\\\/#primaryimage\",\"url\":\"https:\\\/\\\/folhapopular.info\\\/wp-content\\\/uploads\\\/2019\\\/10\\\/Fachada-diagonal-e1571996197337.jpg\",\"contentUrl\":\"https:\\\/\\\/folhapopular.info\\\/wp-content\\\/uploads\\\/2019\\\/10\\\/Fachada-diagonal-e1571996197337.jpg\",\"width\":800,\"height\":450},{\"@type\":\"BreadcrumbList\",\"@id\":\"https:\\\/\\\/folhapopular.info\\\/index.php\\\/2019\\\/10\\\/25\\\/lancado-edital-para-reforma-e-ampliacao-da-prefeitura-de-lajeado\\\/#breadcrumb\",\"itemListElement\":[{\"@type\":\"ListItem\",\"position\":1,\"name\":\"In\u00edcio\",\"item\":\"https:\\\/\\\/folhapopular.info\\\/\"},{\"@type\":\"ListItem\",\"position\":2,\"name\":\"Lan\u00e7ado edital para reforma e amplia\u00e7\u00e3o da Prefeitura de Lajeado\"}]},{\"@type\":\"WebSite\",\"@id\":\"https:\\\/\\\/folhapopular.info\\\/#website\",\"url\":\"https:\\\/\\\/folhapopular.info\\\/\",\"name\":\"Folha Popular\",\"description\":\"Onde voc\u00ea tem vez e voz\",\"potentialAction\":[{\"@type\":\"SearchAction\",\"target\":{\"@type\":\"EntryPoint\",\"urlTemplate\":\"https:\\\/\\\/folhapopular.info\\\/?s={search_term_string}\"},\"query-input\":{\"@type\":\"PropertyValueSpecification\",\"valueRequired\":true,\"valueName\":\"search_term_string\"}}],\"inLanguage\":\"pt-BR\"},{\"@type\":\"Person\",\"@id\":\"https:\\\/\\\/folhapopular.info\\\/#\\\/schema\\\/person\\\/2814e8a0df7643585a9ca38bc6eb9d4b\",\"name\":\"Reda\u00e7\u00e3o Folha Popular\",\"image\":{\"@type\":\"ImageObject\",\"inLanguage\":\"pt-BR\",\"@id\":\"https:\\\/\\\/folhapopular.info\\\/wp-content\\\/uploads\\\/2026\\\/04\\\/Folha-1.webp\",\"url\":\"https:\\\/\\\/folhapopular.info\\\/wp-content\\\/uploads\\\/2026\\\/04\\\/Folha-1.webp\",\"contentUrl\":\"https:\\\/\\\/folhapopular.info\\\/wp-content\\\/uploads\\\/2026\\\/04\\\/Folha-1.webp\",\"caption\":\"Reda\u00e7\u00e3o Folha Popular\"},\"url\":\"https:\\\/\\\/folhapopular.info\\\/index.php\\\/author\\\/redacao\\\/\"}]}<\/script>\n<!-- \/ Yoast SEO plugin. -->","yoast_head_json":{"title":"Lan\u00e7ado edital para reforma e amplia\u00e7\u00e3o da Prefeitura de Lajeado - Folha Popular","robots":{"index":"index","follow":"follow","max-snippet":"max-snippet:-1","max-image-preview":"max-image-preview:large","max-video-preview":"max-video-preview:-1"},"canonical":"https:\/\/folhapopular.info\/index.php\/2019\/10\/25\/lancado-edital-para-reforma-e-ampliacao-da-prefeitura-de-lajeado\/","og_locale":"pt_BR","og_type":"article","og_title":"Lan\u00e7ado edital para reforma e amplia\u00e7\u00e3o da Prefeitura de Lajeado - Folha Popular","og_description":"O Executivo lajeadense lan\u00e7ou recentemente o edital de licita\u00e7\u00e3o que objetiva selecionar a empresa respons\u00e1vel pela execu\u00e7\u00e3o das obras de reforma e amplia\u00e7\u00e3o do pr\u00e9dio da prefeitura. A concorr\u00eancia n\u00ba 05-03\/2019 receber\u00e1 as propostas no dia 25\/11\/2019, \u00e0s 9h, na sala de licita\u00e7\u00f5es da prefeitura. O prazo para conclus\u00e3o da obra ser\u00e1 de seis meses, [&hellip;]","og_url":"https:\/\/folhapopular.info\/index.php\/2019\/10\/25\/lancado-edital-para-reforma-e-ampliacao-da-prefeitura-de-lajeado\/","og_site_name":"Folha Popular","article_published_time":"2019-10-25T13:20:32+00:00","og_image":[{"width":800,"height":450,"url":"https:\/\/folhapopular.info\/wp-content\/uploads\/2019\/10\/Fachada-diagonal-e1571996197337.jpg","type":"image\/jpeg"}],"author":"Reda\u00e7\u00e3o Folha Popular","twitter_card":"summary_large_image","twitter_misc":{"Escrito por":"Reda\u00e7\u00e3o Folha Popular","Est. tempo de leitura":"1 minuto"},"schema":{"@context":"https:\/\/schema.org","@graph":[{"@type":"Article","@id":"https:\/\/folhapopular.info\/index.php\/2019\/10\/25\/lancado-edital-para-reforma-e-ampliacao-da-prefeitura-de-lajeado\/#article","isPartOf":{"@id":"https:\/\/folhapopular.info\/index.php\/2019\/10\/25\/lancado-edital-para-reforma-e-ampliacao-da-prefeitura-de-lajeado\/"},"author":{"name":"Reda\u00e7\u00e3o Folha Popular","@id":"https:\/\/folhapopular.info\/#\/schema\/person\/2814e8a0df7643585a9ca38bc6eb9d4b"},"headline":"Lan\u00e7ado edital para reforma e amplia\u00e7\u00e3o da Prefeitura de Lajeado","datePublished":"2019-10-25T13:20:32+00:00","mainEntityOfPage":{"@id":"https:\/\/folhapopular.info\/index.php\/2019\/10\/25\/lancado-edital-para-reforma-e-ampliacao-da-prefeitura-de-lajeado\/"},"wordCount":303,"commentCount":0,"image":{"@id":"https:\/\/folhapopular.info\/index.php\/2019\/10\/25\/lancado-edital-para-reforma-e-ampliacao-da-prefeitura-de-lajeado\/#primaryimage"},"thumbnailUrl":"https:\/\/folhapopular.info\/wp-content\/uploads\/2019\/10\/Fachada-diagonal-e1571996197337.jpg","keywords":["Amplia\u00e7\u00e3o","Lajeado","Prefeitura"],"articleSection":["Destaques","Geral"],"inLanguage":"pt-BR","potentialAction":[{"@type":"CommentAction","name":"Comment","target":["https:\/\/folhapopular.info\/index.php\/2019\/10\/25\/lancado-edital-para-reforma-e-ampliacao-da-prefeitura-de-lajeado\/#respond"]}]},{"@type":"WebPage","@id":"https:\/\/folhapopular.info\/index.php\/2019\/10\/25\/lancado-edital-para-reforma-e-ampliacao-da-prefeitura-de-lajeado\/","url":"https:\/\/folhapopular.info\/index.php\/2019\/10\/25\/lancado-edital-para-reforma-e-ampliacao-da-prefeitura-de-lajeado\/","name":"Lan\u00e7ado edital para reforma e amplia\u00e7\u00e3o da Prefeitura de Lajeado - Folha Popular","isPartOf":{"@id":"https:\/\/folhapopular.info\/#website"},"primaryImageOfPage":{"@id":"https:\/\/folhapopular.info\/index.php\/2019\/10\/25\/lancado-edital-para-reforma-e-ampliacao-da-prefeitura-de-lajeado\/#primaryimage"},"image":{"@id":"https:\/\/folhapopular.info\/index.php\/2019\/10\/25\/lancado-edital-para-reforma-e-ampliacao-da-prefeitura-de-lajeado\/#primaryimage"},"thumbnailUrl":"https:\/\/folhapopular.info\/wp-content\/uploads\/2019\/10\/Fachada-diagonal-e1571996197337.jpg","datePublished":"2019-10-25T13:20:32+00:00","author":{"@id":"https:\/\/folhapopular.info\/#\/schema\/person\/2814e8a0df7643585a9ca38bc6eb9d4b"},"breadcrumb":{"@id":"https:\/\/folhapopular.info\/index.php\/2019\/10\/25\/lancado-edital-para-reforma-e-ampliacao-da-prefeitura-de-lajeado\/#breadcrumb"},"inLanguage":"pt-BR","potentialAction":[{"@type":"ReadAction","target":["https:\/\/folhapopular.info\/index.php\/2019\/10\/25\/lancado-edital-para-reforma-e-ampliacao-da-prefeitura-de-lajeado\/"]}]},{"@type":"ImageObject","inLanguage":"pt-BR","@id":"https:\/\/folhapopular.info\/index.php\/2019\/10\/25\/lancado-edital-para-reforma-e-ampliacao-da-prefeitura-de-lajeado\/#primaryimage","url":"https:\/\/folhapopular.info\/wp-content\/uploads\/2019\/10\/Fachada-diagonal-e1571996197337.jpg","contentUrl":"https:\/\/folhapopular.info\/wp-content\/uploads\/2019\/10\/Fachada-diagonal-e1571996197337.jpg","width":800,"height":450},{"@type":"BreadcrumbList","@id":"https:\/\/folhapopular.info\/index.php\/2019\/10\/25\/lancado-edital-para-reforma-e-ampliacao-da-prefeitura-de-lajeado\/#breadcrumb","itemListElement":[{"@type":"ListItem","position":1,"name":"In\u00edcio","item":"https:\/\/folhapopular.info\/"},{"@type":"ListItem","position":2,"name":"Lan\u00e7ado edital para reforma e amplia\u00e7\u00e3o da Prefeitura de Lajeado"}]},{"@type":"WebSite","@id":"https:\/\/folhapopular.info\/#website","url":"https:\/\/folhapopular.info\/","name":"Folha Popular","description":"Onde voc\u00ea tem vez e voz","potentialAction":[{"@type":"SearchAction","target":{"@type":"EntryPoint","urlTemplate":"https:\/\/folhapopular.info\/?s={search_term_string}"},"query-input":{"@type":"PropertyValueSpecification","valueRequired":true,"valueName":"search_term_string"}}],"inLanguage":"pt-BR"},{"@type":"Person","@id":"https:\/\/folhapopular.info\/#\/schema\/person\/2814e8a0df7643585a9ca38bc6eb9d4b","name":"Reda\u00e7\u00e3o Folha Popular","image":{"@type":"ImageObject","inLanguage":"pt-BR","@id":"https:\/\/folhapopular.info\/wp-content\/uploads\/2026\/04\/Folha-1.webp","url":"https:\/\/folhapopular.info\/wp-content\/uploads\/2026\/04\/Folha-1.webp","contentUrl":"https:\/\/folhapopular.info\/wp-content\/uploads\/2026\/04\/Folha-1.webp","caption":"Reda\u00e7\u00e3o Folha Popular"},"url":"https:\/\/folhapopular.info\/index.php\/author\/redacao\/"}]}},"jetpack_featured_media_url":"https:\/\/folhapopular.info\/wp-content\/uploads\/2019\/10\/Fachada-diagonal-e1571996197337.jpg","jetpack_sharing_enabled":true,"amp_enabled":true,"_links":{"self":[{"href":"https:\/\/folhapopular.info\/index.php\/wp-json\/wp\/v2\/posts\/60632","targetHints":{"allow":["GET"]}}],"collection":[{"href":"https:\/\/folhapopular.info\/index.php\/wp-json\/wp\/v2\/posts"}],"about":[{"href":"https:\/\/folhapopular.info\/index.php\/wp-json\/wp\/v2\/types\/post"}],"author":[{"embeddable":true,"href":"https:\/\/folhapopular.info\/index.php\/wp-json\/wp\/v2\/users\/8"}],"replies":[{"embeddable":true,"href":"https:\/\/folhapopular.info\/index.php\/wp-json\/wp\/v2\/comments?post=60632"}],"version-history":[{"count":0,"href":"https:\/\/folhapopular.info\/index.php\/wp-json\/wp\/v2\/posts\/60632\/revisions"}],"wp:featuredmedia":[{"embeddable":true,"href":"https:\/\/folhapopular.info\/index.php\/wp-json\/wp\/v2\/media\/60633"}],"wp:attachment":[{"href":"https:\/\/folhapopular.info\/index.php\/wp-json\/wp\/v2\/media?parent=60632"}],"wp:term":[{"taxonomy":"category","embeddable":true,"href":"https:\/\/folhapopular.info\/index.php\/wp-json\/wp\/v2\/categories?post=60632"},{"taxonomy":"post_tag","embeddable":true,"href":"https:\/\/folhapopular.info\/index.php\/wp-json\/wp\/v2\/tags?post=60632"}],"curies":[{"name":"wp","href":"https:\/\/api.w.org\/{rel}","templated":true}]}}