{"id":60650,"date":"2019-10-26T13:20:48","date_gmt":"2019-10-26T16:20:48","guid":{"rendered":"https:\/\/folhapopular.info\/?p=60650"},"modified":"2019-10-25T09:35:39","modified_gmt":"2019-10-25T12:35:39","slug":"1o-longe-viver-celebra-o-dia-internacional-do-idoso-com-diversas-atracoes-em-lajeado","status":"publish","type":"post","link":"https:\/\/folhapopular.info\/index.php\/2019\/10\/26\/1o-longe-viver-celebra-o-dia-internacional-do-idoso-com-diversas-atracoes-em-lajeado\/","title":{"rendered":"1\u00ba Longe Viver celebra o Dia Internacional do Idoso com diversas atra\u00e7\u00f5es, em Lajeado"},"content":{"rendered":"\n<p>O Dia Internacional do Idoso foi comemorado nesta\u00a0quarta-feira (23\/10), na Pra\u00e7a da Matriz, em Lajeado.\u00a0Pessoas de todas as idades\u00a0prestigiaram o 1\u00ba Longe Viver, evento realizado pela prefeitura de Lajeado, por meio do Conselho Municipal do Idoso (CMI), em parcerias com as Secretarias de Sa\u00fade (Sesa), Trabalho, Habita\u00e7\u00e3o<strong> <\/strong>e Assist\u00eancia Social (Sthas), Meio Ambiente (Sema) e Cultura, Esporte e Lazer (Secel). Atividades f\u00edsicas e apresenta\u00e7\u00f5es musicais marcaram o evento,\u00a0voltado especialmente para a terceira idade.<\/p>\n\n\n\n<p>Em\u00a0sua primeira edi\u00e7\u00e3o, o Longe Viver\u00a0foi realizado com o objetivo de\u00a0comemorar a data com a popula\u00e7\u00e3o idosa e dar visibilidade \u00e0s quest\u00f5es do envelhecimento e da longevidade humana.\u00a0\u201cA inten\u00e7\u00e3o do Longe Viver \u00e9 justamente para pensarmos nas quest\u00f5es da longevidade humana.\u00a0Lajeado tem um n\u00famero grande de idosos e a gente se preocupa com a quest\u00e3o da qualidade de vida deles.\u00a0Hoje, a maioria das pessoas saem para trabalhar e esses idosos acabam ficando sozinhos,\u00a0e\u00a0eles j\u00e1\u00a0n\u00e3o\u00a0tem mais a mobilidade que tinham.\u00a0Por isso, o evento \u00e9 uma forma deles receberem carinho\u00a0e de se sentirem amados\u00a0e acolhidos\u201d, disse a vice-presidente do CMI, Alana Tieli Pavi.<\/p>\n\n\n\n<p>Ao longo da manh\u00e3, o coreto\u00a0da Pra\u00e7a da Matriz recebeu diversas apresenta\u00e7\u00f5es.\u00a0O evento\u00a0iniciou\u00a0com alongamentos com a professora Jaqueline, do SESC Lajeado. Em seguida, o Coral do Projeto Conviver se apresentou\u00a0com o professor Tiago\u00a0Kreutz.\u00a0O\u00a0grupo de terceira idade Alegria e Amizade\u00a0cantou v\u00e1rias m\u00fasicas\u00a0na companhia dos adolescentes atendidos pelo Servi\u00e7o de Conviv\u00eancia e Fortalecimento de V\u00ednculos (SCFV) do CRAS Espa\u00e7o de Cidadania.<\/p>\n\n\n\n<p>Ainda, os grupos de jovens e idosos do\u00a0CRAS Espa\u00e7o de Cidadania\u00a0interagiram\u00a0com o p\u00fablico, por meio de din\u00e2micas e viv\u00eancias\u00a0com o tema \u201cComo \u00e9 ser idoso por um dia\u201d. A atividade foi preparada pelos grupos com o objetivo de mostrar como os idosos enfrentam dificuldades no dia a dia. Por\u00a0fim, ocorreu a apresenta\u00e7\u00e3o do\u00a0grupo de dan\u00e7as alem\u00e3s \u201cDan\u00e7ando se Vive\u201d.<\/p>\n\n\n\n<p>Terezinha da Silva (77), aproveitou a manh\u00e3 de sol para prestigiar o evento com o marido, Egon Weirich (60). \u201cAchei o evento muito interessante, porque al\u00e9m da uni\u00e3o entre as gera\u00e7\u00f5es, aqui \u00e9 um espa\u00e7o onde as pessoas podem conhecer mais sobre a terceira idade\u201d, disse Terezinha.<\/p>\n\n\n\n<p>Terezinha, que tamb\u00e9m \u00e9 coordenadora do Projeto Conviver do bairro Moinhos,\u00a0contou qual \u00e9 o segredo da longevidade \u201cO segredo \u00e9 fazer muitos exerc\u00edcios e muitas atividades, \u00e9 o que eu fa\u00e7o\u201d, concluiu.<\/p>\n\n\n\n<p>Al\u00e9m das atra\u00e7\u00f5es, foram\u00a0oferecidos diversos servi\u00e7os\u00a0pelas secretarias,\u00a0como agendamento de Cadastro \u00fanico, divulga\u00e7\u00e3o de projetos e orienta\u00e7\u00f5es voltadas\u00a0\u00e0\u00a0terceira idade,\u00a0al\u00e9m de\u00a0testes r\u00e1pidos\u00a0de sa\u00fade.<\/p>\n\n\n\n<ul class=\"wp-block-gallery columns-3 is-cropped wp-block-gallery-1 is-layout-flex wp-block-gallery-is-layout-flex\"><li class=\"blocks-gallery-item\"><figure><img loading=\"lazy\" decoding=\"async\" width=\"1024\" height=\"683\" src=\"https:\/\/folhapopular.info\/wp-content\/uploads\/2019\/10\/6-1024x683.jpg\" alt=\"\" data-id=\"60652\" data-link=\"https:\/\/folhapopular.info\/?attachment_id=60652\" class=\"wp-image-60652\" srcset=\"https:\/\/folhapopular.info\/wp-content\/uploads\/2019\/10\/6-1024x683.jpg 1024w, https:\/\/folhapopular.info\/wp-content\/uploads\/2019\/10\/6-300x200.jpg 300w, https:\/\/folhapopular.info\/wp-content\/uploads\/2019\/10\/6-768x512.jpg 768w, https:\/\/folhapopular.info\/wp-content\/uploads\/2019\/10\/6-696x464.jpg 696w, https:\/\/folhapopular.info\/wp-content\/uploads\/2019\/10\/6-1068x712.jpg 1068w, https:\/\/folhapopular.info\/wp-content\/uploads\/2019\/10\/6-630x420.jpg 630w, https:\/\/folhapopular.info\/wp-content\/uploads\/2019\/10\/6-1920x1280.jpg 1920w\" sizes=\"auto, (max-width: 1024px) 100vw, 1024px\" \/><\/figure><\/li><li class=\"blocks-gallery-item\"><figure><img decoding=\"async\" src=\"https:\/\/folhapopular.info\/b5a80fbc-0e0a-4514-8b60-26bf7f27132f\" \/><\/figure><\/li><li class=\"blocks-gallery-item\"><figure><img loading=\"lazy\" decoding=\"async\" width=\"1024\" height=\"683\" src=\"https:\/\/folhapopular.info\/wp-content\/uploads\/2019\/10\/2-2-1024x683.jpg\" alt=\"\" data-id=\"60654\" data-link=\"https:\/\/folhapopular.info\/?attachment_id=60654\" class=\"wp-image-60654\" srcset=\"https:\/\/folhapopular.info\/wp-content\/uploads\/2019\/10\/2-2-1024x683.jpg 1024w, https:\/\/folhapopular.info\/wp-content\/uploads\/2019\/10\/2-2-300x200.jpg 300w, https:\/\/folhapopular.info\/wp-content\/uploads\/2019\/10\/2-2-768x512.jpg 768w, https:\/\/folhapopular.info\/wp-content\/uploads\/2019\/10\/2-2-696x464.jpg 696w, https:\/\/folhapopular.info\/wp-content\/uploads\/2019\/10\/2-2-1068x712.jpg 1068w, https:\/\/folhapopular.info\/wp-content\/uploads\/2019\/10\/2-2-630x420.jpg 630w, https:\/\/folhapopular.info\/wp-content\/uploads\/2019\/10\/2-2-1920x1280.jpg 1920w\" sizes=\"auto, (max-width: 1024px) 100vw, 1024px\" \/><\/figure><\/li><\/ul>\n\n\n\n<p><\/p>\n","protected":false},"excerpt":{"rendered":"<p>O Dia Internacional do Idoso foi comemorado nesta\u00a0quarta-feira (23\/10), na Pra\u00e7a da Matriz, em Lajeado.\u00a0Pessoas de todas as idades\u00a0prestigiaram o 1\u00ba Longe Viver, evento realizado pela prefeitura de Lajeado, por meio do Conselho Municipal do Idoso (CMI), em parcerias com as Secretarias de Sa\u00fade (Sesa), Trabalho, Habita\u00e7\u00e3o e Assist\u00eancia Social (Sthas), Meio Ambiente (Sema) e [&hellip;]<\/p>\n","protected":false},"author":8,"featured_media":60651,"comment_status":"open","ping_status":"open","sticky":false,"template":"","format":"standard","meta":{"pmpro_default_level":"","_jetpack_memberships_contains_paid_content":false,"footnotes":""},"categories":[2,3],"tags":[27,5214],"class_list":{"0":"post-60650","1":"post","2":"type-post","3":"status-publish","4":"format-standard","5":"has-post-thumbnail","7":"category-featured","8":"category-geral","9":"tag-lajeado","10":"tag-longe-viver","11":"pmpro-has-access"},"yoast_head":"<!-- This site is optimized with the Yoast SEO plugin v27.5 - https:\/\/yoast.com\/product\/yoast-seo-wordpress\/ -->\n<title>1\u00ba Longe Viver celebra o Dia Internacional do Idoso com diversas atra\u00e7\u00f5es, em Lajeado - Folha Popular<\/title>\n<meta name=\"robots\" content=\"index, follow, max-snippet:-1, max-image-preview:large, max-video-preview:-1\" \/>\n<link rel=\"canonical\" href=\"https:\/\/folhapopular.info\/index.php\/2019\/10\/26\/1o-longe-viver-celebra-o-dia-internacional-do-idoso-com-diversas-atracoes-em-lajeado\/\" \/>\n<meta property=\"og:locale\" content=\"pt_BR\" \/>\n<meta property=\"og:type\" content=\"article\" \/>\n<meta property=\"og:title\" content=\"1\u00ba Longe Viver celebra o Dia Internacional do Idoso com diversas atra\u00e7\u00f5es, em Lajeado - Folha Popular\" \/>\n<meta property=\"og:description\" content=\"O Dia Internacional do Idoso foi comemorado nesta\u00a0quarta-feira (23\/10), na Pra\u00e7a da Matriz, em Lajeado.\u00a0Pessoas de todas as idades\u00a0prestigiaram o 1\u00ba Longe Viver, evento realizado pela prefeitura de Lajeado, por meio do Conselho Municipal do Idoso (CMI), em parcerias com as Secretarias de Sa\u00fade (Sesa), Trabalho, Habita\u00e7\u00e3o e Assist\u00eancia Social (Sthas), Meio Ambiente (Sema) e [&hellip;]\" \/>\n<meta property=\"og:url\" content=\"https:\/\/folhapopular.info\/index.php\/2019\/10\/26\/1o-longe-viver-celebra-o-dia-internacional-do-idoso-com-diversas-atracoes-em-lajeado\/\" \/>\n<meta property=\"og:site_name\" content=\"Folha Popular\" \/>\n<meta property=\"article:published_time\" content=\"2019-10-26T16:20:48+00:00\" \/>\n<meta property=\"og:image\" content=\"https:\/\/folhapopular.info\/wp-content\/uploads\/2019\/10\/5-e1572006648938.jpg\" \/>\n\t<meta property=\"og:image:width\" content=\"800\" \/>\n\t<meta property=\"og:image:height\" content=\"533\" \/>\n\t<meta property=\"og:image:type\" content=\"image\/jpeg\" \/>\n<meta name=\"author\" content=\"Reda\u00e7\u00e3o Folha Popular\" \/>\n<meta name=\"twitter:card\" content=\"summary_large_image\" \/>\n<meta name=\"twitter:label1\" content=\"Escrito por\" \/>\n\t<meta name=\"twitter:data1\" content=\"Reda\u00e7\u00e3o Folha Popular\" \/>\n\t<meta name=\"twitter:label2\" content=\"Est. tempo de leitura\" \/>\n\t<meta name=\"twitter:data2\" content=\"2 minutos\" \/>\n<script type=\"application\/ld+json\" class=\"yoast-schema-graph\">{\"@context\":\"https:\\\/\\\/schema.org\",\"@graph\":[{\"@type\":\"Article\",\"@id\":\"https:\\\/\\\/folhapopular.info\\\/index.php\\\/2019\\\/10\\\/26\\\/1o-longe-viver-celebra-o-dia-internacional-do-idoso-com-diversas-atracoes-em-lajeado\\\/#article\",\"isPartOf\":{\"@id\":\"https:\\\/\\\/folhapopular.info\\\/index.php\\\/2019\\\/10\\\/26\\\/1o-longe-viver-celebra-o-dia-internacional-do-idoso-com-diversas-atracoes-em-lajeado\\\/\"},\"author\":{\"name\":\"Reda\u00e7\u00e3o Folha Popular\",\"@id\":\"https:\\\/\\\/folhapopular.info\\\/#\\\/schema\\\/person\\\/2814e8a0df7643585a9ca38bc6eb9d4b\"},\"headline\":\"1\u00ba Longe Viver celebra o Dia Internacional do Idoso com diversas atra\u00e7\u00f5es, em Lajeado\",\"datePublished\":\"2019-10-26T16:20:48+00:00\",\"mainEntityOfPage\":{\"@id\":\"https:\\\/\\\/folhapopular.info\\\/index.php\\\/2019\\\/10\\\/26\\\/1o-longe-viver-celebra-o-dia-internacional-do-idoso-com-diversas-atracoes-em-lajeado\\\/\"},\"wordCount\":480,\"commentCount\":0,\"image\":{\"@id\":\"https:\\\/\\\/folhapopular.info\\\/index.php\\\/2019\\\/10\\\/26\\\/1o-longe-viver-celebra-o-dia-internacional-do-idoso-com-diversas-atracoes-em-lajeado\\\/#primaryimage\"},\"thumbnailUrl\":\"https:\\\/\\\/folhapopular.info\\\/wp-content\\\/uploads\\\/2019\\\/10\\\/5-e1572006648938.jpg\",\"keywords\":[\"Lajeado\",\"Longe Viver\"],\"articleSection\":[\"Destaques\",\"Geral\"],\"inLanguage\":\"pt-BR\",\"potentialAction\":[{\"@type\":\"CommentAction\",\"name\":\"Comment\",\"target\":[\"https:\\\/\\\/folhapopular.info\\\/index.php\\\/2019\\\/10\\\/26\\\/1o-longe-viver-celebra-o-dia-internacional-do-idoso-com-diversas-atracoes-em-lajeado\\\/#respond\"]}]},{\"@type\":\"WebPage\",\"@id\":\"https:\\\/\\\/folhapopular.info\\\/index.php\\\/2019\\\/10\\\/26\\\/1o-longe-viver-celebra-o-dia-internacional-do-idoso-com-diversas-atracoes-em-lajeado\\\/\",\"url\":\"https:\\\/\\\/folhapopular.info\\\/index.php\\\/2019\\\/10\\\/26\\\/1o-longe-viver-celebra-o-dia-internacional-do-idoso-com-diversas-atracoes-em-lajeado\\\/\",\"name\":\"1\u00ba Longe Viver celebra o Dia Internacional do Idoso com diversas atra\u00e7\u00f5es, em Lajeado - Folha Popular\",\"isPartOf\":{\"@id\":\"https:\\\/\\\/folhapopular.info\\\/#website\"},\"primaryImageOfPage\":{\"@id\":\"https:\\\/\\\/folhapopular.info\\\/index.php\\\/2019\\\/10\\\/26\\\/1o-longe-viver-celebra-o-dia-internacional-do-idoso-com-diversas-atracoes-em-lajeado\\\/#primaryimage\"},\"image\":{\"@id\":\"https:\\\/\\\/folhapopular.info\\\/index.php\\\/2019\\\/10\\\/26\\\/1o-longe-viver-celebra-o-dia-internacional-do-idoso-com-diversas-atracoes-em-lajeado\\\/#primaryimage\"},\"thumbnailUrl\":\"https:\\\/\\\/folhapopular.info\\\/wp-content\\\/uploads\\\/2019\\\/10\\\/5-e1572006648938.jpg\",\"datePublished\":\"2019-10-26T16:20:48+00:00\",\"author\":{\"@id\":\"https:\\\/\\\/folhapopular.info\\\/#\\\/schema\\\/person\\\/2814e8a0df7643585a9ca38bc6eb9d4b\"},\"breadcrumb\":{\"@id\":\"https:\\\/\\\/folhapopular.info\\\/index.php\\\/2019\\\/10\\\/26\\\/1o-longe-viver-celebra-o-dia-internacional-do-idoso-com-diversas-atracoes-em-lajeado\\\/#breadcrumb\"},\"inLanguage\":\"pt-BR\",\"potentialAction\":[{\"@type\":\"ReadAction\",\"target\":[\"https:\\\/\\\/folhapopular.info\\\/index.php\\\/2019\\\/10\\\/26\\\/1o-longe-viver-celebra-o-dia-internacional-do-idoso-com-diversas-atracoes-em-lajeado\\\/\"]}]},{\"@type\":\"ImageObject\",\"inLanguage\":\"pt-BR\",\"@id\":\"https:\\\/\\\/folhapopular.info\\\/index.php\\\/2019\\\/10\\\/26\\\/1o-longe-viver-celebra-o-dia-internacional-do-idoso-com-diversas-atracoes-em-lajeado\\\/#primaryimage\",\"url\":\"https:\\\/\\\/folhapopular.info\\\/wp-content\\\/uploads\\\/2019\\\/10\\\/5-e1572006648938.jpg\",\"contentUrl\":\"https:\\\/\\\/folhapopular.info\\\/wp-content\\\/uploads\\\/2019\\\/10\\\/5-e1572006648938.jpg\",\"width\":800,\"height\":533,\"caption\":\"Jovens e idosos do CRAS Espa\u00e7o de Cidadania interagiram com o p\u00fablico \\\/ Cr\u00e9dito da foto: Divulga\u00e7\u00e3o\"},{\"@type\":\"BreadcrumbList\",\"@id\":\"https:\\\/\\\/folhapopular.info\\\/index.php\\\/2019\\\/10\\\/26\\\/1o-longe-viver-celebra-o-dia-internacional-do-idoso-com-diversas-atracoes-em-lajeado\\\/#breadcrumb\",\"itemListElement\":[{\"@type\":\"ListItem\",\"position\":1,\"name\":\"In\u00edcio\",\"item\":\"https:\\\/\\\/folhapopular.info\\\/\"},{\"@type\":\"ListItem\",\"position\":2,\"name\":\"1\u00ba Longe Viver celebra o Dia Internacional do Idoso com diversas atra\u00e7\u00f5es, em Lajeado\"}]},{\"@type\":\"WebSite\",\"@id\":\"https:\\\/\\\/folhapopular.info\\\/#website\",\"url\":\"https:\\\/\\\/folhapopular.info\\\/\",\"name\":\"Folha Popular\",\"description\":\"Onde voc\u00ea tem vez e voz\",\"potentialAction\":[{\"@type\":\"SearchAction\",\"target\":{\"@type\":\"EntryPoint\",\"urlTemplate\":\"https:\\\/\\\/folhapopular.info\\\/?s={search_term_string}\"},\"query-input\":{\"@type\":\"PropertyValueSpecification\",\"valueRequired\":true,\"valueName\":\"search_term_string\"}}],\"inLanguage\":\"pt-BR\"},{\"@type\":\"Person\",\"@id\":\"https:\\\/\\\/folhapopular.info\\\/#\\\/schema\\\/person\\\/2814e8a0df7643585a9ca38bc6eb9d4b\",\"name\":\"Reda\u00e7\u00e3o Folha Popular\",\"image\":{\"@type\":\"ImageObject\",\"inLanguage\":\"pt-BR\",\"@id\":\"https:\\\/\\\/folhapopular.info\\\/wp-content\\\/uploads\\\/2026\\\/04\\\/Folha-1.webp\",\"url\":\"https:\\\/\\\/folhapopular.info\\\/wp-content\\\/uploads\\\/2026\\\/04\\\/Folha-1.webp\",\"contentUrl\":\"https:\\\/\\\/folhapopular.info\\\/wp-content\\\/uploads\\\/2026\\\/04\\\/Folha-1.webp\",\"caption\":\"Reda\u00e7\u00e3o Folha Popular\"},\"url\":\"https:\\\/\\\/folhapopular.info\\\/index.php\\\/author\\\/redacao\\\/\"}]}<\/script>\n<!-- \/ Yoast SEO plugin. -->","yoast_head_json":{"title":"1\u00ba Longe Viver celebra o Dia Internacional do Idoso com diversas atra\u00e7\u00f5es, em Lajeado - Folha Popular","robots":{"index":"index","follow":"follow","max-snippet":"max-snippet:-1","max-image-preview":"max-image-preview:large","max-video-preview":"max-video-preview:-1"},"canonical":"https:\/\/folhapopular.info\/index.php\/2019\/10\/26\/1o-longe-viver-celebra-o-dia-internacional-do-idoso-com-diversas-atracoes-em-lajeado\/","og_locale":"pt_BR","og_type":"article","og_title":"1\u00ba Longe Viver celebra o Dia Internacional do Idoso com diversas atra\u00e7\u00f5es, em Lajeado - Folha Popular","og_description":"O Dia Internacional do Idoso foi comemorado nesta\u00a0quarta-feira (23\/10), na Pra\u00e7a da Matriz, em Lajeado.\u00a0Pessoas de todas as idades\u00a0prestigiaram o 1\u00ba Longe Viver, evento realizado pela prefeitura de Lajeado, por meio do Conselho Municipal do Idoso (CMI), em parcerias com as Secretarias de Sa\u00fade (Sesa), Trabalho, Habita\u00e7\u00e3o e Assist\u00eancia Social (Sthas), Meio Ambiente (Sema) e [&hellip;]","og_url":"https:\/\/folhapopular.info\/index.php\/2019\/10\/26\/1o-longe-viver-celebra-o-dia-internacional-do-idoso-com-diversas-atracoes-em-lajeado\/","og_site_name":"Folha Popular","article_published_time":"2019-10-26T16:20:48+00:00","og_image":[{"width":800,"height":533,"url":"https:\/\/folhapopular.info\/wp-content\/uploads\/2019\/10\/5-e1572006648938.jpg","type":"image\/jpeg"}],"author":"Reda\u00e7\u00e3o Folha Popular","twitter_card":"summary_large_image","twitter_misc":{"Escrito por":"Reda\u00e7\u00e3o Folha Popular","Est. tempo de leitura":"2 minutos"},"schema":{"@context":"https:\/\/schema.org","@graph":[{"@type":"Article","@id":"https:\/\/folhapopular.info\/index.php\/2019\/10\/26\/1o-longe-viver-celebra-o-dia-internacional-do-idoso-com-diversas-atracoes-em-lajeado\/#article","isPartOf":{"@id":"https:\/\/folhapopular.info\/index.php\/2019\/10\/26\/1o-longe-viver-celebra-o-dia-internacional-do-idoso-com-diversas-atracoes-em-lajeado\/"},"author":{"name":"Reda\u00e7\u00e3o Folha Popular","@id":"https:\/\/folhapopular.info\/#\/schema\/person\/2814e8a0df7643585a9ca38bc6eb9d4b"},"headline":"1\u00ba Longe Viver celebra o Dia Internacional do Idoso com diversas atra\u00e7\u00f5es, em Lajeado","datePublished":"2019-10-26T16:20:48+00:00","mainEntityOfPage":{"@id":"https:\/\/folhapopular.info\/index.php\/2019\/10\/26\/1o-longe-viver-celebra-o-dia-internacional-do-idoso-com-diversas-atracoes-em-lajeado\/"},"wordCount":480,"commentCount":0,"image":{"@id":"https:\/\/folhapopular.info\/index.php\/2019\/10\/26\/1o-longe-viver-celebra-o-dia-internacional-do-idoso-com-diversas-atracoes-em-lajeado\/#primaryimage"},"thumbnailUrl":"https:\/\/folhapopular.info\/wp-content\/uploads\/2019\/10\/5-e1572006648938.jpg","keywords":["Lajeado","Longe Viver"],"articleSection":["Destaques","Geral"],"inLanguage":"pt-BR","potentialAction":[{"@type":"CommentAction","name":"Comment","target":["https:\/\/folhapopular.info\/index.php\/2019\/10\/26\/1o-longe-viver-celebra-o-dia-internacional-do-idoso-com-diversas-atracoes-em-lajeado\/#respond"]}]},{"@type":"WebPage","@id":"https:\/\/folhapopular.info\/index.php\/2019\/10\/26\/1o-longe-viver-celebra-o-dia-internacional-do-idoso-com-diversas-atracoes-em-lajeado\/","url":"https:\/\/folhapopular.info\/index.php\/2019\/10\/26\/1o-longe-viver-celebra-o-dia-internacional-do-idoso-com-diversas-atracoes-em-lajeado\/","name":"1\u00ba Longe Viver celebra o Dia Internacional do Idoso com diversas atra\u00e7\u00f5es, em Lajeado - Folha Popular","isPartOf":{"@id":"https:\/\/folhapopular.info\/#website"},"primaryImageOfPage":{"@id":"https:\/\/folhapopular.info\/index.php\/2019\/10\/26\/1o-longe-viver-celebra-o-dia-internacional-do-idoso-com-diversas-atracoes-em-lajeado\/#primaryimage"},"image":{"@id":"https:\/\/folhapopular.info\/index.php\/2019\/10\/26\/1o-longe-viver-celebra-o-dia-internacional-do-idoso-com-diversas-atracoes-em-lajeado\/#primaryimage"},"thumbnailUrl":"https:\/\/folhapopular.info\/wp-content\/uploads\/2019\/10\/5-e1572006648938.jpg","datePublished":"2019-10-26T16:20:48+00:00","author":{"@id":"https:\/\/folhapopular.info\/#\/schema\/person\/2814e8a0df7643585a9ca38bc6eb9d4b"},"breadcrumb":{"@id":"https:\/\/folhapopular.info\/index.php\/2019\/10\/26\/1o-longe-viver-celebra-o-dia-internacional-do-idoso-com-diversas-atracoes-em-lajeado\/#breadcrumb"},"inLanguage":"pt-BR","potentialAction":[{"@type":"ReadAction","target":["https:\/\/folhapopular.info\/index.php\/2019\/10\/26\/1o-longe-viver-celebra-o-dia-internacional-do-idoso-com-diversas-atracoes-em-lajeado\/"]}]},{"@type":"ImageObject","inLanguage":"pt-BR","@id":"https:\/\/folhapopular.info\/index.php\/2019\/10\/26\/1o-longe-viver-celebra-o-dia-internacional-do-idoso-com-diversas-atracoes-em-lajeado\/#primaryimage","url":"https:\/\/folhapopular.info\/wp-content\/uploads\/2019\/10\/5-e1572006648938.jpg","contentUrl":"https:\/\/folhapopular.info\/wp-content\/uploads\/2019\/10\/5-e1572006648938.jpg","width":800,"height":533,"caption":"Jovens e idosos do CRAS Espa\u00e7o de Cidadania interagiram com o p\u00fablico \/ Cr\u00e9dito da foto: Divulga\u00e7\u00e3o"},{"@type":"BreadcrumbList","@id":"https:\/\/folhapopular.info\/index.php\/2019\/10\/26\/1o-longe-viver-celebra-o-dia-internacional-do-idoso-com-diversas-atracoes-em-lajeado\/#breadcrumb","itemListElement":[{"@type":"ListItem","position":1,"name":"In\u00edcio","item":"https:\/\/folhapopular.info\/"},{"@type":"ListItem","position":2,"name":"1\u00ba Longe Viver celebra o Dia Internacional do Idoso com diversas atra\u00e7\u00f5es, em Lajeado"}]},{"@type":"WebSite","@id":"https:\/\/folhapopular.info\/#website","url":"https:\/\/folhapopular.info\/","name":"Folha Popular","description":"Onde voc\u00ea tem vez e voz","potentialAction":[{"@type":"SearchAction","target":{"@type":"EntryPoint","urlTemplate":"https:\/\/folhapopular.info\/?s={search_term_string}"},"query-input":{"@type":"PropertyValueSpecification","valueRequired":true,"valueName":"search_term_string"}}],"inLanguage":"pt-BR"},{"@type":"Person","@id":"https:\/\/folhapopular.info\/#\/schema\/person\/2814e8a0df7643585a9ca38bc6eb9d4b","name":"Reda\u00e7\u00e3o Folha Popular","image":{"@type":"ImageObject","inLanguage":"pt-BR","@id":"https:\/\/folhapopular.info\/wp-content\/uploads\/2026\/04\/Folha-1.webp","url":"https:\/\/folhapopular.info\/wp-content\/uploads\/2026\/04\/Folha-1.webp","contentUrl":"https:\/\/folhapopular.info\/wp-content\/uploads\/2026\/04\/Folha-1.webp","caption":"Reda\u00e7\u00e3o Folha Popular"},"url":"https:\/\/folhapopular.info\/index.php\/author\/redacao\/"}]}},"jetpack_featured_media_url":"https:\/\/folhapopular.info\/wp-content\/uploads\/2019\/10\/5-e1572006648938.jpg","jetpack_sharing_enabled":true,"amp_enabled":true,"_links":{"self":[{"href":"https:\/\/folhapopular.info\/index.php\/wp-json\/wp\/v2\/posts\/60650","targetHints":{"allow":["GET"]}}],"collection":[{"href":"https:\/\/folhapopular.info\/index.php\/wp-json\/wp\/v2\/posts"}],"about":[{"href":"https:\/\/folhapopular.info\/index.php\/wp-json\/wp\/v2\/types\/post"}],"author":[{"embeddable":true,"href":"https:\/\/folhapopular.info\/index.php\/wp-json\/wp\/v2\/users\/8"}],"replies":[{"embeddable":true,"href":"https:\/\/folhapopular.info\/index.php\/wp-json\/wp\/v2\/comments?post=60650"}],"version-history":[{"count":0,"href":"https:\/\/folhapopular.info\/index.php\/wp-json\/wp\/v2\/posts\/60650\/revisions"}],"wp:featuredmedia":[{"embeddable":true,"href":"https:\/\/folhapopular.info\/index.php\/wp-json\/wp\/v2\/media\/60651"}],"wp:attachment":[{"href":"https:\/\/folhapopular.info\/index.php\/wp-json\/wp\/v2\/media?parent=60650"}],"wp:term":[{"taxonomy":"category","embeddable":true,"href":"https:\/\/folhapopular.info\/index.php\/wp-json\/wp\/v2\/categories?post=60650"},{"taxonomy":"post_tag","embeddable":true,"href":"https:\/\/folhapopular.info\/index.php\/wp-json\/wp\/v2\/tags?post=60650"}],"curies":[{"name":"wp","href":"https:\/\/api.w.org\/{rel}","templated":true}]}}