{"id":60746,"date":"2019-10-28T19:20:58","date_gmt":"2019-10-28T22:20:58","guid":{"rendered":"https:\/\/folhapopular.info\/?p=60746"},"modified":"2019-10-28T15:16:13","modified_gmt":"2019-10-28T18:16:13","slug":"grupos-da-melhor-idade-de-paverama-participam-da-35a-oktoberfest-de-santa-cruz-do-sul","status":"publish","type":"post","link":"https:\/\/folhapopular.info\/index.php\/2019\/10\/28\/grupos-da-melhor-idade-de-paverama-participam-da-35a-oktoberfest-de-santa-cruz-do-sul\/","title":{"rendered":"Grupos da Melhor Idade de Paverama participam da 35\u00aa Oktoberfest de Santa Cruz do Sul"},"content":{"rendered":"\n<p> No dia 15 de outubro, cerca de 80&nbsp;usu\u00e1rios dos projetos com idosos, pessoas com defici\u00eancia e fam\u00edlias, estiveram visitando a 35\u00aa Oktoberfest de Santa Cruz do Sul, momento em que puderam sair da sua rotina, conhecer uma nova cidade, novas culturas al\u00e9m de fazer e fortalecer amizades. Os projetos&nbsp;do Centro de Refer\u00eancia em Assist\u00eancia Social de Paverama (CRAS)&nbsp;levam aos seus usu\u00e1rios&nbsp;informa\u00e7\u00e3o,&nbsp;alegria, satisfa\u00e7\u00e3o e&nbsp;sentimento de&nbsp;coletividade&nbsp;e pertencimento. Independente da idade de quem frequenta, os trabalhos levam benef\u00edcios para todas as fam\u00edlias dos usu\u00e1rios.<\/p>\n\n\n\n<p>Com muita alegria e euforia eles participaram do&nbsp;Dia da Maturidade Ativa. A programa\u00e7\u00e3o teve in\u00edcio \u00e0s 9h, com concentra\u00e7\u00e3o de grupos na Pra\u00e7a Get\u00falio Vargas, no centro da cidade. Ap\u00f3s, houve uma caminhada pela Rua Marechal Floriano, em dire\u00e7\u00e3o ao parque. Ao todo, mais de 40 grupos e excurs\u00f5es da melhor idade, vindos de 52 cidades do Estado prestigiaram o evento.<br><\/p>\n","protected":false},"excerpt":{"rendered":"<p>No dia 15 de outubro, cerca de 80&nbsp;usu\u00e1rios dos projetos com idosos, pessoas com defici\u00eancia e fam\u00edlias, estiveram visitando a 35\u00aa Oktoberfest de Santa Cruz do Sul, momento em que puderam sair da sua rotina, conhecer uma nova cidade, novas culturas al\u00e9m de fazer e fortalecer amizades. Os projetos&nbsp;do Centro de Refer\u00eancia em Assist\u00eancia Social [&hellip;]<\/p>\n","protected":false},"author":8,"featured_media":60747,"comment_status":"open","ping_status":"open","sticky":false,"template":"","format":"standard","meta":{"pmpro_default_level":"","_jetpack_memberships_contains_paid_content":false,"footnotes":""},"categories":[2,3],"tags":[2405,1213,46],"class_list":{"0":"post-60746","1":"post","2":"type-post","3":"status-publish","4":"format-standard","5":"has-post-thumbnail","7":"category-featured","8":"category-geral","9":"tag-melhor-idade","10":"tag-oktoberfest","11":"tag-paverama","12":"pmpro-has-access"},"yoast_head":"<!-- This site is optimized with the Yoast SEO plugin v27.4 - https:\/\/yoast.com\/product\/yoast-seo-wordpress\/ -->\n<title>Grupos da Melhor Idade de Paverama participam da 35\u00aa Oktoberfest de Santa Cruz do Sul - Folha Popular<\/title>\n<meta name=\"robots\" content=\"index, follow, max-snippet:-1, max-image-preview:large, max-video-preview:-1\" \/>\n<link rel=\"canonical\" href=\"https:\/\/folhapopular.info\/index.php\/2019\/10\/28\/grupos-da-melhor-idade-de-paverama-participam-da-35a-oktoberfest-de-santa-cruz-do-sul\/\" \/>\n<meta property=\"og:locale\" content=\"pt_BR\" \/>\n<meta property=\"og:type\" content=\"article\" \/>\n<meta property=\"og:title\" content=\"Grupos da Melhor Idade de Paverama participam da 35\u00aa Oktoberfest de Santa Cruz do Sul - Folha Popular\" \/>\n<meta property=\"og:description\" content=\"No dia 15 de outubro, cerca de 80&nbsp;usu\u00e1rios dos projetos com idosos, pessoas com defici\u00eancia e fam\u00edlias, estiveram visitando a 35\u00aa Oktoberfest de Santa Cruz do Sul, momento em que puderam sair da sua rotina, conhecer uma nova cidade, novas culturas al\u00e9m de fazer e fortalecer amizades. Os projetos&nbsp;do Centro de Refer\u00eancia em Assist\u00eancia Social [&hellip;]\" \/>\n<meta property=\"og:url\" content=\"https:\/\/folhapopular.info\/index.php\/2019\/10\/28\/grupos-da-melhor-idade-de-paverama-participam-da-35a-oktoberfest-de-santa-cruz-do-sul\/\" \/>\n<meta property=\"og:site_name\" content=\"Folha Popular\" \/>\n<meta property=\"article:published_time\" content=\"2019-10-28T22:20:58+00:00\" \/>\n<meta property=\"og:image\" content=\"https:\/\/folhapopular.info\/wp-content\/uploads\/2019\/10\/35-Octoberfest-e1572286299966.jpg\" \/>\n\t<meta property=\"og:image:width\" content=\"800\" \/>\n\t<meta property=\"og:image:height\" content=\"450\" \/>\n\t<meta property=\"og:image:type\" content=\"image\/jpeg\" \/>\n<meta name=\"author\" content=\"Reda\u00e7\u00e3o Folha Popular\" \/>\n<meta name=\"twitter:card\" content=\"summary_large_image\" \/>\n<meta name=\"twitter:label1\" content=\"Escrito por\" \/>\n\t<meta name=\"twitter:data1\" content=\"Reda\u00e7\u00e3o Folha Popular\" \/>\n\t<meta name=\"twitter:label2\" content=\"Est. tempo de leitura\" \/>\n\t<meta name=\"twitter:data2\" content=\"1 minuto\" \/>\n<script type=\"application\/ld+json\" class=\"yoast-schema-graph\">{\"@context\":\"https:\\\/\\\/schema.org\",\"@graph\":[{\"@type\":\"Article\",\"@id\":\"https:\\\/\\\/folhapopular.info\\\/index.php\\\/2019\\\/10\\\/28\\\/grupos-da-melhor-idade-de-paverama-participam-da-35a-oktoberfest-de-santa-cruz-do-sul\\\/#article\",\"isPartOf\":{\"@id\":\"https:\\\/\\\/folhapopular.info\\\/index.php\\\/2019\\\/10\\\/28\\\/grupos-da-melhor-idade-de-paverama-participam-da-35a-oktoberfest-de-santa-cruz-do-sul\\\/\"},\"author\":{\"name\":\"Reda\u00e7\u00e3o Folha Popular\",\"@id\":\"https:\\\/\\\/folhapopular.info\\\/#\\\/schema\\\/person\\\/2814e8a0df7643585a9ca38bc6eb9d4b\"},\"headline\":\"Grupos da Melhor Idade de Paverama participam da 35\u00aa Oktoberfest de Santa Cruz do Sul\",\"datePublished\":\"2019-10-28T22:20:58+00:00\",\"mainEntityOfPage\":{\"@id\":\"https:\\\/\\\/folhapopular.info\\\/index.php\\\/2019\\\/10\\\/28\\\/grupos-da-melhor-idade-de-paverama-participam-da-35a-oktoberfest-de-santa-cruz-do-sul\\\/\"},\"wordCount\":189,\"commentCount\":0,\"image\":{\"@id\":\"https:\\\/\\\/folhapopular.info\\\/index.php\\\/2019\\\/10\\\/28\\\/grupos-da-melhor-idade-de-paverama-participam-da-35a-oktoberfest-de-santa-cruz-do-sul\\\/#primaryimage\"},\"thumbnailUrl\":\"https:\\\/\\\/folhapopular.info\\\/wp-content\\\/uploads\\\/2019\\\/10\\\/35-Octoberfest-e1572286299966.jpg\",\"keywords\":[\"Melhor Idade\",\"Oktoberfest\",\"Paverama\"],\"articleSection\":[\"Destaques\",\"Geral\"],\"inLanguage\":\"pt-BR\",\"potentialAction\":[{\"@type\":\"CommentAction\",\"name\":\"Comment\",\"target\":[\"https:\\\/\\\/folhapopular.info\\\/index.php\\\/2019\\\/10\\\/28\\\/grupos-da-melhor-idade-de-paverama-participam-da-35a-oktoberfest-de-santa-cruz-do-sul\\\/#respond\"]}]},{\"@type\":\"WebPage\",\"@id\":\"https:\\\/\\\/folhapopular.info\\\/index.php\\\/2019\\\/10\\\/28\\\/grupos-da-melhor-idade-de-paverama-participam-da-35a-oktoberfest-de-santa-cruz-do-sul\\\/\",\"url\":\"https:\\\/\\\/folhapopular.info\\\/index.php\\\/2019\\\/10\\\/28\\\/grupos-da-melhor-idade-de-paverama-participam-da-35a-oktoberfest-de-santa-cruz-do-sul\\\/\",\"name\":\"Grupos da Melhor Idade de Paverama participam da 35\u00aa Oktoberfest de Santa Cruz do Sul - Folha Popular\",\"isPartOf\":{\"@id\":\"https:\\\/\\\/folhapopular.info\\\/#website\"},\"primaryImageOfPage\":{\"@id\":\"https:\\\/\\\/folhapopular.info\\\/index.php\\\/2019\\\/10\\\/28\\\/grupos-da-melhor-idade-de-paverama-participam-da-35a-oktoberfest-de-santa-cruz-do-sul\\\/#primaryimage\"},\"image\":{\"@id\":\"https:\\\/\\\/folhapopular.info\\\/index.php\\\/2019\\\/10\\\/28\\\/grupos-da-melhor-idade-de-paverama-participam-da-35a-oktoberfest-de-santa-cruz-do-sul\\\/#primaryimage\"},\"thumbnailUrl\":\"https:\\\/\\\/folhapopular.info\\\/wp-content\\\/uploads\\\/2019\\\/10\\\/35-Octoberfest-e1572286299966.jpg\",\"datePublished\":\"2019-10-28T22:20:58+00:00\",\"author\":{\"@id\":\"https:\\\/\\\/folhapopular.info\\\/#\\\/schema\\\/person\\\/2814e8a0df7643585a9ca38bc6eb9d4b\"},\"breadcrumb\":{\"@id\":\"https:\\\/\\\/folhapopular.info\\\/index.php\\\/2019\\\/10\\\/28\\\/grupos-da-melhor-idade-de-paverama-participam-da-35a-oktoberfest-de-santa-cruz-do-sul\\\/#breadcrumb\"},\"inLanguage\":\"pt-BR\",\"potentialAction\":[{\"@type\":\"ReadAction\",\"target\":[\"https:\\\/\\\/folhapopular.info\\\/index.php\\\/2019\\\/10\\\/28\\\/grupos-da-melhor-idade-de-paverama-participam-da-35a-oktoberfest-de-santa-cruz-do-sul\\\/\"]}]},{\"@type\":\"ImageObject\",\"inLanguage\":\"pt-BR\",\"@id\":\"https:\\\/\\\/folhapopular.info\\\/index.php\\\/2019\\\/10\\\/28\\\/grupos-da-melhor-idade-de-paverama-participam-da-35a-oktoberfest-de-santa-cruz-do-sul\\\/#primaryimage\",\"url\":\"https:\\\/\\\/folhapopular.info\\\/wp-content\\\/uploads\\\/2019\\\/10\\\/35-Octoberfest-e1572286299966.jpg\",\"contentUrl\":\"https:\\\/\\\/folhapopular.info\\\/wp-content\\\/uploads\\\/2019\\\/10\\\/35-Octoberfest-e1572286299966.jpg\",\"width\":800,\"height\":450,\"caption\":\"Cr\u00e9dito: divulga\u00e7\u00e3o\"},{\"@type\":\"BreadcrumbList\",\"@id\":\"https:\\\/\\\/folhapopular.info\\\/index.php\\\/2019\\\/10\\\/28\\\/grupos-da-melhor-idade-de-paverama-participam-da-35a-oktoberfest-de-santa-cruz-do-sul\\\/#breadcrumb\",\"itemListElement\":[{\"@type\":\"ListItem\",\"position\":1,\"name\":\"In\u00edcio\",\"item\":\"https:\\\/\\\/folhapopular.info\\\/\"},{\"@type\":\"ListItem\",\"position\":2,\"name\":\"Grupos da Melhor Idade de Paverama participam da 35\u00aa Oktoberfest de Santa Cruz do Sul\"}]},{\"@type\":\"WebSite\",\"@id\":\"https:\\\/\\\/folhapopular.info\\\/#website\",\"url\":\"https:\\\/\\\/folhapopular.info\\\/\",\"name\":\"Folha Popular\",\"description\":\"Onde voc\u00ea tem vez e voz\",\"potentialAction\":[{\"@type\":\"SearchAction\",\"target\":{\"@type\":\"EntryPoint\",\"urlTemplate\":\"https:\\\/\\\/folhapopular.info\\\/?s={search_term_string}\"},\"query-input\":{\"@type\":\"PropertyValueSpecification\",\"valueRequired\":true,\"valueName\":\"search_term_string\"}}],\"inLanguage\":\"pt-BR\"},{\"@type\":\"Person\",\"@id\":\"https:\\\/\\\/folhapopular.info\\\/#\\\/schema\\\/person\\\/2814e8a0df7643585a9ca38bc6eb9d4b\",\"name\":\"Reda\u00e7\u00e3o Folha Popular\",\"image\":{\"@type\":\"ImageObject\",\"inLanguage\":\"pt-BR\",\"@id\":\"https:\\\/\\\/folhapopular.info\\\/wp-content\\\/uploads\\\/2026\\\/04\\\/Folha-1.webp\",\"url\":\"https:\\\/\\\/folhapopular.info\\\/wp-content\\\/uploads\\\/2026\\\/04\\\/Folha-1.webp\",\"contentUrl\":\"https:\\\/\\\/folhapopular.info\\\/wp-content\\\/uploads\\\/2026\\\/04\\\/Folha-1.webp\",\"caption\":\"Reda\u00e7\u00e3o Folha Popular\"},\"url\":\"https:\\\/\\\/folhapopular.info\\\/index.php\\\/author\\\/redacao\\\/\"}]}<\/script>\n<!-- \/ Yoast SEO plugin. -->","yoast_head_json":{"title":"Grupos da Melhor Idade de Paverama participam da 35\u00aa Oktoberfest de Santa Cruz do Sul - Folha Popular","robots":{"index":"index","follow":"follow","max-snippet":"max-snippet:-1","max-image-preview":"max-image-preview:large","max-video-preview":"max-video-preview:-1"},"canonical":"https:\/\/folhapopular.info\/index.php\/2019\/10\/28\/grupos-da-melhor-idade-de-paverama-participam-da-35a-oktoberfest-de-santa-cruz-do-sul\/","og_locale":"pt_BR","og_type":"article","og_title":"Grupos da Melhor Idade de Paverama participam da 35\u00aa Oktoberfest de Santa Cruz do Sul - Folha Popular","og_description":"No dia 15 de outubro, cerca de 80&nbsp;usu\u00e1rios dos projetos com idosos, pessoas com defici\u00eancia e fam\u00edlias, estiveram visitando a 35\u00aa Oktoberfest de Santa Cruz do Sul, momento em que puderam sair da sua rotina, conhecer uma nova cidade, novas culturas al\u00e9m de fazer e fortalecer amizades. Os projetos&nbsp;do Centro de Refer\u00eancia em Assist\u00eancia Social [&hellip;]","og_url":"https:\/\/folhapopular.info\/index.php\/2019\/10\/28\/grupos-da-melhor-idade-de-paverama-participam-da-35a-oktoberfest-de-santa-cruz-do-sul\/","og_site_name":"Folha Popular","article_published_time":"2019-10-28T22:20:58+00:00","og_image":[{"width":800,"height":450,"url":"https:\/\/folhapopular.info\/wp-content\/uploads\/2019\/10\/35-Octoberfest-e1572286299966.jpg","type":"image\/jpeg"}],"author":"Reda\u00e7\u00e3o Folha Popular","twitter_card":"summary_large_image","twitter_misc":{"Escrito por":"Reda\u00e7\u00e3o Folha Popular","Est. tempo de leitura":"1 minuto"},"schema":{"@context":"https:\/\/schema.org","@graph":[{"@type":"Article","@id":"https:\/\/folhapopular.info\/index.php\/2019\/10\/28\/grupos-da-melhor-idade-de-paverama-participam-da-35a-oktoberfest-de-santa-cruz-do-sul\/#article","isPartOf":{"@id":"https:\/\/folhapopular.info\/index.php\/2019\/10\/28\/grupos-da-melhor-idade-de-paverama-participam-da-35a-oktoberfest-de-santa-cruz-do-sul\/"},"author":{"name":"Reda\u00e7\u00e3o Folha Popular","@id":"https:\/\/folhapopular.info\/#\/schema\/person\/2814e8a0df7643585a9ca38bc6eb9d4b"},"headline":"Grupos da Melhor Idade de Paverama participam da 35\u00aa Oktoberfest de Santa Cruz do Sul","datePublished":"2019-10-28T22:20:58+00:00","mainEntityOfPage":{"@id":"https:\/\/folhapopular.info\/index.php\/2019\/10\/28\/grupos-da-melhor-idade-de-paverama-participam-da-35a-oktoberfest-de-santa-cruz-do-sul\/"},"wordCount":189,"commentCount":0,"image":{"@id":"https:\/\/folhapopular.info\/index.php\/2019\/10\/28\/grupos-da-melhor-idade-de-paverama-participam-da-35a-oktoberfest-de-santa-cruz-do-sul\/#primaryimage"},"thumbnailUrl":"https:\/\/folhapopular.info\/wp-content\/uploads\/2019\/10\/35-Octoberfest-e1572286299966.jpg","keywords":["Melhor Idade","Oktoberfest","Paverama"],"articleSection":["Destaques","Geral"],"inLanguage":"pt-BR","potentialAction":[{"@type":"CommentAction","name":"Comment","target":["https:\/\/folhapopular.info\/index.php\/2019\/10\/28\/grupos-da-melhor-idade-de-paverama-participam-da-35a-oktoberfest-de-santa-cruz-do-sul\/#respond"]}]},{"@type":"WebPage","@id":"https:\/\/folhapopular.info\/index.php\/2019\/10\/28\/grupos-da-melhor-idade-de-paverama-participam-da-35a-oktoberfest-de-santa-cruz-do-sul\/","url":"https:\/\/folhapopular.info\/index.php\/2019\/10\/28\/grupos-da-melhor-idade-de-paverama-participam-da-35a-oktoberfest-de-santa-cruz-do-sul\/","name":"Grupos da Melhor Idade de Paverama participam da 35\u00aa Oktoberfest de Santa Cruz do Sul - Folha Popular","isPartOf":{"@id":"https:\/\/folhapopular.info\/#website"},"primaryImageOfPage":{"@id":"https:\/\/folhapopular.info\/index.php\/2019\/10\/28\/grupos-da-melhor-idade-de-paverama-participam-da-35a-oktoberfest-de-santa-cruz-do-sul\/#primaryimage"},"image":{"@id":"https:\/\/folhapopular.info\/index.php\/2019\/10\/28\/grupos-da-melhor-idade-de-paverama-participam-da-35a-oktoberfest-de-santa-cruz-do-sul\/#primaryimage"},"thumbnailUrl":"https:\/\/folhapopular.info\/wp-content\/uploads\/2019\/10\/35-Octoberfest-e1572286299966.jpg","datePublished":"2019-10-28T22:20:58+00:00","author":{"@id":"https:\/\/folhapopular.info\/#\/schema\/person\/2814e8a0df7643585a9ca38bc6eb9d4b"},"breadcrumb":{"@id":"https:\/\/folhapopular.info\/index.php\/2019\/10\/28\/grupos-da-melhor-idade-de-paverama-participam-da-35a-oktoberfest-de-santa-cruz-do-sul\/#breadcrumb"},"inLanguage":"pt-BR","potentialAction":[{"@type":"ReadAction","target":["https:\/\/folhapopular.info\/index.php\/2019\/10\/28\/grupos-da-melhor-idade-de-paverama-participam-da-35a-oktoberfest-de-santa-cruz-do-sul\/"]}]},{"@type":"ImageObject","inLanguage":"pt-BR","@id":"https:\/\/folhapopular.info\/index.php\/2019\/10\/28\/grupos-da-melhor-idade-de-paverama-participam-da-35a-oktoberfest-de-santa-cruz-do-sul\/#primaryimage","url":"https:\/\/folhapopular.info\/wp-content\/uploads\/2019\/10\/35-Octoberfest-e1572286299966.jpg","contentUrl":"https:\/\/folhapopular.info\/wp-content\/uploads\/2019\/10\/35-Octoberfest-e1572286299966.jpg","width":800,"height":450,"caption":"Cr\u00e9dito: divulga\u00e7\u00e3o"},{"@type":"BreadcrumbList","@id":"https:\/\/folhapopular.info\/index.php\/2019\/10\/28\/grupos-da-melhor-idade-de-paverama-participam-da-35a-oktoberfest-de-santa-cruz-do-sul\/#breadcrumb","itemListElement":[{"@type":"ListItem","position":1,"name":"In\u00edcio","item":"https:\/\/folhapopular.info\/"},{"@type":"ListItem","position":2,"name":"Grupos da Melhor Idade de Paverama participam da 35\u00aa Oktoberfest de Santa Cruz do Sul"}]},{"@type":"WebSite","@id":"https:\/\/folhapopular.info\/#website","url":"https:\/\/folhapopular.info\/","name":"Folha Popular","description":"Onde voc\u00ea tem vez e voz","potentialAction":[{"@type":"SearchAction","target":{"@type":"EntryPoint","urlTemplate":"https:\/\/folhapopular.info\/?s={search_term_string}"},"query-input":{"@type":"PropertyValueSpecification","valueRequired":true,"valueName":"search_term_string"}}],"inLanguage":"pt-BR"},{"@type":"Person","@id":"https:\/\/folhapopular.info\/#\/schema\/person\/2814e8a0df7643585a9ca38bc6eb9d4b","name":"Reda\u00e7\u00e3o Folha Popular","image":{"@type":"ImageObject","inLanguage":"pt-BR","@id":"https:\/\/folhapopular.info\/wp-content\/uploads\/2026\/04\/Folha-1.webp","url":"https:\/\/folhapopular.info\/wp-content\/uploads\/2026\/04\/Folha-1.webp","contentUrl":"https:\/\/folhapopular.info\/wp-content\/uploads\/2026\/04\/Folha-1.webp","caption":"Reda\u00e7\u00e3o Folha Popular"},"url":"https:\/\/folhapopular.info\/index.php\/author\/redacao\/"}]}},"jetpack_featured_media_url":"https:\/\/folhapopular.info\/wp-content\/uploads\/2019\/10\/35-Octoberfest-e1572286299966.jpg","jetpack_sharing_enabled":true,"amp_enabled":true,"_links":{"self":[{"href":"https:\/\/folhapopular.info\/index.php\/wp-json\/wp\/v2\/posts\/60746","targetHints":{"allow":["GET"]}}],"collection":[{"href":"https:\/\/folhapopular.info\/index.php\/wp-json\/wp\/v2\/posts"}],"about":[{"href":"https:\/\/folhapopular.info\/index.php\/wp-json\/wp\/v2\/types\/post"}],"author":[{"embeddable":true,"href":"https:\/\/folhapopular.info\/index.php\/wp-json\/wp\/v2\/users\/8"}],"replies":[{"embeddable":true,"href":"https:\/\/folhapopular.info\/index.php\/wp-json\/wp\/v2\/comments?post=60746"}],"version-history":[{"count":0,"href":"https:\/\/folhapopular.info\/index.php\/wp-json\/wp\/v2\/posts\/60746\/revisions"}],"wp:featuredmedia":[{"embeddable":true,"href":"https:\/\/folhapopular.info\/index.php\/wp-json\/wp\/v2\/media\/60747"}],"wp:attachment":[{"href":"https:\/\/folhapopular.info\/index.php\/wp-json\/wp\/v2\/media?parent=60746"}],"wp:term":[{"taxonomy":"category","embeddable":true,"href":"https:\/\/folhapopular.info\/index.php\/wp-json\/wp\/v2\/categories?post=60746"},{"taxonomy":"post_tag","embeddable":true,"href":"https:\/\/folhapopular.info\/index.php\/wp-json\/wp\/v2\/tags?post=60746"}],"curies":[{"name":"wp","href":"https:\/\/api.w.org\/{rel}","templated":true}]}}