{"id":60848,"date":"2019-10-30T16:20:12","date_gmt":"2019-10-30T19:20:12","guid":{"rendered":"https:\/\/folhapopular.info\/?p=60848"},"modified":"2019-10-30T16:05:33","modified_gmt":"2019-10-30T19:05:33","slug":"celebracao-da-reforma-luterana-ocorre-quinta-feira","status":"publish","type":"post","link":"https:\/\/folhapopular.info\/index.php\/2019\/10\/30\/celebracao-da-reforma-luterana-ocorre-quinta-feira\/","title":{"rendered":"Celebra\u00e7\u00e3o da Reforma Luterana ocorre quinta-feira, em Lajeado"},"content":{"rendered":"\n<p>Na quinta-feira (31\/10) ser\u00e1 realizada a Celebra\u00e7\u00e3o da Reforma Luterana \u00e0s 9h na Comunidade Evang\u00e9lica de Confiss\u00e3o Luterana no Brasil (IECLB) na Rua Alberto Torres, 310, bairro Centro em Lajeado. O encontro \u00e9 realizado pela IECLB de Lajeado em parceria com a Igreja Evang\u00e9lica Luterana do Brasil (IELB) e cada ano uma das igrejas fica respons\u00e1vel pela Celebra\u00e7\u00e3o.<\/p>\n\n\n\n<p>O convidado \u00e9 o Pastor Doutor Martin Tim\u00f3teo Dietz de S\u00e3o Leopoldo, pesquisador em Lutero, que dirigir\u00e1 a palestra com o tema \u201cReis e sacerdotes: dignidade e servi\u00e7o da pessoa crist\u00e3\u201d. A oferta do Culto ser\u00e1 em prol da Fundef.<\/p>\n","protected":false},"excerpt":{"rendered":"<p>Na quinta-feira (31\/10) ser\u00e1 realizada a Celebra\u00e7\u00e3o da Reforma Luterana \u00e0s 9h na Comunidade Evang\u00e9lica de Confiss\u00e3o Luterana no Brasil (IECLB) na Rua Alberto Torres, 310, bairro Centro em Lajeado. O encontro \u00e9 realizado pela IECLB de Lajeado em parceria com a Igreja Evang\u00e9lica Luterana do Brasil (IELB) e cada ano uma das igrejas fica [&hellip;]<\/p>\n","protected":false},"author":8,"featured_media":60849,"comment_status":"open","ping_status":"open","sticky":false,"template":"","format":"standard","meta":{"pmpro_default_level":"","_jetpack_memberships_contains_paid_content":false,"footnotes":""},"categories":[2,3],"tags":[1328,27],"class_list":{"0":"post-60848","1":"post","2":"type-post","3":"status-publish","4":"format-standard","5":"has-post-thumbnail","7":"category-featured","8":"category-geral","9":"tag-dia-da-reforma","10":"tag-lajeado","11":"pmpro-has-access"},"yoast_head":"<!-- This site is optimized with the Yoast SEO plugin v27.5 - https:\/\/yoast.com\/product\/yoast-seo-wordpress\/ -->\n<title>Celebra\u00e7\u00e3o da Reforma Luterana ocorre quinta-feira, em Lajeado - Folha Popular<\/title>\n<meta name=\"robots\" content=\"index, follow, max-snippet:-1, max-image-preview:large, max-video-preview:-1\" \/>\n<link rel=\"canonical\" href=\"https:\/\/folhapopular.info\/index.php\/2019\/10\/30\/celebracao-da-reforma-luterana-ocorre-quinta-feira\/\" \/>\n<meta property=\"og:locale\" content=\"pt_BR\" \/>\n<meta property=\"og:type\" content=\"article\" \/>\n<meta property=\"og:title\" content=\"Celebra\u00e7\u00e3o da Reforma Luterana ocorre quinta-feira, em Lajeado - Folha Popular\" \/>\n<meta property=\"og:description\" content=\"Na quinta-feira (31\/10) ser\u00e1 realizada a Celebra\u00e7\u00e3o da Reforma Luterana \u00e0s 9h na Comunidade Evang\u00e9lica de Confiss\u00e3o Luterana no Brasil (IECLB) na Rua Alberto Torres, 310, bairro Centro em Lajeado. O encontro \u00e9 realizado pela IECLB de Lajeado em parceria com a Igreja Evang\u00e9lica Luterana do Brasil (IELB) e cada ano uma das igrejas fica [&hellip;]\" \/>\n<meta property=\"og:url\" content=\"https:\/\/folhapopular.info\/index.php\/2019\/10\/30\/celebracao-da-reforma-luterana-ocorre-quinta-feira\/\" \/>\n<meta property=\"og:site_name\" content=\"Folha Popular\" \/>\n<meta property=\"article:published_time\" content=\"2019-10-30T19:20:12+00:00\" \/>\n<meta property=\"og:image\" content=\"https:\/\/folhapopular.info\/wp-content\/uploads\/2019\/10\/celebra\u00e7\u00e3o-e1572462237861.jpg\" \/>\n\t<meta property=\"og:image:width\" content=\"800\" \/>\n\t<meta property=\"og:image:height\" content=\"533\" \/>\n\t<meta property=\"og:image:type\" content=\"image\/jpeg\" \/>\n<meta name=\"author\" content=\"Reda\u00e7\u00e3o Folha Popular\" \/>\n<meta name=\"twitter:card\" content=\"summary_large_image\" \/>\n<meta name=\"twitter:label1\" content=\"Escrito por\" \/>\n\t<meta name=\"twitter:data1\" content=\"Reda\u00e7\u00e3o Folha Popular\" \/>\n\t<meta name=\"twitter:label2\" content=\"Est. tempo de leitura\" \/>\n\t<meta name=\"twitter:data2\" content=\"1 minuto\" \/>\n<script type=\"application\/ld+json\" class=\"yoast-schema-graph\">{\"@context\":\"https:\\\/\\\/schema.org\",\"@graph\":[{\"@type\":\"Article\",\"@id\":\"https:\\\/\\\/folhapopular.info\\\/index.php\\\/2019\\\/10\\\/30\\\/celebracao-da-reforma-luterana-ocorre-quinta-feira\\\/#article\",\"isPartOf\":{\"@id\":\"https:\\\/\\\/folhapopular.info\\\/index.php\\\/2019\\\/10\\\/30\\\/celebracao-da-reforma-luterana-ocorre-quinta-feira\\\/\"},\"author\":{\"name\":\"Reda\u00e7\u00e3o Folha Popular\",\"@id\":\"https:\\\/\\\/folhapopular.info\\\/#\\\/schema\\\/person\\\/2814e8a0df7643585a9ca38bc6eb9d4b\"},\"headline\":\"Celebra\u00e7\u00e3o da Reforma Luterana ocorre quinta-feira, em Lajeado\",\"datePublished\":\"2019-10-30T19:20:12+00:00\",\"mainEntityOfPage\":{\"@id\":\"https:\\\/\\\/folhapopular.info\\\/index.php\\\/2019\\\/10\\\/30\\\/celebracao-da-reforma-luterana-ocorre-quinta-feira\\\/\"},\"wordCount\":112,\"commentCount\":0,\"image\":{\"@id\":\"https:\\\/\\\/folhapopular.info\\\/index.php\\\/2019\\\/10\\\/30\\\/celebracao-da-reforma-luterana-ocorre-quinta-feira\\\/#primaryimage\"},\"thumbnailUrl\":\"https:\\\/\\\/folhapopular.info\\\/wp-content\\\/uploads\\\/2019\\\/10\\\/celebra\u00e7\u00e3o-e1572462237861.jpg\",\"keywords\":[\"Dia da Reforma\",\"Lajeado\"],\"articleSection\":[\"Destaques\",\"Geral\"],\"inLanguage\":\"pt-BR\",\"potentialAction\":[{\"@type\":\"CommentAction\",\"name\":\"Comment\",\"target\":[\"https:\\\/\\\/folhapopular.info\\\/index.php\\\/2019\\\/10\\\/30\\\/celebracao-da-reforma-luterana-ocorre-quinta-feira\\\/#respond\"]}]},{\"@type\":\"WebPage\",\"@id\":\"https:\\\/\\\/folhapopular.info\\\/index.php\\\/2019\\\/10\\\/30\\\/celebracao-da-reforma-luterana-ocorre-quinta-feira\\\/\",\"url\":\"https:\\\/\\\/folhapopular.info\\\/index.php\\\/2019\\\/10\\\/30\\\/celebracao-da-reforma-luterana-ocorre-quinta-feira\\\/\",\"name\":\"Celebra\u00e7\u00e3o da Reforma Luterana ocorre quinta-feira, em Lajeado - Folha Popular\",\"isPartOf\":{\"@id\":\"https:\\\/\\\/folhapopular.info\\\/#website\"},\"primaryImageOfPage\":{\"@id\":\"https:\\\/\\\/folhapopular.info\\\/index.php\\\/2019\\\/10\\\/30\\\/celebracao-da-reforma-luterana-ocorre-quinta-feira\\\/#primaryimage\"},\"image\":{\"@id\":\"https:\\\/\\\/folhapopular.info\\\/index.php\\\/2019\\\/10\\\/30\\\/celebracao-da-reforma-luterana-ocorre-quinta-feira\\\/#primaryimage\"},\"thumbnailUrl\":\"https:\\\/\\\/folhapopular.info\\\/wp-content\\\/uploads\\\/2019\\\/10\\\/celebra\u00e7\u00e3o-e1572462237861.jpg\",\"datePublished\":\"2019-10-30T19:20:12+00:00\",\"author\":{\"@id\":\"https:\\\/\\\/folhapopular.info\\\/#\\\/schema\\\/person\\\/2814e8a0df7643585a9ca38bc6eb9d4b\"},\"breadcrumb\":{\"@id\":\"https:\\\/\\\/folhapopular.info\\\/index.php\\\/2019\\\/10\\\/30\\\/celebracao-da-reforma-luterana-ocorre-quinta-feira\\\/#breadcrumb\"},\"inLanguage\":\"pt-BR\",\"potentialAction\":[{\"@type\":\"ReadAction\",\"target\":[\"https:\\\/\\\/folhapopular.info\\\/index.php\\\/2019\\\/10\\\/30\\\/celebracao-da-reforma-luterana-ocorre-quinta-feira\\\/\"]}]},{\"@type\":\"ImageObject\",\"inLanguage\":\"pt-BR\",\"@id\":\"https:\\\/\\\/folhapopular.info\\\/index.php\\\/2019\\\/10\\\/30\\\/celebracao-da-reforma-luterana-ocorre-quinta-feira\\\/#primaryimage\",\"url\":\"https:\\\/\\\/folhapopular.info\\\/wp-content\\\/uploads\\\/2019\\\/10\\\/celebra\u00e7\u00e3o-e1572462237861.jpg\",\"contentUrl\":\"https:\\\/\\\/folhapopular.info\\\/wp-content\\\/uploads\\\/2019\\\/10\\\/celebra\u00e7\u00e3o-e1572462237861.jpg\",\"width\":800,\"height\":533,\"caption\":\"Celebra\u00e7\u00e3o ser\u00e1 realizada em parceria da IECLB com a IELB \\\/ Cr\u00e9dito da foto; Renata Leal \\\/ Divulga\u00e7\u00e3o\"},{\"@type\":\"BreadcrumbList\",\"@id\":\"https:\\\/\\\/folhapopular.info\\\/index.php\\\/2019\\\/10\\\/30\\\/celebracao-da-reforma-luterana-ocorre-quinta-feira\\\/#breadcrumb\",\"itemListElement\":[{\"@type\":\"ListItem\",\"position\":1,\"name\":\"In\u00edcio\",\"item\":\"https:\\\/\\\/folhapopular.info\\\/\"},{\"@type\":\"ListItem\",\"position\":2,\"name\":\"Celebra\u00e7\u00e3o da Reforma Luterana ocorre quinta-feira, em Lajeado\"}]},{\"@type\":\"WebSite\",\"@id\":\"https:\\\/\\\/folhapopular.info\\\/#website\",\"url\":\"https:\\\/\\\/folhapopular.info\\\/\",\"name\":\"Folha Popular\",\"description\":\"Onde voc\u00ea tem vez e voz\",\"potentialAction\":[{\"@type\":\"SearchAction\",\"target\":{\"@type\":\"EntryPoint\",\"urlTemplate\":\"https:\\\/\\\/folhapopular.info\\\/?s={search_term_string}\"},\"query-input\":{\"@type\":\"PropertyValueSpecification\",\"valueRequired\":true,\"valueName\":\"search_term_string\"}}],\"inLanguage\":\"pt-BR\"},{\"@type\":\"Person\",\"@id\":\"https:\\\/\\\/folhapopular.info\\\/#\\\/schema\\\/person\\\/2814e8a0df7643585a9ca38bc6eb9d4b\",\"name\":\"Reda\u00e7\u00e3o Folha Popular\",\"image\":{\"@type\":\"ImageObject\",\"inLanguage\":\"pt-BR\",\"@id\":\"https:\\\/\\\/folhapopular.info\\\/wp-content\\\/uploads\\\/2026\\\/04\\\/Folha-1.webp\",\"url\":\"https:\\\/\\\/folhapopular.info\\\/wp-content\\\/uploads\\\/2026\\\/04\\\/Folha-1.webp\",\"contentUrl\":\"https:\\\/\\\/folhapopular.info\\\/wp-content\\\/uploads\\\/2026\\\/04\\\/Folha-1.webp\",\"caption\":\"Reda\u00e7\u00e3o Folha Popular\"},\"url\":\"https:\\\/\\\/folhapopular.info\\\/index.php\\\/author\\\/redacao\\\/\"}]}<\/script>\n<!-- \/ Yoast SEO plugin. -->","yoast_head_json":{"title":"Celebra\u00e7\u00e3o da Reforma Luterana ocorre quinta-feira, em Lajeado - Folha Popular","robots":{"index":"index","follow":"follow","max-snippet":"max-snippet:-1","max-image-preview":"max-image-preview:large","max-video-preview":"max-video-preview:-1"},"canonical":"https:\/\/folhapopular.info\/index.php\/2019\/10\/30\/celebracao-da-reforma-luterana-ocorre-quinta-feira\/","og_locale":"pt_BR","og_type":"article","og_title":"Celebra\u00e7\u00e3o da Reforma Luterana ocorre quinta-feira, em Lajeado - Folha Popular","og_description":"Na quinta-feira (31\/10) ser\u00e1 realizada a Celebra\u00e7\u00e3o da Reforma Luterana \u00e0s 9h na Comunidade Evang\u00e9lica de Confiss\u00e3o Luterana no Brasil (IECLB) na Rua Alberto Torres, 310, bairro Centro em Lajeado. O encontro \u00e9 realizado pela IECLB de Lajeado em parceria com a Igreja Evang\u00e9lica Luterana do Brasil (IELB) e cada ano uma das igrejas fica [&hellip;]","og_url":"https:\/\/folhapopular.info\/index.php\/2019\/10\/30\/celebracao-da-reforma-luterana-ocorre-quinta-feira\/","og_site_name":"Folha Popular","article_published_time":"2019-10-30T19:20:12+00:00","og_image":[{"width":800,"height":533,"url":"https:\/\/folhapopular.info\/wp-content\/uploads\/2019\/10\/celebra\u00e7\u00e3o-e1572462237861.jpg","type":"image\/jpeg"}],"author":"Reda\u00e7\u00e3o Folha Popular","twitter_card":"summary_large_image","twitter_misc":{"Escrito por":"Reda\u00e7\u00e3o Folha Popular","Est. tempo de leitura":"1 minuto"},"schema":{"@context":"https:\/\/schema.org","@graph":[{"@type":"Article","@id":"https:\/\/folhapopular.info\/index.php\/2019\/10\/30\/celebracao-da-reforma-luterana-ocorre-quinta-feira\/#article","isPartOf":{"@id":"https:\/\/folhapopular.info\/index.php\/2019\/10\/30\/celebracao-da-reforma-luterana-ocorre-quinta-feira\/"},"author":{"name":"Reda\u00e7\u00e3o Folha Popular","@id":"https:\/\/folhapopular.info\/#\/schema\/person\/2814e8a0df7643585a9ca38bc6eb9d4b"},"headline":"Celebra\u00e7\u00e3o da Reforma Luterana ocorre quinta-feira, em Lajeado","datePublished":"2019-10-30T19:20:12+00:00","mainEntityOfPage":{"@id":"https:\/\/folhapopular.info\/index.php\/2019\/10\/30\/celebracao-da-reforma-luterana-ocorre-quinta-feira\/"},"wordCount":112,"commentCount":0,"image":{"@id":"https:\/\/folhapopular.info\/index.php\/2019\/10\/30\/celebracao-da-reforma-luterana-ocorre-quinta-feira\/#primaryimage"},"thumbnailUrl":"https:\/\/folhapopular.info\/wp-content\/uploads\/2019\/10\/celebra\u00e7\u00e3o-e1572462237861.jpg","keywords":["Dia da Reforma","Lajeado"],"articleSection":["Destaques","Geral"],"inLanguage":"pt-BR","potentialAction":[{"@type":"CommentAction","name":"Comment","target":["https:\/\/folhapopular.info\/index.php\/2019\/10\/30\/celebracao-da-reforma-luterana-ocorre-quinta-feira\/#respond"]}]},{"@type":"WebPage","@id":"https:\/\/folhapopular.info\/index.php\/2019\/10\/30\/celebracao-da-reforma-luterana-ocorre-quinta-feira\/","url":"https:\/\/folhapopular.info\/index.php\/2019\/10\/30\/celebracao-da-reforma-luterana-ocorre-quinta-feira\/","name":"Celebra\u00e7\u00e3o da Reforma Luterana ocorre quinta-feira, em Lajeado - Folha Popular","isPartOf":{"@id":"https:\/\/folhapopular.info\/#website"},"primaryImageOfPage":{"@id":"https:\/\/folhapopular.info\/index.php\/2019\/10\/30\/celebracao-da-reforma-luterana-ocorre-quinta-feira\/#primaryimage"},"image":{"@id":"https:\/\/folhapopular.info\/index.php\/2019\/10\/30\/celebracao-da-reforma-luterana-ocorre-quinta-feira\/#primaryimage"},"thumbnailUrl":"https:\/\/folhapopular.info\/wp-content\/uploads\/2019\/10\/celebra\u00e7\u00e3o-e1572462237861.jpg","datePublished":"2019-10-30T19:20:12+00:00","author":{"@id":"https:\/\/folhapopular.info\/#\/schema\/person\/2814e8a0df7643585a9ca38bc6eb9d4b"},"breadcrumb":{"@id":"https:\/\/folhapopular.info\/index.php\/2019\/10\/30\/celebracao-da-reforma-luterana-ocorre-quinta-feira\/#breadcrumb"},"inLanguage":"pt-BR","potentialAction":[{"@type":"ReadAction","target":["https:\/\/folhapopular.info\/index.php\/2019\/10\/30\/celebracao-da-reforma-luterana-ocorre-quinta-feira\/"]}]},{"@type":"ImageObject","inLanguage":"pt-BR","@id":"https:\/\/folhapopular.info\/index.php\/2019\/10\/30\/celebracao-da-reforma-luterana-ocorre-quinta-feira\/#primaryimage","url":"https:\/\/folhapopular.info\/wp-content\/uploads\/2019\/10\/celebra\u00e7\u00e3o-e1572462237861.jpg","contentUrl":"https:\/\/folhapopular.info\/wp-content\/uploads\/2019\/10\/celebra\u00e7\u00e3o-e1572462237861.jpg","width":800,"height":533,"caption":"Celebra\u00e7\u00e3o ser\u00e1 realizada em parceria da IECLB com a IELB \/ Cr\u00e9dito da foto; Renata Leal \/ Divulga\u00e7\u00e3o"},{"@type":"BreadcrumbList","@id":"https:\/\/folhapopular.info\/index.php\/2019\/10\/30\/celebracao-da-reforma-luterana-ocorre-quinta-feira\/#breadcrumb","itemListElement":[{"@type":"ListItem","position":1,"name":"In\u00edcio","item":"https:\/\/folhapopular.info\/"},{"@type":"ListItem","position":2,"name":"Celebra\u00e7\u00e3o da Reforma Luterana ocorre quinta-feira, em Lajeado"}]},{"@type":"WebSite","@id":"https:\/\/folhapopular.info\/#website","url":"https:\/\/folhapopular.info\/","name":"Folha Popular","description":"Onde voc\u00ea tem vez e voz","potentialAction":[{"@type":"SearchAction","target":{"@type":"EntryPoint","urlTemplate":"https:\/\/folhapopular.info\/?s={search_term_string}"},"query-input":{"@type":"PropertyValueSpecification","valueRequired":true,"valueName":"search_term_string"}}],"inLanguage":"pt-BR"},{"@type":"Person","@id":"https:\/\/folhapopular.info\/#\/schema\/person\/2814e8a0df7643585a9ca38bc6eb9d4b","name":"Reda\u00e7\u00e3o Folha Popular","image":{"@type":"ImageObject","inLanguage":"pt-BR","@id":"https:\/\/folhapopular.info\/wp-content\/uploads\/2026\/04\/Folha-1.webp","url":"https:\/\/folhapopular.info\/wp-content\/uploads\/2026\/04\/Folha-1.webp","contentUrl":"https:\/\/folhapopular.info\/wp-content\/uploads\/2026\/04\/Folha-1.webp","caption":"Reda\u00e7\u00e3o Folha Popular"},"url":"https:\/\/folhapopular.info\/index.php\/author\/redacao\/"}]}},"jetpack_featured_media_url":"https:\/\/folhapopular.info\/wp-content\/uploads\/2019\/10\/celebra\u00e7\u00e3o-e1572462237861.jpg","jetpack_sharing_enabled":true,"amp_enabled":true,"_links":{"self":[{"href":"https:\/\/folhapopular.info\/index.php\/wp-json\/wp\/v2\/posts\/60848","targetHints":{"allow":["GET"]}}],"collection":[{"href":"https:\/\/folhapopular.info\/index.php\/wp-json\/wp\/v2\/posts"}],"about":[{"href":"https:\/\/folhapopular.info\/index.php\/wp-json\/wp\/v2\/types\/post"}],"author":[{"embeddable":true,"href":"https:\/\/folhapopular.info\/index.php\/wp-json\/wp\/v2\/users\/8"}],"replies":[{"embeddable":true,"href":"https:\/\/folhapopular.info\/index.php\/wp-json\/wp\/v2\/comments?post=60848"}],"version-history":[{"count":0,"href":"https:\/\/folhapopular.info\/index.php\/wp-json\/wp\/v2\/posts\/60848\/revisions"}],"wp:featuredmedia":[{"embeddable":true,"href":"https:\/\/folhapopular.info\/index.php\/wp-json\/wp\/v2\/media\/60849"}],"wp:attachment":[{"href":"https:\/\/folhapopular.info\/index.php\/wp-json\/wp\/v2\/media?parent=60848"}],"wp:term":[{"taxonomy":"category","embeddable":true,"href":"https:\/\/folhapopular.info\/index.php\/wp-json\/wp\/v2\/categories?post=60848"},{"taxonomy":"post_tag","embeddable":true,"href":"https:\/\/folhapopular.info\/index.php\/wp-json\/wp\/v2\/tags?post=60848"}],"curies":[{"name":"wp","href":"https:\/\/api.w.org\/{rel}","templated":true}]}}