{"id":60994,"date":"2019-11-05T15:20:07","date_gmt":"2019-11-05T18:20:07","guid":{"rendered":"https:\/\/folhapopular.info\/?p=60994"},"modified":"2019-11-05T15:06:31","modified_gmt":"2019-11-05T18:06:31","slug":"enchente-prefeitura-de-lajeado-retira-familias-de-areas-de-risco","status":"publish","type":"post","link":"https:\/\/folhapopular.info\/index.php\/2019\/11\/05\/enchente-prefeitura-de-lajeado-retira-familias-de-areas-de-risco\/","title":{"rendered":"Enchente: Prefeitura de Lajeado retira fam\u00edlias de \u00e1reas de risco"},"content":{"rendered":"\n<p>Desde a manh\u00e3 desta ter\u00e7a-feira (05\/11), a Prefeitura de\u00a0Lajeado, por meio da Defesa Civil e diversas secretarias, realiza a retirada de fam\u00edlias que podem ser atingidas pela cheia do Rio Taquari. Os primeiros atendimentos ocorreram na Rua Francisco Oscar Karnal, no Bairro Centro. As fam\u00edlias ser\u00e3o abrigadas no pavilh\u00e3o 3 do Parque do Imigrante.<\/p>\n\n\n\n<p>Segundo o coordenador da Defesa Civil de\u00a0Lajeado, Heitor Hoppe, neste momento a prioridade \u00e9 retirar todas as fam\u00edlias que estiverem em \u00e1reas que podem ser inundadas. A estimativa \u00e9 retirar cerca de 30 fam\u00edlias no primeiro momento. Hoppe ainda alerta a popula\u00e7\u00e3o para que n\u00e3o estacionem e tamb\u00e9m retirem os carros da Avenida D\u00e9cio Martins Costa e no Parque dos Dick. J\u00e1 o Departamento de Tr\u00e2nsito est\u00e1 trabalhando no fechamento das vias e acessos que ser\u00e3o interrompidos em fun\u00e7\u00e3o de alagamentos. A Secretaria do Meio Ambiente (Sema) providenciou assist\u00eancia para abrigar animais das fam\u00edlias. No Parque do Imigrante, tamb\u00e9m receber\u00e3o atendimento das Secretarias do Trabalho, Habita\u00e7\u00e3o e Assist\u00eancia Social (Sthas) e Sa\u00fade (Sesa).<\/p>\n\n\n\n<p>Segundo Hoppe, ainda n\u00e3o \u00e9 poss\u00edvel prever a cota que o Rio vai atingir. Qualquer emerg\u00eancia, pode-se contatar a Defesa Civil pelo fone (51) 3982-1150. <\/p>\n","protected":false},"excerpt":{"rendered":"<p>Desde a manh\u00e3 desta ter\u00e7a-feira (05\/11), a Prefeitura de\u00a0Lajeado, por meio da Defesa Civil e diversas secretarias, realiza a retirada de fam\u00edlias que podem ser atingidas pela cheia do Rio Taquari. Os primeiros atendimentos ocorreram na Rua Francisco Oscar Karnal, no Bairro Centro. As fam\u00edlias ser\u00e3o abrigadas no pavilh\u00e3o 3 do Parque do Imigrante. Segundo [&hellip;]<\/p>\n","protected":false},"author":8,"featured_media":60996,"comment_status":"open","ping_status":"open","sticky":false,"template":"","format":"standard","meta":{"pmpro_default_level":"","_jetpack_memberships_contains_paid_content":false,"footnotes":""},"categories":[2,3],"tags":[27,207],"class_list":{"0":"post-60994","1":"post","2":"type-post","3":"status-publish","4":"format-standard","5":"has-post-thumbnail","7":"category-featured","8":"category-geral","9":"tag-lajeado","10":"tag-rio-taquari","11":"pmpro-has-access"},"yoast_head":"<!-- This site is optimized with the Yoast SEO plugin v27.5 - https:\/\/yoast.com\/product\/yoast-seo-wordpress\/ -->\n<title>Enchente: Prefeitura de Lajeado retira fam\u00edlias de \u00e1reas de risco - Folha Popular<\/title>\n<meta name=\"robots\" content=\"index, follow, max-snippet:-1, max-image-preview:large, max-video-preview:-1\" \/>\n<link rel=\"canonical\" href=\"https:\/\/folhapopular.info\/index.php\/2019\/11\/05\/enchente-prefeitura-de-lajeado-retira-familias-de-areas-de-risco\/\" \/>\n<meta property=\"og:locale\" content=\"pt_BR\" \/>\n<meta property=\"og:type\" content=\"article\" \/>\n<meta property=\"og:title\" content=\"Enchente: Prefeitura de Lajeado retira fam\u00edlias de \u00e1reas de risco - Folha Popular\" \/>\n<meta property=\"og:description\" content=\"Desde a manh\u00e3 desta ter\u00e7a-feira (05\/11), a Prefeitura de\u00a0Lajeado, por meio da Defesa Civil e diversas secretarias, realiza a retirada de fam\u00edlias que podem ser atingidas pela cheia do Rio Taquari. Os primeiros atendimentos ocorreram na Rua Francisco Oscar Karnal, no Bairro Centro. As fam\u00edlias ser\u00e3o abrigadas no pavilh\u00e3o 3 do Parque do Imigrante. Segundo [&hellip;]\" \/>\n<meta property=\"og:url\" content=\"https:\/\/folhapopular.info\/index.php\/2019\/11\/05\/enchente-prefeitura-de-lajeado-retira-familias-de-areas-de-risco\/\" \/>\n<meta property=\"og:site_name\" content=\"Folha Popular\" \/>\n<meta property=\"article:published_time\" content=\"2019-11-05T18:20:07+00:00\" \/>\n<meta property=\"og:image\" content=\"https:\/\/folhapopular.info\/wp-content\/uploads\/2019\/11\/75492491_2520067291408470_6164875797594112000_n.jpg\" \/>\n\t<meta property=\"og:image:width\" content=\"960\" \/>\n\t<meta property=\"og:image:height\" content=\"960\" \/>\n\t<meta property=\"og:image:type\" content=\"image\/jpeg\" \/>\n<meta name=\"author\" content=\"Reda\u00e7\u00e3o Folha Popular\" \/>\n<meta name=\"twitter:card\" content=\"summary_large_image\" \/>\n<meta name=\"twitter:label1\" content=\"Escrito por\" \/>\n\t<meta name=\"twitter:data1\" content=\"Reda\u00e7\u00e3o Folha Popular\" \/>\n\t<meta name=\"twitter:label2\" content=\"Est. tempo de leitura\" \/>\n\t<meta name=\"twitter:data2\" content=\"1 minuto\" \/>\n<script type=\"application\/ld+json\" class=\"yoast-schema-graph\">{\"@context\":\"https:\\\/\\\/schema.org\",\"@graph\":[{\"@type\":\"Article\",\"@id\":\"https:\\\/\\\/folhapopular.info\\\/index.php\\\/2019\\\/11\\\/05\\\/enchente-prefeitura-de-lajeado-retira-familias-de-areas-de-risco\\\/#article\",\"isPartOf\":{\"@id\":\"https:\\\/\\\/folhapopular.info\\\/index.php\\\/2019\\\/11\\\/05\\\/enchente-prefeitura-de-lajeado-retira-familias-de-areas-de-risco\\\/\"},\"author\":{\"name\":\"Reda\u00e7\u00e3o Folha Popular\",\"@id\":\"https:\\\/\\\/folhapopular.info\\\/#\\\/schema\\\/person\\\/2814e8a0df7643585a9ca38bc6eb9d4b\"},\"headline\":\"Enchente: Prefeitura de Lajeado retira fam\u00edlias de \u00e1reas de risco\",\"datePublished\":\"2019-11-05T18:20:07+00:00\",\"mainEntityOfPage\":{\"@id\":\"https:\\\/\\\/folhapopular.info\\\/index.php\\\/2019\\\/11\\\/05\\\/enchente-prefeitura-de-lajeado-retira-familias-de-areas-de-risco\\\/\"},\"wordCount\":222,\"commentCount\":0,\"image\":{\"@id\":\"https:\\\/\\\/folhapopular.info\\\/index.php\\\/2019\\\/11\\\/05\\\/enchente-prefeitura-de-lajeado-retira-familias-de-areas-de-risco\\\/#primaryimage\"},\"thumbnailUrl\":\"https:\\\/\\\/folhapopular.info\\\/wp-content\\\/uploads\\\/2019\\\/11\\\/75492491_2520067291408470_6164875797594112000_n.jpg\",\"keywords\":[\"Lajeado\",\"Rio Taquari\"],\"articleSection\":[\"Destaques\",\"Geral\"],\"inLanguage\":\"pt-BR\",\"potentialAction\":[{\"@type\":\"CommentAction\",\"name\":\"Comment\",\"target\":[\"https:\\\/\\\/folhapopular.info\\\/index.php\\\/2019\\\/11\\\/05\\\/enchente-prefeitura-de-lajeado-retira-familias-de-areas-de-risco\\\/#respond\"]}]},{\"@type\":\"WebPage\",\"@id\":\"https:\\\/\\\/folhapopular.info\\\/index.php\\\/2019\\\/11\\\/05\\\/enchente-prefeitura-de-lajeado-retira-familias-de-areas-de-risco\\\/\",\"url\":\"https:\\\/\\\/folhapopular.info\\\/index.php\\\/2019\\\/11\\\/05\\\/enchente-prefeitura-de-lajeado-retira-familias-de-areas-de-risco\\\/\",\"name\":\"Enchente: Prefeitura de Lajeado retira fam\u00edlias de \u00e1reas de risco - Folha Popular\",\"isPartOf\":{\"@id\":\"https:\\\/\\\/folhapopular.info\\\/#website\"},\"primaryImageOfPage\":{\"@id\":\"https:\\\/\\\/folhapopular.info\\\/index.php\\\/2019\\\/11\\\/05\\\/enchente-prefeitura-de-lajeado-retira-familias-de-areas-de-risco\\\/#primaryimage\"},\"image\":{\"@id\":\"https:\\\/\\\/folhapopular.info\\\/index.php\\\/2019\\\/11\\\/05\\\/enchente-prefeitura-de-lajeado-retira-familias-de-areas-de-risco\\\/#primaryimage\"},\"thumbnailUrl\":\"https:\\\/\\\/folhapopular.info\\\/wp-content\\\/uploads\\\/2019\\\/11\\\/75492491_2520067291408470_6164875797594112000_n.jpg\",\"datePublished\":\"2019-11-05T18:20:07+00:00\",\"author\":{\"@id\":\"https:\\\/\\\/folhapopular.info\\\/#\\\/schema\\\/person\\\/2814e8a0df7643585a9ca38bc6eb9d4b\"},\"breadcrumb\":{\"@id\":\"https:\\\/\\\/folhapopular.info\\\/index.php\\\/2019\\\/11\\\/05\\\/enchente-prefeitura-de-lajeado-retira-familias-de-areas-de-risco\\\/#breadcrumb\"},\"inLanguage\":\"pt-BR\",\"potentialAction\":[{\"@type\":\"ReadAction\",\"target\":[\"https:\\\/\\\/folhapopular.info\\\/index.php\\\/2019\\\/11\\\/05\\\/enchente-prefeitura-de-lajeado-retira-familias-de-areas-de-risco\\\/\"]}]},{\"@type\":\"ImageObject\",\"inLanguage\":\"pt-BR\",\"@id\":\"https:\\\/\\\/folhapopular.info\\\/index.php\\\/2019\\\/11\\\/05\\\/enchente-prefeitura-de-lajeado-retira-familias-de-areas-de-risco\\\/#primaryimage\",\"url\":\"https:\\\/\\\/folhapopular.info\\\/wp-content\\\/uploads\\\/2019\\\/11\\\/75492491_2520067291408470_6164875797594112000_n.jpg\",\"contentUrl\":\"https:\\\/\\\/folhapopular.info\\\/wp-content\\\/uploads\\\/2019\\\/11\\\/75492491_2520067291408470_6164875797594112000_n.jpg\",\"width\":960,\"height\":960,\"caption\":\"Fam\u00edlia est\u00e3o sendo levadas para o Parque do Imigrante\"},{\"@type\":\"BreadcrumbList\",\"@id\":\"https:\\\/\\\/folhapopular.info\\\/index.php\\\/2019\\\/11\\\/05\\\/enchente-prefeitura-de-lajeado-retira-familias-de-areas-de-risco\\\/#breadcrumb\",\"itemListElement\":[{\"@type\":\"ListItem\",\"position\":1,\"name\":\"In\u00edcio\",\"item\":\"https:\\\/\\\/folhapopular.info\\\/\"},{\"@type\":\"ListItem\",\"position\":2,\"name\":\"Enchente: Prefeitura de Lajeado retira fam\u00edlias de \u00e1reas de risco\"}]},{\"@type\":\"WebSite\",\"@id\":\"https:\\\/\\\/folhapopular.info\\\/#website\",\"url\":\"https:\\\/\\\/folhapopular.info\\\/\",\"name\":\"Folha Popular\",\"description\":\"Onde voc\u00ea tem vez e voz\",\"potentialAction\":[{\"@type\":\"SearchAction\",\"target\":{\"@type\":\"EntryPoint\",\"urlTemplate\":\"https:\\\/\\\/folhapopular.info\\\/?s={search_term_string}\"},\"query-input\":{\"@type\":\"PropertyValueSpecification\",\"valueRequired\":true,\"valueName\":\"search_term_string\"}}],\"inLanguage\":\"pt-BR\"},{\"@type\":\"Person\",\"@id\":\"https:\\\/\\\/folhapopular.info\\\/#\\\/schema\\\/person\\\/2814e8a0df7643585a9ca38bc6eb9d4b\",\"name\":\"Reda\u00e7\u00e3o Folha Popular\",\"image\":{\"@type\":\"ImageObject\",\"inLanguage\":\"pt-BR\",\"@id\":\"https:\\\/\\\/folhapopular.info\\\/wp-content\\\/uploads\\\/2026\\\/04\\\/Folha-1.webp\",\"url\":\"https:\\\/\\\/folhapopular.info\\\/wp-content\\\/uploads\\\/2026\\\/04\\\/Folha-1.webp\",\"contentUrl\":\"https:\\\/\\\/folhapopular.info\\\/wp-content\\\/uploads\\\/2026\\\/04\\\/Folha-1.webp\",\"caption\":\"Reda\u00e7\u00e3o Folha Popular\"},\"url\":\"https:\\\/\\\/folhapopular.info\\\/index.php\\\/author\\\/redacao\\\/\"}]}<\/script>\n<!-- \/ Yoast SEO plugin. -->","yoast_head_json":{"title":"Enchente: Prefeitura de Lajeado retira fam\u00edlias de \u00e1reas de risco - Folha Popular","robots":{"index":"index","follow":"follow","max-snippet":"max-snippet:-1","max-image-preview":"max-image-preview:large","max-video-preview":"max-video-preview:-1"},"canonical":"https:\/\/folhapopular.info\/index.php\/2019\/11\/05\/enchente-prefeitura-de-lajeado-retira-familias-de-areas-de-risco\/","og_locale":"pt_BR","og_type":"article","og_title":"Enchente: Prefeitura de Lajeado retira fam\u00edlias de \u00e1reas de risco - Folha Popular","og_description":"Desde a manh\u00e3 desta ter\u00e7a-feira (05\/11), a Prefeitura de\u00a0Lajeado, por meio da Defesa Civil e diversas secretarias, realiza a retirada de fam\u00edlias que podem ser atingidas pela cheia do Rio Taquari. Os primeiros atendimentos ocorreram na Rua Francisco Oscar Karnal, no Bairro Centro. As fam\u00edlias ser\u00e3o abrigadas no pavilh\u00e3o 3 do Parque do Imigrante. Segundo [&hellip;]","og_url":"https:\/\/folhapopular.info\/index.php\/2019\/11\/05\/enchente-prefeitura-de-lajeado-retira-familias-de-areas-de-risco\/","og_site_name":"Folha Popular","article_published_time":"2019-11-05T18:20:07+00:00","og_image":[{"width":960,"height":960,"url":"https:\/\/folhapopular.info\/wp-content\/uploads\/2019\/11\/75492491_2520067291408470_6164875797594112000_n.jpg","type":"image\/jpeg"}],"author":"Reda\u00e7\u00e3o Folha Popular","twitter_card":"summary_large_image","twitter_misc":{"Escrito por":"Reda\u00e7\u00e3o Folha Popular","Est. tempo de leitura":"1 minuto"},"schema":{"@context":"https:\/\/schema.org","@graph":[{"@type":"Article","@id":"https:\/\/folhapopular.info\/index.php\/2019\/11\/05\/enchente-prefeitura-de-lajeado-retira-familias-de-areas-de-risco\/#article","isPartOf":{"@id":"https:\/\/folhapopular.info\/index.php\/2019\/11\/05\/enchente-prefeitura-de-lajeado-retira-familias-de-areas-de-risco\/"},"author":{"name":"Reda\u00e7\u00e3o Folha Popular","@id":"https:\/\/folhapopular.info\/#\/schema\/person\/2814e8a0df7643585a9ca38bc6eb9d4b"},"headline":"Enchente: Prefeitura de Lajeado retira fam\u00edlias de \u00e1reas de risco","datePublished":"2019-11-05T18:20:07+00:00","mainEntityOfPage":{"@id":"https:\/\/folhapopular.info\/index.php\/2019\/11\/05\/enchente-prefeitura-de-lajeado-retira-familias-de-areas-de-risco\/"},"wordCount":222,"commentCount":0,"image":{"@id":"https:\/\/folhapopular.info\/index.php\/2019\/11\/05\/enchente-prefeitura-de-lajeado-retira-familias-de-areas-de-risco\/#primaryimage"},"thumbnailUrl":"https:\/\/folhapopular.info\/wp-content\/uploads\/2019\/11\/75492491_2520067291408470_6164875797594112000_n.jpg","keywords":["Lajeado","Rio Taquari"],"articleSection":["Destaques","Geral"],"inLanguage":"pt-BR","potentialAction":[{"@type":"CommentAction","name":"Comment","target":["https:\/\/folhapopular.info\/index.php\/2019\/11\/05\/enchente-prefeitura-de-lajeado-retira-familias-de-areas-de-risco\/#respond"]}]},{"@type":"WebPage","@id":"https:\/\/folhapopular.info\/index.php\/2019\/11\/05\/enchente-prefeitura-de-lajeado-retira-familias-de-areas-de-risco\/","url":"https:\/\/folhapopular.info\/index.php\/2019\/11\/05\/enchente-prefeitura-de-lajeado-retira-familias-de-areas-de-risco\/","name":"Enchente: Prefeitura de Lajeado retira fam\u00edlias de \u00e1reas de risco - Folha Popular","isPartOf":{"@id":"https:\/\/folhapopular.info\/#website"},"primaryImageOfPage":{"@id":"https:\/\/folhapopular.info\/index.php\/2019\/11\/05\/enchente-prefeitura-de-lajeado-retira-familias-de-areas-de-risco\/#primaryimage"},"image":{"@id":"https:\/\/folhapopular.info\/index.php\/2019\/11\/05\/enchente-prefeitura-de-lajeado-retira-familias-de-areas-de-risco\/#primaryimage"},"thumbnailUrl":"https:\/\/folhapopular.info\/wp-content\/uploads\/2019\/11\/75492491_2520067291408470_6164875797594112000_n.jpg","datePublished":"2019-11-05T18:20:07+00:00","author":{"@id":"https:\/\/folhapopular.info\/#\/schema\/person\/2814e8a0df7643585a9ca38bc6eb9d4b"},"breadcrumb":{"@id":"https:\/\/folhapopular.info\/index.php\/2019\/11\/05\/enchente-prefeitura-de-lajeado-retira-familias-de-areas-de-risco\/#breadcrumb"},"inLanguage":"pt-BR","potentialAction":[{"@type":"ReadAction","target":["https:\/\/folhapopular.info\/index.php\/2019\/11\/05\/enchente-prefeitura-de-lajeado-retira-familias-de-areas-de-risco\/"]}]},{"@type":"ImageObject","inLanguage":"pt-BR","@id":"https:\/\/folhapopular.info\/index.php\/2019\/11\/05\/enchente-prefeitura-de-lajeado-retira-familias-de-areas-de-risco\/#primaryimage","url":"https:\/\/folhapopular.info\/wp-content\/uploads\/2019\/11\/75492491_2520067291408470_6164875797594112000_n.jpg","contentUrl":"https:\/\/folhapopular.info\/wp-content\/uploads\/2019\/11\/75492491_2520067291408470_6164875797594112000_n.jpg","width":960,"height":960,"caption":"Fam\u00edlia est\u00e3o sendo levadas para o Parque do Imigrante"},{"@type":"BreadcrumbList","@id":"https:\/\/folhapopular.info\/index.php\/2019\/11\/05\/enchente-prefeitura-de-lajeado-retira-familias-de-areas-de-risco\/#breadcrumb","itemListElement":[{"@type":"ListItem","position":1,"name":"In\u00edcio","item":"https:\/\/folhapopular.info\/"},{"@type":"ListItem","position":2,"name":"Enchente: Prefeitura de Lajeado retira fam\u00edlias de \u00e1reas de risco"}]},{"@type":"WebSite","@id":"https:\/\/folhapopular.info\/#website","url":"https:\/\/folhapopular.info\/","name":"Folha Popular","description":"Onde voc\u00ea tem vez e voz","potentialAction":[{"@type":"SearchAction","target":{"@type":"EntryPoint","urlTemplate":"https:\/\/folhapopular.info\/?s={search_term_string}"},"query-input":{"@type":"PropertyValueSpecification","valueRequired":true,"valueName":"search_term_string"}}],"inLanguage":"pt-BR"},{"@type":"Person","@id":"https:\/\/folhapopular.info\/#\/schema\/person\/2814e8a0df7643585a9ca38bc6eb9d4b","name":"Reda\u00e7\u00e3o Folha Popular","image":{"@type":"ImageObject","inLanguage":"pt-BR","@id":"https:\/\/folhapopular.info\/wp-content\/uploads\/2026\/04\/Folha-1.webp","url":"https:\/\/folhapopular.info\/wp-content\/uploads\/2026\/04\/Folha-1.webp","contentUrl":"https:\/\/folhapopular.info\/wp-content\/uploads\/2026\/04\/Folha-1.webp","caption":"Reda\u00e7\u00e3o Folha Popular"},"url":"https:\/\/folhapopular.info\/index.php\/author\/redacao\/"}]}},"jetpack_featured_media_url":"https:\/\/folhapopular.info\/wp-content\/uploads\/2019\/11\/75492491_2520067291408470_6164875797594112000_n.jpg","jetpack_sharing_enabled":true,"amp_enabled":true,"_links":{"self":[{"href":"https:\/\/folhapopular.info\/index.php\/wp-json\/wp\/v2\/posts\/60994","targetHints":{"allow":["GET"]}}],"collection":[{"href":"https:\/\/folhapopular.info\/index.php\/wp-json\/wp\/v2\/posts"}],"about":[{"href":"https:\/\/folhapopular.info\/index.php\/wp-json\/wp\/v2\/types\/post"}],"author":[{"embeddable":true,"href":"https:\/\/folhapopular.info\/index.php\/wp-json\/wp\/v2\/users\/8"}],"replies":[{"embeddable":true,"href":"https:\/\/folhapopular.info\/index.php\/wp-json\/wp\/v2\/comments?post=60994"}],"version-history":[{"count":0,"href":"https:\/\/folhapopular.info\/index.php\/wp-json\/wp\/v2\/posts\/60994\/revisions"}],"wp:featuredmedia":[{"embeddable":true,"href":"https:\/\/folhapopular.info\/index.php\/wp-json\/wp\/v2\/media\/60996"}],"wp:attachment":[{"href":"https:\/\/folhapopular.info\/index.php\/wp-json\/wp\/v2\/media?parent=60994"}],"wp:term":[{"taxonomy":"category","embeddable":true,"href":"https:\/\/folhapopular.info\/index.php\/wp-json\/wp\/v2\/categories?post=60994"},{"taxonomy":"post_tag","embeddable":true,"href":"https:\/\/folhapopular.info\/index.php\/wp-json\/wp\/v2\/tags?post=60994"}],"curies":[{"name":"wp","href":"https:\/\/api.w.org\/{rel}","templated":true}]}}