{"id":61005,"date":"2019-11-05T17:20:00","date_gmt":"2019-11-05T20:20:00","guid":{"rendered":"https:\/\/folhapopular.info\/?p=61005"},"modified":"2019-11-05T15:44:08","modified_gmt":"2019-11-05T18:44:08","slug":"associados-da-languiru-buscam-novas-experiencias-em-cooperativa-do-parana","status":"publish","type":"post","link":"https:\/\/folhapopular.info\/index.php\/2019\/11\/05\/associados-da-languiru-buscam-novas-experiencias-em-cooperativa-do-parana\/","title":{"rendered":"Associados da Languiru buscam novas experi\u00eancias em cooperativa do Paran\u00e1"},"content":{"rendered":"\n<p>Entre os dias 20 e 22 de outubro, associados que participam ou j\u00e1 conclu\u00edram cursos de qualifica\u00e7\u00e3o desenvolvidos pela Cooperativa Languiru, como o Programa de Sucess\u00e3o Familiar e o Programa de Desenvolvimento da Lideran\u00e7a Cooperativa, integraram grupo que realizou viajem t\u00e9cnica ao Paran\u00e1. Destino, a cidade de Medianeira, onde est\u00e1 sediada a Cooperativa Lar, uma das maiores organiza\u00e7\u00f5es do sistema no Brasil.<\/p>\n\n\n\n<p>O bem-estar animal, a agrega\u00e7\u00e3o de valor \u00e0 mat\u00e9ria-prima, os investimentos na qualifica\u00e7\u00e3o do quadro social e a consolida\u00e7\u00e3o do sistema de governan\u00e7a cooperativa foram alguns dos aspectos observados, al\u00e9m da troca de experi\u00eancias. Ainda acompanharam a comitiva profissionais do Departamento T\u00e9cnico e do setor de Comunica\u00e7\u00e3o, Marketing e Cooperativismo.<\/p>\n\n\n\n<p><strong>\u00cdndices t\u00e9cnicos e programas sociais<\/strong><\/p>\n\n\n\n<p>A Lar preparou diversificada e entusiasmada programa\u00e7\u00e3o para os ga\u00fachos. O grupo foi recepcionado pelo vice-presidente Urbano In\u00e1cio Frey, que relatou como est\u00e3o organizados a estrutura e os neg\u00f3cios da Lar. Al\u00e9m disso, o dirigente compartilhou n\u00fameros relacionados aos \u00edndices t\u00e9cnicos e pre\u00e7os de mercado da cooperativa paranaense. Observou que os \u00edndices t\u00e9cnicos servem para diferenciar e valorizar os bons produtores. O encontro tamb\u00e9m contou com a presen\u00e7a da assessora de A\u00e7\u00e3o Educativa, Margarida Knapp Pieniz.<\/p>\n\n\n\n<p>\u00a0Os conselheiros Adriano Finger e Isabela Albuquerque falaram sobre programas sociais, mencionando a organiza\u00e7\u00e3o direcionada aos jovens e a experi\u00eancia pessoal como associados da Lar. A mesma experi\u00eancia de vida foi abordada pela associada Simone Niehues, que coordena o Comit\u00ea Feminino da Lar. Ela entusiasmou a todos com a sua hist\u00f3ria de supera\u00e7\u00e3o e, principalmente, de convic\u00e7\u00e3o na op\u00e7\u00e3o pela agricultura familiar cooperativada.<\/p>\n\n\n\n<p><strong>Propriedades rurais<\/strong><\/p>\n\n\n\n<p>Na visita\u00e7\u00e3o a propriedades rurais de associados da Lar, foi poss\u00edvel conhecer aspectos relacionados \u00e0 avicultura, suinocultura e produ\u00e7\u00e3o leiteira. Na avicultura e na suinocultura ficou n\u00edtida a necessidade de atendimento \u00e0s exig\u00eancias vinculadas \u00e0 sanidade e seguran\u00e7a biol\u00f3gica. Foi enfatizada a implementa\u00e7\u00e3o de procedimentos de isolamento que evitem a contamina\u00e7\u00e3o de lotes e propiciem o bem-estar animal. Na produ\u00e7\u00e3o leiteira paranaense, o grupo observou que o sistema mais indicado para alavancar a produtividade e aperfei\u00e7oar o manejo do rebanho \u00e9 o&nbsp;<em>Compost Barn<\/em>.<\/p>\n\n\n\n<p>A cooperativa ainda est\u00e1 localizada em regi\u00e3o de grande produ\u00e7\u00e3o de gr\u00e3os, um dos diferenciais competitivos da Lar. O setor figura entre os principais segmentos produtivos e impacta em expressiva diferen\u00e7a nos custos de produ\u00e7\u00e3o.<\/p>\n","protected":false},"excerpt":{"rendered":"<p>Entre os dias 20 e 22 de outubro, associados que participam ou j\u00e1 conclu\u00edram cursos de qualifica\u00e7\u00e3o desenvolvidos pela Cooperativa Languiru, como o Programa de Sucess\u00e3o Familiar e o Programa de Desenvolvimento da Lideran\u00e7a Cooperativa, integraram grupo que realizou viajem t\u00e9cnica ao Paran\u00e1. Destino, a cidade de Medianeira, onde est\u00e1 sediada a Cooperativa Lar, uma [&hellip;]<\/p>\n","protected":false},"author":8,"featured_media":61006,"comment_status":"open","ping_status":"open","sticky":false,"template":"","format":"standard","meta":{"pmpro_default_level":"","_jetpack_memberships_contains_paid_content":false,"footnotes":""},"categories":[2,3],"tags":[313,26],"class_list":{"0":"post-61005","1":"post","2":"type-post","3":"status-publish","4":"format-standard","5":"has-post-thumbnail","7":"category-featured","8":"category-geral","9":"tag-cooperativa-languiru","10":"tag-teutonia","11":"pmpro-has-access"},"yoast_head":"<!-- This site is optimized with the Yoast SEO plugin v27.5 - https:\/\/yoast.com\/product\/yoast-seo-wordpress\/ -->\n<title>Associados da Languiru buscam novas experi\u00eancias em cooperativa do Paran\u00e1 - Folha Popular<\/title>\n<meta name=\"robots\" content=\"index, follow, max-snippet:-1, max-image-preview:large, max-video-preview:-1\" \/>\n<link rel=\"canonical\" href=\"https:\/\/folhapopular.info\/index.php\/2019\/11\/05\/associados-da-languiru-buscam-novas-experiencias-em-cooperativa-do-parana\/\" \/>\n<meta property=\"og:locale\" content=\"pt_BR\" \/>\n<meta property=\"og:type\" content=\"article\" \/>\n<meta property=\"og:title\" content=\"Associados da Languiru buscam novas experi\u00eancias em cooperativa do Paran\u00e1 - Folha Popular\" \/>\n<meta property=\"og:description\" content=\"Entre os dias 20 e 22 de outubro, associados que participam ou j\u00e1 conclu\u00edram cursos de qualifica\u00e7\u00e3o desenvolvidos pela Cooperativa Languiru, como o Programa de Sucess\u00e3o Familiar e o Programa de Desenvolvimento da Lideran\u00e7a Cooperativa, integraram grupo que realizou viajem t\u00e9cnica ao Paran\u00e1. Destino, a cidade de Medianeira, onde est\u00e1 sediada a Cooperativa Lar, uma [&hellip;]\" \/>\n<meta property=\"og:url\" content=\"https:\/\/folhapopular.info\/index.php\/2019\/11\/05\/associados-da-languiru-buscam-novas-experiencias-em-cooperativa-do-parana\/\" \/>\n<meta property=\"og:site_name\" content=\"Folha Popular\" \/>\n<meta property=\"article:published_time\" content=\"2019-11-05T20:20:00+00:00\" \/>\n<meta property=\"og:image\" content=\"https:\/\/folhapopular.info\/wp-content\/uploads\/2019\/11\/IMG_20191021_173830342_HDR-e1572979355318.jpg\" \/>\n\t<meta property=\"og:image:width\" content=\"800\" \/>\n\t<meta property=\"og:image:height\" content=\"450\" \/>\n\t<meta property=\"og:image:type\" content=\"image\/jpeg\" \/>\n<meta name=\"author\" content=\"Reda\u00e7\u00e3o Folha Popular\" \/>\n<meta name=\"twitter:card\" content=\"summary_large_image\" \/>\n<meta name=\"twitter:label1\" content=\"Escrito por\" \/>\n\t<meta name=\"twitter:data1\" content=\"Reda\u00e7\u00e3o Folha Popular\" \/>\n\t<meta name=\"twitter:label2\" content=\"Est. tempo de leitura\" \/>\n\t<meta name=\"twitter:data2\" content=\"2 minutos\" \/>\n<script type=\"application\/ld+json\" class=\"yoast-schema-graph\">{\"@context\":\"https:\\\/\\\/schema.org\",\"@graph\":[{\"@type\":\"Article\",\"@id\":\"https:\\\/\\\/folhapopular.info\\\/index.php\\\/2019\\\/11\\\/05\\\/associados-da-languiru-buscam-novas-experiencias-em-cooperativa-do-parana\\\/#article\",\"isPartOf\":{\"@id\":\"https:\\\/\\\/folhapopular.info\\\/index.php\\\/2019\\\/11\\\/05\\\/associados-da-languiru-buscam-novas-experiencias-em-cooperativa-do-parana\\\/\"},\"author\":{\"name\":\"Reda\u00e7\u00e3o Folha Popular\",\"@id\":\"https:\\\/\\\/folhapopular.info\\\/#\\\/schema\\\/person\\\/2814e8a0df7643585a9ca38bc6eb9d4b\"},\"headline\":\"Associados da Languiru buscam novas experi\u00eancias em cooperativa do Paran\u00e1\",\"datePublished\":\"2019-11-05T20:20:00+00:00\",\"mainEntityOfPage\":{\"@id\":\"https:\\\/\\\/folhapopular.info\\\/index.php\\\/2019\\\/11\\\/05\\\/associados-da-languiru-buscam-novas-experiencias-em-cooperativa-do-parana\\\/\"},\"wordCount\":435,\"commentCount\":0,\"image\":{\"@id\":\"https:\\\/\\\/folhapopular.info\\\/index.php\\\/2019\\\/11\\\/05\\\/associados-da-languiru-buscam-novas-experiencias-em-cooperativa-do-parana\\\/#primaryimage\"},\"thumbnailUrl\":\"https:\\\/\\\/folhapopular.info\\\/wp-content\\\/uploads\\\/2019\\\/11\\\/IMG_20191021_173830342_HDR-e1572979355318.jpg\",\"keywords\":[\"Cooperativa Languiru\",\"Teut\u00f4nia\"],\"articleSection\":[\"Destaques\",\"Geral\"],\"inLanguage\":\"pt-BR\",\"potentialAction\":[{\"@type\":\"CommentAction\",\"name\":\"Comment\",\"target\":[\"https:\\\/\\\/folhapopular.info\\\/index.php\\\/2019\\\/11\\\/05\\\/associados-da-languiru-buscam-novas-experiencias-em-cooperativa-do-parana\\\/#respond\"]}]},{\"@type\":\"WebPage\",\"@id\":\"https:\\\/\\\/folhapopular.info\\\/index.php\\\/2019\\\/11\\\/05\\\/associados-da-languiru-buscam-novas-experiencias-em-cooperativa-do-parana\\\/\",\"url\":\"https:\\\/\\\/folhapopular.info\\\/index.php\\\/2019\\\/11\\\/05\\\/associados-da-languiru-buscam-novas-experiencias-em-cooperativa-do-parana\\\/\",\"name\":\"Associados da Languiru buscam novas experi\u00eancias em cooperativa do Paran\u00e1 - Folha Popular\",\"isPartOf\":{\"@id\":\"https:\\\/\\\/folhapopular.info\\\/#website\"},\"primaryImageOfPage\":{\"@id\":\"https:\\\/\\\/folhapopular.info\\\/index.php\\\/2019\\\/11\\\/05\\\/associados-da-languiru-buscam-novas-experiencias-em-cooperativa-do-parana\\\/#primaryimage\"},\"image\":{\"@id\":\"https:\\\/\\\/folhapopular.info\\\/index.php\\\/2019\\\/11\\\/05\\\/associados-da-languiru-buscam-novas-experiencias-em-cooperativa-do-parana\\\/#primaryimage\"},\"thumbnailUrl\":\"https:\\\/\\\/folhapopular.info\\\/wp-content\\\/uploads\\\/2019\\\/11\\\/IMG_20191021_173830342_HDR-e1572979355318.jpg\",\"datePublished\":\"2019-11-05T20:20:00+00:00\",\"author\":{\"@id\":\"https:\\\/\\\/folhapopular.info\\\/#\\\/schema\\\/person\\\/2814e8a0df7643585a9ca38bc6eb9d4b\"},\"breadcrumb\":{\"@id\":\"https:\\\/\\\/folhapopular.info\\\/index.php\\\/2019\\\/11\\\/05\\\/associados-da-languiru-buscam-novas-experiencias-em-cooperativa-do-parana\\\/#breadcrumb\"},\"inLanguage\":\"pt-BR\",\"potentialAction\":[{\"@type\":\"ReadAction\",\"target\":[\"https:\\\/\\\/folhapopular.info\\\/index.php\\\/2019\\\/11\\\/05\\\/associados-da-languiru-buscam-novas-experiencias-em-cooperativa-do-parana\\\/\"]}]},{\"@type\":\"ImageObject\",\"inLanguage\":\"pt-BR\",\"@id\":\"https:\\\/\\\/folhapopular.info\\\/index.php\\\/2019\\\/11\\\/05\\\/associados-da-languiru-buscam-novas-experiencias-em-cooperativa-do-parana\\\/#primaryimage\",\"url\":\"https:\\\/\\\/folhapopular.info\\\/wp-content\\\/uploads\\\/2019\\\/11\\\/IMG_20191021_173830342_HDR-e1572979355318.jpg\",\"contentUrl\":\"https:\\\/\\\/folhapopular.info\\\/wp-content\\\/uploads\\\/2019\\\/11\\\/IMG_20191021_173830342_HDR-e1572979355318.jpg\",\"width\":800,\"height\":450,\"caption\":\"Associados da Languiru registraram a visita em frente \u00e0 Sede Administrativa da Lar\"},{\"@type\":\"BreadcrumbList\",\"@id\":\"https:\\\/\\\/folhapopular.info\\\/index.php\\\/2019\\\/11\\\/05\\\/associados-da-languiru-buscam-novas-experiencias-em-cooperativa-do-parana\\\/#breadcrumb\",\"itemListElement\":[{\"@type\":\"ListItem\",\"position\":1,\"name\":\"In\u00edcio\",\"item\":\"https:\\\/\\\/folhapopular.info\\\/\"},{\"@type\":\"ListItem\",\"position\":2,\"name\":\"Associados da Languiru buscam novas experi\u00eancias em cooperativa do Paran\u00e1\"}]},{\"@type\":\"WebSite\",\"@id\":\"https:\\\/\\\/folhapopular.info\\\/#website\",\"url\":\"https:\\\/\\\/folhapopular.info\\\/\",\"name\":\"Folha Popular\",\"description\":\"Onde voc\u00ea tem vez e voz\",\"potentialAction\":[{\"@type\":\"SearchAction\",\"target\":{\"@type\":\"EntryPoint\",\"urlTemplate\":\"https:\\\/\\\/folhapopular.info\\\/?s={search_term_string}\"},\"query-input\":{\"@type\":\"PropertyValueSpecification\",\"valueRequired\":true,\"valueName\":\"search_term_string\"}}],\"inLanguage\":\"pt-BR\"},{\"@type\":\"Person\",\"@id\":\"https:\\\/\\\/folhapopular.info\\\/#\\\/schema\\\/person\\\/2814e8a0df7643585a9ca38bc6eb9d4b\",\"name\":\"Reda\u00e7\u00e3o Folha Popular\",\"image\":{\"@type\":\"ImageObject\",\"inLanguage\":\"pt-BR\",\"@id\":\"https:\\\/\\\/folhapopular.info\\\/wp-content\\\/uploads\\\/2026\\\/04\\\/Folha-1.webp\",\"url\":\"https:\\\/\\\/folhapopular.info\\\/wp-content\\\/uploads\\\/2026\\\/04\\\/Folha-1.webp\",\"contentUrl\":\"https:\\\/\\\/folhapopular.info\\\/wp-content\\\/uploads\\\/2026\\\/04\\\/Folha-1.webp\",\"caption\":\"Reda\u00e7\u00e3o Folha Popular\"},\"url\":\"https:\\\/\\\/folhapopular.info\\\/index.php\\\/author\\\/redacao\\\/\"}]}<\/script>\n<!-- \/ Yoast SEO plugin. -->","yoast_head_json":{"title":"Associados da Languiru buscam novas experi\u00eancias em cooperativa do Paran\u00e1 - Folha Popular","robots":{"index":"index","follow":"follow","max-snippet":"max-snippet:-1","max-image-preview":"max-image-preview:large","max-video-preview":"max-video-preview:-1"},"canonical":"https:\/\/folhapopular.info\/index.php\/2019\/11\/05\/associados-da-languiru-buscam-novas-experiencias-em-cooperativa-do-parana\/","og_locale":"pt_BR","og_type":"article","og_title":"Associados da Languiru buscam novas experi\u00eancias em cooperativa do Paran\u00e1 - Folha Popular","og_description":"Entre os dias 20 e 22 de outubro, associados que participam ou j\u00e1 conclu\u00edram cursos de qualifica\u00e7\u00e3o desenvolvidos pela Cooperativa Languiru, como o Programa de Sucess\u00e3o Familiar e o Programa de Desenvolvimento da Lideran\u00e7a Cooperativa, integraram grupo que realizou viajem t\u00e9cnica ao Paran\u00e1. Destino, a cidade de Medianeira, onde est\u00e1 sediada a Cooperativa Lar, uma [&hellip;]","og_url":"https:\/\/folhapopular.info\/index.php\/2019\/11\/05\/associados-da-languiru-buscam-novas-experiencias-em-cooperativa-do-parana\/","og_site_name":"Folha Popular","article_published_time":"2019-11-05T20:20:00+00:00","og_image":[{"width":800,"height":450,"url":"https:\/\/folhapopular.info\/wp-content\/uploads\/2019\/11\/IMG_20191021_173830342_HDR-e1572979355318.jpg","type":"image\/jpeg"}],"author":"Reda\u00e7\u00e3o Folha Popular","twitter_card":"summary_large_image","twitter_misc":{"Escrito por":"Reda\u00e7\u00e3o Folha Popular","Est. tempo de leitura":"2 minutos"},"schema":{"@context":"https:\/\/schema.org","@graph":[{"@type":"Article","@id":"https:\/\/folhapopular.info\/index.php\/2019\/11\/05\/associados-da-languiru-buscam-novas-experiencias-em-cooperativa-do-parana\/#article","isPartOf":{"@id":"https:\/\/folhapopular.info\/index.php\/2019\/11\/05\/associados-da-languiru-buscam-novas-experiencias-em-cooperativa-do-parana\/"},"author":{"name":"Reda\u00e7\u00e3o Folha Popular","@id":"https:\/\/folhapopular.info\/#\/schema\/person\/2814e8a0df7643585a9ca38bc6eb9d4b"},"headline":"Associados da Languiru buscam novas experi\u00eancias em cooperativa do Paran\u00e1","datePublished":"2019-11-05T20:20:00+00:00","mainEntityOfPage":{"@id":"https:\/\/folhapopular.info\/index.php\/2019\/11\/05\/associados-da-languiru-buscam-novas-experiencias-em-cooperativa-do-parana\/"},"wordCount":435,"commentCount":0,"image":{"@id":"https:\/\/folhapopular.info\/index.php\/2019\/11\/05\/associados-da-languiru-buscam-novas-experiencias-em-cooperativa-do-parana\/#primaryimage"},"thumbnailUrl":"https:\/\/folhapopular.info\/wp-content\/uploads\/2019\/11\/IMG_20191021_173830342_HDR-e1572979355318.jpg","keywords":["Cooperativa Languiru","Teut\u00f4nia"],"articleSection":["Destaques","Geral"],"inLanguage":"pt-BR","potentialAction":[{"@type":"CommentAction","name":"Comment","target":["https:\/\/folhapopular.info\/index.php\/2019\/11\/05\/associados-da-languiru-buscam-novas-experiencias-em-cooperativa-do-parana\/#respond"]}]},{"@type":"WebPage","@id":"https:\/\/folhapopular.info\/index.php\/2019\/11\/05\/associados-da-languiru-buscam-novas-experiencias-em-cooperativa-do-parana\/","url":"https:\/\/folhapopular.info\/index.php\/2019\/11\/05\/associados-da-languiru-buscam-novas-experiencias-em-cooperativa-do-parana\/","name":"Associados da Languiru buscam novas experi\u00eancias em cooperativa do Paran\u00e1 - Folha Popular","isPartOf":{"@id":"https:\/\/folhapopular.info\/#website"},"primaryImageOfPage":{"@id":"https:\/\/folhapopular.info\/index.php\/2019\/11\/05\/associados-da-languiru-buscam-novas-experiencias-em-cooperativa-do-parana\/#primaryimage"},"image":{"@id":"https:\/\/folhapopular.info\/index.php\/2019\/11\/05\/associados-da-languiru-buscam-novas-experiencias-em-cooperativa-do-parana\/#primaryimage"},"thumbnailUrl":"https:\/\/folhapopular.info\/wp-content\/uploads\/2019\/11\/IMG_20191021_173830342_HDR-e1572979355318.jpg","datePublished":"2019-11-05T20:20:00+00:00","author":{"@id":"https:\/\/folhapopular.info\/#\/schema\/person\/2814e8a0df7643585a9ca38bc6eb9d4b"},"breadcrumb":{"@id":"https:\/\/folhapopular.info\/index.php\/2019\/11\/05\/associados-da-languiru-buscam-novas-experiencias-em-cooperativa-do-parana\/#breadcrumb"},"inLanguage":"pt-BR","potentialAction":[{"@type":"ReadAction","target":["https:\/\/folhapopular.info\/index.php\/2019\/11\/05\/associados-da-languiru-buscam-novas-experiencias-em-cooperativa-do-parana\/"]}]},{"@type":"ImageObject","inLanguage":"pt-BR","@id":"https:\/\/folhapopular.info\/index.php\/2019\/11\/05\/associados-da-languiru-buscam-novas-experiencias-em-cooperativa-do-parana\/#primaryimage","url":"https:\/\/folhapopular.info\/wp-content\/uploads\/2019\/11\/IMG_20191021_173830342_HDR-e1572979355318.jpg","contentUrl":"https:\/\/folhapopular.info\/wp-content\/uploads\/2019\/11\/IMG_20191021_173830342_HDR-e1572979355318.jpg","width":800,"height":450,"caption":"Associados da Languiru registraram a visita em frente \u00e0 Sede Administrativa da Lar"},{"@type":"BreadcrumbList","@id":"https:\/\/folhapopular.info\/index.php\/2019\/11\/05\/associados-da-languiru-buscam-novas-experiencias-em-cooperativa-do-parana\/#breadcrumb","itemListElement":[{"@type":"ListItem","position":1,"name":"In\u00edcio","item":"https:\/\/folhapopular.info\/"},{"@type":"ListItem","position":2,"name":"Associados da Languiru buscam novas experi\u00eancias em cooperativa do Paran\u00e1"}]},{"@type":"WebSite","@id":"https:\/\/folhapopular.info\/#website","url":"https:\/\/folhapopular.info\/","name":"Folha Popular","description":"Onde voc\u00ea tem vez e voz","potentialAction":[{"@type":"SearchAction","target":{"@type":"EntryPoint","urlTemplate":"https:\/\/folhapopular.info\/?s={search_term_string}"},"query-input":{"@type":"PropertyValueSpecification","valueRequired":true,"valueName":"search_term_string"}}],"inLanguage":"pt-BR"},{"@type":"Person","@id":"https:\/\/folhapopular.info\/#\/schema\/person\/2814e8a0df7643585a9ca38bc6eb9d4b","name":"Reda\u00e7\u00e3o Folha Popular","image":{"@type":"ImageObject","inLanguage":"pt-BR","@id":"https:\/\/folhapopular.info\/wp-content\/uploads\/2026\/04\/Folha-1.webp","url":"https:\/\/folhapopular.info\/wp-content\/uploads\/2026\/04\/Folha-1.webp","contentUrl":"https:\/\/folhapopular.info\/wp-content\/uploads\/2026\/04\/Folha-1.webp","caption":"Reda\u00e7\u00e3o Folha Popular"},"url":"https:\/\/folhapopular.info\/index.php\/author\/redacao\/"}]}},"jetpack_featured_media_url":"https:\/\/folhapopular.info\/wp-content\/uploads\/2019\/11\/IMG_20191021_173830342_HDR-e1572979355318.jpg","jetpack_sharing_enabled":true,"amp_enabled":true,"_links":{"self":[{"href":"https:\/\/folhapopular.info\/index.php\/wp-json\/wp\/v2\/posts\/61005","targetHints":{"allow":["GET"]}}],"collection":[{"href":"https:\/\/folhapopular.info\/index.php\/wp-json\/wp\/v2\/posts"}],"about":[{"href":"https:\/\/folhapopular.info\/index.php\/wp-json\/wp\/v2\/types\/post"}],"author":[{"embeddable":true,"href":"https:\/\/folhapopular.info\/index.php\/wp-json\/wp\/v2\/users\/8"}],"replies":[{"embeddable":true,"href":"https:\/\/folhapopular.info\/index.php\/wp-json\/wp\/v2\/comments?post=61005"}],"version-history":[{"count":0,"href":"https:\/\/folhapopular.info\/index.php\/wp-json\/wp\/v2\/posts\/61005\/revisions"}],"wp:featuredmedia":[{"embeddable":true,"href":"https:\/\/folhapopular.info\/index.php\/wp-json\/wp\/v2\/media\/61006"}],"wp:attachment":[{"href":"https:\/\/folhapopular.info\/index.php\/wp-json\/wp\/v2\/media?parent=61005"}],"wp:term":[{"taxonomy":"category","embeddable":true,"href":"https:\/\/folhapopular.info\/index.php\/wp-json\/wp\/v2\/categories?post=61005"},{"taxonomy":"post_tag","embeddable":true,"href":"https:\/\/folhapopular.info\/index.php\/wp-json\/wp\/v2\/tags?post=61005"}],"curies":[{"name":"wp","href":"https:\/\/api.w.org\/{rel}","templated":true}]}}