{"id":61018,"date":"2019-11-06T09:20:03","date_gmt":"2019-11-06T12:20:03","guid":{"rendered":"https:\/\/folhapopular.info\/?p=61018"},"modified":"2019-11-06T07:33:29","modified_gmt":"2019-11-06T10:33:29","slug":"a-defesa-civil-monitora-elevacao-das-aguas-do-rio-taquari-e-arroios-em-estrela","status":"publish","type":"post","link":"https:\/\/folhapopular.info\/index.php\/2019\/11\/06\/a-defesa-civil-monitora-elevacao-das-aguas-do-rio-taquari-e-arroios-em-estrela\/","title":{"rendered":"A Defesa Civil monitora eleva\u00e7\u00e3o das \u00e1guas do Rio Taquari e arroios, em Estrela"},"content":{"rendered":"\n<p>A Coordenadoria Municipal de Defesa Civil est\u00e1 em plant\u00e3o permanente, desde a noite de\u00a0segunda-feira (04\/11),\u00a0 monitorando a eleva\u00e7\u00e3o das \u00e1guas do Rio Taquari e dos arroios Estrela e Boa Vista, em Estrela. Das 4h da madrugada at\u00e9 as 11h da manh\u00e3 desta\u00a0ter\u00e7a-feira (05\/11) o n\u00edvel do rio estava subindo, em m\u00e9dia, 53,5 cent\u00edmetros por hora, conforme medi\u00e7\u00f5es feitas no porto de Estrela. De acordo com a medi\u00e7\u00e3o das 16h, o rio j\u00e1 havia atingido a cota de 21,29 metros, ou seja, 8,29 metros acima do n\u00edvel normal.<\/p>\n\n\n\n<p>No munic\u00edpio, a Rua Albino Francisco Horn, que liga os bairros Imigrantes e Alto da Bronze, foi interrompida ainda pela manh\u00e3 em virtude do Arroio Estrela\u00a0ter\u00a0sa\u00eddo do leito.\u00a0 Ao longo do dia, outras ruas foram atingidas pelas \u00e1guas, como a Mathias Petter Sobrinho, Olinda Mallmann e Princesa Isabel, todas no Bairro Imigrantes, Rua Arnaldo Jos\u00e9 Diel (fundos do Parque Princesa do Vale) e Estrada Municipal Ant\u00f4nio Barth, no Cristo Rei. N\u00e3o foi necess\u00e1ria, ainda, a remo\u00e7\u00e3o de fam\u00edlias.<\/p>\n\n\n\n<p>Conforme o coordenador municipal de Defesa Civil, Sandro Bremm, o \u00f3rg\u00e3o tem feito visitas \u00e0s fam\u00edlias que residem em \u00e1reas onde pode haver alagamentos, alertando-as sobre o n\u00edvel do rio. Segundo ele, a expectativa, considerando a eleva\u00e7\u00e3o das \u00e1guas em Encantado e Mu\u00e7um, \u00e9 de que o Rio Taquari atinja a cota de 22 metros em Estrela. \u201cSeguiremos em plant\u00e3o permanente, acompanhando o n\u00edvel do rio e informando a popula\u00e7\u00e3o\u201d, refor\u00e7a o coordenador.\u00a0 As informa\u00e7\u00f5es podem ser acessadas na p\u00e1gina da Defesa Civil de Estrela no facebook. O telefone de plant\u00e3o \u00e9 o\u00a0<a rel=\"noreferrer noopener\" href=\"(51)%209%209859-5734\" target=\"_blank\">(51) 9 9859-5734<\/a>.\u00a0<\/p>\n\n\n\n<p><strong>O n\u00edvel do Rio Taquari em Estrela (porto) nesta ter\u00e7a-feira (05\/11)<\/strong><\/p>\n\n\n\n<p>04h00 &#8211; 15,13 metros<\/p>\n\n\n\n<p>05h00 &#8211; 15,56 metros<\/p>\n\n\n\n<p>06h00 &#8211; 16,00 metros<\/p>\n\n\n\n<p>07h00 &#8211; 16,47 metros <\/p>\n\n\n\n<p>08h00 &#8211; 16,95 metros <\/p>\n\n\n\n<p>09h00 &#8211; 17,56 metros <\/p>\n\n\n\n<p>10h00 &#8211; 18,23 metros <\/p>\n\n\n\n<p>11h00 &#8211; 18,91 metros <\/p>\n\n\n\n<p>12h00 &#8211; 19,51 metros<\/p>\n\n\n\n<p>13h00 &#8211; 20,04 metros<\/p>\n\n\n\n<p>14h00 &#8211; 20,52 metros<\/p>\n\n\n\n<p>15h00 \u2013 20,91 metros<\/p>\n\n\n\n<p>16h00 \u2013 21,29 metros<\/p>\n\n\n\n<ul class=\"wp-block-gallery columns-3 is-cropped wp-block-gallery-1 is-layout-flex wp-block-gallery-is-layout-flex\"><li class=\"blocks-gallery-item\"><figure><img loading=\"lazy\" decoding=\"async\" width=\"1024\" height=\"768\" src=\"https:\/\/folhapopular.info\/wp-content\/uploads\/2019\/11\/Cheias_Estrada-Ant\u00f4nio-Barth-e-Rua-Arnaldo-Diel_05.11.2019-1024x768.jpg\" alt=\"\" data-id=\"61021\" data-link=\"https:\/\/folhapopular.info\/?attachment_id=61021\" class=\"wp-image-61021\" srcset=\"https:\/\/folhapopular.info\/wp-content\/uploads\/2019\/11\/Cheias_Estrada-Ant\u00f4nio-Barth-e-Rua-Arnaldo-Diel_05.11.2019-1024x768.jpg 1024w, https:\/\/folhapopular.info\/wp-content\/uploads\/2019\/11\/Cheias_Estrada-Ant\u00f4nio-Barth-e-Rua-Arnaldo-Diel_05.11.2019-300x225.jpg 300w, https:\/\/folhapopular.info\/wp-content\/uploads\/2019\/11\/Cheias_Estrada-Ant\u00f4nio-Barth-e-Rua-Arnaldo-Diel_05.11.2019-768x576.jpg 768w, https:\/\/folhapopular.info\/wp-content\/uploads\/2019\/11\/Cheias_Estrada-Ant\u00f4nio-Barth-e-Rua-Arnaldo-Diel_05.11.2019-80x60.jpg 80w, https:\/\/folhapopular.info\/wp-content\/uploads\/2019\/11\/Cheias_Estrada-Ant\u00f4nio-Barth-e-Rua-Arnaldo-Diel_05.11.2019-265x198.jpg 265w, https:\/\/folhapopular.info\/wp-content\/uploads\/2019\/11\/Cheias_Estrada-Ant\u00f4nio-Barth-e-Rua-Arnaldo-Diel_05.11.2019-696x522.jpg 696w, https:\/\/folhapopular.info\/wp-content\/uploads\/2019\/11\/Cheias_Estrada-Ant\u00f4nio-Barth-e-Rua-Arnaldo-Diel_05.11.2019-1068x801.jpg 1068w, https:\/\/folhapopular.info\/wp-content\/uploads\/2019\/11\/Cheias_Estrada-Ant\u00f4nio-Barth-e-Rua-Arnaldo-Diel_05.11.2019-560x420.jpg 560w, https:\/\/folhapopular.info\/wp-content\/uploads\/2019\/11\/Cheias_Estrada-Ant\u00f4nio-Barth-e-Rua-Arnaldo-Diel_05.11.2019.jpg 1440w\" sizes=\"auto, (max-width: 1024px) 100vw, 1024px\" \/><figcaption>\u00c0 tarde as \u00e1guas invadiram a Estrada Ant\u00f4nio Barth e Rua Arnaldo Jos\u00e9 Diel<\/figcaption><\/figure><\/li><li class=\"blocks-gallery-item\"><figure><img decoding=\"async\" src=\"https:\/\/folhapopular.info\/2746d396-3ae7-4abb-9665-4009453272d1\" \/><figcaption>Rua Albino Francisco Horn, que liga os bairros Imigrantes e Alto da Bronze, foi uma das primeiras vias atingidas pela cheia\u00a0<br><br><\/figcaption><\/figure><\/li><li class=\"blocks-gallery-item\"><figure><img loading=\"lazy\" decoding=\"async\" width=\"1024\" height=\"683\" src=\"https:\/\/folhapopular.info\/wp-content\/uploads\/2019\/11\/Cheias_Rua-Olinda-mallmann_05.11.2019-1024x683.jpg\" alt=\"\" data-id=\"61023\" data-link=\"https:\/\/folhapopular.info\/?attachment_id=61023\" class=\"wp-image-61023\" srcset=\"https:\/\/folhapopular.info\/wp-content\/uploads\/2019\/11\/Cheias_Rua-Olinda-mallmann_05.11.2019-1024x683.jpg 1024w, https:\/\/folhapopular.info\/wp-content\/uploads\/2019\/11\/Cheias_Rua-Olinda-mallmann_05.11.2019-300x200.jpg 300w, https:\/\/folhapopular.info\/wp-content\/uploads\/2019\/11\/Cheias_Rua-Olinda-mallmann_05.11.2019-768x512.jpg 768w, https:\/\/folhapopular.info\/wp-content\/uploads\/2019\/11\/Cheias_Rua-Olinda-mallmann_05.11.2019-696x464.jpg 696w, https:\/\/folhapopular.info\/wp-content\/uploads\/2019\/11\/Cheias_Rua-Olinda-mallmann_05.11.2019-1068x712.jpg 1068w, https:\/\/folhapopular.info\/wp-content\/uploads\/2019\/11\/Cheias_Rua-Olinda-mallmann_05.11.2019-630x420.jpg 630w, https:\/\/folhapopular.info\/wp-content\/uploads\/2019\/11\/Cheias_Rua-Olinda-mallmann_05.11.2019-1920x1280.jpg 1920w\" sizes=\"auto, (max-width: 1024px) 100vw, 1024px\" \/><figcaption>Rua Olinda Mallmann tamb\u00e9m foi interrompida pelo transbordamento do Arroio Estrela<\/figcaption><\/figure><\/li><\/ul>\n","protected":false},"excerpt":{"rendered":"<p>A Coordenadoria Municipal de Defesa Civil est\u00e1 em plant\u00e3o permanente, desde a noite de\u00a0segunda-feira (04\/11),\u00a0 monitorando a eleva\u00e7\u00e3o das \u00e1guas do Rio Taquari e dos arroios Estrela e Boa Vista, em Estrela. Das 4h da madrugada at\u00e9 as 11h da manh\u00e3 desta\u00a0ter\u00e7a-feira (05\/11) o n\u00edvel do rio estava subindo, em m\u00e9dia, 53,5 cent\u00edmetros por hora, [&hellip;]<\/p>\n","protected":false},"author":8,"featured_media":61019,"comment_status":"open","ping_status":"open","sticky":false,"template":"","format":"standard","meta":{"pmpro_default_level":"","_jetpack_memberships_contains_paid_content":false,"footnotes":""},"categories":[2,3],"tags":[5264,8,207],"class_list":{"0":"post-61018","1":"post","2":"type-post","3":"status-publish","4":"format-standard","5":"has-post-thumbnail","7":"category-featured","8":"category-geral","9":"tag-arroios","10":"tag-estrela","11":"tag-rio-taquari","12":"pmpro-has-access"},"yoast_head":"<!-- This site is optimized with the Yoast SEO plugin v27.5 - https:\/\/yoast.com\/product\/yoast-seo-wordpress\/ -->\n<title>A Defesa Civil monitora eleva\u00e7\u00e3o das \u00e1guas do Rio Taquari e arroios, em Estrela - Folha Popular<\/title>\n<meta name=\"robots\" content=\"index, follow, max-snippet:-1, max-image-preview:large, max-video-preview:-1\" \/>\n<link rel=\"canonical\" href=\"https:\/\/folhapopular.info\/index.php\/2019\/11\/06\/a-defesa-civil-monitora-elevacao-das-aguas-do-rio-taquari-e-arroios-em-estrela\/\" \/>\n<meta property=\"og:locale\" content=\"pt_BR\" \/>\n<meta property=\"og:type\" content=\"article\" \/>\n<meta property=\"og:title\" content=\"A Defesa Civil monitora eleva\u00e7\u00e3o das \u00e1guas do Rio Taquari e arroios, em Estrela - Folha Popular\" \/>\n<meta property=\"og:description\" content=\"A Coordenadoria Municipal de Defesa Civil est\u00e1 em plant\u00e3o permanente, desde a noite de\u00a0segunda-feira (04\/11),\u00a0 monitorando a eleva\u00e7\u00e3o das \u00e1guas do Rio Taquari e dos arroios Estrela e Boa Vista, em Estrela. Das 4h da madrugada at\u00e9 as 11h da manh\u00e3 desta\u00a0ter\u00e7a-feira (05\/11) o n\u00edvel do rio estava subindo, em m\u00e9dia, 53,5 cent\u00edmetros por hora, [&hellip;]\" \/>\n<meta property=\"og:url\" content=\"https:\/\/folhapopular.info\/index.php\/2019\/11\/06\/a-defesa-civil-monitora-elevacao-das-aguas-do-rio-taquari-e-arroios-em-estrela\/\" \/>\n<meta property=\"og:site_name\" content=\"Folha Popular\" \/>\n<meta property=\"article:published_time\" content=\"2019-11-06T12:20:03+00:00\" \/>\n<meta property=\"og:image\" content=\"https:\/\/folhapopular.info\/wp-content\/uploads\/2019\/11\/Cheias_escadaria_05.11.2019-e1573035630608.jpg\" \/>\n\t<meta property=\"og:image:width\" content=\"800\" \/>\n\t<meta property=\"og:image:height\" content=\"533\" \/>\n\t<meta property=\"og:image:type\" content=\"image\/jpeg\" \/>\n<meta name=\"author\" content=\"Reda\u00e7\u00e3o Folha Popular\" \/>\n<meta name=\"twitter:card\" content=\"summary_large_image\" \/>\n<meta name=\"twitter:label1\" content=\"Escrito por\" \/>\n\t<meta name=\"twitter:data1\" content=\"Reda\u00e7\u00e3o Folha Popular\" \/>\n\t<meta name=\"twitter:label2\" content=\"Est. tempo de leitura\" \/>\n\t<meta name=\"twitter:data2\" content=\"2 minutos\" \/>\n<script type=\"application\/ld+json\" class=\"yoast-schema-graph\">{\"@context\":\"https:\\\/\\\/schema.org\",\"@graph\":[{\"@type\":\"Article\",\"@id\":\"https:\\\/\\\/folhapopular.info\\\/index.php\\\/2019\\\/11\\\/06\\\/a-defesa-civil-monitora-elevacao-das-aguas-do-rio-taquari-e-arroios-em-estrela\\\/#article\",\"isPartOf\":{\"@id\":\"https:\\\/\\\/folhapopular.info\\\/index.php\\\/2019\\\/11\\\/06\\\/a-defesa-civil-monitora-elevacao-das-aguas-do-rio-taquari-e-arroios-em-estrela\\\/\"},\"author\":{\"name\":\"Reda\u00e7\u00e3o Folha Popular\",\"@id\":\"https:\\\/\\\/folhapopular.info\\\/#\\\/schema\\\/person\\\/2814e8a0df7643585a9ca38bc6eb9d4b\"},\"headline\":\"A Defesa Civil monitora eleva\u00e7\u00e3o das \u00e1guas do Rio Taquari e arroios, em Estrela\",\"datePublished\":\"2019-11-06T12:20:03+00:00\",\"mainEntityOfPage\":{\"@id\":\"https:\\\/\\\/folhapopular.info\\\/index.php\\\/2019\\\/11\\\/06\\\/a-defesa-civil-monitora-elevacao-das-aguas-do-rio-taquari-e-arroios-em-estrela\\\/\"},\"wordCount\":394,\"commentCount\":0,\"image\":{\"@id\":\"https:\\\/\\\/folhapopular.info\\\/index.php\\\/2019\\\/11\\\/06\\\/a-defesa-civil-monitora-elevacao-das-aguas-do-rio-taquari-e-arroios-em-estrela\\\/#primaryimage\"},\"thumbnailUrl\":\"https:\\\/\\\/folhapopular.info\\\/wp-content\\\/uploads\\\/2019\\\/11\\\/Cheias_escadaria_05.11.2019-e1573035630608.jpg\",\"keywords\":[\"Arroios\",\"Estrela\",\"Rio Taquari\"],\"articleSection\":[\"Destaques\",\"Geral\"],\"inLanguage\":\"pt-BR\",\"potentialAction\":[{\"@type\":\"CommentAction\",\"name\":\"Comment\",\"target\":[\"https:\\\/\\\/folhapopular.info\\\/index.php\\\/2019\\\/11\\\/06\\\/a-defesa-civil-monitora-elevacao-das-aguas-do-rio-taquari-e-arroios-em-estrela\\\/#respond\"]}]},{\"@type\":\"WebPage\",\"@id\":\"https:\\\/\\\/folhapopular.info\\\/index.php\\\/2019\\\/11\\\/06\\\/a-defesa-civil-monitora-elevacao-das-aguas-do-rio-taquari-e-arroios-em-estrela\\\/\",\"url\":\"https:\\\/\\\/folhapopular.info\\\/index.php\\\/2019\\\/11\\\/06\\\/a-defesa-civil-monitora-elevacao-das-aguas-do-rio-taquari-e-arroios-em-estrela\\\/\",\"name\":\"A Defesa Civil monitora eleva\u00e7\u00e3o das \u00e1guas do Rio Taquari e arroios, em Estrela - Folha Popular\",\"isPartOf\":{\"@id\":\"https:\\\/\\\/folhapopular.info\\\/#website\"},\"primaryImageOfPage\":{\"@id\":\"https:\\\/\\\/folhapopular.info\\\/index.php\\\/2019\\\/11\\\/06\\\/a-defesa-civil-monitora-elevacao-das-aguas-do-rio-taquari-e-arroios-em-estrela\\\/#primaryimage\"},\"image\":{\"@id\":\"https:\\\/\\\/folhapopular.info\\\/index.php\\\/2019\\\/11\\\/06\\\/a-defesa-civil-monitora-elevacao-das-aguas-do-rio-taquari-e-arroios-em-estrela\\\/#primaryimage\"},\"thumbnailUrl\":\"https:\\\/\\\/folhapopular.info\\\/wp-content\\\/uploads\\\/2019\\\/11\\\/Cheias_escadaria_05.11.2019-e1573035630608.jpg\",\"datePublished\":\"2019-11-06T12:20:03+00:00\",\"author\":{\"@id\":\"https:\\\/\\\/folhapopular.info\\\/#\\\/schema\\\/person\\\/2814e8a0df7643585a9ca38bc6eb9d4b\"},\"breadcrumb\":{\"@id\":\"https:\\\/\\\/folhapopular.info\\\/index.php\\\/2019\\\/11\\\/06\\\/a-defesa-civil-monitora-elevacao-das-aguas-do-rio-taquari-e-arroios-em-estrela\\\/#breadcrumb\"},\"inLanguage\":\"pt-BR\",\"potentialAction\":[{\"@type\":\"ReadAction\",\"target\":[\"https:\\\/\\\/folhapopular.info\\\/index.php\\\/2019\\\/11\\\/06\\\/a-defesa-civil-monitora-elevacao-das-aguas-do-rio-taquari-e-arroios-em-estrela\\\/\"]}]},{\"@type\":\"ImageObject\",\"inLanguage\":\"pt-BR\",\"@id\":\"https:\\\/\\\/folhapopular.info\\\/index.php\\\/2019\\\/11\\\/06\\\/a-defesa-civil-monitora-elevacao-das-aguas-do-rio-taquari-e-arroios-em-estrela\\\/#primaryimage\",\"url\":\"https:\\\/\\\/folhapopular.info\\\/wp-content\\\/uploads\\\/2019\\\/11\\\/Cheias_escadaria_05.11.2019-e1573035630608.jpg\",\"contentUrl\":\"https:\\\/\\\/folhapopular.info\\\/wp-content\\\/uploads\\\/2019\\\/11\\\/Cheias_escadaria_05.11.2019-e1573035630608.jpg\",\"width\":800,\"height\":533},{\"@type\":\"BreadcrumbList\",\"@id\":\"https:\\\/\\\/folhapopular.info\\\/index.php\\\/2019\\\/11\\\/06\\\/a-defesa-civil-monitora-elevacao-das-aguas-do-rio-taquari-e-arroios-em-estrela\\\/#breadcrumb\",\"itemListElement\":[{\"@type\":\"ListItem\",\"position\":1,\"name\":\"In\u00edcio\",\"item\":\"https:\\\/\\\/folhapopular.info\\\/\"},{\"@type\":\"ListItem\",\"position\":2,\"name\":\"A Defesa Civil monitora eleva\u00e7\u00e3o das \u00e1guas do Rio Taquari e arroios, em Estrela\"}]},{\"@type\":\"WebSite\",\"@id\":\"https:\\\/\\\/folhapopular.info\\\/#website\",\"url\":\"https:\\\/\\\/folhapopular.info\\\/\",\"name\":\"Folha Popular\",\"description\":\"Onde voc\u00ea tem vez e voz\",\"potentialAction\":[{\"@type\":\"SearchAction\",\"target\":{\"@type\":\"EntryPoint\",\"urlTemplate\":\"https:\\\/\\\/folhapopular.info\\\/?s={search_term_string}\"},\"query-input\":{\"@type\":\"PropertyValueSpecification\",\"valueRequired\":true,\"valueName\":\"search_term_string\"}}],\"inLanguage\":\"pt-BR\"},{\"@type\":\"Person\",\"@id\":\"https:\\\/\\\/folhapopular.info\\\/#\\\/schema\\\/person\\\/2814e8a0df7643585a9ca38bc6eb9d4b\",\"name\":\"Reda\u00e7\u00e3o Folha Popular\",\"image\":{\"@type\":\"ImageObject\",\"inLanguage\":\"pt-BR\",\"@id\":\"https:\\\/\\\/folhapopular.info\\\/wp-content\\\/uploads\\\/2026\\\/04\\\/Folha-1.webp\",\"url\":\"https:\\\/\\\/folhapopular.info\\\/wp-content\\\/uploads\\\/2026\\\/04\\\/Folha-1.webp\",\"contentUrl\":\"https:\\\/\\\/folhapopular.info\\\/wp-content\\\/uploads\\\/2026\\\/04\\\/Folha-1.webp\",\"caption\":\"Reda\u00e7\u00e3o Folha Popular\"},\"url\":\"https:\\\/\\\/folhapopular.info\\\/index.php\\\/author\\\/redacao\\\/\"}]}<\/script>\n<!-- \/ Yoast SEO plugin. -->","yoast_head_json":{"title":"A Defesa Civil monitora eleva\u00e7\u00e3o das \u00e1guas do Rio Taquari e arroios, em Estrela - Folha Popular","robots":{"index":"index","follow":"follow","max-snippet":"max-snippet:-1","max-image-preview":"max-image-preview:large","max-video-preview":"max-video-preview:-1"},"canonical":"https:\/\/folhapopular.info\/index.php\/2019\/11\/06\/a-defesa-civil-monitora-elevacao-das-aguas-do-rio-taquari-e-arroios-em-estrela\/","og_locale":"pt_BR","og_type":"article","og_title":"A Defesa Civil monitora eleva\u00e7\u00e3o das \u00e1guas do Rio Taquari e arroios, em Estrela - Folha Popular","og_description":"A Coordenadoria Municipal de Defesa Civil est\u00e1 em plant\u00e3o permanente, desde a noite de\u00a0segunda-feira (04\/11),\u00a0 monitorando a eleva\u00e7\u00e3o das \u00e1guas do Rio Taquari e dos arroios Estrela e Boa Vista, em Estrela. Das 4h da madrugada at\u00e9 as 11h da manh\u00e3 desta\u00a0ter\u00e7a-feira (05\/11) o n\u00edvel do rio estava subindo, em m\u00e9dia, 53,5 cent\u00edmetros por hora, [&hellip;]","og_url":"https:\/\/folhapopular.info\/index.php\/2019\/11\/06\/a-defesa-civil-monitora-elevacao-das-aguas-do-rio-taquari-e-arroios-em-estrela\/","og_site_name":"Folha Popular","article_published_time":"2019-11-06T12:20:03+00:00","og_image":[{"width":800,"height":533,"url":"https:\/\/folhapopular.info\/wp-content\/uploads\/2019\/11\/Cheias_escadaria_05.11.2019-e1573035630608.jpg","type":"image\/jpeg"}],"author":"Reda\u00e7\u00e3o Folha Popular","twitter_card":"summary_large_image","twitter_misc":{"Escrito por":"Reda\u00e7\u00e3o Folha Popular","Est. tempo de leitura":"2 minutos"},"schema":{"@context":"https:\/\/schema.org","@graph":[{"@type":"Article","@id":"https:\/\/folhapopular.info\/index.php\/2019\/11\/06\/a-defesa-civil-monitora-elevacao-das-aguas-do-rio-taquari-e-arroios-em-estrela\/#article","isPartOf":{"@id":"https:\/\/folhapopular.info\/index.php\/2019\/11\/06\/a-defesa-civil-monitora-elevacao-das-aguas-do-rio-taquari-e-arroios-em-estrela\/"},"author":{"name":"Reda\u00e7\u00e3o Folha Popular","@id":"https:\/\/folhapopular.info\/#\/schema\/person\/2814e8a0df7643585a9ca38bc6eb9d4b"},"headline":"A Defesa Civil monitora eleva\u00e7\u00e3o das \u00e1guas do Rio Taquari e arroios, em Estrela","datePublished":"2019-11-06T12:20:03+00:00","mainEntityOfPage":{"@id":"https:\/\/folhapopular.info\/index.php\/2019\/11\/06\/a-defesa-civil-monitora-elevacao-das-aguas-do-rio-taquari-e-arroios-em-estrela\/"},"wordCount":394,"commentCount":0,"image":{"@id":"https:\/\/folhapopular.info\/index.php\/2019\/11\/06\/a-defesa-civil-monitora-elevacao-das-aguas-do-rio-taquari-e-arroios-em-estrela\/#primaryimage"},"thumbnailUrl":"https:\/\/folhapopular.info\/wp-content\/uploads\/2019\/11\/Cheias_escadaria_05.11.2019-e1573035630608.jpg","keywords":["Arroios","Estrela","Rio Taquari"],"articleSection":["Destaques","Geral"],"inLanguage":"pt-BR","potentialAction":[{"@type":"CommentAction","name":"Comment","target":["https:\/\/folhapopular.info\/index.php\/2019\/11\/06\/a-defesa-civil-monitora-elevacao-das-aguas-do-rio-taquari-e-arroios-em-estrela\/#respond"]}]},{"@type":"WebPage","@id":"https:\/\/folhapopular.info\/index.php\/2019\/11\/06\/a-defesa-civil-monitora-elevacao-das-aguas-do-rio-taquari-e-arroios-em-estrela\/","url":"https:\/\/folhapopular.info\/index.php\/2019\/11\/06\/a-defesa-civil-monitora-elevacao-das-aguas-do-rio-taquari-e-arroios-em-estrela\/","name":"A Defesa Civil monitora eleva\u00e7\u00e3o das \u00e1guas do Rio Taquari e arroios, em Estrela - Folha Popular","isPartOf":{"@id":"https:\/\/folhapopular.info\/#website"},"primaryImageOfPage":{"@id":"https:\/\/folhapopular.info\/index.php\/2019\/11\/06\/a-defesa-civil-monitora-elevacao-das-aguas-do-rio-taquari-e-arroios-em-estrela\/#primaryimage"},"image":{"@id":"https:\/\/folhapopular.info\/index.php\/2019\/11\/06\/a-defesa-civil-monitora-elevacao-das-aguas-do-rio-taquari-e-arroios-em-estrela\/#primaryimage"},"thumbnailUrl":"https:\/\/folhapopular.info\/wp-content\/uploads\/2019\/11\/Cheias_escadaria_05.11.2019-e1573035630608.jpg","datePublished":"2019-11-06T12:20:03+00:00","author":{"@id":"https:\/\/folhapopular.info\/#\/schema\/person\/2814e8a0df7643585a9ca38bc6eb9d4b"},"breadcrumb":{"@id":"https:\/\/folhapopular.info\/index.php\/2019\/11\/06\/a-defesa-civil-monitora-elevacao-das-aguas-do-rio-taquari-e-arroios-em-estrela\/#breadcrumb"},"inLanguage":"pt-BR","potentialAction":[{"@type":"ReadAction","target":["https:\/\/folhapopular.info\/index.php\/2019\/11\/06\/a-defesa-civil-monitora-elevacao-das-aguas-do-rio-taquari-e-arroios-em-estrela\/"]}]},{"@type":"ImageObject","inLanguage":"pt-BR","@id":"https:\/\/folhapopular.info\/index.php\/2019\/11\/06\/a-defesa-civil-monitora-elevacao-das-aguas-do-rio-taquari-e-arroios-em-estrela\/#primaryimage","url":"https:\/\/folhapopular.info\/wp-content\/uploads\/2019\/11\/Cheias_escadaria_05.11.2019-e1573035630608.jpg","contentUrl":"https:\/\/folhapopular.info\/wp-content\/uploads\/2019\/11\/Cheias_escadaria_05.11.2019-e1573035630608.jpg","width":800,"height":533},{"@type":"BreadcrumbList","@id":"https:\/\/folhapopular.info\/index.php\/2019\/11\/06\/a-defesa-civil-monitora-elevacao-das-aguas-do-rio-taquari-e-arroios-em-estrela\/#breadcrumb","itemListElement":[{"@type":"ListItem","position":1,"name":"In\u00edcio","item":"https:\/\/folhapopular.info\/"},{"@type":"ListItem","position":2,"name":"A Defesa Civil monitora eleva\u00e7\u00e3o das \u00e1guas do Rio Taquari e arroios, em Estrela"}]},{"@type":"WebSite","@id":"https:\/\/folhapopular.info\/#website","url":"https:\/\/folhapopular.info\/","name":"Folha Popular","description":"Onde voc\u00ea tem vez e voz","potentialAction":[{"@type":"SearchAction","target":{"@type":"EntryPoint","urlTemplate":"https:\/\/folhapopular.info\/?s={search_term_string}"},"query-input":{"@type":"PropertyValueSpecification","valueRequired":true,"valueName":"search_term_string"}}],"inLanguage":"pt-BR"},{"@type":"Person","@id":"https:\/\/folhapopular.info\/#\/schema\/person\/2814e8a0df7643585a9ca38bc6eb9d4b","name":"Reda\u00e7\u00e3o Folha Popular","image":{"@type":"ImageObject","inLanguage":"pt-BR","@id":"https:\/\/folhapopular.info\/wp-content\/uploads\/2026\/04\/Folha-1.webp","url":"https:\/\/folhapopular.info\/wp-content\/uploads\/2026\/04\/Folha-1.webp","contentUrl":"https:\/\/folhapopular.info\/wp-content\/uploads\/2026\/04\/Folha-1.webp","caption":"Reda\u00e7\u00e3o Folha Popular"},"url":"https:\/\/folhapopular.info\/index.php\/author\/redacao\/"}]}},"jetpack_featured_media_url":"https:\/\/folhapopular.info\/wp-content\/uploads\/2019\/11\/Cheias_escadaria_05.11.2019-e1573035630608.jpg","jetpack_sharing_enabled":true,"amp_enabled":true,"_links":{"self":[{"href":"https:\/\/folhapopular.info\/index.php\/wp-json\/wp\/v2\/posts\/61018","targetHints":{"allow":["GET"]}}],"collection":[{"href":"https:\/\/folhapopular.info\/index.php\/wp-json\/wp\/v2\/posts"}],"about":[{"href":"https:\/\/folhapopular.info\/index.php\/wp-json\/wp\/v2\/types\/post"}],"author":[{"embeddable":true,"href":"https:\/\/folhapopular.info\/index.php\/wp-json\/wp\/v2\/users\/8"}],"replies":[{"embeddable":true,"href":"https:\/\/folhapopular.info\/index.php\/wp-json\/wp\/v2\/comments?post=61018"}],"version-history":[{"count":0,"href":"https:\/\/folhapopular.info\/index.php\/wp-json\/wp\/v2\/posts\/61018\/revisions"}],"wp:featuredmedia":[{"embeddable":true,"href":"https:\/\/folhapopular.info\/index.php\/wp-json\/wp\/v2\/media\/61019"}],"wp:attachment":[{"href":"https:\/\/folhapopular.info\/index.php\/wp-json\/wp\/v2\/media?parent=61018"}],"wp:term":[{"taxonomy":"category","embeddable":true,"href":"https:\/\/folhapopular.info\/index.php\/wp-json\/wp\/v2\/categories?post=61018"},{"taxonomy":"post_tag","embeddable":true,"href":"https:\/\/folhapopular.info\/index.php\/wp-json\/wp\/v2\/tags?post=61018"}],"curies":[{"name":"wp","href":"https:\/\/api.w.org\/{rel}","templated":true}]}}