{"id":61062,"date":"2019-11-07T09:22:55","date_gmt":"2019-11-07T12:22:55","guid":{"rendered":"https:\/\/folhapopular.info\/?p=61062"},"modified":"2019-11-08T11:37:51","modified_gmt":"2019-11-08T14:37:51","slug":"chuva-causa-transtornos-em-teutonia-e-regiao","status":"publish","type":"post","link":"https:\/\/folhapopular.info\/index.php\/2019\/11\/07\/chuva-causa-transtornos-em-teutonia-e-regiao\/","title":{"rendered":"Chuva causa transtornos em Teut\u00f4nia e regi\u00e3o"},"content":{"rendered":"\n<p>A quinta-feira (07\/11) come\u00e7ou com muita chuva no Vale do Taquari. Em Teut\u00f4nia, a chuva causou diversos pontos de alagamento e bloqueia vias. Confira os pontos onde h\u00e1 alagamentos e bloqueios em Teut\u00f4nia:<\/p>\n\n\n\n<ul class=\"wp-block-list\"><li>Avenida 1 Leste, no Bairro Centro Administrativo, pr\u00f3ximo \u00e0 Associa\u00e7\u00e3o dos Funcion\u00e1rios da Prefeitura.<\/li><li>Entrocamento da Avenida 1 Leste com a Rua Major Bandeira, no Bairro Languiru. O ponto chegou a ser bloqueado, mas j\u00e1 foi liberado.<\/li><li>Estrada da V\u00e1rzea, em dire\u00e7\u00e3o ao Bairro Teut\u00f4nia.<\/li><li>Estrada da Cuba, que liga Teut\u00f4nia a Westf\u00e1lia.<\/li><\/ul>\n\n\n\n<p><\/p>\n\n\n\n<p>Em outros locais da regi\u00e3o, tamb\u00e9m h\u00e1 pontos interrompidos. Confira:<\/p>\n\n\n\n<ul class=\"wp-block-list\"><li>BR-386, em Lajeado, pr\u00f3ximo \u00e0 Fruki. No local, um caminh\u00e3o saiu da pista e tombou. Conforme a PRF, o tr\u00e2nsito j\u00e1 normalizou no local, mas \u00e9 importante manter o cuidado.<\/li><li> Em Linha Geraldo, interior de Estrela, outro caminh\u00e3o saiu da pista devido a \u00e1gua que invadiu a rodovia, pr\u00f3ximo ao campo do Geraldense.<\/li><li>Al\u00e9m dos pontos de alagamento, na RSC-453 (Rota do Sol), houve queda de barreiras. Foi no km 64, em Westf\u00e1lia, a cerca de 1km da entrada de Imigrante. O local est\u00e1 em meia pista.<\/li><\/ul>\n\n\n\n<p><\/p>\n\n\n\n<p>\u00c9 aconselh\u00e1vel que os motoristas evitem trafegar por estes trechos. Atualiza\u00e7\u00f5es durante o dia, com pontos liberados ou novos pontos com bloqueios, conforme surjam.<\/p>\n\n\n\n<ul class=\"wp-block-gallery columns-3 is-cropped wp-block-gallery-1 is-layout-flex wp-block-gallery-is-layout-flex\"><li class=\"blocks-gallery-item\"><figure><img loading=\"lazy\" decoding=\"async\" width=\"576\" height=\"1024\" src=\"https:\/\/folhapopular.info\/wp-content\/uploads\/2019\/11\/WhatsApp-Image-2019-11-07-at-08.31.11-576x1024.jpeg\" alt=\"\" data-id=\"61068\" data-link=\"https:\/\/folhapopular.info\/?attachment_id=61068\" class=\"wp-image-61068\"\/><figcaption>Avenida 1 Leste com a Rua Major Bandeira, em Teu\u00f4nia<\/figcaption><\/figure><\/li><li class=\"blocks-gallery-item\"><figure><img loading=\"lazy\" decoding=\"async\" width=\"768\" height=\"1024\" src=\"https:\/\/folhapopular.info\/wp-content\/uploads\/2019\/11\/WhatsApp-Image-2019-11-07-at-08.48.19-1-768x1024.jpeg\" alt=\"\" data-id=\"61066\" data-link=\"https:\/\/folhapopular.info\/?attachment_id=61066\" class=\"wp-image-61066\"\/><figcaption>Queda de barreira na Rota do Sol, em Westf\u00e1lia<\/figcaption><\/figure><\/li><li class=\"blocks-gallery-item\"><figure><img loading=\"lazy\" decoding=\"async\" width=\"1024\" height=\"576\" src=\"https:\/\/folhapopular.info\/wp-content\/uploads\/2019\/11\/WhatsApp-Image-2019-11-07-at-08.45.12-1024x576.jpeg\" alt=\"\" data-id=\"61064\" data-link=\"https:\/\/folhapopular.info\/?attachment_id=61064\" class=\"wp-image-61064\"\/><figcaption>Alagamento na BR-386, em Lajeado<\/figcaption><\/figure><\/li><li class=\"blocks-gallery-item\"><figure><img loading=\"lazy\" decoding=\"async\" width=\"960\" height=\"720\" src=\"https:\/\/folhapopular.info\/wp-content\/uploads\/2019\/11\/WhatsApp-Image-2019-11-07-at-08.45.11.jpeg\" alt=\"\" data-id=\"61063\" data-link=\"https:\/\/folhapopular.info\/?attachment_id=61063\" class=\"wp-image-61063\" srcset=\"https:\/\/folhapopular.info\/wp-content\/uploads\/2019\/11\/WhatsApp-Image-2019-11-07-at-08.45.11.jpeg 960w, https:\/\/folhapopular.info\/wp-content\/uploads\/2019\/11\/WhatsApp-Image-2019-11-07-at-08.45.11-300x225.jpeg 300w, https:\/\/folhapopular.info\/wp-content\/uploads\/2019\/11\/WhatsApp-Image-2019-11-07-at-08.45.11-768x576.jpeg 768w, https:\/\/folhapopular.info\/wp-content\/uploads\/2019\/11\/WhatsApp-Image-2019-11-07-at-08.45.11-696x522.jpeg 696w, https:\/\/folhapopular.info\/wp-content\/uploads\/2019\/11\/WhatsApp-Image-2019-11-07-at-08.45.11-560x420.jpeg 560w, https:\/\/folhapopular.info\/wp-content\/uploads\/2019\/11\/WhatsApp-Image-2019-11-07-at-08.45.11-80x60.jpeg 80w, https:\/\/folhapopular.info\/wp-content\/uploads\/2019\/11\/WhatsApp-Image-2019-11-07-at-08.45.11-265x198.jpeg 265w\" sizes=\"auto, (max-width: 960px) 100vw, 960px\" \/><figcaption>Caminh\u00e3o saiu da pista na BR-386<\/figcaption><\/figure><\/li><li class=\"blocks-gallery-item\"><figure><img loading=\"lazy\" decoding=\"async\" width=\"1024\" height=\"768\" src=\"https:\/\/folhapopular.info\/wp-content\/uploads\/2019\/11\/WhatsApp-Image-2019-11-07-at-08.09.03-1024x768.jpeg\" alt=\"\" data-id=\"61069\" data-link=\"https:\/\/folhapopular.info\/?attachment_id=61069\" class=\"wp-image-61069\" srcset=\"https:\/\/folhapopular.info\/wp-content\/uploads\/2019\/11\/WhatsApp-Image-2019-11-07-at-08.09.03-1024x768.jpeg 1024w, https:\/\/folhapopular.info\/wp-content\/uploads\/2019\/11\/WhatsApp-Image-2019-11-07-at-08.09.03-300x225.jpeg 300w, https:\/\/folhapopular.info\/wp-content\/uploads\/2019\/11\/WhatsApp-Image-2019-11-07-at-08.09.03-768x576.jpeg 768w, https:\/\/folhapopular.info\/wp-content\/uploads\/2019\/11\/WhatsApp-Image-2019-11-07-at-08.09.03-696x522.jpeg 696w, https:\/\/folhapopular.info\/wp-content\/uploads\/2019\/11\/WhatsApp-Image-2019-11-07-at-08.09.03-560x420.jpeg 560w, https:\/\/folhapopular.info\/wp-content\/uploads\/2019\/11\/WhatsApp-Image-2019-11-07-at-08.09.03-80x60.jpeg 80w, https:\/\/folhapopular.info\/wp-content\/uploads\/2019\/11\/WhatsApp-Image-2019-11-07-at-08.09.03-265x198.jpeg 265w, https:\/\/folhapopular.info\/wp-content\/uploads\/2019\/11\/WhatsApp-Image-2019-11-07-at-08.09.03.jpeg 1032w\" sizes=\"auto, (max-width: 1024px) 100vw, 1024px\" \/><figcaption>Avenida 1 Leste, pr\u00f3ximo \u00e0 prefeitura, em Teut\u00f4nia<\/figcaption><\/figure><\/li><\/ul>\n\n\n\n<figure class=\"wp-block-video\"><video playsinline=\"true\" controls=\"true\"><source src=\"https:\/\/folhapopular.info\/wp-content\/uploads\/2019\/11\/WhatsApp-Video-2019-11-07-at-08.44.18.mp4\" type=\"video\/mp4\"\/><\/video><figcaption>Estrada da V\u00e1rzea, em Teut\u00f4nia<\/figcaption><\/figure>\n\n\n\n<figure class=\"wp-block-video\"><video height=\"480\" style=\"aspect-ratio: 864 \/ 480;\" width=\"864\" controls src=\"https:\/\/folhapopular.info\/wp-content\/uploads\/2019\/11\/WhatsApp-Video-2019-11-07-at-08.42.58.mp4\"><\/video><figcaption>Estrada da Cuba, entre Teut\u00f4nia e Westf\u00e1lia<\/figcaption><\/figure>\n","protected":false},"excerpt":{"rendered":"<p>A quinta-feira (07\/11) come\u00e7ou com muita chuva no Vale do Taquari. Em Teut\u00f4nia, a chuva causou diversos pontos de alagamento e bloqueia vias. Confira os pontos onde h\u00e1 alagamentos e bloqueios em Teut\u00f4nia: Avenida 1 Leste, no Bairro Centro Administrativo, pr\u00f3ximo \u00e0 Associa\u00e7\u00e3o dos Funcion\u00e1rios da Prefeitura. Entrocamento da Avenida 1 Leste com a Rua [&hellip;]<\/p>\n","protected":false},"author":8,"featured_media":61065,"comment_status":"open","ping_status":"open","sticky":false,"template":"","format":"standard","meta":{"pmpro_default_level":"","_jetpack_memberships_contains_paid_content":false,"footnotes":""},"categories":[2,3],"tags":[5096,5271,1057,1840,26],"class_list":{"0":"post-61062","1":"post","2":"type-post","3":"status-publish","4":"format-standard","5":"has-post-thumbnail","7":"category-featured","8":"category-geral","9":"tag-alagamento","10":"tag-cguva","11":"tag-chuva","12":"tag-enxurrada","13":"tag-teutonia","14":"pmpro-has-access"},"yoast_head":"<!-- This site is optimized with the Yoast SEO plugin v27.5 - https:\/\/yoast.com\/product\/yoast-seo-wordpress\/ -->\n<title>Chuva causa transtornos em Teut\u00f4nia e regi\u00e3o - Folha Popular<\/title>\n<meta name=\"robots\" content=\"index, follow, max-snippet:-1, max-image-preview:large, max-video-preview:-1\" \/>\n<link rel=\"canonical\" href=\"https:\/\/folhapopular.info\/index.php\/2019\/11\/07\/chuva-causa-transtornos-em-teutonia-e-regiao\/\" \/>\n<meta property=\"og:locale\" content=\"pt_BR\" \/>\n<meta property=\"og:type\" content=\"article\" \/>\n<meta property=\"og:title\" content=\"Chuva causa transtornos em Teut\u00f4nia e regi\u00e3o - Folha Popular\" \/>\n<meta property=\"og:description\" content=\"A quinta-feira (07\/11) come\u00e7ou com muita chuva no Vale do Taquari. Em Teut\u00f4nia, a chuva causou diversos pontos de alagamento e bloqueia vias. Confira os pontos onde h\u00e1 alagamentos e bloqueios em Teut\u00f4nia: Avenida 1 Leste, no Bairro Centro Administrativo, pr\u00f3ximo \u00e0 Associa\u00e7\u00e3o dos Funcion\u00e1rios da Prefeitura. Entrocamento da Avenida 1 Leste com a Rua [&hellip;]\" \/>\n<meta property=\"og:url\" content=\"https:\/\/folhapopular.info\/index.php\/2019\/11\/07\/chuva-causa-transtornos-em-teutonia-e-regiao\/\" \/>\n<meta property=\"og:site_name\" content=\"Folha Popular\" \/>\n<meta property=\"article:published_time\" content=\"2019-11-07T12:22:55+00:00\" \/>\n<meta property=\"article:modified_time\" content=\"2019-11-08T14:37:51+00:00\" \/>\n<meta property=\"og:image\" content=\"https:\/\/folhapopular.info\/wp-content\/uploads\/2019\/11\/WhatsApp-Image-2019-11-07-at-08.45.14-e1573128992631.jpeg\" \/>\n\t<meta property=\"og:image:width\" content=\"450\" \/>\n\t<meta property=\"og:image:height\" content=\"800\" \/>\n\t<meta property=\"og:image:type\" content=\"image\/jpeg\" \/>\n<meta name=\"author\" content=\"Reda\u00e7\u00e3o Folha Popular\" \/>\n<meta name=\"twitter:card\" content=\"summary_large_image\" \/>\n<meta name=\"twitter:label1\" content=\"Escrito por\" \/>\n\t<meta name=\"twitter:data1\" content=\"Reda\u00e7\u00e3o Folha Popular\" \/>\n\t<meta name=\"twitter:label2\" content=\"Est. tempo de leitura\" \/>\n\t<meta name=\"twitter:data2\" content=\"1 minuto\" \/>\n<script type=\"application\/ld+json\" class=\"yoast-schema-graph\">{\"@context\":\"https:\\\/\\\/schema.org\",\"@graph\":[{\"@type\":\"Article\",\"@id\":\"https:\\\/\\\/folhapopular.info\\\/index.php\\\/2019\\\/11\\\/07\\\/chuva-causa-transtornos-em-teutonia-e-regiao\\\/#article\",\"isPartOf\":{\"@id\":\"https:\\\/\\\/folhapopular.info\\\/index.php\\\/2019\\\/11\\\/07\\\/chuva-causa-transtornos-em-teutonia-e-regiao\\\/\"},\"author\":{\"name\":\"Reda\u00e7\u00e3o Folha Popular\",\"@id\":\"https:\\\/\\\/folhapopular.info\\\/#\\\/schema\\\/person\\\/2814e8a0df7643585a9ca38bc6eb9d4b\"},\"headline\":\"Chuva causa transtornos em Teut\u00f4nia e regi\u00e3o\",\"datePublished\":\"2019-11-07T12:22:55+00:00\",\"dateModified\":\"2019-11-08T14:37:51+00:00\",\"mainEntityOfPage\":{\"@id\":\"https:\\\/\\\/folhapopular.info\\\/index.php\\\/2019\\\/11\\\/07\\\/chuva-causa-transtornos-em-teutonia-e-regiao\\\/\"},\"wordCount\":286,\"commentCount\":0,\"image\":{\"@id\":\"https:\\\/\\\/folhapopular.info\\\/index.php\\\/2019\\\/11\\\/07\\\/chuva-causa-transtornos-em-teutonia-e-regiao\\\/#primaryimage\"},\"thumbnailUrl\":\"https:\\\/\\\/folhapopular.info\\\/wp-content\\\/uploads\\\/2019\\\/11\\\/WhatsApp-Image-2019-11-07-at-08.45.14-e1573128992631.jpeg\",\"keywords\":[\"Alagamento\",\"Cguva\",\"chuva\",\"enxurrada\",\"Teut\u00f4nia\"],\"articleSection\":[\"Destaques\",\"Geral\"],\"inLanguage\":\"pt-BR\",\"potentialAction\":[{\"@type\":\"CommentAction\",\"name\":\"Comment\",\"target\":[\"https:\\\/\\\/folhapopular.info\\\/index.php\\\/2019\\\/11\\\/07\\\/chuva-causa-transtornos-em-teutonia-e-regiao\\\/#respond\"]}]},{\"@type\":\"WebPage\",\"@id\":\"https:\\\/\\\/folhapopular.info\\\/index.php\\\/2019\\\/11\\\/07\\\/chuva-causa-transtornos-em-teutonia-e-regiao\\\/\",\"url\":\"https:\\\/\\\/folhapopular.info\\\/index.php\\\/2019\\\/11\\\/07\\\/chuva-causa-transtornos-em-teutonia-e-regiao\\\/\",\"name\":\"Chuva causa transtornos em Teut\u00f4nia e regi\u00e3o - Folha Popular\",\"isPartOf\":{\"@id\":\"https:\\\/\\\/folhapopular.info\\\/#website\"},\"primaryImageOfPage\":{\"@id\":\"https:\\\/\\\/folhapopular.info\\\/index.php\\\/2019\\\/11\\\/07\\\/chuva-causa-transtornos-em-teutonia-e-regiao\\\/#primaryimage\"},\"image\":{\"@id\":\"https:\\\/\\\/folhapopular.info\\\/index.php\\\/2019\\\/11\\\/07\\\/chuva-causa-transtornos-em-teutonia-e-regiao\\\/#primaryimage\"},\"thumbnailUrl\":\"https:\\\/\\\/folhapopular.info\\\/wp-content\\\/uploads\\\/2019\\\/11\\\/WhatsApp-Image-2019-11-07-at-08.45.14-e1573128992631.jpeg\",\"datePublished\":\"2019-11-07T12:22:55+00:00\",\"dateModified\":\"2019-11-08T14:37:51+00:00\",\"author\":{\"@id\":\"https:\\\/\\\/folhapopular.info\\\/#\\\/schema\\\/person\\\/2814e8a0df7643585a9ca38bc6eb9d4b\"},\"breadcrumb\":{\"@id\":\"https:\\\/\\\/folhapopular.info\\\/index.php\\\/2019\\\/11\\\/07\\\/chuva-causa-transtornos-em-teutonia-e-regiao\\\/#breadcrumb\"},\"inLanguage\":\"pt-BR\",\"potentialAction\":[{\"@type\":\"ReadAction\",\"target\":[\"https:\\\/\\\/folhapopular.info\\\/index.php\\\/2019\\\/11\\\/07\\\/chuva-causa-transtornos-em-teutonia-e-regiao\\\/\"]}]},{\"@type\":\"ImageObject\",\"inLanguage\":\"pt-BR\",\"@id\":\"https:\\\/\\\/folhapopular.info\\\/index.php\\\/2019\\\/11\\\/07\\\/chuva-causa-transtornos-em-teutonia-e-regiao\\\/#primaryimage\",\"url\":\"https:\\\/\\\/folhapopular.info\\\/wp-content\\\/uploads\\\/2019\\\/11\\\/WhatsApp-Image-2019-11-07-at-08.45.14-e1573128992631.jpeg\",\"contentUrl\":\"https:\\\/\\\/folhapopular.info\\\/wp-content\\\/uploads\\\/2019\\\/11\\\/WhatsApp-Image-2019-11-07-at-08.45.14-e1573128992631.jpeg\",\"width\":450,\"height\":800,\"caption\":\"Na BR-386 a vala central transbordou e alagou a pista\"},{\"@type\":\"BreadcrumbList\",\"@id\":\"https:\\\/\\\/folhapopular.info\\\/index.php\\\/2019\\\/11\\\/07\\\/chuva-causa-transtornos-em-teutonia-e-regiao\\\/#breadcrumb\",\"itemListElement\":[{\"@type\":\"ListItem\",\"position\":1,\"name\":\"In\u00edcio\",\"item\":\"https:\\\/\\\/folhapopular.info\\\/\"},{\"@type\":\"ListItem\",\"position\":2,\"name\":\"Chuva causa transtornos em Teut\u00f4nia e regi\u00e3o\"}]},{\"@type\":\"WebSite\",\"@id\":\"https:\\\/\\\/folhapopular.info\\\/#website\",\"url\":\"https:\\\/\\\/folhapopular.info\\\/\",\"name\":\"Folha Popular\",\"description\":\"Onde voc\u00ea tem vez e voz\",\"potentialAction\":[{\"@type\":\"SearchAction\",\"target\":{\"@type\":\"EntryPoint\",\"urlTemplate\":\"https:\\\/\\\/folhapopular.info\\\/?s={search_term_string}\"},\"query-input\":{\"@type\":\"PropertyValueSpecification\",\"valueRequired\":true,\"valueName\":\"search_term_string\"}}],\"inLanguage\":\"pt-BR\"},{\"@type\":\"Person\",\"@id\":\"https:\\\/\\\/folhapopular.info\\\/#\\\/schema\\\/person\\\/2814e8a0df7643585a9ca38bc6eb9d4b\",\"name\":\"Reda\u00e7\u00e3o Folha Popular\",\"image\":{\"@type\":\"ImageObject\",\"inLanguage\":\"pt-BR\",\"@id\":\"https:\\\/\\\/folhapopular.info\\\/wp-content\\\/uploads\\\/2026\\\/04\\\/Folha-1.webp\",\"url\":\"https:\\\/\\\/folhapopular.info\\\/wp-content\\\/uploads\\\/2026\\\/04\\\/Folha-1.webp\",\"contentUrl\":\"https:\\\/\\\/folhapopular.info\\\/wp-content\\\/uploads\\\/2026\\\/04\\\/Folha-1.webp\",\"caption\":\"Reda\u00e7\u00e3o Folha Popular\"},\"url\":\"https:\\\/\\\/folhapopular.info\\\/index.php\\\/author\\\/redacao\\\/\"}]}<\/script>\n<!-- \/ Yoast SEO plugin. -->","yoast_head_json":{"title":"Chuva causa transtornos em Teut\u00f4nia e regi\u00e3o - Folha Popular","robots":{"index":"index","follow":"follow","max-snippet":"max-snippet:-1","max-image-preview":"max-image-preview:large","max-video-preview":"max-video-preview:-1"},"canonical":"https:\/\/folhapopular.info\/index.php\/2019\/11\/07\/chuva-causa-transtornos-em-teutonia-e-regiao\/","og_locale":"pt_BR","og_type":"article","og_title":"Chuva causa transtornos em Teut\u00f4nia e regi\u00e3o - Folha Popular","og_description":"A quinta-feira (07\/11) come\u00e7ou com muita chuva no Vale do Taquari. Em Teut\u00f4nia, a chuva causou diversos pontos de alagamento e bloqueia vias. Confira os pontos onde h\u00e1 alagamentos e bloqueios em Teut\u00f4nia: Avenida 1 Leste, no Bairro Centro Administrativo, pr\u00f3ximo \u00e0 Associa\u00e7\u00e3o dos Funcion\u00e1rios da Prefeitura. Entrocamento da Avenida 1 Leste com a Rua [&hellip;]","og_url":"https:\/\/folhapopular.info\/index.php\/2019\/11\/07\/chuva-causa-transtornos-em-teutonia-e-regiao\/","og_site_name":"Folha Popular","article_published_time":"2019-11-07T12:22:55+00:00","article_modified_time":"2019-11-08T14:37:51+00:00","og_image":[{"width":450,"height":800,"url":"https:\/\/folhapopular.info\/wp-content\/uploads\/2019\/11\/WhatsApp-Image-2019-11-07-at-08.45.14-e1573128992631.jpeg","type":"image\/jpeg"}],"author":"Reda\u00e7\u00e3o Folha Popular","twitter_card":"summary_large_image","twitter_misc":{"Escrito por":"Reda\u00e7\u00e3o Folha Popular","Est. tempo de leitura":"1 minuto"},"schema":{"@context":"https:\/\/schema.org","@graph":[{"@type":"Article","@id":"https:\/\/folhapopular.info\/index.php\/2019\/11\/07\/chuva-causa-transtornos-em-teutonia-e-regiao\/#article","isPartOf":{"@id":"https:\/\/folhapopular.info\/index.php\/2019\/11\/07\/chuva-causa-transtornos-em-teutonia-e-regiao\/"},"author":{"name":"Reda\u00e7\u00e3o Folha Popular","@id":"https:\/\/folhapopular.info\/#\/schema\/person\/2814e8a0df7643585a9ca38bc6eb9d4b"},"headline":"Chuva causa transtornos em Teut\u00f4nia e regi\u00e3o","datePublished":"2019-11-07T12:22:55+00:00","dateModified":"2019-11-08T14:37:51+00:00","mainEntityOfPage":{"@id":"https:\/\/folhapopular.info\/index.php\/2019\/11\/07\/chuva-causa-transtornos-em-teutonia-e-regiao\/"},"wordCount":286,"commentCount":0,"image":{"@id":"https:\/\/folhapopular.info\/index.php\/2019\/11\/07\/chuva-causa-transtornos-em-teutonia-e-regiao\/#primaryimage"},"thumbnailUrl":"https:\/\/folhapopular.info\/wp-content\/uploads\/2019\/11\/WhatsApp-Image-2019-11-07-at-08.45.14-e1573128992631.jpeg","keywords":["Alagamento","Cguva","chuva","enxurrada","Teut\u00f4nia"],"articleSection":["Destaques","Geral"],"inLanguage":"pt-BR","potentialAction":[{"@type":"CommentAction","name":"Comment","target":["https:\/\/folhapopular.info\/index.php\/2019\/11\/07\/chuva-causa-transtornos-em-teutonia-e-regiao\/#respond"]}]},{"@type":"WebPage","@id":"https:\/\/folhapopular.info\/index.php\/2019\/11\/07\/chuva-causa-transtornos-em-teutonia-e-regiao\/","url":"https:\/\/folhapopular.info\/index.php\/2019\/11\/07\/chuva-causa-transtornos-em-teutonia-e-regiao\/","name":"Chuva causa transtornos em Teut\u00f4nia e regi\u00e3o - Folha Popular","isPartOf":{"@id":"https:\/\/folhapopular.info\/#website"},"primaryImageOfPage":{"@id":"https:\/\/folhapopular.info\/index.php\/2019\/11\/07\/chuva-causa-transtornos-em-teutonia-e-regiao\/#primaryimage"},"image":{"@id":"https:\/\/folhapopular.info\/index.php\/2019\/11\/07\/chuva-causa-transtornos-em-teutonia-e-regiao\/#primaryimage"},"thumbnailUrl":"https:\/\/folhapopular.info\/wp-content\/uploads\/2019\/11\/WhatsApp-Image-2019-11-07-at-08.45.14-e1573128992631.jpeg","datePublished":"2019-11-07T12:22:55+00:00","dateModified":"2019-11-08T14:37:51+00:00","author":{"@id":"https:\/\/folhapopular.info\/#\/schema\/person\/2814e8a0df7643585a9ca38bc6eb9d4b"},"breadcrumb":{"@id":"https:\/\/folhapopular.info\/index.php\/2019\/11\/07\/chuva-causa-transtornos-em-teutonia-e-regiao\/#breadcrumb"},"inLanguage":"pt-BR","potentialAction":[{"@type":"ReadAction","target":["https:\/\/folhapopular.info\/index.php\/2019\/11\/07\/chuva-causa-transtornos-em-teutonia-e-regiao\/"]}]},{"@type":"ImageObject","inLanguage":"pt-BR","@id":"https:\/\/folhapopular.info\/index.php\/2019\/11\/07\/chuva-causa-transtornos-em-teutonia-e-regiao\/#primaryimage","url":"https:\/\/folhapopular.info\/wp-content\/uploads\/2019\/11\/WhatsApp-Image-2019-11-07-at-08.45.14-e1573128992631.jpeg","contentUrl":"https:\/\/folhapopular.info\/wp-content\/uploads\/2019\/11\/WhatsApp-Image-2019-11-07-at-08.45.14-e1573128992631.jpeg","width":450,"height":800,"caption":"Na BR-386 a vala central transbordou e alagou a pista"},{"@type":"BreadcrumbList","@id":"https:\/\/folhapopular.info\/index.php\/2019\/11\/07\/chuva-causa-transtornos-em-teutonia-e-regiao\/#breadcrumb","itemListElement":[{"@type":"ListItem","position":1,"name":"In\u00edcio","item":"https:\/\/folhapopular.info\/"},{"@type":"ListItem","position":2,"name":"Chuva causa transtornos em Teut\u00f4nia e regi\u00e3o"}]},{"@type":"WebSite","@id":"https:\/\/folhapopular.info\/#website","url":"https:\/\/folhapopular.info\/","name":"Folha Popular","description":"Onde voc\u00ea tem vez e voz","potentialAction":[{"@type":"SearchAction","target":{"@type":"EntryPoint","urlTemplate":"https:\/\/folhapopular.info\/?s={search_term_string}"},"query-input":{"@type":"PropertyValueSpecification","valueRequired":true,"valueName":"search_term_string"}}],"inLanguage":"pt-BR"},{"@type":"Person","@id":"https:\/\/folhapopular.info\/#\/schema\/person\/2814e8a0df7643585a9ca38bc6eb9d4b","name":"Reda\u00e7\u00e3o Folha Popular","image":{"@type":"ImageObject","inLanguage":"pt-BR","@id":"https:\/\/folhapopular.info\/wp-content\/uploads\/2026\/04\/Folha-1.webp","url":"https:\/\/folhapopular.info\/wp-content\/uploads\/2026\/04\/Folha-1.webp","contentUrl":"https:\/\/folhapopular.info\/wp-content\/uploads\/2026\/04\/Folha-1.webp","caption":"Reda\u00e7\u00e3o Folha Popular"},"url":"https:\/\/folhapopular.info\/index.php\/author\/redacao\/"}]}},"jetpack_featured_media_url":"https:\/\/folhapopular.info\/wp-content\/uploads\/2019\/11\/WhatsApp-Image-2019-11-07-at-08.45.14-e1573128992631.jpeg","jetpack_sharing_enabled":true,"amp_enabled":true,"_links":{"self":[{"href":"https:\/\/folhapopular.info\/index.php\/wp-json\/wp\/v2\/posts\/61062","targetHints":{"allow":["GET"]}}],"collection":[{"href":"https:\/\/folhapopular.info\/index.php\/wp-json\/wp\/v2\/posts"}],"about":[{"href":"https:\/\/folhapopular.info\/index.php\/wp-json\/wp\/v2\/types\/post"}],"author":[{"embeddable":true,"href":"https:\/\/folhapopular.info\/index.php\/wp-json\/wp\/v2\/users\/8"}],"replies":[{"embeddable":true,"href":"https:\/\/folhapopular.info\/index.php\/wp-json\/wp\/v2\/comments?post=61062"}],"version-history":[{"count":0,"href":"https:\/\/folhapopular.info\/index.php\/wp-json\/wp\/v2\/posts\/61062\/revisions"}],"wp:featuredmedia":[{"embeddable":true,"href":"https:\/\/folhapopular.info\/index.php\/wp-json\/wp\/v2\/media\/61065"}],"wp:attachment":[{"href":"https:\/\/folhapopular.info\/index.php\/wp-json\/wp\/v2\/media?parent=61062"}],"wp:term":[{"taxonomy":"category","embeddable":true,"href":"https:\/\/folhapopular.info\/index.php\/wp-json\/wp\/v2\/categories?post=61062"},{"taxonomy":"post_tag","embeddable":true,"href":"https:\/\/folhapopular.info\/index.php\/wp-json\/wp\/v2\/tags?post=61062"}],"curies":[{"name":"wp","href":"https:\/\/api.w.org\/{rel}","templated":true}]}}