{"id":61282,"date":"2019-11-13T17:19:24","date_gmt":"2019-11-13T20:19:24","guid":{"rendered":"https:\/\/folhapopular.info\/?p=61282"},"modified":"2019-11-13T17:19:37","modified_gmt":"2019-11-13T20:19:37","slug":"colisao-seguida-de-capotamento-deixa-uma-pessoa-ferida-em-teutonia","status":"publish","type":"post","link":"https:\/\/folhapopular.info\/index.php\/2019\/11\/13\/colisao-seguida-de-capotamento-deixa-uma-pessoa-ferida-em-teutonia\/","title":{"rendered":"Colis\u00e3o seguida de capotamento deixa uma pessoa ferida em Teut\u00f4nia"},"content":{"rendered":"\n<p>Uma colis\u00e3o entre dois ve\u00edculos causou um capotamento por volta das 7h43 desta quarta-feira, no km 55 das RSC-453, em Teut\u00f4nia, pr\u00f3ximo ao trevo da Harmonia. Estiveram envolvidos um Fiat Branco, placa de Westf\u00e1lia, conduzido por um homem de 74 anos, e um Escort cinza de Teut\u00f4nia, com duas pessoas. Os passageiros do Scort, de 82 e 80 anos, recusaram atendimento. J\u00e1 o condutor do Fiat, que teve seu ve\u00edculo capotado, foi encaminhado ao Hospital Ouro Branco com ferimentos leves.<\/p>\n","protected":false},"excerpt":{"rendered":"<p>Uma colis\u00e3o entre dois ve\u00edculos causou um capotamento por volta das 7h43 desta quarta-feira, no km 55 das RSC-453, em Teut\u00f4nia, pr\u00f3ximo ao trevo da Harmonia. Estiveram envolvidos um Fiat Branco, placa de Westf\u00e1lia, conduzido por um homem de 74 anos, e um Escort cinza de Teut\u00f4nia, com duas pessoas. Os passageiros do Scort, de [&hellip;]<\/p>\n","protected":false},"author":8,"featured_media":58540,"comment_status":"open","ping_status":"open","sticky":false,"template":"","format":"standard","meta":{"pmpro_default_level":"","_jetpack_memberships_contains_paid_content":false,"footnotes":""},"categories":[3,7],"tags":[204,26],"class_list":{"0":"post-61282","1":"post","2":"type-post","3":"status-publish","4":"format-standard","5":"has-post-thumbnail","7":"category-geral","8":"category-seguranca","9":"tag-capotamento","10":"tag-teutonia","11":"pmpro-has-access"},"yoast_head":"<!-- This site is optimized with the Yoast SEO plugin v27.5 - https:\/\/yoast.com\/product\/yoast-seo-wordpress\/ -->\n<title>Colis\u00e3o seguida de capotamento deixa uma pessoa ferida em Teut\u00f4nia - Folha Popular<\/title>\n<meta name=\"robots\" content=\"index, follow, max-snippet:-1, max-image-preview:large, max-video-preview:-1\" \/>\n<link rel=\"canonical\" href=\"https:\/\/folhapopular.info\/index.php\/2019\/11\/13\/colisao-seguida-de-capotamento-deixa-uma-pessoa-ferida-em-teutonia\/\" \/>\n<meta property=\"og:locale\" content=\"pt_BR\" \/>\n<meta property=\"og:type\" content=\"article\" \/>\n<meta property=\"og:title\" content=\"Colis\u00e3o seguida de capotamento deixa uma pessoa ferida em Teut\u00f4nia - Folha Popular\" \/>\n<meta property=\"og:description\" content=\"Uma colis\u00e3o entre dois ve\u00edculos causou um capotamento por volta das 7h43 desta quarta-feira, no km 55 das RSC-453, em Teut\u00f4nia, pr\u00f3ximo ao trevo da Harmonia. Estiveram envolvidos um Fiat Branco, placa de Westf\u00e1lia, conduzido por um homem de 74 anos, e um Escort cinza de Teut\u00f4nia, com duas pessoas. Os passageiros do Scort, de [&hellip;]\" \/>\n<meta property=\"og:url\" content=\"https:\/\/folhapopular.info\/index.php\/2019\/11\/13\/colisao-seguida-de-capotamento-deixa-uma-pessoa-ferida-em-teutonia\/\" \/>\n<meta property=\"og:site_name\" content=\"Folha Popular\" \/>\n<meta property=\"article:published_time\" content=\"2019-11-13T20:19:24+00:00\" \/>\n<meta property=\"article:modified_time\" content=\"2019-11-13T20:19:37+00:00\" \/>\n<meta property=\"og:image\" content=\"https:\/\/folhapopular.info\/wp-content\/uploads\/2019\/09\/tr\u00e2nsito-e1567961593182.jpg\" \/>\n\t<meta property=\"og:image:width\" content=\"800\" \/>\n\t<meta property=\"og:image:height\" content=\"563\" \/>\n\t<meta property=\"og:image:type\" content=\"image\/jpeg\" \/>\n<meta name=\"author\" content=\"Reda\u00e7\u00e3o Folha Popular\" \/>\n<meta name=\"twitter:card\" content=\"summary_large_image\" \/>\n<meta name=\"twitter:label1\" content=\"Escrito por\" \/>\n\t<meta name=\"twitter:data1\" content=\"Reda\u00e7\u00e3o Folha Popular\" \/>\n<script type=\"application\/ld+json\" class=\"yoast-schema-graph\">{\"@context\":\"https:\\\/\\\/schema.org\",\"@graph\":[{\"@type\":\"Article\",\"@id\":\"https:\\\/\\\/folhapopular.info\\\/index.php\\\/2019\\\/11\\\/13\\\/colisao-seguida-de-capotamento-deixa-uma-pessoa-ferida-em-teutonia\\\/#article\",\"isPartOf\":{\"@id\":\"https:\\\/\\\/folhapopular.info\\\/index.php\\\/2019\\\/11\\\/13\\\/colisao-seguida-de-capotamento-deixa-uma-pessoa-ferida-em-teutonia\\\/\"},\"author\":{\"name\":\"Reda\u00e7\u00e3o Folha Popular\",\"@id\":\"https:\\\/\\\/folhapopular.info\\\/#\\\/schema\\\/person\\\/2814e8a0df7643585a9ca38bc6eb9d4b\"},\"headline\":\"Colis\u00e3o seguida de capotamento deixa uma pessoa ferida em Teut\u00f4nia\",\"datePublished\":\"2019-11-13T20:19:24+00:00\",\"dateModified\":\"2019-11-13T20:19:37+00:00\",\"mainEntityOfPage\":{\"@id\":\"https:\\\/\\\/folhapopular.info\\\/index.php\\\/2019\\\/11\\\/13\\\/colisao-seguida-de-capotamento-deixa-uma-pessoa-ferida-em-teutonia\\\/\"},\"wordCount\":95,\"commentCount\":0,\"image\":{\"@id\":\"https:\\\/\\\/folhapopular.info\\\/index.php\\\/2019\\\/11\\\/13\\\/colisao-seguida-de-capotamento-deixa-uma-pessoa-ferida-em-teutonia\\\/#primaryimage\"},\"thumbnailUrl\":\"https:\\\/\\\/folhapopular.info\\\/wp-content\\\/uploads\\\/2019\\\/09\\\/tr\u00e2nsito-e1567961593182.jpg\",\"keywords\":[\"Capotamento\",\"Teut\u00f4nia\"],\"articleSection\":[\"Geral\",\"Seguran\u00e7a\"],\"inLanguage\":\"pt-BR\",\"potentialAction\":[{\"@type\":\"CommentAction\",\"name\":\"Comment\",\"target\":[\"https:\\\/\\\/folhapopular.info\\\/index.php\\\/2019\\\/11\\\/13\\\/colisao-seguida-de-capotamento-deixa-uma-pessoa-ferida-em-teutonia\\\/#respond\"]}]},{\"@type\":\"WebPage\",\"@id\":\"https:\\\/\\\/folhapopular.info\\\/index.php\\\/2019\\\/11\\\/13\\\/colisao-seguida-de-capotamento-deixa-uma-pessoa-ferida-em-teutonia\\\/\",\"url\":\"https:\\\/\\\/folhapopular.info\\\/index.php\\\/2019\\\/11\\\/13\\\/colisao-seguida-de-capotamento-deixa-uma-pessoa-ferida-em-teutonia\\\/\",\"name\":\"Colis\u00e3o seguida de capotamento deixa uma pessoa ferida em Teut\u00f4nia - Folha Popular\",\"isPartOf\":{\"@id\":\"https:\\\/\\\/folhapopular.info\\\/#website\"},\"primaryImageOfPage\":{\"@id\":\"https:\\\/\\\/folhapopular.info\\\/index.php\\\/2019\\\/11\\\/13\\\/colisao-seguida-de-capotamento-deixa-uma-pessoa-ferida-em-teutonia\\\/#primaryimage\"},\"image\":{\"@id\":\"https:\\\/\\\/folhapopular.info\\\/index.php\\\/2019\\\/11\\\/13\\\/colisao-seguida-de-capotamento-deixa-uma-pessoa-ferida-em-teutonia\\\/#primaryimage\"},\"thumbnailUrl\":\"https:\\\/\\\/folhapopular.info\\\/wp-content\\\/uploads\\\/2019\\\/09\\\/tr\u00e2nsito-e1567961593182.jpg\",\"datePublished\":\"2019-11-13T20:19:24+00:00\",\"dateModified\":\"2019-11-13T20:19:37+00:00\",\"author\":{\"@id\":\"https:\\\/\\\/folhapopular.info\\\/#\\\/schema\\\/person\\\/2814e8a0df7643585a9ca38bc6eb9d4b\"},\"breadcrumb\":{\"@id\":\"https:\\\/\\\/folhapopular.info\\\/index.php\\\/2019\\\/11\\\/13\\\/colisao-seguida-de-capotamento-deixa-uma-pessoa-ferida-em-teutonia\\\/#breadcrumb\"},\"inLanguage\":\"pt-BR\",\"potentialAction\":[{\"@type\":\"ReadAction\",\"target\":[\"https:\\\/\\\/folhapopular.info\\\/index.php\\\/2019\\\/11\\\/13\\\/colisao-seguida-de-capotamento-deixa-uma-pessoa-ferida-em-teutonia\\\/\"]}]},{\"@type\":\"ImageObject\",\"inLanguage\":\"pt-BR\",\"@id\":\"https:\\\/\\\/folhapopular.info\\\/index.php\\\/2019\\\/11\\\/13\\\/colisao-seguida-de-capotamento-deixa-uma-pessoa-ferida-em-teutonia\\\/#primaryimage\",\"url\":\"https:\\\/\\\/folhapopular.info\\\/wp-content\\\/uploads\\\/2019\\\/09\\\/tr\u00e2nsito-e1567961593182.jpg\",\"contentUrl\":\"https:\\\/\\\/folhapopular.info\\\/wp-content\\\/uploads\\\/2019\\\/09\\\/tr\u00e2nsito-e1567961593182.jpg\",\"width\":800,\"height\":563,\"caption\":\"Artes Transito\"},{\"@type\":\"BreadcrumbList\",\"@id\":\"https:\\\/\\\/folhapopular.info\\\/index.php\\\/2019\\\/11\\\/13\\\/colisao-seguida-de-capotamento-deixa-uma-pessoa-ferida-em-teutonia\\\/#breadcrumb\",\"itemListElement\":[{\"@type\":\"ListItem\",\"position\":1,\"name\":\"In\u00edcio\",\"item\":\"https:\\\/\\\/folhapopular.info\\\/\"},{\"@type\":\"ListItem\",\"position\":2,\"name\":\"Colis\u00e3o seguida de capotamento deixa uma pessoa ferida em Teut\u00f4nia\"}]},{\"@type\":\"WebSite\",\"@id\":\"https:\\\/\\\/folhapopular.info\\\/#website\",\"url\":\"https:\\\/\\\/folhapopular.info\\\/\",\"name\":\"Folha Popular\",\"description\":\"Onde voc\u00ea tem vez e voz\",\"potentialAction\":[{\"@type\":\"SearchAction\",\"target\":{\"@type\":\"EntryPoint\",\"urlTemplate\":\"https:\\\/\\\/folhapopular.info\\\/?s={search_term_string}\"},\"query-input\":{\"@type\":\"PropertyValueSpecification\",\"valueRequired\":true,\"valueName\":\"search_term_string\"}}],\"inLanguage\":\"pt-BR\"},{\"@type\":\"Person\",\"@id\":\"https:\\\/\\\/folhapopular.info\\\/#\\\/schema\\\/person\\\/2814e8a0df7643585a9ca38bc6eb9d4b\",\"name\":\"Reda\u00e7\u00e3o Folha Popular\",\"image\":{\"@type\":\"ImageObject\",\"inLanguage\":\"pt-BR\",\"@id\":\"https:\\\/\\\/folhapopular.info\\\/wp-content\\\/uploads\\\/2026\\\/04\\\/Folha-1.webp\",\"url\":\"https:\\\/\\\/folhapopular.info\\\/wp-content\\\/uploads\\\/2026\\\/04\\\/Folha-1.webp\",\"contentUrl\":\"https:\\\/\\\/folhapopular.info\\\/wp-content\\\/uploads\\\/2026\\\/04\\\/Folha-1.webp\",\"caption\":\"Reda\u00e7\u00e3o Folha Popular\"},\"url\":\"https:\\\/\\\/folhapopular.info\\\/index.php\\\/author\\\/redacao\\\/\"}]}<\/script>\n<!-- \/ Yoast SEO plugin. -->","yoast_head_json":{"title":"Colis\u00e3o seguida de capotamento deixa uma pessoa ferida em Teut\u00f4nia - Folha Popular","robots":{"index":"index","follow":"follow","max-snippet":"max-snippet:-1","max-image-preview":"max-image-preview:large","max-video-preview":"max-video-preview:-1"},"canonical":"https:\/\/folhapopular.info\/index.php\/2019\/11\/13\/colisao-seguida-de-capotamento-deixa-uma-pessoa-ferida-em-teutonia\/","og_locale":"pt_BR","og_type":"article","og_title":"Colis\u00e3o seguida de capotamento deixa uma pessoa ferida em Teut\u00f4nia - Folha Popular","og_description":"Uma colis\u00e3o entre dois ve\u00edculos causou um capotamento por volta das 7h43 desta quarta-feira, no km 55 das RSC-453, em Teut\u00f4nia, pr\u00f3ximo ao trevo da Harmonia. Estiveram envolvidos um Fiat Branco, placa de Westf\u00e1lia, conduzido por um homem de 74 anos, e um Escort cinza de Teut\u00f4nia, com duas pessoas. Os passageiros do Scort, de [&hellip;]","og_url":"https:\/\/folhapopular.info\/index.php\/2019\/11\/13\/colisao-seguida-de-capotamento-deixa-uma-pessoa-ferida-em-teutonia\/","og_site_name":"Folha Popular","article_published_time":"2019-11-13T20:19:24+00:00","article_modified_time":"2019-11-13T20:19:37+00:00","og_image":[{"width":800,"height":563,"url":"https:\/\/folhapopular.info\/wp-content\/uploads\/2019\/09\/tr\u00e2nsito-e1567961593182.jpg","type":"image\/jpeg"}],"author":"Reda\u00e7\u00e3o Folha Popular","twitter_card":"summary_large_image","twitter_misc":{"Escrito por":"Reda\u00e7\u00e3o Folha Popular"},"schema":{"@context":"https:\/\/schema.org","@graph":[{"@type":"Article","@id":"https:\/\/folhapopular.info\/index.php\/2019\/11\/13\/colisao-seguida-de-capotamento-deixa-uma-pessoa-ferida-em-teutonia\/#article","isPartOf":{"@id":"https:\/\/folhapopular.info\/index.php\/2019\/11\/13\/colisao-seguida-de-capotamento-deixa-uma-pessoa-ferida-em-teutonia\/"},"author":{"name":"Reda\u00e7\u00e3o Folha Popular","@id":"https:\/\/folhapopular.info\/#\/schema\/person\/2814e8a0df7643585a9ca38bc6eb9d4b"},"headline":"Colis\u00e3o seguida de capotamento deixa uma pessoa ferida em Teut\u00f4nia","datePublished":"2019-11-13T20:19:24+00:00","dateModified":"2019-11-13T20:19:37+00:00","mainEntityOfPage":{"@id":"https:\/\/folhapopular.info\/index.php\/2019\/11\/13\/colisao-seguida-de-capotamento-deixa-uma-pessoa-ferida-em-teutonia\/"},"wordCount":95,"commentCount":0,"image":{"@id":"https:\/\/folhapopular.info\/index.php\/2019\/11\/13\/colisao-seguida-de-capotamento-deixa-uma-pessoa-ferida-em-teutonia\/#primaryimage"},"thumbnailUrl":"https:\/\/folhapopular.info\/wp-content\/uploads\/2019\/09\/tr\u00e2nsito-e1567961593182.jpg","keywords":["Capotamento","Teut\u00f4nia"],"articleSection":["Geral","Seguran\u00e7a"],"inLanguage":"pt-BR","potentialAction":[{"@type":"CommentAction","name":"Comment","target":["https:\/\/folhapopular.info\/index.php\/2019\/11\/13\/colisao-seguida-de-capotamento-deixa-uma-pessoa-ferida-em-teutonia\/#respond"]}]},{"@type":"WebPage","@id":"https:\/\/folhapopular.info\/index.php\/2019\/11\/13\/colisao-seguida-de-capotamento-deixa-uma-pessoa-ferida-em-teutonia\/","url":"https:\/\/folhapopular.info\/index.php\/2019\/11\/13\/colisao-seguida-de-capotamento-deixa-uma-pessoa-ferida-em-teutonia\/","name":"Colis\u00e3o seguida de capotamento deixa uma pessoa ferida em Teut\u00f4nia - Folha Popular","isPartOf":{"@id":"https:\/\/folhapopular.info\/#website"},"primaryImageOfPage":{"@id":"https:\/\/folhapopular.info\/index.php\/2019\/11\/13\/colisao-seguida-de-capotamento-deixa-uma-pessoa-ferida-em-teutonia\/#primaryimage"},"image":{"@id":"https:\/\/folhapopular.info\/index.php\/2019\/11\/13\/colisao-seguida-de-capotamento-deixa-uma-pessoa-ferida-em-teutonia\/#primaryimage"},"thumbnailUrl":"https:\/\/folhapopular.info\/wp-content\/uploads\/2019\/09\/tr\u00e2nsito-e1567961593182.jpg","datePublished":"2019-11-13T20:19:24+00:00","dateModified":"2019-11-13T20:19:37+00:00","author":{"@id":"https:\/\/folhapopular.info\/#\/schema\/person\/2814e8a0df7643585a9ca38bc6eb9d4b"},"breadcrumb":{"@id":"https:\/\/folhapopular.info\/index.php\/2019\/11\/13\/colisao-seguida-de-capotamento-deixa-uma-pessoa-ferida-em-teutonia\/#breadcrumb"},"inLanguage":"pt-BR","potentialAction":[{"@type":"ReadAction","target":["https:\/\/folhapopular.info\/index.php\/2019\/11\/13\/colisao-seguida-de-capotamento-deixa-uma-pessoa-ferida-em-teutonia\/"]}]},{"@type":"ImageObject","inLanguage":"pt-BR","@id":"https:\/\/folhapopular.info\/index.php\/2019\/11\/13\/colisao-seguida-de-capotamento-deixa-uma-pessoa-ferida-em-teutonia\/#primaryimage","url":"https:\/\/folhapopular.info\/wp-content\/uploads\/2019\/09\/tr\u00e2nsito-e1567961593182.jpg","contentUrl":"https:\/\/folhapopular.info\/wp-content\/uploads\/2019\/09\/tr\u00e2nsito-e1567961593182.jpg","width":800,"height":563,"caption":"Artes Transito"},{"@type":"BreadcrumbList","@id":"https:\/\/folhapopular.info\/index.php\/2019\/11\/13\/colisao-seguida-de-capotamento-deixa-uma-pessoa-ferida-em-teutonia\/#breadcrumb","itemListElement":[{"@type":"ListItem","position":1,"name":"In\u00edcio","item":"https:\/\/folhapopular.info\/"},{"@type":"ListItem","position":2,"name":"Colis\u00e3o seguida de capotamento deixa uma pessoa ferida em Teut\u00f4nia"}]},{"@type":"WebSite","@id":"https:\/\/folhapopular.info\/#website","url":"https:\/\/folhapopular.info\/","name":"Folha Popular","description":"Onde voc\u00ea tem vez e voz","potentialAction":[{"@type":"SearchAction","target":{"@type":"EntryPoint","urlTemplate":"https:\/\/folhapopular.info\/?s={search_term_string}"},"query-input":{"@type":"PropertyValueSpecification","valueRequired":true,"valueName":"search_term_string"}}],"inLanguage":"pt-BR"},{"@type":"Person","@id":"https:\/\/folhapopular.info\/#\/schema\/person\/2814e8a0df7643585a9ca38bc6eb9d4b","name":"Reda\u00e7\u00e3o Folha Popular","image":{"@type":"ImageObject","inLanguage":"pt-BR","@id":"https:\/\/folhapopular.info\/wp-content\/uploads\/2026\/04\/Folha-1.webp","url":"https:\/\/folhapopular.info\/wp-content\/uploads\/2026\/04\/Folha-1.webp","contentUrl":"https:\/\/folhapopular.info\/wp-content\/uploads\/2026\/04\/Folha-1.webp","caption":"Reda\u00e7\u00e3o Folha Popular"},"url":"https:\/\/folhapopular.info\/index.php\/author\/redacao\/"}]}},"jetpack_featured_media_url":"https:\/\/folhapopular.info\/wp-content\/uploads\/2019\/09\/tr\u00e2nsito-e1567961593182.jpg","jetpack_sharing_enabled":true,"amp_enabled":true,"_links":{"self":[{"href":"https:\/\/folhapopular.info\/index.php\/wp-json\/wp\/v2\/posts\/61282","targetHints":{"allow":["GET"]}}],"collection":[{"href":"https:\/\/folhapopular.info\/index.php\/wp-json\/wp\/v2\/posts"}],"about":[{"href":"https:\/\/folhapopular.info\/index.php\/wp-json\/wp\/v2\/types\/post"}],"author":[{"embeddable":true,"href":"https:\/\/folhapopular.info\/index.php\/wp-json\/wp\/v2\/users\/8"}],"replies":[{"embeddable":true,"href":"https:\/\/folhapopular.info\/index.php\/wp-json\/wp\/v2\/comments?post=61282"}],"version-history":[{"count":0,"href":"https:\/\/folhapopular.info\/index.php\/wp-json\/wp\/v2\/posts\/61282\/revisions"}],"wp:featuredmedia":[{"embeddable":true,"href":"https:\/\/folhapopular.info\/index.php\/wp-json\/wp\/v2\/media\/58540"}],"wp:attachment":[{"href":"https:\/\/folhapopular.info\/index.php\/wp-json\/wp\/v2\/media?parent=61282"}],"wp:term":[{"taxonomy":"category","embeddable":true,"href":"https:\/\/folhapopular.info\/index.php\/wp-json\/wp\/v2\/categories?post=61282"},{"taxonomy":"post_tag","embeddable":true,"href":"https:\/\/folhapopular.info\/index.php\/wp-json\/wp\/v2\/tags?post=61282"}],"curies":[{"name":"wp","href":"https:\/\/api.w.org\/{rel}","templated":true}]}}