{"id":61314,"date":"2019-11-14T13:20:00","date_gmt":"2019-11-14T16:20:00","guid":{"rendered":"https:\/\/folhapopular.info\/?p=61314"},"modified":"2019-11-14T10:32:15","modified_gmt":"2019-11-14T13:32:15","slug":"cerca-de-mil-pessoas-prestigiam-festividades-de-aniversario-da-cooperativa-languiru","status":"publish","type":"post","link":"https:\/\/folhapopular.info\/index.php\/2019\/11\/14\/cerca-de-mil-pessoas-prestigiam-festividades-de-aniversario-da-cooperativa-languiru\/","title":{"rendered":"Cerca de mil pessoas prestigiam festividades de anivers\u00e1rio da Cooperativa Languiru"},"content":{"rendered":"\n<p>Nesta quarta-feira (13\/11), a Cooperativa Languiru realizou evento especial pelos 64 anos de funda\u00e7\u00e3o. A programa\u00e7\u00e3o reuniu cerca de mil pessoas na Associa\u00e7\u00e3o dos Funcion\u00e1rios da Languiru, em Teut\u00f4nia, entre associados e familiares, autoridades, convidados e parceiros.<\/p>\n\n\n\n<p>Al\u00e9m dos agradecimentos e homenagens, o presidente Dirceu Bayer apresentou investimentos j\u00e1 iniciados e previstos pela cooperativa, que somam aproximadamente R$ 68 milh\u00f5es. \u201cO maior investimento da Languiru \u00e9 nas pessoas, com cursos de qualifica\u00e7\u00e3o e diversos treinamentos. Assim como a Languiru cresce, os nossos associados tamb\u00e9m t\u00eam a oportunidade de evoluir. O cooperativismo contribui para o desenvolvimento de toda comunidade\u201d, frisou.<\/p>\n\n\n\n<p>O diretor industrial e de fomento agropecu\u00e1rio, Fabiano Leonhardt, detalhou os investimentos no parque industrial e setor de varejo. \u201cO maior aporte est\u00e1 no Frigor\u00edfico de Aves, em Westf\u00e1lia, onde j\u00e1 foram aplicados R$ 57 milh\u00f5es na amplia\u00e7\u00e3o da capacidade de produ\u00e7\u00e3o de carne\u201c, enumerou.<\/p>\n\n\n\n<p>Para o presidente, o desempenho da Languiru tem rela\u00e7\u00e3o direta com a efici\u00eancia produtiva e os investimentos em tecnologia no parque industrial pr\u00f3prio. \u201cIsso nos permite agrega\u00e7\u00e3o de valor \u00e0 mat\u00e9ria-prima. Mesmo em momentos de instabilidade econ\u00f4mica, estamos investindo. O mercado de carnes tem se mostrado animador este ano e temos expectativas bastante otimistas para 2020\u201d, acrescentou Bayer.<\/p>\n\n\n\n<p><strong>Programa\u00e7\u00e3o<\/strong><\/p>\n\n\n\n<p>A programa\u00e7\u00e3o do dia ainda contou com as \u00faltimas tarefas e premia\u00e7\u00e3o da 1\u00aa Gincana da Integra\u00e7\u00e3o Languiru, palestra sobre perspectivas do clima com a meteorologista Estael Sias, homenagens, apresenta\u00e7\u00e3o do pianista Rodrigo Soltton, almo\u00e7o de confraterniza\u00e7\u00e3o e o primeiro sorteio da Temporada de Pr\u00eamios Languiru 2019.<\/p>\n\n\n\n<p>Oficinas de bem-estar, com atividades voltadas \u00e0 nutri\u00e7\u00e3o, maquiagem, servi\u00e7o de an\u00e1lise capilar, limpeza e hidrata\u00e7\u00e3o de m\u00e3os, orienta\u00e7\u00f5es e exposi\u00e7\u00e3o de linha de protetores solares e dermocosm\u00e9ticos, aferi\u00e7\u00e3o de press\u00e3o arterial e testes de glicose tamb\u00e9m atra\u00edram o p\u00fablico, bem como a presen\u00e7a de ervateira e brinquedos infl\u00e1veis para as crian\u00e7as.<\/p>\n\n\n\n<p>Autoridades e lideran\u00e7as regionais fizeram uso da palavra e parabenizaram a Languiru pelo anivers\u00e1rio, al\u00e9m de autoridades nacionais, cujas mensagens enviadas em v\u00eddeo foram apresentadas no tel\u00e3o. Destaque para o ministro-chefe da Casa Civil, Onyx Lorenzoni, que em nome do presidente da Rep\u00fablica, Jair Bolsonaro, cumprimentou a todo quadro social da Languiru.<\/p>\n\n\n\n<p><strong>Gincana<\/strong><\/p>\n\n\n\n<p>A 1\u00aa Gincana da Integra\u00e7\u00e3o Languiru conheceu a equipe campe\u00e3. Com dez grupos inscritos, o t\u00edtulo ficou com Unidos por Germana, que levou o pr\u00eamio de R$ 6 mil a ser destinado para entidades sem fins lucrativos indicadas pela equipe, al\u00e9m de vale-compras, trof\u00e9u e medalhas.<\/p>\n\n\n\n<p>A gincana mobilizou e movimentou as comunidades e N\u00facleos de associados da Languiru, promovendo o fortalecimento do quadro social, exercitando a pr\u00e1tica do cooperativismo e o trabalho em equipe entre os associados.<\/p>\n\n\n\n<p><strong>Temporada de Pr\u00eamios<\/strong><\/p>\n\n\n\n<p>Fechando a programa\u00e7\u00e3o de anivers\u00e1rio ocorreu o primeiro sorteio da Temporada de Pr\u00eamios Languiru 2019. Os ganhadores de meio ano de compras nos Supermercados Languiru no valor mensal de R$ 300,00 cada foram Norberto Egon Lohmann e Lino L\u00facio Schneider, ambos de Teut\u00f4nia; e o autom\u00f3vel Hyundai HB20, modelo 2019, zero quil\u00f4metro, foi para Eberson Jardel dos Santos, tamb\u00e9m de Teut\u00f4nia.<\/p>\n\n\n\n<p>A campanha iniciada no dia 15 de agosto j\u00e1 distribuiu mais de 600 mil cautelas. O segundo e \u00faltimo sorteio ocorre no dia 20 de dezembro, durante o 3\u00ba Natal Solid\u00e1rio Languiru, quando ser\u00e3o sorteados mais um autom\u00f3vel Hyundai HB20; uma viagem a Porto Seguro, na Bahia, com direito a um acompanhante; e mais tr\u00eas chances de ganhar meio ano de compras, no valor mensal de R$ 300,00 cada, nos Supermercados Languiru.<\/p>\n\n\n\n<p>As urnas para dep\u00f3sito das cautelas est\u00e3o dispon\u00edveis nas lojas Agrocenter Languiru, Supermercados Languiru, Postos de Combust\u00edveis Languiru e F\u00e1brica de Ra\u00e7\u00f5es (somente para pessoa f\u00edsica).<\/p>\n","protected":false},"excerpt":{"rendered":"<p>Nesta quarta-feira (13\/11), a Cooperativa Languiru realizou evento especial pelos 64 anos de funda\u00e7\u00e3o. A programa\u00e7\u00e3o reuniu cerca de mil pessoas na Associa\u00e7\u00e3o dos Funcion\u00e1rios da Languiru, em Teut\u00f4nia, entre associados e familiares, autoridades, convidados e parceiros. Al\u00e9m dos agradecimentos e homenagens, o presidente Dirceu Bayer apresentou investimentos j\u00e1 iniciados e previstos pela cooperativa, que [&hellip;]<\/p>\n","protected":false},"author":8,"featured_media":61316,"comment_status":"open","ping_status":"open","sticky":false,"template":"","format":"standard","meta":{"pmpro_default_level":"","_jetpack_memberships_contains_paid_content":false,"footnotes":""},"categories":[2,3],"tags":[313,26],"class_list":{"0":"post-61314","1":"post","2":"type-post","3":"status-publish","4":"format-standard","5":"has-post-thumbnail","7":"category-featured","8":"category-geral","9":"tag-cooperativa-languiru","10":"tag-teutonia","11":"pmpro-has-access"},"yoast_head":"<!-- This site is optimized with the Yoast SEO plugin v27.5 - https:\/\/yoast.com\/product\/yoast-seo-wordpress\/ -->\n<title>Cerca de mil pessoas prestigiam festividades de anivers\u00e1rio da Cooperativa Languiru - Folha Popular<\/title>\n<meta name=\"robots\" content=\"index, follow, max-snippet:-1, max-image-preview:large, max-video-preview:-1\" \/>\n<link rel=\"canonical\" href=\"https:\/\/folhapopular.info\/index.php\/2019\/11\/14\/cerca-de-mil-pessoas-prestigiam-festividades-de-aniversario-da-cooperativa-languiru\/\" \/>\n<meta property=\"og:locale\" content=\"pt_BR\" \/>\n<meta property=\"og:type\" content=\"article\" \/>\n<meta property=\"og:title\" content=\"Cerca de mil pessoas prestigiam festividades de anivers\u00e1rio da Cooperativa Languiru - Folha Popular\" \/>\n<meta property=\"og:description\" content=\"Nesta quarta-feira (13\/11), a Cooperativa Languiru realizou evento especial pelos 64 anos de funda\u00e7\u00e3o. A programa\u00e7\u00e3o reuniu cerca de mil pessoas na Associa\u00e7\u00e3o dos Funcion\u00e1rios da Languiru, em Teut\u00f4nia, entre associados e familiares, autoridades, convidados e parceiros. Al\u00e9m dos agradecimentos e homenagens, o presidente Dirceu Bayer apresentou investimentos j\u00e1 iniciados e previstos pela cooperativa, que [&hellip;]\" \/>\n<meta property=\"og:url\" content=\"https:\/\/folhapopular.info\/index.php\/2019\/11\/14\/cerca-de-mil-pessoas-prestigiam-festividades-de-aniversario-da-cooperativa-languiru\/\" \/>\n<meta property=\"og:site_name\" content=\"Folha Popular\" \/>\n<meta property=\"article:published_time\" content=\"2019-11-14T16:20:00+00:00\" \/>\n<meta property=\"og:image\" content=\"https:\/\/folhapopular.info\/wp-content\/uploads\/2019\/11\/DSC_1116-JORNAL-scaled-e1573738202147.jpg\" \/>\n\t<meta property=\"og:image:width\" content=\"800\" \/>\n\t<meta property=\"og:image:height\" content=\"450\" \/>\n\t<meta property=\"og:image:type\" content=\"image\/jpeg\" \/>\n<meta name=\"author\" content=\"Reda\u00e7\u00e3o Folha Popular\" \/>\n<meta name=\"twitter:card\" content=\"summary_large_image\" \/>\n<meta name=\"twitter:label1\" content=\"Escrito por\" \/>\n\t<meta name=\"twitter:data1\" content=\"Reda\u00e7\u00e3o Folha Popular\" \/>\n\t<meta name=\"twitter:label2\" content=\"Est. tempo de leitura\" \/>\n\t<meta name=\"twitter:data2\" content=\"3 minutos\" \/>\n<script type=\"application\/ld+json\" class=\"yoast-schema-graph\">{\"@context\":\"https:\\\/\\\/schema.org\",\"@graph\":[{\"@type\":\"Article\",\"@id\":\"https:\\\/\\\/folhapopular.info\\\/index.php\\\/2019\\\/11\\\/14\\\/cerca-de-mil-pessoas-prestigiam-festividades-de-aniversario-da-cooperativa-languiru\\\/#article\",\"isPartOf\":{\"@id\":\"https:\\\/\\\/folhapopular.info\\\/index.php\\\/2019\\\/11\\\/14\\\/cerca-de-mil-pessoas-prestigiam-festividades-de-aniversario-da-cooperativa-languiru\\\/\"},\"author\":{\"name\":\"Reda\u00e7\u00e3o Folha Popular\",\"@id\":\"https:\\\/\\\/folhapopular.info\\\/#\\\/schema\\\/person\\\/2814e8a0df7643585a9ca38bc6eb9d4b\"},\"headline\":\"Cerca de mil pessoas prestigiam festividades de anivers\u00e1rio da Cooperativa Languiru\",\"datePublished\":\"2019-11-14T16:20:00+00:00\",\"mainEntityOfPage\":{\"@id\":\"https:\\\/\\\/folhapopular.info\\\/index.php\\\/2019\\\/11\\\/14\\\/cerca-de-mil-pessoas-prestigiam-festividades-de-aniversario-da-cooperativa-languiru\\\/\"},\"wordCount\":667,\"commentCount\":0,\"image\":{\"@id\":\"https:\\\/\\\/folhapopular.info\\\/index.php\\\/2019\\\/11\\\/14\\\/cerca-de-mil-pessoas-prestigiam-festividades-de-aniversario-da-cooperativa-languiru\\\/#primaryimage\"},\"thumbnailUrl\":\"https:\\\/\\\/folhapopular.info\\\/wp-content\\\/uploads\\\/2019\\\/11\\\/DSC_1116-JORNAL-scaled-e1573738202147.jpg\",\"keywords\":[\"Cooperativa Languiru\",\"Teut\u00f4nia\"],\"articleSection\":[\"Destaques\",\"Geral\"],\"inLanguage\":\"pt-BR\",\"potentialAction\":[{\"@type\":\"CommentAction\",\"name\":\"Comment\",\"target\":[\"https:\\\/\\\/folhapopular.info\\\/index.php\\\/2019\\\/11\\\/14\\\/cerca-de-mil-pessoas-prestigiam-festividades-de-aniversario-da-cooperativa-languiru\\\/#respond\"]}]},{\"@type\":\"WebPage\",\"@id\":\"https:\\\/\\\/folhapopular.info\\\/index.php\\\/2019\\\/11\\\/14\\\/cerca-de-mil-pessoas-prestigiam-festividades-de-aniversario-da-cooperativa-languiru\\\/\",\"url\":\"https:\\\/\\\/folhapopular.info\\\/index.php\\\/2019\\\/11\\\/14\\\/cerca-de-mil-pessoas-prestigiam-festividades-de-aniversario-da-cooperativa-languiru\\\/\",\"name\":\"Cerca de mil pessoas prestigiam festividades de anivers\u00e1rio da Cooperativa Languiru - Folha Popular\",\"isPartOf\":{\"@id\":\"https:\\\/\\\/folhapopular.info\\\/#website\"},\"primaryImageOfPage\":{\"@id\":\"https:\\\/\\\/folhapopular.info\\\/index.php\\\/2019\\\/11\\\/14\\\/cerca-de-mil-pessoas-prestigiam-festividades-de-aniversario-da-cooperativa-languiru\\\/#primaryimage\"},\"image\":{\"@id\":\"https:\\\/\\\/folhapopular.info\\\/index.php\\\/2019\\\/11\\\/14\\\/cerca-de-mil-pessoas-prestigiam-festividades-de-aniversario-da-cooperativa-languiru\\\/#primaryimage\"},\"thumbnailUrl\":\"https:\\\/\\\/folhapopular.info\\\/wp-content\\\/uploads\\\/2019\\\/11\\\/DSC_1116-JORNAL-scaled-e1573738202147.jpg\",\"datePublished\":\"2019-11-14T16:20:00+00:00\",\"author\":{\"@id\":\"https:\\\/\\\/folhapopular.info\\\/#\\\/schema\\\/person\\\/2814e8a0df7643585a9ca38bc6eb9d4b\"},\"breadcrumb\":{\"@id\":\"https:\\\/\\\/folhapopular.info\\\/index.php\\\/2019\\\/11\\\/14\\\/cerca-de-mil-pessoas-prestigiam-festividades-de-aniversario-da-cooperativa-languiru\\\/#breadcrumb\"},\"inLanguage\":\"pt-BR\",\"potentialAction\":[{\"@type\":\"ReadAction\",\"target\":[\"https:\\\/\\\/folhapopular.info\\\/index.php\\\/2019\\\/11\\\/14\\\/cerca-de-mil-pessoas-prestigiam-festividades-de-aniversario-da-cooperativa-languiru\\\/\"]}]},{\"@type\":\"ImageObject\",\"inLanguage\":\"pt-BR\",\"@id\":\"https:\\\/\\\/folhapopular.info\\\/index.php\\\/2019\\\/11\\\/14\\\/cerca-de-mil-pessoas-prestigiam-festividades-de-aniversario-da-cooperativa-languiru\\\/#primaryimage\",\"url\":\"https:\\\/\\\/folhapopular.info\\\/wp-content\\\/uploads\\\/2019\\\/11\\\/DSC_1116-JORNAL-scaled-e1573738202147.jpg\",\"contentUrl\":\"https:\\\/\\\/folhapopular.info\\\/wp-content\\\/uploads\\\/2019\\\/11\\\/DSC_1116-JORNAL-scaled-e1573738202147.jpg\",\"width\":800,\"height\":450,\"caption\":\"Evento reuniu grande p\u00fablico na Associa\u00e7\u00e3o dos Funcion\u00e1rios da Languiru, em Teut\u00f4nia \\\/ Cr\u00e9dito da foto: Leandro Augusto Hamester \\\/ Divulga\u00e7\u00e3o\"},{\"@type\":\"BreadcrumbList\",\"@id\":\"https:\\\/\\\/folhapopular.info\\\/index.php\\\/2019\\\/11\\\/14\\\/cerca-de-mil-pessoas-prestigiam-festividades-de-aniversario-da-cooperativa-languiru\\\/#breadcrumb\",\"itemListElement\":[{\"@type\":\"ListItem\",\"position\":1,\"name\":\"In\u00edcio\",\"item\":\"https:\\\/\\\/folhapopular.info\\\/\"},{\"@type\":\"ListItem\",\"position\":2,\"name\":\"Cerca de mil pessoas prestigiam festividades de anivers\u00e1rio da Cooperativa Languiru\"}]},{\"@type\":\"WebSite\",\"@id\":\"https:\\\/\\\/folhapopular.info\\\/#website\",\"url\":\"https:\\\/\\\/folhapopular.info\\\/\",\"name\":\"Folha Popular\",\"description\":\"Onde voc\u00ea tem vez e voz\",\"potentialAction\":[{\"@type\":\"SearchAction\",\"target\":{\"@type\":\"EntryPoint\",\"urlTemplate\":\"https:\\\/\\\/folhapopular.info\\\/?s={search_term_string}\"},\"query-input\":{\"@type\":\"PropertyValueSpecification\",\"valueRequired\":true,\"valueName\":\"search_term_string\"}}],\"inLanguage\":\"pt-BR\"},{\"@type\":\"Person\",\"@id\":\"https:\\\/\\\/folhapopular.info\\\/#\\\/schema\\\/person\\\/2814e8a0df7643585a9ca38bc6eb9d4b\",\"name\":\"Reda\u00e7\u00e3o Folha Popular\",\"image\":{\"@type\":\"ImageObject\",\"inLanguage\":\"pt-BR\",\"@id\":\"https:\\\/\\\/folhapopular.info\\\/wp-content\\\/uploads\\\/2026\\\/04\\\/Folha-1.webp\",\"url\":\"https:\\\/\\\/folhapopular.info\\\/wp-content\\\/uploads\\\/2026\\\/04\\\/Folha-1.webp\",\"contentUrl\":\"https:\\\/\\\/folhapopular.info\\\/wp-content\\\/uploads\\\/2026\\\/04\\\/Folha-1.webp\",\"caption\":\"Reda\u00e7\u00e3o Folha Popular\"},\"url\":\"https:\\\/\\\/folhapopular.info\\\/index.php\\\/author\\\/redacao\\\/\"}]}<\/script>\n<!-- \/ Yoast SEO plugin. -->","yoast_head_json":{"title":"Cerca de mil pessoas prestigiam festividades de anivers\u00e1rio da Cooperativa Languiru - Folha Popular","robots":{"index":"index","follow":"follow","max-snippet":"max-snippet:-1","max-image-preview":"max-image-preview:large","max-video-preview":"max-video-preview:-1"},"canonical":"https:\/\/folhapopular.info\/index.php\/2019\/11\/14\/cerca-de-mil-pessoas-prestigiam-festividades-de-aniversario-da-cooperativa-languiru\/","og_locale":"pt_BR","og_type":"article","og_title":"Cerca de mil pessoas prestigiam festividades de anivers\u00e1rio da Cooperativa Languiru - Folha Popular","og_description":"Nesta quarta-feira (13\/11), a Cooperativa Languiru realizou evento especial pelos 64 anos de funda\u00e7\u00e3o. A programa\u00e7\u00e3o reuniu cerca de mil pessoas na Associa\u00e7\u00e3o dos Funcion\u00e1rios da Languiru, em Teut\u00f4nia, entre associados e familiares, autoridades, convidados e parceiros. Al\u00e9m dos agradecimentos e homenagens, o presidente Dirceu Bayer apresentou investimentos j\u00e1 iniciados e previstos pela cooperativa, que [&hellip;]","og_url":"https:\/\/folhapopular.info\/index.php\/2019\/11\/14\/cerca-de-mil-pessoas-prestigiam-festividades-de-aniversario-da-cooperativa-languiru\/","og_site_name":"Folha Popular","article_published_time":"2019-11-14T16:20:00+00:00","og_image":[{"width":800,"height":450,"url":"https:\/\/folhapopular.info\/wp-content\/uploads\/2019\/11\/DSC_1116-JORNAL-scaled-e1573738202147.jpg","type":"image\/jpeg"}],"author":"Reda\u00e7\u00e3o Folha Popular","twitter_card":"summary_large_image","twitter_misc":{"Escrito por":"Reda\u00e7\u00e3o Folha Popular","Est. tempo de leitura":"3 minutos"},"schema":{"@context":"https:\/\/schema.org","@graph":[{"@type":"Article","@id":"https:\/\/folhapopular.info\/index.php\/2019\/11\/14\/cerca-de-mil-pessoas-prestigiam-festividades-de-aniversario-da-cooperativa-languiru\/#article","isPartOf":{"@id":"https:\/\/folhapopular.info\/index.php\/2019\/11\/14\/cerca-de-mil-pessoas-prestigiam-festividades-de-aniversario-da-cooperativa-languiru\/"},"author":{"name":"Reda\u00e7\u00e3o Folha Popular","@id":"https:\/\/folhapopular.info\/#\/schema\/person\/2814e8a0df7643585a9ca38bc6eb9d4b"},"headline":"Cerca de mil pessoas prestigiam festividades de anivers\u00e1rio da Cooperativa Languiru","datePublished":"2019-11-14T16:20:00+00:00","mainEntityOfPage":{"@id":"https:\/\/folhapopular.info\/index.php\/2019\/11\/14\/cerca-de-mil-pessoas-prestigiam-festividades-de-aniversario-da-cooperativa-languiru\/"},"wordCount":667,"commentCount":0,"image":{"@id":"https:\/\/folhapopular.info\/index.php\/2019\/11\/14\/cerca-de-mil-pessoas-prestigiam-festividades-de-aniversario-da-cooperativa-languiru\/#primaryimage"},"thumbnailUrl":"https:\/\/folhapopular.info\/wp-content\/uploads\/2019\/11\/DSC_1116-JORNAL-scaled-e1573738202147.jpg","keywords":["Cooperativa Languiru","Teut\u00f4nia"],"articleSection":["Destaques","Geral"],"inLanguage":"pt-BR","potentialAction":[{"@type":"CommentAction","name":"Comment","target":["https:\/\/folhapopular.info\/index.php\/2019\/11\/14\/cerca-de-mil-pessoas-prestigiam-festividades-de-aniversario-da-cooperativa-languiru\/#respond"]}]},{"@type":"WebPage","@id":"https:\/\/folhapopular.info\/index.php\/2019\/11\/14\/cerca-de-mil-pessoas-prestigiam-festividades-de-aniversario-da-cooperativa-languiru\/","url":"https:\/\/folhapopular.info\/index.php\/2019\/11\/14\/cerca-de-mil-pessoas-prestigiam-festividades-de-aniversario-da-cooperativa-languiru\/","name":"Cerca de mil pessoas prestigiam festividades de anivers\u00e1rio da Cooperativa Languiru - Folha Popular","isPartOf":{"@id":"https:\/\/folhapopular.info\/#website"},"primaryImageOfPage":{"@id":"https:\/\/folhapopular.info\/index.php\/2019\/11\/14\/cerca-de-mil-pessoas-prestigiam-festividades-de-aniversario-da-cooperativa-languiru\/#primaryimage"},"image":{"@id":"https:\/\/folhapopular.info\/index.php\/2019\/11\/14\/cerca-de-mil-pessoas-prestigiam-festividades-de-aniversario-da-cooperativa-languiru\/#primaryimage"},"thumbnailUrl":"https:\/\/folhapopular.info\/wp-content\/uploads\/2019\/11\/DSC_1116-JORNAL-scaled-e1573738202147.jpg","datePublished":"2019-11-14T16:20:00+00:00","author":{"@id":"https:\/\/folhapopular.info\/#\/schema\/person\/2814e8a0df7643585a9ca38bc6eb9d4b"},"breadcrumb":{"@id":"https:\/\/folhapopular.info\/index.php\/2019\/11\/14\/cerca-de-mil-pessoas-prestigiam-festividades-de-aniversario-da-cooperativa-languiru\/#breadcrumb"},"inLanguage":"pt-BR","potentialAction":[{"@type":"ReadAction","target":["https:\/\/folhapopular.info\/index.php\/2019\/11\/14\/cerca-de-mil-pessoas-prestigiam-festividades-de-aniversario-da-cooperativa-languiru\/"]}]},{"@type":"ImageObject","inLanguage":"pt-BR","@id":"https:\/\/folhapopular.info\/index.php\/2019\/11\/14\/cerca-de-mil-pessoas-prestigiam-festividades-de-aniversario-da-cooperativa-languiru\/#primaryimage","url":"https:\/\/folhapopular.info\/wp-content\/uploads\/2019\/11\/DSC_1116-JORNAL-scaled-e1573738202147.jpg","contentUrl":"https:\/\/folhapopular.info\/wp-content\/uploads\/2019\/11\/DSC_1116-JORNAL-scaled-e1573738202147.jpg","width":800,"height":450,"caption":"Evento reuniu grande p\u00fablico na Associa\u00e7\u00e3o dos Funcion\u00e1rios da Languiru, em Teut\u00f4nia \/ Cr\u00e9dito da foto: Leandro Augusto Hamester \/ Divulga\u00e7\u00e3o"},{"@type":"BreadcrumbList","@id":"https:\/\/folhapopular.info\/index.php\/2019\/11\/14\/cerca-de-mil-pessoas-prestigiam-festividades-de-aniversario-da-cooperativa-languiru\/#breadcrumb","itemListElement":[{"@type":"ListItem","position":1,"name":"In\u00edcio","item":"https:\/\/folhapopular.info\/"},{"@type":"ListItem","position":2,"name":"Cerca de mil pessoas prestigiam festividades de anivers\u00e1rio da Cooperativa Languiru"}]},{"@type":"WebSite","@id":"https:\/\/folhapopular.info\/#website","url":"https:\/\/folhapopular.info\/","name":"Folha Popular","description":"Onde voc\u00ea tem vez e voz","potentialAction":[{"@type":"SearchAction","target":{"@type":"EntryPoint","urlTemplate":"https:\/\/folhapopular.info\/?s={search_term_string}"},"query-input":{"@type":"PropertyValueSpecification","valueRequired":true,"valueName":"search_term_string"}}],"inLanguage":"pt-BR"},{"@type":"Person","@id":"https:\/\/folhapopular.info\/#\/schema\/person\/2814e8a0df7643585a9ca38bc6eb9d4b","name":"Reda\u00e7\u00e3o Folha Popular","image":{"@type":"ImageObject","inLanguage":"pt-BR","@id":"https:\/\/folhapopular.info\/wp-content\/uploads\/2026\/04\/Folha-1.webp","url":"https:\/\/folhapopular.info\/wp-content\/uploads\/2026\/04\/Folha-1.webp","contentUrl":"https:\/\/folhapopular.info\/wp-content\/uploads\/2026\/04\/Folha-1.webp","caption":"Reda\u00e7\u00e3o Folha Popular"},"url":"https:\/\/folhapopular.info\/index.php\/author\/redacao\/"}]}},"jetpack_featured_media_url":"https:\/\/folhapopular.info\/wp-content\/uploads\/2019\/11\/DSC_1116-JORNAL-scaled-e1573738202147.jpg","jetpack_sharing_enabled":true,"amp_enabled":true,"_links":{"self":[{"href":"https:\/\/folhapopular.info\/index.php\/wp-json\/wp\/v2\/posts\/61314","targetHints":{"allow":["GET"]}}],"collection":[{"href":"https:\/\/folhapopular.info\/index.php\/wp-json\/wp\/v2\/posts"}],"about":[{"href":"https:\/\/folhapopular.info\/index.php\/wp-json\/wp\/v2\/types\/post"}],"author":[{"embeddable":true,"href":"https:\/\/folhapopular.info\/index.php\/wp-json\/wp\/v2\/users\/8"}],"replies":[{"embeddable":true,"href":"https:\/\/folhapopular.info\/index.php\/wp-json\/wp\/v2\/comments?post=61314"}],"version-history":[{"count":0,"href":"https:\/\/folhapopular.info\/index.php\/wp-json\/wp\/v2\/posts\/61314\/revisions"}],"wp:featuredmedia":[{"embeddable":true,"href":"https:\/\/folhapopular.info\/index.php\/wp-json\/wp\/v2\/media\/61316"}],"wp:attachment":[{"href":"https:\/\/folhapopular.info\/index.php\/wp-json\/wp\/v2\/media?parent=61314"}],"wp:term":[{"taxonomy":"category","embeddable":true,"href":"https:\/\/folhapopular.info\/index.php\/wp-json\/wp\/v2\/categories?post=61314"},{"taxonomy":"post_tag","embeddable":true,"href":"https:\/\/folhapopular.info\/index.php\/wp-json\/wp\/v2\/tags?post=61314"}],"curies":[{"name":"wp","href":"https:\/\/api.w.org\/{rel}","templated":true}]}}