{"id":61390,"date":"2019-11-17T10:38:37","date_gmt":"2019-11-17T13:38:37","guid":{"rendered":"https:\/\/folhapopular.info\/?p=61390"},"modified":"2019-11-17T16:40:30","modified_gmt":"2019-11-17T19:40:30","slug":"definidos-os-finalistas-do-regional-de-veteranos-da-aslivata","status":"publish","type":"post","link":"https:\/\/folhapopular.info\/index.php\/2019\/11\/17\/definidos-os-finalistas-do-regional-de-veteranos-da-aslivata\/","title":{"rendered":"Definidos os finalistas do Regional de Veteranos da Aslivata"},"content":{"rendered":"\n<p>A manh\u00e3 de domingo (17\/11) j\u00e1 come\u00e7ou quente e agitada no futebol amador do Vale do Taquari, pois foram disputados os jogos de volta da fase semifinal da categoria Veteranos da 22\u00aa Copa Certel Sicredi 2019. Foram conhecidos os finalistas das duas faixas: S\u00e9rie Ouro e S\u00e9rie Prata.<\/p>\n\n\n\n<p>Na S\u00e9rie Ouro, em Ven\u00e2ncio Aires, a Assespe voltou a vencer o Conc\u00f3rdia de Roca Sales por 2 a 0, confirmando sua terceira final consecutiva na competi\u00e7\u00e3o e vai em busca do primeiro t\u00edtulo.<\/p>\n\n\n\n<p>O advers\u00e1rio ser\u00e1 o Uni\u00e3o de Palmas, Encantado, que perdeu para o Estudiantes por 3 a 1, em jogo disputado no Bairro Conventos &#8211; Lajeado. Nos p\u00eanaltis, o Uni\u00e3o venceu o Estudiantes por 5 a 4. Ser\u00e1 a terceira final da hist\u00f3ria do Uni\u00e3o, com um t\u00edtulo e um vice-campeonato.<\/p>\n\n\n\n<p>Na S\u00e9rie Prata, o Brasil de Marques de Souza venceu o Internacional de Conservas\/Lajeado por 4 a 1 e tamb\u00e9m ganhou nos p\u00eanaltis por 6 a 5, garantindo presen\u00e7a na final. O Cruzeiro de Santa Clara do Sul confirmou a presen\u00e7a na decis\u00e3o ao golear o Independente por 7 a 0.<\/p>\n\n\n\n<h3 class=\"wp-block-heading\"><strong>22\u00aa COPA CERTEL SICREDI \u2013 VETERANOS<\/strong><\/h3>\n\n\n\n<p><strong>Semifinal S\u00e9rie Ouro<\/strong><br><strong>Jogo de volta \u2013 17\/11<\/strong><br>Lajeado &#8211; Estudiantes  3 x 1  Uni\u00e3o Palmas (1\u00ba jogo = 0x1)<br>               P\u00eanaltis       4 x 5<br>Ven\u00e2ncio Aires &#8211; Assespe  2 x 0  Conc\u00f3rdia  (1\u00ba jogo = 2&#215;0)<\/p>\n\n\n\n<p><strong>Semifinal S\u00e9rie Prata<\/strong><br><strong>Jogo de volta \u2013 17\/11<\/strong><br>Santa Clara do Sul &#8211; Cruzeiro  7 x 0  Independente (1\u00ba jogo = 5&#215;0)<br>Marques de Souza &#8211; Brasil 4  x 1  Internacional (1\u00ba jogo = 1&#215;7)<br>                            P\u00eanaltis 6 x 5<\/p>\n","protected":false},"excerpt":{"rendered":"<p>A manh\u00e3 de domingo (17\/11) j\u00e1 come\u00e7ou quente e agitada no futebol amador do Vale do Taquari, pois foram disputados os jogos de volta da fase semifinal da categoria Veteranos da 22\u00aa Copa Certel Sicredi 2019. Foram conhecidos os finalistas das duas faixas: S\u00e9rie Ouro e S\u00e9rie Prata. Na S\u00e9rie Ouro, em Ven\u00e2ncio Aires, a [&hellip;]<\/p>\n","protected":false},"author":7,"featured_media":57756,"comment_status":"open","ping_status":"open","sticky":false,"template":"","format":"standard","meta":{"pmpro_default_level":"","_jetpack_memberships_contains_paid_content":false,"footnotes":""},"categories":[5,240,288],"tags":[318,147,3334,156],"class_list":{"0":"post-61390","1":"post","2":"type-post","3":"status-publish","4":"format-standard","5":"has-post-thumbnail","7":"category-esportes","8":"category-futebol-amador","9":"category-regional-da-aslivata","10":"tag-copa-certel-sicredi","11":"tag-futebol-amador","12":"tag-regional-de-veteranos","13":"tag-vale-do-taquari","14":"pmpro-has-access"},"yoast_head":"<!-- This site is optimized with the Yoast SEO plugin v27.5 - https:\/\/yoast.com\/product\/yoast-seo-wordpress\/ -->\n<title>Definidos os finalistas do Regional de Veteranos da Aslivata - Folha Popular<\/title>\n<meta name=\"robots\" content=\"index, follow, max-snippet:-1, max-image-preview:large, max-video-preview:-1\" \/>\n<link rel=\"canonical\" href=\"https:\/\/folhapopular.info\/index.php\/2019\/11\/17\/definidos-os-finalistas-do-regional-de-veteranos-da-aslivata\/\" \/>\n<meta property=\"og:locale\" content=\"pt_BR\" \/>\n<meta property=\"og:type\" content=\"article\" \/>\n<meta property=\"og:title\" content=\"Definidos os finalistas do Regional de Veteranos da Aslivata - Folha Popular\" \/>\n<meta property=\"og:description\" content=\"A manh\u00e3 de domingo (17\/11) j\u00e1 come\u00e7ou quente e agitada no futebol amador do Vale do Taquari, pois foram disputados os jogos de volta da fase semifinal da categoria Veteranos da 22\u00aa Copa Certel Sicredi 2019. Foram conhecidos os finalistas das duas faixas: S\u00e9rie Ouro e S\u00e9rie Prata. Na S\u00e9rie Ouro, em Ven\u00e2ncio Aires, a [&hellip;]\" \/>\n<meta property=\"og:url\" content=\"https:\/\/folhapopular.info\/index.php\/2019\/11\/17\/definidos-os-finalistas-do-regional-de-veteranos-da-aslivata\/\" \/>\n<meta property=\"og:site_name\" content=\"Folha Popular\" \/>\n<meta property=\"article:published_time\" content=\"2019-11-17T13:38:37+00:00\" \/>\n<meta property=\"article:modified_time\" content=\"2019-11-17T19:40:30+00:00\" \/>\n<meta property=\"og:image\" content=\"https:\/\/folhapopular.info\/wp-content\/uploads\/2019\/08\/Logo-Regional-Certel-Sicredi-correto-Medium.png\" \/>\n\t<meta property=\"og:image:width\" content=\"768\" \/>\n\t<meta property=\"og:image:height\" content=\"880\" \/>\n\t<meta property=\"og:image:type\" content=\"image\/png\" \/>\n<meta name=\"author\" content=\"Lucas Leandro Brune\" \/>\n<meta name=\"twitter:card\" content=\"summary_large_image\" \/>\n<meta name=\"twitter:label1\" content=\"Escrito por\" \/>\n\t<meta name=\"twitter:data1\" content=\"Lucas Leandro Brune\" \/>\n\t<meta name=\"twitter:label2\" content=\"Est. tempo de leitura\" \/>\n\t<meta name=\"twitter:data2\" content=\"1 minuto\" \/>\n<script type=\"application\/ld+json\" class=\"yoast-schema-graph\">{\"@context\":\"https:\\\/\\\/schema.org\",\"@graph\":[{\"@type\":\"Article\",\"@id\":\"https:\\\/\\\/folhapopular.info\\\/index.php\\\/2019\\\/11\\\/17\\\/definidos-os-finalistas-do-regional-de-veteranos-da-aslivata\\\/#article\",\"isPartOf\":{\"@id\":\"https:\\\/\\\/folhapopular.info\\\/index.php\\\/2019\\\/11\\\/17\\\/definidos-os-finalistas-do-regional-de-veteranos-da-aslivata\\\/\"},\"author\":{\"name\":\"Lucas Leandro Brune\",\"@id\":\"https:\\\/\\\/folhapopular.info\\\/#\\\/schema\\\/person\\\/533a15f60cd49e81ab3a90b4ca33cb36\"},\"headline\":\"Definidos os finalistas do Regional de Veteranos da Aslivata\",\"datePublished\":\"2019-11-17T13:38:37+00:00\",\"dateModified\":\"2019-11-17T19:40:30+00:00\",\"mainEntityOfPage\":{\"@id\":\"https:\\\/\\\/folhapopular.info\\\/index.php\\\/2019\\\/11\\\/17\\\/definidos-os-finalistas-do-regional-de-veteranos-da-aslivata\\\/\"},\"wordCount\":261,\"commentCount\":0,\"image\":{\"@id\":\"https:\\\/\\\/folhapopular.info\\\/index.php\\\/2019\\\/11\\\/17\\\/definidos-os-finalistas-do-regional-de-veteranos-da-aslivata\\\/#primaryimage\"},\"thumbnailUrl\":\"https:\\\/\\\/folhapopular.info\\\/wp-content\\\/uploads\\\/2019\\\/08\\\/Logo-Regional-Certel-Sicredi-correto-Medium.png\",\"keywords\":[\"Copa Certel Sicredi\",\"futebol amador\",\"Regional de Veteranos\",\"Vale do Taquari\"],\"articleSection\":[\"Esportes\",\"Futebol Amador\",\"Regional da Aslivata\"],\"inLanguage\":\"pt-BR\",\"potentialAction\":[{\"@type\":\"CommentAction\",\"name\":\"Comment\",\"target\":[\"https:\\\/\\\/folhapopular.info\\\/index.php\\\/2019\\\/11\\\/17\\\/definidos-os-finalistas-do-regional-de-veteranos-da-aslivata\\\/#respond\"]}]},{\"@type\":\"WebPage\",\"@id\":\"https:\\\/\\\/folhapopular.info\\\/index.php\\\/2019\\\/11\\\/17\\\/definidos-os-finalistas-do-regional-de-veteranos-da-aslivata\\\/\",\"url\":\"https:\\\/\\\/folhapopular.info\\\/index.php\\\/2019\\\/11\\\/17\\\/definidos-os-finalistas-do-regional-de-veteranos-da-aslivata\\\/\",\"name\":\"Definidos os finalistas do Regional de Veteranos da Aslivata - Folha Popular\",\"isPartOf\":{\"@id\":\"https:\\\/\\\/folhapopular.info\\\/#website\"},\"primaryImageOfPage\":{\"@id\":\"https:\\\/\\\/folhapopular.info\\\/index.php\\\/2019\\\/11\\\/17\\\/definidos-os-finalistas-do-regional-de-veteranos-da-aslivata\\\/#primaryimage\"},\"image\":{\"@id\":\"https:\\\/\\\/folhapopular.info\\\/index.php\\\/2019\\\/11\\\/17\\\/definidos-os-finalistas-do-regional-de-veteranos-da-aslivata\\\/#primaryimage\"},\"thumbnailUrl\":\"https:\\\/\\\/folhapopular.info\\\/wp-content\\\/uploads\\\/2019\\\/08\\\/Logo-Regional-Certel-Sicredi-correto-Medium.png\",\"datePublished\":\"2019-11-17T13:38:37+00:00\",\"dateModified\":\"2019-11-17T19:40:30+00:00\",\"author\":{\"@id\":\"https:\\\/\\\/folhapopular.info\\\/#\\\/schema\\\/person\\\/533a15f60cd49e81ab3a90b4ca33cb36\"},\"breadcrumb\":{\"@id\":\"https:\\\/\\\/folhapopular.info\\\/index.php\\\/2019\\\/11\\\/17\\\/definidos-os-finalistas-do-regional-de-veteranos-da-aslivata\\\/#breadcrumb\"},\"inLanguage\":\"pt-BR\",\"potentialAction\":[{\"@type\":\"ReadAction\",\"target\":[\"https:\\\/\\\/folhapopular.info\\\/index.php\\\/2019\\\/11\\\/17\\\/definidos-os-finalistas-do-regional-de-veteranos-da-aslivata\\\/\"]}]},{\"@type\":\"ImageObject\",\"inLanguage\":\"pt-BR\",\"@id\":\"https:\\\/\\\/folhapopular.info\\\/index.php\\\/2019\\\/11\\\/17\\\/definidos-os-finalistas-do-regional-de-veteranos-da-aslivata\\\/#primaryimage\",\"url\":\"https:\\\/\\\/folhapopular.info\\\/wp-content\\\/uploads\\\/2019\\\/08\\\/Logo-Regional-Certel-Sicredi-correto-Medium.png\",\"contentUrl\":\"https:\\\/\\\/folhapopular.info\\\/wp-content\\\/uploads\\\/2019\\\/08\\\/Logo-Regional-Certel-Sicredi-correto-Medium.png\",\"width\":768,\"height\":880},{\"@type\":\"BreadcrumbList\",\"@id\":\"https:\\\/\\\/folhapopular.info\\\/index.php\\\/2019\\\/11\\\/17\\\/definidos-os-finalistas-do-regional-de-veteranos-da-aslivata\\\/#breadcrumb\",\"itemListElement\":[{\"@type\":\"ListItem\",\"position\":1,\"name\":\"In\u00edcio\",\"item\":\"https:\\\/\\\/folhapopular.info\\\/\"},{\"@type\":\"ListItem\",\"position\":2,\"name\":\"Definidos os finalistas do Regional de Veteranos da Aslivata\"}]},{\"@type\":\"WebSite\",\"@id\":\"https:\\\/\\\/folhapopular.info\\\/#website\",\"url\":\"https:\\\/\\\/folhapopular.info\\\/\",\"name\":\"Folha Popular\",\"description\":\"Onde voc\u00ea tem vez e voz\",\"potentialAction\":[{\"@type\":\"SearchAction\",\"target\":{\"@type\":\"EntryPoint\",\"urlTemplate\":\"https:\\\/\\\/folhapopular.info\\\/?s={search_term_string}\"},\"query-input\":{\"@type\":\"PropertyValueSpecification\",\"valueRequired\":true,\"valueName\":\"search_term_string\"}}],\"inLanguage\":\"pt-BR\"},{\"@type\":\"Person\",\"@id\":\"https:\\\/\\\/folhapopular.info\\\/#\\\/schema\\\/person\\\/533a15f60cd49e81ab3a90b4ca33cb36\",\"name\":\"Lucas Leandro Brune\",\"image\":{\"@type\":\"ImageObject\",\"inLanguage\":\"pt-BR\",\"@id\":\"https:\\\/\\\/folhapopular.info\\\/wp-content\\\/uploads\\\/2026\\\/04\\\/LUCAS-1-1.webp\",\"url\":\"https:\\\/\\\/folhapopular.info\\\/wp-content\\\/uploads\\\/2026\\\/04\\\/LUCAS-1-1.webp\",\"contentUrl\":\"https:\\\/\\\/folhapopular.info\\\/wp-content\\\/uploads\\\/2026\\\/04\\\/LUCAS-1-1.webp\",\"caption\":\"Lucas Leandro Brune\"},\"description\":\"Jornalista Profissional Diplomado MTB\\\/RS 14.333\",\"url\":\"https:\\\/\\\/folhapopular.info\\\/index.php\\\/author\\\/lucas-brune\\\/\"}]}<\/script>\n<!-- \/ Yoast SEO plugin. -->","yoast_head_json":{"title":"Definidos os finalistas do Regional de Veteranos da Aslivata - Folha Popular","robots":{"index":"index","follow":"follow","max-snippet":"max-snippet:-1","max-image-preview":"max-image-preview:large","max-video-preview":"max-video-preview:-1"},"canonical":"https:\/\/folhapopular.info\/index.php\/2019\/11\/17\/definidos-os-finalistas-do-regional-de-veteranos-da-aslivata\/","og_locale":"pt_BR","og_type":"article","og_title":"Definidos os finalistas do Regional de Veteranos da Aslivata - Folha Popular","og_description":"A manh\u00e3 de domingo (17\/11) j\u00e1 come\u00e7ou quente e agitada no futebol amador do Vale do Taquari, pois foram disputados os jogos de volta da fase semifinal da categoria Veteranos da 22\u00aa Copa Certel Sicredi 2019. Foram conhecidos os finalistas das duas faixas: S\u00e9rie Ouro e S\u00e9rie Prata. Na S\u00e9rie Ouro, em Ven\u00e2ncio Aires, a [&hellip;]","og_url":"https:\/\/folhapopular.info\/index.php\/2019\/11\/17\/definidos-os-finalistas-do-regional-de-veteranos-da-aslivata\/","og_site_name":"Folha Popular","article_published_time":"2019-11-17T13:38:37+00:00","article_modified_time":"2019-11-17T19:40:30+00:00","og_image":[{"width":768,"height":880,"url":"https:\/\/folhapopular.info\/wp-content\/uploads\/2019\/08\/Logo-Regional-Certel-Sicredi-correto-Medium.png","type":"image\/png"}],"author":"Lucas Leandro Brune","twitter_card":"summary_large_image","twitter_misc":{"Escrito por":"Lucas Leandro Brune","Est. tempo de leitura":"1 minuto"},"schema":{"@context":"https:\/\/schema.org","@graph":[{"@type":"Article","@id":"https:\/\/folhapopular.info\/index.php\/2019\/11\/17\/definidos-os-finalistas-do-regional-de-veteranos-da-aslivata\/#article","isPartOf":{"@id":"https:\/\/folhapopular.info\/index.php\/2019\/11\/17\/definidos-os-finalistas-do-regional-de-veteranos-da-aslivata\/"},"author":{"name":"Lucas Leandro Brune","@id":"https:\/\/folhapopular.info\/#\/schema\/person\/533a15f60cd49e81ab3a90b4ca33cb36"},"headline":"Definidos os finalistas do Regional de Veteranos da Aslivata","datePublished":"2019-11-17T13:38:37+00:00","dateModified":"2019-11-17T19:40:30+00:00","mainEntityOfPage":{"@id":"https:\/\/folhapopular.info\/index.php\/2019\/11\/17\/definidos-os-finalistas-do-regional-de-veteranos-da-aslivata\/"},"wordCount":261,"commentCount":0,"image":{"@id":"https:\/\/folhapopular.info\/index.php\/2019\/11\/17\/definidos-os-finalistas-do-regional-de-veteranos-da-aslivata\/#primaryimage"},"thumbnailUrl":"https:\/\/folhapopular.info\/wp-content\/uploads\/2019\/08\/Logo-Regional-Certel-Sicredi-correto-Medium.png","keywords":["Copa Certel Sicredi","futebol amador","Regional de Veteranos","Vale do Taquari"],"articleSection":["Esportes","Futebol Amador","Regional da Aslivata"],"inLanguage":"pt-BR","potentialAction":[{"@type":"CommentAction","name":"Comment","target":["https:\/\/folhapopular.info\/index.php\/2019\/11\/17\/definidos-os-finalistas-do-regional-de-veteranos-da-aslivata\/#respond"]}]},{"@type":"WebPage","@id":"https:\/\/folhapopular.info\/index.php\/2019\/11\/17\/definidos-os-finalistas-do-regional-de-veteranos-da-aslivata\/","url":"https:\/\/folhapopular.info\/index.php\/2019\/11\/17\/definidos-os-finalistas-do-regional-de-veteranos-da-aslivata\/","name":"Definidos os finalistas do Regional de Veteranos da Aslivata - Folha Popular","isPartOf":{"@id":"https:\/\/folhapopular.info\/#website"},"primaryImageOfPage":{"@id":"https:\/\/folhapopular.info\/index.php\/2019\/11\/17\/definidos-os-finalistas-do-regional-de-veteranos-da-aslivata\/#primaryimage"},"image":{"@id":"https:\/\/folhapopular.info\/index.php\/2019\/11\/17\/definidos-os-finalistas-do-regional-de-veteranos-da-aslivata\/#primaryimage"},"thumbnailUrl":"https:\/\/folhapopular.info\/wp-content\/uploads\/2019\/08\/Logo-Regional-Certel-Sicredi-correto-Medium.png","datePublished":"2019-11-17T13:38:37+00:00","dateModified":"2019-11-17T19:40:30+00:00","author":{"@id":"https:\/\/folhapopular.info\/#\/schema\/person\/533a15f60cd49e81ab3a90b4ca33cb36"},"breadcrumb":{"@id":"https:\/\/folhapopular.info\/index.php\/2019\/11\/17\/definidos-os-finalistas-do-regional-de-veteranos-da-aslivata\/#breadcrumb"},"inLanguage":"pt-BR","potentialAction":[{"@type":"ReadAction","target":["https:\/\/folhapopular.info\/index.php\/2019\/11\/17\/definidos-os-finalistas-do-regional-de-veteranos-da-aslivata\/"]}]},{"@type":"ImageObject","inLanguage":"pt-BR","@id":"https:\/\/folhapopular.info\/index.php\/2019\/11\/17\/definidos-os-finalistas-do-regional-de-veteranos-da-aslivata\/#primaryimage","url":"https:\/\/folhapopular.info\/wp-content\/uploads\/2019\/08\/Logo-Regional-Certel-Sicredi-correto-Medium.png","contentUrl":"https:\/\/folhapopular.info\/wp-content\/uploads\/2019\/08\/Logo-Regional-Certel-Sicredi-correto-Medium.png","width":768,"height":880},{"@type":"BreadcrumbList","@id":"https:\/\/folhapopular.info\/index.php\/2019\/11\/17\/definidos-os-finalistas-do-regional-de-veteranos-da-aslivata\/#breadcrumb","itemListElement":[{"@type":"ListItem","position":1,"name":"In\u00edcio","item":"https:\/\/folhapopular.info\/"},{"@type":"ListItem","position":2,"name":"Definidos os finalistas do Regional de Veteranos da Aslivata"}]},{"@type":"WebSite","@id":"https:\/\/folhapopular.info\/#website","url":"https:\/\/folhapopular.info\/","name":"Folha Popular","description":"Onde voc\u00ea tem vez e voz","potentialAction":[{"@type":"SearchAction","target":{"@type":"EntryPoint","urlTemplate":"https:\/\/folhapopular.info\/?s={search_term_string}"},"query-input":{"@type":"PropertyValueSpecification","valueRequired":true,"valueName":"search_term_string"}}],"inLanguage":"pt-BR"},{"@type":"Person","@id":"https:\/\/folhapopular.info\/#\/schema\/person\/533a15f60cd49e81ab3a90b4ca33cb36","name":"Lucas Leandro Brune","image":{"@type":"ImageObject","inLanguage":"pt-BR","@id":"https:\/\/folhapopular.info\/wp-content\/uploads\/2026\/04\/LUCAS-1-1.webp","url":"https:\/\/folhapopular.info\/wp-content\/uploads\/2026\/04\/LUCAS-1-1.webp","contentUrl":"https:\/\/folhapopular.info\/wp-content\/uploads\/2026\/04\/LUCAS-1-1.webp","caption":"Lucas Leandro Brune"},"description":"Jornalista Profissional Diplomado MTB\/RS 14.333","url":"https:\/\/folhapopular.info\/index.php\/author\/lucas-brune\/"}]}},"jetpack_featured_media_url":"https:\/\/folhapopular.info\/wp-content\/uploads\/2019\/08\/Logo-Regional-Certel-Sicredi-correto-Medium.png","jetpack_sharing_enabled":true,"amp_enabled":true,"_links":{"self":[{"href":"https:\/\/folhapopular.info\/index.php\/wp-json\/wp\/v2\/posts\/61390","targetHints":{"allow":["GET"]}}],"collection":[{"href":"https:\/\/folhapopular.info\/index.php\/wp-json\/wp\/v2\/posts"}],"about":[{"href":"https:\/\/folhapopular.info\/index.php\/wp-json\/wp\/v2\/types\/post"}],"author":[{"embeddable":true,"href":"https:\/\/folhapopular.info\/index.php\/wp-json\/wp\/v2\/users\/7"}],"replies":[{"embeddable":true,"href":"https:\/\/folhapopular.info\/index.php\/wp-json\/wp\/v2\/comments?post=61390"}],"version-history":[{"count":0,"href":"https:\/\/folhapopular.info\/index.php\/wp-json\/wp\/v2\/posts\/61390\/revisions"}],"wp:featuredmedia":[{"embeddable":true,"href":"https:\/\/folhapopular.info\/index.php\/wp-json\/wp\/v2\/media\/57756"}],"wp:attachment":[{"href":"https:\/\/folhapopular.info\/index.php\/wp-json\/wp\/v2\/media?parent=61390"}],"wp:term":[{"taxonomy":"category","embeddable":true,"href":"https:\/\/folhapopular.info\/index.php\/wp-json\/wp\/v2\/categories?post=61390"},{"taxonomy":"post_tag","embeddable":true,"href":"https:\/\/folhapopular.info\/index.php\/wp-json\/wp\/v2\/tags?post=61390"}],"curies":[{"name":"wp","href":"https:\/\/api.w.org\/{rel}","templated":true}]}}