{"id":61448,"date":"2019-11-19T06:20:00","date_gmt":"2019-11-19T09:20:00","guid":{"rendered":"https:\/\/folhapopular.info\/?p=61448"},"modified":"2019-11-18T17:08:49","modified_gmt":"2019-11-18T20:08:49","slug":"administracao-municipal-de-bom-retiro-do-sul-abre-processo-seletivo-simplificado-para-preenchimento-de-24-atividades","status":"publish","type":"post","link":"https:\/\/folhapopular.info\/index.php\/2019\/11\/19\/administracao-municipal-de-bom-retiro-do-sul-abre-processo-seletivo-simplificado-para-preenchimento-de-24-atividades\/","title":{"rendered":"Administra\u00e7\u00e3o Municipal de Bom Retiro do Sul abre processo seletivo simplificado para preenchimento de 24 atividades"},"content":{"rendered":"\n<p>A Administra\u00e7\u00e3o Municipal de Bom Retiro do Sul lan\u00e7ou o edital 26\/2019, de Processo Seletivo Simplificado, visando \u00e0 contrata\u00e7\u00e3o e preenchimento de cadastro de reserva para 24 atividades em v\u00e1rias secretarias. Os interessados poder\u00e3o se inscrever em at\u00e9 dois dos cargos distintos oferecidos. O per\u00edodo de inscri\u00e7\u00f5es ser\u00e1 de 18 a 23 de novembro de 2019. A remunera\u00e7\u00e3o varia de R$ 913,07 a R$ 3.351,98, mais Vale Refei\u00e7\u00e3o, Vale Feira, gratifica\u00e7\u00f5es, entre outros benef\u00edcios.<\/p>\n\n\n\n<p>As vagas oferecidas tem jornada semanal de trabalho entre 20h e 40h. A forma\u00e7\u00e3o exigida varia de Ensino Fundamental Incompleto a gradua\u00e7\u00e3o em N\u00edvel Superior. As vagas oferecidas s\u00e3o: professor \u00e1rea I (educa\u00e7\u00e3o infantil e anos iniciais), professor \u00e1rea II (l\u00edngua portuguesa, matem\u00e1tica, l\u00edngua inglesa, hist\u00f3ria, geografia, educa\u00e7\u00e3o f\u00edsica, ci\u00eancias e arte), professor pedagogo supervisor escolar, professor pedagogo orientador educacional, psicopedagogo, secret\u00e1rio de escola, servi\u00e7os gerais, pedreiro, motorista, monitor educacional e social, monitor educacional e social, monitor da educa\u00e7\u00e3o, psic\u00f3logo educacional, engenheiro civil, operador de m\u00e1quinas, e oper\u00e1rio especializado.<\/p>\n\n\n\n<p>O Edital completo com as especifica\u00e7\u00f5es de cada vaga, per\u00edodo de contrata\u00e7\u00e3o e os requisitos para participa\u00e7\u00e3o do processo estar\u00e3o dispon\u00edveis a partir de 18 de novembro no portal do munic\u00edpio \u2013&nbsp;<a href=\"http:\/\/www.bomretirodosul.rs.gov.br\/\" target=\"_blank\" rel=\"noreferrer noopener\">www.bomretirodosul.rs.gov.br<\/a>&nbsp;\u2013 Recursos Humanos.<\/p>\n\n\n\n<p>As inscri\u00e7\u00f5es ser\u00e3o recebidas na SMEC, junto ao Centro Administrativo, na Avenida Senador Pinheiro Machado, 35, Centro Cidade Baixa, no hor\u00e1rio das 8h30 \u00e0s 11h30. As inscri\u00e7\u00f5es s\u00e3o gratuitas. O edital pode ser acessado pelo link\u00a0<a rel=\"noreferrer noopener\" href=\"https:\/\/tinyurl.com\/unvlnmx\" target=\"_blank\">https:\/\/tinyurl.com\/unvlnmx<\/a><\/p>\n","protected":false},"excerpt":{"rendered":"<p>A Administra\u00e7\u00e3o Municipal de Bom Retiro do Sul lan\u00e7ou o edital 26\/2019, de Processo Seletivo Simplificado, visando \u00e0 contrata\u00e7\u00e3o e preenchimento de cadastro de reserva para 24 atividades em v\u00e1rias secretarias. Os interessados poder\u00e3o se inscrever em at\u00e9 dois dos cargos distintos oferecidos. O per\u00edodo de inscri\u00e7\u00f5es ser\u00e1 de 18 a 23 de novembro de [&hellip;]<\/p>\n","protected":false},"author":8,"featured_media":61450,"comment_status":"open","ping_status":"open","sticky":false,"template":"","format":"standard","meta":{"pmpro_default_level":"","_jetpack_memberships_contains_paid_content":false,"footnotes":""},"categories":[2,3],"tags":[146,481],"class_list":{"0":"post-61448","1":"post","2":"type-post","3":"status-publish","4":"format-standard","5":"has-post-thumbnail","7":"category-featured","8":"category-geral","9":"tag-bom-retiro-do-sul","10":"tag-processo-seletivo","11":"pmpro-has-access"},"yoast_head":"<!-- This site is optimized with the Yoast SEO plugin v27.5 - https:\/\/yoast.com\/product\/yoast-seo-wordpress\/ -->\n<title>Administra\u00e7\u00e3o Municipal de Bom Retiro do Sul abre processo seletivo simplificado para preenchimento de 24 atividades - Folha Popular<\/title>\n<meta name=\"robots\" content=\"index, follow, max-snippet:-1, max-image-preview:large, max-video-preview:-1\" \/>\n<link rel=\"canonical\" href=\"https:\/\/folhapopular.info\/index.php\/2019\/11\/19\/administracao-municipal-de-bom-retiro-do-sul-abre-processo-seletivo-simplificado-para-preenchimento-de-24-atividades\/\" \/>\n<meta property=\"og:locale\" content=\"pt_BR\" \/>\n<meta property=\"og:type\" content=\"article\" \/>\n<meta property=\"og:title\" content=\"Administra\u00e7\u00e3o Municipal de Bom Retiro do Sul abre processo seletivo simplificado para preenchimento de 24 atividades - Folha Popular\" \/>\n<meta property=\"og:description\" content=\"A Administra\u00e7\u00e3o Municipal de Bom Retiro do Sul lan\u00e7ou o edital 26\/2019, de Processo Seletivo Simplificado, visando \u00e0 contrata\u00e7\u00e3o e preenchimento de cadastro de reserva para 24 atividades em v\u00e1rias secretarias. Os interessados poder\u00e3o se inscrever em at\u00e9 dois dos cargos distintos oferecidos. O per\u00edodo de inscri\u00e7\u00f5es ser\u00e1 de 18 a 23 de novembro de [&hellip;]\" \/>\n<meta property=\"og:url\" content=\"https:\/\/folhapopular.info\/index.php\/2019\/11\/19\/administracao-municipal-de-bom-retiro-do-sul-abre-processo-seletivo-simplificado-para-preenchimento-de-24-atividades\/\" \/>\n<meta property=\"og:site_name\" content=\"Folha Popular\" \/>\n<meta property=\"article:published_time\" content=\"2019-11-19T09:20:00+00:00\" \/>\n<meta property=\"og:image\" content=\"https:\/\/folhapopular.info\/wp-content\/uploads\/2019\/11\/Abertas-as-inscri\u00e7\u00f5es-para-processo-seletivo-em-Bom-Retiro-do-Sul-scaled-e1574107182959.jpg\" \/>\n\t<meta property=\"og:image:width\" content=\"800\" \/>\n\t<meta property=\"og:image:height\" content=\"606\" \/>\n\t<meta property=\"og:image:type\" content=\"image\/jpeg\" \/>\n<meta name=\"author\" content=\"Reda\u00e7\u00e3o Folha Popular\" \/>\n<meta name=\"twitter:card\" content=\"summary_large_image\" \/>\n<meta name=\"twitter:label1\" content=\"Escrito por\" \/>\n\t<meta name=\"twitter:data1\" content=\"Reda\u00e7\u00e3o Folha Popular\" \/>\n\t<meta name=\"twitter:label2\" content=\"Est. tempo de leitura\" \/>\n\t<meta name=\"twitter:data2\" content=\"1 minuto\" \/>\n<script type=\"application\/ld+json\" class=\"yoast-schema-graph\">{\"@context\":\"https:\\\/\\\/schema.org\",\"@graph\":[{\"@type\":\"Article\",\"@id\":\"https:\\\/\\\/folhapopular.info\\\/index.php\\\/2019\\\/11\\\/19\\\/administracao-municipal-de-bom-retiro-do-sul-abre-processo-seletivo-simplificado-para-preenchimento-de-24-atividades\\\/#article\",\"isPartOf\":{\"@id\":\"https:\\\/\\\/folhapopular.info\\\/index.php\\\/2019\\\/11\\\/19\\\/administracao-municipal-de-bom-retiro-do-sul-abre-processo-seletivo-simplificado-para-preenchimento-de-24-atividades\\\/\"},\"author\":{\"name\":\"Reda\u00e7\u00e3o Folha Popular\",\"@id\":\"https:\\\/\\\/folhapopular.info\\\/#\\\/schema\\\/person\\\/2814e8a0df7643585a9ca38bc6eb9d4b\"},\"headline\":\"Administra\u00e7\u00e3o Municipal de Bom Retiro do Sul abre processo seletivo simplificado para preenchimento de 24 atividades\",\"datePublished\":\"2019-11-19T09:20:00+00:00\",\"mainEntityOfPage\":{\"@id\":\"https:\\\/\\\/folhapopular.info\\\/index.php\\\/2019\\\/11\\\/19\\\/administracao-municipal-de-bom-retiro-do-sul-abre-processo-seletivo-simplificado-para-preenchimento-de-24-atividades\\\/\"},\"wordCount\":290,\"commentCount\":0,\"image\":{\"@id\":\"https:\\\/\\\/folhapopular.info\\\/index.php\\\/2019\\\/11\\\/19\\\/administracao-municipal-de-bom-retiro-do-sul-abre-processo-seletivo-simplificado-para-preenchimento-de-24-atividades\\\/#primaryimage\"},\"thumbnailUrl\":\"https:\\\/\\\/folhapopular.info\\\/wp-content\\\/uploads\\\/2019\\\/11\\\/Abertas-as-inscri\u00e7\u00f5es-para-processo-seletivo-em-Bom-Retiro-do-Sul-scaled-e1574107182959.jpg\",\"keywords\":[\"Bom Retiro do Sul\",\"Processo Seletivo\"],\"articleSection\":[\"Destaques\",\"Geral\"],\"inLanguage\":\"pt-BR\",\"potentialAction\":[{\"@type\":\"CommentAction\",\"name\":\"Comment\",\"target\":[\"https:\\\/\\\/folhapopular.info\\\/index.php\\\/2019\\\/11\\\/19\\\/administracao-municipal-de-bom-retiro-do-sul-abre-processo-seletivo-simplificado-para-preenchimento-de-24-atividades\\\/#respond\"]}]},{\"@type\":\"WebPage\",\"@id\":\"https:\\\/\\\/folhapopular.info\\\/index.php\\\/2019\\\/11\\\/19\\\/administracao-municipal-de-bom-retiro-do-sul-abre-processo-seletivo-simplificado-para-preenchimento-de-24-atividades\\\/\",\"url\":\"https:\\\/\\\/folhapopular.info\\\/index.php\\\/2019\\\/11\\\/19\\\/administracao-municipal-de-bom-retiro-do-sul-abre-processo-seletivo-simplificado-para-preenchimento-de-24-atividades\\\/\",\"name\":\"Administra\u00e7\u00e3o Municipal de Bom Retiro do Sul abre processo seletivo simplificado para preenchimento de 24 atividades - Folha Popular\",\"isPartOf\":{\"@id\":\"https:\\\/\\\/folhapopular.info\\\/#website\"},\"primaryImageOfPage\":{\"@id\":\"https:\\\/\\\/folhapopular.info\\\/index.php\\\/2019\\\/11\\\/19\\\/administracao-municipal-de-bom-retiro-do-sul-abre-processo-seletivo-simplificado-para-preenchimento-de-24-atividades\\\/#primaryimage\"},\"image\":{\"@id\":\"https:\\\/\\\/folhapopular.info\\\/index.php\\\/2019\\\/11\\\/19\\\/administracao-municipal-de-bom-retiro-do-sul-abre-processo-seletivo-simplificado-para-preenchimento-de-24-atividades\\\/#primaryimage\"},\"thumbnailUrl\":\"https:\\\/\\\/folhapopular.info\\\/wp-content\\\/uploads\\\/2019\\\/11\\\/Abertas-as-inscri\u00e7\u00f5es-para-processo-seletivo-em-Bom-Retiro-do-Sul-scaled-e1574107182959.jpg\",\"datePublished\":\"2019-11-19T09:20:00+00:00\",\"author\":{\"@id\":\"https:\\\/\\\/folhapopular.info\\\/#\\\/schema\\\/person\\\/2814e8a0df7643585a9ca38bc6eb9d4b\"},\"breadcrumb\":{\"@id\":\"https:\\\/\\\/folhapopular.info\\\/index.php\\\/2019\\\/11\\\/19\\\/administracao-municipal-de-bom-retiro-do-sul-abre-processo-seletivo-simplificado-para-preenchimento-de-24-atividades\\\/#breadcrumb\"},\"inLanguage\":\"pt-BR\",\"potentialAction\":[{\"@type\":\"ReadAction\",\"target\":[\"https:\\\/\\\/folhapopular.info\\\/index.php\\\/2019\\\/11\\\/19\\\/administracao-municipal-de-bom-retiro-do-sul-abre-processo-seletivo-simplificado-para-preenchimento-de-24-atividades\\\/\"]}]},{\"@type\":\"ImageObject\",\"inLanguage\":\"pt-BR\",\"@id\":\"https:\\\/\\\/folhapopular.info\\\/index.php\\\/2019\\\/11\\\/19\\\/administracao-municipal-de-bom-retiro-do-sul-abre-processo-seletivo-simplificado-para-preenchimento-de-24-atividades\\\/#primaryimage\",\"url\":\"https:\\\/\\\/folhapopular.info\\\/wp-content\\\/uploads\\\/2019\\\/11\\\/Abertas-as-inscri\u00e7\u00f5es-para-processo-seletivo-em-Bom-Retiro-do-Sul-scaled-e1574107182959.jpg\",\"contentUrl\":\"https:\\\/\\\/folhapopular.info\\\/wp-content\\\/uploads\\\/2019\\\/11\\\/Abertas-as-inscri\u00e7\u00f5es-para-processo-seletivo-em-Bom-Retiro-do-Sul-scaled-e1574107182959.jpg\",\"width\":800,\"height\":606,\"caption\":\"Abertas as inscri\u00e7\u00f5es para processo seletivo em Bom Retiro do Sul \\\/ Cr\u00e9dito: Fernando Dias\"},{\"@type\":\"BreadcrumbList\",\"@id\":\"https:\\\/\\\/folhapopular.info\\\/index.php\\\/2019\\\/11\\\/19\\\/administracao-municipal-de-bom-retiro-do-sul-abre-processo-seletivo-simplificado-para-preenchimento-de-24-atividades\\\/#breadcrumb\",\"itemListElement\":[{\"@type\":\"ListItem\",\"position\":1,\"name\":\"In\u00edcio\",\"item\":\"https:\\\/\\\/folhapopular.info\\\/\"},{\"@type\":\"ListItem\",\"position\":2,\"name\":\"Administra\u00e7\u00e3o Municipal de Bom Retiro do Sul abre processo seletivo simplificado para preenchimento de 24 atividades\"}]},{\"@type\":\"WebSite\",\"@id\":\"https:\\\/\\\/folhapopular.info\\\/#website\",\"url\":\"https:\\\/\\\/folhapopular.info\\\/\",\"name\":\"Folha Popular\",\"description\":\"Onde voc\u00ea tem vez e voz\",\"potentialAction\":[{\"@type\":\"SearchAction\",\"target\":{\"@type\":\"EntryPoint\",\"urlTemplate\":\"https:\\\/\\\/folhapopular.info\\\/?s={search_term_string}\"},\"query-input\":{\"@type\":\"PropertyValueSpecification\",\"valueRequired\":true,\"valueName\":\"search_term_string\"}}],\"inLanguage\":\"pt-BR\"},{\"@type\":\"Person\",\"@id\":\"https:\\\/\\\/folhapopular.info\\\/#\\\/schema\\\/person\\\/2814e8a0df7643585a9ca38bc6eb9d4b\",\"name\":\"Reda\u00e7\u00e3o Folha Popular\",\"image\":{\"@type\":\"ImageObject\",\"inLanguage\":\"pt-BR\",\"@id\":\"https:\\\/\\\/folhapopular.info\\\/wp-content\\\/uploads\\\/2026\\\/04\\\/Folha-1.webp\",\"url\":\"https:\\\/\\\/folhapopular.info\\\/wp-content\\\/uploads\\\/2026\\\/04\\\/Folha-1.webp\",\"contentUrl\":\"https:\\\/\\\/folhapopular.info\\\/wp-content\\\/uploads\\\/2026\\\/04\\\/Folha-1.webp\",\"caption\":\"Reda\u00e7\u00e3o Folha Popular\"},\"url\":\"https:\\\/\\\/folhapopular.info\\\/index.php\\\/author\\\/redacao\\\/\"}]}<\/script>\n<!-- \/ Yoast SEO plugin. -->","yoast_head_json":{"title":"Administra\u00e7\u00e3o Municipal de Bom Retiro do Sul abre processo seletivo simplificado para preenchimento de 24 atividades - Folha Popular","robots":{"index":"index","follow":"follow","max-snippet":"max-snippet:-1","max-image-preview":"max-image-preview:large","max-video-preview":"max-video-preview:-1"},"canonical":"https:\/\/folhapopular.info\/index.php\/2019\/11\/19\/administracao-municipal-de-bom-retiro-do-sul-abre-processo-seletivo-simplificado-para-preenchimento-de-24-atividades\/","og_locale":"pt_BR","og_type":"article","og_title":"Administra\u00e7\u00e3o Municipal de Bom Retiro do Sul abre processo seletivo simplificado para preenchimento de 24 atividades - Folha Popular","og_description":"A Administra\u00e7\u00e3o Municipal de Bom Retiro do Sul lan\u00e7ou o edital 26\/2019, de Processo Seletivo Simplificado, visando \u00e0 contrata\u00e7\u00e3o e preenchimento de cadastro de reserva para 24 atividades em v\u00e1rias secretarias. Os interessados poder\u00e3o se inscrever em at\u00e9 dois dos cargos distintos oferecidos. O per\u00edodo de inscri\u00e7\u00f5es ser\u00e1 de 18 a 23 de novembro de [&hellip;]","og_url":"https:\/\/folhapopular.info\/index.php\/2019\/11\/19\/administracao-municipal-de-bom-retiro-do-sul-abre-processo-seletivo-simplificado-para-preenchimento-de-24-atividades\/","og_site_name":"Folha Popular","article_published_time":"2019-11-19T09:20:00+00:00","og_image":[{"width":800,"height":606,"url":"https:\/\/folhapopular.info\/wp-content\/uploads\/2019\/11\/Abertas-as-inscri\u00e7\u00f5es-para-processo-seletivo-em-Bom-Retiro-do-Sul-scaled-e1574107182959.jpg","type":"image\/jpeg"}],"author":"Reda\u00e7\u00e3o Folha Popular","twitter_card":"summary_large_image","twitter_misc":{"Escrito por":"Reda\u00e7\u00e3o Folha Popular","Est. tempo de leitura":"1 minuto"},"schema":{"@context":"https:\/\/schema.org","@graph":[{"@type":"Article","@id":"https:\/\/folhapopular.info\/index.php\/2019\/11\/19\/administracao-municipal-de-bom-retiro-do-sul-abre-processo-seletivo-simplificado-para-preenchimento-de-24-atividades\/#article","isPartOf":{"@id":"https:\/\/folhapopular.info\/index.php\/2019\/11\/19\/administracao-municipal-de-bom-retiro-do-sul-abre-processo-seletivo-simplificado-para-preenchimento-de-24-atividades\/"},"author":{"name":"Reda\u00e7\u00e3o Folha Popular","@id":"https:\/\/folhapopular.info\/#\/schema\/person\/2814e8a0df7643585a9ca38bc6eb9d4b"},"headline":"Administra\u00e7\u00e3o Municipal de Bom Retiro do Sul abre processo seletivo simplificado para preenchimento de 24 atividades","datePublished":"2019-11-19T09:20:00+00:00","mainEntityOfPage":{"@id":"https:\/\/folhapopular.info\/index.php\/2019\/11\/19\/administracao-municipal-de-bom-retiro-do-sul-abre-processo-seletivo-simplificado-para-preenchimento-de-24-atividades\/"},"wordCount":290,"commentCount":0,"image":{"@id":"https:\/\/folhapopular.info\/index.php\/2019\/11\/19\/administracao-municipal-de-bom-retiro-do-sul-abre-processo-seletivo-simplificado-para-preenchimento-de-24-atividades\/#primaryimage"},"thumbnailUrl":"https:\/\/folhapopular.info\/wp-content\/uploads\/2019\/11\/Abertas-as-inscri\u00e7\u00f5es-para-processo-seletivo-em-Bom-Retiro-do-Sul-scaled-e1574107182959.jpg","keywords":["Bom Retiro do Sul","Processo Seletivo"],"articleSection":["Destaques","Geral"],"inLanguage":"pt-BR","potentialAction":[{"@type":"CommentAction","name":"Comment","target":["https:\/\/folhapopular.info\/index.php\/2019\/11\/19\/administracao-municipal-de-bom-retiro-do-sul-abre-processo-seletivo-simplificado-para-preenchimento-de-24-atividades\/#respond"]}]},{"@type":"WebPage","@id":"https:\/\/folhapopular.info\/index.php\/2019\/11\/19\/administracao-municipal-de-bom-retiro-do-sul-abre-processo-seletivo-simplificado-para-preenchimento-de-24-atividades\/","url":"https:\/\/folhapopular.info\/index.php\/2019\/11\/19\/administracao-municipal-de-bom-retiro-do-sul-abre-processo-seletivo-simplificado-para-preenchimento-de-24-atividades\/","name":"Administra\u00e7\u00e3o Municipal de Bom Retiro do Sul abre processo seletivo simplificado para preenchimento de 24 atividades - Folha Popular","isPartOf":{"@id":"https:\/\/folhapopular.info\/#website"},"primaryImageOfPage":{"@id":"https:\/\/folhapopular.info\/index.php\/2019\/11\/19\/administracao-municipal-de-bom-retiro-do-sul-abre-processo-seletivo-simplificado-para-preenchimento-de-24-atividades\/#primaryimage"},"image":{"@id":"https:\/\/folhapopular.info\/index.php\/2019\/11\/19\/administracao-municipal-de-bom-retiro-do-sul-abre-processo-seletivo-simplificado-para-preenchimento-de-24-atividades\/#primaryimage"},"thumbnailUrl":"https:\/\/folhapopular.info\/wp-content\/uploads\/2019\/11\/Abertas-as-inscri\u00e7\u00f5es-para-processo-seletivo-em-Bom-Retiro-do-Sul-scaled-e1574107182959.jpg","datePublished":"2019-11-19T09:20:00+00:00","author":{"@id":"https:\/\/folhapopular.info\/#\/schema\/person\/2814e8a0df7643585a9ca38bc6eb9d4b"},"breadcrumb":{"@id":"https:\/\/folhapopular.info\/index.php\/2019\/11\/19\/administracao-municipal-de-bom-retiro-do-sul-abre-processo-seletivo-simplificado-para-preenchimento-de-24-atividades\/#breadcrumb"},"inLanguage":"pt-BR","potentialAction":[{"@type":"ReadAction","target":["https:\/\/folhapopular.info\/index.php\/2019\/11\/19\/administracao-municipal-de-bom-retiro-do-sul-abre-processo-seletivo-simplificado-para-preenchimento-de-24-atividades\/"]}]},{"@type":"ImageObject","inLanguage":"pt-BR","@id":"https:\/\/folhapopular.info\/index.php\/2019\/11\/19\/administracao-municipal-de-bom-retiro-do-sul-abre-processo-seletivo-simplificado-para-preenchimento-de-24-atividades\/#primaryimage","url":"https:\/\/folhapopular.info\/wp-content\/uploads\/2019\/11\/Abertas-as-inscri\u00e7\u00f5es-para-processo-seletivo-em-Bom-Retiro-do-Sul-scaled-e1574107182959.jpg","contentUrl":"https:\/\/folhapopular.info\/wp-content\/uploads\/2019\/11\/Abertas-as-inscri\u00e7\u00f5es-para-processo-seletivo-em-Bom-Retiro-do-Sul-scaled-e1574107182959.jpg","width":800,"height":606,"caption":"Abertas as inscri\u00e7\u00f5es para processo seletivo em Bom Retiro do Sul \/ Cr\u00e9dito: Fernando Dias"},{"@type":"BreadcrumbList","@id":"https:\/\/folhapopular.info\/index.php\/2019\/11\/19\/administracao-municipal-de-bom-retiro-do-sul-abre-processo-seletivo-simplificado-para-preenchimento-de-24-atividades\/#breadcrumb","itemListElement":[{"@type":"ListItem","position":1,"name":"In\u00edcio","item":"https:\/\/folhapopular.info\/"},{"@type":"ListItem","position":2,"name":"Administra\u00e7\u00e3o Municipal de Bom Retiro do Sul abre processo seletivo simplificado para preenchimento de 24 atividades"}]},{"@type":"WebSite","@id":"https:\/\/folhapopular.info\/#website","url":"https:\/\/folhapopular.info\/","name":"Folha Popular","description":"Onde voc\u00ea tem vez e voz","potentialAction":[{"@type":"SearchAction","target":{"@type":"EntryPoint","urlTemplate":"https:\/\/folhapopular.info\/?s={search_term_string}"},"query-input":{"@type":"PropertyValueSpecification","valueRequired":true,"valueName":"search_term_string"}}],"inLanguage":"pt-BR"},{"@type":"Person","@id":"https:\/\/folhapopular.info\/#\/schema\/person\/2814e8a0df7643585a9ca38bc6eb9d4b","name":"Reda\u00e7\u00e3o Folha Popular","image":{"@type":"ImageObject","inLanguage":"pt-BR","@id":"https:\/\/folhapopular.info\/wp-content\/uploads\/2026\/04\/Folha-1.webp","url":"https:\/\/folhapopular.info\/wp-content\/uploads\/2026\/04\/Folha-1.webp","contentUrl":"https:\/\/folhapopular.info\/wp-content\/uploads\/2026\/04\/Folha-1.webp","caption":"Reda\u00e7\u00e3o Folha Popular"},"url":"https:\/\/folhapopular.info\/index.php\/author\/redacao\/"}]}},"jetpack_featured_media_url":"https:\/\/folhapopular.info\/wp-content\/uploads\/2019\/11\/Abertas-as-inscri\u00e7\u00f5es-para-processo-seletivo-em-Bom-Retiro-do-Sul-scaled-e1574107182959.jpg","jetpack_sharing_enabled":true,"amp_enabled":true,"_links":{"self":[{"href":"https:\/\/folhapopular.info\/index.php\/wp-json\/wp\/v2\/posts\/61448","targetHints":{"allow":["GET"]}}],"collection":[{"href":"https:\/\/folhapopular.info\/index.php\/wp-json\/wp\/v2\/posts"}],"about":[{"href":"https:\/\/folhapopular.info\/index.php\/wp-json\/wp\/v2\/types\/post"}],"author":[{"embeddable":true,"href":"https:\/\/folhapopular.info\/index.php\/wp-json\/wp\/v2\/users\/8"}],"replies":[{"embeddable":true,"href":"https:\/\/folhapopular.info\/index.php\/wp-json\/wp\/v2\/comments?post=61448"}],"version-history":[{"count":0,"href":"https:\/\/folhapopular.info\/index.php\/wp-json\/wp\/v2\/posts\/61448\/revisions"}],"wp:featuredmedia":[{"embeddable":true,"href":"https:\/\/folhapopular.info\/index.php\/wp-json\/wp\/v2\/media\/61450"}],"wp:attachment":[{"href":"https:\/\/folhapopular.info\/index.php\/wp-json\/wp\/v2\/media?parent=61448"}],"wp:term":[{"taxonomy":"category","embeddable":true,"href":"https:\/\/folhapopular.info\/index.php\/wp-json\/wp\/v2\/categories?post=61448"},{"taxonomy":"post_tag","embeddable":true,"href":"https:\/\/folhapopular.info\/index.php\/wp-json\/wp\/v2\/tags?post=61448"}],"curies":[{"name":"wp","href":"https:\/\/api.w.org\/{rel}","templated":true}]}}