{"id":61631,"date":"2019-11-24T15:16:00","date_gmt":"2019-11-24T18:16:00","guid":{"rendered":"https:\/\/folhapopular.info\/?p=61631"},"modified":"2019-11-24T15:16:02","modified_gmt":"2019-11-24T18:16:02","slug":"uniao-de-palmas-vence-primeira-final-do-regional-de-veteranos","status":"publish","type":"post","link":"https:\/\/folhapopular.info\/index.php\/2019\/11\/24\/uniao-de-palmas-vence-primeira-final-do-regional-de-veteranos\/","title":{"rendered":"Uni\u00e3o de Palmas vence primeira final do Regional de Veteranos"},"content":{"rendered":"\n<p>O Uni\u00e3o de Palmas deu um importante passo para ser campe\u00e3o regional de Veteranos pela segunda vez. Na manh\u00e3 deste domingo (24\/11), o clube de Encantado venceu a primeira partida da final diante da Assespe, de Ven\u00e2ncio Aires, pelo placar de 1 a 0. Com isso, joga pelo empate no jogo de volta, agendado para o dia 8 de dezembro, em Linha Gr\u00e3o Par\u00e1.<\/p>\n\n\n\n<p>A Assespe est\u00e1 na terceira final consecutiva e ainda n\u00e3o foi campe\u00e3. Tentar\u00e1 reverter a situa\u00e7\u00e3o em casa e precisar\u00e1 vencer o jogo no tempo normal para levar a disputa para as cobran\u00e7as de p\u00eanaltis. O Uni\u00e3o reverteu a vantagem e agora tem o empate como seu aliado.<\/p>\n\n\n\n<p>Na S\u00e9rie Prata do Regional de Veteranos, o Brasil de Marques de Souza superou o Cruzeiro de Santa Clara do Sul pelo escore de 2 a 1. O escore tamb\u00e9m deixa o Brasil com o empate como resultado suficiente para ser campe\u00e3o. O Cruzeiro precisar\u00e1 vencer para levar a disputa aos p\u00eanaltis.<\/p>\n","protected":false},"excerpt":{"rendered":"<p>O Uni\u00e3o de Palmas deu um importante passo para ser campe\u00e3o regional de Veteranos pela segunda vez. Na manh\u00e3 deste domingo (24\/11), o clube de Encantado venceu a primeira partida da final diante da Assespe, de Ven\u00e2ncio Aires, pelo placar de 1 a 0. Com isso, joga pelo empate no jogo de volta, agendado para [&hellip;]<\/p>\n","protected":false},"author":7,"featured_media":57756,"comment_status":"open","ping_status":"open","sticky":false,"template":"","format":"standard","meta":{"pmpro_default_level":"","_jetpack_memberships_contains_paid_content":false,"footnotes":""},"categories":[5,240,288],"tags":[318,3334,156],"class_list":{"0":"post-61631","1":"post","2":"type-post","3":"status-publish","4":"format-standard","5":"has-post-thumbnail","7":"category-esportes","8":"category-futebol-amador","9":"category-regional-da-aslivata","10":"tag-copa-certel-sicredi","11":"tag-regional-de-veteranos","12":"tag-vale-do-taquari","13":"pmpro-has-access"},"yoast_head":"<!-- This site is optimized with the Yoast SEO plugin v27.5 - https:\/\/yoast.com\/product\/yoast-seo-wordpress\/ -->\n<title>Uni\u00e3o de Palmas vence primeira final do Regional de Veteranos - Folha Popular<\/title>\n<meta name=\"robots\" content=\"index, follow, max-snippet:-1, max-image-preview:large, max-video-preview:-1\" \/>\n<link rel=\"canonical\" href=\"https:\/\/folhapopular.info\/index.php\/2019\/11\/24\/uniao-de-palmas-vence-primeira-final-do-regional-de-veteranos\/\" \/>\n<meta property=\"og:locale\" content=\"pt_BR\" \/>\n<meta property=\"og:type\" content=\"article\" \/>\n<meta property=\"og:title\" content=\"Uni\u00e3o de Palmas vence primeira final do Regional de Veteranos - Folha Popular\" \/>\n<meta property=\"og:description\" content=\"O Uni\u00e3o de Palmas deu um importante passo para ser campe\u00e3o regional de Veteranos pela segunda vez. Na manh\u00e3 deste domingo (24\/11), o clube de Encantado venceu a primeira partida da final diante da Assespe, de Ven\u00e2ncio Aires, pelo placar de 1 a 0. Com isso, joga pelo empate no jogo de volta, agendado para [&hellip;]\" \/>\n<meta property=\"og:url\" content=\"https:\/\/folhapopular.info\/index.php\/2019\/11\/24\/uniao-de-palmas-vence-primeira-final-do-regional-de-veteranos\/\" \/>\n<meta property=\"og:site_name\" content=\"Folha Popular\" \/>\n<meta property=\"article:published_time\" content=\"2019-11-24T18:16:00+00:00\" \/>\n<meta property=\"article:modified_time\" content=\"2019-11-24T18:16:02+00:00\" \/>\n<meta property=\"og:image\" content=\"https:\/\/folhapopular.info\/wp-content\/uploads\/2019\/08\/Logo-Regional-Certel-Sicredi-correto-Medium.png\" \/>\n\t<meta property=\"og:image:width\" content=\"768\" \/>\n\t<meta property=\"og:image:height\" content=\"880\" \/>\n\t<meta property=\"og:image:type\" content=\"image\/png\" \/>\n<meta name=\"author\" content=\"Lucas Leandro Brune\" \/>\n<meta name=\"twitter:card\" content=\"summary_large_image\" \/>\n<meta name=\"twitter:label1\" content=\"Escrito por\" \/>\n\t<meta name=\"twitter:data1\" content=\"Lucas Leandro Brune\" \/>\n\t<meta name=\"twitter:label2\" content=\"Est. tempo de leitura\" \/>\n\t<meta name=\"twitter:data2\" content=\"1 minuto\" \/>\n<script type=\"application\/ld+json\" class=\"yoast-schema-graph\">{\"@context\":\"https:\\\/\\\/schema.org\",\"@graph\":[{\"@type\":\"Article\",\"@id\":\"https:\\\/\\\/folhapopular.info\\\/index.php\\\/2019\\\/11\\\/24\\\/uniao-de-palmas-vence-primeira-final-do-regional-de-veteranos\\\/#article\",\"isPartOf\":{\"@id\":\"https:\\\/\\\/folhapopular.info\\\/index.php\\\/2019\\\/11\\\/24\\\/uniao-de-palmas-vence-primeira-final-do-regional-de-veteranos\\\/\"},\"author\":{\"name\":\"Lucas Leandro Brune\",\"@id\":\"https:\\\/\\\/folhapopular.info\\\/#\\\/schema\\\/person\\\/533a15f60cd49e81ab3a90b4ca33cb36\"},\"headline\":\"Uni\u00e3o de Palmas vence primeira final do Regional de Veteranos\",\"datePublished\":\"2019-11-24T18:16:00+00:00\",\"dateModified\":\"2019-11-24T18:16:02+00:00\",\"mainEntityOfPage\":{\"@id\":\"https:\\\/\\\/folhapopular.info\\\/index.php\\\/2019\\\/11\\\/24\\\/uniao-de-palmas-vence-primeira-final-do-regional-de-veteranos\\\/\"},\"wordCount\":182,\"commentCount\":0,\"image\":{\"@id\":\"https:\\\/\\\/folhapopular.info\\\/index.php\\\/2019\\\/11\\\/24\\\/uniao-de-palmas-vence-primeira-final-do-regional-de-veteranos\\\/#primaryimage\"},\"thumbnailUrl\":\"https:\\\/\\\/folhapopular.info\\\/wp-content\\\/uploads\\\/2019\\\/08\\\/Logo-Regional-Certel-Sicredi-correto-Medium.png\",\"keywords\":[\"Copa Certel Sicredi\",\"Regional de Veteranos\",\"Vale do Taquari\"],\"articleSection\":[\"Esportes\",\"Futebol Amador\",\"Regional da Aslivata\"],\"inLanguage\":\"pt-BR\",\"potentialAction\":[{\"@type\":\"CommentAction\",\"name\":\"Comment\",\"target\":[\"https:\\\/\\\/folhapopular.info\\\/index.php\\\/2019\\\/11\\\/24\\\/uniao-de-palmas-vence-primeira-final-do-regional-de-veteranos\\\/#respond\"]}]},{\"@type\":\"WebPage\",\"@id\":\"https:\\\/\\\/folhapopular.info\\\/index.php\\\/2019\\\/11\\\/24\\\/uniao-de-palmas-vence-primeira-final-do-regional-de-veteranos\\\/\",\"url\":\"https:\\\/\\\/folhapopular.info\\\/index.php\\\/2019\\\/11\\\/24\\\/uniao-de-palmas-vence-primeira-final-do-regional-de-veteranos\\\/\",\"name\":\"Uni\u00e3o de Palmas vence primeira final do Regional de Veteranos - Folha Popular\",\"isPartOf\":{\"@id\":\"https:\\\/\\\/folhapopular.info\\\/#website\"},\"primaryImageOfPage\":{\"@id\":\"https:\\\/\\\/folhapopular.info\\\/index.php\\\/2019\\\/11\\\/24\\\/uniao-de-palmas-vence-primeira-final-do-regional-de-veteranos\\\/#primaryimage\"},\"image\":{\"@id\":\"https:\\\/\\\/folhapopular.info\\\/index.php\\\/2019\\\/11\\\/24\\\/uniao-de-palmas-vence-primeira-final-do-regional-de-veteranos\\\/#primaryimage\"},\"thumbnailUrl\":\"https:\\\/\\\/folhapopular.info\\\/wp-content\\\/uploads\\\/2019\\\/08\\\/Logo-Regional-Certel-Sicredi-correto-Medium.png\",\"datePublished\":\"2019-11-24T18:16:00+00:00\",\"dateModified\":\"2019-11-24T18:16:02+00:00\",\"author\":{\"@id\":\"https:\\\/\\\/folhapopular.info\\\/#\\\/schema\\\/person\\\/533a15f60cd49e81ab3a90b4ca33cb36\"},\"breadcrumb\":{\"@id\":\"https:\\\/\\\/folhapopular.info\\\/index.php\\\/2019\\\/11\\\/24\\\/uniao-de-palmas-vence-primeira-final-do-regional-de-veteranos\\\/#breadcrumb\"},\"inLanguage\":\"pt-BR\",\"potentialAction\":[{\"@type\":\"ReadAction\",\"target\":[\"https:\\\/\\\/folhapopular.info\\\/index.php\\\/2019\\\/11\\\/24\\\/uniao-de-palmas-vence-primeira-final-do-regional-de-veteranos\\\/\"]}]},{\"@type\":\"ImageObject\",\"inLanguage\":\"pt-BR\",\"@id\":\"https:\\\/\\\/folhapopular.info\\\/index.php\\\/2019\\\/11\\\/24\\\/uniao-de-palmas-vence-primeira-final-do-regional-de-veteranos\\\/#primaryimage\",\"url\":\"https:\\\/\\\/folhapopular.info\\\/wp-content\\\/uploads\\\/2019\\\/08\\\/Logo-Regional-Certel-Sicredi-correto-Medium.png\",\"contentUrl\":\"https:\\\/\\\/folhapopular.info\\\/wp-content\\\/uploads\\\/2019\\\/08\\\/Logo-Regional-Certel-Sicredi-correto-Medium.png\",\"width\":768,\"height\":880},{\"@type\":\"BreadcrumbList\",\"@id\":\"https:\\\/\\\/folhapopular.info\\\/index.php\\\/2019\\\/11\\\/24\\\/uniao-de-palmas-vence-primeira-final-do-regional-de-veteranos\\\/#breadcrumb\",\"itemListElement\":[{\"@type\":\"ListItem\",\"position\":1,\"name\":\"In\u00edcio\",\"item\":\"https:\\\/\\\/folhapopular.info\\\/\"},{\"@type\":\"ListItem\",\"position\":2,\"name\":\"Uni\u00e3o de Palmas vence primeira final do Regional de Veteranos\"}]},{\"@type\":\"WebSite\",\"@id\":\"https:\\\/\\\/folhapopular.info\\\/#website\",\"url\":\"https:\\\/\\\/folhapopular.info\\\/\",\"name\":\"Folha Popular\",\"description\":\"Onde voc\u00ea tem vez e voz\",\"potentialAction\":[{\"@type\":\"SearchAction\",\"target\":{\"@type\":\"EntryPoint\",\"urlTemplate\":\"https:\\\/\\\/folhapopular.info\\\/?s={search_term_string}\"},\"query-input\":{\"@type\":\"PropertyValueSpecification\",\"valueRequired\":true,\"valueName\":\"search_term_string\"}}],\"inLanguage\":\"pt-BR\"},{\"@type\":\"Person\",\"@id\":\"https:\\\/\\\/folhapopular.info\\\/#\\\/schema\\\/person\\\/533a15f60cd49e81ab3a90b4ca33cb36\",\"name\":\"Lucas Leandro Brune\",\"image\":{\"@type\":\"ImageObject\",\"inLanguage\":\"pt-BR\",\"@id\":\"https:\\\/\\\/folhapopular.info\\\/wp-content\\\/uploads\\\/2026\\\/04\\\/LUCAS-1-1.webp\",\"url\":\"https:\\\/\\\/folhapopular.info\\\/wp-content\\\/uploads\\\/2026\\\/04\\\/LUCAS-1-1.webp\",\"contentUrl\":\"https:\\\/\\\/folhapopular.info\\\/wp-content\\\/uploads\\\/2026\\\/04\\\/LUCAS-1-1.webp\",\"caption\":\"Lucas Leandro Brune\"},\"description\":\"Jornalista Profissional Diplomado MTB\\\/RS 14.333\",\"url\":\"https:\\\/\\\/folhapopular.info\\\/index.php\\\/author\\\/lucas-brune\\\/\"}]}<\/script>\n<!-- \/ Yoast SEO plugin. -->","yoast_head_json":{"title":"Uni\u00e3o de Palmas vence primeira final do Regional de Veteranos - Folha Popular","robots":{"index":"index","follow":"follow","max-snippet":"max-snippet:-1","max-image-preview":"max-image-preview:large","max-video-preview":"max-video-preview:-1"},"canonical":"https:\/\/folhapopular.info\/index.php\/2019\/11\/24\/uniao-de-palmas-vence-primeira-final-do-regional-de-veteranos\/","og_locale":"pt_BR","og_type":"article","og_title":"Uni\u00e3o de Palmas vence primeira final do Regional de Veteranos - Folha Popular","og_description":"O Uni\u00e3o de Palmas deu um importante passo para ser campe\u00e3o regional de Veteranos pela segunda vez. Na manh\u00e3 deste domingo (24\/11), o clube de Encantado venceu a primeira partida da final diante da Assespe, de Ven\u00e2ncio Aires, pelo placar de 1 a 0. Com isso, joga pelo empate no jogo de volta, agendado para [&hellip;]","og_url":"https:\/\/folhapopular.info\/index.php\/2019\/11\/24\/uniao-de-palmas-vence-primeira-final-do-regional-de-veteranos\/","og_site_name":"Folha Popular","article_published_time":"2019-11-24T18:16:00+00:00","article_modified_time":"2019-11-24T18:16:02+00:00","og_image":[{"width":768,"height":880,"url":"https:\/\/folhapopular.info\/wp-content\/uploads\/2019\/08\/Logo-Regional-Certel-Sicredi-correto-Medium.png","type":"image\/png"}],"author":"Lucas Leandro Brune","twitter_card":"summary_large_image","twitter_misc":{"Escrito por":"Lucas Leandro Brune","Est. tempo de leitura":"1 minuto"},"schema":{"@context":"https:\/\/schema.org","@graph":[{"@type":"Article","@id":"https:\/\/folhapopular.info\/index.php\/2019\/11\/24\/uniao-de-palmas-vence-primeira-final-do-regional-de-veteranos\/#article","isPartOf":{"@id":"https:\/\/folhapopular.info\/index.php\/2019\/11\/24\/uniao-de-palmas-vence-primeira-final-do-regional-de-veteranos\/"},"author":{"name":"Lucas Leandro Brune","@id":"https:\/\/folhapopular.info\/#\/schema\/person\/533a15f60cd49e81ab3a90b4ca33cb36"},"headline":"Uni\u00e3o de Palmas vence primeira final do Regional de Veteranos","datePublished":"2019-11-24T18:16:00+00:00","dateModified":"2019-11-24T18:16:02+00:00","mainEntityOfPage":{"@id":"https:\/\/folhapopular.info\/index.php\/2019\/11\/24\/uniao-de-palmas-vence-primeira-final-do-regional-de-veteranos\/"},"wordCount":182,"commentCount":0,"image":{"@id":"https:\/\/folhapopular.info\/index.php\/2019\/11\/24\/uniao-de-palmas-vence-primeira-final-do-regional-de-veteranos\/#primaryimage"},"thumbnailUrl":"https:\/\/folhapopular.info\/wp-content\/uploads\/2019\/08\/Logo-Regional-Certel-Sicredi-correto-Medium.png","keywords":["Copa Certel Sicredi","Regional de Veteranos","Vale do Taquari"],"articleSection":["Esportes","Futebol Amador","Regional da Aslivata"],"inLanguage":"pt-BR","potentialAction":[{"@type":"CommentAction","name":"Comment","target":["https:\/\/folhapopular.info\/index.php\/2019\/11\/24\/uniao-de-palmas-vence-primeira-final-do-regional-de-veteranos\/#respond"]}]},{"@type":"WebPage","@id":"https:\/\/folhapopular.info\/index.php\/2019\/11\/24\/uniao-de-palmas-vence-primeira-final-do-regional-de-veteranos\/","url":"https:\/\/folhapopular.info\/index.php\/2019\/11\/24\/uniao-de-palmas-vence-primeira-final-do-regional-de-veteranos\/","name":"Uni\u00e3o de Palmas vence primeira final do Regional de Veteranos - Folha Popular","isPartOf":{"@id":"https:\/\/folhapopular.info\/#website"},"primaryImageOfPage":{"@id":"https:\/\/folhapopular.info\/index.php\/2019\/11\/24\/uniao-de-palmas-vence-primeira-final-do-regional-de-veteranos\/#primaryimage"},"image":{"@id":"https:\/\/folhapopular.info\/index.php\/2019\/11\/24\/uniao-de-palmas-vence-primeira-final-do-regional-de-veteranos\/#primaryimage"},"thumbnailUrl":"https:\/\/folhapopular.info\/wp-content\/uploads\/2019\/08\/Logo-Regional-Certel-Sicredi-correto-Medium.png","datePublished":"2019-11-24T18:16:00+00:00","dateModified":"2019-11-24T18:16:02+00:00","author":{"@id":"https:\/\/folhapopular.info\/#\/schema\/person\/533a15f60cd49e81ab3a90b4ca33cb36"},"breadcrumb":{"@id":"https:\/\/folhapopular.info\/index.php\/2019\/11\/24\/uniao-de-palmas-vence-primeira-final-do-regional-de-veteranos\/#breadcrumb"},"inLanguage":"pt-BR","potentialAction":[{"@type":"ReadAction","target":["https:\/\/folhapopular.info\/index.php\/2019\/11\/24\/uniao-de-palmas-vence-primeira-final-do-regional-de-veteranos\/"]}]},{"@type":"ImageObject","inLanguage":"pt-BR","@id":"https:\/\/folhapopular.info\/index.php\/2019\/11\/24\/uniao-de-palmas-vence-primeira-final-do-regional-de-veteranos\/#primaryimage","url":"https:\/\/folhapopular.info\/wp-content\/uploads\/2019\/08\/Logo-Regional-Certel-Sicredi-correto-Medium.png","contentUrl":"https:\/\/folhapopular.info\/wp-content\/uploads\/2019\/08\/Logo-Regional-Certel-Sicredi-correto-Medium.png","width":768,"height":880},{"@type":"BreadcrumbList","@id":"https:\/\/folhapopular.info\/index.php\/2019\/11\/24\/uniao-de-palmas-vence-primeira-final-do-regional-de-veteranos\/#breadcrumb","itemListElement":[{"@type":"ListItem","position":1,"name":"In\u00edcio","item":"https:\/\/folhapopular.info\/"},{"@type":"ListItem","position":2,"name":"Uni\u00e3o de Palmas vence primeira final do Regional de Veteranos"}]},{"@type":"WebSite","@id":"https:\/\/folhapopular.info\/#website","url":"https:\/\/folhapopular.info\/","name":"Folha Popular","description":"Onde voc\u00ea tem vez e voz","potentialAction":[{"@type":"SearchAction","target":{"@type":"EntryPoint","urlTemplate":"https:\/\/folhapopular.info\/?s={search_term_string}"},"query-input":{"@type":"PropertyValueSpecification","valueRequired":true,"valueName":"search_term_string"}}],"inLanguage":"pt-BR"},{"@type":"Person","@id":"https:\/\/folhapopular.info\/#\/schema\/person\/533a15f60cd49e81ab3a90b4ca33cb36","name":"Lucas Leandro Brune","image":{"@type":"ImageObject","inLanguage":"pt-BR","@id":"https:\/\/folhapopular.info\/wp-content\/uploads\/2026\/04\/LUCAS-1-1.webp","url":"https:\/\/folhapopular.info\/wp-content\/uploads\/2026\/04\/LUCAS-1-1.webp","contentUrl":"https:\/\/folhapopular.info\/wp-content\/uploads\/2026\/04\/LUCAS-1-1.webp","caption":"Lucas Leandro Brune"},"description":"Jornalista Profissional Diplomado MTB\/RS 14.333","url":"https:\/\/folhapopular.info\/index.php\/author\/lucas-brune\/"}]}},"jetpack_featured_media_url":"https:\/\/folhapopular.info\/wp-content\/uploads\/2019\/08\/Logo-Regional-Certel-Sicredi-correto-Medium.png","jetpack_sharing_enabled":true,"amp_enabled":true,"_links":{"self":[{"href":"https:\/\/folhapopular.info\/index.php\/wp-json\/wp\/v2\/posts\/61631","targetHints":{"allow":["GET"]}}],"collection":[{"href":"https:\/\/folhapopular.info\/index.php\/wp-json\/wp\/v2\/posts"}],"about":[{"href":"https:\/\/folhapopular.info\/index.php\/wp-json\/wp\/v2\/types\/post"}],"author":[{"embeddable":true,"href":"https:\/\/folhapopular.info\/index.php\/wp-json\/wp\/v2\/users\/7"}],"replies":[{"embeddable":true,"href":"https:\/\/folhapopular.info\/index.php\/wp-json\/wp\/v2\/comments?post=61631"}],"version-history":[{"count":0,"href":"https:\/\/folhapopular.info\/index.php\/wp-json\/wp\/v2\/posts\/61631\/revisions"}],"wp:featuredmedia":[{"embeddable":true,"href":"https:\/\/folhapopular.info\/index.php\/wp-json\/wp\/v2\/media\/57756"}],"wp:attachment":[{"href":"https:\/\/folhapopular.info\/index.php\/wp-json\/wp\/v2\/media?parent=61631"}],"wp:term":[{"taxonomy":"category","embeddable":true,"href":"https:\/\/folhapopular.info\/index.php\/wp-json\/wp\/v2\/categories?post=61631"},{"taxonomy":"post_tag","embeddable":true,"href":"https:\/\/folhapopular.info\/index.php\/wp-json\/wp\/v2\/tags?post=61631"}],"curies":[{"name":"wp","href":"https:\/\/api.w.org\/{rel}","templated":true}]}}