{"id":62110,"date":"2019-12-05T19:20:00","date_gmt":"2019-12-05T22:20:00","guid":{"rendered":"https:\/\/folhapopular.info\/?p=62110"},"modified":"2019-12-05T16:21:48","modified_gmt":"2019-12-05T19:21:48","slug":"aluno-paveramense-participa-das-paralimpiadas-escolares-em-sao-paulo","status":"publish","type":"post","link":"https:\/\/folhapopular.info\/index.php\/2019\/12\/05\/aluno-paveramense-participa-das-paralimpiadas-escolares-em-sao-paulo\/","title":{"rendered":"Aluno paveramense participa das  Paralimp\u00edadas  Escolares, em S\u00e3o Paulo"},"content":{"rendered":"\n<p>Na segunda-feira (25\/11), a APAE de Teut\u00f4nia recebeu de forma festiva o aluno paveramense Leandro Rian Rodrigues, que participou das 13\u00aa edi\u00e7\u00e3o Paralimp\u00edadas Escolares, em S\u00e3o Paulo. Leandro, de 17 anos, competiu na modalidade atletismo, disputando provas de Corrida 400m, Salto em dist\u00e2ncia\u00a0e Arremesso de peso. O jovem pertence \u00e0 classe T20 (defici\u00eancia intelectual) e compete na categoria Sub-18.<\/p>\n\n\n\n<p>A Secret\u00e1ria Municipal de Educa\u00e7\u00e3o, Cultura, Desporto e Lazer, Rosicler Flach, esteve presente na cerim\u00f4nia recepcionando o jovem.\u00a0\u201c\u00c9 muito bom viver momentos como este, ver a alegria do Leandro, de sua m\u00e3e e de todos da APAE. S\u00f3 tenho a dizer, mais uma vez, parab\u00e9ns, Leandro e professoras da APAE, e desejar que sigamos cada vez mais unidos a favor de nossas crian\u00e7as e jovens\u201d destacou a gestora.<\/p>\n\n\n\n<p>Esta foi a maior edi\u00e7\u00e3o da hist\u00f3ria das Escolares, com a presen\u00e7a de 1.220 estudantes dos 26 estados e do Distrito Federal.&nbsp;<\/p>\n","protected":false},"excerpt":{"rendered":"<p>Na segunda-feira (25\/11), a APAE de Teut\u00f4nia recebeu de forma festiva o aluno paveramense Leandro Rian Rodrigues, que participou das 13\u00aa edi\u00e7\u00e3o Paralimp\u00edadas Escolares, em S\u00e3o Paulo. Leandro, de 17 anos, competiu na modalidade atletismo, disputando provas de Corrida 400m, Salto em dist\u00e2ncia\u00a0e Arremesso de peso. O jovem pertence \u00e0 classe T20 (defici\u00eancia intelectual) e [&hellip;]<\/p>\n","protected":false},"author":8,"featured_media":62111,"comment_status":"open","ping_status":"open","sticky":false,"template":"","format":"standard","meta":{"pmpro_default_level":"","_jetpack_memberships_contains_paid_content":false,"footnotes":""},"categories":[2,3],"tags":[5065,5369,46,4857],"class_list":{"0":"post-62110","1":"post","2":"type-post","3":"status-publish","4":"format-standard","5":"has-post-thumbnail","7":"category-featured","8":"category-geral","9":"tag-escolares","10":"tag-paralimpiadas","11":"tag-paverama","12":"tag-sao-paulo","13":"pmpro-has-access"},"yoast_head":"<!-- This site is optimized with the Yoast SEO plugin v27.5 - https:\/\/yoast.com\/product\/yoast-seo-wordpress\/ -->\n<title>Aluno paveramense participa das Paralimp\u00edadas Escolares, em S\u00e3o Paulo - Folha Popular<\/title>\n<meta name=\"robots\" content=\"index, follow, max-snippet:-1, max-image-preview:large, max-video-preview:-1\" \/>\n<link rel=\"canonical\" href=\"https:\/\/folhapopular.info\/index.php\/2019\/12\/05\/aluno-paveramense-participa-das-paralimpiadas-escolares-em-sao-paulo\/\" \/>\n<meta property=\"og:locale\" content=\"pt_BR\" \/>\n<meta property=\"og:type\" content=\"article\" \/>\n<meta property=\"og:title\" content=\"Aluno paveramense participa das Paralimp\u00edadas Escolares, em S\u00e3o Paulo - Folha Popular\" \/>\n<meta property=\"og:description\" content=\"Na segunda-feira (25\/11), a APAE de Teut\u00f4nia recebeu de forma festiva o aluno paveramense Leandro Rian Rodrigues, que participou das 13\u00aa edi\u00e7\u00e3o Paralimp\u00edadas Escolares, em S\u00e3o Paulo. Leandro, de 17 anos, competiu na modalidade atletismo, disputando provas de Corrida 400m, Salto em dist\u00e2ncia\u00a0e Arremesso de peso. O jovem pertence \u00e0 classe T20 (defici\u00eancia intelectual) e [&hellip;]\" \/>\n<meta property=\"og:url\" content=\"https:\/\/folhapopular.info\/index.php\/2019\/12\/05\/aluno-paveramense-participa-das-paralimpiadas-escolares-em-sao-paulo\/\" \/>\n<meta property=\"og:site_name\" content=\"Folha Popular\" \/>\n<meta property=\"article:published_time\" content=\"2019-12-05T22:20:00+00:00\" \/>\n<meta property=\"og:image\" content=\"https:\/\/folhapopular.info\/wp-content\/uploads\/2019\/12\/Recep\u00e7\u00e3o-scaled-e1575572717120.jpg\" \/>\n\t<meta property=\"og:image:width\" content=\"800\" \/>\n\t<meta property=\"og:image:height\" content=\"533\" \/>\n\t<meta property=\"og:image:type\" content=\"image\/jpeg\" \/>\n<meta name=\"author\" content=\"Reda\u00e7\u00e3o Folha Popular\" \/>\n<meta name=\"twitter:card\" content=\"summary_large_image\" \/>\n<meta name=\"twitter:label1\" content=\"Escrito por\" \/>\n\t<meta name=\"twitter:data1\" content=\"Reda\u00e7\u00e3o Folha Popular\" \/>\n\t<meta name=\"twitter:label2\" content=\"Est. tempo de leitura\" \/>\n\t<meta name=\"twitter:data2\" content=\"1 minuto\" \/>\n<script type=\"application\/ld+json\" class=\"yoast-schema-graph\">{\"@context\":\"https:\\\/\\\/schema.org\",\"@graph\":[{\"@type\":\"Article\",\"@id\":\"https:\\\/\\\/folhapopular.info\\\/index.php\\\/2019\\\/12\\\/05\\\/aluno-paveramense-participa-das-paralimpiadas-escolares-em-sao-paulo\\\/#article\",\"isPartOf\":{\"@id\":\"https:\\\/\\\/folhapopular.info\\\/index.php\\\/2019\\\/12\\\/05\\\/aluno-paveramense-participa-das-paralimpiadas-escolares-em-sao-paulo\\\/\"},\"author\":{\"name\":\"Reda\u00e7\u00e3o Folha Popular\",\"@id\":\"https:\\\/\\\/folhapopular.info\\\/#\\\/schema\\\/person\\\/2814e8a0df7643585a9ca38bc6eb9d4b\"},\"headline\":\"Aluno paveramense participa das Paralimp\u00edadas Escolares, em S\u00e3o Paulo\",\"datePublished\":\"2019-12-05T22:20:00+00:00\",\"mainEntityOfPage\":{\"@id\":\"https:\\\/\\\/folhapopular.info\\\/index.php\\\/2019\\\/12\\\/05\\\/aluno-paveramense-participa-das-paralimpiadas-escolares-em-sao-paulo\\\/\"},\"wordCount\":171,\"commentCount\":0,\"image\":{\"@id\":\"https:\\\/\\\/folhapopular.info\\\/index.php\\\/2019\\\/12\\\/05\\\/aluno-paveramense-participa-das-paralimpiadas-escolares-em-sao-paulo\\\/#primaryimage\"},\"thumbnailUrl\":\"https:\\\/\\\/folhapopular.info\\\/wp-content\\\/uploads\\\/2019\\\/12\\\/Recep\u00e7\u00e3o-scaled-e1575572717120.jpg\",\"keywords\":[\"escolares\",\"paralimp\u00edadas\",\"Paverama\",\"S\u00e3o Paulo\"],\"articleSection\":[\"Destaques\",\"Geral\"],\"inLanguage\":\"pt-BR\",\"potentialAction\":[{\"@type\":\"CommentAction\",\"name\":\"Comment\",\"target\":[\"https:\\\/\\\/folhapopular.info\\\/index.php\\\/2019\\\/12\\\/05\\\/aluno-paveramense-participa-das-paralimpiadas-escolares-em-sao-paulo\\\/#respond\"]}]},{\"@type\":\"WebPage\",\"@id\":\"https:\\\/\\\/folhapopular.info\\\/index.php\\\/2019\\\/12\\\/05\\\/aluno-paveramense-participa-das-paralimpiadas-escolares-em-sao-paulo\\\/\",\"url\":\"https:\\\/\\\/folhapopular.info\\\/index.php\\\/2019\\\/12\\\/05\\\/aluno-paveramense-participa-das-paralimpiadas-escolares-em-sao-paulo\\\/\",\"name\":\"Aluno paveramense participa das Paralimp\u00edadas Escolares, em S\u00e3o Paulo - Folha Popular\",\"isPartOf\":{\"@id\":\"https:\\\/\\\/folhapopular.info\\\/#website\"},\"primaryImageOfPage\":{\"@id\":\"https:\\\/\\\/folhapopular.info\\\/index.php\\\/2019\\\/12\\\/05\\\/aluno-paveramense-participa-das-paralimpiadas-escolares-em-sao-paulo\\\/#primaryimage\"},\"image\":{\"@id\":\"https:\\\/\\\/folhapopular.info\\\/index.php\\\/2019\\\/12\\\/05\\\/aluno-paveramense-participa-das-paralimpiadas-escolares-em-sao-paulo\\\/#primaryimage\"},\"thumbnailUrl\":\"https:\\\/\\\/folhapopular.info\\\/wp-content\\\/uploads\\\/2019\\\/12\\\/Recep\u00e7\u00e3o-scaled-e1575572717120.jpg\",\"datePublished\":\"2019-12-05T22:20:00+00:00\",\"author\":{\"@id\":\"https:\\\/\\\/folhapopular.info\\\/#\\\/schema\\\/person\\\/2814e8a0df7643585a9ca38bc6eb9d4b\"},\"breadcrumb\":{\"@id\":\"https:\\\/\\\/folhapopular.info\\\/index.php\\\/2019\\\/12\\\/05\\\/aluno-paveramense-participa-das-paralimpiadas-escolares-em-sao-paulo\\\/#breadcrumb\"},\"inLanguage\":\"pt-BR\",\"potentialAction\":[{\"@type\":\"ReadAction\",\"target\":[\"https:\\\/\\\/folhapopular.info\\\/index.php\\\/2019\\\/12\\\/05\\\/aluno-paveramense-participa-das-paralimpiadas-escolares-em-sao-paulo\\\/\"]}]},{\"@type\":\"ImageObject\",\"inLanguage\":\"pt-BR\",\"@id\":\"https:\\\/\\\/folhapopular.info\\\/index.php\\\/2019\\\/12\\\/05\\\/aluno-paveramense-participa-das-paralimpiadas-escolares-em-sao-paulo\\\/#primaryimage\",\"url\":\"https:\\\/\\\/folhapopular.info\\\/wp-content\\\/uploads\\\/2019\\\/12\\\/Recep\u00e7\u00e3o-scaled-e1575572717120.jpg\",\"contentUrl\":\"https:\\\/\\\/folhapopular.info\\\/wp-content\\\/uploads\\\/2019\\\/12\\\/Recep\u00e7\u00e3o-scaled-e1575572717120.jpg\",\"width\":800,\"height\":533,\"caption\":\"Cr\u00e9dito: divulga\u00e7\u00e3o\"},{\"@type\":\"BreadcrumbList\",\"@id\":\"https:\\\/\\\/folhapopular.info\\\/index.php\\\/2019\\\/12\\\/05\\\/aluno-paveramense-participa-das-paralimpiadas-escolares-em-sao-paulo\\\/#breadcrumb\",\"itemListElement\":[{\"@type\":\"ListItem\",\"position\":1,\"name\":\"In\u00edcio\",\"item\":\"https:\\\/\\\/folhapopular.info\\\/\"},{\"@type\":\"ListItem\",\"position\":2,\"name\":\"Aluno paveramense participa das Paralimp\u00edadas Escolares, em S\u00e3o Paulo\"}]},{\"@type\":\"WebSite\",\"@id\":\"https:\\\/\\\/folhapopular.info\\\/#website\",\"url\":\"https:\\\/\\\/folhapopular.info\\\/\",\"name\":\"Folha Popular\",\"description\":\"Onde voc\u00ea tem vez e voz\",\"potentialAction\":[{\"@type\":\"SearchAction\",\"target\":{\"@type\":\"EntryPoint\",\"urlTemplate\":\"https:\\\/\\\/folhapopular.info\\\/?s={search_term_string}\"},\"query-input\":{\"@type\":\"PropertyValueSpecification\",\"valueRequired\":true,\"valueName\":\"search_term_string\"}}],\"inLanguage\":\"pt-BR\"},{\"@type\":\"Person\",\"@id\":\"https:\\\/\\\/folhapopular.info\\\/#\\\/schema\\\/person\\\/2814e8a0df7643585a9ca38bc6eb9d4b\",\"name\":\"Reda\u00e7\u00e3o Folha Popular\",\"image\":{\"@type\":\"ImageObject\",\"inLanguage\":\"pt-BR\",\"@id\":\"https:\\\/\\\/folhapopular.info\\\/wp-content\\\/uploads\\\/2026\\\/04\\\/Folha-1.webp\",\"url\":\"https:\\\/\\\/folhapopular.info\\\/wp-content\\\/uploads\\\/2026\\\/04\\\/Folha-1.webp\",\"contentUrl\":\"https:\\\/\\\/folhapopular.info\\\/wp-content\\\/uploads\\\/2026\\\/04\\\/Folha-1.webp\",\"caption\":\"Reda\u00e7\u00e3o Folha Popular\"},\"url\":\"https:\\\/\\\/folhapopular.info\\\/index.php\\\/author\\\/redacao\\\/\"}]}<\/script>\n<!-- \/ Yoast SEO plugin. -->","yoast_head_json":{"title":"Aluno paveramense participa das Paralimp\u00edadas Escolares, em S\u00e3o Paulo - Folha Popular","robots":{"index":"index","follow":"follow","max-snippet":"max-snippet:-1","max-image-preview":"max-image-preview:large","max-video-preview":"max-video-preview:-1"},"canonical":"https:\/\/folhapopular.info\/index.php\/2019\/12\/05\/aluno-paveramense-participa-das-paralimpiadas-escolares-em-sao-paulo\/","og_locale":"pt_BR","og_type":"article","og_title":"Aluno paveramense participa das Paralimp\u00edadas Escolares, em S\u00e3o Paulo - Folha Popular","og_description":"Na segunda-feira (25\/11), a APAE de Teut\u00f4nia recebeu de forma festiva o aluno paveramense Leandro Rian Rodrigues, que participou das 13\u00aa edi\u00e7\u00e3o Paralimp\u00edadas Escolares, em S\u00e3o Paulo. Leandro, de 17 anos, competiu na modalidade atletismo, disputando provas de Corrida 400m, Salto em dist\u00e2ncia\u00a0e Arremesso de peso. O jovem pertence \u00e0 classe T20 (defici\u00eancia intelectual) e [&hellip;]","og_url":"https:\/\/folhapopular.info\/index.php\/2019\/12\/05\/aluno-paveramense-participa-das-paralimpiadas-escolares-em-sao-paulo\/","og_site_name":"Folha Popular","article_published_time":"2019-12-05T22:20:00+00:00","og_image":[{"width":800,"height":533,"url":"https:\/\/folhapopular.info\/wp-content\/uploads\/2019\/12\/Recep\u00e7\u00e3o-scaled-e1575572717120.jpg","type":"image\/jpeg"}],"author":"Reda\u00e7\u00e3o Folha Popular","twitter_card":"summary_large_image","twitter_misc":{"Escrito por":"Reda\u00e7\u00e3o Folha Popular","Est. tempo de leitura":"1 minuto"},"schema":{"@context":"https:\/\/schema.org","@graph":[{"@type":"Article","@id":"https:\/\/folhapopular.info\/index.php\/2019\/12\/05\/aluno-paveramense-participa-das-paralimpiadas-escolares-em-sao-paulo\/#article","isPartOf":{"@id":"https:\/\/folhapopular.info\/index.php\/2019\/12\/05\/aluno-paveramense-participa-das-paralimpiadas-escolares-em-sao-paulo\/"},"author":{"name":"Reda\u00e7\u00e3o Folha Popular","@id":"https:\/\/folhapopular.info\/#\/schema\/person\/2814e8a0df7643585a9ca38bc6eb9d4b"},"headline":"Aluno paveramense participa das Paralimp\u00edadas Escolares, em S\u00e3o Paulo","datePublished":"2019-12-05T22:20:00+00:00","mainEntityOfPage":{"@id":"https:\/\/folhapopular.info\/index.php\/2019\/12\/05\/aluno-paveramense-participa-das-paralimpiadas-escolares-em-sao-paulo\/"},"wordCount":171,"commentCount":0,"image":{"@id":"https:\/\/folhapopular.info\/index.php\/2019\/12\/05\/aluno-paveramense-participa-das-paralimpiadas-escolares-em-sao-paulo\/#primaryimage"},"thumbnailUrl":"https:\/\/folhapopular.info\/wp-content\/uploads\/2019\/12\/Recep\u00e7\u00e3o-scaled-e1575572717120.jpg","keywords":["escolares","paralimp\u00edadas","Paverama","S\u00e3o Paulo"],"articleSection":["Destaques","Geral"],"inLanguage":"pt-BR","potentialAction":[{"@type":"CommentAction","name":"Comment","target":["https:\/\/folhapopular.info\/index.php\/2019\/12\/05\/aluno-paveramense-participa-das-paralimpiadas-escolares-em-sao-paulo\/#respond"]}]},{"@type":"WebPage","@id":"https:\/\/folhapopular.info\/index.php\/2019\/12\/05\/aluno-paveramense-participa-das-paralimpiadas-escolares-em-sao-paulo\/","url":"https:\/\/folhapopular.info\/index.php\/2019\/12\/05\/aluno-paveramense-participa-das-paralimpiadas-escolares-em-sao-paulo\/","name":"Aluno paveramense participa das Paralimp\u00edadas Escolares, em S\u00e3o Paulo - Folha Popular","isPartOf":{"@id":"https:\/\/folhapopular.info\/#website"},"primaryImageOfPage":{"@id":"https:\/\/folhapopular.info\/index.php\/2019\/12\/05\/aluno-paveramense-participa-das-paralimpiadas-escolares-em-sao-paulo\/#primaryimage"},"image":{"@id":"https:\/\/folhapopular.info\/index.php\/2019\/12\/05\/aluno-paveramense-participa-das-paralimpiadas-escolares-em-sao-paulo\/#primaryimage"},"thumbnailUrl":"https:\/\/folhapopular.info\/wp-content\/uploads\/2019\/12\/Recep\u00e7\u00e3o-scaled-e1575572717120.jpg","datePublished":"2019-12-05T22:20:00+00:00","author":{"@id":"https:\/\/folhapopular.info\/#\/schema\/person\/2814e8a0df7643585a9ca38bc6eb9d4b"},"breadcrumb":{"@id":"https:\/\/folhapopular.info\/index.php\/2019\/12\/05\/aluno-paveramense-participa-das-paralimpiadas-escolares-em-sao-paulo\/#breadcrumb"},"inLanguage":"pt-BR","potentialAction":[{"@type":"ReadAction","target":["https:\/\/folhapopular.info\/index.php\/2019\/12\/05\/aluno-paveramense-participa-das-paralimpiadas-escolares-em-sao-paulo\/"]}]},{"@type":"ImageObject","inLanguage":"pt-BR","@id":"https:\/\/folhapopular.info\/index.php\/2019\/12\/05\/aluno-paveramense-participa-das-paralimpiadas-escolares-em-sao-paulo\/#primaryimage","url":"https:\/\/folhapopular.info\/wp-content\/uploads\/2019\/12\/Recep\u00e7\u00e3o-scaled-e1575572717120.jpg","contentUrl":"https:\/\/folhapopular.info\/wp-content\/uploads\/2019\/12\/Recep\u00e7\u00e3o-scaled-e1575572717120.jpg","width":800,"height":533,"caption":"Cr\u00e9dito: divulga\u00e7\u00e3o"},{"@type":"BreadcrumbList","@id":"https:\/\/folhapopular.info\/index.php\/2019\/12\/05\/aluno-paveramense-participa-das-paralimpiadas-escolares-em-sao-paulo\/#breadcrumb","itemListElement":[{"@type":"ListItem","position":1,"name":"In\u00edcio","item":"https:\/\/folhapopular.info\/"},{"@type":"ListItem","position":2,"name":"Aluno paveramense participa das Paralimp\u00edadas Escolares, em S\u00e3o Paulo"}]},{"@type":"WebSite","@id":"https:\/\/folhapopular.info\/#website","url":"https:\/\/folhapopular.info\/","name":"Folha Popular","description":"Onde voc\u00ea tem vez e voz","potentialAction":[{"@type":"SearchAction","target":{"@type":"EntryPoint","urlTemplate":"https:\/\/folhapopular.info\/?s={search_term_string}"},"query-input":{"@type":"PropertyValueSpecification","valueRequired":true,"valueName":"search_term_string"}}],"inLanguage":"pt-BR"},{"@type":"Person","@id":"https:\/\/folhapopular.info\/#\/schema\/person\/2814e8a0df7643585a9ca38bc6eb9d4b","name":"Reda\u00e7\u00e3o Folha Popular","image":{"@type":"ImageObject","inLanguage":"pt-BR","@id":"https:\/\/folhapopular.info\/wp-content\/uploads\/2026\/04\/Folha-1.webp","url":"https:\/\/folhapopular.info\/wp-content\/uploads\/2026\/04\/Folha-1.webp","contentUrl":"https:\/\/folhapopular.info\/wp-content\/uploads\/2026\/04\/Folha-1.webp","caption":"Reda\u00e7\u00e3o Folha Popular"},"url":"https:\/\/folhapopular.info\/index.php\/author\/redacao\/"}]}},"jetpack_featured_media_url":"https:\/\/folhapopular.info\/wp-content\/uploads\/2019\/12\/Recep\u00e7\u00e3o-scaled-e1575572717120.jpg","jetpack_sharing_enabled":true,"amp_enabled":true,"_links":{"self":[{"href":"https:\/\/folhapopular.info\/index.php\/wp-json\/wp\/v2\/posts\/62110","targetHints":{"allow":["GET"]}}],"collection":[{"href":"https:\/\/folhapopular.info\/index.php\/wp-json\/wp\/v2\/posts"}],"about":[{"href":"https:\/\/folhapopular.info\/index.php\/wp-json\/wp\/v2\/types\/post"}],"author":[{"embeddable":true,"href":"https:\/\/folhapopular.info\/index.php\/wp-json\/wp\/v2\/users\/8"}],"replies":[{"embeddable":true,"href":"https:\/\/folhapopular.info\/index.php\/wp-json\/wp\/v2\/comments?post=62110"}],"version-history":[{"count":0,"href":"https:\/\/folhapopular.info\/index.php\/wp-json\/wp\/v2\/posts\/62110\/revisions"}],"wp:featuredmedia":[{"embeddable":true,"href":"https:\/\/folhapopular.info\/index.php\/wp-json\/wp\/v2\/media\/62111"}],"wp:attachment":[{"href":"https:\/\/folhapopular.info\/index.php\/wp-json\/wp\/v2\/media?parent=62110"}],"wp:term":[{"taxonomy":"category","embeddable":true,"href":"https:\/\/folhapopular.info\/index.php\/wp-json\/wp\/v2\/categories?post=62110"},{"taxonomy":"post_tag","embeddable":true,"href":"https:\/\/folhapopular.info\/index.php\/wp-json\/wp\/v2\/tags?post=62110"}],"curies":[{"name":"wp","href":"https:\/\/api.w.org\/{rel}","templated":true}]}}