{"id":62231,"date":"2019-12-07T11:57:25","date_gmt":"2019-12-07T14:57:25","guid":{"rendered":"https:\/\/folhapopular.info\/?p=62231"},"modified":"2019-12-07T11:57:26","modified_gmt":"2019-12-07T14:57:26","slug":"casal-de-brigadianos-fica-gravemente-ferido-apos-acidente-entre-carro-e-moto-em-westfalia","status":"publish","type":"post","link":"https:\/\/folhapopular.info\/index.php\/2019\/12\/07\/casal-de-brigadianos-fica-gravemente-ferido-apos-acidente-entre-carro-e-moto-em-westfalia\/","title":{"rendered":"Casal de brigadianos fica gravemente ferido ap\u00f3s acidente entre carro e moto em Westf\u00e1lia"},"content":{"rendered":"\n<p> Um casal de brigadianos ficou gravemente ferido ap\u00f3s colis\u00e3o entre a motocicleta em que estavam e um carro na manh\u00e3 deste s\u00e1bado (07\/12). O fato ocorreu no km 61 da RSC-453 (Rota do sol), pr\u00f3ximo ao trevo de Westf\u00e1lia. Conforme a Pol\u00edcia Rodovi\u00e1ria Estadual de Teut\u00f4nia, uma motocicleta CB 650 em que eles estavam seguia sentido Estrela-Garibaldi quando colidiu em um GM Vectra, que vinha no sentido contr\u00e1rio e realizou uma tentativa de ultrapassagem em local proibido. Ambos os ve\u00edculos possuem placas de Teut\u00f4nia.<\/p>\n\n\n\n<p>Uma testemunha que trafegava no local afirmou \u00e0 PRE que o condutor do carro vinha realizando ultrapassagens em locais proibidos e em alta velocidade. Ap\u00f3s a colis\u00e3o, o condutor do carro n\u00e3o prestou atendimento e seguiu seu trajeto, parando cerca de 1,5 quil\u00f4metro depois devido aos estragos no ve\u00edculo e seus ferimentos.<\/p>\n\n\n\n<p>A caroneira da moto ficou em estado grav\u00edssimo e foi encaminhada ao Hospital Bruno Born pelo SAMU. O condutor da moto, que est\u00e1 em estado grave, e do carro, que permaneceu est\u00e1vel, foram encaminhados pelo Corpo de Bombeiros Volunt\u00e1rios de Teut\u00f4nia para o Hospital Ouro Branco.<\/p>\n\n\n\n<p>A guarni\u00e7\u00e3o da PRE realizou o controle do tr\u00e2nsito, que permaneceu bloqueado parte da manh\u00e3, al\u00e9m da remo\u00e7\u00e3o dos ve\u00edculos. Eles foram ao hospital contatar o condutor do carro e solicitar o teste do baf\u00f4metro, que foi negado. Assim, ele foi autuado e teve sua CNH recolhida por 24 horas.  <\/p>\n","protected":false},"excerpt":{"rendered":"<p>Um casal de brigadianos ficou gravemente ferido ap\u00f3s colis\u00e3o entre a motocicleta em que estavam e um carro na manh\u00e3 deste s\u00e1bado (07\/12). O fato ocorreu no km 61 da RSC-453 (Rota do sol), pr\u00f3ximo ao trevo de Westf\u00e1lia. Conforme a Pol\u00edcia Rodovi\u00e1ria Estadual de Teut\u00f4nia, uma motocicleta CB 650 em que eles estavam seguia [&hellip;]<\/p>\n","protected":false},"author":8,"featured_media":58540,"comment_status":"open","ping_status":"open","sticky":false,"template":"","format":"standard","meta":{"pmpro_default_level":"","_jetpack_memberships_contains_paid_content":false,"footnotes":""},"categories":[3,7],"tags":[195,965,5389,4839,25],"class_list":{"0":"post-62231","1":"post","2":"type-post","3":"status-publish","4":"format-standard","5":"has-post-thumbnail","7":"category-geral","8":"category-seguranca","9":"tag-acidente","10":"tag-feridos","11":"tag-gravemente","12":"tag-ultrapassagem","13":"tag-westfalia","14":"pmpro-has-access"},"yoast_head":"<!-- This site is optimized with the Yoast SEO plugin v27.5 - https:\/\/yoast.com\/product\/yoast-seo-wordpress\/ -->\n<title>Casal de brigadianos fica gravemente ferido ap\u00f3s acidente entre carro e moto em Westf\u00e1lia - Folha Popular<\/title>\n<meta name=\"robots\" content=\"index, follow, max-snippet:-1, max-image-preview:large, max-video-preview:-1\" \/>\n<link rel=\"canonical\" href=\"https:\/\/folhapopular.info\/index.php\/2019\/12\/07\/casal-de-brigadianos-fica-gravemente-ferido-apos-acidente-entre-carro-e-moto-em-westfalia\/\" \/>\n<meta property=\"og:locale\" content=\"pt_BR\" \/>\n<meta property=\"og:type\" content=\"article\" \/>\n<meta property=\"og:title\" content=\"Casal de brigadianos fica gravemente ferido ap\u00f3s acidente entre carro e moto em Westf\u00e1lia - Folha Popular\" \/>\n<meta property=\"og:description\" content=\"Um casal de brigadianos ficou gravemente ferido ap\u00f3s colis\u00e3o entre a motocicleta em que estavam e um carro na manh\u00e3 deste s\u00e1bado (07\/12). O fato ocorreu no km 61 da RSC-453 (Rota do sol), pr\u00f3ximo ao trevo de Westf\u00e1lia. Conforme a Pol\u00edcia Rodovi\u00e1ria Estadual de Teut\u00f4nia, uma motocicleta CB 650 em que eles estavam seguia [&hellip;]\" \/>\n<meta property=\"og:url\" content=\"https:\/\/folhapopular.info\/index.php\/2019\/12\/07\/casal-de-brigadianos-fica-gravemente-ferido-apos-acidente-entre-carro-e-moto-em-westfalia\/\" \/>\n<meta property=\"og:site_name\" content=\"Folha Popular\" \/>\n<meta property=\"article:published_time\" content=\"2019-12-07T14:57:25+00:00\" \/>\n<meta property=\"article:modified_time\" content=\"2019-12-07T14:57:26+00:00\" \/>\n<meta property=\"og:image\" content=\"https:\/\/folhapopular.info\/wp-content\/uploads\/2019\/09\/tr\u00e2nsito-e1567961593182.jpg\" \/>\n\t<meta property=\"og:image:width\" content=\"800\" \/>\n\t<meta property=\"og:image:height\" content=\"563\" \/>\n\t<meta property=\"og:image:type\" content=\"image\/jpeg\" \/>\n<meta name=\"author\" content=\"Reda\u00e7\u00e3o Folha Popular\" \/>\n<meta name=\"twitter:card\" content=\"summary_large_image\" \/>\n<meta name=\"twitter:label1\" content=\"Escrito por\" \/>\n\t<meta name=\"twitter:data1\" content=\"Reda\u00e7\u00e3o Folha Popular\" \/>\n\t<meta name=\"twitter:label2\" content=\"Est. tempo de leitura\" \/>\n\t<meta name=\"twitter:data2\" content=\"1 minuto\" \/>\n<script type=\"application\/ld+json\" class=\"yoast-schema-graph\">{\"@context\":\"https:\\\/\\\/schema.org\",\"@graph\":[{\"@type\":\"Article\",\"@id\":\"https:\\\/\\\/folhapopular.info\\\/index.php\\\/2019\\\/12\\\/07\\\/casal-de-brigadianos-fica-gravemente-ferido-apos-acidente-entre-carro-e-moto-em-westfalia\\\/#article\",\"isPartOf\":{\"@id\":\"https:\\\/\\\/folhapopular.info\\\/index.php\\\/2019\\\/12\\\/07\\\/casal-de-brigadianos-fica-gravemente-ferido-apos-acidente-entre-carro-e-moto-em-westfalia\\\/\"},\"author\":{\"name\":\"Reda\u00e7\u00e3o Folha Popular\",\"@id\":\"https:\\\/\\\/folhapopular.info\\\/#\\\/schema\\\/person\\\/2814e8a0df7643585a9ca38bc6eb9d4b\"},\"headline\":\"Casal de brigadianos fica gravemente ferido ap\u00f3s acidente entre carro e moto em Westf\u00e1lia\",\"datePublished\":\"2019-12-07T14:57:25+00:00\",\"dateModified\":\"2019-12-07T14:57:26+00:00\",\"mainEntityOfPage\":{\"@id\":\"https:\\\/\\\/folhapopular.info\\\/index.php\\\/2019\\\/12\\\/07\\\/casal-de-brigadianos-fica-gravemente-ferido-apos-acidente-entre-carro-e-moto-em-westfalia\\\/\"},\"wordCount\":268,\"commentCount\":0,\"image\":{\"@id\":\"https:\\\/\\\/folhapopular.info\\\/index.php\\\/2019\\\/12\\\/07\\\/casal-de-brigadianos-fica-gravemente-ferido-apos-acidente-entre-carro-e-moto-em-westfalia\\\/#primaryimage\"},\"thumbnailUrl\":\"https:\\\/\\\/folhapopular.info\\\/wp-content\\\/uploads\\\/2019\\\/09\\\/tr\u00e2nsito-e1567961593182.jpg\",\"keywords\":[\"Acidente\",\"Feridos\",\"gravemente\",\"ultrapassagem\",\"Westf\u00e1lia\"],\"articleSection\":[\"Geral\",\"Seguran\u00e7a\"],\"inLanguage\":\"pt-BR\",\"potentialAction\":[{\"@type\":\"CommentAction\",\"name\":\"Comment\",\"target\":[\"https:\\\/\\\/folhapopular.info\\\/index.php\\\/2019\\\/12\\\/07\\\/casal-de-brigadianos-fica-gravemente-ferido-apos-acidente-entre-carro-e-moto-em-westfalia\\\/#respond\"]}]},{\"@type\":\"WebPage\",\"@id\":\"https:\\\/\\\/folhapopular.info\\\/index.php\\\/2019\\\/12\\\/07\\\/casal-de-brigadianos-fica-gravemente-ferido-apos-acidente-entre-carro-e-moto-em-westfalia\\\/\",\"url\":\"https:\\\/\\\/folhapopular.info\\\/index.php\\\/2019\\\/12\\\/07\\\/casal-de-brigadianos-fica-gravemente-ferido-apos-acidente-entre-carro-e-moto-em-westfalia\\\/\",\"name\":\"Casal de brigadianos fica gravemente ferido ap\u00f3s acidente entre carro e moto em Westf\u00e1lia - Folha Popular\",\"isPartOf\":{\"@id\":\"https:\\\/\\\/folhapopular.info\\\/#website\"},\"primaryImageOfPage\":{\"@id\":\"https:\\\/\\\/folhapopular.info\\\/index.php\\\/2019\\\/12\\\/07\\\/casal-de-brigadianos-fica-gravemente-ferido-apos-acidente-entre-carro-e-moto-em-westfalia\\\/#primaryimage\"},\"image\":{\"@id\":\"https:\\\/\\\/folhapopular.info\\\/index.php\\\/2019\\\/12\\\/07\\\/casal-de-brigadianos-fica-gravemente-ferido-apos-acidente-entre-carro-e-moto-em-westfalia\\\/#primaryimage\"},\"thumbnailUrl\":\"https:\\\/\\\/folhapopular.info\\\/wp-content\\\/uploads\\\/2019\\\/09\\\/tr\u00e2nsito-e1567961593182.jpg\",\"datePublished\":\"2019-12-07T14:57:25+00:00\",\"dateModified\":\"2019-12-07T14:57:26+00:00\",\"author\":{\"@id\":\"https:\\\/\\\/folhapopular.info\\\/#\\\/schema\\\/person\\\/2814e8a0df7643585a9ca38bc6eb9d4b\"},\"breadcrumb\":{\"@id\":\"https:\\\/\\\/folhapopular.info\\\/index.php\\\/2019\\\/12\\\/07\\\/casal-de-brigadianos-fica-gravemente-ferido-apos-acidente-entre-carro-e-moto-em-westfalia\\\/#breadcrumb\"},\"inLanguage\":\"pt-BR\",\"potentialAction\":[{\"@type\":\"ReadAction\",\"target\":[\"https:\\\/\\\/folhapopular.info\\\/index.php\\\/2019\\\/12\\\/07\\\/casal-de-brigadianos-fica-gravemente-ferido-apos-acidente-entre-carro-e-moto-em-westfalia\\\/\"]}]},{\"@type\":\"ImageObject\",\"inLanguage\":\"pt-BR\",\"@id\":\"https:\\\/\\\/folhapopular.info\\\/index.php\\\/2019\\\/12\\\/07\\\/casal-de-brigadianos-fica-gravemente-ferido-apos-acidente-entre-carro-e-moto-em-westfalia\\\/#primaryimage\",\"url\":\"https:\\\/\\\/folhapopular.info\\\/wp-content\\\/uploads\\\/2019\\\/09\\\/tr\u00e2nsito-e1567961593182.jpg\",\"contentUrl\":\"https:\\\/\\\/folhapopular.info\\\/wp-content\\\/uploads\\\/2019\\\/09\\\/tr\u00e2nsito-e1567961593182.jpg\",\"width\":800,\"height\":563,\"caption\":\"Artes Transito\"},{\"@type\":\"BreadcrumbList\",\"@id\":\"https:\\\/\\\/folhapopular.info\\\/index.php\\\/2019\\\/12\\\/07\\\/casal-de-brigadianos-fica-gravemente-ferido-apos-acidente-entre-carro-e-moto-em-westfalia\\\/#breadcrumb\",\"itemListElement\":[{\"@type\":\"ListItem\",\"position\":1,\"name\":\"In\u00edcio\",\"item\":\"https:\\\/\\\/folhapopular.info\\\/\"},{\"@type\":\"ListItem\",\"position\":2,\"name\":\"Casal de brigadianos fica gravemente ferido ap\u00f3s acidente entre carro e moto em Westf\u00e1lia\"}]},{\"@type\":\"WebSite\",\"@id\":\"https:\\\/\\\/folhapopular.info\\\/#website\",\"url\":\"https:\\\/\\\/folhapopular.info\\\/\",\"name\":\"Folha Popular\",\"description\":\"Onde voc\u00ea tem vez e voz\",\"potentialAction\":[{\"@type\":\"SearchAction\",\"target\":{\"@type\":\"EntryPoint\",\"urlTemplate\":\"https:\\\/\\\/folhapopular.info\\\/?s={search_term_string}\"},\"query-input\":{\"@type\":\"PropertyValueSpecification\",\"valueRequired\":true,\"valueName\":\"search_term_string\"}}],\"inLanguage\":\"pt-BR\"},{\"@type\":\"Person\",\"@id\":\"https:\\\/\\\/folhapopular.info\\\/#\\\/schema\\\/person\\\/2814e8a0df7643585a9ca38bc6eb9d4b\",\"name\":\"Reda\u00e7\u00e3o Folha Popular\",\"image\":{\"@type\":\"ImageObject\",\"inLanguage\":\"pt-BR\",\"@id\":\"https:\\\/\\\/folhapopular.info\\\/wp-content\\\/uploads\\\/2026\\\/04\\\/Folha-1.webp\",\"url\":\"https:\\\/\\\/folhapopular.info\\\/wp-content\\\/uploads\\\/2026\\\/04\\\/Folha-1.webp\",\"contentUrl\":\"https:\\\/\\\/folhapopular.info\\\/wp-content\\\/uploads\\\/2026\\\/04\\\/Folha-1.webp\",\"caption\":\"Reda\u00e7\u00e3o Folha Popular\"},\"url\":\"https:\\\/\\\/folhapopular.info\\\/index.php\\\/author\\\/redacao\\\/\"}]}<\/script>\n<!-- \/ Yoast SEO plugin. -->","yoast_head_json":{"title":"Casal de brigadianos fica gravemente ferido ap\u00f3s acidente entre carro e moto em Westf\u00e1lia - Folha Popular","robots":{"index":"index","follow":"follow","max-snippet":"max-snippet:-1","max-image-preview":"max-image-preview:large","max-video-preview":"max-video-preview:-1"},"canonical":"https:\/\/folhapopular.info\/index.php\/2019\/12\/07\/casal-de-brigadianos-fica-gravemente-ferido-apos-acidente-entre-carro-e-moto-em-westfalia\/","og_locale":"pt_BR","og_type":"article","og_title":"Casal de brigadianos fica gravemente ferido ap\u00f3s acidente entre carro e moto em Westf\u00e1lia - Folha Popular","og_description":"Um casal de brigadianos ficou gravemente ferido ap\u00f3s colis\u00e3o entre a motocicleta em que estavam e um carro na manh\u00e3 deste s\u00e1bado (07\/12). O fato ocorreu no km 61 da RSC-453 (Rota do sol), pr\u00f3ximo ao trevo de Westf\u00e1lia. Conforme a Pol\u00edcia Rodovi\u00e1ria Estadual de Teut\u00f4nia, uma motocicleta CB 650 em que eles estavam seguia [&hellip;]","og_url":"https:\/\/folhapopular.info\/index.php\/2019\/12\/07\/casal-de-brigadianos-fica-gravemente-ferido-apos-acidente-entre-carro-e-moto-em-westfalia\/","og_site_name":"Folha Popular","article_published_time":"2019-12-07T14:57:25+00:00","article_modified_time":"2019-12-07T14:57:26+00:00","og_image":[{"width":800,"height":563,"url":"https:\/\/folhapopular.info\/wp-content\/uploads\/2019\/09\/tr\u00e2nsito-e1567961593182.jpg","type":"image\/jpeg"}],"author":"Reda\u00e7\u00e3o Folha Popular","twitter_card":"summary_large_image","twitter_misc":{"Escrito por":"Reda\u00e7\u00e3o Folha Popular","Est. tempo de leitura":"1 minuto"},"schema":{"@context":"https:\/\/schema.org","@graph":[{"@type":"Article","@id":"https:\/\/folhapopular.info\/index.php\/2019\/12\/07\/casal-de-brigadianos-fica-gravemente-ferido-apos-acidente-entre-carro-e-moto-em-westfalia\/#article","isPartOf":{"@id":"https:\/\/folhapopular.info\/index.php\/2019\/12\/07\/casal-de-brigadianos-fica-gravemente-ferido-apos-acidente-entre-carro-e-moto-em-westfalia\/"},"author":{"name":"Reda\u00e7\u00e3o Folha Popular","@id":"https:\/\/folhapopular.info\/#\/schema\/person\/2814e8a0df7643585a9ca38bc6eb9d4b"},"headline":"Casal de brigadianos fica gravemente ferido ap\u00f3s acidente entre carro e moto em Westf\u00e1lia","datePublished":"2019-12-07T14:57:25+00:00","dateModified":"2019-12-07T14:57:26+00:00","mainEntityOfPage":{"@id":"https:\/\/folhapopular.info\/index.php\/2019\/12\/07\/casal-de-brigadianos-fica-gravemente-ferido-apos-acidente-entre-carro-e-moto-em-westfalia\/"},"wordCount":268,"commentCount":0,"image":{"@id":"https:\/\/folhapopular.info\/index.php\/2019\/12\/07\/casal-de-brigadianos-fica-gravemente-ferido-apos-acidente-entre-carro-e-moto-em-westfalia\/#primaryimage"},"thumbnailUrl":"https:\/\/folhapopular.info\/wp-content\/uploads\/2019\/09\/tr\u00e2nsito-e1567961593182.jpg","keywords":["Acidente","Feridos","gravemente","ultrapassagem","Westf\u00e1lia"],"articleSection":["Geral","Seguran\u00e7a"],"inLanguage":"pt-BR","potentialAction":[{"@type":"CommentAction","name":"Comment","target":["https:\/\/folhapopular.info\/index.php\/2019\/12\/07\/casal-de-brigadianos-fica-gravemente-ferido-apos-acidente-entre-carro-e-moto-em-westfalia\/#respond"]}]},{"@type":"WebPage","@id":"https:\/\/folhapopular.info\/index.php\/2019\/12\/07\/casal-de-brigadianos-fica-gravemente-ferido-apos-acidente-entre-carro-e-moto-em-westfalia\/","url":"https:\/\/folhapopular.info\/index.php\/2019\/12\/07\/casal-de-brigadianos-fica-gravemente-ferido-apos-acidente-entre-carro-e-moto-em-westfalia\/","name":"Casal de brigadianos fica gravemente ferido ap\u00f3s acidente entre carro e moto em Westf\u00e1lia - Folha Popular","isPartOf":{"@id":"https:\/\/folhapopular.info\/#website"},"primaryImageOfPage":{"@id":"https:\/\/folhapopular.info\/index.php\/2019\/12\/07\/casal-de-brigadianos-fica-gravemente-ferido-apos-acidente-entre-carro-e-moto-em-westfalia\/#primaryimage"},"image":{"@id":"https:\/\/folhapopular.info\/index.php\/2019\/12\/07\/casal-de-brigadianos-fica-gravemente-ferido-apos-acidente-entre-carro-e-moto-em-westfalia\/#primaryimage"},"thumbnailUrl":"https:\/\/folhapopular.info\/wp-content\/uploads\/2019\/09\/tr\u00e2nsito-e1567961593182.jpg","datePublished":"2019-12-07T14:57:25+00:00","dateModified":"2019-12-07T14:57:26+00:00","author":{"@id":"https:\/\/folhapopular.info\/#\/schema\/person\/2814e8a0df7643585a9ca38bc6eb9d4b"},"breadcrumb":{"@id":"https:\/\/folhapopular.info\/index.php\/2019\/12\/07\/casal-de-brigadianos-fica-gravemente-ferido-apos-acidente-entre-carro-e-moto-em-westfalia\/#breadcrumb"},"inLanguage":"pt-BR","potentialAction":[{"@type":"ReadAction","target":["https:\/\/folhapopular.info\/index.php\/2019\/12\/07\/casal-de-brigadianos-fica-gravemente-ferido-apos-acidente-entre-carro-e-moto-em-westfalia\/"]}]},{"@type":"ImageObject","inLanguage":"pt-BR","@id":"https:\/\/folhapopular.info\/index.php\/2019\/12\/07\/casal-de-brigadianos-fica-gravemente-ferido-apos-acidente-entre-carro-e-moto-em-westfalia\/#primaryimage","url":"https:\/\/folhapopular.info\/wp-content\/uploads\/2019\/09\/tr\u00e2nsito-e1567961593182.jpg","contentUrl":"https:\/\/folhapopular.info\/wp-content\/uploads\/2019\/09\/tr\u00e2nsito-e1567961593182.jpg","width":800,"height":563,"caption":"Artes Transito"},{"@type":"BreadcrumbList","@id":"https:\/\/folhapopular.info\/index.php\/2019\/12\/07\/casal-de-brigadianos-fica-gravemente-ferido-apos-acidente-entre-carro-e-moto-em-westfalia\/#breadcrumb","itemListElement":[{"@type":"ListItem","position":1,"name":"In\u00edcio","item":"https:\/\/folhapopular.info\/"},{"@type":"ListItem","position":2,"name":"Casal de brigadianos fica gravemente ferido ap\u00f3s acidente entre carro e moto em Westf\u00e1lia"}]},{"@type":"WebSite","@id":"https:\/\/folhapopular.info\/#website","url":"https:\/\/folhapopular.info\/","name":"Folha Popular","description":"Onde voc\u00ea tem vez e voz","potentialAction":[{"@type":"SearchAction","target":{"@type":"EntryPoint","urlTemplate":"https:\/\/folhapopular.info\/?s={search_term_string}"},"query-input":{"@type":"PropertyValueSpecification","valueRequired":true,"valueName":"search_term_string"}}],"inLanguage":"pt-BR"},{"@type":"Person","@id":"https:\/\/folhapopular.info\/#\/schema\/person\/2814e8a0df7643585a9ca38bc6eb9d4b","name":"Reda\u00e7\u00e3o Folha Popular","image":{"@type":"ImageObject","inLanguage":"pt-BR","@id":"https:\/\/folhapopular.info\/wp-content\/uploads\/2026\/04\/Folha-1.webp","url":"https:\/\/folhapopular.info\/wp-content\/uploads\/2026\/04\/Folha-1.webp","contentUrl":"https:\/\/folhapopular.info\/wp-content\/uploads\/2026\/04\/Folha-1.webp","caption":"Reda\u00e7\u00e3o Folha Popular"},"url":"https:\/\/folhapopular.info\/index.php\/author\/redacao\/"}]}},"jetpack_featured_media_url":"https:\/\/folhapopular.info\/wp-content\/uploads\/2019\/09\/tr\u00e2nsito-e1567961593182.jpg","jetpack_sharing_enabled":true,"amp_enabled":true,"_links":{"self":[{"href":"https:\/\/folhapopular.info\/index.php\/wp-json\/wp\/v2\/posts\/62231","targetHints":{"allow":["GET"]}}],"collection":[{"href":"https:\/\/folhapopular.info\/index.php\/wp-json\/wp\/v2\/posts"}],"about":[{"href":"https:\/\/folhapopular.info\/index.php\/wp-json\/wp\/v2\/types\/post"}],"author":[{"embeddable":true,"href":"https:\/\/folhapopular.info\/index.php\/wp-json\/wp\/v2\/users\/8"}],"replies":[{"embeddable":true,"href":"https:\/\/folhapopular.info\/index.php\/wp-json\/wp\/v2\/comments?post=62231"}],"version-history":[{"count":0,"href":"https:\/\/folhapopular.info\/index.php\/wp-json\/wp\/v2\/posts\/62231\/revisions"}],"wp:featuredmedia":[{"embeddable":true,"href":"https:\/\/folhapopular.info\/index.php\/wp-json\/wp\/v2\/media\/58540"}],"wp:attachment":[{"href":"https:\/\/folhapopular.info\/index.php\/wp-json\/wp\/v2\/media?parent=62231"}],"wp:term":[{"taxonomy":"category","embeddable":true,"href":"https:\/\/folhapopular.info\/index.php\/wp-json\/wp\/v2\/categories?post=62231"},{"taxonomy":"post_tag","embeddable":true,"href":"https:\/\/folhapopular.info\/index.php\/wp-json\/wp\/v2\/tags?post=62231"}],"curies":[{"name":"wp","href":"https:\/\/api.w.org\/{rel}","templated":true}]}}