{"id":63352,"date":"2020-01-16T15:20:00","date_gmt":"2020-01-16T18:20:00","guid":{"rendered":"https:\/\/folhapopular.info\/?p=63352"},"modified":"2020-01-16T14:23:03","modified_gmt":"2020-01-16T17:23:03","slug":"escola-municipal-de-educacao-infantil-aprender-brincando-sera-inaugurada-segunda-feira","status":"publish","type":"post","link":"https:\/\/folhapopular.info\/index.php\/2020\/01\/16\/escola-municipal-de-educacao-infantil-aprender-brincando-sera-inaugurada-segunda-feira\/","title":{"rendered":"Escola Municipal de Educa\u00e7\u00e3o Infantil Aprender Brincando ser\u00e1 inaugurada segunda-feira no Bairro Canabarro"},"content":{"rendered":"\n<p>A partir de segunda-feira (20\/01), Teut\u00f4nia passa a contar com mais um educand\u00e1rio para atender a Educa\u00e7\u00e3o Infantil: a Escola Municipal de Educa\u00e7\u00e3o Infantil Aprender Brincando, no Bairro Canabarro, que atender\u00e1 aproximadamente 60 crian\u00e7as.<\/p>\n\n\n\n<p>O prefeito, Jonatan Br\u00f6nstrup, lembra que o investimento na Educa\u00e7\u00e3o Infantil foi um compromisso assumido pela Administra\u00e7\u00e3o Municipal. \u201cQueremos que esta escola comece a atender o mais r\u00e1pido poss\u00edvel as nossas crian\u00e7as. Desde o primeiro dia do nosso governo, Educa\u00e7\u00e3o Infantil sempre pautou as nossas prioridades. E, agora, outorgamos novamente este importante compromisso que assumimos, de investir nas pessoas\u201d, afirma.<\/p>\n\n\n\n<p>A solenidade de inaugura\u00e7\u00e3o ocorre \u00e0s 19h de segunda-feira, tendo como local as depend\u00eancias da escola, na Rua Frederico Leopoldo Gerhardt, 125. As reformas e adequa\u00e7\u00f5es na casa adquirida pela Prefeitura no final de 2018 foram conclu\u00eddas em dezembro de 2019. O investimento na reforma foi de R$ 54.544,78, sendo o espa\u00e7o adaptado \u00e0s necessidades de atendimento das crian\u00e7as, contemplando as exig\u00eancias pedag\u00f3gicas.<\/p>\n\n\n\n<p>O im\u00f3vel possui 207 metros quadrados e estrutura t\u00e9rrea. O educand\u00e1rio conta, al\u00e9m de outros espa\u00e7os, com quatro salas de aula, refeit\u00f3rio e cozinha. A localiza\u00e7\u00e3o da nova EMEI \u00e9 estrat\u00e9gica, sendo pr\u00f3xima \u00e0 Piccadilly, bem como da Vila Esperan\u00e7a, Loteamento Arco \u00cdris, Loteamento Roloff e de outras \u00e1reas de expans\u00e3o no Bairro Canabarro, que possui a maior demanda na Educa\u00e7\u00e3o Infantil.<\/p>\n\n\n\n<p>Para a secret\u00e1ria de Educa\u00e7\u00e3o, Rosana Schneider R\u00fchrwiem, a nova escola \u00e9 de extrema import\u00e2ncia para Teut\u00f4nia, pois reduz a fila de espera na Educa\u00e7\u00e3o Infantil. \u201cNos comprometemos com a Educa\u00e7\u00e3o Infantil e poder entregar esta obra vai ao encontro tamb\u00e9m com a proposta do governo, de investir nas pessoas, o que beneficia toda a comunidade teutoniense\u201d, enaltece.<\/p>\n\n\n\n<p><strong>EMEI no Bairro Alesgut<\/strong><strong><\/strong><\/p>\n\n\n\n<p>Nos pr\u00f3ximos dias tamb\u00e9m ser\u00e1 inaugurada o novo pr\u00e9dio da Escola Municipal de Educa\u00e7\u00e3o Infantil Caminhos do Saber, no Bairro Alesgut. A escola, Projeto Proinf\u00e2ncia Tipo B, atender\u00e1 132 crian\u00e7as, o que diminuir\u00e1 a fila de espera para vagas na Educa\u00e7\u00e3o Infantil no Bairro Alesgut, que possui a segunda maior demanda por vagas.<\/p>\n\n\n\n<p>Trata-se de uma edifica\u00e7\u00e3o de 1.323,58 m<sup>2<\/sup>, composta por cinco blocos: administrativo, de servi\u00e7os, multiuso e dois pedag\u00f3gicos. O bloco pedag\u00f3gico contempla, entre outros espa\u00e7os, oito salas, sendo duas de Creche I (0 at\u00e9 18 meses), duas de Creche II (18 meses at\u00e9 3 anos), duas de Creche III (3 anos at\u00e9 4 anos) e duas de Pr\u00e9-escola (para crian\u00e7as de 4 at\u00e9 5 anos e 11 meses).<\/p>\n\n\n\n<p>Ap\u00f3s entraves, que resultaram no abandono da obra por parte da empresa executora da obra, o Munic\u00edpio fez uma nova licita\u00e7\u00e3o em 2017. Em outubro do mesmo ano, reiniciaram as obras do educand\u00e1rio, que est\u00e1 sendo edificado ao lado da Escola Municipal de Ensino Fundamental Leopoldo Klepker.<\/p>\n\n\n\n<p>No entanto, o Governo Federal, entre final de 2018 e in\u00edcio de 2019, n\u00e3o repassou as parcelas restantes para concluir a obra, que foram paralisadas. Com o receio de uma nova rescis\u00e3o contratual com a empresa e a pr\u00f3pria deteriora\u00e7\u00e3o da obra paralisada, o Executivo fez v\u00e1rias tratativas com o Minist\u00e9rio da Educa\u00e7\u00e3o e com parlamentares, dentre eles o deputado federal Lucas Redecker (PSDB), que tamb\u00e9m procurou agilizar a libera\u00e7\u00e3o do recurso, al\u00e9m da interven\u00e7\u00e3o da promotora Vanessa Saldanha de Vargas, da Promotoria Regional da Educa\u00e7\u00e3o, com sede em Santa Cruz do Sul.<\/p>\n\n\n\n<p>As obras foram retomadas no segundo semestre de 2019, ap\u00f3s o Governo Federal liberar as parcelas que estavam em atraso. O investimento total da obra foi de R$ 1.708.439,25, sendo R$ 1.350.730,53 de recursos federais e o restante de contrapartida da Prefeitura.<\/p>\n","protected":false},"excerpt":{"rendered":"<p>A partir de segunda-feira (20\/01), Teut\u00f4nia passa a contar com mais um educand\u00e1rio para atender a Educa\u00e7\u00e3o Infantil: a Escola Municipal de Educa\u00e7\u00e3o Infantil Aprender Brincando, no Bairro Canabarro, que atender\u00e1 aproximadamente 60 crian\u00e7as. O prefeito, Jonatan Br\u00f6nstrup, lembra que o investimento na Educa\u00e7\u00e3o Infantil foi um compromisso assumido pela Administra\u00e7\u00e3o Municipal. \u201cQueremos que esta [&hellip;]<\/p>\n","protected":false},"author":8,"featured_media":63353,"comment_status":"open","ping_status":"open","sticky":false,"template":"","format":"standard","meta":{"pmpro_default_level":"","_jetpack_memberships_contains_paid_content":false,"footnotes":""},"categories":[2,3],"tags":[1710,26],"class_list":{"0":"post-63352","1":"post","2":"type-post","3":"status-publish","4":"format-standard","5":"has-post-thumbnail","7":"category-featured","8":"category-geral","9":"tag-creche","10":"tag-teutonia","11":"pmpro-has-access"},"yoast_head":"<!-- This site is optimized with the Yoast SEO plugin v27.5 - https:\/\/yoast.com\/product\/yoast-seo-wordpress\/ -->\n<title>Escola Municipal de Educa\u00e7\u00e3o Infantil Aprender Brincando ser\u00e1 inaugurada segunda-feira no Bairro Canabarro - Folha Popular<\/title>\n<meta name=\"robots\" content=\"index, follow, max-snippet:-1, max-image-preview:large, max-video-preview:-1\" \/>\n<link rel=\"canonical\" href=\"https:\/\/folhapopular.info\/index.php\/2020\/01\/16\/escola-municipal-de-educacao-infantil-aprender-brincando-sera-inaugurada-segunda-feira\/\" \/>\n<meta property=\"og:locale\" content=\"pt_BR\" \/>\n<meta property=\"og:type\" content=\"article\" \/>\n<meta property=\"og:title\" content=\"Escola Municipal de Educa\u00e7\u00e3o Infantil Aprender Brincando ser\u00e1 inaugurada segunda-feira no Bairro Canabarro - Folha Popular\" \/>\n<meta property=\"og:description\" content=\"A partir de segunda-feira (20\/01), Teut\u00f4nia passa a contar com mais um educand\u00e1rio para atender a Educa\u00e7\u00e3o Infantil: a Escola Municipal de Educa\u00e7\u00e3o Infantil Aprender Brincando, no Bairro Canabarro, que atender\u00e1 aproximadamente 60 crian\u00e7as. O prefeito, Jonatan Br\u00f6nstrup, lembra que o investimento na Educa\u00e7\u00e3o Infantil foi um compromisso assumido pela Administra\u00e7\u00e3o Municipal. \u201cQueremos que esta [&hellip;]\" \/>\n<meta property=\"og:url\" content=\"https:\/\/folhapopular.info\/index.php\/2020\/01\/16\/escola-municipal-de-educacao-infantil-aprender-brincando-sera-inaugurada-segunda-feira\/\" \/>\n<meta property=\"og:site_name\" content=\"Folha Popular\" \/>\n<meta property=\"article:published_time\" content=\"2020-01-16T18:20:00+00:00\" \/>\n<meta property=\"og:image\" content=\"https:\/\/folhapopular.info\/wp-content\/uploads\/2020\/01\/Educand\u00e1rio-recebe-os-\u00faltimos-ajustes-para-a-inaugura\u00e7\u00e3o-na-segunda-feira-scaled-e1579194883110.jpg\" \/>\n\t<meta property=\"og:image:width\" content=\"800\" \/>\n\t<meta property=\"og:image:height\" content=\"533\" \/>\n\t<meta property=\"og:image:type\" content=\"image\/jpeg\" \/>\n<meta name=\"author\" content=\"Reda\u00e7\u00e3o Folha Popular\" \/>\n<meta name=\"twitter:card\" content=\"summary_large_image\" \/>\n<meta name=\"twitter:label1\" content=\"Escrito por\" \/>\n\t<meta name=\"twitter:data1\" content=\"Reda\u00e7\u00e3o Folha Popular\" \/>\n\t<meta name=\"twitter:label2\" content=\"Est. tempo de leitura\" \/>\n\t<meta name=\"twitter:data2\" content=\"3 minutos\" \/>\n<script type=\"application\/ld+json\" class=\"yoast-schema-graph\">{\"@context\":\"https:\\\/\\\/schema.org\",\"@graph\":[{\"@type\":\"Article\",\"@id\":\"https:\\\/\\\/folhapopular.info\\\/index.php\\\/2020\\\/01\\\/16\\\/escola-municipal-de-educacao-infantil-aprender-brincando-sera-inaugurada-segunda-feira\\\/#article\",\"isPartOf\":{\"@id\":\"https:\\\/\\\/folhapopular.info\\\/index.php\\\/2020\\\/01\\\/16\\\/escola-municipal-de-educacao-infantil-aprender-brincando-sera-inaugurada-segunda-feira\\\/\"},\"author\":{\"name\":\"Reda\u00e7\u00e3o Folha Popular\",\"@id\":\"https:\\\/\\\/folhapopular.info\\\/#\\\/schema\\\/person\\\/2814e8a0df7643585a9ca38bc6eb9d4b\"},\"headline\":\"Escola Municipal de Educa\u00e7\u00e3o Infantil Aprender Brincando ser\u00e1 inaugurada segunda-feira no Bairro Canabarro\",\"datePublished\":\"2020-01-16T18:20:00+00:00\",\"mainEntityOfPage\":{\"@id\":\"https:\\\/\\\/folhapopular.info\\\/index.php\\\/2020\\\/01\\\/16\\\/escola-municipal-de-educacao-infantil-aprender-brincando-sera-inaugurada-segunda-feira\\\/\"},\"wordCount\":643,\"commentCount\":0,\"image\":{\"@id\":\"https:\\\/\\\/folhapopular.info\\\/index.php\\\/2020\\\/01\\\/16\\\/escola-municipal-de-educacao-infantil-aprender-brincando-sera-inaugurada-segunda-feira\\\/#primaryimage\"},\"thumbnailUrl\":\"https:\\\/\\\/folhapopular.info\\\/wp-content\\\/uploads\\\/2020\\\/01\\\/Educand\u00e1rio-recebe-os-\u00faltimos-ajustes-para-a-inaugura\u00e7\u00e3o-na-segunda-feira-scaled-e1579194883110.jpg\",\"keywords\":[\"Creche\",\"Teut\u00f4nia\"],\"articleSection\":[\"Destaques\",\"Geral\"],\"inLanguage\":\"pt-BR\",\"potentialAction\":[{\"@type\":\"CommentAction\",\"name\":\"Comment\",\"target\":[\"https:\\\/\\\/folhapopular.info\\\/index.php\\\/2020\\\/01\\\/16\\\/escola-municipal-de-educacao-infantil-aprender-brincando-sera-inaugurada-segunda-feira\\\/#respond\"]}]},{\"@type\":\"WebPage\",\"@id\":\"https:\\\/\\\/folhapopular.info\\\/index.php\\\/2020\\\/01\\\/16\\\/escola-municipal-de-educacao-infantil-aprender-brincando-sera-inaugurada-segunda-feira\\\/\",\"url\":\"https:\\\/\\\/folhapopular.info\\\/index.php\\\/2020\\\/01\\\/16\\\/escola-municipal-de-educacao-infantil-aprender-brincando-sera-inaugurada-segunda-feira\\\/\",\"name\":\"Escola Municipal de Educa\u00e7\u00e3o Infantil Aprender Brincando ser\u00e1 inaugurada segunda-feira no Bairro Canabarro - Folha Popular\",\"isPartOf\":{\"@id\":\"https:\\\/\\\/folhapopular.info\\\/#website\"},\"primaryImageOfPage\":{\"@id\":\"https:\\\/\\\/folhapopular.info\\\/index.php\\\/2020\\\/01\\\/16\\\/escola-municipal-de-educacao-infantil-aprender-brincando-sera-inaugurada-segunda-feira\\\/#primaryimage\"},\"image\":{\"@id\":\"https:\\\/\\\/folhapopular.info\\\/index.php\\\/2020\\\/01\\\/16\\\/escola-municipal-de-educacao-infantil-aprender-brincando-sera-inaugurada-segunda-feira\\\/#primaryimage\"},\"thumbnailUrl\":\"https:\\\/\\\/folhapopular.info\\\/wp-content\\\/uploads\\\/2020\\\/01\\\/Educand\u00e1rio-recebe-os-\u00faltimos-ajustes-para-a-inaugura\u00e7\u00e3o-na-segunda-feira-scaled-e1579194883110.jpg\",\"datePublished\":\"2020-01-16T18:20:00+00:00\",\"author\":{\"@id\":\"https:\\\/\\\/folhapopular.info\\\/#\\\/schema\\\/person\\\/2814e8a0df7643585a9ca38bc6eb9d4b\"},\"breadcrumb\":{\"@id\":\"https:\\\/\\\/folhapopular.info\\\/index.php\\\/2020\\\/01\\\/16\\\/escola-municipal-de-educacao-infantil-aprender-brincando-sera-inaugurada-segunda-feira\\\/#breadcrumb\"},\"inLanguage\":\"pt-BR\",\"potentialAction\":[{\"@type\":\"ReadAction\",\"target\":[\"https:\\\/\\\/folhapopular.info\\\/index.php\\\/2020\\\/01\\\/16\\\/escola-municipal-de-educacao-infantil-aprender-brincando-sera-inaugurada-segunda-feira\\\/\"]}]},{\"@type\":\"ImageObject\",\"inLanguage\":\"pt-BR\",\"@id\":\"https:\\\/\\\/folhapopular.info\\\/index.php\\\/2020\\\/01\\\/16\\\/escola-municipal-de-educacao-infantil-aprender-brincando-sera-inaugurada-segunda-feira\\\/#primaryimage\",\"url\":\"https:\\\/\\\/folhapopular.info\\\/wp-content\\\/uploads\\\/2020\\\/01\\\/Educand\u00e1rio-recebe-os-\u00faltimos-ajustes-para-a-inaugura\u00e7\u00e3o-na-segunda-feira-scaled-e1579194883110.jpg\",\"contentUrl\":\"https:\\\/\\\/folhapopular.info\\\/wp-content\\\/uploads\\\/2020\\\/01\\\/Educand\u00e1rio-recebe-os-\u00faltimos-ajustes-para-a-inaugura\u00e7\u00e3o-na-segunda-feira-scaled-e1579194883110.jpg\",\"width\":800,\"height\":533,\"caption\":\"Educand\u00e1rio recebe os \u00faltimos ajustes para a inaugura\u00e7\u00e3o na segunda-feira \\\/ Cr\u00e9dito da foto: Paulo S\u00e9rgio Rosa\\\/divulga\u00e7\u00e3o\"},{\"@type\":\"BreadcrumbList\",\"@id\":\"https:\\\/\\\/folhapopular.info\\\/index.php\\\/2020\\\/01\\\/16\\\/escola-municipal-de-educacao-infantil-aprender-brincando-sera-inaugurada-segunda-feira\\\/#breadcrumb\",\"itemListElement\":[{\"@type\":\"ListItem\",\"position\":1,\"name\":\"In\u00edcio\",\"item\":\"https:\\\/\\\/folhapopular.info\\\/\"},{\"@type\":\"ListItem\",\"position\":2,\"name\":\"Escola Municipal de Educa\u00e7\u00e3o Infantil Aprender Brincando ser\u00e1 inaugurada segunda-feira no Bairro Canabarro\"}]},{\"@type\":\"WebSite\",\"@id\":\"https:\\\/\\\/folhapopular.info\\\/#website\",\"url\":\"https:\\\/\\\/folhapopular.info\\\/\",\"name\":\"Folha Popular\",\"description\":\"Onde voc\u00ea tem vez e voz\",\"potentialAction\":[{\"@type\":\"SearchAction\",\"target\":{\"@type\":\"EntryPoint\",\"urlTemplate\":\"https:\\\/\\\/folhapopular.info\\\/?s={search_term_string}\"},\"query-input\":{\"@type\":\"PropertyValueSpecification\",\"valueRequired\":true,\"valueName\":\"search_term_string\"}}],\"inLanguage\":\"pt-BR\"},{\"@type\":\"Person\",\"@id\":\"https:\\\/\\\/folhapopular.info\\\/#\\\/schema\\\/person\\\/2814e8a0df7643585a9ca38bc6eb9d4b\",\"name\":\"Reda\u00e7\u00e3o Folha Popular\",\"image\":{\"@type\":\"ImageObject\",\"inLanguage\":\"pt-BR\",\"@id\":\"https:\\\/\\\/folhapopular.info\\\/wp-content\\\/uploads\\\/2026\\\/04\\\/Folha-1.webp\",\"url\":\"https:\\\/\\\/folhapopular.info\\\/wp-content\\\/uploads\\\/2026\\\/04\\\/Folha-1.webp\",\"contentUrl\":\"https:\\\/\\\/folhapopular.info\\\/wp-content\\\/uploads\\\/2026\\\/04\\\/Folha-1.webp\",\"caption\":\"Reda\u00e7\u00e3o Folha Popular\"},\"url\":\"https:\\\/\\\/folhapopular.info\\\/index.php\\\/author\\\/redacao\\\/\"}]}<\/script>\n<!-- \/ Yoast SEO plugin. -->","yoast_head_json":{"title":"Escola Municipal de Educa\u00e7\u00e3o Infantil Aprender Brincando ser\u00e1 inaugurada segunda-feira no Bairro Canabarro - Folha Popular","robots":{"index":"index","follow":"follow","max-snippet":"max-snippet:-1","max-image-preview":"max-image-preview:large","max-video-preview":"max-video-preview:-1"},"canonical":"https:\/\/folhapopular.info\/index.php\/2020\/01\/16\/escola-municipal-de-educacao-infantil-aprender-brincando-sera-inaugurada-segunda-feira\/","og_locale":"pt_BR","og_type":"article","og_title":"Escola Municipal de Educa\u00e7\u00e3o Infantil Aprender Brincando ser\u00e1 inaugurada segunda-feira no Bairro Canabarro - Folha Popular","og_description":"A partir de segunda-feira (20\/01), Teut\u00f4nia passa a contar com mais um educand\u00e1rio para atender a Educa\u00e7\u00e3o Infantil: a Escola Municipal de Educa\u00e7\u00e3o Infantil Aprender Brincando, no Bairro Canabarro, que atender\u00e1 aproximadamente 60 crian\u00e7as. O prefeito, Jonatan Br\u00f6nstrup, lembra que o investimento na Educa\u00e7\u00e3o Infantil foi um compromisso assumido pela Administra\u00e7\u00e3o Municipal. \u201cQueremos que esta [&hellip;]","og_url":"https:\/\/folhapopular.info\/index.php\/2020\/01\/16\/escola-municipal-de-educacao-infantil-aprender-brincando-sera-inaugurada-segunda-feira\/","og_site_name":"Folha Popular","article_published_time":"2020-01-16T18:20:00+00:00","og_image":[{"width":800,"height":533,"url":"https:\/\/folhapopular.info\/wp-content\/uploads\/2020\/01\/Educand\u00e1rio-recebe-os-\u00faltimos-ajustes-para-a-inaugura\u00e7\u00e3o-na-segunda-feira-scaled-e1579194883110.jpg","type":"image\/jpeg"}],"author":"Reda\u00e7\u00e3o Folha Popular","twitter_card":"summary_large_image","twitter_misc":{"Escrito por":"Reda\u00e7\u00e3o Folha Popular","Est. tempo de leitura":"3 minutos"},"schema":{"@context":"https:\/\/schema.org","@graph":[{"@type":"Article","@id":"https:\/\/folhapopular.info\/index.php\/2020\/01\/16\/escola-municipal-de-educacao-infantil-aprender-brincando-sera-inaugurada-segunda-feira\/#article","isPartOf":{"@id":"https:\/\/folhapopular.info\/index.php\/2020\/01\/16\/escola-municipal-de-educacao-infantil-aprender-brincando-sera-inaugurada-segunda-feira\/"},"author":{"name":"Reda\u00e7\u00e3o Folha Popular","@id":"https:\/\/folhapopular.info\/#\/schema\/person\/2814e8a0df7643585a9ca38bc6eb9d4b"},"headline":"Escola Municipal de Educa\u00e7\u00e3o Infantil Aprender Brincando ser\u00e1 inaugurada segunda-feira no Bairro Canabarro","datePublished":"2020-01-16T18:20:00+00:00","mainEntityOfPage":{"@id":"https:\/\/folhapopular.info\/index.php\/2020\/01\/16\/escola-municipal-de-educacao-infantil-aprender-brincando-sera-inaugurada-segunda-feira\/"},"wordCount":643,"commentCount":0,"image":{"@id":"https:\/\/folhapopular.info\/index.php\/2020\/01\/16\/escola-municipal-de-educacao-infantil-aprender-brincando-sera-inaugurada-segunda-feira\/#primaryimage"},"thumbnailUrl":"https:\/\/folhapopular.info\/wp-content\/uploads\/2020\/01\/Educand\u00e1rio-recebe-os-\u00faltimos-ajustes-para-a-inaugura\u00e7\u00e3o-na-segunda-feira-scaled-e1579194883110.jpg","keywords":["Creche","Teut\u00f4nia"],"articleSection":["Destaques","Geral"],"inLanguage":"pt-BR","potentialAction":[{"@type":"CommentAction","name":"Comment","target":["https:\/\/folhapopular.info\/index.php\/2020\/01\/16\/escola-municipal-de-educacao-infantil-aprender-brincando-sera-inaugurada-segunda-feira\/#respond"]}]},{"@type":"WebPage","@id":"https:\/\/folhapopular.info\/index.php\/2020\/01\/16\/escola-municipal-de-educacao-infantil-aprender-brincando-sera-inaugurada-segunda-feira\/","url":"https:\/\/folhapopular.info\/index.php\/2020\/01\/16\/escola-municipal-de-educacao-infantil-aprender-brincando-sera-inaugurada-segunda-feira\/","name":"Escola Municipal de Educa\u00e7\u00e3o Infantil Aprender Brincando ser\u00e1 inaugurada segunda-feira no Bairro Canabarro - Folha Popular","isPartOf":{"@id":"https:\/\/folhapopular.info\/#website"},"primaryImageOfPage":{"@id":"https:\/\/folhapopular.info\/index.php\/2020\/01\/16\/escola-municipal-de-educacao-infantil-aprender-brincando-sera-inaugurada-segunda-feira\/#primaryimage"},"image":{"@id":"https:\/\/folhapopular.info\/index.php\/2020\/01\/16\/escola-municipal-de-educacao-infantil-aprender-brincando-sera-inaugurada-segunda-feira\/#primaryimage"},"thumbnailUrl":"https:\/\/folhapopular.info\/wp-content\/uploads\/2020\/01\/Educand\u00e1rio-recebe-os-\u00faltimos-ajustes-para-a-inaugura\u00e7\u00e3o-na-segunda-feira-scaled-e1579194883110.jpg","datePublished":"2020-01-16T18:20:00+00:00","author":{"@id":"https:\/\/folhapopular.info\/#\/schema\/person\/2814e8a0df7643585a9ca38bc6eb9d4b"},"breadcrumb":{"@id":"https:\/\/folhapopular.info\/index.php\/2020\/01\/16\/escola-municipal-de-educacao-infantil-aprender-brincando-sera-inaugurada-segunda-feira\/#breadcrumb"},"inLanguage":"pt-BR","potentialAction":[{"@type":"ReadAction","target":["https:\/\/folhapopular.info\/index.php\/2020\/01\/16\/escola-municipal-de-educacao-infantil-aprender-brincando-sera-inaugurada-segunda-feira\/"]}]},{"@type":"ImageObject","inLanguage":"pt-BR","@id":"https:\/\/folhapopular.info\/index.php\/2020\/01\/16\/escola-municipal-de-educacao-infantil-aprender-brincando-sera-inaugurada-segunda-feira\/#primaryimage","url":"https:\/\/folhapopular.info\/wp-content\/uploads\/2020\/01\/Educand\u00e1rio-recebe-os-\u00faltimos-ajustes-para-a-inaugura\u00e7\u00e3o-na-segunda-feira-scaled-e1579194883110.jpg","contentUrl":"https:\/\/folhapopular.info\/wp-content\/uploads\/2020\/01\/Educand\u00e1rio-recebe-os-\u00faltimos-ajustes-para-a-inaugura\u00e7\u00e3o-na-segunda-feira-scaled-e1579194883110.jpg","width":800,"height":533,"caption":"Educand\u00e1rio recebe os \u00faltimos ajustes para a inaugura\u00e7\u00e3o na segunda-feira \/ Cr\u00e9dito da foto: Paulo S\u00e9rgio Rosa\/divulga\u00e7\u00e3o"},{"@type":"BreadcrumbList","@id":"https:\/\/folhapopular.info\/index.php\/2020\/01\/16\/escola-municipal-de-educacao-infantil-aprender-brincando-sera-inaugurada-segunda-feira\/#breadcrumb","itemListElement":[{"@type":"ListItem","position":1,"name":"In\u00edcio","item":"https:\/\/folhapopular.info\/"},{"@type":"ListItem","position":2,"name":"Escola Municipal de Educa\u00e7\u00e3o Infantil Aprender Brincando ser\u00e1 inaugurada segunda-feira no Bairro Canabarro"}]},{"@type":"WebSite","@id":"https:\/\/folhapopular.info\/#website","url":"https:\/\/folhapopular.info\/","name":"Folha Popular","description":"Onde voc\u00ea tem vez e voz","potentialAction":[{"@type":"SearchAction","target":{"@type":"EntryPoint","urlTemplate":"https:\/\/folhapopular.info\/?s={search_term_string}"},"query-input":{"@type":"PropertyValueSpecification","valueRequired":true,"valueName":"search_term_string"}}],"inLanguage":"pt-BR"},{"@type":"Person","@id":"https:\/\/folhapopular.info\/#\/schema\/person\/2814e8a0df7643585a9ca38bc6eb9d4b","name":"Reda\u00e7\u00e3o Folha Popular","image":{"@type":"ImageObject","inLanguage":"pt-BR","@id":"https:\/\/folhapopular.info\/wp-content\/uploads\/2026\/04\/Folha-1.webp","url":"https:\/\/folhapopular.info\/wp-content\/uploads\/2026\/04\/Folha-1.webp","contentUrl":"https:\/\/folhapopular.info\/wp-content\/uploads\/2026\/04\/Folha-1.webp","caption":"Reda\u00e7\u00e3o Folha Popular"},"url":"https:\/\/folhapopular.info\/index.php\/author\/redacao\/"}]}},"jetpack_featured_media_url":"https:\/\/folhapopular.info\/wp-content\/uploads\/2020\/01\/Educand\u00e1rio-recebe-os-\u00faltimos-ajustes-para-a-inaugura\u00e7\u00e3o-na-segunda-feira-scaled-e1579194883110.jpg","jetpack_sharing_enabled":true,"amp_enabled":true,"_links":{"self":[{"href":"https:\/\/folhapopular.info\/index.php\/wp-json\/wp\/v2\/posts\/63352","targetHints":{"allow":["GET"]}}],"collection":[{"href":"https:\/\/folhapopular.info\/index.php\/wp-json\/wp\/v2\/posts"}],"about":[{"href":"https:\/\/folhapopular.info\/index.php\/wp-json\/wp\/v2\/types\/post"}],"author":[{"embeddable":true,"href":"https:\/\/folhapopular.info\/index.php\/wp-json\/wp\/v2\/users\/8"}],"replies":[{"embeddable":true,"href":"https:\/\/folhapopular.info\/index.php\/wp-json\/wp\/v2\/comments?post=63352"}],"version-history":[{"count":0,"href":"https:\/\/folhapopular.info\/index.php\/wp-json\/wp\/v2\/posts\/63352\/revisions"}],"wp:featuredmedia":[{"embeddable":true,"href":"https:\/\/folhapopular.info\/index.php\/wp-json\/wp\/v2\/media\/63353"}],"wp:attachment":[{"href":"https:\/\/folhapopular.info\/index.php\/wp-json\/wp\/v2\/media?parent=63352"}],"wp:term":[{"taxonomy":"category","embeddable":true,"href":"https:\/\/folhapopular.info\/index.php\/wp-json\/wp\/v2\/categories?post=63352"},{"taxonomy":"post_tag","embeddable":true,"href":"https:\/\/folhapopular.info\/index.php\/wp-json\/wp\/v2\/tags?post=63352"}],"curies":[{"name":"wp","href":"https:\/\/api.w.org\/{rel}","templated":true}]}}