{"id":63662,"date":"2020-01-26T09:00:00","date_gmt":"2020-01-26T12:00:00","guid":{"rendered":"https:\/\/folhapopular.info\/?p=63662"},"modified":"2020-01-25T09:58:23","modified_gmt":"2020-01-25T12:58:23","slug":"taca-da-amizade-com-cara-de-regional-copa-35-anos-aslivata-comeca-hoje","status":"publish","type":"post","link":"https:\/\/folhapopular.info\/index.php\/2020\/01\/26\/taca-da-amizade-com-cara-de-regional-copa-35-anos-aslivata-comeca-hoje\/","title":{"rendered":"Ta\u00e7a da Amizade com cara de Regional: Copa 35 Anos Aslivata come\u00e7a hoje"},"content":{"rendered":"\n<p>A partir deste domingo (26\/01), 12 clubes de sete munic\u00edpios v\u00e3o correr atr\u00e1s do t\u00edtulo da Ta\u00e7a da Amizade \u2013 Copa 35 anos Aslivata 2020 de futebol amador. Na noite de sexta-feira (24\/01), os clubes e a Aslivata estiveram reunidos para o lan\u00e7amento da competi\u00e7\u00e3o, realizado na Associa\u00e7\u00e3o Atl\u00e9tica Certel, em Teut\u00f4nia. Hoje, a bola rola, quando dois jogos abrir\u00e3o a fase classificat\u00f3ria. A primeira rodada ser\u00e1 completada com outras quatro partidas no dia 02 de fevereiro.<\/p>\n\n\n\n<p>Em Linha Berlim, o\natual vice-campe\u00e3o da Ta\u00e7a da Amizade, Juventude da Berlim,\nenfrentar\u00e1 o Aimor\u00e9 de Estrela, um dos estreantes da competi\u00e7\u00e3o.\nEm Brochier, Juventude e Palmeiras tamb\u00e9m fazem a abertura da\ncompeti\u00e7\u00e3o deste ano.<\/p>\n\n\n\n<p>O atual campe\u00e3o,\nBoavistense, de Boa Vista do Sul, s\u00f3 estrear\u00e1 no dia 02 de\nfevereiro, fora de casa, diante do Atl\u00e2ntico de Cost\u00e3o, reeditando\nsemifinal do Regional Certel Sicredi 2019, t\u00edtulo tamb\u00e9m\nconquistado pela equipe de Boa Vista do Sul.<\/p>\n\n\n\n<p>Al\u00e9m dos\ntradicionais clubes participantes das edi\u00e7\u00f5es anteriores da Ta\u00e7a\nda Amizade, a novidade para 2020 \u00e9 o ingresso de tr\u00eas equipes de\nEstrela. Os 12 clubes foram divididos em duas chaves com seis\nequipes. Jogam todos contra todos dentro dos grupos, repetindo a\nprimeira rodada (3 jogos em casa e 3 jogos fora). Classificam-se os\nquatro melhores para a fase de quartas de final.<\/p>\n\n\n\n<p><strong>Chaves da competi\u00e7\u00e3o<\/strong><\/p>\n\n\n\n<p><strong>Chave A<\/strong><\/p>\n\n\n\n<p> Juventude (Westf\u00e1lia) <\/p>\n\n\n\n<p>Aimor\u00e9 (Estrela) <\/p>\n\n\n\n<p>Imigrante (Estrela) <\/p>\n\n\n\n<p>Po\u00e7o das Antas <\/p>\n\n\n\n<p>Palmeiras (Westf\u00e1lia)<\/p>\n\n\n\n<p>Juventude (Brochier)<\/p>\n\n\n\n<p><strong>Chave B<\/strong><\/p>\n\n\n\n<p>Riograndense (Imigrante)<\/p>\n\n\n\n<p>Esperan\u00e7a (Marat\u00e1)<\/p>\n\n\n\n<p>Atl\u00e2ntico (Estrela)<\/p>\n\n\n\n<p>Boavistense (Boa Vista do Sul)<\/p>\n\n\n\n<p>11 Amigos (Po\u00e7o das Antas)<\/p>\n\n\n\n<p>ECAS (Imigrante)<\/p>\n\n\n\n<p><strong>> TA\u00c7A DA AMIZADE 2020 <\/strong>&#8211; <strong>Copa 35 anos Aslivata<\/strong><\/p>\n\n\n\n<p><strong>1\u00aa rodada \u2013\n26\/01 e 02\/02<\/strong><\/p>\n\n\n\n<p><strong>Data &#8211; Chave &#8211; Local &#8211; Confronto<\/strong><\/p>\n\n\n\n<p>26\/01 &#8211; A &#8211; Berlim &#8211; Juventude-We x Aimor\u00e9<\/p>\n\n\n\n<p>26\/01 &#8211; A &#8211; Brochier &#8211; Juventude-Bro x Palmeiras<\/p>\n\n\n\n<p>02\/02 -A &#8211; Estrela &#8211; Imigrante x Po\u00e7o das Antas<\/p>\n\n\n\n<p>02\/02 &#8211; B &#8211; Imigrante &#8211; Riograndense x Esperan\u00e7a-Marat\u00e1<\/p>\n\n\n\n<p>02\/02 &#8211; B &#8211; Estrela &#8211; Atl\u00e2ntico x Boavistense<\/p>\n\n\n\n<p>02\/02 &#8211; B &#8211; Po\u00e7o das Antas &#8211; 11 Amigos x ECAS<\/p>\n","protected":false},"excerpt":{"rendered":"<p>A partir deste domingo (26\/01), 12 clubes de sete munic\u00edpios v\u00e3o correr atr\u00e1s do t\u00edtulo da Ta\u00e7a da Amizade \u2013 Copa 35 anos Aslivata 2020 de futebol amador. Na noite de sexta-feira (24\/01), os clubes e a Aslivata estiveram reunidos para o lan\u00e7amento da competi\u00e7\u00e3o, realizado na Associa\u00e7\u00e3o Atl\u00e9tica Certel, em Teut\u00f4nia. Hoje, a bola [&hellip;]<\/p>\n","protected":false},"author":7,"featured_media":63663,"comment_status":"open","ping_status":"open","sticky":false,"template":"","format":"standard","meta":{"pmpro_default_level":"","_jetpack_memberships_contains_paid_content":false,"footnotes":""},"categories":[2,5],"tags":[5385,124],"class_list":{"0":"post-63662","1":"post","2":"type-post","3":"status-publish","4":"format-standard","5":"has-post-thumbnail","7":"category-featured","8":"category-esportes","9":"tag-copa-35-anos-aslivata","10":"tag-taca-da-amizade","11":"pmpro-has-access"},"yoast_head":"<!-- This site is optimized with the Yoast SEO plugin v27.5 - https:\/\/yoast.com\/product\/yoast-seo-wordpress\/ -->\n<title>Ta\u00e7a da Amizade com cara de Regional: Copa 35 Anos Aslivata come\u00e7a hoje - Folha Popular<\/title>\n<meta name=\"robots\" content=\"index, follow, max-snippet:-1, max-image-preview:large, max-video-preview:-1\" \/>\n<link rel=\"canonical\" href=\"https:\/\/folhapopular.info\/index.php\/2020\/01\/26\/taca-da-amizade-com-cara-de-regional-copa-35-anos-aslivata-comeca-hoje\/\" \/>\n<meta property=\"og:locale\" content=\"pt_BR\" \/>\n<meta property=\"og:type\" content=\"article\" \/>\n<meta property=\"og:title\" content=\"Ta\u00e7a da Amizade com cara de Regional: Copa 35 Anos Aslivata come\u00e7a hoje - Folha Popular\" \/>\n<meta property=\"og:description\" content=\"A partir deste domingo (26\/01), 12 clubes de sete munic\u00edpios v\u00e3o correr atr\u00e1s do t\u00edtulo da Ta\u00e7a da Amizade \u2013 Copa 35 anos Aslivata 2020 de futebol amador. Na noite de sexta-feira (24\/01), os clubes e a Aslivata estiveram reunidos para o lan\u00e7amento da competi\u00e7\u00e3o, realizado na Associa\u00e7\u00e3o Atl\u00e9tica Certel, em Teut\u00f4nia. Hoje, a bola [&hellip;]\" \/>\n<meta property=\"og:url\" content=\"https:\/\/folhapopular.info\/index.php\/2020\/01\/26\/taca-da-amizade-com-cara-de-regional-copa-35-anos-aslivata-comeca-hoje\/\" \/>\n<meta property=\"og:site_name\" content=\"Folha Popular\" \/>\n<meta property=\"article:published_time\" content=\"2020-01-26T12:00:00+00:00\" \/>\n<meta property=\"og:image\" content=\"https:\/\/folhapopular.info\/wp-content\/uploads\/2020\/01\/WhatsApp-Image-2020-01-25-at-09.11.24-e1579957017664.jpeg\" \/>\n\t<meta property=\"og:image:width\" content=\"800\" \/>\n\t<meta property=\"og:image:height\" content=\"600\" \/>\n\t<meta property=\"og:image:type\" content=\"image\/jpeg\" \/>\n<meta name=\"author\" content=\"Lucas Leandro Brune\" \/>\n<meta name=\"twitter:card\" content=\"summary_large_image\" \/>\n<meta name=\"twitter:label1\" content=\"Escrito por\" \/>\n\t<meta name=\"twitter:data1\" content=\"Lucas Leandro Brune\" \/>\n\t<meta name=\"twitter:label2\" content=\"Est. tempo de leitura\" \/>\n\t<meta name=\"twitter:data2\" content=\"2 minutos\" \/>\n<script type=\"application\/ld+json\" class=\"yoast-schema-graph\">{\"@context\":\"https:\\\/\\\/schema.org\",\"@graph\":[{\"@type\":\"Article\",\"@id\":\"https:\\\/\\\/folhapopular.info\\\/index.php\\\/2020\\\/01\\\/26\\\/taca-da-amizade-com-cara-de-regional-copa-35-anos-aslivata-comeca-hoje\\\/#article\",\"isPartOf\":{\"@id\":\"https:\\\/\\\/folhapopular.info\\\/index.php\\\/2020\\\/01\\\/26\\\/taca-da-amizade-com-cara-de-regional-copa-35-anos-aslivata-comeca-hoje\\\/\"},\"author\":{\"name\":\"Lucas Leandro Brune\",\"@id\":\"https:\\\/\\\/folhapopular.info\\\/#\\\/schema\\\/person\\\/533a15f60cd49e81ab3a90b4ca33cb36\"},\"headline\":\"Ta\u00e7a da Amizade com cara de Regional: Copa 35 Anos Aslivata come\u00e7a hoje\",\"datePublished\":\"2020-01-26T12:00:00+00:00\",\"mainEntityOfPage\":{\"@id\":\"https:\\\/\\\/folhapopular.info\\\/index.php\\\/2020\\\/01\\\/26\\\/taca-da-amizade-com-cara-de-regional-copa-35-anos-aslivata-comeca-hoje\\\/\"},\"wordCount\":361,\"commentCount\":0,\"image\":{\"@id\":\"https:\\\/\\\/folhapopular.info\\\/index.php\\\/2020\\\/01\\\/26\\\/taca-da-amizade-com-cara-de-regional-copa-35-anos-aslivata-comeca-hoje\\\/#primaryimage\"},\"thumbnailUrl\":\"https:\\\/\\\/folhapopular.info\\\/wp-content\\\/uploads\\\/2020\\\/01\\\/WhatsApp-Image-2020-01-25-at-09.11.24-e1579957017664.jpeg\",\"keywords\":[\"Copa 35 anos Aslivata\",\"Ta\u00e7a da Amizade\"],\"articleSection\":[\"Destaques\",\"Esportes\"],\"inLanguage\":\"pt-BR\",\"potentialAction\":[{\"@type\":\"CommentAction\",\"name\":\"Comment\",\"target\":[\"https:\\\/\\\/folhapopular.info\\\/index.php\\\/2020\\\/01\\\/26\\\/taca-da-amizade-com-cara-de-regional-copa-35-anos-aslivata-comeca-hoje\\\/#respond\"]}]},{\"@type\":\"WebPage\",\"@id\":\"https:\\\/\\\/folhapopular.info\\\/index.php\\\/2020\\\/01\\\/26\\\/taca-da-amizade-com-cara-de-regional-copa-35-anos-aslivata-comeca-hoje\\\/\",\"url\":\"https:\\\/\\\/folhapopular.info\\\/index.php\\\/2020\\\/01\\\/26\\\/taca-da-amizade-com-cara-de-regional-copa-35-anos-aslivata-comeca-hoje\\\/\",\"name\":\"Ta\u00e7a da Amizade com cara de Regional: Copa 35 Anos Aslivata come\u00e7a hoje - Folha Popular\",\"isPartOf\":{\"@id\":\"https:\\\/\\\/folhapopular.info\\\/#website\"},\"primaryImageOfPage\":{\"@id\":\"https:\\\/\\\/folhapopular.info\\\/index.php\\\/2020\\\/01\\\/26\\\/taca-da-amizade-com-cara-de-regional-copa-35-anos-aslivata-comeca-hoje\\\/#primaryimage\"},\"image\":{\"@id\":\"https:\\\/\\\/folhapopular.info\\\/index.php\\\/2020\\\/01\\\/26\\\/taca-da-amizade-com-cara-de-regional-copa-35-anos-aslivata-comeca-hoje\\\/#primaryimage\"},\"thumbnailUrl\":\"https:\\\/\\\/folhapopular.info\\\/wp-content\\\/uploads\\\/2020\\\/01\\\/WhatsApp-Image-2020-01-25-at-09.11.24-e1579957017664.jpeg\",\"datePublished\":\"2020-01-26T12:00:00+00:00\",\"author\":{\"@id\":\"https:\\\/\\\/folhapopular.info\\\/#\\\/schema\\\/person\\\/533a15f60cd49e81ab3a90b4ca33cb36\"},\"breadcrumb\":{\"@id\":\"https:\\\/\\\/folhapopular.info\\\/index.php\\\/2020\\\/01\\\/26\\\/taca-da-amizade-com-cara-de-regional-copa-35-anos-aslivata-comeca-hoje\\\/#breadcrumb\"},\"inLanguage\":\"pt-BR\",\"potentialAction\":[{\"@type\":\"ReadAction\",\"target\":[\"https:\\\/\\\/folhapopular.info\\\/index.php\\\/2020\\\/01\\\/26\\\/taca-da-amizade-com-cara-de-regional-copa-35-anos-aslivata-comeca-hoje\\\/\"]}]},{\"@type\":\"ImageObject\",\"inLanguage\":\"pt-BR\",\"@id\":\"https:\\\/\\\/folhapopular.info\\\/index.php\\\/2020\\\/01\\\/26\\\/taca-da-amizade-com-cara-de-regional-copa-35-anos-aslivata-comeca-hoje\\\/#primaryimage\",\"url\":\"https:\\\/\\\/folhapopular.info\\\/wp-content\\\/uploads\\\/2020\\\/01\\\/WhatsApp-Image-2020-01-25-at-09.11.24-e1579957017664.jpeg\",\"contentUrl\":\"https:\\\/\\\/folhapopular.info\\\/wp-content\\\/uploads\\\/2020\\\/01\\\/WhatsApp-Image-2020-01-25-at-09.11.24-e1579957017664.jpeg\",\"width\":800,\"height\":600,\"caption\":\"Clubes e diretoria da Aslivata se reuniram na sexta-feira (24\\\/01)\"},{\"@type\":\"BreadcrumbList\",\"@id\":\"https:\\\/\\\/folhapopular.info\\\/index.php\\\/2020\\\/01\\\/26\\\/taca-da-amizade-com-cara-de-regional-copa-35-anos-aslivata-comeca-hoje\\\/#breadcrumb\",\"itemListElement\":[{\"@type\":\"ListItem\",\"position\":1,\"name\":\"In\u00edcio\",\"item\":\"https:\\\/\\\/folhapopular.info\\\/\"},{\"@type\":\"ListItem\",\"position\":2,\"name\":\"Ta\u00e7a da Amizade com cara de Regional: Copa 35 Anos Aslivata come\u00e7a hoje\"}]},{\"@type\":\"WebSite\",\"@id\":\"https:\\\/\\\/folhapopular.info\\\/#website\",\"url\":\"https:\\\/\\\/folhapopular.info\\\/\",\"name\":\"Folha Popular\",\"description\":\"Onde voc\u00ea tem vez e voz\",\"potentialAction\":[{\"@type\":\"SearchAction\",\"target\":{\"@type\":\"EntryPoint\",\"urlTemplate\":\"https:\\\/\\\/folhapopular.info\\\/?s={search_term_string}\"},\"query-input\":{\"@type\":\"PropertyValueSpecification\",\"valueRequired\":true,\"valueName\":\"search_term_string\"}}],\"inLanguage\":\"pt-BR\"},{\"@type\":\"Person\",\"@id\":\"https:\\\/\\\/folhapopular.info\\\/#\\\/schema\\\/person\\\/533a15f60cd49e81ab3a90b4ca33cb36\",\"name\":\"Lucas Leandro Brune\",\"image\":{\"@type\":\"ImageObject\",\"inLanguage\":\"pt-BR\",\"@id\":\"https:\\\/\\\/folhapopular.info\\\/wp-content\\\/uploads\\\/2026\\\/04\\\/LUCAS-1-1.webp\",\"url\":\"https:\\\/\\\/folhapopular.info\\\/wp-content\\\/uploads\\\/2026\\\/04\\\/LUCAS-1-1.webp\",\"contentUrl\":\"https:\\\/\\\/folhapopular.info\\\/wp-content\\\/uploads\\\/2026\\\/04\\\/LUCAS-1-1.webp\",\"caption\":\"Lucas Leandro Brune\"},\"description\":\"Jornalista Profissional Diplomado MTB\\\/RS 14.333\",\"url\":\"https:\\\/\\\/folhapopular.info\\\/index.php\\\/author\\\/lucas-brune\\\/\"}]}<\/script>\n<!-- \/ Yoast SEO plugin. -->","yoast_head_json":{"title":"Ta\u00e7a da Amizade com cara de Regional: Copa 35 Anos Aslivata come\u00e7a hoje - Folha Popular","robots":{"index":"index","follow":"follow","max-snippet":"max-snippet:-1","max-image-preview":"max-image-preview:large","max-video-preview":"max-video-preview:-1"},"canonical":"https:\/\/folhapopular.info\/index.php\/2020\/01\/26\/taca-da-amizade-com-cara-de-regional-copa-35-anos-aslivata-comeca-hoje\/","og_locale":"pt_BR","og_type":"article","og_title":"Ta\u00e7a da Amizade com cara de Regional: Copa 35 Anos Aslivata come\u00e7a hoje - Folha Popular","og_description":"A partir deste domingo (26\/01), 12 clubes de sete munic\u00edpios v\u00e3o correr atr\u00e1s do t\u00edtulo da Ta\u00e7a da Amizade \u2013 Copa 35 anos Aslivata 2020 de futebol amador. Na noite de sexta-feira (24\/01), os clubes e a Aslivata estiveram reunidos para o lan\u00e7amento da competi\u00e7\u00e3o, realizado na Associa\u00e7\u00e3o Atl\u00e9tica Certel, em Teut\u00f4nia. Hoje, a bola [&hellip;]","og_url":"https:\/\/folhapopular.info\/index.php\/2020\/01\/26\/taca-da-amizade-com-cara-de-regional-copa-35-anos-aslivata-comeca-hoje\/","og_site_name":"Folha Popular","article_published_time":"2020-01-26T12:00:00+00:00","og_image":[{"width":800,"height":600,"url":"https:\/\/folhapopular.info\/wp-content\/uploads\/2020\/01\/WhatsApp-Image-2020-01-25-at-09.11.24-e1579957017664.jpeg","type":"image\/jpeg"}],"author":"Lucas Leandro Brune","twitter_card":"summary_large_image","twitter_misc":{"Escrito por":"Lucas Leandro Brune","Est. tempo de leitura":"2 minutos"},"schema":{"@context":"https:\/\/schema.org","@graph":[{"@type":"Article","@id":"https:\/\/folhapopular.info\/index.php\/2020\/01\/26\/taca-da-amizade-com-cara-de-regional-copa-35-anos-aslivata-comeca-hoje\/#article","isPartOf":{"@id":"https:\/\/folhapopular.info\/index.php\/2020\/01\/26\/taca-da-amizade-com-cara-de-regional-copa-35-anos-aslivata-comeca-hoje\/"},"author":{"name":"Lucas Leandro Brune","@id":"https:\/\/folhapopular.info\/#\/schema\/person\/533a15f60cd49e81ab3a90b4ca33cb36"},"headline":"Ta\u00e7a da Amizade com cara de Regional: Copa 35 Anos Aslivata come\u00e7a hoje","datePublished":"2020-01-26T12:00:00+00:00","mainEntityOfPage":{"@id":"https:\/\/folhapopular.info\/index.php\/2020\/01\/26\/taca-da-amizade-com-cara-de-regional-copa-35-anos-aslivata-comeca-hoje\/"},"wordCount":361,"commentCount":0,"image":{"@id":"https:\/\/folhapopular.info\/index.php\/2020\/01\/26\/taca-da-amizade-com-cara-de-regional-copa-35-anos-aslivata-comeca-hoje\/#primaryimage"},"thumbnailUrl":"https:\/\/folhapopular.info\/wp-content\/uploads\/2020\/01\/WhatsApp-Image-2020-01-25-at-09.11.24-e1579957017664.jpeg","keywords":["Copa 35 anos Aslivata","Ta\u00e7a da Amizade"],"articleSection":["Destaques","Esportes"],"inLanguage":"pt-BR","potentialAction":[{"@type":"CommentAction","name":"Comment","target":["https:\/\/folhapopular.info\/index.php\/2020\/01\/26\/taca-da-amizade-com-cara-de-regional-copa-35-anos-aslivata-comeca-hoje\/#respond"]}]},{"@type":"WebPage","@id":"https:\/\/folhapopular.info\/index.php\/2020\/01\/26\/taca-da-amizade-com-cara-de-regional-copa-35-anos-aslivata-comeca-hoje\/","url":"https:\/\/folhapopular.info\/index.php\/2020\/01\/26\/taca-da-amizade-com-cara-de-regional-copa-35-anos-aslivata-comeca-hoje\/","name":"Ta\u00e7a da Amizade com cara de Regional: Copa 35 Anos Aslivata come\u00e7a hoje - Folha Popular","isPartOf":{"@id":"https:\/\/folhapopular.info\/#website"},"primaryImageOfPage":{"@id":"https:\/\/folhapopular.info\/index.php\/2020\/01\/26\/taca-da-amizade-com-cara-de-regional-copa-35-anos-aslivata-comeca-hoje\/#primaryimage"},"image":{"@id":"https:\/\/folhapopular.info\/index.php\/2020\/01\/26\/taca-da-amizade-com-cara-de-regional-copa-35-anos-aslivata-comeca-hoje\/#primaryimage"},"thumbnailUrl":"https:\/\/folhapopular.info\/wp-content\/uploads\/2020\/01\/WhatsApp-Image-2020-01-25-at-09.11.24-e1579957017664.jpeg","datePublished":"2020-01-26T12:00:00+00:00","author":{"@id":"https:\/\/folhapopular.info\/#\/schema\/person\/533a15f60cd49e81ab3a90b4ca33cb36"},"breadcrumb":{"@id":"https:\/\/folhapopular.info\/index.php\/2020\/01\/26\/taca-da-amizade-com-cara-de-regional-copa-35-anos-aslivata-comeca-hoje\/#breadcrumb"},"inLanguage":"pt-BR","potentialAction":[{"@type":"ReadAction","target":["https:\/\/folhapopular.info\/index.php\/2020\/01\/26\/taca-da-amizade-com-cara-de-regional-copa-35-anos-aslivata-comeca-hoje\/"]}]},{"@type":"ImageObject","inLanguage":"pt-BR","@id":"https:\/\/folhapopular.info\/index.php\/2020\/01\/26\/taca-da-amizade-com-cara-de-regional-copa-35-anos-aslivata-comeca-hoje\/#primaryimage","url":"https:\/\/folhapopular.info\/wp-content\/uploads\/2020\/01\/WhatsApp-Image-2020-01-25-at-09.11.24-e1579957017664.jpeg","contentUrl":"https:\/\/folhapopular.info\/wp-content\/uploads\/2020\/01\/WhatsApp-Image-2020-01-25-at-09.11.24-e1579957017664.jpeg","width":800,"height":600,"caption":"Clubes e diretoria da Aslivata se reuniram na sexta-feira (24\/01)"},{"@type":"BreadcrumbList","@id":"https:\/\/folhapopular.info\/index.php\/2020\/01\/26\/taca-da-amizade-com-cara-de-regional-copa-35-anos-aslivata-comeca-hoje\/#breadcrumb","itemListElement":[{"@type":"ListItem","position":1,"name":"In\u00edcio","item":"https:\/\/folhapopular.info\/"},{"@type":"ListItem","position":2,"name":"Ta\u00e7a da Amizade com cara de Regional: Copa 35 Anos Aslivata come\u00e7a hoje"}]},{"@type":"WebSite","@id":"https:\/\/folhapopular.info\/#website","url":"https:\/\/folhapopular.info\/","name":"Folha Popular","description":"Onde voc\u00ea tem vez e voz","potentialAction":[{"@type":"SearchAction","target":{"@type":"EntryPoint","urlTemplate":"https:\/\/folhapopular.info\/?s={search_term_string}"},"query-input":{"@type":"PropertyValueSpecification","valueRequired":true,"valueName":"search_term_string"}}],"inLanguage":"pt-BR"},{"@type":"Person","@id":"https:\/\/folhapopular.info\/#\/schema\/person\/533a15f60cd49e81ab3a90b4ca33cb36","name":"Lucas Leandro Brune","image":{"@type":"ImageObject","inLanguage":"pt-BR","@id":"https:\/\/folhapopular.info\/wp-content\/uploads\/2026\/04\/LUCAS-1-1.webp","url":"https:\/\/folhapopular.info\/wp-content\/uploads\/2026\/04\/LUCAS-1-1.webp","contentUrl":"https:\/\/folhapopular.info\/wp-content\/uploads\/2026\/04\/LUCAS-1-1.webp","caption":"Lucas Leandro Brune"},"description":"Jornalista Profissional Diplomado MTB\/RS 14.333","url":"https:\/\/folhapopular.info\/index.php\/author\/lucas-brune\/"}]}},"jetpack_featured_media_url":"https:\/\/folhapopular.info\/wp-content\/uploads\/2020\/01\/WhatsApp-Image-2020-01-25-at-09.11.24-e1579957017664.jpeg","jetpack_sharing_enabled":true,"amp_enabled":true,"_links":{"self":[{"href":"https:\/\/folhapopular.info\/index.php\/wp-json\/wp\/v2\/posts\/63662","targetHints":{"allow":["GET"]}}],"collection":[{"href":"https:\/\/folhapopular.info\/index.php\/wp-json\/wp\/v2\/posts"}],"about":[{"href":"https:\/\/folhapopular.info\/index.php\/wp-json\/wp\/v2\/types\/post"}],"author":[{"embeddable":true,"href":"https:\/\/folhapopular.info\/index.php\/wp-json\/wp\/v2\/users\/7"}],"replies":[{"embeddable":true,"href":"https:\/\/folhapopular.info\/index.php\/wp-json\/wp\/v2\/comments?post=63662"}],"version-history":[{"count":0,"href":"https:\/\/folhapopular.info\/index.php\/wp-json\/wp\/v2\/posts\/63662\/revisions"}],"wp:featuredmedia":[{"embeddable":true,"href":"https:\/\/folhapopular.info\/index.php\/wp-json\/wp\/v2\/media\/63663"}],"wp:attachment":[{"href":"https:\/\/folhapopular.info\/index.php\/wp-json\/wp\/v2\/media?parent=63662"}],"wp:term":[{"taxonomy":"category","embeddable":true,"href":"https:\/\/folhapopular.info\/index.php\/wp-json\/wp\/v2\/categories?post=63662"},{"taxonomy":"post_tag","embeddable":true,"href":"https:\/\/folhapopular.info\/index.php\/wp-json\/wp\/v2\/tags?post=63662"}],"curies":[{"name":"wp","href":"https:\/\/api.w.org\/{rel}","templated":true}]}}