{"id":64151,"date":"2020-02-06T13:20:00","date_gmt":"2020-02-06T16:20:00","guid":{"rendered":"https:\/\/folhapopular.info\/?p=64151"},"modified":"2020-02-06T10:46:08","modified_gmt":"2020-02-06T13:46:08","slug":"comitiva-lajeadense-apresenta-propostas-de-melhorias-na-estrutura-do-igp-e-delegacias","status":"publish","type":"post","link":"https:\/\/folhapopular.info\/index.php\/2020\/02\/06\/comitiva-lajeadense-apresenta-propostas-de-melhorias-na-estrutura-do-igp-e-delegacias\/","title":{"rendered":"Comitiva lajeadense apresenta propostas de melhorias na estrutura do IGP e delegacias"},"content":{"rendered":"\n<p>Uma comitiva\u00a0lajeadense foi a Porto Alegre, nesta quarta-feira (05\/02), para apresentar propostas de melhorias na estrutura do Instituto Geral de Per\u00edcias (IGP) e nas delegacias de pol\u00edcia. Organizada pela vereadora Mariela Portz, a reuni\u00e3o com o vice-governador do estado, Ranolfo Vieira J\u00fanior e com a diretora-geral do IGP, Helo\u00edsa Kuser,\u00a0tamb\u00e9m\u00a0foi acompanhada pelo deputado Mateus Wesp\u00a0e pela delegada Fl\u00e1via Frey, chefe\u00a0de gabinete\u00a0do vice-governador.<\/p>\n\n\n\n<p>A\u00a0situa\u00e7\u00e3o prec\u00e1ria do IGP\u00a0em Lajeado, tanto em rela\u00e7\u00e3o aos recursos humanos como estruturais,\u00a0foi exposta pela comitiva.\u00a0O IGP\u00a0possui\u00a0apenas um m\u00e9dico perito\/legista e\u00a0tr\u00eas\u00a0t\u00e9cnicos. N\u00e3o\u00a0h\u00e1\u00a0papiloscopista e nem plant\u00e3o em no m\u00ednimo\u00a0dois\u00a0finais de semana por m\u00eas. Em rela\u00e7\u00e3o\u00a0\u00e0\u00a0estrutura f\u00edsica, ela est\u00e1 totalmente defasada\u00a0com computadores antigos, salas pequenas, departamento de necropsias sem c\u00e2mara fria,\u00a0RX, ar condicionado,\u00a0entre outras defici\u00eancias.<\/p>\n\n\n\n<p>A\u00a0Univates se colocou \u00e0 disposi\u00e7\u00e3o para auxiliar nas melhorias de estrutura f\u00edsica da sala de necropsias. Foi levantada a possibilidade, a exemplo do que acontece em Caxias do Sul, de um conv\u00eanio do IGP com a\u00a0universidade, para alocar o departamento de necropsias dentro do\u00a0campus.<br>Tamb\u00e9m foi solicitado\u00a0que a refer\u00eancia do IGP Lajeado seja Santa Cruz\u00a0do Sul\u00a0e n\u00e3o Porto Alegre, com o objetivo de agilizar v\u00e1rias demandas.<\/p>\n\n\n\n<p>Al\u00e9m da quest\u00e3o do IGP, tamb\u00e9m foi proposta\u00a0a constru\u00e7\u00e3o de uma Central de Pol\u00edcia, a exemplo de Canoas, cujo case \u00e9 refer\u00eancia nacional.\u00a0O complexo poderia abrigar\u00a0a Delegacia de Pol\u00edcia (DP)\u00a0distrital, DP\u00a0Regional, a DPPA, Draco e DEAM e IGP.\u00a0O delegado Reis\u00a0comunicou que j\u00e1 fez a solicita\u00e7\u00e3o oficial do terreno atual que abriga o Daer, e que est\u00e1\u00a0em nome do Estado,\u00a0para implanta\u00e7\u00e3o da Central de Pol\u00edcia.<\/p>\n\n\n\n<p>\u201cCaso\u00a0o Estado\u00a0aprove a melhoria, o munic\u00edpio tem possibilidade de auxiliar nas tratativas para a constru\u00e7\u00e3o do\u00a0complexo,\u00a0como por exemplo, na quest\u00e3o dos projetos arquitet\u00f4nicos e complementares\u201d,\u00a0destaca Locatelli. O secret\u00e1rio\u00a0tamb\u00e9m colocou \u00e0 disposi\u00e7\u00e3o os terrenos da cidade, de\u00a0propriedade\u00a0da prefeitura, para serem avaliados pela DP regional.<\/p>\n\n\n\n<p>A comitiva foi integrada pelo delegado e chefe de Pol\u00edcia Regional, Jos\u00e9 Romaci Reis, pelo secret\u00e1rio de Seguran\u00e7a P\u00fablica de Lajeado, Paulo Locatelli, pela\u00a0coordenadora pedag\u00f3gica da Faculdade de Medicina\u00a0da\u00a0Univates,\u00a0Maria Isabel Lopes, pela Pr\u00f3-Reitora de Ensino da Univates, Fernanda Pinheiro, pela presidente do Codevat, C\u00edntia Agostini,\u00a0e pela vereadora Mariela Portz.<\/p>\n","protected":false},"excerpt":{"rendered":"<p>Uma comitiva\u00a0lajeadense foi a Porto Alegre, nesta quarta-feira (05\/02), para apresentar propostas de melhorias na estrutura do Instituto Geral de Per\u00edcias (IGP) e nas delegacias de pol\u00edcia. Organizada pela vereadora Mariela Portz, a reuni\u00e3o com o vice-governador do estado, Ranolfo Vieira J\u00fanior e com a diretora-geral do IGP, Helo\u00edsa Kuser,\u00a0tamb\u00e9m\u00a0foi acompanhada pelo deputado Mateus Wesp\u00a0e [&hellip;]<\/p>\n","protected":false},"author":8,"featured_media":64152,"comment_status":"open","ping_status":"open","sticky":false,"template":"","format":"standard","meta":{"pmpro_default_level":"","_jetpack_memberships_contains_paid_content":false,"footnotes":""},"categories":[2,3],"tags":[5057,27],"class_list":{"0":"post-64151","1":"post","2":"type-post","3":"status-publish","4":"format-standard","5":"has-post-thumbnail","7":"category-featured","8":"category-geral","9":"tag-comitiva","10":"tag-lajeado","11":"pmpro-has-access"},"yoast_head":"<!-- This site is optimized with the Yoast SEO plugin v27.5 - https:\/\/yoast.com\/product\/yoast-seo-wordpress\/ -->\n<title>Comitiva lajeadense apresenta propostas de melhorias na estrutura do IGP e delegacias - Folha Popular<\/title>\n<meta name=\"robots\" content=\"index, follow, max-snippet:-1, max-image-preview:large, max-video-preview:-1\" \/>\n<link rel=\"canonical\" href=\"https:\/\/folhapopular.info\/index.php\/2020\/02\/06\/comitiva-lajeadense-apresenta-propostas-de-melhorias-na-estrutura-do-igp-e-delegacias\/\" \/>\n<meta property=\"og:locale\" content=\"pt_BR\" \/>\n<meta property=\"og:type\" content=\"article\" \/>\n<meta property=\"og:title\" content=\"Comitiva lajeadense apresenta propostas de melhorias na estrutura do IGP e delegacias - Folha Popular\" \/>\n<meta property=\"og:description\" content=\"Uma comitiva\u00a0lajeadense foi a Porto Alegre, nesta quarta-feira (05\/02), para apresentar propostas de melhorias na estrutura do Instituto Geral de Per\u00edcias (IGP) e nas delegacias de pol\u00edcia. Organizada pela vereadora Mariela Portz, a reuni\u00e3o com o vice-governador do estado, Ranolfo Vieira J\u00fanior e com a diretora-geral do IGP, Helo\u00edsa Kuser,\u00a0tamb\u00e9m\u00a0foi acompanhada pelo deputado Mateus Wesp\u00a0e [&hellip;]\" \/>\n<meta property=\"og:url\" content=\"https:\/\/folhapopular.info\/index.php\/2020\/02\/06\/comitiva-lajeadense-apresenta-propostas-de-melhorias-na-estrutura-do-igp-e-delegacias\/\" \/>\n<meta property=\"og:site_name\" content=\"Folha Popular\" \/>\n<meta property=\"article:published_time\" content=\"2020-02-06T16:20:00+00:00\" \/>\n<meta property=\"og:image\" content=\"https:\/\/folhapopular.info\/wp-content\/uploads\/2020\/02\/Comitiva-lajeadense-com-vice-governador-IGP-por-Leonardo-Rosa-e1580996746819.jpg\" \/>\n\t<meta property=\"og:image:width\" content=\"800\" \/>\n\t<meta property=\"og:image:height\" content=\"534\" \/>\n\t<meta property=\"og:image:type\" content=\"image\/jpeg\" \/>\n<meta name=\"author\" content=\"Reda\u00e7\u00e3o Folha Popular\" \/>\n<meta name=\"twitter:card\" content=\"summary_large_image\" \/>\n<meta name=\"twitter:label1\" content=\"Escrito por\" \/>\n\t<meta name=\"twitter:data1\" content=\"Reda\u00e7\u00e3o Folha Popular\" \/>\n\t<meta name=\"twitter:label2\" content=\"Est. tempo de leitura\" \/>\n\t<meta name=\"twitter:data2\" content=\"2 minutos\" \/>\n<script type=\"application\/ld+json\" class=\"yoast-schema-graph\">{\"@context\":\"https:\\\/\\\/schema.org\",\"@graph\":[{\"@type\":\"Article\",\"@id\":\"https:\\\/\\\/folhapopular.info\\\/index.php\\\/2020\\\/02\\\/06\\\/comitiva-lajeadense-apresenta-propostas-de-melhorias-na-estrutura-do-igp-e-delegacias\\\/#article\",\"isPartOf\":{\"@id\":\"https:\\\/\\\/folhapopular.info\\\/index.php\\\/2020\\\/02\\\/06\\\/comitiva-lajeadense-apresenta-propostas-de-melhorias-na-estrutura-do-igp-e-delegacias\\\/\"},\"author\":{\"name\":\"Reda\u00e7\u00e3o Folha Popular\",\"@id\":\"https:\\\/\\\/folhapopular.info\\\/#\\\/schema\\\/person\\\/2814e8a0df7643585a9ca38bc6eb9d4b\"},\"headline\":\"Comitiva lajeadense apresenta propostas de melhorias na estrutura do IGP e delegacias\",\"datePublished\":\"2020-02-06T16:20:00+00:00\",\"mainEntityOfPage\":{\"@id\":\"https:\\\/\\\/folhapopular.info\\\/index.php\\\/2020\\\/02\\\/06\\\/comitiva-lajeadense-apresenta-propostas-de-melhorias-na-estrutura-do-igp-e-delegacias\\\/\"},\"wordCount\":448,\"commentCount\":0,\"image\":{\"@id\":\"https:\\\/\\\/folhapopular.info\\\/index.php\\\/2020\\\/02\\\/06\\\/comitiva-lajeadense-apresenta-propostas-de-melhorias-na-estrutura-do-igp-e-delegacias\\\/#primaryimage\"},\"thumbnailUrl\":\"https:\\\/\\\/folhapopular.info\\\/wp-content\\\/uploads\\\/2020\\\/02\\\/Comitiva-lajeadense-com-vice-governador-IGP-por-Leonardo-Rosa-e1580996746819.jpg\",\"keywords\":[\"comitiva\",\"Lajeado\"],\"articleSection\":[\"Destaques\",\"Geral\"],\"inLanguage\":\"pt-BR\",\"potentialAction\":[{\"@type\":\"CommentAction\",\"name\":\"Comment\",\"target\":[\"https:\\\/\\\/folhapopular.info\\\/index.php\\\/2020\\\/02\\\/06\\\/comitiva-lajeadense-apresenta-propostas-de-melhorias-na-estrutura-do-igp-e-delegacias\\\/#respond\"]}]},{\"@type\":\"WebPage\",\"@id\":\"https:\\\/\\\/folhapopular.info\\\/index.php\\\/2020\\\/02\\\/06\\\/comitiva-lajeadense-apresenta-propostas-de-melhorias-na-estrutura-do-igp-e-delegacias\\\/\",\"url\":\"https:\\\/\\\/folhapopular.info\\\/index.php\\\/2020\\\/02\\\/06\\\/comitiva-lajeadense-apresenta-propostas-de-melhorias-na-estrutura-do-igp-e-delegacias\\\/\",\"name\":\"Comitiva lajeadense apresenta propostas de melhorias na estrutura do IGP e delegacias - Folha Popular\",\"isPartOf\":{\"@id\":\"https:\\\/\\\/folhapopular.info\\\/#website\"},\"primaryImageOfPage\":{\"@id\":\"https:\\\/\\\/folhapopular.info\\\/index.php\\\/2020\\\/02\\\/06\\\/comitiva-lajeadense-apresenta-propostas-de-melhorias-na-estrutura-do-igp-e-delegacias\\\/#primaryimage\"},\"image\":{\"@id\":\"https:\\\/\\\/folhapopular.info\\\/index.php\\\/2020\\\/02\\\/06\\\/comitiva-lajeadense-apresenta-propostas-de-melhorias-na-estrutura-do-igp-e-delegacias\\\/#primaryimage\"},\"thumbnailUrl\":\"https:\\\/\\\/folhapopular.info\\\/wp-content\\\/uploads\\\/2020\\\/02\\\/Comitiva-lajeadense-com-vice-governador-IGP-por-Leonardo-Rosa-e1580996746819.jpg\",\"datePublished\":\"2020-02-06T16:20:00+00:00\",\"author\":{\"@id\":\"https:\\\/\\\/folhapopular.info\\\/#\\\/schema\\\/person\\\/2814e8a0df7643585a9ca38bc6eb9d4b\"},\"breadcrumb\":{\"@id\":\"https:\\\/\\\/folhapopular.info\\\/index.php\\\/2020\\\/02\\\/06\\\/comitiva-lajeadense-apresenta-propostas-de-melhorias-na-estrutura-do-igp-e-delegacias\\\/#breadcrumb\"},\"inLanguage\":\"pt-BR\",\"potentialAction\":[{\"@type\":\"ReadAction\",\"target\":[\"https:\\\/\\\/folhapopular.info\\\/index.php\\\/2020\\\/02\\\/06\\\/comitiva-lajeadense-apresenta-propostas-de-melhorias-na-estrutura-do-igp-e-delegacias\\\/\"]}]},{\"@type\":\"ImageObject\",\"inLanguage\":\"pt-BR\",\"@id\":\"https:\\\/\\\/folhapopular.info\\\/index.php\\\/2020\\\/02\\\/06\\\/comitiva-lajeadense-apresenta-propostas-de-melhorias-na-estrutura-do-igp-e-delegacias\\\/#primaryimage\",\"url\":\"https:\\\/\\\/folhapopular.info\\\/wp-content\\\/uploads\\\/2020\\\/02\\\/Comitiva-lajeadense-com-vice-governador-IGP-por-Leonardo-Rosa-e1580996746819.jpg\",\"contentUrl\":\"https:\\\/\\\/folhapopular.info\\\/wp-content\\\/uploads\\\/2020\\\/02\\\/Comitiva-lajeadense-com-vice-governador-IGP-por-Leonardo-Rosa-e1580996746819.jpg\",\"width\":800,\"height\":534,\"caption\":\"Comitiva lajeadense com o vice-governador \\\/ Cr\u00e9dito da foto: Divulga\u00e7\u00e3o\"},{\"@type\":\"BreadcrumbList\",\"@id\":\"https:\\\/\\\/folhapopular.info\\\/index.php\\\/2020\\\/02\\\/06\\\/comitiva-lajeadense-apresenta-propostas-de-melhorias-na-estrutura-do-igp-e-delegacias\\\/#breadcrumb\",\"itemListElement\":[{\"@type\":\"ListItem\",\"position\":1,\"name\":\"In\u00edcio\",\"item\":\"https:\\\/\\\/folhapopular.info\\\/\"},{\"@type\":\"ListItem\",\"position\":2,\"name\":\"Comitiva lajeadense apresenta propostas de melhorias na estrutura do IGP e delegacias\"}]},{\"@type\":\"WebSite\",\"@id\":\"https:\\\/\\\/folhapopular.info\\\/#website\",\"url\":\"https:\\\/\\\/folhapopular.info\\\/\",\"name\":\"Folha Popular\",\"description\":\"Onde voc\u00ea tem vez e voz\",\"potentialAction\":[{\"@type\":\"SearchAction\",\"target\":{\"@type\":\"EntryPoint\",\"urlTemplate\":\"https:\\\/\\\/folhapopular.info\\\/?s={search_term_string}\"},\"query-input\":{\"@type\":\"PropertyValueSpecification\",\"valueRequired\":true,\"valueName\":\"search_term_string\"}}],\"inLanguage\":\"pt-BR\"},{\"@type\":\"Person\",\"@id\":\"https:\\\/\\\/folhapopular.info\\\/#\\\/schema\\\/person\\\/2814e8a0df7643585a9ca38bc6eb9d4b\",\"name\":\"Reda\u00e7\u00e3o Folha Popular\",\"image\":{\"@type\":\"ImageObject\",\"inLanguage\":\"pt-BR\",\"@id\":\"https:\\\/\\\/folhapopular.info\\\/wp-content\\\/uploads\\\/2026\\\/04\\\/Folha-1.webp\",\"url\":\"https:\\\/\\\/folhapopular.info\\\/wp-content\\\/uploads\\\/2026\\\/04\\\/Folha-1.webp\",\"contentUrl\":\"https:\\\/\\\/folhapopular.info\\\/wp-content\\\/uploads\\\/2026\\\/04\\\/Folha-1.webp\",\"caption\":\"Reda\u00e7\u00e3o Folha Popular\"},\"url\":\"https:\\\/\\\/folhapopular.info\\\/index.php\\\/author\\\/redacao\\\/\"}]}<\/script>\n<!-- \/ Yoast SEO plugin. -->","yoast_head_json":{"title":"Comitiva lajeadense apresenta propostas de melhorias na estrutura do IGP e delegacias - Folha Popular","robots":{"index":"index","follow":"follow","max-snippet":"max-snippet:-1","max-image-preview":"max-image-preview:large","max-video-preview":"max-video-preview:-1"},"canonical":"https:\/\/folhapopular.info\/index.php\/2020\/02\/06\/comitiva-lajeadense-apresenta-propostas-de-melhorias-na-estrutura-do-igp-e-delegacias\/","og_locale":"pt_BR","og_type":"article","og_title":"Comitiva lajeadense apresenta propostas de melhorias na estrutura do IGP e delegacias - Folha Popular","og_description":"Uma comitiva\u00a0lajeadense foi a Porto Alegre, nesta quarta-feira (05\/02), para apresentar propostas de melhorias na estrutura do Instituto Geral de Per\u00edcias (IGP) e nas delegacias de pol\u00edcia. Organizada pela vereadora Mariela Portz, a reuni\u00e3o com o vice-governador do estado, Ranolfo Vieira J\u00fanior e com a diretora-geral do IGP, Helo\u00edsa Kuser,\u00a0tamb\u00e9m\u00a0foi acompanhada pelo deputado Mateus Wesp\u00a0e [&hellip;]","og_url":"https:\/\/folhapopular.info\/index.php\/2020\/02\/06\/comitiva-lajeadense-apresenta-propostas-de-melhorias-na-estrutura-do-igp-e-delegacias\/","og_site_name":"Folha Popular","article_published_time":"2020-02-06T16:20:00+00:00","og_image":[{"width":800,"height":534,"url":"https:\/\/folhapopular.info\/wp-content\/uploads\/2020\/02\/Comitiva-lajeadense-com-vice-governador-IGP-por-Leonardo-Rosa-e1580996746819.jpg","type":"image\/jpeg"}],"author":"Reda\u00e7\u00e3o Folha Popular","twitter_card":"summary_large_image","twitter_misc":{"Escrito por":"Reda\u00e7\u00e3o Folha Popular","Est. tempo de leitura":"2 minutos"},"schema":{"@context":"https:\/\/schema.org","@graph":[{"@type":"Article","@id":"https:\/\/folhapopular.info\/index.php\/2020\/02\/06\/comitiva-lajeadense-apresenta-propostas-de-melhorias-na-estrutura-do-igp-e-delegacias\/#article","isPartOf":{"@id":"https:\/\/folhapopular.info\/index.php\/2020\/02\/06\/comitiva-lajeadense-apresenta-propostas-de-melhorias-na-estrutura-do-igp-e-delegacias\/"},"author":{"name":"Reda\u00e7\u00e3o Folha Popular","@id":"https:\/\/folhapopular.info\/#\/schema\/person\/2814e8a0df7643585a9ca38bc6eb9d4b"},"headline":"Comitiva lajeadense apresenta propostas de melhorias na estrutura do IGP e delegacias","datePublished":"2020-02-06T16:20:00+00:00","mainEntityOfPage":{"@id":"https:\/\/folhapopular.info\/index.php\/2020\/02\/06\/comitiva-lajeadense-apresenta-propostas-de-melhorias-na-estrutura-do-igp-e-delegacias\/"},"wordCount":448,"commentCount":0,"image":{"@id":"https:\/\/folhapopular.info\/index.php\/2020\/02\/06\/comitiva-lajeadense-apresenta-propostas-de-melhorias-na-estrutura-do-igp-e-delegacias\/#primaryimage"},"thumbnailUrl":"https:\/\/folhapopular.info\/wp-content\/uploads\/2020\/02\/Comitiva-lajeadense-com-vice-governador-IGP-por-Leonardo-Rosa-e1580996746819.jpg","keywords":["comitiva","Lajeado"],"articleSection":["Destaques","Geral"],"inLanguage":"pt-BR","potentialAction":[{"@type":"CommentAction","name":"Comment","target":["https:\/\/folhapopular.info\/index.php\/2020\/02\/06\/comitiva-lajeadense-apresenta-propostas-de-melhorias-na-estrutura-do-igp-e-delegacias\/#respond"]}]},{"@type":"WebPage","@id":"https:\/\/folhapopular.info\/index.php\/2020\/02\/06\/comitiva-lajeadense-apresenta-propostas-de-melhorias-na-estrutura-do-igp-e-delegacias\/","url":"https:\/\/folhapopular.info\/index.php\/2020\/02\/06\/comitiva-lajeadense-apresenta-propostas-de-melhorias-na-estrutura-do-igp-e-delegacias\/","name":"Comitiva lajeadense apresenta propostas de melhorias na estrutura do IGP e delegacias - Folha Popular","isPartOf":{"@id":"https:\/\/folhapopular.info\/#website"},"primaryImageOfPage":{"@id":"https:\/\/folhapopular.info\/index.php\/2020\/02\/06\/comitiva-lajeadense-apresenta-propostas-de-melhorias-na-estrutura-do-igp-e-delegacias\/#primaryimage"},"image":{"@id":"https:\/\/folhapopular.info\/index.php\/2020\/02\/06\/comitiva-lajeadense-apresenta-propostas-de-melhorias-na-estrutura-do-igp-e-delegacias\/#primaryimage"},"thumbnailUrl":"https:\/\/folhapopular.info\/wp-content\/uploads\/2020\/02\/Comitiva-lajeadense-com-vice-governador-IGP-por-Leonardo-Rosa-e1580996746819.jpg","datePublished":"2020-02-06T16:20:00+00:00","author":{"@id":"https:\/\/folhapopular.info\/#\/schema\/person\/2814e8a0df7643585a9ca38bc6eb9d4b"},"breadcrumb":{"@id":"https:\/\/folhapopular.info\/index.php\/2020\/02\/06\/comitiva-lajeadense-apresenta-propostas-de-melhorias-na-estrutura-do-igp-e-delegacias\/#breadcrumb"},"inLanguage":"pt-BR","potentialAction":[{"@type":"ReadAction","target":["https:\/\/folhapopular.info\/index.php\/2020\/02\/06\/comitiva-lajeadense-apresenta-propostas-de-melhorias-na-estrutura-do-igp-e-delegacias\/"]}]},{"@type":"ImageObject","inLanguage":"pt-BR","@id":"https:\/\/folhapopular.info\/index.php\/2020\/02\/06\/comitiva-lajeadense-apresenta-propostas-de-melhorias-na-estrutura-do-igp-e-delegacias\/#primaryimage","url":"https:\/\/folhapopular.info\/wp-content\/uploads\/2020\/02\/Comitiva-lajeadense-com-vice-governador-IGP-por-Leonardo-Rosa-e1580996746819.jpg","contentUrl":"https:\/\/folhapopular.info\/wp-content\/uploads\/2020\/02\/Comitiva-lajeadense-com-vice-governador-IGP-por-Leonardo-Rosa-e1580996746819.jpg","width":800,"height":534,"caption":"Comitiva lajeadense com o vice-governador \/ Cr\u00e9dito da foto: Divulga\u00e7\u00e3o"},{"@type":"BreadcrumbList","@id":"https:\/\/folhapopular.info\/index.php\/2020\/02\/06\/comitiva-lajeadense-apresenta-propostas-de-melhorias-na-estrutura-do-igp-e-delegacias\/#breadcrumb","itemListElement":[{"@type":"ListItem","position":1,"name":"In\u00edcio","item":"https:\/\/folhapopular.info\/"},{"@type":"ListItem","position":2,"name":"Comitiva lajeadense apresenta propostas de melhorias na estrutura do IGP e delegacias"}]},{"@type":"WebSite","@id":"https:\/\/folhapopular.info\/#website","url":"https:\/\/folhapopular.info\/","name":"Folha Popular","description":"Onde voc\u00ea tem vez e voz","potentialAction":[{"@type":"SearchAction","target":{"@type":"EntryPoint","urlTemplate":"https:\/\/folhapopular.info\/?s={search_term_string}"},"query-input":{"@type":"PropertyValueSpecification","valueRequired":true,"valueName":"search_term_string"}}],"inLanguage":"pt-BR"},{"@type":"Person","@id":"https:\/\/folhapopular.info\/#\/schema\/person\/2814e8a0df7643585a9ca38bc6eb9d4b","name":"Reda\u00e7\u00e3o Folha Popular","image":{"@type":"ImageObject","inLanguage":"pt-BR","@id":"https:\/\/folhapopular.info\/wp-content\/uploads\/2026\/04\/Folha-1.webp","url":"https:\/\/folhapopular.info\/wp-content\/uploads\/2026\/04\/Folha-1.webp","contentUrl":"https:\/\/folhapopular.info\/wp-content\/uploads\/2026\/04\/Folha-1.webp","caption":"Reda\u00e7\u00e3o Folha Popular"},"url":"https:\/\/folhapopular.info\/index.php\/author\/redacao\/"}]}},"jetpack_featured_media_url":"https:\/\/folhapopular.info\/wp-content\/uploads\/2020\/02\/Comitiva-lajeadense-com-vice-governador-IGP-por-Leonardo-Rosa-e1580996746819.jpg","jetpack_sharing_enabled":true,"amp_enabled":true,"_links":{"self":[{"href":"https:\/\/folhapopular.info\/index.php\/wp-json\/wp\/v2\/posts\/64151","targetHints":{"allow":["GET"]}}],"collection":[{"href":"https:\/\/folhapopular.info\/index.php\/wp-json\/wp\/v2\/posts"}],"about":[{"href":"https:\/\/folhapopular.info\/index.php\/wp-json\/wp\/v2\/types\/post"}],"author":[{"embeddable":true,"href":"https:\/\/folhapopular.info\/index.php\/wp-json\/wp\/v2\/users\/8"}],"replies":[{"embeddable":true,"href":"https:\/\/folhapopular.info\/index.php\/wp-json\/wp\/v2\/comments?post=64151"}],"version-history":[{"count":0,"href":"https:\/\/folhapopular.info\/index.php\/wp-json\/wp\/v2\/posts\/64151\/revisions"}],"wp:featuredmedia":[{"embeddable":true,"href":"https:\/\/folhapopular.info\/index.php\/wp-json\/wp\/v2\/media\/64152"}],"wp:attachment":[{"href":"https:\/\/folhapopular.info\/index.php\/wp-json\/wp\/v2\/media?parent=64151"}],"wp:term":[{"taxonomy":"category","embeddable":true,"href":"https:\/\/folhapopular.info\/index.php\/wp-json\/wp\/v2\/categories?post=64151"},{"taxonomy":"post_tag","embeddable":true,"href":"https:\/\/folhapopular.info\/index.php\/wp-json\/wp\/v2\/tags?post=64151"}],"curies":[{"name":"wp","href":"https:\/\/api.w.org\/{rel}","templated":true}]}}