{"id":64166,"date":"2020-02-07T06:20:00","date_gmt":"2020-02-07T09:20:00","guid":{"rendered":"https:\/\/folhapopular.info\/?p=64166"},"modified":"2020-02-06T15:27:05","modified_gmt":"2020-02-06T18:27:05","slug":"novo-posto-de-saude-central-de-estrela-sera-entregue-neste-sabado","status":"publish","type":"post","link":"https:\/\/folhapopular.info\/index.php\/2020\/02\/07\/novo-posto-de-saude-central-de-estrela-sera-entregue-neste-sabado\/","title":{"rendered":"Novo Posto de Sa\u00fade Central de Estrela ser\u00e1 entregue neste s\u00e1bado"},"content":{"rendered":"\n<p>Atendendo desde 17 de dezembro no mesmo pr\u00e9dio da Secretaria Municipal da Sa\u00fade, no Bairro Oriental, em Estrela, o novo Posto Central ser\u00e1 entregue oficialmente \u00e0 comunidade neste s\u00e1bado (08\/02), em ato agendado para as 10h. O espa\u00e7o, de 606,20 metros quadrados, foi totalmente reformado para receber a unidade, que agora oferece, tanto para os usu\u00e1rios quanto profissionais, espa\u00e7os adequados para a presta\u00e7\u00e3o dos servi\u00e7os. \u201c\u00c9 um investimento de R$ 222,9 mil, com recursos do or\u00e7amento do munic\u00edpio, proveniente dos impostos pagos por toda a popula\u00e7\u00e3o. Por isto, procuramos oferecer a melhor infraestrutura para que os usu\u00e1rios tenham, al\u00e9m da qualidade nos servi\u00e7os, conforto e comodidade,\u201d diz o secret\u00e1rio da Sa\u00fade Elmar Schneider.<\/p>\n\n\n\n<p>Na unidade funcionam gabinetes m\u00e9dicos e de enfermagem, sala de vacinas e farm\u00e1cia. Tamb\u00e9m ser\u00e1 disponibilizado atendimento odontol\u00f3gico. O gabinete, obtido com recursos federais, j\u00e1 est\u00e1 instalado. \u201cO bom relacionamento do nosso munic\u00edpio nas esferas estadual e federal, tem permitido este e outros avan\u00e7os\u201d, comenta o secret\u00e1rio, citando que a verba para o gabinete foi obtida com apoio do atual presidente da Funasa, Ronaldo Nogueira, e do deputado estadual Dirceu Franciscon. Com o novo posto est\u00e1 tudo centralizado e os pacientes n\u00e3o precisam se deslocar de um ponto a outro da cidade, como ocorria quando o Posto Central funcionava na Rua Coronel Brito. Facilitamos o acesso e agilizamos o andamento dos processos\u201d, enfatiza.<\/p>\n\n\n\n<p>Nesta semana, Ros\u00e2ngela Rodrigues da Fonseca, moradora do Bairro Pinheiros, foi retirar seus rem\u00e9dios pela primeira vez na nova enfermeira. &#8220;Para mim at\u00e9 ficou um pouco mais longe, mas \u00e9 mais centralizado, perto do Centro, onde a gente sempre tem algo para fazer. Ent\u00e3o \u00e9 s\u00f3 dar uma passada&#8221;, diz ela. A pequena Anna Luiza Lagemann, com apenas 23 dias, tamb\u00e9m j\u00e1 usufruiu dos servi\u00e7os no local. Levada pela m\u00e3e Anna Paula, foi realizar uma vacina. &#8220;Vai ser muito \u00fatil para todos. O espa\u00e7o \u00e9 mais amplo do que o anterior, tem departamentos mais separados, melhor tecnologia, e at\u00e9 um confort\u00e1vel sof\u00e1 na antessala da vacina\u00e7\u00e3o, o que \u00e9 \u00f3timo para uma m\u00e3e com uma crian\u00e7a no colo prestes a fazer uma vacina&#8221;, afirma a moradora do Bairro das Ind\u00fastrias.<\/p>\n\n\n\n<p>Schneider revela, ainda, novas a\u00e7\u00f5es no sentido de qualificar a \u00e1rea da sa\u00fade em&nbsp;Estrela. Est\u00e1 em estudos, segundo ele, a centraliza\u00e7\u00e3o do agendamento de consultas m\u00e9dicas por telefone na secretaria. Desta forma, os pacientes n\u00e3o precisar\u00e3o mais se dirigir os marcar as consultas nas unidades b\u00e1sicas. Isto, conforme Schneider, tamb\u00e9m vai contribuir para que nos postos os usu\u00e1rios recebem mais aten\u00e7\u00e3o por parte dos servidores. \u201cTodas as nossas a\u00e7\u00f5es visam facilitar o acesso e agilizar o andamento\u201d, frisa. Finalizando, chama aten\u00e7\u00e3o para o endere\u00e7o do Posto Central, na Rua General Os\u00f3rio, 427, Bairro Oriental, com atendimento das 7h \u00e0s 20h.<br><br><strong>Servi\u00e7o:<\/strong><br>Entrega do novo Posto de Sa\u00fade Central<br>Data: 8 de fevereiro de 2020<br>Hor\u00e1rio: 10h<br>Endere\u00e7o: Rua General Os\u00f3rio, 427 \u2013 Bairro Oriental<br>Atendimento do posto: 7h \u00e0s 20h<\/p>\n","protected":false},"excerpt":{"rendered":"<p>Atendendo desde 17 de dezembro no mesmo pr\u00e9dio da Secretaria Municipal da Sa\u00fade, no Bairro Oriental, em Estrela, o novo Posto Central ser\u00e1 entregue oficialmente \u00e0 comunidade neste s\u00e1bado (08\/02), em ato agendado para as 10h. O espa\u00e7o, de 606,20 metros quadrados, foi totalmente reformado para receber a unidade, que agora oferece, tanto para os [&hellip;]<\/p>\n","protected":false},"author":8,"featured_media":64167,"comment_status":"open","ping_status":"open","sticky":false,"template":"","format":"standard","meta":{"pmpro_default_level":"","_jetpack_memberships_contains_paid_content":false,"footnotes":""},"categories":[2,3],"tags":[8,203],"class_list":{"0":"post-64166","1":"post","2":"type-post","3":"status-publish","4":"format-standard","5":"has-post-thumbnail","7":"category-featured","8":"category-geral","9":"tag-estrela","10":"tag-posto-de-saude","11":"pmpro-has-access"},"yoast_head":"<!-- This site is optimized with the Yoast SEO plugin v27.5 - https:\/\/yoast.com\/product\/yoast-seo-wordpress\/ -->\n<title>Novo Posto de Sa\u00fade Central de Estrela ser\u00e1 entregue neste s\u00e1bado - Folha Popular<\/title>\n<meta name=\"robots\" content=\"index, follow, max-snippet:-1, max-image-preview:large, max-video-preview:-1\" \/>\n<link rel=\"canonical\" href=\"https:\/\/folhapopular.info\/index.php\/2020\/02\/07\/novo-posto-de-saude-central-de-estrela-sera-entregue-neste-sabado\/\" \/>\n<meta property=\"og:locale\" content=\"pt_BR\" \/>\n<meta property=\"og:type\" content=\"article\" \/>\n<meta property=\"og:title\" content=\"Novo Posto de Sa\u00fade Central de Estrela ser\u00e1 entregue neste s\u00e1bado - Folha Popular\" \/>\n<meta property=\"og:description\" content=\"Atendendo desde 17 de dezembro no mesmo pr\u00e9dio da Secretaria Municipal da Sa\u00fade, no Bairro Oriental, em Estrela, o novo Posto Central ser\u00e1 entregue oficialmente \u00e0 comunidade neste s\u00e1bado (08\/02), em ato agendado para as 10h. O espa\u00e7o, de 606,20 metros quadrados, foi totalmente reformado para receber a unidade, que agora oferece, tanto para os [&hellip;]\" \/>\n<meta property=\"og:url\" content=\"https:\/\/folhapopular.info\/index.php\/2020\/02\/07\/novo-posto-de-saude-central-de-estrela-sera-entregue-neste-sabado\/\" \/>\n<meta property=\"og:site_name\" content=\"Folha Popular\" \/>\n<meta property=\"article:published_time\" content=\"2020-02-07T09:20:00+00:00\" \/>\n<meta property=\"og:image\" content=\"https:\/\/folhapopular.info\/wp-content\/uploads\/2020\/02\/Posto-de-Sa\u00fade-Central-POSTO-Angeli-29-scaled-e1581013573787.jpg\" \/>\n\t<meta property=\"og:image:width\" content=\"800\" \/>\n\t<meta property=\"og:image:height\" content=\"533\" \/>\n\t<meta property=\"og:image:type\" content=\"image\/jpeg\" \/>\n<meta name=\"author\" content=\"Reda\u00e7\u00e3o Folha Popular\" \/>\n<meta name=\"twitter:card\" content=\"summary_large_image\" \/>\n<meta name=\"twitter:label1\" content=\"Escrito por\" \/>\n\t<meta name=\"twitter:data1\" content=\"Reda\u00e7\u00e3o Folha Popular\" \/>\n\t<meta name=\"twitter:label2\" content=\"Est. tempo de leitura\" \/>\n\t<meta name=\"twitter:data2\" content=\"3 minutos\" \/>\n<script type=\"application\/ld+json\" class=\"yoast-schema-graph\">{\"@context\":\"https:\\\/\\\/schema.org\",\"@graph\":[{\"@type\":\"Article\",\"@id\":\"https:\\\/\\\/folhapopular.info\\\/index.php\\\/2020\\\/02\\\/07\\\/novo-posto-de-saude-central-de-estrela-sera-entregue-neste-sabado\\\/#article\",\"isPartOf\":{\"@id\":\"https:\\\/\\\/folhapopular.info\\\/index.php\\\/2020\\\/02\\\/07\\\/novo-posto-de-saude-central-de-estrela-sera-entregue-neste-sabado\\\/\"},\"author\":{\"name\":\"Reda\u00e7\u00e3o Folha Popular\",\"@id\":\"https:\\\/\\\/folhapopular.info\\\/#\\\/schema\\\/person\\\/2814e8a0df7643585a9ca38bc6eb9d4b\"},\"headline\":\"Novo Posto de Sa\u00fade Central de Estrela ser\u00e1 entregue neste s\u00e1bado\",\"datePublished\":\"2020-02-07T09:20:00+00:00\",\"mainEntityOfPage\":{\"@id\":\"https:\\\/\\\/folhapopular.info\\\/index.php\\\/2020\\\/02\\\/07\\\/novo-posto-de-saude-central-de-estrela-sera-entregue-neste-sabado\\\/\"},\"wordCount\":537,\"commentCount\":0,\"image\":{\"@id\":\"https:\\\/\\\/folhapopular.info\\\/index.php\\\/2020\\\/02\\\/07\\\/novo-posto-de-saude-central-de-estrela-sera-entregue-neste-sabado\\\/#primaryimage\"},\"thumbnailUrl\":\"https:\\\/\\\/folhapopular.info\\\/wp-content\\\/uploads\\\/2020\\\/02\\\/Posto-de-Sa\u00fade-Central-POSTO-Angeli-29-scaled-e1581013573787.jpg\",\"keywords\":[\"Estrela\",\"Posto de Sa\u00fade\"],\"articleSection\":[\"Destaques\",\"Geral\"],\"inLanguage\":\"pt-BR\",\"potentialAction\":[{\"@type\":\"CommentAction\",\"name\":\"Comment\",\"target\":[\"https:\\\/\\\/folhapopular.info\\\/index.php\\\/2020\\\/02\\\/07\\\/novo-posto-de-saude-central-de-estrela-sera-entregue-neste-sabado\\\/#respond\"]}]},{\"@type\":\"WebPage\",\"@id\":\"https:\\\/\\\/folhapopular.info\\\/index.php\\\/2020\\\/02\\\/07\\\/novo-posto-de-saude-central-de-estrela-sera-entregue-neste-sabado\\\/\",\"url\":\"https:\\\/\\\/folhapopular.info\\\/index.php\\\/2020\\\/02\\\/07\\\/novo-posto-de-saude-central-de-estrela-sera-entregue-neste-sabado\\\/\",\"name\":\"Novo Posto de Sa\u00fade Central de Estrela ser\u00e1 entregue neste s\u00e1bado - Folha Popular\",\"isPartOf\":{\"@id\":\"https:\\\/\\\/folhapopular.info\\\/#website\"},\"primaryImageOfPage\":{\"@id\":\"https:\\\/\\\/folhapopular.info\\\/index.php\\\/2020\\\/02\\\/07\\\/novo-posto-de-saude-central-de-estrela-sera-entregue-neste-sabado\\\/#primaryimage\"},\"image\":{\"@id\":\"https:\\\/\\\/folhapopular.info\\\/index.php\\\/2020\\\/02\\\/07\\\/novo-posto-de-saude-central-de-estrela-sera-entregue-neste-sabado\\\/#primaryimage\"},\"thumbnailUrl\":\"https:\\\/\\\/folhapopular.info\\\/wp-content\\\/uploads\\\/2020\\\/02\\\/Posto-de-Sa\u00fade-Central-POSTO-Angeli-29-scaled-e1581013573787.jpg\",\"datePublished\":\"2020-02-07T09:20:00+00:00\",\"author\":{\"@id\":\"https:\\\/\\\/folhapopular.info\\\/#\\\/schema\\\/person\\\/2814e8a0df7643585a9ca38bc6eb9d4b\"},\"breadcrumb\":{\"@id\":\"https:\\\/\\\/folhapopular.info\\\/index.php\\\/2020\\\/02\\\/07\\\/novo-posto-de-saude-central-de-estrela-sera-entregue-neste-sabado\\\/#breadcrumb\"},\"inLanguage\":\"pt-BR\",\"potentialAction\":[{\"@type\":\"ReadAction\",\"target\":[\"https:\\\/\\\/folhapopular.info\\\/index.php\\\/2020\\\/02\\\/07\\\/novo-posto-de-saude-central-de-estrela-sera-entregue-neste-sabado\\\/\"]}]},{\"@type\":\"ImageObject\",\"inLanguage\":\"pt-BR\",\"@id\":\"https:\\\/\\\/folhapopular.info\\\/index.php\\\/2020\\\/02\\\/07\\\/novo-posto-de-saude-central-de-estrela-sera-entregue-neste-sabado\\\/#primaryimage\",\"url\":\"https:\\\/\\\/folhapopular.info\\\/wp-content\\\/uploads\\\/2020\\\/02\\\/Posto-de-Sa\u00fade-Central-POSTO-Angeli-29-scaled-e1581013573787.jpg\",\"contentUrl\":\"https:\\\/\\\/folhapopular.info\\\/wp-content\\\/uploads\\\/2020\\\/02\\\/Posto-de-Sa\u00fade-Central-POSTO-Angeli-29-scaled-e1581013573787.jpg\",\"width\":800,\"height\":533,\"caption\":\"Posto fica na Rua General Os\u00f3rio, 42, Bairro Oriental \\\/ Cr\u00e9dito: divulga\u00e7\u00e3o\"},{\"@type\":\"BreadcrumbList\",\"@id\":\"https:\\\/\\\/folhapopular.info\\\/index.php\\\/2020\\\/02\\\/07\\\/novo-posto-de-saude-central-de-estrela-sera-entregue-neste-sabado\\\/#breadcrumb\",\"itemListElement\":[{\"@type\":\"ListItem\",\"position\":1,\"name\":\"In\u00edcio\",\"item\":\"https:\\\/\\\/folhapopular.info\\\/\"},{\"@type\":\"ListItem\",\"position\":2,\"name\":\"Novo Posto de Sa\u00fade Central de Estrela ser\u00e1 entregue neste s\u00e1bado\"}]},{\"@type\":\"WebSite\",\"@id\":\"https:\\\/\\\/folhapopular.info\\\/#website\",\"url\":\"https:\\\/\\\/folhapopular.info\\\/\",\"name\":\"Folha Popular\",\"description\":\"Onde voc\u00ea tem vez e voz\",\"potentialAction\":[{\"@type\":\"SearchAction\",\"target\":{\"@type\":\"EntryPoint\",\"urlTemplate\":\"https:\\\/\\\/folhapopular.info\\\/?s={search_term_string}\"},\"query-input\":{\"@type\":\"PropertyValueSpecification\",\"valueRequired\":true,\"valueName\":\"search_term_string\"}}],\"inLanguage\":\"pt-BR\"},{\"@type\":\"Person\",\"@id\":\"https:\\\/\\\/folhapopular.info\\\/#\\\/schema\\\/person\\\/2814e8a0df7643585a9ca38bc6eb9d4b\",\"name\":\"Reda\u00e7\u00e3o Folha Popular\",\"image\":{\"@type\":\"ImageObject\",\"inLanguage\":\"pt-BR\",\"@id\":\"https:\\\/\\\/folhapopular.info\\\/wp-content\\\/uploads\\\/2026\\\/04\\\/Folha-1.webp\",\"url\":\"https:\\\/\\\/folhapopular.info\\\/wp-content\\\/uploads\\\/2026\\\/04\\\/Folha-1.webp\",\"contentUrl\":\"https:\\\/\\\/folhapopular.info\\\/wp-content\\\/uploads\\\/2026\\\/04\\\/Folha-1.webp\",\"caption\":\"Reda\u00e7\u00e3o Folha Popular\"},\"url\":\"https:\\\/\\\/folhapopular.info\\\/index.php\\\/author\\\/redacao\\\/\"}]}<\/script>\n<!-- \/ Yoast SEO plugin. -->","yoast_head_json":{"title":"Novo Posto de Sa\u00fade Central de Estrela ser\u00e1 entregue neste s\u00e1bado - Folha Popular","robots":{"index":"index","follow":"follow","max-snippet":"max-snippet:-1","max-image-preview":"max-image-preview:large","max-video-preview":"max-video-preview:-1"},"canonical":"https:\/\/folhapopular.info\/index.php\/2020\/02\/07\/novo-posto-de-saude-central-de-estrela-sera-entregue-neste-sabado\/","og_locale":"pt_BR","og_type":"article","og_title":"Novo Posto de Sa\u00fade Central de Estrela ser\u00e1 entregue neste s\u00e1bado - Folha Popular","og_description":"Atendendo desde 17 de dezembro no mesmo pr\u00e9dio da Secretaria Municipal da Sa\u00fade, no Bairro Oriental, em Estrela, o novo Posto Central ser\u00e1 entregue oficialmente \u00e0 comunidade neste s\u00e1bado (08\/02), em ato agendado para as 10h. O espa\u00e7o, de 606,20 metros quadrados, foi totalmente reformado para receber a unidade, que agora oferece, tanto para os [&hellip;]","og_url":"https:\/\/folhapopular.info\/index.php\/2020\/02\/07\/novo-posto-de-saude-central-de-estrela-sera-entregue-neste-sabado\/","og_site_name":"Folha Popular","article_published_time":"2020-02-07T09:20:00+00:00","og_image":[{"width":800,"height":533,"url":"https:\/\/folhapopular.info\/wp-content\/uploads\/2020\/02\/Posto-de-Sa\u00fade-Central-POSTO-Angeli-29-scaled-e1581013573787.jpg","type":"image\/jpeg"}],"author":"Reda\u00e7\u00e3o Folha Popular","twitter_card":"summary_large_image","twitter_misc":{"Escrito por":"Reda\u00e7\u00e3o Folha Popular","Est. tempo de leitura":"3 minutos"},"schema":{"@context":"https:\/\/schema.org","@graph":[{"@type":"Article","@id":"https:\/\/folhapopular.info\/index.php\/2020\/02\/07\/novo-posto-de-saude-central-de-estrela-sera-entregue-neste-sabado\/#article","isPartOf":{"@id":"https:\/\/folhapopular.info\/index.php\/2020\/02\/07\/novo-posto-de-saude-central-de-estrela-sera-entregue-neste-sabado\/"},"author":{"name":"Reda\u00e7\u00e3o Folha Popular","@id":"https:\/\/folhapopular.info\/#\/schema\/person\/2814e8a0df7643585a9ca38bc6eb9d4b"},"headline":"Novo Posto de Sa\u00fade Central de Estrela ser\u00e1 entregue neste s\u00e1bado","datePublished":"2020-02-07T09:20:00+00:00","mainEntityOfPage":{"@id":"https:\/\/folhapopular.info\/index.php\/2020\/02\/07\/novo-posto-de-saude-central-de-estrela-sera-entregue-neste-sabado\/"},"wordCount":537,"commentCount":0,"image":{"@id":"https:\/\/folhapopular.info\/index.php\/2020\/02\/07\/novo-posto-de-saude-central-de-estrela-sera-entregue-neste-sabado\/#primaryimage"},"thumbnailUrl":"https:\/\/folhapopular.info\/wp-content\/uploads\/2020\/02\/Posto-de-Sa\u00fade-Central-POSTO-Angeli-29-scaled-e1581013573787.jpg","keywords":["Estrela","Posto de Sa\u00fade"],"articleSection":["Destaques","Geral"],"inLanguage":"pt-BR","potentialAction":[{"@type":"CommentAction","name":"Comment","target":["https:\/\/folhapopular.info\/index.php\/2020\/02\/07\/novo-posto-de-saude-central-de-estrela-sera-entregue-neste-sabado\/#respond"]}]},{"@type":"WebPage","@id":"https:\/\/folhapopular.info\/index.php\/2020\/02\/07\/novo-posto-de-saude-central-de-estrela-sera-entregue-neste-sabado\/","url":"https:\/\/folhapopular.info\/index.php\/2020\/02\/07\/novo-posto-de-saude-central-de-estrela-sera-entregue-neste-sabado\/","name":"Novo Posto de Sa\u00fade Central de Estrela ser\u00e1 entregue neste s\u00e1bado - Folha Popular","isPartOf":{"@id":"https:\/\/folhapopular.info\/#website"},"primaryImageOfPage":{"@id":"https:\/\/folhapopular.info\/index.php\/2020\/02\/07\/novo-posto-de-saude-central-de-estrela-sera-entregue-neste-sabado\/#primaryimage"},"image":{"@id":"https:\/\/folhapopular.info\/index.php\/2020\/02\/07\/novo-posto-de-saude-central-de-estrela-sera-entregue-neste-sabado\/#primaryimage"},"thumbnailUrl":"https:\/\/folhapopular.info\/wp-content\/uploads\/2020\/02\/Posto-de-Sa\u00fade-Central-POSTO-Angeli-29-scaled-e1581013573787.jpg","datePublished":"2020-02-07T09:20:00+00:00","author":{"@id":"https:\/\/folhapopular.info\/#\/schema\/person\/2814e8a0df7643585a9ca38bc6eb9d4b"},"breadcrumb":{"@id":"https:\/\/folhapopular.info\/index.php\/2020\/02\/07\/novo-posto-de-saude-central-de-estrela-sera-entregue-neste-sabado\/#breadcrumb"},"inLanguage":"pt-BR","potentialAction":[{"@type":"ReadAction","target":["https:\/\/folhapopular.info\/index.php\/2020\/02\/07\/novo-posto-de-saude-central-de-estrela-sera-entregue-neste-sabado\/"]}]},{"@type":"ImageObject","inLanguage":"pt-BR","@id":"https:\/\/folhapopular.info\/index.php\/2020\/02\/07\/novo-posto-de-saude-central-de-estrela-sera-entregue-neste-sabado\/#primaryimage","url":"https:\/\/folhapopular.info\/wp-content\/uploads\/2020\/02\/Posto-de-Sa\u00fade-Central-POSTO-Angeli-29-scaled-e1581013573787.jpg","contentUrl":"https:\/\/folhapopular.info\/wp-content\/uploads\/2020\/02\/Posto-de-Sa\u00fade-Central-POSTO-Angeli-29-scaled-e1581013573787.jpg","width":800,"height":533,"caption":"Posto fica na Rua General Os\u00f3rio, 42, Bairro Oriental \/ Cr\u00e9dito: divulga\u00e7\u00e3o"},{"@type":"BreadcrumbList","@id":"https:\/\/folhapopular.info\/index.php\/2020\/02\/07\/novo-posto-de-saude-central-de-estrela-sera-entregue-neste-sabado\/#breadcrumb","itemListElement":[{"@type":"ListItem","position":1,"name":"In\u00edcio","item":"https:\/\/folhapopular.info\/"},{"@type":"ListItem","position":2,"name":"Novo Posto de Sa\u00fade Central de Estrela ser\u00e1 entregue neste s\u00e1bado"}]},{"@type":"WebSite","@id":"https:\/\/folhapopular.info\/#website","url":"https:\/\/folhapopular.info\/","name":"Folha Popular","description":"Onde voc\u00ea tem vez e voz","potentialAction":[{"@type":"SearchAction","target":{"@type":"EntryPoint","urlTemplate":"https:\/\/folhapopular.info\/?s={search_term_string}"},"query-input":{"@type":"PropertyValueSpecification","valueRequired":true,"valueName":"search_term_string"}}],"inLanguage":"pt-BR"},{"@type":"Person","@id":"https:\/\/folhapopular.info\/#\/schema\/person\/2814e8a0df7643585a9ca38bc6eb9d4b","name":"Reda\u00e7\u00e3o Folha Popular","image":{"@type":"ImageObject","inLanguage":"pt-BR","@id":"https:\/\/folhapopular.info\/wp-content\/uploads\/2026\/04\/Folha-1.webp","url":"https:\/\/folhapopular.info\/wp-content\/uploads\/2026\/04\/Folha-1.webp","contentUrl":"https:\/\/folhapopular.info\/wp-content\/uploads\/2026\/04\/Folha-1.webp","caption":"Reda\u00e7\u00e3o Folha Popular"},"url":"https:\/\/folhapopular.info\/index.php\/author\/redacao\/"}]}},"jetpack_featured_media_url":"https:\/\/folhapopular.info\/wp-content\/uploads\/2020\/02\/Posto-de-Sa\u00fade-Central-POSTO-Angeli-29-scaled-e1581013573787.jpg","jetpack_sharing_enabled":true,"amp_enabled":true,"_links":{"self":[{"href":"https:\/\/folhapopular.info\/index.php\/wp-json\/wp\/v2\/posts\/64166","targetHints":{"allow":["GET"]}}],"collection":[{"href":"https:\/\/folhapopular.info\/index.php\/wp-json\/wp\/v2\/posts"}],"about":[{"href":"https:\/\/folhapopular.info\/index.php\/wp-json\/wp\/v2\/types\/post"}],"author":[{"embeddable":true,"href":"https:\/\/folhapopular.info\/index.php\/wp-json\/wp\/v2\/users\/8"}],"replies":[{"embeddable":true,"href":"https:\/\/folhapopular.info\/index.php\/wp-json\/wp\/v2\/comments?post=64166"}],"version-history":[{"count":0,"href":"https:\/\/folhapopular.info\/index.php\/wp-json\/wp\/v2\/posts\/64166\/revisions"}],"wp:featuredmedia":[{"embeddable":true,"href":"https:\/\/folhapopular.info\/index.php\/wp-json\/wp\/v2\/media\/64167"}],"wp:attachment":[{"href":"https:\/\/folhapopular.info\/index.php\/wp-json\/wp\/v2\/media?parent=64166"}],"wp:term":[{"taxonomy":"category","embeddable":true,"href":"https:\/\/folhapopular.info\/index.php\/wp-json\/wp\/v2\/categories?post=64166"},{"taxonomy":"post_tag","embeddable":true,"href":"https:\/\/folhapopular.info\/index.php\/wp-json\/wp\/v2\/tags?post=64166"}],"curies":[{"name":"wp","href":"https:\/\/api.w.org\/{rel}","templated":true}]}}