{"id":65294,"date":"2020-02-26T15:20:00","date_gmt":"2020-02-26T18:20:00","guid":{"rendered":"https:\/\/folhapopular.info\/?p=65294"},"modified":"2020-02-26T15:29:18","modified_gmt":"2020-02-26T18:29:18","slug":"inscricoes-para-o-concurso-publico-da-prefeitura-de-lajeado-encerram-nesta-quinta-feira-27-02","status":"publish","type":"post","link":"https:\/\/folhapopular.info\/index.php\/2020\/02\/26\/inscricoes-para-o-concurso-publico-da-prefeitura-de-lajeado-encerram-nesta-quinta-feira-27-02\/","title":{"rendered":"Inscri\u00e7\u00f5es para o concurso p\u00fablico da Prefeitura de Lajeado encerram nesta quinta-feira (27\/02)"},"content":{"rendered":"\n<p>Encerram-se nesta quinta-feira (27\/02), \u00e0s 23h59, as inscri\u00e7\u00f5es para o concurso p\u00fablico para a Prefeitura de Lajeado. O&nbsp;concurso selecionar\u00e1 candidatos para sete cargos (veja lista abaixo), com sal\u00e1rios mensais que variam de R$ 1.589,77 at\u00e9 R$ 5.745,92.&nbsp;<\/p>\n\n\n\n<p>As inscri\u00e7\u00f5es devem ser feitas pelo endere\u00e7o <a rel=\"noreferrer noopener\" href=\"https:\/\/www.unars.com.br\/\" target=\"_blank\">www.unars.com.br\/<\/a>, onde tamb\u00e9m se encontra o edital com todas as informa\u00e7\u00f5es sobre o processo seletivo e a prova. O munic\u00edpio disponibiliza computadores para  acesso \u00e0 internet durante o per\u00edodo de inscri\u00e7\u00f5es, junto \u00e0 Biblioteca P\u00fablica Municipal, localizada na Rua J\u00falio de Castilhos, 411, bairro Centro, de segunda a quinta-feira, das 8h \u00e0s 17h e na sexta-feira das 8h \u00e0s 14h.\u00a0<\/p>\n\n\n\n<p>A\n realiza\u00e7\u00e3o da prova escrita ser\u00e1 no dia 22\/03\/2020, para todos os \ncargos, e acontecer\u00e1 em Lajeado. O local e o hor\u00e1rio ser\u00e3o divulgados \npor edital no dia 17\/03\/2020.&nbsp;<\/p>\n\n\n\n<p>Os cargos do concurso:<br>&#8211;\u00a0Contador<br>&#8211; Engenheiro Civil<br>&#8211; Monitor de Creche<br>&#8211; Psic\u00f3logo<br>&#8211; Professor Anos Finais &#8211; Artes <br>&#8211; Professor Anos Finais &#8211; Educa\u00e7\u00e3o F\u00edsica <br>&#8211; Professor Anos Finais &#8211; Geografia<\/p>\n","protected":false},"excerpt":{"rendered":"<p>Encerram-se nesta quinta-feira (27\/02), \u00e0s 23h59, as inscri\u00e7\u00f5es para o concurso p\u00fablico para a Prefeitura de Lajeado. O&nbsp;concurso selecionar\u00e1 candidatos para sete cargos (veja lista abaixo), com sal\u00e1rios mensais que variam de R$ 1.589,77 at\u00e9 R$ 5.745,92.&nbsp; As inscri\u00e7\u00f5es devem ser feitas pelo endere\u00e7o www.unars.com.br\/, onde tamb\u00e9m se encontra o edital com todas as informa\u00e7\u00f5es [&hellip;]<\/p>\n","protected":false},"author":8,"featured_media":58538,"comment_status":"open","ping_status":"open","sticky":false,"template":"","format":"standard","meta":{"pmpro_default_level":"","_jetpack_memberships_contains_paid_content":false,"footnotes":""},"categories":[2,3],"tags":[747,946,27,1855],"class_list":{"0":"post-65294","1":"post","2":"type-post","3":"status-publish","4":"format-standard","5":"has-post-thumbnail","7":"category-featured","8":"category-geral","9":"tag-concurso-publico","10":"tag-inscricoes","11":"tag-lajeado","12":"tag-prefeitura","13":"pmpro-has-access"},"yoast_head":"<!-- This site is optimized with the Yoast SEO plugin v27.5 - https:\/\/yoast.com\/product\/yoast-seo-wordpress\/ -->\n<title>Inscri\u00e7\u00f5es para o concurso p\u00fablico da Prefeitura de Lajeado encerram nesta quinta-feira (27\/02) - Folha Popular<\/title>\n<meta name=\"robots\" content=\"index, follow, max-snippet:-1, max-image-preview:large, max-video-preview:-1\" \/>\n<link rel=\"canonical\" href=\"https:\/\/folhapopular.info\/index.php\/2020\/02\/26\/inscricoes-para-o-concurso-publico-da-prefeitura-de-lajeado-encerram-nesta-quinta-feira-27-02\/\" \/>\n<meta property=\"og:locale\" content=\"pt_BR\" \/>\n<meta property=\"og:type\" content=\"article\" \/>\n<meta property=\"og:title\" content=\"Inscri\u00e7\u00f5es para o concurso p\u00fablico da Prefeitura de Lajeado encerram nesta quinta-feira (27\/02) - Folha Popular\" \/>\n<meta property=\"og:description\" content=\"Encerram-se nesta quinta-feira (27\/02), \u00e0s 23h59, as inscri\u00e7\u00f5es para o concurso p\u00fablico para a Prefeitura de Lajeado. O&nbsp;concurso selecionar\u00e1 candidatos para sete cargos (veja lista abaixo), com sal\u00e1rios mensais que variam de R$ 1.589,77 at\u00e9 R$ 5.745,92.&nbsp; As inscri\u00e7\u00f5es devem ser feitas pelo endere\u00e7o www.unars.com.br\/, onde tamb\u00e9m se encontra o edital com todas as informa\u00e7\u00f5es [&hellip;]\" \/>\n<meta property=\"og:url\" content=\"https:\/\/folhapopular.info\/index.php\/2020\/02\/26\/inscricoes-para-o-concurso-publico-da-prefeitura-de-lajeado-encerram-nesta-quinta-feira-27-02\/\" \/>\n<meta property=\"og:site_name\" content=\"Folha Popular\" \/>\n<meta property=\"article:published_time\" content=\"2020-02-26T18:20:00+00:00\" \/>\n<meta property=\"article:modified_time\" content=\"2020-02-26T18:29:18+00:00\" \/>\n<meta property=\"og:image\" content=\"https:\/\/folhapopular.info\/wp-content\/uploads\/2019\/09\/Noticias-e1567961441371.jpg\" \/>\n\t<meta property=\"og:image:width\" content=\"800\" \/>\n\t<meta property=\"og:image:height\" content=\"563\" \/>\n\t<meta property=\"og:image:type\" content=\"image\/jpeg\" \/>\n<meta name=\"author\" content=\"Reda\u00e7\u00e3o Folha Popular\" \/>\n<meta name=\"twitter:card\" content=\"summary_large_image\" \/>\n<meta name=\"twitter:label1\" content=\"Escrito por\" \/>\n\t<meta name=\"twitter:data1\" content=\"Reda\u00e7\u00e3o Folha Popular\" \/>\n\t<meta name=\"twitter:label2\" content=\"Est. tempo de leitura\" \/>\n\t<meta name=\"twitter:data2\" content=\"1 minuto\" \/>\n<script type=\"application\/ld+json\" class=\"yoast-schema-graph\">{\"@context\":\"https:\\\/\\\/schema.org\",\"@graph\":[{\"@type\":\"Article\",\"@id\":\"https:\\\/\\\/folhapopular.info\\\/index.php\\\/2020\\\/02\\\/26\\\/inscricoes-para-o-concurso-publico-da-prefeitura-de-lajeado-encerram-nesta-quinta-feira-27-02\\\/#article\",\"isPartOf\":{\"@id\":\"https:\\\/\\\/folhapopular.info\\\/index.php\\\/2020\\\/02\\\/26\\\/inscricoes-para-o-concurso-publico-da-prefeitura-de-lajeado-encerram-nesta-quinta-feira-27-02\\\/\"},\"author\":{\"name\":\"Reda\u00e7\u00e3o Folha Popular\",\"@id\":\"https:\\\/\\\/folhapopular.info\\\/#\\\/schema\\\/person\\\/2814e8a0df7643585a9ca38bc6eb9d4b\"},\"headline\":\"Inscri\u00e7\u00f5es para o concurso p\u00fablico da Prefeitura de Lajeado encerram nesta quinta-feira (27\\\/02)\",\"datePublished\":\"2020-02-26T18:20:00+00:00\",\"dateModified\":\"2020-02-26T18:29:18+00:00\",\"mainEntityOfPage\":{\"@id\":\"https:\\\/\\\/folhapopular.info\\\/index.php\\\/2020\\\/02\\\/26\\\/inscricoes-para-o-concurso-publico-da-prefeitura-de-lajeado-encerram-nesta-quinta-feira-27-02\\\/\"},\"wordCount\":194,\"commentCount\":0,\"image\":{\"@id\":\"https:\\\/\\\/folhapopular.info\\\/index.php\\\/2020\\\/02\\\/26\\\/inscricoes-para-o-concurso-publico-da-prefeitura-de-lajeado-encerram-nesta-quinta-feira-27-02\\\/#primaryimage\"},\"thumbnailUrl\":\"https:\\\/\\\/folhapopular.info\\\/wp-content\\\/uploads\\\/2019\\\/09\\\/Noticias-e1567961441371.jpg\",\"keywords\":[\"Concurso P\u00fablico\",\"Inscri\u00e7\u00f5es\",\"Lajeado\",\"Prefeitura\"],\"articleSection\":[\"Destaques\",\"Geral\"],\"inLanguage\":\"pt-BR\",\"potentialAction\":[{\"@type\":\"CommentAction\",\"name\":\"Comment\",\"target\":[\"https:\\\/\\\/folhapopular.info\\\/index.php\\\/2020\\\/02\\\/26\\\/inscricoes-para-o-concurso-publico-da-prefeitura-de-lajeado-encerram-nesta-quinta-feira-27-02\\\/#respond\"]}]},{\"@type\":\"WebPage\",\"@id\":\"https:\\\/\\\/folhapopular.info\\\/index.php\\\/2020\\\/02\\\/26\\\/inscricoes-para-o-concurso-publico-da-prefeitura-de-lajeado-encerram-nesta-quinta-feira-27-02\\\/\",\"url\":\"https:\\\/\\\/folhapopular.info\\\/index.php\\\/2020\\\/02\\\/26\\\/inscricoes-para-o-concurso-publico-da-prefeitura-de-lajeado-encerram-nesta-quinta-feira-27-02\\\/\",\"name\":\"Inscri\u00e7\u00f5es para o concurso p\u00fablico da Prefeitura de Lajeado encerram nesta quinta-feira (27\\\/02) - Folha Popular\",\"isPartOf\":{\"@id\":\"https:\\\/\\\/folhapopular.info\\\/#website\"},\"primaryImageOfPage\":{\"@id\":\"https:\\\/\\\/folhapopular.info\\\/index.php\\\/2020\\\/02\\\/26\\\/inscricoes-para-o-concurso-publico-da-prefeitura-de-lajeado-encerram-nesta-quinta-feira-27-02\\\/#primaryimage\"},\"image\":{\"@id\":\"https:\\\/\\\/folhapopular.info\\\/index.php\\\/2020\\\/02\\\/26\\\/inscricoes-para-o-concurso-publico-da-prefeitura-de-lajeado-encerram-nesta-quinta-feira-27-02\\\/#primaryimage\"},\"thumbnailUrl\":\"https:\\\/\\\/folhapopular.info\\\/wp-content\\\/uploads\\\/2019\\\/09\\\/Noticias-e1567961441371.jpg\",\"datePublished\":\"2020-02-26T18:20:00+00:00\",\"dateModified\":\"2020-02-26T18:29:18+00:00\",\"author\":{\"@id\":\"https:\\\/\\\/folhapopular.info\\\/#\\\/schema\\\/person\\\/2814e8a0df7643585a9ca38bc6eb9d4b\"},\"breadcrumb\":{\"@id\":\"https:\\\/\\\/folhapopular.info\\\/index.php\\\/2020\\\/02\\\/26\\\/inscricoes-para-o-concurso-publico-da-prefeitura-de-lajeado-encerram-nesta-quinta-feira-27-02\\\/#breadcrumb\"},\"inLanguage\":\"pt-BR\",\"potentialAction\":[{\"@type\":\"ReadAction\",\"target\":[\"https:\\\/\\\/folhapopular.info\\\/index.php\\\/2020\\\/02\\\/26\\\/inscricoes-para-o-concurso-publico-da-prefeitura-de-lajeado-encerram-nesta-quinta-feira-27-02\\\/\"]}]},{\"@type\":\"ImageObject\",\"inLanguage\":\"pt-BR\",\"@id\":\"https:\\\/\\\/folhapopular.info\\\/index.php\\\/2020\\\/02\\\/26\\\/inscricoes-para-o-concurso-publico-da-prefeitura-de-lajeado-encerram-nesta-quinta-feira-27-02\\\/#primaryimage\",\"url\":\"https:\\\/\\\/folhapopular.info\\\/wp-content\\\/uploads\\\/2019\\\/09\\\/Noticias-e1567961441371.jpg\",\"contentUrl\":\"https:\\\/\\\/folhapopular.info\\\/wp-content\\\/uploads\\\/2019\\\/09\\\/Noticias-e1567961441371.jpg\",\"width\":800,\"height\":563,\"caption\":\"Cr\u00e9dito da arte: J\u00falia Caroline Geib \\\/ Divulga\u00e7\u00e3o\"},{\"@type\":\"BreadcrumbList\",\"@id\":\"https:\\\/\\\/folhapopular.info\\\/index.php\\\/2020\\\/02\\\/26\\\/inscricoes-para-o-concurso-publico-da-prefeitura-de-lajeado-encerram-nesta-quinta-feira-27-02\\\/#breadcrumb\",\"itemListElement\":[{\"@type\":\"ListItem\",\"position\":1,\"name\":\"In\u00edcio\",\"item\":\"https:\\\/\\\/folhapopular.info\\\/\"},{\"@type\":\"ListItem\",\"position\":2,\"name\":\"Inscri\u00e7\u00f5es para o concurso p\u00fablico da Prefeitura de Lajeado encerram nesta quinta-feira (27\\\/02)\"}]},{\"@type\":\"WebSite\",\"@id\":\"https:\\\/\\\/folhapopular.info\\\/#website\",\"url\":\"https:\\\/\\\/folhapopular.info\\\/\",\"name\":\"Folha Popular\",\"description\":\"Onde voc\u00ea tem vez e voz\",\"potentialAction\":[{\"@type\":\"SearchAction\",\"target\":{\"@type\":\"EntryPoint\",\"urlTemplate\":\"https:\\\/\\\/folhapopular.info\\\/?s={search_term_string}\"},\"query-input\":{\"@type\":\"PropertyValueSpecification\",\"valueRequired\":true,\"valueName\":\"search_term_string\"}}],\"inLanguage\":\"pt-BR\"},{\"@type\":\"Person\",\"@id\":\"https:\\\/\\\/folhapopular.info\\\/#\\\/schema\\\/person\\\/2814e8a0df7643585a9ca38bc6eb9d4b\",\"name\":\"Reda\u00e7\u00e3o Folha Popular\",\"image\":{\"@type\":\"ImageObject\",\"inLanguage\":\"pt-BR\",\"@id\":\"https:\\\/\\\/folhapopular.info\\\/wp-content\\\/uploads\\\/2026\\\/04\\\/Folha-1.webp\",\"url\":\"https:\\\/\\\/folhapopular.info\\\/wp-content\\\/uploads\\\/2026\\\/04\\\/Folha-1.webp\",\"contentUrl\":\"https:\\\/\\\/folhapopular.info\\\/wp-content\\\/uploads\\\/2026\\\/04\\\/Folha-1.webp\",\"caption\":\"Reda\u00e7\u00e3o Folha Popular\"},\"url\":\"https:\\\/\\\/folhapopular.info\\\/index.php\\\/author\\\/redacao\\\/\"}]}<\/script>\n<!-- \/ Yoast SEO plugin. -->","yoast_head_json":{"title":"Inscri\u00e7\u00f5es para o concurso p\u00fablico da Prefeitura de Lajeado encerram nesta quinta-feira (27\/02) - Folha Popular","robots":{"index":"index","follow":"follow","max-snippet":"max-snippet:-1","max-image-preview":"max-image-preview:large","max-video-preview":"max-video-preview:-1"},"canonical":"https:\/\/folhapopular.info\/index.php\/2020\/02\/26\/inscricoes-para-o-concurso-publico-da-prefeitura-de-lajeado-encerram-nesta-quinta-feira-27-02\/","og_locale":"pt_BR","og_type":"article","og_title":"Inscri\u00e7\u00f5es para o concurso p\u00fablico da Prefeitura de Lajeado encerram nesta quinta-feira (27\/02) - Folha Popular","og_description":"Encerram-se nesta quinta-feira (27\/02), \u00e0s 23h59, as inscri\u00e7\u00f5es para o concurso p\u00fablico para a Prefeitura de Lajeado. O&nbsp;concurso selecionar\u00e1 candidatos para sete cargos (veja lista abaixo), com sal\u00e1rios mensais que variam de R$ 1.589,77 at\u00e9 R$ 5.745,92.&nbsp; As inscri\u00e7\u00f5es devem ser feitas pelo endere\u00e7o www.unars.com.br\/, onde tamb\u00e9m se encontra o edital com todas as informa\u00e7\u00f5es [&hellip;]","og_url":"https:\/\/folhapopular.info\/index.php\/2020\/02\/26\/inscricoes-para-o-concurso-publico-da-prefeitura-de-lajeado-encerram-nesta-quinta-feira-27-02\/","og_site_name":"Folha Popular","article_published_time":"2020-02-26T18:20:00+00:00","article_modified_time":"2020-02-26T18:29:18+00:00","og_image":[{"width":800,"height":563,"url":"https:\/\/folhapopular.info\/wp-content\/uploads\/2019\/09\/Noticias-e1567961441371.jpg","type":"image\/jpeg"}],"author":"Reda\u00e7\u00e3o Folha Popular","twitter_card":"summary_large_image","twitter_misc":{"Escrito por":"Reda\u00e7\u00e3o Folha Popular","Est. tempo de leitura":"1 minuto"},"schema":{"@context":"https:\/\/schema.org","@graph":[{"@type":"Article","@id":"https:\/\/folhapopular.info\/index.php\/2020\/02\/26\/inscricoes-para-o-concurso-publico-da-prefeitura-de-lajeado-encerram-nesta-quinta-feira-27-02\/#article","isPartOf":{"@id":"https:\/\/folhapopular.info\/index.php\/2020\/02\/26\/inscricoes-para-o-concurso-publico-da-prefeitura-de-lajeado-encerram-nesta-quinta-feira-27-02\/"},"author":{"name":"Reda\u00e7\u00e3o Folha Popular","@id":"https:\/\/folhapopular.info\/#\/schema\/person\/2814e8a0df7643585a9ca38bc6eb9d4b"},"headline":"Inscri\u00e7\u00f5es para o concurso p\u00fablico da Prefeitura de Lajeado encerram nesta quinta-feira (27\/02)","datePublished":"2020-02-26T18:20:00+00:00","dateModified":"2020-02-26T18:29:18+00:00","mainEntityOfPage":{"@id":"https:\/\/folhapopular.info\/index.php\/2020\/02\/26\/inscricoes-para-o-concurso-publico-da-prefeitura-de-lajeado-encerram-nesta-quinta-feira-27-02\/"},"wordCount":194,"commentCount":0,"image":{"@id":"https:\/\/folhapopular.info\/index.php\/2020\/02\/26\/inscricoes-para-o-concurso-publico-da-prefeitura-de-lajeado-encerram-nesta-quinta-feira-27-02\/#primaryimage"},"thumbnailUrl":"https:\/\/folhapopular.info\/wp-content\/uploads\/2019\/09\/Noticias-e1567961441371.jpg","keywords":["Concurso P\u00fablico","Inscri\u00e7\u00f5es","Lajeado","Prefeitura"],"articleSection":["Destaques","Geral"],"inLanguage":"pt-BR","potentialAction":[{"@type":"CommentAction","name":"Comment","target":["https:\/\/folhapopular.info\/index.php\/2020\/02\/26\/inscricoes-para-o-concurso-publico-da-prefeitura-de-lajeado-encerram-nesta-quinta-feira-27-02\/#respond"]}]},{"@type":"WebPage","@id":"https:\/\/folhapopular.info\/index.php\/2020\/02\/26\/inscricoes-para-o-concurso-publico-da-prefeitura-de-lajeado-encerram-nesta-quinta-feira-27-02\/","url":"https:\/\/folhapopular.info\/index.php\/2020\/02\/26\/inscricoes-para-o-concurso-publico-da-prefeitura-de-lajeado-encerram-nesta-quinta-feira-27-02\/","name":"Inscri\u00e7\u00f5es para o concurso p\u00fablico da Prefeitura de Lajeado encerram nesta quinta-feira (27\/02) - Folha Popular","isPartOf":{"@id":"https:\/\/folhapopular.info\/#website"},"primaryImageOfPage":{"@id":"https:\/\/folhapopular.info\/index.php\/2020\/02\/26\/inscricoes-para-o-concurso-publico-da-prefeitura-de-lajeado-encerram-nesta-quinta-feira-27-02\/#primaryimage"},"image":{"@id":"https:\/\/folhapopular.info\/index.php\/2020\/02\/26\/inscricoes-para-o-concurso-publico-da-prefeitura-de-lajeado-encerram-nesta-quinta-feira-27-02\/#primaryimage"},"thumbnailUrl":"https:\/\/folhapopular.info\/wp-content\/uploads\/2019\/09\/Noticias-e1567961441371.jpg","datePublished":"2020-02-26T18:20:00+00:00","dateModified":"2020-02-26T18:29:18+00:00","author":{"@id":"https:\/\/folhapopular.info\/#\/schema\/person\/2814e8a0df7643585a9ca38bc6eb9d4b"},"breadcrumb":{"@id":"https:\/\/folhapopular.info\/index.php\/2020\/02\/26\/inscricoes-para-o-concurso-publico-da-prefeitura-de-lajeado-encerram-nesta-quinta-feira-27-02\/#breadcrumb"},"inLanguage":"pt-BR","potentialAction":[{"@type":"ReadAction","target":["https:\/\/folhapopular.info\/index.php\/2020\/02\/26\/inscricoes-para-o-concurso-publico-da-prefeitura-de-lajeado-encerram-nesta-quinta-feira-27-02\/"]}]},{"@type":"ImageObject","inLanguage":"pt-BR","@id":"https:\/\/folhapopular.info\/index.php\/2020\/02\/26\/inscricoes-para-o-concurso-publico-da-prefeitura-de-lajeado-encerram-nesta-quinta-feira-27-02\/#primaryimage","url":"https:\/\/folhapopular.info\/wp-content\/uploads\/2019\/09\/Noticias-e1567961441371.jpg","contentUrl":"https:\/\/folhapopular.info\/wp-content\/uploads\/2019\/09\/Noticias-e1567961441371.jpg","width":800,"height":563,"caption":"Cr\u00e9dito da arte: J\u00falia Caroline Geib \/ Divulga\u00e7\u00e3o"},{"@type":"BreadcrumbList","@id":"https:\/\/folhapopular.info\/index.php\/2020\/02\/26\/inscricoes-para-o-concurso-publico-da-prefeitura-de-lajeado-encerram-nesta-quinta-feira-27-02\/#breadcrumb","itemListElement":[{"@type":"ListItem","position":1,"name":"In\u00edcio","item":"https:\/\/folhapopular.info\/"},{"@type":"ListItem","position":2,"name":"Inscri\u00e7\u00f5es para o concurso p\u00fablico da Prefeitura de Lajeado encerram nesta quinta-feira (27\/02)"}]},{"@type":"WebSite","@id":"https:\/\/folhapopular.info\/#website","url":"https:\/\/folhapopular.info\/","name":"Folha Popular","description":"Onde voc\u00ea tem vez e voz","potentialAction":[{"@type":"SearchAction","target":{"@type":"EntryPoint","urlTemplate":"https:\/\/folhapopular.info\/?s={search_term_string}"},"query-input":{"@type":"PropertyValueSpecification","valueRequired":true,"valueName":"search_term_string"}}],"inLanguage":"pt-BR"},{"@type":"Person","@id":"https:\/\/folhapopular.info\/#\/schema\/person\/2814e8a0df7643585a9ca38bc6eb9d4b","name":"Reda\u00e7\u00e3o Folha Popular","image":{"@type":"ImageObject","inLanguage":"pt-BR","@id":"https:\/\/folhapopular.info\/wp-content\/uploads\/2026\/04\/Folha-1.webp","url":"https:\/\/folhapopular.info\/wp-content\/uploads\/2026\/04\/Folha-1.webp","contentUrl":"https:\/\/folhapopular.info\/wp-content\/uploads\/2026\/04\/Folha-1.webp","caption":"Reda\u00e7\u00e3o Folha Popular"},"url":"https:\/\/folhapopular.info\/index.php\/author\/redacao\/"}]}},"jetpack_featured_media_url":"https:\/\/folhapopular.info\/wp-content\/uploads\/2019\/09\/Noticias-e1567961441371.jpg","jetpack_sharing_enabled":true,"amp_enabled":true,"_links":{"self":[{"href":"https:\/\/folhapopular.info\/index.php\/wp-json\/wp\/v2\/posts\/65294","targetHints":{"allow":["GET"]}}],"collection":[{"href":"https:\/\/folhapopular.info\/index.php\/wp-json\/wp\/v2\/posts"}],"about":[{"href":"https:\/\/folhapopular.info\/index.php\/wp-json\/wp\/v2\/types\/post"}],"author":[{"embeddable":true,"href":"https:\/\/folhapopular.info\/index.php\/wp-json\/wp\/v2\/users\/8"}],"replies":[{"embeddable":true,"href":"https:\/\/folhapopular.info\/index.php\/wp-json\/wp\/v2\/comments?post=65294"}],"version-history":[{"count":0,"href":"https:\/\/folhapopular.info\/index.php\/wp-json\/wp\/v2\/posts\/65294\/revisions"}],"wp:featuredmedia":[{"embeddable":true,"href":"https:\/\/folhapopular.info\/index.php\/wp-json\/wp\/v2\/media\/58538"}],"wp:attachment":[{"href":"https:\/\/folhapopular.info\/index.php\/wp-json\/wp\/v2\/media?parent=65294"}],"wp:term":[{"taxonomy":"category","embeddable":true,"href":"https:\/\/folhapopular.info\/index.php\/wp-json\/wp\/v2\/categories?post=65294"},{"taxonomy":"post_tag","embeddable":true,"href":"https:\/\/folhapopular.info\/index.php\/wp-json\/wp\/v2\/tags?post=65294"}],"curies":[{"name":"wp","href":"https:\/\/api.w.org\/{rel}","templated":true}]}}