{"id":65308,"date":"2020-02-26T17:20:00","date_gmt":"2020-02-26T20:20:00","guid":{"rendered":"https:\/\/folhapopular.info\/?p=65308"},"modified":"2020-02-26T17:18:13","modified_gmt":"2020-02-26T20:18:13","slug":"ponte-sobre-o-arroio-boa-vista-e-aterro-sanitario-executivo-discute-demandas-com-a-fepam","status":"publish","type":"post","link":"https:\/\/folhapopular.info\/index.php\/2020\/02\/26\/ponte-sobre-o-arroio-boa-vista-e-aterro-sanitario-executivo-discute-demandas-com-a-fepam\/","title":{"rendered":"Ponte sobre o arroio Boa Vista e Aterro Sanit\u00e1rio: Executivo discute demandas com a Fepam"},"content":{"rendered":"\n<p>O prefeito de Teut\u00f4nia, Jonatan Br\u00f6nstrup, recebeu, na manh\u00e3 desta quarta-feira (26\/02), a visita da presidente da Funda\u00e7\u00e3o Estadual de Prote\u00e7\u00e3o Ambiental (Fepam), Marjorie Kauffmann. Na  oportunidade, o Executivo solicitou agilidade na licen\u00e7a ambiental da ponte que ser\u00e1 constru\u00edda sobre o arroio Boa Vista, entre Teut\u00f4nia e Westf\u00e1lia. Marjorie ainda conheceu a operacionalidade do Aterro  Sanit\u00e1rio do Munic\u00edpio.<\/p>\n\n\n\n<p>Na primeira reuni\u00e3o da manh\u00e3, que tamb\u00e9m contou a participa\u00e7\u00e3o do prefeito de Westf\u00e1lia, Ot\u00e1vio Landmeier, foi solicitado \u00e0 presidente da Fepam a agilidade para a constru\u00e7\u00e3o da nova ponte entre o Bairro Boa Vista (Teut\u00f4nia) e Linha Frank (Westf\u00e1lia), uma vez que a estrutura atual, em pista \u00fanica, n\u00e3o comporta mais o tr\u00e1fego de ve\u00edculos, bem como oferece riscos aos usu\u00e1rios. Com a licen\u00e7a, ser\u00e1 poss\u00edvel dar andamento aos pr\u00f3ximos tr\u00e2mites para que a ponte venha a ser constru\u00edda, a partir de  conv\u00eanio firmado entre as Prefeituras de Teut\u00f4nia e Westf\u00e1lia.<\/p>\n\n\n\n<p>Jonatan Br\u00f6nstrup lembrou que a nova ponte \u00e9 necess\u00e1ria, pelas condi\u00e7\u00f5es de trafegabilidade e de seguran\u00e7a. \u201cA ponte, pelo fluxo de ve\u00edculos, n\u00e3o oferece mais condi\u00e7\u00f5es seguras de trafegabilidade. Com a nova ponte, ser\u00e1 poss\u00edvel oferecer mais seguran\u00e7a e uma via alternativa entre Teut\u00f4nia e Westf\u00e1lia. J\u00e1 firmamos a parceria com a Prefeitura de Westf\u00e1lia, unindo for\u00e7as para atender um pleito de muitos anos e que beneficiar\u00e1 os dois munic\u00edpios, n\u00e3o somente em mobilidade, mas tamb\u00e9m economicamente\u201d, enalteceu.<\/p>\n\n\n\n<p>O prefeito de Westf\u00e1lia, Ot\u00e1vio Landmeier, da mesma forma, refor\u00e7ou que a obra \u00e9 fundamental tanto para Westf\u00e1lia quanto para Teut\u00f4nia. &#8220;\u00c9 uma obra de fundamental import\u00e2ncia para os dois munic\u00edpios pelo tr\u00e2nsito intenso que h\u00e1 naquela regi\u00e3o, seja de ve\u00edculos menores e, principalmente, de caminh\u00f5es de carga. Por isso, precisamos oferecer maior seguran\u00e7a para os motoristas que passam por este local&#8221;, frisou.<\/p>\n\n\n\n<p>A ponte atual, constru\u00edda na d\u00e9cada de 50, concentra tr\u00e2nsito intenso de ve\u00edculos, seja para o escoamento da produ\u00e7\u00e3o, seja para o deslocamento de um munic\u00edpio para outro. A inten\u00e7\u00e3o \u00e9 aumentar a largura (transformando-a em pista dupla, mais uma faixa para pedestres e ciclistas), o comprimento e a altura da ponte. Assim, se evitar\u00e1 o bloqueio da via em dias de muita chuva, quando o arroio transborda e passa por cima da ponte.<\/p>\n\n\n\n<p>Ap\u00f3s a reuni\u00e3o, Br\u00f6nstrup e Marjorie, acompanhados da secret\u00e1ria de Agricultura e Meio Ambiente, Nara Regina Nichterwitz, e do subsecret\u00e1rio  a pasta, Luiz R\u00fcckert, visitaram o Aterro Sanit\u00e1rio de Teut\u00f4nia. Na oportunidade, a presidente da Fepam conheceu a operacionalidade do aterro, bem como o trabalho desenvolvido pela Cooperativa de Catadores dos Vales do Taquari e Rio Pardo (Cootralto) na Central de Triagem.<\/p>\n\n\n\n<p>Na ocasi\u00e3o, foram debatidas alternativas para a crescente demanda de res\u00edduos, dentre as quais a possibilidade de constru\u00e7\u00e3o da terceira c\u00e9lula ou outras op\u00e7\u00f5es para o tratamento e destina\u00e7\u00e3o do lixo. \u201cDurante a visita ao nosso aterro, Marjorie ficou surpresa com a organiza\u00e7\u00e3o e a limpeza do local, nos garantindo que trata-se de uma das melhores estruturas do Estado e que pode servir de refer\u00eancia para outras cidades\u201d, avaliou o prefeito.<\/p>\n\n\n\n<figure class=\"wp-block-image size-large\"><img loading=\"lazy\" decoding=\"async\" width=\"1024\" height=\"768\" src=\"https:\/\/folhapopular.info\/wp-content\/uploads\/2020\/02\/Presidente-da-Fepam-tamb\u00e9m-conheceu-o-Aterro-Sanit\u00e1rio-de-Teut\u00f4nia-1-1024x768.jpeg\" alt=\"\" class=\"wp-image-65313\" srcset=\"https:\/\/folhapopular.info\/wp-content\/uploads\/2020\/02\/Presidente-da-Fepam-tamb\u00e9m-conheceu-o-Aterro-Sanit\u00e1rio-de-Teut\u00f4nia-1-1024x768.jpeg 1024w, https:\/\/folhapopular.info\/wp-content\/uploads\/2020\/02\/Presidente-da-Fepam-tamb\u00e9m-conheceu-o-Aterro-Sanit\u00e1rio-de-Teut\u00f4nia-1-300x225.jpeg 300w, https:\/\/folhapopular.info\/wp-content\/uploads\/2020\/02\/Presidente-da-Fepam-tamb\u00e9m-conheceu-o-Aterro-Sanit\u00e1rio-de-Teut\u00f4nia-1-768x576.jpeg 768w, https:\/\/folhapopular.info\/wp-content\/uploads\/2020\/02\/Presidente-da-Fepam-tamb\u00e9m-conheceu-o-Aterro-Sanit\u00e1rio-de-Teut\u00f4nia-1-696x522.jpeg 696w, https:\/\/folhapopular.info\/wp-content\/uploads\/2020\/02\/Presidente-da-Fepam-tamb\u00e9m-conheceu-o-Aterro-Sanit\u00e1rio-de-Teut\u00f4nia-1-1068x801.jpeg 1068w, https:\/\/folhapopular.info\/wp-content\/uploads\/2020\/02\/Presidente-da-Fepam-tamb\u00e9m-conheceu-o-Aterro-Sanit\u00e1rio-de-Teut\u00f4nia-1-560x420.jpeg 560w, https:\/\/folhapopular.info\/wp-content\/uploads\/2020\/02\/Presidente-da-Fepam-tamb\u00e9m-conheceu-o-Aterro-Sanit\u00e1rio-de-Teut\u00f4nia-1-80x60.jpeg 80w, https:\/\/folhapopular.info\/wp-content\/uploads\/2020\/02\/Presidente-da-Fepam-tamb\u00e9m-conheceu-o-Aterro-Sanit\u00e1rio-de-Teut\u00f4nia-1-265x198.jpeg 265w, https:\/\/folhapopular.info\/wp-content\/uploads\/2020\/02\/Presidente-da-Fepam-tamb\u00e9m-conheceu-o-Aterro-Sanit\u00e1rio-de-Teut\u00f4nia-1.jpeg 1280w\" sizes=\"auto, (max-width: 1024px) 100vw, 1024px\" \/><figcaption> Presidente da Fepam tamb\u00e9m conheceu o Aterro Sanit\u00e1rio de Teut\u00f4nia \/ Cr\u00e9dito: Paulo S\u00e9rgio Rosa \/ Divulga\u00e7\u00e3o<\/figcaption><\/figure>\n\n\n\n<p><\/p>\n","protected":false},"excerpt":{"rendered":"<p>O prefeito de Teut\u00f4nia, Jonatan Br\u00f6nstrup, recebeu, na manh\u00e3 desta quarta-feira (26\/02), a visita da presidente da Funda\u00e7\u00e3o Estadual de Prote\u00e7\u00e3o Ambiental (Fepam), Marjorie Kauffmann. Na oportunidade, o Executivo solicitou agilidade na licen\u00e7a ambiental da ponte que ser\u00e1 constru\u00edda sobre o arroio Boa Vista, entre Teut\u00f4nia e Westf\u00e1lia. Marjorie ainda conheceu a operacionalidade do Aterro [&hellip;]<\/p>\n","protected":false},"author":8,"featured_media":65312,"comment_status":"open","ping_status":"open","sticky":false,"template":"","format":"standard","meta":{"pmpro_default_level":"","_jetpack_memberships_contains_paid_content":false,"footnotes":""},"categories":[2,3],"tags":[433,5303,26,25],"class_list":{"0":"post-65308","1":"post","2":"type-post","3":"status-publish","4":"format-standard","5":"has-post-thumbnail","7":"category-featured","8":"category-geral","9":"tag-aterro-sanitario","10":"tag-fepam","11":"tag-teutonia","12":"tag-westfalia","13":"pmpro-has-access"},"yoast_head":"<!-- This site is optimized with the Yoast SEO plugin v27.5 - https:\/\/yoast.com\/product\/yoast-seo-wordpress\/ -->\n<title>Ponte sobre o arroio Boa Vista e Aterro Sanit\u00e1rio: Executivo discute demandas com a Fepam - Folha Popular<\/title>\n<meta name=\"robots\" content=\"index, follow, max-snippet:-1, max-image-preview:large, max-video-preview:-1\" \/>\n<link rel=\"canonical\" href=\"https:\/\/folhapopular.info\/index.php\/2020\/02\/26\/ponte-sobre-o-arroio-boa-vista-e-aterro-sanitario-executivo-discute-demandas-com-a-fepam\/\" \/>\n<meta property=\"og:locale\" content=\"pt_BR\" \/>\n<meta property=\"og:type\" content=\"article\" \/>\n<meta property=\"og:title\" content=\"Ponte sobre o arroio Boa Vista e Aterro Sanit\u00e1rio: Executivo discute demandas com a Fepam - Folha Popular\" \/>\n<meta property=\"og:description\" content=\"O prefeito de Teut\u00f4nia, Jonatan Br\u00f6nstrup, recebeu, na manh\u00e3 desta quarta-feira (26\/02), a visita da presidente da Funda\u00e7\u00e3o Estadual de Prote\u00e7\u00e3o Ambiental (Fepam), Marjorie Kauffmann. Na oportunidade, o Executivo solicitou agilidade na licen\u00e7a ambiental da ponte que ser\u00e1 constru\u00edda sobre o arroio Boa Vista, entre Teut\u00f4nia e Westf\u00e1lia. Marjorie ainda conheceu a operacionalidade do Aterro [&hellip;]\" \/>\n<meta property=\"og:url\" content=\"https:\/\/folhapopular.info\/index.php\/2020\/02\/26\/ponte-sobre-o-arroio-boa-vista-e-aterro-sanitario-executivo-discute-demandas-com-a-fepam\/\" \/>\n<meta property=\"og:site_name\" content=\"Folha Popular\" \/>\n<meta property=\"article:published_time\" content=\"2020-02-26T20:20:00+00:00\" \/>\n<meta property=\"og:image\" content=\"https:\/\/folhapopular.info\/wp-content\/uploads\/2020\/02\/Teut\u00f4nia-e-Westf\u00e1lia-solicitaram-\u00e0-Fepam-agilidade-na-licen\u00e7a-ambiental-para-a-constru\u00e7\u00e3o-de-ponte-1-e1582746264577.jpeg\" \/>\n\t<meta property=\"og:image:width\" content=\"800\" \/>\n\t<meta property=\"og:image:height\" content=\"533\" \/>\n\t<meta property=\"og:image:type\" content=\"image\/jpeg\" \/>\n<meta name=\"author\" content=\"Reda\u00e7\u00e3o Folha Popular\" \/>\n<meta name=\"twitter:card\" content=\"summary_large_image\" \/>\n<meta name=\"twitter:label1\" content=\"Escrito por\" \/>\n\t<meta name=\"twitter:data1\" content=\"Reda\u00e7\u00e3o Folha Popular\" \/>\n\t<meta name=\"twitter:label2\" content=\"Est. tempo de leitura\" \/>\n\t<meta name=\"twitter:data2\" content=\"3 minutos\" \/>\n<script type=\"application\/ld+json\" class=\"yoast-schema-graph\">{\"@context\":\"https:\\\/\\\/schema.org\",\"@graph\":[{\"@type\":\"Article\",\"@id\":\"https:\\\/\\\/folhapopular.info\\\/index.php\\\/2020\\\/02\\\/26\\\/ponte-sobre-o-arroio-boa-vista-e-aterro-sanitario-executivo-discute-demandas-com-a-fepam\\\/#article\",\"isPartOf\":{\"@id\":\"https:\\\/\\\/folhapopular.info\\\/index.php\\\/2020\\\/02\\\/26\\\/ponte-sobre-o-arroio-boa-vista-e-aterro-sanitario-executivo-discute-demandas-com-a-fepam\\\/\"},\"author\":{\"name\":\"Reda\u00e7\u00e3o Folha Popular\",\"@id\":\"https:\\\/\\\/folhapopular.info\\\/#\\\/schema\\\/person\\\/2814e8a0df7643585a9ca38bc6eb9d4b\"},\"headline\":\"Ponte sobre o arroio Boa Vista e Aterro Sanit\u00e1rio: Executivo discute demandas com a Fepam\",\"datePublished\":\"2020-02-26T20:20:00+00:00\",\"mainEntityOfPage\":{\"@id\":\"https:\\\/\\\/folhapopular.info\\\/index.php\\\/2020\\\/02\\\/26\\\/ponte-sobre-o-arroio-boa-vista-e-aterro-sanitario-executivo-discute-demandas-com-a-fepam\\\/\"},\"wordCount\":609,\"commentCount\":0,\"image\":{\"@id\":\"https:\\\/\\\/folhapopular.info\\\/index.php\\\/2020\\\/02\\\/26\\\/ponte-sobre-o-arroio-boa-vista-e-aterro-sanitario-executivo-discute-demandas-com-a-fepam\\\/#primaryimage\"},\"thumbnailUrl\":\"https:\\\/\\\/folhapopular.info\\\/wp-content\\\/uploads\\\/2020\\\/02\\\/Teut\u00f4nia-e-Westf\u00e1lia-solicitaram-\u00e0-Fepam-agilidade-na-licen\u00e7a-ambiental-para-a-constru\u00e7\u00e3o-de-ponte-1-e1582746264577.jpeg\",\"keywords\":[\"Aterro Sanit\u00e1rio\",\"Fepam\",\"Teut\u00f4nia\",\"Westf\u00e1lia\"],\"articleSection\":[\"Destaques\",\"Geral\"],\"inLanguage\":\"pt-BR\",\"potentialAction\":[{\"@type\":\"CommentAction\",\"name\":\"Comment\",\"target\":[\"https:\\\/\\\/folhapopular.info\\\/index.php\\\/2020\\\/02\\\/26\\\/ponte-sobre-o-arroio-boa-vista-e-aterro-sanitario-executivo-discute-demandas-com-a-fepam\\\/#respond\"]}]},{\"@type\":\"WebPage\",\"@id\":\"https:\\\/\\\/folhapopular.info\\\/index.php\\\/2020\\\/02\\\/26\\\/ponte-sobre-o-arroio-boa-vista-e-aterro-sanitario-executivo-discute-demandas-com-a-fepam\\\/\",\"url\":\"https:\\\/\\\/folhapopular.info\\\/index.php\\\/2020\\\/02\\\/26\\\/ponte-sobre-o-arroio-boa-vista-e-aterro-sanitario-executivo-discute-demandas-com-a-fepam\\\/\",\"name\":\"Ponte sobre o arroio Boa Vista e Aterro Sanit\u00e1rio: Executivo discute demandas com a Fepam - Folha Popular\",\"isPartOf\":{\"@id\":\"https:\\\/\\\/folhapopular.info\\\/#website\"},\"primaryImageOfPage\":{\"@id\":\"https:\\\/\\\/folhapopular.info\\\/index.php\\\/2020\\\/02\\\/26\\\/ponte-sobre-o-arroio-boa-vista-e-aterro-sanitario-executivo-discute-demandas-com-a-fepam\\\/#primaryimage\"},\"image\":{\"@id\":\"https:\\\/\\\/folhapopular.info\\\/index.php\\\/2020\\\/02\\\/26\\\/ponte-sobre-o-arroio-boa-vista-e-aterro-sanitario-executivo-discute-demandas-com-a-fepam\\\/#primaryimage\"},\"thumbnailUrl\":\"https:\\\/\\\/folhapopular.info\\\/wp-content\\\/uploads\\\/2020\\\/02\\\/Teut\u00f4nia-e-Westf\u00e1lia-solicitaram-\u00e0-Fepam-agilidade-na-licen\u00e7a-ambiental-para-a-constru\u00e7\u00e3o-de-ponte-1-e1582746264577.jpeg\",\"datePublished\":\"2020-02-26T20:20:00+00:00\",\"author\":{\"@id\":\"https:\\\/\\\/folhapopular.info\\\/#\\\/schema\\\/person\\\/2814e8a0df7643585a9ca38bc6eb9d4b\"},\"breadcrumb\":{\"@id\":\"https:\\\/\\\/folhapopular.info\\\/index.php\\\/2020\\\/02\\\/26\\\/ponte-sobre-o-arroio-boa-vista-e-aterro-sanitario-executivo-discute-demandas-com-a-fepam\\\/#breadcrumb\"},\"inLanguage\":\"pt-BR\",\"potentialAction\":[{\"@type\":\"ReadAction\",\"target\":[\"https:\\\/\\\/folhapopular.info\\\/index.php\\\/2020\\\/02\\\/26\\\/ponte-sobre-o-arroio-boa-vista-e-aterro-sanitario-executivo-discute-demandas-com-a-fepam\\\/\"]}]},{\"@type\":\"ImageObject\",\"inLanguage\":\"pt-BR\",\"@id\":\"https:\\\/\\\/folhapopular.info\\\/index.php\\\/2020\\\/02\\\/26\\\/ponte-sobre-o-arroio-boa-vista-e-aterro-sanitario-executivo-discute-demandas-com-a-fepam\\\/#primaryimage\",\"url\":\"https:\\\/\\\/folhapopular.info\\\/wp-content\\\/uploads\\\/2020\\\/02\\\/Teut\u00f4nia-e-Westf\u00e1lia-solicitaram-\u00e0-Fepam-agilidade-na-licen\u00e7a-ambiental-para-a-constru\u00e7\u00e3o-de-ponte-1-e1582746264577.jpeg\",\"contentUrl\":\"https:\\\/\\\/folhapopular.info\\\/wp-content\\\/uploads\\\/2020\\\/02\\\/Teut\u00f4nia-e-Westf\u00e1lia-solicitaram-\u00e0-Fepam-agilidade-na-licen\u00e7a-ambiental-para-a-constru\u00e7\u00e3o-de-ponte-1-e1582746264577.jpeg\",\"width\":800,\"height\":533,\"caption\":\"Teut\u00f4nia e Westf\u00e1lia solicitaram \u00e0 Fepam agilidade na licen\u00e7a ambiental para a constru\u00e7\u00e3o de ponte \\\/ Cr\u00e9dito: Paulo S\u00e9rgio Rosa \\\/ Divulga\u00e7\u00e3o\"},{\"@type\":\"BreadcrumbList\",\"@id\":\"https:\\\/\\\/folhapopular.info\\\/index.php\\\/2020\\\/02\\\/26\\\/ponte-sobre-o-arroio-boa-vista-e-aterro-sanitario-executivo-discute-demandas-com-a-fepam\\\/#breadcrumb\",\"itemListElement\":[{\"@type\":\"ListItem\",\"position\":1,\"name\":\"In\u00edcio\",\"item\":\"https:\\\/\\\/folhapopular.info\\\/\"},{\"@type\":\"ListItem\",\"position\":2,\"name\":\"Ponte sobre o arroio Boa Vista e Aterro Sanit\u00e1rio: Executivo discute demandas com a Fepam\"}]},{\"@type\":\"WebSite\",\"@id\":\"https:\\\/\\\/folhapopular.info\\\/#website\",\"url\":\"https:\\\/\\\/folhapopular.info\\\/\",\"name\":\"Folha Popular\",\"description\":\"Onde voc\u00ea tem vez e voz\",\"potentialAction\":[{\"@type\":\"SearchAction\",\"target\":{\"@type\":\"EntryPoint\",\"urlTemplate\":\"https:\\\/\\\/folhapopular.info\\\/?s={search_term_string}\"},\"query-input\":{\"@type\":\"PropertyValueSpecification\",\"valueRequired\":true,\"valueName\":\"search_term_string\"}}],\"inLanguage\":\"pt-BR\"},{\"@type\":\"Person\",\"@id\":\"https:\\\/\\\/folhapopular.info\\\/#\\\/schema\\\/person\\\/2814e8a0df7643585a9ca38bc6eb9d4b\",\"name\":\"Reda\u00e7\u00e3o Folha Popular\",\"image\":{\"@type\":\"ImageObject\",\"inLanguage\":\"pt-BR\",\"@id\":\"https:\\\/\\\/folhapopular.info\\\/wp-content\\\/uploads\\\/2026\\\/04\\\/Folha-1.webp\",\"url\":\"https:\\\/\\\/folhapopular.info\\\/wp-content\\\/uploads\\\/2026\\\/04\\\/Folha-1.webp\",\"contentUrl\":\"https:\\\/\\\/folhapopular.info\\\/wp-content\\\/uploads\\\/2026\\\/04\\\/Folha-1.webp\",\"caption\":\"Reda\u00e7\u00e3o Folha Popular\"},\"url\":\"https:\\\/\\\/folhapopular.info\\\/index.php\\\/author\\\/redacao\\\/\"}]}<\/script>\n<!-- \/ Yoast SEO plugin. -->","yoast_head_json":{"title":"Ponte sobre o arroio Boa Vista e Aterro Sanit\u00e1rio: Executivo discute demandas com a Fepam - Folha Popular","robots":{"index":"index","follow":"follow","max-snippet":"max-snippet:-1","max-image-preview":"max-image-preview:large","max-video-preview":"max-video-preview:-1"},"canonical":"https:\/\/folhapopular.info\/index.php\/2020\/02\/26\/ponte-sobre-o-arroio-boa-vista-e-aterro-sanitario-executivo-discute-demandas-com-a-fepam\/","og_locale":"pt_BR","og_type":"article","og_title":"Ponte sobre o arroio Boa Vista e Aterro Sanit\u00e1rio: Executivo discute demandas com a Fepam - Folha Popular","og_description":"O prefeito de Teut\u00f4nia, Jonatan Br\u00f6nstrup, recebeu, na manh\u00e3 desta quarta-feira (26\/02), a visita da presidente da Funda\u00e7\u00e3o Estadual de Prote\u00e7\u00e3o Ambiental (Fepam), Marjorie Kauffmann. Na oportunidade, o Executivo solicitou agilidade na licen\u00e7a ambiental da ponte que ser\u00e1 constru\u00edda sobre o arroio Boa Vista, entre Teut\u00f4nia e Westf\u00e1lia. Marjorie ainda conheceu a operacionalidade do Aterro [&hellip;]","og_url":"https:\/\/folhapopular.info\/index.php\/2020\/02\/26\/ponte-sobre-o-arroio-boa-vista-e-aterro-sanitario-executivo-discute-demandas-com-a-fepam\/","og_site_name":"Folha Popular","article_published_time":"2020-02-26T20:20:00+00:00","og_image":[{"width":800,"height":533,"url":"https:\/\/folhapopular.info\/wp-content\/uploads\/2020\/02\/Teut\u00f4nia-e-Westf\u00e1lia-solicitaram-\u00e0-Fepam-agilidade-na-licen\u00e7a-ambiental-para-a-constru\u00e7\u00e3o-de-ponte-1-e1582746264577.jpeg","type":"image\/jpeg"}],"author":"Reda\u00e7\u00e3o Folha Popular","twitter_card":"summary_large_image","twitter_misc":{"Escrito por":"Reda\u00e7\u00e3o Folha Popular","Est. tempo de leitura":"3 minutos"},"schema":{"@context":"https:\/\/schema.org","@graph":[{"@type":"Article","@id":"https:\/\/folhapopular.info\/index.php\/2020\/02\/26\/ponte-sobre-o-arroio-boa-vista-e-aterro-sanitario-executivo-discute-demandas-com-a-fepam\/#article","isPartOf":{"@id":"https:\/\/folhapopular.info\/index.php\/2020\/02\/26\/ponte-sobre-o-arroio-boa-vista-e-aterro-sanitario-executivo-discute-demandas-com-a-fepam\/"},"author":{"name":"Reda\u00e7\u00e3o Folha Popular","@id":"https:\/\/folhapopular.info\/#\/schema\/person\/2814e8a0df7643585a9ca38bc6eb9d4b"},"headline":"Ponte sobre o arroio Boa Vista e Aterro Sanit\u00e1rio: Executivo discute demandas com a Fepam","datePublished":"2020-02-26T20:20:00+00:00","mainEntityOfPage":{"@id":"https:\/\/folhapopular.info\/index.php\/2020\/02\/26\/ponte-sobre-o-arroio-boa-vista-e-aterro-sanitario-executivo-discute-demandas-com-a-fepam\/"},"wordCount":609,"commentCount":0,"image":{"@id":"https:\/\/folhapopular.info\/index.php\/2020\/02\/26\/ponte-sobre-o-arroio-boa-vista-e-aterro-sanitario-executivo-discute-demandas-com-a-fepam\/#primaryimage"},"thumbnailUrl":"https:\/\/folhapopular.info\/wp-content\/uploads\/2020\/02\/Teut\u00f4nia-e-Westf\u00e1lia-solicitaram-\u00e0-Fepam-agilidade-na-licen\u00e7a-ambiental-para-a-constru\u00e7\u00e3o-de-ponte-1-e1582746264577.jpeg","keywords":["Aterro Sanit\u00e1rio","Fepam","Teut\u00f4nia","Westf\u00e1lia"],"articleSection":["Destaques","Geral"],"inLanguage":"pt-BR","potentialAction":[{"@type":"CommentAction","name":"Comment","target":["https:\/\/folhapopular.info\/index.php\/2020\/02\/26\/ponte-sobre-o-arroio-boa-vista-e-aterro-sanitario-executivo-discute-demandas-com-a-fepam\/#respond"]}]},{"@type":"WebPage","@id":"https:\/\/folhapopular.info\/index.php\/2020\/02\/26\/ponte-sobre-o-arroio-boa-vista-e-aterro-sanitario-executivo-discute-demandas-com-a-fepam\/","url":"https:\/\/folhapopular.info\/index.php\/2020\/02\/26\/ponte-sobre-o-arroio-boa-vista-e-aterro-sanitario-executivo-discute-demandas-com-a-fepam\/","name":"Ponte sobre o arroio Boa Vista e Aterro Sanit\u00e1rio: Executivo discute demandas com a Fepam - Folha Popular","isPartOf":{"@id":"https:\/\/folhapopular.info\/#website"},"primaryImageOfPage":{"@id":"https:\/\/folhapopular.info\/index.php\/2020\/02\/26\/ponte-sobre-o-arroio-boa-vista-e-aterro-sanitario-executivo-discute-demandas-com-a-fepam\/#primaryimage"},"image":{"@id":"https:\/\/folhapopular.info\/index.php\/2020\/02\/26\/ponte-sobre-o-arroio-boa-vista-e-aterro-sanitario-executivo-discute-demandas-com-a-fepam\/#primaryimage"},"thumbnailUrl":"https:\/\/folhapopular.info\/wp-content\/uploads\/2020\/02\/Teut\u00f4nia-e-Westf\u00e1lia-solicitaram-\u00e0-Fepam-agilidade-na-licen\u00e7a-ambiental-para-a-constru\u00e7\u00e3o-de-ponte-1-e1582746264577.jpeg","datePublished":"2020-02-26T20:20:00+00:00","author":{"@id":"https:\/\/folhapopular.info\/#\/schema\/person\/2814e8a0df7643585a9ca38bc6eb9d4b"},"breadcrumb":{"@id":"https:\/\/folhapopular.info\/index.php\/2020\/02\/26\/ponte-sobre-o-arroio-boa-vista-e-aterro-sanitario-executivo-discute-demandas-com-a-fepam\/#breadcrumb"},"inLanguage":"pt-BR","potentialAction":[{"@type":"ReadAction","target":["https:\/\/folhapopular.info\/index.php\/2020\/02\/26\/ponte-sobre-o-arroio-boa-vista-e-aterro-sanitario-executivo-discute-demandas-com-a-fepam\/"]}]},{"@type":"ImageObject","inLanguage":"pt-BR","@id":"https:\/\/folhapopular.info\/index.php\/2020\/02\/26\/ponte-sobre-o-arroio-boa-vista-e-aterro-sanitario-executivo-discute-demandas-com-a-fepam\/#primaryimage","url":"https:\/\/folhapopular.info\/wp-content\/uploads\/2020\/02\/Teut\u00f4nia-e-Westf\u00e1lia-solicitaram-\u00e0-Fepam-agilidade-na-licen\u00e7a-ambiental-para-a-constru\u00e7\u00e3o-de-ponte-1-e1582746264577.jpeg","contentUrl":"https:\/\/folhapopular.info\/wp-content\/uploads\/2020\/02\/Teut\u00f4nia-e-Westf\u00e1lia-solicitaram-\u00e0-Fepam-agilidade-na-licen\u00e7a-ambiental-para-a-constru\u00e7\u00e3o-de-ponte-1-e1582746264577.jpeg","width":800,"height":533,"caption":"Teut\u00f4nia e Westf\u00e1lia solicitaram \u00e0 Fepam agilidade na licen\u00e7a ambiental para a constru\u00e7\u00e3o de ponte \/ Cr\u00e9dito: Paulo S\u00e9rgio Rosa \/ Divulga\u00e7\u00e3o"},{"@type":"BreadcrumbList","@id":"https:\/\/folhapopular.info\/index.php\/2020\/02\/26\/ponte-sobre-o-arroio-boa-vista-e-aterro-sanitario-executivo-discute-demandas-com-a-fepam\/#breadcrumb","itemListElement":[{"@type":"ListItem","position":1,"name":"In\u00edcio","item":"https:\/\/folhapopular.info\/"},{"@type":"ListItem","position":2,"name":"Ponte sobre o arroio Boa Vista e Aterro Sanit\u00e1rio: Executivo discute demandas com a Fepam"}]},{"@type":"WebSite","@id":"https:\/\/folhapopular.info\/#website","url":"https:\/\/folhapopular.info\/","name":"Folha Popular","description":"Onde voc\u00ea tem vez e voz","potentialAction":[{"@type":"SearchAction","target":{"@type":"EntryPoint","urlTemplate":"https:\/\/folhapopular.info\/?s={search_term_string}"},"query-input":{"@type":"PropertyValueSpecification","valueRequired":true,"valueName":"search_term_string"}}],"inLanguage":"pt-BR"},{"@type":"Person","@id":"https:\/\/folhapopular.info\/#\/schema\/person\/2814e8a0df7643585a9ca38bc6eb9d4b","name":"Reda\u00e7\u00e3o Folha Popular","image":{"@type":"ImageObject","inLanguage":"pt-BR","@id":"https:\/\/folhapopular.info\/wp-content\/uploads\/2026\/04\/Folha-1.webp","url":"https:\/\/folhapopular.info\/wp-content\/uploads\/2026\/04\/Folha-1.webp","contentUrl":"https:\/\/folhapopular.info\/wp-content\/uploads\/2026\/04\/Folha-1.webp","caption":"Reda\u00e7\u00e3o Folha Popular"},"url":"https:\/\/folhapopular.info\/index.php\/author\/redacao\/"}]}},"jetpack_featured_media_url":"https:\/\/folhapopular.info\/wp-content\/uploads\/2020\/02\/Teut\u00f4nia-e-Westf\u00e1lia-solicitaram-\u00e0-Fepam-agilidade-na-licen\u00e7a-ambiental-para-a-constru\u00e7\u00e3o-de-ponte-1-e1582746264577.jpeg","jetpack_sharing_enabled":true,"amp_enabled":true,"_links":{"self":[{"href":"https:\/\/folhapopular.info\/index.php\/wp-json\/wp\/v2\/posts\/65308","targetHints":{"allow":["GET"]}}],"collection":[{"href":"https:\/\/folhapopular.info\/index.php\/wp-json\/wp\/v2\/posts"}],"about":[{"href":"https:\/\/folhapopular.info\/index.php\/wp-json\/wp\/v2\/types\/post"}],"author":[{"embeddable":true,"href":"https:\/\/folhapopular.info\/index.php\/wp-json\/wp\/v2\/users\/8"}],"replies":[{"embeddable":true,"href":"https:\/\/folhapopular.info\/index.php\/wp-json\/wp\/v2\/comments?post=65308"}],"version-history":[{"count":0,"href":"https:\/\/folhapopular.info\/index.php\/wp-json\/wp\/v2\/posts\/65308\/revisions"}],"wp:featuredmedia":[{"embeddable":true,"href":"https:\/\/folhapopular.info\/index.php\/wp-json\/wp\/v2\/media\/65312"}],"wp:attachment":[{"href":"https:\/\/folhapopular.info\/index.php\/wp-json\/wp\/v2\/media?parent=65308"}],"wp:term":[{"taxonomy":"category","embeddable":true,"href":"https:\/\/folhapopular.info\/index.php\/wp-json\/wp\/v2\/categories?post=65308"},{"taxonomy":"post_tag","embeddable":true,"href":"https:\/\/folhapopular.info\/index.php\/wp-json\/wp\/v2\/tags?post=65308"}],"curies":[{"name":"wp","href":"https:\/\/api.w.org\/{rel}","templated":true}]}}