{"id":65387,"date":"2020-02-28T06:20:00","date_gmt":"2020-02-28T09:20:00","guid":{"rendered":"https:\/\/folhapopular.info\/?p=65387"},"modified":"2020-02-27T17:55:24","modified_gmt":"2020-02-27T20:55:24","slug":"comeca-a-temporada-do-teatro-em-estrela","status":"publish","type":"post","link":"https:\/\/folhapopular.info\/index.php\/2020\/02\/28\/comeca-a-temporada-do-teatro-em-estrela\/","title":{"rendered":"Come\u00e7a a temporada do teatro em Estrela"},"content":{"rendered":"\n<p>O fim do Carnaval marca o in\u00edcio da temporada nos palcos de Estrela. S\u00e3o tr\u00eas os n\u00facleos que voltam a receber jovens atores estudantes do munic\u00edpio em oficinas que contam com a parceria da Secretaria Municipal de Cultura e Turismo (Secultur): as do N\u00facleo Cultural e Grupo Go.Star, e no Col\u00e9gio Santo Ant\u00f4nio.<\/p>\n\n\n\n<p>As aulas no N\u00facleo Cultural, no&nbsp;Centro de Cultura e Turismo Bertholdo Gausmann, s\u00e3o realizadas atrav\u00e9s do grupo Espa\u00e7o da Arte. Ser\u00e1 o 15\u00ba ano de atividades ininterruptas da organiza\u00e7\u00e3o na cidade. Nesse tempo de trabalho foram contabilizados 1.713 estudantes de Estrela que participaram das aulas. As oficinas s\u00e3o abertas a jovens do Ensino Fundamental e M\u00e9dio. Os grupos re\u00fanem-se uma vez por semana, por 90 minutos, e s\u00e3o divididos conforme o ano que estudam: \u00e0s 9h, para alunos de 5\u00ba ao 9\u00ba ano do Ensino Fundamental; \u00e0s 13h30min, do 9\u00ba ano ao Ensino M\u00e9dio; e 15h30min, de 6\u00ba ao 8\u00ba ano do Fundamental.<\/p>\n\n\n\n<p>Os dois grupos do Ensino Fundamental retomaram as aulas nesta&nbsp;quinta-feira (27\/02). As atividades com os estudantes do Ensino M\u00e9dio ocorrer\u00e3o a partir do dia 12 de mar\u00e7o. A novidade \u00e9 a mudan\u00e7a do dia das aulas, com o objetivo de se adequar aos hor\u00e1rios dos alunos que t\u00eam atividades no contraturno escolar. Passam de&nbsp;segunda&nbsp;para&nbsp;quinta-feira. Como em todas as oficinas do N\u00facleo Cultural, h\u00e1 a cobran\u00e7a de uma taxa mensal.<\/p>\n\n\n\n<p><strong>Restritas e particulares<\/strong><\/p>\n\n\n\n<p>Por sua vez, o Go.Star, retomou \u00e0s atividades na \u00faltima semana. O grupo  tamb\u00e9m faz parte do N\u00facleo Cultural, mas \u00e9 composto por alunos convidados, j\u00e1 com maior destaque e dedica\u00e7\u00e3o \u00e0 espec\u00edfica arte.  Re\u00fane-se entre 18h45 e 21h30, nas segundas-feiras. J\u00e1 as aulas no Col\u00e9gio Santo Ant\u00f4nio come\u00e7am dia&nbsp;5 de mar\u00e7o, restritas a estudantes da institui\u00e7\u00e3o.<\/p>\n\n\n\n<p>O  professor Fernando Tepasse, diretor executivo do Espa\u00e7o da Arte e  professor no Centro de Cultura, est\u00e1 \u00e0 frente dos grupos, com apoio de  Caroline Costa. \u201cUma gera\u00e7\u00e3o de crian\u00e7as e adolescentes cresceu fazendo arte conosco. Tenho a certeza de que plantamos uma semente muito  positiva e esperamos que nesses pr\u00f3ximos anos possamos fazer a diferen\u00e7a  para mais centenas de crian\u00e7as e jovens que vir\u00e3o\u201d, analisa. Ele explica o que os alunos, principalmente os novos, podem esperar do  teatro ao longo do ano. \u201cSe voc\u00ea busca fazer novos e verdadeiros amigos,  aumentar sua autoestima e autoconfian\u00e7a, aprimorar sua capacidade de comunica\u00e7\u00e3o e express\u00e3o, al\u00e9m de viver momentos \u00fanicos e inimagin\u00e1veis, esse \u00e9 o seu lugar\u201d, finaliza. Mais informa\u00e7\u00f5es na Secultur, pelo telefone 3981-1198 (N\u00facleo Cultural) e com o professor Tepasse  (9.9334-5377).<\/p>\n","protected":false},"excerpt":{"rendered":"<p>O fim do Carnaval marca o in\u00edcio da temporada nos palcos de Estrela. S\u00e3o tr\u00eas os n\u00facleos que voltam a receber jovens atores estudantes do munic\u00edpio em oficinas que contam com a parceria da Secretaria Municipal de Cultura e Turismo (Secultur): as do N\u00facleo Cultural e Grupo Go.Star, e no Col\u00e9gio Santo Ant\u00f4nio. As aulas [&hellip;]<\/p>\n","protected":false},"author":8,"featured_media":65391,"comment_status":"open","ping_status":"open","sticky":false,"template":"","format":"standard","meta":{"pmpro_default_level":"","_jetpack_memberships_contains_paid_content":false,"footnotes":""},"categories":[2,3],"tags":[5626,8,548],"class_list":{"0":"post-65387","1":"post","2":"type-post","3":"status-publish","4":"format-standard","5":"has-post-thumbnail","7":"category-featured","8":"category-geral","9":"tag-atividades","10":"tag-estrela","11":"tag-teatro","12":"pmpro-has-access"},"yoast_head":"<!-- This site is optimized with the Yoast SEO plugin v27.5 - https:\/\/yoast.com\/product\/yoast-seo-wordpress\/ -->\n<title>Come\u00e7a a temporada do teatro em Estrela - Folha Popular<\/title>\n<meta name=\"robots\" content=\"index, follow, max-snippet:-1, max-image-preview:large, max-video-preview:-1\" \/>\n<link rel=\"canonical\" href=\"https:\/\/folhapopular.info\/index.php\/2020\/02\/28\/comeca-a-temporada-do-teatro-em-estrela\/\" \/>\n<meta property=\"og:locale\" content=\"pt_BR\" \/>\n<meta property=\"og:type\" content=\"article\" \/>\n<meta property=\"og:title\" content=\"Come\u00e7a a temporada do teatro em Estrela - Folha Popular\" \/>\n<meta property=\"og:description\" content=\"O fim do Carnaval marca o in\u00edcio da temporada nos palcos de Estrela. S\u00e3o tr\u00eas os n\u00facleos que voltam a receber jovens atores estudantes do munic\u00edpio em oficinas que contam com a parceria da Secretaria Municipal de Cultura e Turismo (Secultur): as do N\u00facleo Cultural e Grupo Go.Star, e no Col\u00e9gio Santo Ant\u00f4nio. As aulas [&hellip;]\" \/>\n<meta property=\"og:url\" content=\"https:\/\/folhapopular.info\/index.php\/2020\/02\/28\/comeca-a-temporada-do-teatro-em-estrela\/\" \/>\n<meta property=\"og:site_name\" content=\"Folha Popular\" \/>\n<meta property=\"article:published_time\" content=\"2020-02-28T09:20:00+00:00\" \/>\n<meta property=\"og:image\" content=\"https:\/\/folhapopular.info\/wp-content\/uploads\/2020\/02\/Oficinas-teatro-N\u00facleo-Cultural-geral-e1582835560672.jpeg\" \/>\n\t<meta property=\"og:image:width\" content=\"800\" \/>\n\t<meta property=\"og:image:height\" content=\"600\" \/>\n\t<meta property=\"og:image:type\" content=\"image\/jpeg\" \/>\n<meta name=\"author\" content=\"Reda\u00e7\u00e3o Folha Popular\" \/>\n<meta name=\"twitter:card\" content=\"summary_large_image\" \/>\n<meta name=\"twitter:label1\" content=\"Escrito por\" \/>\n\t<meta name=\"twitter:data1\" content=\"Reda\u00e7\u00e3o Folha Popular\" \/>\n\t<meta name=\"twitter:label2\" content=\"Est. tempo de leitura\" \/>\n\t<meta name=\"twitter:data2\" content=\"2 minutos\" \/>\n<script type=\"application\/ld+json\" class=\"yoast-schema-graph\">{\"@context\":\"https:\\\/\\\/schema.org\",\"@graph\":[{\"@type\":\"Article\",\"@id\":\"https:\\\/\\\/folhapopular.info\\\/index.php\\\/2020\\\/02\\\/28\\\/comeca-a-temporada-do-teatro-em-estrela\\\/#article\",\"isPartOf\":{\"@id\":\"https:\\\/\\\/folhapopular.info\\\/index.php\\\/2020\\\/02\\\/28\\\/comeca-a-temporada-do-teatro-em-estrela\\\/\"},\"author\":{\"name\":\"Reda\u00e7\u00e3o Folha Popular\",\"@id\":\"https:\\\/\\\/folhapopular.info\\\/#\\\/schema\\\/person\\\/2814e8a0df7643585a9ca38bc6eb9d4b\"},\"headline\":\"Come\u00e7a a temporada do teatro em Estrela\",\"datePublished\":\"2020-02-28T09:20:00+00:00\",\"mainEntityOfPage\":{\"@id\":\"https:\\\/\\\/folhapopular.info\\\/index.php\\\/2020\\\/02\\\/28\\\/comeca-a-temporada-do-teatro-em-estrela\\\/\"},\"wordCount\":474,\"commentCount\":0,\"image\":{\"@id\":\"https:\\\/\\\/folhapopular.info\\\/index.php\\\/2020\\\/02\\\/28\\\/comeca-a-temporada-do-teatro-em-estrela\\\/#primaryimage\"},\"thumbnailUrl\":\"https:\\\/\\\/folhapopular.info\\\/wp-content\\\/uploads\\\/2020\\\/02\\\/Oficinas-teatro-N\u00facleo-Cultural-geral-e1582835560672.jpeg\",\"keywords\":[\"Atividades\",\"Estrela\",\"Teatro\"],\"articleSection\":[\"Destaques\",\"Geral\"],\"inLanguage\":\"pt-BR\",\"potentialAction\":[{\"@type\":\"CommentAction\",\"name\":\"Comment\",\"target\":[\"https:\\\/\\\/folhapopular.info\\\/index.php\\\/2020\\\/02\\\/28\\\/comeca-a-temporada-do-teatro-em-estrela\\\/#respond\"]}]},{\"@type\":\"WebPage\",\"@id\":\"https:\\\/\\\/folhapopular.info\\\/index.php\\\/2020\\\/02\\\/28\\\/comeca-a-temporada-do-teatro-em-estrela\\\/\",\"url\":\"https:\\\/\\\/folhapopular.info\\\/index.php\\\/2020\\\/02\\\/28\\\/comeca-a-temporada-do-teatro-em-estrela\\\/\",\"name\":\"Come\u00e7a a temporada do teatro em Estrela - Folha Popular\",\"isPartOf\":{\"@id\":\"https:\\\/\\\/folhapopular.info\\\/#website\"},\"primaryImageOfPage\":{\"@id\":\"https:\\\/\\\/folhapopular.info\\\/index.php\\\/2020\\\/02\\\/28\\\/comeca-a-temporada-do-teatro-em-estrela\\\/#primaryimage\"},\"image\":{\"@id\":\"https:\\\/\\\/folhapopular.info\\\/index.php\\\/2020\\\/02\\\/28\\\/comeca-a-temporada-do-teatro-em-estrela\\\/#primaryimage\"},\"thumbnailUrl\":\"https:\\\/\\\/folhapopular.info\\\/wp-content\\\/uploads\\\/2020\\\/02\\\/Oficinas-teatro-N\u00facleo-Cultural-geral-e1582835560672.jpeg\",\"datePublished\":\"2020-02-28T09:20:00+00:00\",\"author\":{\"@id\":\"https:\\\/\\\/folhapopular.info\\\/#\\\/schema\\\/person\\\/2814e8a0df7643585a9ca38bc6eb9d4b\"},\"breadcrumb\":{\"@id\":\"https:\\\/\\\/folhapopular.info\\\/index.php\\\/2020\\\/02\\\/28\\\/comeca-a-temporada-do-teatro-em-estrela\\\/#breadcrumb\"},\"inLanguage\":\"pt-BR\",\"potentialAction\":[{\"@type\":\"ReadAction\",\"target\":[\"https:\\\/\\\/folhapopular.info\\\/index.php\\\/2020\\\/02\\\/28\\\/comeca-a-temporada-do-teatro-em-estrela\\\/\"]}]},{\"@type\":\"ImageObject\",\"inLanguage\":\"pt-BR\",\"@id\":\"https:\\\/\\\/folhapopular.info\\\/index.php\\\/2020\\\/02\\\/28\\\/comeca-a-temporada-do-teatro-em-estrela\\\/#primaryimage\",\"url\":\"https:\\\/\\\/folhapopular.info\\\/wp-content\\\/uploads\\\/2020\\\/02\\\/Oficinas-teatro-N\u00facleo-Cultural-geral-e1582835560672.jpeg\",\"contentUrl\":\"https:\\\/\\\/folhapopular.info\\\/wp-content\\\/uploads\\\/2020\\\/02\\\/Oficinas-teatro-N\u00facleo-Cultural-geral-e1582835560672.jpeg\",\"width\":800,\"height\":600,\"caption\":\"Cr\u00e9dito: divulga\u00e7\u00e3o\"},{\"@type\":\"BreadcrumbList\",\"@id\":\"https:\\\/\\\/folhapopular.info\\\/index.php\\\/2020\\\/02\\\/28\\\/comeca-a-temporada-do-teatro-em-estrela\\\/#breadcrumb\",\"itemListElement\":[{\"@type\":\"ListItem\",\"position\":1,\"name\":\"In\u00edcio\",\"item\":\"https:\\\/\\\/folhapopular.info\\\/\"},{\"@type\":\"ListItem\",\"position\":2,\"name\":\"Come\u00e7a a temporada do teatro em Estrela\"}]},{\"@type\":\"WebSite\",\"@id\":\"https:\\\/\\\/folhapopular.info\\\/#website\",\"url\":\"https:\\\/\\\/folhapopular.info\\\/\",\"name\":\"Folha Popular\",\"description\":\"Onde voc\u00ea tem vez e voz\",\"potentialAction\":[{\"@type\":\"SearchAction\",\"target\":{\"@type\":\"EntryPoint\",\"urlTemplate\":\"https:\\\/\\\/folhapopular.info\\\/?s={search_term_string}\"},\"query-input\":{\"@type\":\"PropertyValueSpecification\",\"valueRequired\":true,\"valueName\":\"search_term_string\"}}],\"inLanguage\":\"pt-BR\"},{\"@type\":\"Person\",\"@id\":\"https:\\\/\\\/folhapopular.info\\\/#\\\/schema\\\/person\\\/2814e8a0df7643585a9ca38bc6eb9d4b\",\"name\":\"Reda\u00e7\u00e3o Folha Popular\",\"image\":{\"@type\":\"ImageObject\",\"inLanguage\":\"pt-BR\",\"@id\":\"https:\\\/\\\/folhapopular.info\\\/wp-content\\\/uploads\\\/2026\\\/04\\\/Folha-1.webp\",\"url\":\"https:\\\/\\\/folhapopular.info\\\/wp-content\\\/uploads\\\/2026\\\/04\\\/Folha-1.webp\",\"contentUrl\":\"https:\\\/\\\/folhapopular.info\\\/wp-content\\\/uploads\\\/2026\\\/04\\\/Folha-1.webp\",\"caption\":\"Reda\u00e7\u00e3o Folha Popular\"},\"url\":\"https:\\\/\\\/folhapopular.info\\\/index.php\\\/author\\\/redacao\\\/\"}]}<\/script>\n<!-- \/ Yoast SEO plugin. -->","yoast_head_json":{"title":"Come\u00e7a a temporada do teatro em Estrela - Folha Popular","robots":{"index":"index","follow":"follow","max-snippet":"max-snippet:-1","max-image-preview":"max-image-preview:large","max-video-preview":"max-video-preview:-1"},"canonical":"https:\/\/folhapopular.info\/index.php\/2020\/02\/28\/comeca-a-temporada-do-teatro-em-estrela\/","og_locale":"pt_BR","og_type":"article","og_title":"Come\u00e7a a temporada do teatro em Estrela - Folha Popular","og_description":"O fim do Carnaval marca o in\u00edcio da temporada nos palcos de Estrela. S\u00e3o tr\u00eas os n\u00facleos que voltam a receber jovens atores estudantes do munic\u00edpio em oficinas que contam com a parceria da Secretaria Municipal de Cultura e Turismo (Secultur): as do N\u00facleo Cultural e Grupo Go.Star, e no Col\u00e9gio Santo Ant\u00f4nio. As aulas [&hellip;]","og_url":"https:\/\/folhapopular.info\/index.php\/2020\/02\/28\/comeca-a-temporada-do-teatro-em-estrela\/","og_site_name":"Folha Popular","article_published_time":"2020-02-28T09:20:00+00:00","og_image":[{"width":800,"height":600,"url":"https:\/\/folhapopular.info\/wp-content\/uploads\/2020\/02\/Oficinas-teatro-N\u00facleo-Cultural-geral-e1582835560672.jpeg","type":"image\/jpeg"}],"author":"Reda\u00e7\u00e3o Folha Popular","twitter_card":"summary_large_image","twitter_misc":{"Escrito por":"Reda\u00e7\u00e3o Folha Popular","Est. tempo de leitura":"2 minutos"},"schema":{"@context":"https:\/\/schema.org","@graph":[{"@type":"Article","@id":"https:\/\/folhapopular.info\/index.php\/2020\/02\/28\/comeca-a-temporada-do-teatro-em-estrela\/#article","isPartOf":{"@id":"https:\/\/folhapopular.info\/index.php\/2020\/02\/28\/comeca-a-temporada-do-teatro-em-estrela\/"},"author":{"name":"Reda\u00e7\u00e3o Folha Popular","@id":"https:\/\/folhapopular.info\/#\/schema\/person\/2814e8a0df7643585a9ca38bc6eb9d4b"},"headline":"Come\u00e7a a temporada do teatro em Estrela","datePublished":"2020-02-28T09:20:00+00:00","mainEntityOfPage":{"@id":"https:\/\/folhapopular.info\/index.php\/2020\/02\/28\/comeca-a-temporada-do-teatro-em-estrela\/"},"wordCount":474,"commentCount":0,"image":{"@id":"https:\/\/folhapopular.info\/index.php\/2020\/02\/28\/comeca-a-temporada-do-teatro-em-estrela\/#primaryimage"},"thumbnailUrl":"https:\/\/folhapopular.info\/wp-content\/uploads\/2020\/02\/Oficinas-teatro-N\u00facleo-Cultural-geral-e1582835560672.jpeg","keywords":["Atividades","Estrela","Teatro"],"articleSection":["Destaques","Geral"],"inLanguage":"pt-BR","potentialAction":[{"@type":"CommentAction","name":"Comment","target":["https:\/\/folhapopular.info\/index.php\/2020\/02\/28\/comeca-a-temporada-do-teatro-em-estrela\/#respond"]}]},{"@type":"WebPage","@id":"https:\/\/folhapopular.info\/index.php\/2020\/02\/28\/comeca-a-temporada-do-teatro-em-estrela\/","url":"https:\/\/folhapopular.info\/index.php\/2020\/02\/28\/comeca-a-temporada-do-teatro-em-estrela\/","name":"Come\u00e7a a temporada do teatro em Estrela - Folha Popular","isPartOf":{"@id":"https:\/\/folhapopular.info\/#website"},"primaryImageOfPage":{"@id":"https:\/\/folhapopular.info\/index.php\/2020\/02\/28\/comeca-a-temporada-do-teatro-em-estrela\/#primaryimage"},"image":{"@id":"https:\/\/folhapopular.info\/index.php\/2020\/02\/28\/comeca-a-temporada-do-teatro-em-estrela\/#primaryimage"},"thumbnailUrl":"https:\/\/folhapopular.info\/wp-content\/uploads\/2020\/02\/Oficinas-teatro-N\u00facleo-Cultural-geral-e1582835560672.jpeg","datePublished":"2020-02-28T09:20:00+00:00","author":{"@id":"https:\/\/folhapopular.info\/#\/schema\/person\/2814e8a0df7643585a9ca38bc6eb9d4b"},"breadcrumb":{"@id":"https:\/\/folhapopular.info\/index.php\/2020\/02\/28\/comeca-a-temporada-do-teatro-em-estrela\/#breadcrumb"},"inLanguage":"pt-BR","potentialAction":[{"@type":"ReadAction","target":["https:\/\/folhapopular.info\/index.php\/2020\/02\/28\/comeca-a-temporada-do-teatro-em-estrela\/"]}]},{"@type":"ImageObject","inLanguage":"pt-BR","@id":"https:\/\/folhapopular.info\/index.php\/2020\/02\/28\/comeca-a-temporada-do-teatro-em-estrela\/#primaryimage","url":"https:\/\/folhapopular.info\/wp-content\/uploads\/2020\/02\/Oficinas-teatro-N\u00facleo-Cultural-geral-e1582835560672.jpeg","contentUrl":"https:\/\/folhapopular.info\/wp-content\/uploads\/2020\/02\/Oficinas-teatro-N\u00facleo-Cultural-geral-e1582835560672.jpeg","width":800,"height":600,"caption":"Cr\u00e9dito: divulga\u00e7\u00e3o"},{"@type":"BreadcrumbList","@id":"https:\/\/folhapopular.info\/index.php\/2020\/02\/28\/comeca-a-temporada-do-teatro-em-estrela\/#breadcrumb","itemListElement":[{"@type":"ListItem","position":1,"name":"In\u00edcio","item":"https:\/\/folhapopular.info\/"},{"@type":"ListItem","position":2,"name":"Come\u00e7a a temporada do teatro em Estrela"}]},{"@type":"WebSite","@id":"https:\/\/folhapopular.info\/#website","url":"https:\/\/folhapopular.info\/","name":"Folha Popular","description":"Onde voc\u00ea tem vez e voz","potentialAction":[{"@type":"SearchAction","target":{"@type":"EntryPoint","urlTemplate":"https:\/\/folhapopular.info\/?s={search_term_string}"},"query-input":{"@type":"PropertyValueSpecification","valueRequired":true,"valueName":"search_term_string"}}],"inLanguage":"pt-BR"},{"@type":"Person","@id":"https:\/\/folhapopular.info\/#\/schema\/person\/2814e8a0df7643585a9ca38bc6eb9d4b","name":"Reda\u00e7\u00e3o Folha Popular","image":{"@type":"ImageObject","inLanguage":"pt-BR","@id":"https:\/\/folhapopular.info\/wp-content\/uploads\/2026\/04\/Folha-1.webp","url":"https:\/\/folhapopular.info\/wp-content\/uploads\/2026\/04\/Folha-1.webp","contentUrl":"https:\/\/folhapopular.info\/wp-content\/uploads\/2026\/04\/Folha-1.webp","caption":"Reda\u00e7\u00e3o Folha Popular"},"url":"https:\/\/folhapopular.info\/index.php\/author\/redacao\/"}]}},"jetpack_featured_media_url":"https:\/\/folhapopular.info\/wp-content\/uploads\/2020\/02\/Oficinas-teatro-N\u00facleo-Cultural-geral-e1582835560672.jpeg","jetpack_sharing_enabled":true,"amp_enabled":true,"_links":{"self":[{"href":"https:\/\/folhapopular.info\/index.php\/wp-json\/wp\/v2\/posts\/65387","targetHints":{"allow":["GET"]}}],"collection":[{"href":"https:\/\/folhapopular.info\/index.php\/wp-json\/wp\/v2\/posts"}],"about":[{"href":"https:\/\/folhapopular.info\/index.php\/wp-json\/wp\/v2\/types\/post"}],"author":[{"embeddable":true,"href":"https:\/\/folhapopular.info\/index.php\/wp-json\/wp\/v2\/users\/8"}],"replies":[{"embeddable":true,"href":"https:\/\/folhapopular.info\/index.php\/wp-json\/wp\/v2\/comments?post=65387"}],"version-history":[{"count":0,"href":"https:\/\/folhapopular.info\/index.php\/wp-json\/wp\/v2\/posts\/65387\/revisions"}],"wp:featuredmedia":[{"embeddable":true,"href":"https:\/\/folhapopular.info\/index.php\/wp-json\/wp\/v2\/media\/65391"}],"wp:attachment":[{"href":"https:\/\/folhapopular.info\/index.php\/wp-json\/wp\/v2\/media?parent=65387"}],"wp:term":[{"taxonomy":"category","embeddable":true,"href":"https:\/\/folhapopular.info\/index.php\/wp-json\/wp\/v2\/categories?post=65387"},{"taxonomy":"post_tag","embeddable":true,"href":"https:\/\/folhapopular.info\/index.php\/wp-json\/wp\/v2\/tags?post=65387"}],"curies":[{"name":"wp","href":"https:\/\/api.w.org\/{rel}","templated":true}]}}