{"id":65407,"date":"2020-02-28T10:20:00","date_gmt":"2020-02-28T13:20:00","guid":{"rendered":"https:\/\/folhapopular.info\/?p=65407"},"modified":"2020-02-28T13:52:26","modified_gmt":"2020-02-28T16:52:26","slug":"industria-do-rio-grande-do-sul-comeca-o-ano-em-ritmo-mais-intenso","status":"publish","type":"post","link":"https:\/\/folhapopular.info\/index.php\/2020\/02\/28\/industria-do-rio-grande-do-sul-comeca-o-ano-em-ritmo-mais-intenso\/","title":{"rendered":"Ind\u00fastria do Rio Grande do Sul come\u00e7a o ano em ritmo mais intenso"},"content":{"rendered":"\n<p>A ind\u00fastria ga\u00facha come\u00e7a 2020 em ritmo mais intenso, com crescimento na produ\u00e7\u00e3o (53,2 pontos) e no emprego (53,5 pontos) na compara\u00e7\u00e3o com dezembro do ano passado, quando foram de 42,4 e 48,8 pontos, respectivamente. \u00c9 o que revela a Sondagem Industrial do Rio Grande do Sul, divulgada nessa quinta-feira (27\/02), pela Federa\u00e7\u00e3o das Ind\u00fastrias do Estado do Rio Grande do Sul (FIERGS). \u201cO empres\u00e1rio ga\u00facho mostra disposi\u00e7\u00e3o para investir, mas tamb\u00e9m tem a expectativa da continuidade das aprova\u00e7\u00f5es das reformas necess\u00e1rias para o Pa\u00eds, especialmente a Tribut\u00e1ria\u201d, diz o presidente da FIERGS, Gilberto Porcello Petry. <\/p>\n\n\n\n<p>Os resultados da produ\u00e7\u00e3o e do emprego, acima dos 50 pontos, expressam eleva\u00e7\u00e3o ante o m\u00eas anterior, desempenho bem acima de suas respectivas m\u00e9dias hist\u00f3ricas para o primeiro m\u00eas do ano (47,9 e 49,6 pontos).<br> J\u00e1 a Utiliza\u00e7\u00e3o da Capacidade Instalada (UCI) caiu de 68%, em dezembro, para 67%, muito pr\u00f3ximo do grau m\u00e9dio para janeiro (67,2%). O \u00edndice de UCI em rela\u00e7\u00e3o a usual em 47 pontos mostrou que, na avalia\u00e7\u00e3o dos empres\u00e1rios, a capacidade continuou abaixo do usual para o m\u00eas, patamar dado pelos 50 pontos. <\/p>\n\n\n\n<p>Em janeiro, o \u00edndice que mede os estoques de produtos finais relativamente ao planejado pelas empresas foi de 48,5 pontos. Valores abaixo de 50 indicam n\u00edvel menor do que o planejado, mas diferentemente de outros indicadores, sinalizam uma demanda superior \u00e0 esperada. \u201cA ind\u00fastria ga\u00facha tem total capacidade para aumentar a produ\u00e7\u00e3o nos pr\u00f3ximos meses\u201d, afirma o presidente da FIERGS. <\/p>\n\n\n\n<p><strong>EXPECTATIVAS<\/strong><\/p>\n\n\n\n<p>Realizada entre  3 e 12 de fevereiro, a Sondagem Industrial apontou tamb\u00e9m que a  expectativa da ind\u00fastria ga\u00facha para os pr\u00f3ximos seis meses n\u00e3o apenas  continuou positiva, como melhorou &nbsp;em rela\u00e7\u00e3o a janeiro. A exce\u00e7\u00e3o foram  as exporta\u00e7\u00f5es, cujo otimismo arrefeceu. Todos os \u00edndices seguiram  acima dos 50 pontos, que refletem perspectivas de crescimento: a demanda  subiu de 61,1, em janeiro, para 63,8 pontos, compras de insumos e  mat\u00e9rias-primas, de 59 para 62, e emprego, de 55,4 pontos para 57,1. J\u00e1  as exporta\u00e7\u00f5es recuaram de 55,4 para 55 no segundo m\u00eas do ano. <\/p>\n\n\n\n<p>O \u00edndice de inten\u00e7\u00e3o de investimentos nos pr\u00f3ximos seis meses caiu 0,8  ponto ante janeiro, atingindo 57,1 pontos em fevereiro. Apesar disso, continuou bem acima de sua m\u00e9dia hist\u00f3rica (49,4 pontos). Quanto maior o  valor, mais empresas est\u00e3o dispostas investir. <br>A  pesquisa foi realizada com 183 empresas, sendo 34 pequenas, 60 m\u00e9dias e  89 grandes. Acompanhe o resultado completo, bem como a s\u00e9rie hist\u00f3rica e  a metodologia em <a rel=\"noreferrer noopener\" href=\"https:\/\/www.fiergs.org.br\/numeros-da-industria\/sondagem-industrial\" target=\"_blank\">https:\/\/www.fiergs.org.br\/numeros-da-industria\/sondagem-industrial<\/a>.<\/p>\n","protected":false},"excerpt":{"rendered":"<p>A ind\u00fastria ga\u00facha come\u00e7a 2020 em ritmo mais intenso, com crescimento na produ\u00e7\u00e3o (53,2 pontos) e no emprego (53,5 pontos) na compara\u00e7\u00e3o com dezembro do ano passado, quando foram de 42,4 e 48,8 pontos, respectivamente. \u00c9 o que revela a Sondagem Industrial do Rio Grande do Sul, divulgada nessa quinta-feira (27\/02), pela Federa\u00e7\u00e3o das Ind\u00fastrias [&hellip;]<\/p>\n","protected":false},"author":8,"featured_media":58538,"comment_status":"open","ping_status":"open","sticky":false,"template":"","format":"standard","meta":{"pmpro_default_level":"","_jetpack_memberships_contains_paid_content":false,"footnotes":""},"categories":[2,3],"tags":[5661,1794],"class_list":{"0":"post-65407","1":"post","2":"type-post","3":"status-publish","4":"format-standard","5":"has-post-thumbnail","7":"category-featured","8":"category-geral","9":"tag-industrias","10":"tag-rio-grande-do-sul","11":"pmpro-has-access"},"yoast_head":"<!-- This site is optimized with the Yoast SEO plugin v27.5 - https:\/\/yoast.com\/product\/yoast-seo-wordpress\/ -->\n<title>Ind\u00fastria do Rio Grande do Sul come\u00e7a o ano em ritmo mais intenso - Folha Popular<\/title>\n<meta name=\"robots\" content=\"index, follow, max-snippet:-1, max-image-preview:large, max-video-preview:-1\" \/>\n<link rel=\"canonical\" href=\"https:\/\/folhapopular.info\/index.php\/2020\/02\/28\/industria-do-rio-grande-do-sul-comeca-o-ano-em-ritmo-mais-intenso\/\" \/>\n<meta property=\"og:locale\" content=\"pt_BR\" \/>\n<meta property=\"og:type\" content=\"article\" \/>\n<meta property=\"og:title\" content=\"Ind\u00fastria do Rio Grande do Sul come\u00e7a o ano em ritmo mais intenso - Folha Popular\" \/>\n<meta property=\"og:description\" content=\"A ind\u00fastria ga\u00facha come\u00e7a 2020 em ritmo mais intenso, com crescimento na produ\u00e7\u00e3o (53,2 pontos) e no emprego (53,5 pontos) na compara\u00e7\u00e3o com dezembro do ano passado, quando foram de 42,4 e 48,8 pontos, respectivamente. \u00c9 o que revela a Sondagem Industrial do Rio Grande do Sul, divulgada nessa quinta-feira (27\/02), pela Federa\u00e7\u00e3o das Ind\u00fastrias [&hellip;]\" \/>\n<meta property=\"og:url\" content=\"https:\/\/folhapopular.info\/index.php\/2020\/02\/28\/industria-do-rio-grande-do-sul-comeca-o-ano-em-ritmo-mais-intenso\/\" \/>\n<meta property=\"og:site_name\" content=\"Folha Popular\" \/>\n<meta property=\"article:published_time\" content=\"2020-02-28T13:20:00+00:00\" \/>\n<meta property=\"article:modified_time\" content=\"2020-02-28T16:52:26+00:00\" \/>\n<meta property=\"og:image\" content=\"https:\/\/folhapopular.info\/wp-content\/uploads\/2019\/09\/Noticias-e1567961441371.jpg\" \/>\n\t<meta property=\"og:image:width\" content=\"800\" \/>\n\t<meta property=\"og:image:height\" content=\"563\" \/>\n\t<meta property=\"og:image:type\" content=\"image\/jpeg\" \/>\n<meta name=\"author\" content=\"Reda\u00e7\u00e3o Folha Popular\" \/>\n<meta name=\"twitter:card\" content=\"summary_large_image\" \/>\n<meta name=\"twitter:label1\" content=\"Escrito por\" \/>\n\t<meta name=\"twitter:data1\" content=\"Reda\u00e7\u00e3o Folha Popular\" \/>\n\t<meta name=\"twitter:label2\" content=\"Est. tempo de leitura\" \/>\n\t<meta name=\"twitter:data2\" content=\"2 minutos\" \/>\n<script type=\"application\/ld+json\" class=\"yoast-schema-graph\">{\"@context\":\"https:\\\/\\\/schema.org\",\"@graph\":[{\"@type\":\"Article\",\"@id\":\"https:\\\/\\\/folhapopular.info\\\/index.php\\\/2020\\\/02\\\/28\\\/industria-do-rio-grande-do-sul-comeca-o-ano-em-ritmo-mais-intenso\\\/#article\",\"isPartOf\":{\"@id\":\"https:\\\/\\\/folhapopular.info\\\/index.php\\\/2020\\\/02\\\/28\\\/industria-do-rio-grande-do-sul-comeca-o-ano-em-ritmo-mais-intenso\\\/\"},\"author\":{\"name\":\"Reda\u00e7\u00e3o Folha Popular\",\"@id\":\"https:\\\/\\\/folhapopular.info\\\/#\\\/schema\\\/person\\\/2814e8a0df7643585a9ca38bc6eb9d4b\"},\"headline\":\"Ind\u00fastria do Rio Grande do Sul come\u00e7a o ano em ritmo mais intenso\",\"datePublished\":\"2020-02-28T13:20:00+00:00\",\"dateModified\":\"2020-02-28T16:52:26+00:00\",\"mainEntityOfPage\":{\"@id\":\"https:\\\/\\\/folhapopular.info\\\/index.php\\\/2020\\\/02\\\/28\\\/industria-do-rio-grande-do-sul-comeca-o-ano-em-ritmo-mais-intenso\\\/\"},\"wordCount\":445,\"commentCount\":0,\"image\":{\"@id\":\"https:\\\/\\\/folhapopular.info\\\/index.php\\\/2020\\\/02\\\/28\\\/industria-do-rio-grande-do-sul-comeca-o-ano-em-ritmo-mais-intenso\\\/#primaryimage\"},\"thumbnailUrl\":\"https:\\\/\\\/folhapopular.info\\\/wp-content\\\/uploads\\\/2019\\\/09\\\/Noticias-e1567961441371.jpg\",\"keywords\":[\"Ind\u00fastrias\",\"Rio Grande do Sul\"],\"articleSection\":[\"Destaques\",\"Geral\"],\"inLanguage\":\"pt-BR\",\"potentialAction\":[{\"@type\":\"CommentAction\",\"name\":\"Comment\",\"target\":[\"https:\\\/\\\/folhapopular.info\\\/index.php\\\/2020\\\/02\\\/28\\\/industria-do-rio-grande-do-sul-comeca-o-ano-em-ritmo-mais-intenso\\\/#respond\"]}]},{\"@type\":\"WebPage\",\"@id\":\"https:\\\/\\\/folhapopular.info\\\/index.php\\\/2020\\\/02\\\/28\\\/industria-do-rio-grande-do-sul-comeca-o-ano-em-ritmo-mais-intenso\\\/\",\"url\":\"https:\\\/\\\/folhapopular.info\\\/index.php\\\/2020\\\/02\\\/28\\\/industria-do-rio-grande-do-sul-comeca-o-ano-em-ritmo-mais-intenso\\\/\",\"name\":\"Ind\u00fastria do Rio Grande do Sul come\u00e7a o ano em ritmo mais intenso - Folha Popular\",\"isPartOf\":{\"@id\":\"https:\\\/\\\/folhapopular.info\\\/#website\"},\"primaryImageOfPage\":{\"@id\":\"https:\\\/\\\/folhapopular.info\\\/index.php\\\/2020\\\/02\\\/28\\\/industria-do-rio-grande-do-sul-comeca-o-ano-em-ritmo-mais-intenso\\\/#primaryimage\"},\"image\":{\"@id\":\"https:\\\/\\\/folhapopular.info\\\/index.php\\\/2020\\\/02\\\/28\\\/industria-do-rio-grande-do-sul-comeca-o-ano-em-ritmo-mais-intenso\\\/#primaryimage\"},\"thumbnailUrl\":\"https:\\\/\\\/folhapopular.info\\\/wp-content\\\/uploads\\\/2019\\\/09\\\/Noticias-e1567961441371.jpg\",\"datePublished\":\"2020-02-28T13:20:00+00:00\",\"dateModified\":\"2020-02-28T16:52:26+00:00\",\"author\":{\"@id\":\"https:\\\/\\\/folhapopular.info\\\/#\\\/schema\\\/person\\\/2814e8a0df7643585a9ca38bc6eb9d4b\"},\"breadcrumb\":{\"@id\":\"https:\\\/\\\/folhapopular.info\\\/index.php\\\/2020\\\/02\\\/28\\\/industria-do-rio-grande-do-sul-comeca-o-ano-em-ritmo-mais-intenso\\\/#breadcrumb\"},\"inLanguage\":\"pt-BR\",\"potentialAction\":[{\"@type\":\"ReadAction\",\"target\":[\"https:\\\/\\\/folhapopular.info\\\/index.php\\\/2020\\\/02\\\/28\\\/industria-do-rio-grande-do-sul-comeca-o-ano-em-ritmo-mais-intenso\\\/\"]}]},{\"@type\":\"ImageObject\",\"inLanguage\":\"pt-BR\",\"@id\":\"https:\\\/\\\/folhapopular.info\\\/index.php\\\/2020\\\/02\\\/28\\\/industria-do-rio-grande-do-sul-comeca-o-ano-em-ritmo-mais-intenso\\\/#primaryimage\",\"url\":\"https:\\\/\\\/folhapopular.info\\\/wp-content\\\/uploads\\\/2019\\\/09\\\/Noticias-e1567961441371.jpg\",\"contentUrl\":\"https:\\\/\\\/folhapopular.info\\\/wp-content\\\/uploads\\\/2019\\\/09\\\/Noticias-e1567961441371.jpg\",\"width\":800,\"height\":563,\"caption\":\"Cr\u00e9dito da arte: J\u00falia Caroline Geib \\\/ Divulga\u00e7\u00e3o\"},{\"@type\":\"BreadcrumbList\",\"@id\":\"https:\\\/\\\/folhapopular.info\\\/index.php\\\/2020\\\/02\\\/28\\\/industria-do-rio-grande-do-sul-comeca-o-ano-em-ritmo-mais-intenso\\\/#breadcrumb\",\"itemListElement\":[{\"@type\":\"ListItem\",\"position\":1,\"name\":\"In\u00edcio\",\"item\":\"https:\\\/\\\/folhapopular.info\\\/\"},{\"@type\":\"ListItem\",\"position\":2,\"name\":\"Ind\u00fastria do Rio Grande do Sul come\u00e7a o ano em ritmo mais intenso\"}]},{\"@type\":\"WebSite\",\"@id\":\"https:\\\/\\\/folhapopular.info\\\/#website\",\"url\":\"https:\\\/\\\/folhapopular.info\\\/\",\"name\":\"Folha Popular\",\"description\":\"Onde voc\u00ea tem vez e voz\",\"potentialAction\":[{\"@type\":\"SearchAction\",\"target\":{\"@type\":\"EntryPoint\",\"urlTemplate\":\"https:\\\/\\\/folhapopular.info\\\/?s={search_term_string}\"},\"query-input\":{\"@type\":\"PropertyValueSpecification\",\"valueRequired\":true,\"valueName\":\"search_term_string\"}}],\"inLanguage\":\"pt-BR\"},{\"@type\":\"Person\",\"@id\":\"https:\\\/\\\/folhapopular.info\\\/#\\\/schema\\\/person\\\/2814e8a0df7643585a9ca38bc6eb9d4b\",\"name\":\"Reda\u00e7\u00e3o Folha Popular\",\"image\":{\"@type\":\"ImageObject\",\"inLanguage\":\"pt-BR\",\"@id\":\"https:\\\/\\\/folhapopular.info\\\/wp-content\\\/uploads\\\/2026\\\/04\\\/Folha-1.webp\",\"url\":\"https:\\\/\\\/folhapopular.info\\\/wp-content\\\/uploads\\\/2026\\\/04\\\/Folha-1.webp\",\"contentUrl\":\"https:\\\/\\\/folhapopular.info\\\/wp-content\\\/uploads\\\/2026\\\/04\\\/Folha-1.webp\",\"caption\":\"Reda\u00e7\u00e3o Folha Popular\"},\"url\":\"https:\\\/\\\/folhapopular.info\\\/index.php\\\/author\\\/redacao\\\/\"}]}<\/script>\n<!-- \/ Yoast SEO plugin. -->","yoast_head_json":{"title":"Ind\u00fastria do Rio Grande do Sul come\u00e7a o ano em ritmo mais intenso - Folha Popular","robots":{"index":"index","follow":"follow","max-snippet":"max-snippet:-1","max-image-preview":"max-image-preview:large","max-video-preview":"max-video-preview:-1"},"canonical":"https:\/\/folhapopular.info\/index.php\/2020\/02\/28\/industria-do-rio-grande-do-sul-comeca-o-ano-em-ritmo-mais-intenso\/","og_locale":"pt_BR","og_type":"article","og_title":"Ind\u00fastria do Rio Grande do Sul come\u00e7a o ano em ritmo mais intenso - Folha Popular","og_description":"A ind\u00fastria ga\u00facha come\u00e7a 2020 em ritmo mais intenso, com crescimento na produ\u00e7\u00e3o (53,2 pontos) e no emprego (53,5 pontos) na compara\u00e7\u00e3o com dezembro do ano passado, quando foram de 42,4 e 48,8 pontos, respectivamente. \u00c9 o que revela a Sondagem Industrial do Rio Grande do Sul, divulgada nessa quinta-feira (27\/02), pela Federa\u00e7\u00e3o das Ind\u00fastrias [&hellip;]","og_url":"https:\/\/folhapopular.info\/index.php\/2020\/02\/28\/industria-do-rio-grande-do-sul-comeca-o-ano-em-ritmo-mais-intenso\/","og_site_name":"Folha Popular","article_published_time":"2020-02-28T13:20:00+00:00","article_modified_time":"2020-02-28T16:52:26+00:00","og_image":[{"width":800,"height":563,"url":"https:\/\/folhapopular.info\/wp-content\/uploads\/2019\/09\/Noticias-e1567961441371.jpg","type":"image\/jpeg"}],"author":"Reda\u00e7\u00e3o Folha Popular","twitter_card":"summary_large_image","twitter_misc":{"Escrito por":"Reda\u00e7\u00e3o Folha Popular","Est. tempo de leitura":"2 minutos"},"schema":{"@context":"https:\/\/schema.org","@graph":[{"@type":"Article","@id":"https:\/\/folhapopular.info\/index.php\/2020\/02\/28\/industria-do-rio-grande-do-sul-comeca-o-ano-em-ritmo-mais-intenso\/#article","isPartOf":{"@id":"https:\/\/folhapopular.info\/index.php\/2020\/02\/28\/industria-do-rio-grande-do-sul-comeca-o-ano-em-ritmo-mais-intenso\/"},"author":{"name":"Reda\u00e7\u00e3o Folha Popular","@id":"https:\/\/folhapopular.info\/#\/schema\/person\/2814e8a0df7643585a9ca38bc6eb9d4b"},"headline":"Ind\u00fastria do Rio Grande do Sul come\u00e7a o ano em ritmo mais intenso","datePublished":"2020-02-28T13:20:00+00:00","dateModified":"2020-02-28T16:52:26+00:00","mainEntityOfPage":{"@id":"https:\/\/folhapopular.info\/index.php\/2020\/02\/28\/industria-do-rio-grande-do-sul-comeca-o-ano-em-ritmo-mais-intenso\/"},"wordCount":445,"commentCount":0,"image":{"@id":"https:\/\/folhapopular.info\/index.php\/2020\/02\/28\/industria-do-rio-grande-do-sul-comeca-o-ano-em-ritmo-mais-intenso\/#primaryimage"},"thumbnailUrl":"https:\/\/folhapopular.info\/wp-content\/uploads\/2019\/09\/Noticias-e1567961441371.jpg","keywords":["Ind\u00fastrias","Rio Grande do Sul"],"articleSection":["Destaques","Geral"],"inLanguage":"pt-BR","potentialAction":[{"@type":"CommentAction","name":"Comment","target":["https:\/\/folhapopular.info\/index.php\/2020\/02\/28\/industria-do-rio-grande-do-sul-comeca-o-ano-em-ritmo-mais-intenso\/#respond"]}]},{"@type":"WebPage","@id":"https:\/\/folhapopular.info\/index.php\/2020\/02\/28\/industria-do-rio-grande-do-sul-comeca-o-ano-em-ritmo-mais-intenso\/","url":"https:\/\/folhapopular.info\/index.php\/2020\/02\/28\/industria-do-rio-grande-do-sul-comeca-o-ano-em-ritmo-mais-intenso\/","name":"Ind\u00fastria do Rio Grande do Sul come\u00e7a o ano em ritmo mais intenso - Folha Popular","isPartOf":{"@id":"https:\/\/folhapopular.info\/#website"},"primaryImageOfPage":{"@id":"https:\/\/folhapopular.info\/index.php\/2020\/02\/28\/industria-do-rio-grande-do-sul-comeca-o-ano-em-ritmo-mais-intenso\/#primaryimage"},"image":{"@id":"https:\/\/folhapopular.info\/index.php\/2020\/02\/28\/industria-do-rio-grande-do-sul-comeca-o-ano-em-ritmo-mais-intenso\/#primaryimage"},"thumbnailUrl":"https:\/\/folhapopular.info\/wp-content\/uploads\/2019\/09\/Noticias-e1567961441371.jpg","datePublished":"2020-02-28T13:20:00+00:00","dateModified":"2020-02-28T16:52:26+00:00","author":{"@id":"https:\/\/folhapopular.info\/#\/schema\/person\/2814e8a0df7643585a9ca38bc6eb9d4b"},"breadcrumb":{"@id":"https:\/\/folhapopular.info\/index.php\/2020\/02\/28\/industria-do-rio-grande-do-sul-comeca-o-ano-em-ritmo-mais-intenso\/#breadcrumb"},"inLanguage":"pt-BR","potentialAction":[{"@type":"ReadAction","target":["https:\/\/folhapopular.info\/index.php\/2020\/02\/28\/industria-do-rio-grande-do-sul-comeca-o-ano-em-ritmo-mais-intenso\/"]}]},{"@type":"ImageObject","inLanguage":"pt-BR","@id":"https:\/\/folhapopular.info\/index.php\/2020\/02\/28\/industria-do-rio-grande-do-sul-comeca-o-ano-em-ritmo-mais-intenso\/#primaryimage","url":"https:\/\/folhapopular.info\/wp-content\/uploads\/2019\/09\/Noticias-e1567961441371.jpg","contentUrl":"https:\/\/folhapopular.info\/wp-content\/uploads\/2019\/09\/Noticias-e1567961441371.jpg","width":800,"height":563,"caption":"Cr\u00e9dito da arte: J\u00falia Caroline Geib \/ Divulga\u00e7\u00e3o"},{"@type":"BreadcrumbList","@id":"https:\/\/folhapopular.info\/index.php\/2020\/02\/28\/industria-do-rio-grande-do-sul-comeca-o-ano-em-ritmo-mais-intenso\/#breadcrumb","itemListElement":[{"@type":"ListItem","position":1,"name":"In\u00edcio","item":"https:\/\/folhapopular.info\/"},{"@type":"ListItem","position":2,"name":"Ind\u00fastria do Rio Grande do Sul come\u00e7a o ano em ritmo mais intenso"}]},{"@type":"WebSite","@id":"https:\/\/folhapopular.info\/#website","url":"https:\/\/folhapopular.info\/","name":"Folha Popular","description":"Onde voc\u00ea tem vez e voz","potentialAction":[{"@type":"SearchAction","target":{"@type":"EntryPoint","urlTemplate":"https:\/\/folhapopular.info\/?s={search_term_string}"},"query-input":{"@type":"PropertyValueSpecification","valueRequired":true,"valueName":"search_term_string"}}],"inLanguage":"pt-BR"},{"@type":"Person","@id":"https:\/\/folhapopular.info\/#\/schema\/person\/2814e8a0df7643585a9ca38bc6eb9d4b","name":"Reda\u00e7\u00e3o Folha Popular","image":{"@type":"ImageObject","inLanguage":"pt-BR","@id":"https:\/\/folhapopular.info\/wp-content\/uploads\/2026\/04\/Folha-1.webp","url":"https:\/\/folhapopular.info\/wp-content\/uploads\/2026\/04\/Folha-1.webp","contentUrl":"https:\/\/folhapopular.info\/wp-content\/uploads\/2026\/04\/Folha-1.webp","caption":"Reda\u00e7\u00e3o Folha Popular"},"url":"https:\/\/folhapopular.info\/index.php\/author\/redacao\/"}]}},"jetpack_featured_media_url":"https:\/\/folhapopular.info\/wp-content\/uploads\/2019\/09\/Noticias-e1567961441371.jpg","jetpack_sharing_enabled":true,"amp_enabled":true,"_links":{"self":[{"href":"https:\/\/folhapopular.info\/index.php\/wp-json\/wp\/v2\/posts\/65407","targetHints":{"allow":["GET"]}}],"collection":[{"href":"https:\/\/folhapopular.info\/index.php\/wp-json\/wp\/v2\/posts"}],"about":[{"href":"https:\/\/folhapopular.info\/index.php\/wp-json\/wp\/v2\/types\/post"}],"author":[{"embeddable":true,"href":"https:\/\/folhapopular.info\/index.php\/wp-json\/wp\/v2\/users\/8"}],"replies":[{"embeddable":true,"href":"https:\/\/folhapopular.info\/index.php\/wp-json\/wp\/v2\/comments?post=65407"}],"version-history":[{"count":0,"href":"https:\/\/folhapopular.info\/index.php\/wp-json\/wp\/v2\/posts\/65407\/revisions"}],"wp:featuredmedia":[{"embeddable":true,"href":"https:\/\/folhapopular.info\/index.php\/wp-json\/wp\/v2\/media\/58538"}],"wp:attachment":[{"href":"https:\/\/folhapopular.info\/index.php\/wp-json\/wp\/v2\/media?parent=65407"}],"wp:term":[{"taxonomy":"category","embeddable":true,"href":"https:\/\/folhapopular.info\/index.php\/wp-json\/wp\/v2\/categories?post=65407"},{"taxonomy":"post_tag","embeddable":true,"href":"https:\/\/folhapopular.info\/index.php\/wp-json\/wp\/v2\/tags?post=65407"}],"curies":[{"name":"wp","href":"https:\/\/api.w.org\/{rel}","templated":true}]}}