{"id":65790,"date":"2020-03-06T11:20:00","date_gmt":"2020-03-06T14:20:00","guid":{"rendered":"https:\/\/folhapopular.info\/?p=65790"},"modified":"2020-03-06T10:12:27","modified_gmt":"2020-03-06T13:12:27","slug":"arte-na-universidade-acontece-no-dia-24-de-marco-na-univates","status":"publish","type":"post","link":"https:\/\/folhapopular.info\/index.php\/2020\/03\/06\/arte-na-universidade-acontece-no-dia-24-de-marco-na-univates\/","title":{"rendered":"Arte na Universidade acontece no dia 24 de mar\u00e7o na Univates"},"content":{"rendered":"\n<p>O evento Arte na Universidade chega a sua quarta edi\u00e7\u00e3o em 2020. Neste ano, as oficinas acontecem no dia 24 de mar\u00e7o, nos turnos da manh\u00e3 e da noite. O evento busca proporcionar uma experi\u00eancia que estimule a percep\u00e7\u00e3o, a sensibilidade, a cr\u00edtica, o conhecimento e a alteridade dos participantes, que podem ser professores, alunos e comunidade em geral. <a rel=\"noreferrer noopener\" href=\"https:\/\/www.univates.br\/noticia\/26388-arte-na-universidade-estimula-sensibilidade-e-alteridade\" target=\"_blank\">Exposi\u00e7\u00f5es art\u00edsticas ligadas ao Arte na Universidade<\/a>, feitas por alunos e funcion\u00e1rios, iniciam no dia 23 de mar\u00e7o e seguem at\u00e9 23 de abril.\u00a0<\/p>\n\n\n\n<p>\u201cO Arte na Universidade ajuda a desmistificar a ideia de que arte \u00e9 algo distante, que est\u00e1 apenas no museu. No momento em que a arte passa por mim e eu entendo que ela faz parte da minha vida, eu me entendo melhor e percebo minha subjetividade\u201d, explica a professora organizadora do evento, Rosiene Haetinger. Para ajudar a entender como essa tem\u00e1tica est\u00e1 presente no cotidiano, algumas das atividades oferecidas durante o evento trabalham com artesanato e arte popular, como as oficinas de <a rel=\"noreferrer noopener\" href=\"https:\/\/www.univates.br\/eventos\/evento\/8984-iv-arte-na-universidade\" target=\"_blank\">Arteterapia, Bordado Livre e Origami.<\/a> Conforme a professora, os oficineiros s\u00e3o alunos e diplomados da Univates, al\u00e9m de professores e pessoas da comunidade.\u00a0<\/p>\n\n\n\n<p>O evento pode ser proveitoso tanto para quem participa como ouvinte quanto para quem ministra as oficinas. \u201cVou participar porque desenvolve tamb\u00e9m as minhas circunst\u00e2ncias internas\u201d, expressa Laura Peixoto, jornalista e escritora respons\u00e1vel pela atividade \u201cCaixinha da mem\u00f3ria: oficina de escrita criativa\u201d, que acontece no turno da noite. Ela explica que a atividade que vai ministrar \u201cvai abordar afetos e dores que est\u00e3o guardados em alguma regi\u00e3o dentro de cada um\u201d. Esta \u00e9 a primeira vez que ela participa do Arte na Universidade.\u00a0<\/p>\n\n\n\n<p>Em 2019, quase 50 atividades integraram a programa\u00e7\u00e3o do evento, que contou com teatro, dan\u00e7a, m\u00fasica, exposi\u00e7\u00f5es art\u00edsticas, saraus e oficinas. A\u00a0 da \u00e1rea de Artes da Univates faz parte do Plano de Desenvolvimento Institucional (PDI) da Univates e permite que os estudantes tenham experi\u00eancia com alguma \u00e1rea art\u00edstica durante sua forma\u00e7\u00e3o.<\/p>\n","protected":false},"excerpt":{"rendered":"<p>O evento Arte na Universidade chega a sua quarta edi\u00e7\u00e3o em 2020. Neste ano, as oficinas acontecem no dia 24 de mar\u00e7o, nos turnos da manh\u00e3 e da noite. O evento busca proporcionar uma experi\u00eancia que estimule a percep\u00e7\u00e3o, a sensibilidade, a cr\u00edtica, o conhecimento e a alteridade dos participantes, que podem ser professores, alunos [&hellip;]<\/p>\n","protected":false},"author":8,"featured_media":65791,"comment_status":"open","ping_status":"open","sticky":false,"template":"","format":"standard","meta":{"pmpro_default_level":"","_jetpack_memberships_contains_paid_content":false,"footnotes":""},"categories":[2,3],"tags":[2486,83],"class_list":{"0":"post-65790","1":"post","2":"type-post","3":"status-publish","4":"format-standard","5":"has-post-thumbnail","7":"category-featured","8":"category-geral","9":"tag-arte-na-universidade","10":"tag-univates","11":"pmpro-has-access"},"yoast_head":"<!-- This site is optimized with the Yoast SEO plugin v27.5 - https:\/\/yoast.com\/product\/yoast-seo-wordpress\/ -->\n<title>Arte na Universidade acontece no dia 24 de mar\u00e7o na Univates - Folha Popular<\/title>\n<meta name=\"robots\" content=\"index, follow, max-snippet:-1, max-image-preview:large, max-video-preview:-1\" \/>\n<link rel=\"canonical\" href=\"https:\/\/folhapopular.info\/index.php\/2020\/03\/06\/arte-na-universidade-acontece-no-dia-24-de-marco-na-univates\/\" \/>\n<meta property=\"og:locale\" content=\"pt_BR\" \/>\n<meta property=\"og:type\" content=\"article\" \/>\n<meta property=\"og:title\" content=\"Arte na Universidade acontece no dia 24 de mar\u00e7o na Univates - Folha Popular\" \/>\n<meta property=\"og:description\" content=\"O evento Arte na Universidade chega a sua quarta edi\u00e7\u00e3o em 2020. Neste ano, as oficinas acontecem no dia 24 de mar\u00e7o, nos turnos da manh\u00e3 e da noite. O evento busca proporcionar uma experi\u00eancia que estimule a percep\u00e7\u00e3o, a sensibilidade, a cr\u00edtica, o conhecimento e a alteridade dos participantes, que podem ser professores, alunos [&hellip;]\" \/>\n<meta property=\"og:url\" content=\"https:\/\/folhapopular.info\/index.php\/2020\/03\/06\/arte-na-universidade-acontece-no-dia-24-de-marco-na-univates\/\" \/>\n<meta property=\"og:site_name\" content=\"Folha Popular\" \/>\n<meta property=\"article:published_time\" content=\"2020-03-06T14:20:00+00:00\" \/>\n<meta property=\"og:image\" content=\"https:\/\/folhapopular.info\/wp-content\/uploads\/2020\/03\/20180426102909_DSC_0249-e1583500134710.jpg\" \/>\n\t<meta property=\"og:image:width\" content=\"800\" \/>\n\t<meta property=\"og:image:height\" content=\"533\" \/>\n\t<meta property=\"og:image:type\" content=\"image\/jpeg\" \/>\n<meta name=\"author\" content=\"Reda\u00e7\u00e3o Folha Popular\" \/>\n<meta name=\"twitter:card\" content=\"summary_large_image\" \/>\n<meta name=\"twitter:label1\" content=\"Escrito por\" \/>\n\t<meta name=\"twitter:data1\" content=\"Reda\u00e7\u00e3o Folha Popular\" \/>\n\t<meta name=\"twitter:label2\" content=\"Est. tempo de leitura\" \/>\n\t<meta name=\"twitter:data2\" content=\"2 minutos\" \/>\n<script type=\"application\/ld+json\" class=\"yoast-schema-graph\">{\"@context\":\"https:\\\/\\\/schema.org\",\"@graph\":[{\"@type\":\"Article\",\"@id\":\"https:\\\/\\\/folhapopular.info\\\/index.php\\\/2020\\\/03\\\/06\\\/arte-na-universidade-acontece-no-dia-24-de-marco-na-univates\\\/#article\",\"isPartOf\":{\"@id\":\"https:\\\/\\\/folhapopular.info\\\/index.php\\\/2020\\\/03\\\/06\\\/arte-na-universidade-acontece-no-dia-24-de-marco-na-univates\\\/\"},\"author\":{\"name\":\"Reda\u00e7\u00e3o Folha Popular\",\"@id\":\"https:\\\/\\\/folhapopular.info\\\/#\\\/schema\\\/person\\\/2814e8a0df7643585a9ca38bc6eb9d4b\"},\"headline\":\"Arte na Universidade acontece no dia 24 de mar\u00e7o na Univates\",\"datePublished\":\"2020-03-06T14:20:00+00:00\",\"mainEntityOfPage\":{\"@id\":\"https:\\\/\\\/folhapopular.info\\\/index.php\\\/2020\\\/03\\\/06\\\/arte-na-universidade-acontece-no-dia-24-de-marco-na-univates\\\/\"},\"wordCount\":353,\"commentCount\":0,\"image\":{\"@id\":\"https:\\\/\\\/folhapopular.info\\\/index.php\\\/2020\\\/03\\\/06\\\/arte-na-universidade-acontece-no-dia-24-de-marco-na-univates\\\/#primaryimage\"},\"thumbnailUrl\":\"https:\\\/\\\/folhapopular.info\\\/wp-content\\\/uploads\\\/2020\\\/03\\\/20180426102909_DSC_0249-e1583500134710.jpg\",\"keywords\":[\"Arte na Universidade\",\"Univates\"],\"articleSection\":[\"Destaques\",\"Geral\"],\"inLanguage\":\"pt-BR\",\"potentialAction\":[{\"@type\":\"CommentAction\",\"name\":\"Comment\",\"target\":[\"https:\\\/\\\/folhapopular.info\\\/index.php\\\/2020\\\/03\\\/06\\\/arte-na-universidade-acontece-no-dia-24-de-marco-na-univates\\\/#respond\"]}]},{\"@type\":\"WebPage\",\"@id\":\"https:\\\/\\\/folhapopular.info\\\/index.php\\\/2020\\\/03\\\/06\\\/arte-na-universidade-acontece-no-dia-24-de-marco-na-univates\\\/\",\"url\":\"https:\\\/\\\/folhapopular.info\\\/index.php\\\/2020\\\/03\\\/06\\\/arte-na-universidade-acontece-no-dia-24-de-marco-na-univates\\\/\",\"name\":\"Arte na Universidade acontece no dia 24 de mar\u00e7o na Univates - Folha Popular\",\"isPartOf\":{\"@id\":\"https:\\\/\\\/folhapopular.info\\\/#website\"},\"primaryImageOfPage\":{\"@id\":\"https:\\\/\\\/folhapopular.info\\\/index.php\\\/2020\\\/03\\\/06\\\/arte-na-universidade-acontece-no-dia-24-de-marco-na-univates\\\/#primaryimage\"},\"image\":{\"@id\":\"https:\\\/\\\/folhapopular.info\\\/index.php\\\/2020\\\/03\\\/06\\\/arte-na-universidade-acontece-no-dia-24-de-marco-na-univates\\\/#primaryimage\"},\"thumbnailUrl\":\"https:\\\/\\\/folhapopular.info\\\/wp-content\\\/uploads\\\/2020\\\/03\\\/20180426102909_DSC_0249-e1583500134710.jpg\",\"datePublished\":\"2020-03-06T14:20:00+00:00\",\"author\":{\"@id\":\"https:\\\/\\\/folhapopular.info\\\/#\\\/schema\\\/person\\\/2814e8a0df7643585a9ca38bc6eb9d4b\"},\"breadcrumb\":{\"@id\":\"https:\\\/\\\/folhapopular.info\\\/index.php\\\/2020\\\/03\\\/06\\\/arte-na-universidade-acontece-no-dia-24-de-marco-na-univates\\\/#breadcrumb\"},\"inLanguage\":\"pt-BR\",\"potentialAction\":[{\"@type\":\"ReadAction\",\"target\":[\"https:\\\/\\\/folhapopular.info\\\/index.php\\\/2020\\\/03\\\/06\\\/arte-na-universidade-acontece-no-dia-24-de-marco-na-univates\\\/\"]}]},{\"@type\":\"ImageObject\",\"inLanguage\":\"pt-BR\",\"@id\":\"https:\\\/\\\/folhapopular.info\\\/index.php\\\/2020\\\/03\\\/06\\\/arte-na-universidade-acontece-no-dia-24-de-marco-na-univates\\\/#primaryimage\",\"url\":\"https:\\\/\\\/folhapopular.info\\\/wp-content\\\/uploads\\\/2020\\\/03\\\/20180426102909_DSC_0249-e1583500134710.jpg\",\"contentUrl\":\"https:\\\/\\\/folhapopular.info\\\/wp-content\\\/uploads\\\/2020\\\/03\\\/20180426102909_DSC_0249-e1583500134710.jpg\",\"width\":800,\"height\":533},{\"@type\":\"BreadcrumbList\",\"@id\":\"https:\\\/\\\/folhapopular.info\\\/index.php\\\/2020\\\/03\\\/06\\\/arte-na-universidade-acontece-no-dia-24-de-marco-na-univates\\\/#breadcrumb\",\"itemListElement\":[{\"@type\":\"ListItem\",\"position\":1,\"name\":\"In\u00edcio\",\"item\":\"https:\\\/\\\/folhapopular.info\\\/\"},{\"@type\":\"ListItem\",\"position\":2,\"name\":\"Arte na Universidade acontece no dia 24 de mar\u00e7o na Univates\"}]},{\"@type\":\"WebSite\",\"@id\":\"https:\\\/\\\/folhapopular.info\\\/#website\",\"url\":\"https:\\\/\\\/folhapopular.info\\\/\",\"name\":\"Folha Popular\",\"description\":\"Onde voc\u00ea tem vez e voz\",\"potentialAction\":[{\"@type\":\"SearchAction\",\"target\":{\"@type\":\"EntryPoint\",\"urlTemplate\":\"https:\\\/\\\/folhapopular.info\\\/?s={search_term_string}\"},\"query-input\":{\"@type\":\"PropertyValueSpecification\",\"valueRequired\":true,\"valueName\":\"search_term_string\"}}],\"inLanguage\":\"pt-BR\"},{\"@type\":\"Person\",\"@id\":\"https:\\\/\\\/folhapopular.info\\\/#\\\/schema\\\/person\\\/2814e8a0df7643585a9ca38bc6eb9d4b\",\"name\":\"Reda\u00e7\u00e3o Folha Popular\",\"image\":{\"@type\":\"ImageObject\",\"inLanguage\":\"pt-BR\",\"@id\":\"https:\\\/\\\/folhapopular.info\\\/wp-content\\\/uploads\\\/2026\\\/04\\\/Folha-1.webp\",\"url\":\"https:\\\/\\\/folhapopular.info\\\/wp-content\\\/uploads\\\/2026\\\/04\\\/Folha-1.webp\",\"contentUrl\":\"https:\\\/\\\/folhapopular.info\\\/wp-content\\\/uploads\\\/2026\\\/04\\\/Folha-1.webp\",\"caption\":\"Reda\u00e7\u00e3o Folha Popular\"},\"url\":\"https:\\\/\\\/folhapopular.info\\\/index.php\\\/author\\\/redacao\\\/\"}]}<\/script>\n<!-- \/ Yoast SEO plugin. -->","yoast_head_json":{"title":"Arte na Universidade acontece no dia 24 de mar\u00e7o na Univates - Folha Popular","robots":{"index":"index","follow":"follow","max-snippet":"max-snippet:-1","max-image-preview":"max-image-preview:large","max-video-preview":"max-video-preview:-1"},"canonical":"https:\/\/folhapopular.info\/index.php\/2020\/03\/06\/arte-na-universidade-acontece-no-dia-24-de-marco-na-univates\/","og_locale":"pt_BR","og_type":"article","og_title":"Arte na Universidade acontece no dia 24 de mar\u00e7o na Univates - Folha Popular","og_description":"O evento Arte na Universidade chega a sua quarta edi\u00e7\u00e3o em 2020. Neste ano, as oficinas acontecem no dia 24 de mar\u00e7o, nos turnos da manh\u00e3 e da noite. O evento busca proporcionar uma experi\u00eancia que estimule a percep\u00e7\u00e3o, a sensibilidade, a cr\u00edtica, o conhecimento e a alteridade dos participantes, que podem ser professores, alunos [&hellip;]","og_url":"https:\/\/folhapopular.info\/index.php\/2020\/03\/06\/arte-na-universidade-acontece-no-dia-24-de-marco-na-univates\/","og_site_name":"Folha Popular","article_published_time":"2020-03-06T14:20:00+00:00","og_image":[{"width":800,"height":533,"url":"https:\/\/folhapopular.info\/wp-content\/uploads\/2020\/03\/20180426102909_DSC_0249-e1583500134710.jpg","type":"image\/jpeg"}],"author":"Reda\u00e7\u00e3o Folha Popular","twitter_card":"summary_large_image","twitter_misc":{"Escrito por":"Reda\u00e7\u00e3o Folha Popular","Est. tempo de leitura":"2 minutos"},"schema":{"@context":"https:\/\/schema.org","@graph":[{"@type":"Article","@id":"https:\/\/folhapopular.info\/index.php\/2020\/03\/06\/arte-na-universidade-acontece-no-dia-24-de-marco-na-univates\/#article","isPartOf":{"@id":"https:\/\/folhapopular.info\/index.php\/2020\/03\/06\/arte-na-universidade-acontece-no-dia-24-de-marco-na-univates\/"},"author":{"name":"Reda\u00e7\u00e3o Folha Popular","@id":"https:\/\/folhapopular.info\/#\/schema\/person\/2814e8a0df7643585a9ca38bc6eb9d4b"},"headline":"Arte na Universidade acontece no dia 24 de mar\u00e7o na Univates","datePublished":"2020-03-06T14:20:00+00:00","mainEntityOfPage":{"@id":"https:\/\/folhapopular.info\/index.php\/2020\/03\/06\/arte-na-universidade-acontece-no-dia-24-de-marco-na-univates\/"},"wordCount":353,"commentCount":0,"image":{"@id":"https:\/\/folhapopular.info\/index.php\/2020\/03\/06\/arte-na-universidade-acontece-no-dia-24-de-marco-na-univates\/#primaryimage"},"thumbnailUrl":"https:\/\/folhapopular.info\/wp-content\/uploads\/2020\/03\/20180426102909_DSC_0249-e1583500134710.jpg","keywords":["Arte na Universidade","Univates"],"articleSection":["Destaques","Geral"],"inLanguage":"pt-BR","potentialAction":[{"@type":"CommentAction","name":"Comment","target":["https:\/\/folhapopular.info\/index.php\/2020\/03\/06\/arte-na-universidade-acontece-no-dia-24-de-marco-na-univates\/#respond"]}]},{"@type":"WebPage","@id":"https:\/\/folhapopular.info\/index.php\/2020\/03\/06\/arte-na-universidade-acontece-no-dia-24-de-marco-na-univates\/","url":"https:\/\/folhapopular.info\/index.php\/2020\/03\/06\/arte-na-universidade-acontece-no-dia-24-de-marco-na-univates\/","name":"Arte na Universidade acontece no dia 24 de mar\u00e7o na Univates - Folha Popular","isPartOf":{"@id":"https:\/\/folhapopular.info\/#website"},"primaryImageOfPage":{"@id":"https:\/\/folhapopular.info\/index.php\/2020\/03\/06\/arte-na-universidade-acontece-no-dia-24-de-marco-na-univates\/#primaryimage"},"image":{"@id":"https:\/\/folhapopular.info\/index.php\/2020\/03\/06\/arte-na-universidade-acontece-no-dia-24-de-marco-na-univates\/#primaryimage"},"thumbnailUrl":"https:\/\/folhapopular.info\/wp-content\/uploads\/2020\/03\/20180426102909_DSC_0249-e1583500134710.jpg","datePublished":"2020-03-06T14:20:00+00:00","author":{"@id":"https:\/\/folhapopular.info\/#\/schema\/person\/2814e8a0df7643585a9ca38bc6eb9d4b"},"breadcrumb":{"@id":"https:\/\/folhapopular.info\/index.php\/2020\/03\/06\/arte-na-universidade-acontece-no-dia-24-de-marco-na-univates\/#breadcrumb"},"inLanguage":"pt-BR","potentialAction":[{"@type":"ReadAction","target":["https:\/\/folhapopular.info\/index.php\/2020\/03\/06\/arte-na-universidade-acontece-no-dia-24-de-marco-na-univates\/"]}]},{"@type":"ImageObject","inLanguage":"pt-BR","@id":"https:\/\/folhapopular.info\/index.php\/2020\/03\/06\/arte-na-universidade-acontece-no-dia-24-de-marco-na-univates\/#primaryimage","url":"https:\/\/folhapopular.info\/wp-content\/uploads\/2020\/03\/20180426102909_DSC_0249-e1583500134710.jpg","contentUrl":"https:\/\/folhapopular.info\/wp-content\/uploads\/2020\/03\/20180426102909_DSC_0249-e1583500134710.jpg","width":800,"height":533},{"@type":"BreadcrumbList","@id":"https:\/\/folhapopular.info\/index.php\/2020\/03\/06\/arte-na-universidade-acontece-no-dia-24-de-marco-na-univates\/#breadcrumb","itemListElement":[{"@type":"ListItem","position":1,"name":"In\u00edcio","item":"https:\/\/folhapopular.info\/"},{"@type":"ListItem","position":2,"name":"Arte na Universidade acontece no dia 24 de mar\u00e7o na Univates"}]},{"@type":"WebSite","@id":"https:\/\/folhapopular.info\/#website","url":"https:\/\/folhapopular.info\/","name":"Folha Popular","description":"Onde voc\u00ea tem vez e voz","potentialAction":[{"@type":"SearchAction","target":{"@type":"EntryPoint","urlTemplate":"https:\/\/folhapopular.info\/?s={search_term_string}"},"query-input":{"@type":"PropertyValueSpecification","valueRequired":true,"valueName":"search_term_string"}}],"inLanguage":"pt-BR"},{"@type":"Person","@id":"https:\/\/folhapopular.info\/#\/schema\/person\/2814e8a0df7643585a9ca38bc6eb9d4b","name":"Reda\u00e7\u00e3o Folha Popular","image":{"@type":"ImageObject","inLanguage":"pt-BR","@id":"https:\/\/folhapopular.info\/wp-content\/uploads\/2026\/04\/Folha-1.webp","url":"https:\/\/folhapopular.info\/wp-content\/uploads\/2026\/04\/Folha-1.webp","contentUrl":"https:\/\/folhapopular.info\/wp-content\/uploads\/2026\/04\/Folha-1.webp","caption":"Reda\u00e7\u00e3o Folha Popular"},"url":"https:\/\/folhapopular.info\/index.php\/author\/redacao\/"}]}},"jetpack_featured_media_url":"https:\/\/folhapopular.info\/wp-content\/uploads\/2020\/03\/20180426102909_DSC_0249-e1583500134710.jpg","jetpack_sharing_enabled":true,"amp_enabled":true,"_links":{"self":[{"href":"https:\/\/folhapopular.info\/index.php\/wp-json\/wp\/v2\/posts\/65790","targetHints":{"allow":["GET"]}}],"collection":[{"href":"https:\/\/folhapopular.info\/index.php\/wp-json\/wp\/v2\/posts"}],"about":[{"href":"https:\/\/folhapopular.info\/index.php\/wp-json\/wp\/v2\/types\/post"}],"author":[{"embeddable":true,"href":"https:\/\/folhapopular.info\/index.php\/wp-json\/wp\/v2\/users\/8"}],"replies":[{"embeddable":true,"href":"https:\/\/folhapopular.info\/index.php\/wp-json\/wp\/v2\/comments?post=65790"}],"version-history":[{"count":0,"href":"https:\/\/folhapopular.info\/index.php\/wp-json\/wp\/v2\/posts\/65790\/revisions"}],"wp:featuredmedia":[{"embeddable":true,"href":"https:\/\/folhapopular.info\/index.php\/wp-json\/wp\/v2\/media\/65791"}],"wp:attachment":[{"href":"https:\/\/folhapopular.info\/index.php\/wp-json\/wp\/v2\/media?parent=65790"}],"wp:term":[{"taxonomy":"category","embeddable":true,"href":"https:\/\/folhapopular.info\/index.php\/wp-json\/wp\/v2\/categories?post=65790"},{"taxonomy":"post_tag","embeddable":true,"href":"https:\/\/folhapopular.info\/index.php\/wp-json\/wp\/v2\/tags?post=65790"}],"curies":[{"name":"wp","href":"https:\/\/api.w.org\/{rel}","templated":true}]}}