{"id":65864,"date":"2020-03-08T08:31:34","date_gmt":"2020-03-08T11:31:34","guid":{"rendered":"https:\/\/folhapopular.info\/?p=65864"},"modified":"2020-03-08T08:31:37","modified_gmt":"2020-03-08T11:31:37","slug":"poco-das-antas-goleia-na-abertura-da-2a-copa-transcitrus-de-futsal","status":"publish","type":"post","link":"https:\/\/folhapopular.info\/index.php\/2020\/03\/08\/poco-das-antas-goleia-na-abertura-da-2a-copa-transcitrus-de-futsal\/","title":{"rendered":"Po\u00e7o das Antas goleia na abertura da 2\u00aa Copa Transcitrus de Futsal"},"content":{"rendered":"\n<p>O atual campe\u00e3o da Copa Transcitrus de Futsal, Po\u00e7o das Antas, come\u00e7ou arrasador a edi\u00e7\u00e3o de 2020. Sediando a abertura da competi\u00e7\u00e3o, na sexta-feira (06\/03), a sele\u00e7\u00e3o de Po\u00e7o das Antas aplicou 7 a 3 na equipe do munic\u00edpio de Harmonia, na reedi\u00e7\u00e3o da final do ano passado.<\/p>\n\n\n\n<p>Disputada no Gin\u00e1sio Municipal de Po\u00e7o das Antas, a rodada foi aberta com a vit\u00f3ria de Brochier sobre Paverama pelo escore de 2 a 1. Logo depois, outra partida equilibrada, em que Salvador do Sul fez 2 a 1 na sele\u00e7\u00e3o de S\u00e3o Jos\u00e9 do Sul. No terceiro jogo da noite, Marat\u00e1 venceu Pareci Novo por 4 a 3.<\/p>\n\n\n\n<figure class=\"wp-block-image size-large\"><img loading=\"lazy\" decoding=\"async\" width=\"1024\" height=\"770\" src=\"https:\/\/folhapopular.info\/wp-content\/uploads\/2020\/03\/WhatsApp-Image-2020-03-06-at-21.30.42-1-1024x770.jpeg\" alt=\"\" class=\"wp-image-65866\" srcset=\"https:\/\/folhapopular.info\/wp-content\/uploads\/2020\/03\/WhatsApp-Image-2020-03-06-at-21.30.42-1-1024x770.jpeg 1024w, https:\/\/folhapopular.info\/wp-content\/uploads\/2020\/03\/WhatsApp-Image-2020-03-06-at-21.30.42-1-300x226.jpeg 300w, https:\/\/folhapopular.info\/wp-content\/uploads\/2020\/03\/WhatsApp-Image-2020-03-06-at-21.30.42-1-768x577.jpeg 768w, https:\/\/folhapopular.info\/wp-content\/uploads\/2020\/03\/WhatsApp-Image-2020-03-06-at-21.30.42-1-696x523.jpeg 696w, https:\/\/folhapopular.info\/wp-content\/uploads\/2020\/03\/WhatsApp-Image-2020-03-06-at-21.30.42-1-1068x803.jpeg 1068w, https:\/\/folhapopular.info\/wp-content\/uploads\/2020\/03\/WhatsApp-Image-2020-03-06-at-21.30.42-1-559x420.jpeg 559w, https:\/\/folhapopular.info\/wp-content\/uploads\/2020\/03\/WhatsApp-Image-2020-03-06-at-21.30.42-1-80x60.jpeg 80w, https:\/\/folhapopular.info\/wp-content\/uploads\/2020\/03\/WhatsApp-Image-2020-03-06-at-21.30.42-1-265x198.jpeg 265w, https:\/\/folhapopular.info\/wp-content\/uploads\/2020\/03\/WhatsApp-Image-2020-03-06-at-21.30.42-1.jpeg 1160w\" sizes=\"auto, (max-width: 1024px) 100vw, 1024px\" \/><figcaption>Antes da bola rolar, cerim\u00f4nia de abertura e apresenta\u00e7\u00e3o da premia\u00e7\u00e3o. Na foto, os capit\u00e3es de Brochier e Paverama com a equipe de arbitragem<\/figcaption><\/figure>\n","protected":false},"excerpt":{"rendered":"<p>O atual campe\u00e3o da Copa Transcitrus de Futsal, Po\u00e7o das Antas, come\u00e7ou arrasador a edi\u00e7\u00e3o de 2020. Sediando a abertura da competi\u00e7\u00e3o, na sexta-feira (06\/03), a sele\u00e7\u00e3o de Po\u00e7o das Antas aplicou 7 a 3 na equipe do munic\u00edpio de Harmonia, na reedi\u00e7\u00e3o da final do ano passado. Disputada no Gin\u00e1sio Municipal de Po\u00e7o das [&hellip;]<\/p>\n","protected":false},"author":7,"featured_media":65865,"comment_status":"open","ping_status":"open","sticky":false,"template":"","format":"standard","meta":{"pmpro_default_level":"","_jetpack_memberships_contains_paid_content":false,"footnotes":""},"categories":[5,530],"tags":[5717,40],"class_list":{"0":"post-65864","1":"post","2":"type-post","3":"status-publish","4":"format-standard","5":"has-post-thumbnail","7":"category-esportes","8":"category-futsal","9":"tag-2a-copa-transcitrus-de-futsal","10":"tag-poco-das-antas","11":"pmpro-has-access"},"yoast_head":"<!-- This site is optimized with the Yoast SEO plugin v27.5 - https:\/\/yoast.com\/product\/yoast-seo-wordpress\/ -->\n<title>Po\u00e7o das Antas goleia na abertura da 2\u00aa Copa Transcitrus de Futsal - Folha Popular<\/title>\n<meta name=\"robots\" content=\"index, follow, max-snippet:-1, max-image-preview:large, max-video-preview:-1\" \/>\n<link rel=\"canonical\" href=\"https:\/\/folhapopular.info\/index.php\/2020\/03\/08\/poco-das-antas-goleia-na-abertura-da-2a-copa-transcitrus-de-futsal\/\" \/>\n<meta property=\"og:locale\" content=\"pt_BR\" \/>\n<meta property=\"og:type\" content=\"article\" \/>\n<meta property=\"og:title\" content=\"Po\u00e7o das Antas goleia na abertura da 2\u00aa Copa Transcitrus de Futsal - Folha Popular\" \/>\n<meta property=\"og:description\" content=\"O atual campe\u00e3o da Copa Transcitrus de Futsal, Po\u00e7o das Antas, come\u00e7ou arrasador a edi\u00e7\u00e3o de 2020. Sediando a abertura da competi\u00e7\u00e3o, na sexta-feira (06\/03), a sele\u00e7\u00e3o de Po\u00e7o das Antas aplicou 7 a 3 na equipe do munic\u00edpio de Harmonia, na reedi\u00e7\u00e3o da final do ano passado. Disputada no Gin\u00e1sio Municipal de Po\u00e7o das [&hellip;]\" \/>\n<meta property=\"og:url\" content=\"https:\/\/folhapopular.info\/index.php\/2020\/03\/08\/poco-das-antas-goleia-na-abertura-da-2a-copa-transcitrus-de-futsal\/\" \/>\n<meta property=\"og:site_name\" content=\"Folha Popular\" \/>\n<meta property=\"article:published_time\" content=\"2020-03-08T11:31:34+00:00\" \/>\n<meta property=\"article:modified_time\" content=\"2020-03-08T11:31:37+00:00\" \/>\n<meta property=\"og:image\" content=\"https:\/\/folhapopular.info\/wp-content\/uploads\/2020\/03\/WhatsApp-Image-2020-03-06-at-23.33.43.jpeg\" \/>\n\t<meta property=\"og:image:width\" content=\"1160\" \/>\n\t<meta property=\"og:image:height\" content=\"872\" \/>\n\t<meta property=\"og:image:type\" content=\"image\/jpeg\" \/>\n<meta name=\"author\" content=\"Lucas Leandro Brune\" \/>\n<meta name=\"twitter:card\" content=\"summary_large_image\" \/>\n<meta name=\"twitter:label1\" content=\"Escrito por\" \/>\n\t<meta name=\"twitter:data1\" content=\"Lucas Leandro Brune\" \/>\n\t<meta name=\"twitter:label2\" content=\"Est. tempo de leitura\" \/>\n\t<meta name=\"twitter:data2\" content=\"1 minuto\" \/>\n<script type=\"application\/ld+json\" class=\"yoast-schema-graph\">{\"@context\":\"https:\\\/\\\/schema.org\",\"@graph\":[{\"@type\":\"Article\",\"@id\":\"https:\\\/\\\/folhapopular.info\\\/index.php\\\/2020\\\/03\\\/08\\\/poco-das-antas-goleia-na-abertura-da-2a-copa-transcitrus-de-futsal\\\/#article\",\"isPartOf\":{\"@id\":\"https:\\\/\\\/folhapopular.info\\\/index.php\\\/2020\\\/03\\\/08\\\/poco-das-antas-goleia-na-abertura-da-2a-copa-transcitrus-de-futsal\\\/\"},\"author\":{\"name\":\"Lucas Leandro Brune\",\"@id\":\"https:\\\/\\\/folhapopular.info\\\/#\\\/schema\\\/person\\\/533a15f60cd49e81ab3a90b4ca33cb36\"},\"headline\":\"Po\u00e7o das Antas goleia na abertura da 2\u00aa Copa Transcitrus de Futsal\",\"datePublished\":\"2020-03-08T11:31:34+00:00\",\"dateModified\":\"2020-03-08T11:31:37+00:00\",\"mainEntityOfPage\":{\"@id\":\"https:\\\/\\\/folhapopular.info\\\/index.php\\\/2020\\\/03\\\/08\\\/poco-das-antas-goleia-na-abertura-da-2a-copa-transcitrus-de-futsal\\\/\"},\"wordCount\":151,\"commentCount\":0,\"image\":{\"@id\":\"https:\\\/\\\/folhapopular.info\\\/index.php\\\/2020\\\/03\\\/08\\\/poco-das-antas-goleia-na-abertura-da-2a-copa-transcitrus-de-futsal\\\/#primaryimage\"},\"thumbnailUrl\":\"https:\\\/\\\/folhapopular.info\\\/wp-content\\\/uploads\\\/2020\\\/03\\\/WhatsApp-Image-2020-03-06-at-23.33.43.jpeg\",\"keywords\":[\"2\u00aa Copa Transcitrus de Futsal\",\"Po\u00e7o das Antas\"],\"articleSection\":[\"Esportes\",\"Futsal\"],\"inLanguage\":\"pt-BR\",\"potentialAction\":[{\"@type\":\"CommentAction\",\"name\":\"Comment\",\"target\":[\"https:\\\/\\\/folhapopular.info\\\/index.php\\\/2020\\\/03\\\/08\\\/poco-das-antas-goleia-na-abertura-da-2a-copa-transcitrus-de-futsal\\\/#respond\"]}]},{\"@type\":\"WebPage\",\"@id\":\"https:\\\/\\\/folhapopular.info\\\/index.php\\\/2020\\\/03\\\/08\\\/poco-das-antas-goleia-na-abertura-da-2a-copa-transcitrus-de-futsal\\\/\",\"url\":\"https:\\\/\\\/folhapopular.info\\\/index.php\\\/2020\\\/03\\\/08\\\/poco-das-antas-goleia-na-abertura-da-2a-copa-transcitrus-de-futsal\\\/\",\"name\":\"Po\u00e7o das Antas goleia na abertura da 2\u00aa Copa Transcitrus de Futsal - Folha Popular\",\"isPartOf\":{\"@id\":\"https:\\\/\\\/folhapopular.info\\\/#website\"},\"primaryImageOfPage\":{\"@id\":\"https:\\\/\\\/folhapopular.info\\\/index.php\\\/2020\\\/03\\\/08\\\/poco-das-antas-goleia-na-abertura-da-2a-copa-transcitrus-de-futsal\\\/#primaryimage\"},\"image\":{\"@id\":\"https:\\\/\\\/folhapopular.info\\\/index.php\\\/2020\\\/03\\\/08\\\/poco-das-antas-goleia-na-abertura-da-2a-copa-transcitrus-de-futsal\\\/#primaryimage\"},\"thumbnailUrl\":\"https:\\\/\\\/folhapopular.info\\\/wp-content\\\/uploads\\\/2020\\\/03\\\/WhatsApp-Image-2020-03-06-at-23.33.43.jpeg\",\"datePublished\":\"2020-03-08T11:31:34+00:00\",\"dateModified\":\"2020-03-08T11:31:37+00:00\",\"author\":{\"@id\":\"https:\\\/\\\/folhapopular.info\\\/#\\\/schema\\\/person\\\/533a15f60cd49e81ab3a90b4ca33cb36\"},\"breadcrumb\":{\"@id\":\"https:\\\/\\\/folhapopular.info\\\/index.php\\\/2020\\\/03\\\/08\\\/poco-das-antas-goleia-na-abertura-da-2a-copa-transcitrus-de-futsal\\\/#breadcrumb\"},\"inLanguage\":\"pt-BR\",\"potentialAction\":[{\"@type\":\"ReadAction\",\"target\":[\"https:\\\/\\\/folhapopular.info\\\/index.php\\\/2020\\\/03\\\/08\\\/poco-das-antas-goleia-na-abertura-da-2a-copa-transcitrus-de-futsal\\\/\"]}]},{\"@type\":\"ImageObject\",\"inLanguage\":\"pt-BR\",\"@id\":\"https:\\\/\\\/folhapopular.info\\\/index.php\\\/2020\\\/03\\\/08\\\/poco-das-antas-goleia-na-abertura-da-2a-copa-transcitrus-de-futsal\\\/#primaryimage\",\"url\":\"https:\\\/\\\/folhapopular.info\\\/wp-content\\\/uploads\\\/2020\\\/03\\\/WhatsApp-Image-2020-03-06-at-23.33.43.jpeg\",\"contentUrl\":\"https:\\\/\\\/folhapopular.info\\\/wp-content\\\/uploads\\\/2020\\\/03\\\/WhatsApp-Image-2020-03-06-at-23.33.43.jpeg\",\"width\":1160,\"height\":872,\"caption\":\"O atual campe\u00e3o, Po\u00e7o das Antas, foi derrotado pela equipe de Harmonia e est\u00e1 fora da grande decis\u00e3o \\\/ Cr\u00e9dito: Divulga\u00e7\u00e3o\"},{\"@type\":\"BreadcrumbList\",\"@id\":\"https:\\\/\\\/folhapopular.info\\\/index.php\\\/2020\\\/03\\\/08\\\/poco-das-antas-goleia-na-abertura-da-2a-copa-transcitrus-de-futsal\\\/#breadcrumb\",\"itemListElement\":[{\"@type\":\"ListItem\",\"position\":1,\"name\":\"In\u00edcio\",\"item\":\"https:\\\/\\\/folhapopular.info\\\/\"},{\"@type\":\"ListItem\",\"position\":2,\"name\":\"Po\u00e7o das Antas goleia na abertura da 2\u00aa Copa Transcitrus de Futsal\"}]},{\"@type\":\"WebSite\",\"@id\":\"https:\\\/\\\/folhapopular.info\\\/#website\",\"url\":\"https:\\\/\\\/folhapopular.info\\\/\",\"name\":\"Folha Popular\",\"description\":\"Onde voc\u00ea tem vez e voz\",\"potentialAction\":[{\"@type\":\"SearchAction\",\"target\":{\"@type\":\"EntryPoint\",\"urlTemplate\":\"https:\\\/\\\/folhapopular.info\\\/?s={search_term_string}\"},\"query-input\":{\"@type\":\"PropertyValueSpecification\",\"valueRequired\":true,\"valueName\":\"search_term_string\"}}],\"inLanguage\":\"pt-BR\"},{\"@type\":\"Person\",\"@id\":\"https:\\\/\\\/folhapopular.info\\\/#\\\/schema\\\/person\\\/533a15f60cd49e81ab3a90b4ca33cb36\",\"name\":\"Lucas Leandro Brune\",\"image\":{\"@type\":\"ImageObject\",\"inLanguage\":\"pt-BR\",\"@id\":\"https:\\\/\\\/folhapopular.info\\\/wp-content\\\/uploads\\\/2026\\\/04\\\/LUCAS-1-1.webp\",\"url\":\"https:\\\/\\\/folhapopular.info\\\/wp-content\\\/uploads\\\/2026\\\/04\\\/LUCAS-1-1.webp\",\"contentUrl\":\"https:\\\/\\\/folhapopular.info\\\/wp-content\\\/uploads\\\/2026\\\/04\\\/LUCAS-1-1.webp\",\"caption\":\"Lucas Leandro Brune\"},\"description\":\"Jornalista Profissional Diplomado MTB\\\/RS 14.333\",\"url\":\"https:\\\/\\\/folhapopular.info\\\/index.php\\\/author\\\/lucas-brune\\\/\"}]}<\/script>\n<!-- \/ Yoast SEO plugin. -->","yoast_head_json":{"title":"Po\u00e7o das Antas goleia na abertura da 2\u00aa Copa Transcitrus de Futsal - Folha Popular","robots":{"index":"index","follow":"follow","max-snippet":"max-snippet:-1","max-image-preview":"max-image-preview:large","max-video-preview":"max-video-preview:-1"},"canonical":"https:\/\/folhapopular.info\/index.php\/2020\/03\/08\/poco-das-antas-goleia-na-abertura-da-2a-copa-transcitrus-de-futsal\/","og_locale":"pt_BR","og_type":"article","og_title":"Po\u00e7o das Antas goleia na abertura da 2\u00aa Copa Transcitrus de Futsal - Folha Popular","og_description":"O atual campe\u00e3o da Copa Transcitrus de Futsal, Po\u00e7o das Antas, come\u00e7ou arrasador a edi\u00e7\u00e3o de 2020. Sediando a abertura da competi\u00e7\u00e3o, na sexta-feira (06\/03), a sele\u00e7\u00e3o de Po\u00e7o das Antas aplicou 7 a 3 na equipe do munic\u00edpio de Harmonia, na reedi\u00e7\u00e3o da final do ano passado. Disputada no Gin\u00e1sio Municipal de Po\u00e7o das [&hellip;]","og_url":"https:\/\/folhapopular.info\/index.php\/2020\/03\/08\/poco-das-antas-goleia-na-abertura-da-2a-copa-transcitrus-de-futsal\/","og_site_name":"Folha Popular","article_published_time":"2020-03-08T11:31:34+00:00","article_modified_time":"2020-03-08T11:31:37+00:00","og_image":[{"width":1160,"height":872,"url":"https:\/\/folhapopular.info\/wp-content\/uploads\/2020\/03\/WhatsApp-Image-2020-03-06-at-23.33.43.jpeg","type":"image\/jpeg"}],"author":"Lucas Leandro Brune","twitter_card":"summary_large_image","twitter_misc":{"Escrito por":"Lucas Leandro Brune","Est. tempo de leitura":"1 minuto"},"schema":{"@context":"https:\/\/schema.org","@graph":[{"@type":"Article","@id":"https:\/\/folhapopular.info\/index.php\/2020\/03\/08\/poco-das-antas-goleia-na-abertura-da-2a-copa-transcitrus-de-futsal\/#article","isPartOf":{"@id":"https:\/\/folhapopular.info\/index.php\/2020\/03\/08\/poco-das-antas-goleia-na-abertura-da-2a-copa-transcitrus-de-futsal\/"},"author":{"name":"Lucas Leandro Brune","@id":"https:\/\/folhapopular.info\/#\/schema\/person\/533a15f60cd49e81ab3a90b4ca33cb36"},"headline":"Po\u00e7o das Antas goleia na abertura da 2\u00aa Copa Transcitrus de Futsal","datePublished":"2020-03-08T11:31:34+00:00","dateModified":"2020-03-08T11:31:37+00:00","mainEntityOfPage":{"@id":"https:\/\/folhapopular.info\/index.php\/2020\/03\/08\/poco-das-antas-goleia-na-abertura-da-2a-copa-transcitrus-de-futsal\/"},"wordCount":151,"commentCount":0,"image":{"@id":"https:\/\/folhapopular.info\/index.php\/2020\/03\/08\/poco-das-antas-goleia-na-abertura-da-2a-copa-transcitrus-de-futsal\/#primaryimage"},"thumbnailUrl":"https:\/\/folhapopular.info\/wp-content\/uploads\/2020\/03\/WhatsApp-Image-2020-03-06-at-23.33.43.jpeg","keywords":["2\u00aa Copa Transcitrus de Futsal","Po\u00e7o das Antas"],"articleSection":["Esportes","Futsal"],"inLanguage":"pt-BR","potentialAction":[{"@type":"CommentAction","name":"Comment","target":["https:\/\/folhapopular.info\/index.php\/2020\/03\/08\/poco-das-antas-goleia-na-abertura-da-2a-copa-transcitrus-de-futsal\/#respond"]}]},{"@type":"WebPage","@id":"https:\/\/folhapopular.info\/index.php\/2020\/03\/08\/poco-das-antas-goleia-na-abertura-da-2a-copa-transcitrus-de-futsal\/","url":"https:\/\/folhapopular.info\/index.php\/2020\/03\/08\/poco-das-antas-goleia-na-abertura-da-2a-copa-transcitrus-de-futsal\/","name":"Po\u00e7o das Antas goleia na abertura da 2\u00aa Copa Transcitrus de Futsal - Folha Popular","isPartOf":{"@id":"https:\/\/folhapopular.info\/#website"},"primaryImageOfPage":{"@id":"https:\/\/folhapopular.info\/index.php\/2020\/03\/08\/poco-das-antas-goleia-na-abertura-da-2a-copa-transcitrus-de-futsal\/#primaryimage"},"image":{"@id":"https:\/\/folhapopular.info\/index.php\/2020\/03\/08\/poco-das-antas-goleia-na-abertura-da-2a-copa-transcitrus-de-futsal\/#primaryimage"},"thumbnailUrl":"https:\/\/folhapopular.info\/wp-content\/uploads\/2020\/03\/WhatsApp-Image-2020-03-06-at-23.33.43.jpeg","datePublished":"2020-03-08T11:31:34+00:00","dateModified":"2020-03-08T11:31:37+00:00","author":{"@id":"https:\/\/folhapopular.info\/#\/schema\/person\/533a15f60cd49e81ab3a90b4ca33cb36"},"breadcrumb":{"@id":"https:\/\/folhapopular.info\/index.php\/2020\/03\/08\/poco-das-antas-goleia-na-abertura-da-2a-copa-transcitrus-de-futsal\/#breadcrumb"},"inLanguage":"pt-BR","potentialAction":[{"@type":"ReadAction","target":["https:\/\/folhapopular.info\/index.php\/2020\/03\/08\/poco-das-antas-goleia-na-abertura-da-2a-copa-transcitrus-de-futsal\/"]}]},{"@type":"ImageObject","inLanguage":"pt-BR","@id":"https:\/\/folhapopular.info\/index.php\/2020\/03\/08\/poco-das-antas-goleia-na-abertura-da-2a-copa-transcitrus-de-futsal\/#primaryimage","url":"https:\/\/folhapopular.info\/wp-content\/uploads\/2020\/03\/WhatsApp-Image-2020-03-06-at-23.33.43.jpeg","contentUrl":"https:\/\/folhapopular.info\/wp-content\/uploads\/2020\/03\/WhatsApp-Image-2020-03-06-at-23.33.43.jpeg","width":1160,"height":872,"caption":"O atual campe\u00e3o, Po\u00e7o das Antas, foi derrotado pela equipe de Harmonia e est\u00e1 fora da grande decis\u00e3o \/ Cr\u00e9dito: Divulga\u00e7\u00e3o"},{"@type":"BreadcrumbList","@id":"https:\/\/folhapopular.info\/index.php\/2020\/03\/08\/poco-das-antas-goleia-na-abertura-da-2a-copa-transcitrus-de-futsal\/#breadcrumb","itemListElement":[{"@type":"ListItem","position":1,"name":"In\u00edcio","item":"https:\/\/folhapopular.info\/"},{"@type":"ListItem","position":2,"name":"Po\u00e7o das Antas goleia na abertura da 2\u00aa Copa Transcitrus de Futsal"}]},{"@type":"WebSite","@id":"https:\/\/folhapopular.info\/#website","url":"https:\/\/folhapopular.info\/","name":"Folha Popular","description":"Onde voc\u00ea tem vez e voz","potentialAction":[{"@type":"SearchAction","target":{"@type":"EntryPoint","urlTemplate":"https:\/\/folhapopular.info\/?s={search_term_string}"},"query-input":{"@type":"PropertyValueSpecification","valueRequired":true,"valueName":"search_term_string"}}],"inLanguage":"pt-BR"},{"@type":"Person","@id":"https:\/\/folhapopular.info\/#\/schema\/person\/533a15f60cd49e81ab3a90b4ca33cb36","name":"Lucas Leandro Brune","image":{"@type":"ImageObject","inLanguage":"pt-BR","@id":"https:\/\/folhapopular.info\/wp-content\/uploads\/2026\/04\/LUCAS-1-1.webp","url":"https:\/\/folhapopular.info\/wp-content\/uploads\/2026\/04\/LUCAS-1-1.webp","contentUrl":"https:\/\/folhapopular.info\/wp-content\/uploads\/2026\/04\/LUCAS-1-1.webp","caption":"Lucas Leandro Brune"},"description":"Jornalista Profissional Diplomado MTB\/RS 14.333","url":"https:\/\/folhapopular.info\/index.php\/author\/lucas-brune\/"}]}},"jetpack_featured_media_url":"https:\/\/folhapopular.info\/wp-content\/uploads\/2020\/03\/WhatsApp-Image-2020-03-06-at-23.33.43.jpeg","jetpack_sharing_enabled":true,"amp_enabled":true,"_links":{"self":[{"href":"https:\/\/folhapopular.info\/index.php\/wp-json\/wp\/v2\/posts\/65864","targetHints":{"allow":["GET"]}}],"collection":[{"href":"https:\/\/folhapopular.info\/index.php\/wp-json\/wp\/v2\/posts"}],"about":[{"href":"https:\/\/folhapopular.info\/index.php\/wp-json\/wp\/v2\/types\/post"}],"author":[{"embeddable":true,"href":"https:\/\/folhapopular.info\/index.php\/wp-json\/wp\/v2\/users\/7"}],"replies":[{"embeddable":true,"href":"https:\/\/folhapopular.info\/index.php\/wp-json\/wp\/v2\/comments?post=65864"}],"version-history":[{"count":0,"href":"https:\/\/folhapopular.info\/index.php\/wp-json\/wp\/v2\/posts\/65864\/revisions"}],"wp:featuredmedia":[{"embeddable":true,"href":"https:\/\/folhapopular.info\/index.php\/wp-json\/wp\/v2\/media\/65865"}],"wp:attachment":[{"href":"https:\/\/folhapopular.info\/index.php\/wp-json\/wp\/v2\/media?parent=65864"}],"wp:term":[{"taxonomy":"category","embeddable":true,"href":"https:\/\/folhapopular.info\/index.php\/wp-json\/wp\/v2\/categories?post=65864"},{"taxonomy":"post_tag","embeddable":true,"href":"https:\/\/folhapopular.info\/index.php\/wp-json\/wp\/v2\/tags?post=65864"}],"curies":[{"name":"wp","href":"https:\/\/api.w.org\/{rel}","templated":true}]}}