{"id":65958,"date":"2020-03-11T10:20:00","date_gmt":"2020-03-11T13:20:00","guid":{"rendered":"https:\/\/folhapopular.info\/?p=65958"},"modified":"2020-03-11T10:01:35","modified_gmt":"2020-03-11T13:01:35","slug":"sinduscom-vt-e-seavat-promovem-palestra-sobre-modernizacao-e-impacto-das-normas-reguladoras","status":"publish","type":"post","link":"https:\/\/folhapopular.info\/index.php\/2020\/03\/11\/sinduscom-vt-e-seavat-promovem-palestra-sobre-modernizacao-e-impacto-das-normas-reguladoras\/","title":{"rendered":"Sinduscom-VT e Seavat promovem palestra sobre moderniza\u00e7\u00e3o e impacto das normas reguladoras"},"content":{"rendered":"\n<p>Respons\u00e1veis por orientar e normatizar os procedimentos obrigat\u00f3rios relacionados \u00e0 seguran\u00e7a e sa\u00fade do trabalhador, as normas reguladoras brasileiras ser\u00e3o o tema da palestra \u201cModerniza\u00e7\u00e3o e harmoniza\u00e7\u00e3o das NRs e seu impacto nas empresas\u201d, que o Sinduscom-VT e a Seavat promovem no dia 25 de mar\u00e7o. A atividade ocorre \u00e0s 15h na sede social da Seavat (Rua Albino Kondorfer, n. 77 &#8211; Bairro Montanha), em\u00a0Lajeado, e \u00e9 destinada aos profissionais envolvidos com a constru\u00e7\u00e3o civil e setores moveleiro e cer\u00e2mico, bem como arquitetos e engenheiros.<\/p>\n\n\n\n<p>Especialista em Engenharia de Seguran\u00e7a do Trabalho e integrante do Conselho de Rela\u00e7\u00f5es do Trabalho da Fiergs, Sergio Ussan \u00e9 quem ministra o treinamento que abordar\u00e1 o foco do governo nas altera\u00e7\u00f5es das NRs, gerenciamento de risco, aumento da responsabilidade de empreendedores e empregadores, e a import\u00e2ncia da documenta\u00e7\u00e3o relativa ao trabalhador e da oferta de capacita\u00e7\u00e3o para as equipes. Tamb\u00e9m ser\u00e1 debatido o tangenciamento entre a legisla\u00e7\u00e3o trabalhista e a previdenci\u00e1ria e o envolvimento da Previd\u00eancia, Receita Federal e Pol\u00edcia Federal.<\/p>\n\n\n\n<p>As inscri\u00e7\u00f5es est\u00e3o abertas e podem ser efetuadas atrav\u00e9s do telefone (51) 3748.4892 ou pelo e-mail\u00a0<a rel=\"noreferrer noopener\" href=\"mailto:secretaria@sinduscomvt.com.br\" target=\"_blank\">secretaria@sinduscomvt.com.br<\/a>. O valor do investimento \u00e9 de R$ 25,00 para associados Sinduscom-VT ou Seavat e R$ 50,00 para demais interessados. <\/p>\n","protected":false},"excerpt":{"rendered":"<p>Respons\u00e1veis por orientar e normatizar os procedimentos obrigat\u00f3rios relacionados \u00e0 seguran\u00e7a e sa\u00fade do trabalhador, as normas reguladoras brasileiras ser\u00e3o o tema da palestra \u201cModerniza\u00e7\u00e3o e harmoniza\u00e7\u00e3o das NRs e seu impacto nas empresas\u201d, que o Sinduscom-VT e a Seavat promovem no dia 25 de mar\u00e7o. A atividade ocorre \u00e0s 15h na sede social da [&hellip;]<\/p>\n","protected":false},"author":8,"featured_media":65959,"comment_status":"open","ping_status":"open","sticky":false,"template":"","format":"standard","meta":{"pmpro_default_level":"","_jetpack_memberships_contains_paid_content":false,"footnotes":""},"categories":[2,3],"tags":[27,2949],"class_list":{"0":"post-65958","1":"post","2":"type-post","3":"status-publish","4":"format-standard","5":"has-post-thumbnail","7":"category-featured","8":"category-geral","9":"tag-lajeado","10":"tag-siduscom-vt","11":"pmpro-has-access"},"yoast_head":"<!-- This site is optimized with the Yoast SEO plugin v27.5 - https:\/\/yoast.com\/product\/yoast-seo-wordpress\/ -->\n<title>Sinduscom-VT e Seavat promovem palestra sobre moderniza\u00e7\u00e3o e impacto das normas reguladoras - Folha Popular<\/title>\n<meta name=\"robots\" content=\"index, follow, max-snippet:-1, max-image-preview:large, max-video-preview:-1\" \/>\n<link rel=\"canonical\" href=\"https:\/\/folhapopular.info\/index.php\/2020\/03\/11\/sinduscom-vt-e-seavat-promovem-palestra-sobre-modernizacao-e-impacto-das-normas-reguladoras\/\" \/>\n<meta property=\"og:locale\" content=\"pt_BR\" \/>\n<meta property=\"og:type\" content=\"article\" \/>\n<meta property=\"og:title\" content=\"Sinduscom-VT e Seavat promovem palestra sobre moderniza\u00e7\u00e3o e impacto das normas reguladoras - Folha Popular\" \/>\n<meta property=\"og:description\" content=\"Respons\u00e1veis por orientar e normatizar os procedimentos obrigat\u00f3rios relacionados \u00e0 seguran\u00e7a e sa\u00fade do trabalhador, as normas reguladoras brasileiras ser\u00e3o o tema da palestra \u201cModerniza\u00e7\u00e3o e harmoniza\u00e7\u00e3o das NRs e seu impacto nas empresas\u201d, que o Sinduscom-VT e a Seavat promovem no dia 25 de mar\u00e7o. A atividade ocorre \u00e0s 15h na sede social da [&hellip;]\" \/>\n<meta property=\"og:url\" content=\"https:\/\/folhapopular.info\/index.php\/2020\/03\/11\/sinduscom-vt-e-seavat-promovem-palestra-sobre-modernizacao-e-impacto-das-normas-reguladoras\/\" \/>\n<meta property=\"og:site_name\" content=\"Folha Popular\" \/>\n<meta property=\"article:published_time\" content=\"2020-03-11T13:20:00+00:00\" \/>\n<meta property=\"og:image\" content=\"https:\/\/folhapopular.info\/wp-content\/uploads\/2020\/03\/sergio-ussan-scaled-e1583931637359.jpg\" \/>\n\t<meta property=\"og:image:width\" content=\"600\" \/>\n\t<meta property=\"og:image:height\" content=\"800\" \/>\n\t<meta property=\"og:image:type\" content=\"image\/jpeg\" \/>\n<meta name=\"author\" content=\"Reda\u00e7\u00e3o Folha Popular\" \/>\n<meta name=\"twitter:card\" content=\"summary_large_image\" \/>\n<meta name=\"twitter:label1\" content=\"Escrito por\" \/>\n\t<meta name=\"twitter:data1\" content=\"Reda\u00e7\u00e3o Folha Popular\" \/>\n\t<meta name=\"twitter:label2\" content=\"Est. tempo de leitura\" \/>\n\t<meta name=\"twitter:data2\" content=\"1 minuto\" \/>\n<script type=\"application\/ld+json\" class=\"yoast-schema-graph\">{\"@context\":\"https:\\\/\\\/schema.org\",\"@graph\":[{\"@type\":\"Article\",\"@id\":\"https:\\\/\\\/folhapopular.info\\\/index.php\\\/2020\\\/03\\\/11\\\/sinduscom-vt-e-seavat-promovem-palestra-sobre-modernizacao-e-impacto-das-normas-reguladoras\\\/#article\",\"isPartOf\":{\"@id\":\"https:\\\/\\\/folhapopular.info\\\/index.php\\\/2020\\\/03\\\/11\\\/sinduscom-vt-e-seavat-promovem-palestra-sobre-modernizacao-e-impacto-das-normas-reguladoras\\\/\"},\"author\":{\"name\":\"Reda\u00e7\u00e3o Folha Popular\",\"@id\":\"https:\\\/\\\/folhapopular.info\\\/#\\\/schema\\\/person\\\/2814e8a0df7643585a9ca38bc6eb9d4b\"},\"headline\":\"Sinduscom-VT e Seavat promovem palestra sobre moderniza\u00e7\u00e3o e impacto das normas reguladoras\",\"datePublished\":\"2020-03-11T13:20:00+00:00\",\"mainEntityOfPage\":{\"@id\":\"https:\\\/\\\/folhapopular.info\\\/index.php\\\/2020\\\/03\\\/11\\\/sinduscom-vt-e-seavat-promovem-palestra-sobre-modernizacao-e-impacto-das-normas-reguladoras\\\/\"},\"wordCount\":234,\"commentCount\":0,\"image\":{\"@id\":\"https:\\\/\\\/folhapopular.info\\\/index.php\\\/2020\\\/03\\\/11\\\/sinduscom-vt-e-seavat-promovem-palestra-sobre-modernizacao-e-impacto-das-normas-reguladoras\\\/#primaryimage\"},\"thumbnailUrl\":\"https:\\\/\\\/folhapopular.info\\\/wp-content\\\/uploads\\\/2020\\\/03\\\/sergio-ussan-scaled-e1583931637359.jpg\",\"keywords\":[\"Lajeado\",\"Siduscom-VT\"],\"articleSection\":[\"Destaques\",\"Geral\"],\"inLanguage\":\"pt-BR\",\"potentialAction\":[{\"@type\":\"CommentAction\",\"name\":\"Comment\",\"target\":[\"https:\\\/\\\/folhapopular.info\\\/index.php\\\/2020\\\/03\\\/11\\\/sinduscom-vt-e-seavat-promovem-palestra-sobre-modernizacao-e-impacto-das-normas-reguladoras\\\/#respond\"]}]},{\"@type\":\"WebPage\",\"@id\":\"https:\\\/\\\/folhapopular.info\\\/index.php\\\/2020\\\/03\\\/11\\\/sinduscom-vt-e-seavat-promovem-palestra-sobre-modernizacao-e-impacto-das-normas-reguladoras\\\/\",\"url\":\"https:\\\/\\\/folhapopular.info\\\/index.php\\\/2020\\\/03\\\/11\\\/sinduscom-vt-e-seavat-promovem-palestra-sobre-modernizacao-e-impacto-das-normas-reguladoras\\\/\",\"name\":\"Sinduscom-VT e Seavat promovem palestra sobre moderniza\u00e7\u00e3o e impacto das normas reguladoras - Folha Popular\",\"isPartOf\":{\"@id\":\"https:\\\/\\\/folhapopular.info\\\/#website\"},\"primaryImageOfPage\":{\"@id\":\"https:\\\/\\\/folhapopular.info\\\/index.php\\\/2020\\\/03\\\/11\\\/sinduscom-vt-e-seavat-promovem-palestra-sobre-modernizacao-e-impacto-das-normas-reguladoras\\\/#primaryimage\"},\"image\":{\"@id\":\"https:\\\/\\\/folhapopular.info\\\/index.php\\\/2020\\\/03\\\/11\\\/sinduscom-vt-e-seavat-promovem-palestra-sobre-modernizacao-e-impacto-das-normas-reguladoras\\\/#primaryimage\"},\"thumbnailUrl\":\"https:\\\/\\\/folhapopular.info\\\/wp-content\\\/uploads\\\/2020\\\/03\\\/sergio-ussan-scaled-e1583931637359.jpg\",\"datePublished\":\"2020-03-11T13:20:00+00:00\",\"author\":{\"@id\":\"https:\\\/\\\/folhapopular.info\\\/#\\\/schema\\\/person\\\/2814e8a0df7643585a9ca38bc6eb9d4b\"},\"breadcrumb\":{\"@id\":\"https:\\\/\\\/folhapopular.info\\\/index.php\\\/2020\\\/03\\\/11\\\/sinduscom-vt-e-seavat-promovem-palestra-sobre-modernizacao-e-impacto-das-normas-reguladoras\\\/#breadcrumb\"},\"inLanguage\":\"pt-BR\",\"potentialAction\":[{\"@type\":\"ReadAction\",\"target\":[\"https:\\\/\\\/folhapopular.info\\\/index.php\\\/2020\\\/03\\\/11\\\/sinduscom-vt-e-seavat-promovem-palestra-sobre-modernizacao-e-impacto-das-normas-reguladoras\\\/\"]}]},{\"@type\":\"ImageObject\",\"inLanguage\":\"pt-BR\",\"@id\":\"https:\\\/\\\/folhapopular.info\\\/index.php\\\/2020\\\/03\\\/11\\\/sinduscom-vt-e-seavat-promovem-palestra-sobre-modernizacao-e-impacto-das-normas-reguladoras\\\/#primaryimage\",\"url\":\"https:\\\/\\\/folhapopular.info\\\/wp-content\\\/uploads\\\/2020\\\/03\\\/sergio-ussan-scaled-e1583931637359.jpg\",\"contentUrl\":\"https:\\\/\\\/folhapopular.info\\\/wp-content\\\/uploads\\\/2020\\\/03\\\/sergio-ussan-scaled-e1583931637359.jpg\",\"width\":600,\"height\":800,\"caption\":\"S\u00e9rgio Ussan ser\u00e1 o palestrante\"},{\"@type\":\"BreadcrumbList\",\"@id\":\"https:\\\/\\\/folhapopular.info\\\/index.php\\\/2020\\\/03\\\/11\\\/sinduscom-vt-e-seavat-promovem-palestra-sobre-modernizacao-e-impacto-das-normas-reguladoras\\\/#breadcrumb\",\"itemListElement\":[{\"@type\":\"ListItem\",\"position\":1,\"name\":\"In\u00edcio\",\"item\":\"https:\\\/\\\/folhapopular.info\\\/\"},{\"@type\":\"ListItem\",\"position\":2,\"name\":\"Sinduscom-VT e Seavat promovem palestra sobre moderniza\u00e7\u00e3o e impacto das normas reguladoras\"}]},{\"@type\":\"WebSite\",\"@id\":\"https:\\\/\\\/folhapopular.info\\\/#website\",\"url\":\"https:\\\/\\\/folhapopular.info\\\/\",\"name\":\"Folha Popular\",\"description\":\"Onde voc\u00ea tem vez e voz\",\"potentialAction\":[{\"@type\":\"SearchAction\",\"target\":{\"@type\":\"EntryPoint\",\"urlTemplate\":\"https:\\\/\\\/folhapopular.info\\\/?s={search_term_string}\"},\"query-input\":{\"@type\":\"PropertyValueSpecification\",\"valueRequired\":true,\"valueName\":\"search_term_string\"}}],\"inLanguage\":\"pt-BR\"},{\"@type\":\"Person\",\"@id\":\"https:\\\/\\\/folhapopular.info\\\/#\\\/schema\\\/person\\\/2814e8a0df7643585a9ca38bc6eb9d4b\",\"name\":\"Reda\u00e7\u00e3o Folha Popular\",\"image\":{\"@type\":\"ImageObject\",\"inLanguage\":\"pt-BR\",\"@id\":\"https:\\\/\\\/folhapopular.info\\\/wp-content\\\/uploads\\\/2026\\\/04\\\/Folha-1.webp\",\"url\":\"https:\\\/\\\/folhapopular.info\\\/wp-content\\\/uploads\\\/2026\\\/04\\\/Folha-1.webp\",\"contentUrl\":\"https:\\\/\\\/folhapopular.info\\\/wp-content\\\/uploads\\\/2026\\\/04\\\/Folha-1.webp\",\"caption\":\"Reda\u00e7\u00e3o Folha Popular\"},\"url\":\"https:\\\/\\\/folhapopular.info\\\/index.php\\\/author\\\/redacao\\\/\"}]}<\/script>\n<!-- \/ Yoast SEO plugin. -->","yoast_head_json":{"title":"Sinduscom-VT e Seavat promovem palestra sobre moderniza\u00e7\u00e3o e impacto das normas reguladoras - Folha Popular","robots":{"index":"index","follow":"follow","max-snippet":"max-snippet:-1","max-image-preview":"max-image-preview:large","max-video-preview":"max-video-preview:-1"},"canonical":"https:\/\/folhapopular.info\/index.php\/2020\/03\/11\/sinduscom-vt-e-seavat-promovem-palestra-sobre-modernizacao-e-impacto-das-normas-reguladoras\/","og_locale":"pt_BR","og_type":"article","og_title":"Sinduscom-VT e Seavat promovem palestra sobre moderniza\u00e7\u00e3o e impacto das normas reguladoras - Folha Popular","og_description":"Respons\u00e1veis por orientar e normatizar os procedimentos obrigat\u00f3rios relacionados \u00e0 seguran\u00e7a e sa\u00fade do trabalhador, as normas reguladoras brasileiras ser\u00e3o o tema da palestra \u201cModerniza\u00e7\u00e3o e harmoniza\u00e7\u00e3o das NRs e seu impacto nas empresas\u201d, que o Sinduscom-VT e a Seavat promovem no dia 25 de mar\u00e7o. A atividade ocorre \u00e0s 15h na sede social da [&hellip;]","og_url":"https:\/\/folhapopular.info\/index.php\/2020\/03\/11\/sinduscom-vt-e-seavat-promovem-palestra-sobre-modernizacao-e-impacto-das-normas-reguladoras\/","og_site_name":"Folha Popular","article_published_time":"2020-03-11T13:20:00+00:00","og_image":[{"width":600,"height":800,"url":"https:\/\/folhapopular.info\/wp-content\/uploads\/2020\/03\/sergio-ussan-scaled-e1583931637359.jpg","type":"image\/jpeg"}],"author":"Reda\u00e7\u00e3o Folha Popular","twitter_card":"summary_large_image","twitter_misc":{"Escrito por":"Reda\u00e7\u00e3o Folha Popular","Est. tempo de leitura":"1 minuto"},"schema":{"@context":"https:\/\/schema.org","@graph":[{"@type":"Article","@id":"https:\/\/folhapopular.info\/index.php\/2020\/03\/11\/sinduscom-vt-e-seavat-promovem-palestra-sobre-modernizacao-e-impacto-das-normas-reguladoras\/#article","isPartOf":{"@id":"https:\/\/folhapopular.info\/index.php\/2020\/03\/11\/sinduscom-vt-e-seavat-promovem-palestra-sobre-modernizacao-e-impacto-das-normas-reguladoras\/"},"author":{"name":"Reda\u00e7\u00e3o Folha Popular","@id":"https:\/\/folhapopular.info\/#\/schema\/person\/2814e8a0df7643585a9ca38bc6eb9d4b"},"headline":"Sinduscom-VT e Seavat promovem palestra sobre moderniza\u00e7\u00e3o e impacto das normas reguladoras","datePublished":"2020-03-11T13:20:00+00:00","mainEntityOfPage":{"@id":"https:\/\/folhapopular.info\/index.php\/2020\/03\/11\/sinduscom-vt-e-seavat-promovem-palestra-sobre-modernizacao-e-impacto-das-normas-reguladoras\/"},"wordCount":234,"commentCount":0,"image":{"@id":"https:\/\/folhapopular.info\/index.php\/2020\/03\/11\/sinduscom-vt-e-seavat-promovem-palestra-sobre-modernizacao-e-impacto-das-normas-reguladoras\/#primaryimage"},"thumbnailUrl":"https:\/\/folhapopular.info\/wp-content\/uploads\/2020\/03\/sergio-ussan-scaled-e1583931637359.jpg","keywords":["Lajeado","Siduscom-VT"],"articleSection":["Destaques","Geral"],"inLanguage":"pt-BR","potentialAction":[{"@type":"CommentAction","name":"Comment","target":["https:\/\/folhapopular.info\/index.php\/2020\/03\/11\/sinduscom-vt-e-seavat-promovem-palestra-sobre-modernizacao-e-impacto-das-normas-reguladoras\/#respond"]}]},{"@type":"WebPage","@id":"https:\/\/folhapopular.info\/index.php\/2020\/03\/11\/sinduscom-vt-e-seavat-promovem-palestra-sobre-modernizacao-e-impacto-das-normas-reguladoras\/","url":"https:\/\/folhapopular.info\/index.php\/2020\/03\/11\/sinduscom-vt-e-seavat-promovem-palestra-sobre-modernizacao-e-impacto-das-normas-reguladoras\/","name":"Sinduscom-VT e Seavat promovem palestra sobre moderniza\u00e7\u00e3o e impacto das normas reguladoras - Folha Popular","isPartOf":{"@id":"https:\/\/folhapopular.info\/#website"},"primaryImageOfPage":{"@id":"https:\/\/folhapopular.info\/index.php\/2020\/03\/11\/sinduscom-vt-e-seavat-promovem-palestra-sobre-modernizacao-e-impacto-das-normas-reguladoras\/#primaryimage"},"image":{"@id":"https:\/\/folhapopular.info\/index.php\/2020\/03\/11\/sinduscom-vt-e-seavat-promovem-palestra-sobre-modernizacao-e-impacto-das-normas-reguladoras\/#primaryimage"},"thumbnailUrl":"https:\/\/folhapopular.info\/wp-content\/uploads\/2020\/03\/sergio-ussan-scaled-e1583931637359.jpg","datePublished":"2020-03-11T13:20:00+00:00","author":{"@id":"https:\/\/folhapopular.info\/#\/schema\/person\/2814e8a0df7643585a9ca38bc6eb9d4b"},"breadcrumb":{"@id":"https:\/\/folhapopular.info\/index.php\/2020\/03\/11\/sinduscom-vt-e-seavat-promovem-palestra-sobre-modernizacao-e-impacto-das-normas-reguladoras\/#breadcrumb"},"inLanguage":"pt-BR","potentialAction":[{"@type":"ReadAction","target":["https:\/\/folhapopular.info\/index.php\/2020\/03\/11\/sinduscom-vt-e-seavat-promovem-palestra-sobre-modernizacao-e-impacto-das-normas-reguladoras\/"]}]},{"@type":"ImageObject","inLanguage":"pt-BR","@id":"https:\/\/folhapopular.info\/index.php\/2020\/03\/11\/sinduscom-vt-e-seavat-promovem-palestra-sobre-modernizacao-e-impacto-das-normas-reguladoras\/#primaryimage","url":"https:\/\/folhapopular.info\/wp-content\/uploads\/2020\/03\/sergio-ussan-scaled-e1583931637359.jpg","contentUrl":"https:\/\/folhapopular.info\/wp-content\/uploads\/2020\/03\/sergio-ussan-scaled-e1583931637359.jpg","width":600,"height":800,"caption":"S\u00e9rgio Ussan ser\u00e1 o palestrante"},{"@type":"BreadcrumbList","@id":"https:\/\/folhapopular.info\/index.php\/2020\/03\/11\/sinduscom-vt-e-seavat-promovem-palestra-sobre-modernizacao-e-impacto-das-normas-reguladoras\/#breadcrumb","itemListElement":[{"@type":"ListItem","position":1,"name":"In\u00edcio","item":"https:\/\/folhapopular.info\/"},{"@type":"ListItem","position":2,"name":"Sinduscom-VT e Seavat promovem palestra sobre moderniza\u00e7\u00e3o e impacto das normas reguladoras"}]},{"@type":"WebSite","@id":"https:\/\/folhapopular.info\/#website","url":"https:\/\/folhapopular.info\/","name":"Folha Popular","description":"Onde voc\u00ea tem vez e voz","potentialAction":[{"@type":"SearchAction","target":{"@type":"EntryPoint","urlTemplate":"https:\/\/folhapopular.info\/?s={search_term_string}"},"query-input":{"@type":"PropertyValueSpecification","valueRequired":true,"valueName":"search_term_string"}}],"inLanguage":"pt-BR"},{"@type":"Person","@id":"https:\/\/folhapopular.info\/#\/schema\/person\/2814e8a0df7643585a9ca38bc6eb9d4b","name":"Reda\u00e7\u00e3o Folha Popular","image":{"@type":"ImageObject","inLanguage":"pt-BR","@id":"https:\/\/folhapopular.info\/wp-content\/uploads\/2026\/04\/Folha-1.webp","url":"https:\/\/folhapopular.info\/wp-content\/uploads\/2026\/04\/Folha-1.webp","contentUrl":"https:\/\/folhapopular.info\/wp-content\/uploads\/2026\/04\/Folha-1.webp","caption":"Reda\u00e7\u00e3o Folha Popular"},"url":"https:\/\/folhapopular.info\/index.php\/author\/redacao\/"}]}},"jetpack_featured_media_url":"https:\/\/folhapopular.info\/wp-content\/uploads\/2020\/03\/sergio-ussan-scaled-e1583931637359.jpg","jetpack_sharing_enabled":true,"amp_enabled":true,"_links":{"self":[{"href":"https:\/\/folhapopular.info\/index.php\/wp-json\/wp\/v2\/posts\/65958","targetHints":{"allow":["GET"]}}],"collection":[{"href":"https:\/\/folhapopular.info\/index.php\/wp-json\/wp\/v2\/posts"}],"about":[{"href":"https:\/\/folhapopular.info\/index.php\/wp-json\/wp\/v2\/types\/post"}],"author":[{"embeddable":true,"href":"https:\/\/folhapopular.info\/index.php\/wp-json\/wp\/v2\/users\/8"}],"replies":[{"embeddable":true,"href":"https:\/\/folhapopular.info\/index.php\/wp-json\/wp\/v2\/comments?post=65958"}],"version-history":[{"count":0,"href":"https:\/\/folhapopular.info\/index.php\/wp-json\/wp\/v2\/posts\/65958\/revisions"}],"wp:featuredmedia":[{"embeddable":true,"href":"https:\/\/folhapopular.info\/index.php\/wp-json\/wp\/v2\/media\/65959"}],"wp:attachment":[{"href":"https:\/\/folhapopular.info\/index.php\/wp-json\/wp\/v2\/media?parent=65958"}],"wp:term":[{"taxonomy":"category","embeddable":true,"href":"https:\/\/folhapopular.info\/index.php\/wp-json\/wp\/v2\/categories?post=65958"},{"taxonomy":"post_tag","embeddable":true,"href":"https:\/\/folhapopular.info\/index.php\/wp-json\/wp\/v2\/tags?post=65958"}],"curies":[{"name":"wp","href":"https:\/\/api.w.org\/{rel}","templated":true}]}}