{"id":66191,"date":"2020-03-16T14:20:00","date_gmt":"2020-03-16T17:20:00","guid":{"rendered":"https:\/\/folhapopular.info\/?p=66191"},"modified":"2020-03-17T10:06:33","modified_gmt":"2020-03-17T13:06:33","slug":"fiergs-proibe-viagens-ao-exterior-e-antecipa-vacinacao-antigripal","status":"publish","type":"post","link":"https:\/\/folhapopular.info\/index.php\/2020\/03\/16\/fiergs-proibe-viagens-ao-exterior-e-antecipa-vacinacao-antigripal\/","title":{"rendered":"FIERGS pro\u00edbe viagens ao exterior e antecipa vacina\u00e7\u00e3o antigripal"},"content":{"rendered":"\n<p>A Federa\u00e7\u00e3o das Ind\u00fastrias do Estado do Rio Grande do Sul (FIERGS) decidiu proibir viagens ao exterior em representa\u00e7\u00e3o da entidade ou para funcion\u00e1rios com cursos de capacita\u00e7\u00e3o em outros pa\u00edses. A determina\u00e7\u00e3o abrange tamb\u00e9m o Centro das Ind\u00fastrias do Estado do Rio Grande do Sul (CIERGS), Servi\u00e7o Social da Ind\u00fastria (Sesi-RS), Servi\u00e7o Nacional de Aprendizagem Industrial (Senai-RS), Instituto Euvaldo Lodi (IEL-RS) e a Funda\u00e7\u00e3o Ga\u00facha dos Bancos Sociais da FIERGS.\u00a0<\/p>\n\n\n\n<p>Al\u00e9m disso, a Federa\u00e7\u00e3o suspendeu a recep\u00e7\u00e3o de comitivas, visitas individuais e delega\u00e7\u00f5es estrangeiras nas unidades do Sesi e do Senai. Est\u00e3o tamb\u00e9m adiados os eventos coletivos de inaugura\u00e7\u00f5es e palestras. O cronograma de atendimento da campanha de vacina\u00e7\u00e3o antigripe do Sesi em todo o Rio Grande do Sul est\u00e1 sendo antecipado. O Sesi disponibiliza \u00e0s ind\u00fastrias um kit de orienta\u00e7\u00f5es preventivas, por meio do link\u00a0<a rel=\"noreferrer noopener\" href=\"http:\/\/www2.isend.com.br\/iSend\/external\/3E8FFA51949E6407802FE458D4C98BA1D6A2640357094BC8DFDECF986FF993CA09C8BF06DDD16748F783DF556762175D5C083C032D2946AB5173B0B319637FEB26C87DD95B8567C51DD150DF2711808F\" target=\"_blank\">www.sesirs.org.br\/coronavirus<\/a>.\u00a0<\/p>\n\n\n\n<p>H\u00e1 protocolos de conduta para todos os funcion\u00e1rios e alunos de cursos do Sesi e do Senai. Est\u00e1 prevista a aplica\u00e7\u00e3o da modalidade de teletrabalho para funcion\u00e1rios, avaliado caso a caso. O Centro de Eventos e o Teatro do Sesi discutem com as empresas produtoras a agenda de loca\u00e7\u00f5es, incluindo congressos, formaturas e espet\u00e1culos em suas instala\u00e7\u00f5es.\u00a0<br>Todas essas medidas ser\u00e3o v\u00e1lidas at\u00e9 maio, inclusive. E haver\u00e1 a avalia\u00e7\u00e3o de situa\u00e7\u00e3o nesse m\u00eas, al\u00e9m do monitoramento di\u00e1rio por meio do Comit\u00ea Covid-19 do Sistema FIERGS.\u00a0<br>Abaixo acompanhe a \u00edntegra do comunicado:\u00a0<br><a rel=\"noreferrer noopener\" href=\"https:\/\/www.fiergs.org.br\/noticia\/fiergs-proibe-viagens-ao-exterior-e-antecipa-vacinacao-antigripal\" target=\"_blank\">https:\/\/www.fiergs.org.br\/noticia\/fiergs-proibe-viagens-ao-exterior-e-antecipa-vacinacao-antigripal<\/a>\u00a0<\/p>\n","protected":false},"excerpt":{"rendered":"<p>A Federa\u00e7\u00e3o das Ind\u00fastrias do Estado do Rio Grande do Sul (FIERGS) decidiu proibir viagens ao exterior em representa\u00e7\u00e3o da entidade ou para funcion\u00e1rios com cursos de capacita\u00e7\u00e3o em outros pa\u00edses. A determina\u00e7\u00e3o abrange tamb\u00e9m o Centro das Ind\u00fastrias do Estado do Rio Grande do Sul (CIERGS), Servi\u00e7o Social da Ind\u00fastria (Sesi-RS), Servi\u00e7o Nacional de [&hellip;]<\/p>\n","protected":false},"author":8,"featured_media":66193,"comment_status":"open","ping_status":"open","sticky":false,"template":"","format":"standard","meta":{"pmpro_default_level":"","_jetpack_memberships_contains_paid_content":false,"footnotes":""},"categories":[5756,3],"tags":[5702,1794],"class_list":{"0":"post-66191","1":"post","2":"type-post","3":"status-publish","4":"format-standard","5":"has-post-thumbnail","7":"category-coronavirus","8":"category-geral","9":"tag-coronavirus","10":"tag-rio-grande-do-sul","11":"pmpro-has-access"},"yoast_head":"<!-- This site is optimized with the Yoast SEO plugin v27.5 - https:\/\/yoast.com\/product\/yoast-seo-wordpress\/ -->\n<title>FIERGS pro\u00edbe viagens ao exterior e antecipa vacina\u00e7\u00e3o antigripal - Folha Popular<\/title>\n<meta name=\"robots\" content=\"index, follow, max-snippet:-1, max-image-preview:large, max-video-preview:-1\" \/>\n<link rel=\"canonical\" href=\"https:\/\/folhapopular.info\/index.php\/2020\/03\/16\/fiergs-proibe-viagens-ao-exterior-e-antecipa-vacinacao-antigripal\/\" \/>\n<meta property=\"og:locale\" content=\"pt_BR\" \/>\n<meta property=\"og:type\" content=\"article\" \/>\n<meta property=\"og:title\" content=\"FIERGS pro\u00edbe viagens ao exterior e antecipa vacina\u00e7\u00e3o antigripal - Folha Popular\" \/>\n<meta property=\"og:description\" content=\"A Federa\u00e7\u00e3o das Ind\u00fastrias do Estado do Rio Grande do Sul (FIERGS) decidiu proibir viagens ao exterior em representa\u00e7\u00e3o da entidade ou para funcion\u00e1rios com cursos de capacita\u00e7\u00e3o em outros pa\u00edses. A determina\u00e7\u00e3o abrange tamb\u00e9m o Centro das Ind\u00fastrias do Estado do Rio Grande do Sul (CIERGS), Servi\u00e7o Social da Ind\u00fastria (Sesi-RS), Servi\u00e7o Nacional de [&hellip;]\" \/>\n<meta property=\"og:url\" content=\"https:\/\/folhapopular.info\/index.php\/2020\/03\/16\/fiergs-proibe-viagens-ao-exterior-e-antecipa-vacinacao-antigripal\/\" \/>\n<meta property=\"og:site_name\" content=\"Folha Popular\" \/>\n<meta property=\"article:published_time\" content=\"2020-03-16T17:20:00+00:00\" \/>\n<meta property=\"article:modified_time\" content=\"2020-03-17T13:06:33+00:00\" \/>\n<meta property=\"og:image\" content=\"https:\/\/folhapopular.info\/wp-content\/uploads\/2020\/03\/covid-19-e1584378039463.png\" \/>\n\t<meta property=\"og:image:width\" content=\"800\" \/>\n\t<meta property=\"og:image:height\" content=\"1422\" \/>\n\t<meta property=\"og:image:type\" content=\"image\/png\" \/>\n<meta name=\"author\" content=\"Reda\u00e7\u00e3o Folha Popular\" \/>\n<meta name=\"twitter:card\" content=\"summary_large_image\" \/>\n<meta name=\"twitter:label1\" content=\"Escrito por\" \/>\n\t<meta name=\"twitter:data1\" content=\"Reda\u00e7\u00e3o Folha Popular\" \/>\n\t<meta name=\"twitter:label2\" content=\"Est. tempo de leitura\" \/>\n\t<meta name=\"twitter:data2\" content=\"1 minuto\" \/>\n<script type=\"application\/ld+json\" class=\"yoast-schema-graph\">{\"@context\":\"https:\\\/\\\/schema.org\",\"@graph\":[{\"@type\":\"Article\",\"@id\":\"https:\\\/\\\/folhapopular.info\\\/index.php\\\/2020\\\/03\\\/16\\\/fiergs-proibe-viagens-ao-exterior-e-antecipa-vacinacao-antigripal\\\/#article\",\"isPartOf\":{\"@id\":\"https:\\\/\\\/folhapopular.info\\\/index.php\\\/2020\\\/03\\\/16\\\/fiergs-proibe-viagens-ao-exterior-e-antecipa-vacinacao-antigripal\\\/\"},\"author\":{\"name\":\"Reda\u00e7\u00e3o Folha Popular\",\"@id\":\"https:\\\/\\\/folhapopular.info\\\/#\\\/schema\\\/person\\\/2814e8a0df7643585a9ca38bc6eb9d4b\"},\"headline\":\"FIERGS pro\u00edbe viagens ao exterior e antecipa vacina\u00e7\u00e3o antigripal\",\"datePublished\":\"2020-03-16T17:20:00+00:00\",\"dateModified\":\"2020-03-17T13:06:33+00:00\",\"mainEntityOfPage\":{\"@id\":\"https:\\\/\\\/folhapopular.info\\\/index.php\\\/2020\\\/03\\\/16\\\/fiergs-proibe-viagens-ao-exterior-e-antecipa-vacinacao-antigripal\\\/\"},\"wordCount\":288,\"commentCount\":0,\"image\":{\"@id\":\"https:\\\/\\\/folhapopular.info\\\/index.php\\\/2020\\\/03\\\/16\\\/fiergs-proibe-viagens-ao-exterior-e-antecipa-vacinacao-antigripal\\\/#primaryimage\"},\"thumbnailUrl\":\"https:\\\/\\\/folhapopular.info\\\/wp-content\\\/uploads\\\/2020\\\/03\\\/covid-19-e1584378039463.png\",\"keywords\":[\"Coronav\u00edrus\",\"Rio Grande do Sul\"],\"articleSection\":[\"Coronav\u00edrus\",\"Geral\"],\"inLanguage\":\"pt-BR\",\"potentialAction\":[{\"@type\":\"CommentAction\",\"name\":\"Comment\",\"target\":[\"https:\\\/\\\/folhapopular.info\\\/index.php\\\/2020\\\/03\\\/16\\\/fiergs-proibe-viagens-ao-exterior-e-antecipa-vacinacao-antigripal\\\/#respond\"]}]},{\"@type\":\"WebPage\",\"@id\":\"https:\\\/\\\/folhapopular.info\\\/index.php\\\/2020\\\/03\\\/16\\\/fiergs-proibe-viagens-ao-exterior-e-antecipa-vacinacao-antigripal\\\/\",\"url\":\"https:\\\/\\\/folhapopular.info\\\/index.php\\\/2020\\\/03\\\/16\\\/fiergs-proibe-viagens-ao-exterior-e-antecipa-vacinacao-antigripal\\\/\",\"name\":\"FIERGS pro\u00edbe viagens ao exterior e antecipa vacina\u00e7\u00e3o antigripal - Folha Popular\",\"isPartOf\":{\"@id\":\"https:\\\/\\\/folhapopular.info\\\/#website\"},\"primaryImageOfPage\":{\"@id\":\"https:\\\/\\\/folhapopular.info\\\/index.php\\\/2020\\\/03\\\/16\\\/fiergs-proibe-viagens-ao-exterior-e-antecipa-vacinacao-antigripal\\\/#primaryimage\"},\"image\":{\"@id\":\"https:\\\/\\\/folhapopular.info\\\/index.php\\\/2020\\\/03\\\/16\\\/fiergs-proibe-viagens-ao-exterior-e-antecipa-vacinacao-antigripal\\\/#primaryimage\"},\"thumbnailUrl\":\"https:\\\/\\\/folhapopular.info\\\/wp-content\\\/uploads\\\/2020\\\/03\\\/covid-19-e1584378039463.png\",\"datePublished\":\"2020-03-16T17:20:00+00:00\",\"dateModified\":\"2020-03-17T13:06:33+00:00\",\"author\":{\"@id\":\"https:\\\/\\\/folhapopular.info\\\/#\\\/schema\\\/person\\\/2814e8a0df7643585a9ca38bc6eb9d4b\"},\"breadcrumb\":{\"@id\":\"https:\\\/\\\/folhapopular.info\\\/index.php\\\/2020\\\/03\\\/16\\\/fiergs-proibe-viagens-ao-exterior-e-antecipa-vacinacao-antigripal\\\/#breadcrumb\"},\"inLanguage\":\"pt-BR\",\"potentialAction\":[{\"@type\":\"ReadAction\",\"target\":[\"https:\\\/\\\/folhapopular.info\\\/index.php\\\/2020\\\/03\\\/16\\\/fiergs-proibe-viagens-ao-exterior-e-antecipa-vacinacao-antigripal\\\/\"]}]},{\"@type\":\"ImageObject\",\"inLanguage\":\"pt-BR\",\"@id\":\"https:\\\/\\\/folhapopular.info\\\/index.php\\\/2020\\\/03\\\/16\\\/fiergs-proibe-viagens-ao-exterior-e-antecipa-vacinacao-antigripal\\\/#primaryimage\",\"url\":\"https:\\\/\\\/folhapopular.info\\\/wp-content\\\/uploads\\\/2020\\\/03\\\/covid-19-e1584378039463.png\",\"contentUrl\":\"https:\\\/\\\/folhapopular.info\\\/wp-content\\\/uploads\\\/2020\\\/03\\\/covid-19-e1584378039463.png\",\"width\":800,\"height\":1422,\"caption\":\"Cr\u00e9dito: Reprodu\u00e7\u00e3o \\\/ Divulga\u00e7\u00e3o\"},{\"@type\":\"BreadcrumbList\",\"@id\":\"https:\\\/\\\/folhapopular.info\\\/index.php\\\/2020\\\/03\\\/16\\\/fiergs-proibe-viagens-ao-exterior-e-antecipa-vacinacao-antigripal\\\/#breadcrumb\",\"itemListElement\":[{\"@type\":\"ListItem\",\"position\":1,\"name\":\"In\u00edcio\",\"item\":\"https:\\\/\\\/folhapopular.info\\\/\"},{\"@type\":\"ListItem\",\"position\":2,\"name\":\"FIERGS pro\u00edbe viagens ao exterior e antecipa vacina\u00e7\u00e3o antigripal\"}]},{\"@type\":\"WebSite\",\"@id\":\"https:\\\/\\\/folhapopular.info\\\/#website\",\"url\":\"https:\\\/\\\/folhapopular.info\\\/\",\"name\":\"Folha Popular\",\"description\":\"Onde voc\u00ea tem vez e voz\",\"potentialAction\":[{\"@type\":\"SearchAction\",\"target\":{\"@type\":\"EntryPoint\",\"urlTemplate\":\"https:\\\/\\\/folhapopular.info\\\/?s={search_term_string}\"},\"query-input\":{\"@type\":\"PropertyValueSpecification\",\"valueRequired\":true,\"valueName\":\"search_term_string\"}}],\"inLanguage\":\"pt-BR\"},{\"@type\":\"Person\",\"@id\":\"https:\\\/\\\/folhapopular.info\\\/#\\\/schema\\\/person\\\/2814e8a0df7643585a9ca38bc6eb9d4b\",\"name\":\"Reda\u00e7\u00e3o Folha Popular\",\"image\":{\"@type\":\"ImageObject\",\"inLanguage\":\"pt-BR\",\"@id\":\"https:\\\/\\\/folhapopular.info\\\/wp-content\\\/uploads\\\/2026\\\/04\\\/Folha-1.webp\",\"url\":\"https:\\\/\\\/folhapopular.info\\\/wp-content\\\/uploads\\\/2026\\\/04\\\/Folha-1.webp\",\"contentUrl\":\"https:\\\/\\\/folhapopular.info\\\/wp-content\\\/uploads\\\/2026\\\/04\\\/Folha-1.webp\",\"caption\":\"Reda\u00e7\u00e3o Folha Popular\"},\"url\":\"https:\\\/\\\/folhapopular.info\\\/index.php\\\/author\\\/redacao\\\/\"}]}<\/script>\n<!-- \/ Yoast SEO plugin. -->","yoast_head_json":{"title":"FIERGS pro\u00edbe viagens ao exterior e antecipa vacina\u00e7\u00e3o antigripal - Folha Popular","robots":{"index":"index","follow":"follow","max-snippet":"max-snippet:-1","max-image-preview":"max-image-preview:large","max-video-preview":"max-video-preview:-1"},"canonical":"https:\/\/folhapopular.info\/index.php\/2020\/03\/16\/fiergs-proibe-viagens-ao-exterior-e-antecipa-vacinacao-antigripal\/","og_locale":"pt_BR","og_type":"article","og_title":"FIERGS pro\u00edbe viagens ao exterior e antecipa vacina\u00e7\u00e3o antigripal - Folha Popular","og_description":"A Federa\u00e7\u00e3o das Ind\u00fastrias do Estado do Rio Grande do Sul (FIERGS) decidiu proibir viagens ao exterior em representa\u00e7\u00e3o da entidade ou para funcion\u00e1rios com cursos de capacita\u00e7\u00e3o em outros pa\u00edses. A determina\u00e7\u00e3o abrange tamb\u00e9m o Centro das Ind\u00fastrias do Estado do Rio Grande do Sul (CIERGS), Servi\u00e7o Social da Ind\u00fastria (Sesi-RS), Servi\u00e7o Nacional de [&hellip;]","og_url":"https:\/\/folhapopular.info\/index.php\/2020\/03\/16\/fiergs-proibe-viagens-ao-exterior-e-antecipa-vacinacao-antigripal\/","og_site_name":"Folha Popular","article_published_time":"2020-03-16T17:20:00+00:00","article_modified_time":"2020-03-17T13:06:33+00:00","og_image":[{"width":800,"height":1422,"url":"https:\/\/folhapopular.info\/wp-content\/uploads\/2020\/03\/covid-19-e1584378039463.png","type":"image\/png"}],"author":"Reda\u00e7\u00e3o Folha Popular","twitter_card":"summary_large_image","twitter_misc":{"Escrito por":"Reda\u00e7\u00e3o Folha Popular","Est. tempo de leitura":"1 minuto"},"schema":{"@context":"https:\/\/schema.org","@graph":[{"@type":"Article","@id":"https:\/\/folhapopular.info\/index.php\/2020\/03\/16\/fiergs-proibe-viagens-ao-exterior-e-antecipa-vacinacao-antigripal\/#article","isPartOf":{"@id":"https:\/\/folhapopular.info\/index.php\/2020\/03\/16\/fiergs-proibe-viagens-ao-exterior-e-antecipa-vacinacao-antigripal\/"},"author":{"name":"Reda\u00e7\u00e3o Folha Popular","@id":"https:\/\/folhapopular.info\/#\/schema\/person\/2814e8a0df7643585a9ca38bc6eb9d4b"},"headline":"FIERGS pro\u00edbe viagens ao exterior e antecipa vacina\u00e7\u00e3o antigripal","datePublished":"2020-03-16T17:20:00+00:00","dateModified":"2020-03-17T13:06:33+00:00","mainEntityOfPage":{"@id":"https:\/\/folhapopular.info\/index.php\/2020\/03\/16\/fiergs-proibe-viagens-ao-exterior-e-antecipa-vacinacao-antigripal\/"},"wordCount":288,"commentCount":0,"image":{"@id":"https:\/\/folhapopular.info\/index.php\/2020\/03\/16\/fiergs-proibe-viagens-ao-exterior-e-antecipa-vacinacao-antigripal\/#primaryimage"},"thumbnailUrl":"https:\/\/folhapopular.info\/wp-content\/uploads\/2020\/03\/covid-19-e1584378039463.png","keywords":["Coronav\u00edrus","Rio Grande do Sul"],"articleSection":["Coronav\u00edrus","Geral"],"inLanguage":"pt-BR","potentialAction":[{"@type":"CommentAction","name":"Comment","target":["https:\/\/folhapopular.info\/index.php\/2020\/03\/16\/fiergs-proibe-viagens-ao-exterior-e-antecipa-vacinacao-antigripal\/#respond"]}]},{"@type":"WebPage","@id":"https:\/\/folhapopular.info\/index.php\/2020\/03\/16\/fiergs-proibe-viagens-ao-exterior-e-antecipa-vacinacao-antigripal\/","url":"https:\/\/folhapopular.info\/index.php\/2020\/03\/16\/fiergs-proibe-viagens-ao-exterior-e-antecipa-vacinacao-antigripal\/","name":"FIERGS pro\u00edbe viagens ao exterior e antecipa vacina\u00e7\u00e3o antigripal - Folha Popular","isPartOf":{"@id":"https:\/\/folhapopular.info\/#website"},"primaryImageOfPage":{"@id":"https:\/\/folhapopular.info\/index.php\/2020\/03\/16\/fiergs-proibe-viagens-ao-exterior-e-antecipa-vacinacao-antigripal\/#primaryimage"},"image":{"@id":"https:\/\/folhapopular.info\/index.php\/2020\/03\/16\/fiergs-proibe-viagens-ao-exterior-e-antecipa-vacinacao-antigripal\/#primaryimage"},"thumbnailUrl":"https:\/\/folhapopular.info\/wp-content\/uploads\/2020\/03\/covid-19-e1584378039463.png","datePublished":"2020-03-16T17:20:00+00:00","dateModified":"2020-03-17T13:06:33+00:00","author":{"@id":"https:\/\/folhapopular.info\/#\/schema\/person\/2814e8a0df7643585a9ca38bc6eb9d4b"},"breadcrumb":{"@id":"https:\/\/folhapopular.info\/index.php\/2020\/03\/16\/fiergs-proibe-viagens-ao-exterior-e-antecipa-vacinacao-antigripal\/#breadcrumb"},"inLanguage":"pt-BR","potentialAction":[{"@type":"ReadAction","target":["https:\/\/folhapopular.info\/index.php\/2020\/03\/16\/fiergs-proibe-viagens-ao-exterior-e-antecipa-vacinacao-antigripal\/"]}]},{"@type":"ImageObject","inLanguage":"pt-BR","@id":"https:\/\/folhapopular.info\/index.php\/2020\/03\/16\/fiergs-proibe-viagens-ao-exterior-e-antecipa-vacinacao-antigripal\/#primaryimage","url":"https:\/\/folhapopular.info\/wp-content\/uploads\/2020\/03\/covid-19-e1584378039463.png","contentUrl":"https:\/\/folhapopular.info\/wp-content\/uploads\/2020\/03\/covid-19-e1584378039463.png","width":800,"height":1422,"caption":"Cr\u00e9dito: Reprodu\u00e7\u00e3o \/ Divulga\u00e7\u00e3o"},{"@type":"BreadcrumbList","@id":"https:\/\/folhapopular.info\/index.php\/2020\/03\/16\/fiergs-proibe-viagens-ao-exterior-e-antecipa-vacinacao-antigripal\/#breadcrumb","itemListElement":[{"@type":"ListItem","position":1,"name":"In\u00edcio","item":"https:\/\/folhapopular.info\/"},{"@type":"ListItem","position":2,"name":"FIERGS pro\u00edbe viagens ao exterior e antecipa vacina\u00e7\u00e3o antigripal"}]},{"@type":"WebSite","@id":"https:\/\/folhapopular.info\/#website","url":"https:\/\/folhapopular.info\/","name":"Folha Popular","description":"Onde voc\u00ea tem vez e voz","potentialAction":[{"@type":"SearchAction","target":{"@type":"EntryPoint","urlTemplate":"https:\/\/folhapopular.info\/?s={search_term_string}"},"query-input":{"@type":"PropertyValueSpecification","valueRequired":true,"valueName":"search_term_string"}}],"inLanguage":"pt-BR"},{"@type":"Person","@id":"https:\/\/folhapopular.info\/#\/schema\/person\/2814e8a0df7643585a9ca38bc6eb9d4b","name":"Reda\u00e7\u00e3o Folha Popular","image":{"@type":"ImageObject","inLanguage":"pt-BR","@id":"https:\/\/folhapopular.info\/wp-content\/uploads\/2026\/04\/Folha-1.webp","url":"https:\/\/folhapopular.info\/wp-content\/uploads\/2026\/04\/Folha-1.webp","contentUrl":"https:\/\/folhapopular.info\/wp-content\/uploads\/2026\/04\/Folha-1.webp","caption":"Reda\u00e7\u00e3o Folha Popular"},"url":"https:\/\/folhapopular.info\/index.php\/author\/redacao\/"}]}},"jetpack_featured_media_url":"https:\/\/folhapopular.info\/wp-content\/uploads\/2020\/03\/covid-19-e1584378039463.png","jetpack_sharing_enabled":true,"amp_enabled":true,"_links":{"self":[{"href":"https:\/\/folhapopular.info\/index.php\/wp-json\/wp\/v2\/posts\/66191","targetHints":{"allow":["GET"]}}],"collection":[{"href":"https:\/\/folhapopular.info\/index.php\/wp-json\/wp\/v2\/posts"}],"about":[{"href":"https:\/\/folhapopular.info\/index.php\/wp-json\/wp\/v2\/types\/post"}],"author":[{"embeddable":true,"href":"https:\/\/folhapopular.info\/index.php\/wp-json\/wp\/v2\/users\/8"}],"replies":[{"embeddable":true,"href":"https:\/\/folhapopular.info\/index.php\/wp-json\/wp\/v2\/comments?post=66191"}],"version-history":[{"count":0,"href":"https:\/\/folhapopular.info\/index.php\/wp-json\/wp\/v2\/posts\/66191\/revisions"}],"wp:featuredmedia":[{"embeddable":true,"href":"https:\/\/folhapopular.info\/index.php\/wp-json\/wp\/v2\/media\/66193"}],"wp:attachment":[{"href":"https:\/\/folhapopular.info\/index.php\/wp-json\/wp\/v2\/media?parent=66191"}],"wp:term":[{"taxonomy":"category","embeddable":true,"href":"https:\/\/folhapopular.info\/index.php\/wp-json\/wp\/v2\/categories?post=66191"},{"taxonomy":"post_tag","embeddable":true,"href":"https:\/\/folhapopular.info\/index.php\/wp-json\/wp\/v2\/tags?post=66191"}],"curies":[{"name":"wp","href":"https:\/\/api.w.org\/{rel}","templated":true}]}}