{"id":66486,"date":"2020-03-19T14:55:06","date_gmt":"2020-03-19T17:55:06","guid":{"rendered":"https:\/\/folhapopular.info\/?p=66486"},"modified":"2020-03-19T14:57:49","modified_gmt":"2020-03-19T17:57:49","slug":"camara-de-poco-das-antas-restringe-acesso-do-publico-e-impoe-medidas-no-combate-ao-coronavirus","status":"publish","type":"post","link":"https:\/\/folhapopular.info\/index.php\/2020\/03\/19\/camara-de-poco-das-antas-restringe-acesso-do-publico-e-impoe-medidas-no-combate-ao-coronavirus\/","title":{"rendered":"C\u00e2mara de Po\u00e7o das Antas restringe acesso do p\u00fablico e imp\u00f5e medidas no combate ao coronav\u00edrus"},"content":{"rendered":"\n<p>A C\u00e2mara de Vereadores de Po\u00e7o das Antas vai realizar sess\u00f5es sem acesso ao p\u00fablico. Apenas vereadores e servidores poder\u00e3o participar. A medida faz parte de uma s\u00e9rie de determina\u00e7\u00f5es para a preven\u00e7\u00e3o e conten\u00e7\u00e3o do novo coronav\u00edrus. O atendimento externo tamb\u00e9m est\u00e1 suspenso, os servidores dispon\u00edveis para realiza\u00e7\u00e3o de servi\u00e7os online. A circula\u00e7\u00e3o na C\u00e2mara fica restrita para vereadores, servidores e fornecedores. A medida determina ainda que os vereadores n\u00e3o utilizar\u00e3o a tribuna, se atendo apenas ao expediente do dia.<\/p>\n\n\n\n<p>Vereadores e servidores com sintomas gripais poder\u00e3o se ausentar das sess\u00f5es, enviando justificativa online. Vereadores que por motivos de doen\u00e7a ou por serem do grupo de risco precisarem se ausentar do ambiente com aglomera\u00e7\u00e3o tamb\u00e9m poder\u00e3o justificar sua aus\u00eancia.<\/p>\n\n\n\n<p>Ainda dever\u00e1 ser disponibilizado \u00e1lcool gel e toalhas de papel para higieniza\u00e7\u00e3o. As medidas tem prazo de 14 dias.<\/p>\n","protected":false},"excerpt":{"rendered":"<p>A C\u00e2mara de Vereadores de Po\u00e7o das Antas vai realizar sess\u00f5es sem acesso ao p\u00fablico. Apenas vereadores e servidores poder\u00e3o participar. A medida faz parte de uma s\u00e9rie de determina\u00e7\u00f5es para a preven\u00e7\u00e3o e conten\u00e7\u00e3o do novo coronav\u00edrus. O atendimento externo tamb\u00e9m est\u00e1 suspenso, os servidores dispon\u00edveis para realiza\u00e7\u00e3o de servi\u00e7os online. A circula\u00e7\u00e3o na [&hellip;]<\/p>\n","protected":false},"author":5,"featured_media":66488,"comment_status":"open","ping_status":"open","sticky":false,"template":"","format":"standard","meta":{"pmpro_default_level":"","_jetpack_memberships_contains_paid_content":false,"footnotes":""},"categories":[5756,2,3],"tags":[1785,5702,5707,40],"class_list":{"0":"post-66486","1":"post","2":"type-post","3":"status-publish","4":"format-standard","5":"has-post-thumbnail","7":"category-coronavirus","8":"category-featured","9":"category-geral","10":"tag-camara","11":"tag-coronavirus","12":"tag-covid-19","13":"tag-poco-das-antas","14":"pmpro-has-access"},"yoast_head":"<!-- This site is optimized with the Yoast SEO plugin v27.5 - https:\/\/yoast.com\/product\/yoast-seo-wordpress\/ -->\n<title>C\u00e2mara de Po\u00e7o das Antas restringe acesso do p\u00fablico e imp\u00f5e medidas no combate ao coronav\u00edrus - Folha Popular<\/title>\n<meta name=\"robots\" content=\"index, follow, max-snippet:-1, max-image-preview:large, max-video-preview:-1\" \/>\n<link rel=\"canonical\" href=\"https:\/\/folhapopular.info\/index.php\/2020\/03\/19\/camara-de-poco-das-antas-restringe-acesso-do-publico-e-impoe-medidas-no-combate-ao-coronavirus\/\" \/>\n<meta property=\"og:locale\" content=\"pt_BR\" \/>\n<meta property=\"og:type\" content=\"article\" \/>\n<meta property=\"og:title\" content=\"C\u00e2mara de Po\u00e7o das Antas restringe acesso do p\u00fablico e imp\u00f5e medidas no combate ao coronav\u00edrus - Folha Popular\" \/>\n<meta property=\"og:description\" content=\"A C\u00e2mara de Vereadores de Po\u00e7o das Antas vai realizar sess\u00f5es sem acesso ao p\u00fablico. Apenas vereadores e servidores poder\u00e3o participar. A medida faz parte de uma s\u00e9rie de determina\u00e7\u00f5es para a preven\u00e7\u00e3o e conten\u00e7\u00e3o do novo coronav\u00edrus. O atendimento externo tamb\u00e9m est\u00e1 suspenso, os servidores dispon\u00edveis para realiza\u00e7\u00e3o de servi\u00e7os online. A circula\u00e7\u00e3o na [&hellip;]\" \/>\n<meta property=\"og:url\" content=\"https:\/\/folhapopular.info\/index.php\/2020\/03\/19\/camara-de-poco-das-antas-restringe-acesso-do-publico-e-impoe-medidas-no-combate-ao-coronavirus\/\" \/>\n<meta property=\"og:site_name\" content=\"Folha Popular\" \/>\n<meta property=\"article:published_time\" content=\"2020-03-19T17:55:06+00:00\" \/>\n<meta property=\"article:modified_time\" content=\"2020-03-19T17:57:49+00:00\" \/>\n<meta property=\"og:image\" content=\"https:\/\/folhapopular.info\/wp-content\/uploads\/2020\/03\/maior_sesso_1111.png\" \/>\n\t<meta property=\"og:image:width\" content=\"700\" \/>\n\t<meta property=\"og:image:height\" content=\"346\" \/>\n\t<meta property=\"og:image:type\" content=\"image\/png\" \/>\n<meta name=\"author\" content=\"Paloma Cristine Griesang\" \/>\n<meta name=\"twitter:card\" content=\"summary_large_image\" \/>\n<meta name=\"twitter:label1\" content=\"Escrito por\" \/>\n\t<meta name=\"twitter:data1\" content=\"Paloma Cristine Griesang\" \/>\n\t<meta name=\"twitter:label2\" content=\"Est. tempo de leitura\" \/>\n\t<meta name=\"twitter:data2\" content=\"1 minuto\" \/>\n<script type=\"application\/ld+json\" class=\"yoast-schema-graph\">{\"@context\":\"https:\\\/\\\/schema.org\",\"@graph\":[{\"@type\":\"Article\",\"@id\":\"https:\\\/\\\/folhapopular.info\\\/index.php\\\/2020\\\/03\\\/19\\\/camara-de-poco-das-antas-restringe-acesso-do-publico-e-impoe-medidas-no-combate-ao-coronavirus\\\/#article\",\"isPartOf\":{\"@id\":\"https:\\\/\\\/folhapopular.info\\\/index.php\\\/2020\\\/03\\\/19\\\/camara-de-poco-das-antas-restringe-acesso-do-publico-e-impoe-medidas-no-combate-ao-coronavirus\\\/\"},\"author\":{\"name\":\"Paloma Cristine Griesang\",\"@id\":\"https:\\\/\\\/folhapopular.info\\\/#\\\/schema\\\/person\\\/6441c3adb14a6337552a9700ef5698d2\"},\"headline\":\"C\u00e2mara de Po\u00e7o das Antas restringe acesso do p\u00fablico e imp\u00f5e medidas no combate ao coronav\u00edrus\",\"datePublished\":\"2020-03-19T17:55:06+00:00\",\"dateModified\":\"2020-03-19T17:57:49+00:00\",\"mainEntityOfPage\":{\"@id\":\"https:\\\/\\\/folhapopular.info\\\/index.php\\\/2020\\\/03\\\/19\\\/camara-de-poco-das-antas-restringe-acesso-do-publico-e-impoe-medidas-no-combate-ao-coronavirus\\\/\"},\"wordCount\":185,\"commentCount\":0,\"image\":{\"@id\":\"https:\\\/\\\/folhapopular.info\\\/index.php\\\/2020\\\/03\\\/19\\\/camara-de-poco-das-antas-restringe-acesso-do-publico-e-impoe-medidas-no-combate-ao-coronavirus\\\/#primaryimage\"},\"thumbnailUrl\":\"https:\\\/\\\/folhapopular.info\\\/wp-content\\\/uploads\\\/2020\\\/03\\\/maior_sesso_1111.png\",\"keywords\":[\"C\u00e2mara\",\"Coronav\u00edrus\",\"Covid-19\",\"Po\u00e7o das Antas\"],\"articleSection\":[\"Coronav\u00edrus\",\"Destaques\",\"Geral\"],\"inLanguage\":\"pt-BR\",\"potentialAction\":[{\"@type\":\"CommentAction\",\"name\":\"Comment\",\"target\":[\"https:\\\/\\\/folhapopular.info\\\/index.php\\\/2020\\\/03\\\/19\\\/camara-de-poco-das-antas-restringe-acesso-do-publico-e-impoe-medidas-no-combate-ao-coronavirus\\\/#respond\"]}]},{\"@type\":\"WebPage\",\"@id\":\"https:\\\/\\\/folhapopular.info\\\/index.php\\\/2020\\\/03\\\/19\\\/camara-de-poco-das-antas-restringe-acesso-do-publico-e-impoe-medidas-no-combate-ao-coronavirus\\\/\",\"url\":\"https:\\\/\\\/folhapopular.info\\\/index.php\\\/2020\\\/03\\\/19\\\/camara-de-poco-das-antas-restringe-acesso-do-publico-e-impoe-medidas-no-combate-ao-coronavirus\\\/\",\"name\":\"C\u00e2mara de Po\u00e7o das Antas restringe acesso do p\u00fablico e imp\u00f5e medidas no combate ao coronav\u00edrus - Folha Popular\",\"isPartOf\":{\"@id\":\"https:\\\/\\\/folhapopular.info\\\/#website\"},\"primaryImageOfPage\":{\"@id\":\"https:\\\/\\\/folhapopular.info\\\/index.php\\\/2020\\\/03\\\/19\\\/camara-de-poco-das-antas-restringe-acesso-do-publico-e-impoe-medidas-no-combate-ao-coronavirus\\\/#primaryimage\"},\"image\":{\"@id\":\"https:\\\/\\\/folhapopular.info\\\/index.php\\\/2020\\\/03\\\/19\\\/camara-de-poco-das-antas-restringe-acesso-do-publico-e-impoe-medidas-no-combate-ao-coronavirus\\\/#primaryimage\"},\"thumbnailUrl\":\"https:\\\/\\\/folhapopular.info\\\/wp-content\\\/uploads\\\/2020\\\/03\\\/maior_sesso_1111.png\",\"datePublished\":\"2020-03-19T17:55:06+00:00\",\"dateModified\":\"2020-03-19T17:57:49+00:00\",\"author\":{\"@id\":\"https:\\\/\\\/folhapopular.info\\\/#\\\/schema\\\/person\\\/6441c3adb14a6337552a9700ef5698d2\"},\"breadcrumb\":{\"@id\":\"https:\\\/\\\/folhapopular.info\\\/index.php\\\/2020\\\/03\\\/19\\\/camara-de-poco-das-antas-restringe-acesso-do-publico-e-impoe-medidas-no-combate-ao-coronavirus\\\/#breadcrumb\"},\"inLanguage\":\"pt-BR\",\"potentialAction\":[{\"@type\":\"ReadAction\",\"target\":[\"https:\\\/\\\/folhapopular.info\\\/index.php\\\/2020\\\/03\\\/19\\\/camara-de-poco-das-antas-restringe-acesso-do-publico-e-impoe-medidas-no-combate-ao-coronavirus\\\/\"]}]},{\"@type\":\"ImageObject\",\"inLanguage\":\"pt-BR\",\"@id\":\"https:\\\/\\\/folhapopular.info\\\/index.php\\\/2020\\\/03\\\/19\\\/camara-de-poco-das-antas-restringe-acesso-do-publico-e-impoe-medidas-no-combate-ao-coronavirus\\\/#primaryimage\",\"url\":\"https:\\\/\\\/folhapopular.info\\\/wp-content\\\/uploads\\\/2020\\\/03\\\/maior_sesso_1111.png\",\"contentUrl\":\"https:\\\/\\\/folhapopular.info\\\/wp-content\\\/uploads\\\/2020\\\/03\\\/maior_sesso_1111.png\",\"width\":700,\"height\":346,\"caption\":\"A parir de agora, n\u00e3o haver\u00e1 mais p\u00fablico nas sess\u00f5es\"},{\"@type\":\"BreadcrumbList\",\"@id\":\"https:\\\/\\\/folhapopular.info\\\/index.php\\\/2020\\\/03\\\/19\\\/camara-de-poco-das-antas-restringe-acesso-do-publico-e-impoe-medidas-no-combate-ao-coronavirus\\\/#breadcrumb\",\"itemListElement\":[{\"@type\":\"ListItem\",\"position\":1,\"name\":\"In\u00edcio\",\"item\":\"https:\\\/\\\/folhapopular.info\\\/\"},{\"@type\":\"ListItem\",\"position\":2,\"name\":\"C\u00e2mara de Po\u00e7o das Antas restringe acesso do p\u00fablico e imp\u00f5e medidas no combate ao coronav\u00edrus\"}]},{\"@type\":\"WebSite\",\"@id\":\"https:\\\/\\\/folhapopular.info\\\/#website\",\"url\":\"https:\\\/\\\/folhapopular.info\\\/\",\"name\":\"Folha Popular\",\"description\":\"Onde voc\u00ea tem vez e voz\",\"potentialAction\":[{\"@type\":\"SearchAction\",\"target\":{\"@type\":\"EntryPoint\",\"urlTemplate\":\"https:\\\/\\\/folhapopular.info\\\/?s={search_term_string}\"},\"query-input\":{\"@type\":\"PropertyValueSpecification\",\"valueRequired\":true,\"valueName\":\"search_term_string\"}}],\"inLanguage\":\"pt-BR\"},{\"@type\":\"Person\",\"@id\":\"https:\\\/\\\/folhapopular.info\\\/#\\\/schema\\\/person\\\/6441c3adb14a6337552a9700ef5698d2\",\"name\":\"Paloma Cristine Griesang\",\"image\":{\"@type\":\"ImageObject\",\"inLanguage\":\"pt-BR\",\"@id\":\"https:\\\/\\\/secure.gravatar.com\\\/avatar\\\/7a1c3f1e1b05846882a13987cf3bd04239fe0ea8fd472d7d16d7f21c265005a5?s=96&d=mm&r=g\",\"url\":\"https:\\\/\\\/secure.gravatar.com\\\/avatar\\\/7a1c3f1e1b05846882a13987cf3bd04239fe0ea8fd472d7d16d7f21c265005a5?s=96&d=mm&r=g\",\"contentUrl\":\"https:\\\/\\\/secure.gravatar.com\\\/avatar\\\/7a1c3f1e1b05846882a13987cf3bd04239fe0ea8fd472d7d16d7f21c265005a5?s=96&d=mm&r=g\",\"caption\":\"Paloma Cristine Griesang\"},\"url\":\"https:\\\/\\\/folhapopular.info\\\/index.php\\\/author\\\/paloma-griesang\\\/\"}]}<\/script>\n<!-- \/ Yoast SEO plugin. -->","yoast_head_json":{"title":"C\u00e2mara de Po\u00e7o das Antas restringe acesso do p\u00fablico e imp\u00f5e medidas no combate ao coronav\u00edrus - Folha Popular","robots":{"index":"index","follow":"follow","max-snippet":"max-snippet:-1","max-image-preview":"max-image-preview:large","max-video-preview":"max-video-preview:-1"},"canonical":"https:\/\/folhapopular.info\/index.php\/2020\/03\/19\/camara-de-poco-das-antas-restringe-acesso-do-publico-e-impoe-medidas-no-combate-ao-coronavirus\/","og_locale":"pt_BR","og_type":"article","og_title":"C\u00e2mara de Po\u00e7o das Antas restringe acesso do p\u00fablico e imp\u00f5e medidas no combate ao coronav\u00edrus - Folha Popular","og_description":"A C\u00e2mara de Vereadores de Po\u00e7o das Antas vai realizar sess\u00f5es sem acesso ao p\u00fablico. Apenas vereadores e servidores poder\u00e3o participar. A medida faz parte de uma s\u00e9rie de determina\u00e7\u00f5es para a preven\u00e7\u00e3o e conten\u00e7\u00e3o do novo coronav\u00edrus. O atendimento externo tamb\u00e9m est\u00e1 suspenso, os servidores dispon\u00edveis para realiza\u00e7\u00e3o de servi\u00e7os online. A circula\u00e7\u00e3o na [&hellip;]","og_url":"https:\/\/folhapopular.info\/index.php\/2020\/03\/19\/camara-de-poco-das-antas-restringe-acesso-do-publico-e-impoe-medidas-no-combate-ao-coronavirus\/","og_site_name":"Folha Popular","article_published_time":"2020-03-19T17:55:06+00:00","article_modified_time":"2020-03-19T17:57:49+00:00","og_image":[{"width":700,"height":346,"url":"https:\/\/folhapopular.info\/wp-content\/uploads\/2020\/03\/maior_sesso_1111.png","type":"image\/png"}],"author":"Paloma Cristine Griesang","twitter_card":"summary_large_image","twitter_misc":{"Escrito por":"Paloma Cristine Griesang","Est. tempo de leitura":"1 minuto"},"schema":{"@context":"https:\/\/schema.org","@graph":[{"@type":"Article","@id":"https:\/\/folhapopular.info\/index.php\/2020\/03\/19\/camara-de-poco-das-antas-restringe-acesso-do-publico-e-impoe-medidas-no-combate-ao-coronavirus\/#article","isPartOf":{"@id":"https:\/\/folhapopular.info\/index.php\/2020\/03\/19\/camara-de-poco-das-antas-restringe-acesso-do-publico-e-impoe-medidas-no-combate-ao-coronavirus\/"},"author":{"name":"Paloma Cristine Griesang","@id":"https:\/\/folhapopular.info\/#\/schema\/person\/6441c3adb14a6337552a9700ef5698d2"},"headline":"C\u00e2mara de Po\u00e7o das Antas restringe acesso do p\u00fablico e imp\u00f5e medidas no combate ao coronav\u00edrus","datePublished":"2020-03-19T17:55:06+00:00","dateModified":"2020-03-19T17:57:49+00:00","mainEntityOfPage":{"@id":"https:\/\/folhapopular.info\/index.php\/2020\/03\/19\/camara-de-poco-das-antas-restringe-acesso-do-publico-e-impoe-medidas-no-combate-ao-coronavirus\/"},"wordCount":185,"commentCount":0,"image":{"@id":"https:\/\/folhapopular.info\/index.php\/2020\/03\/19\/camara-de-poco-das-antas-restringe-acesso-do-publico-e-impoe-medidas-no-combate-ao-coronavirus\/#primaryimage"},"thumbnailUrl":"https:\/\/folhapopular.info\/wp-content\/uploads\/2020\/03\/maior_sesso_1111.png","keywords":["C\u00e2mara","Coronav\u00edrus","Covid-19","Po\u00e7o das Antas"],"articleSection":["Coronav\u00edrus","Destaques","Geral"],"inLanguage":"pt-BR","potentialAction":[{"@type":"CommentAction","name":"Comment","target":["https:\/\/folhapopular.info\/index.php\/2020\/03\/19\/camara-de-poco-das-antas-restringe-acesso-do-publico-e-impoe-medidas-no-combate-ao-coronavirus\/#respond"]}]},{"@type":"WebPage","@id":"https:\/\/folhapopular.info\/index.php\/2020\/03\/19\/camara-de-poco-das-antas-restringe-acesso-do-publico-e-impoe-medidas-no-combate-ao-coronavirus\/","url":"https:\/\/folhapopular.info\/index.php\/2020\/03\/19\/camara-de-poco-das-antas-restringe-acesso-do-publico-e-impoe-medidas-no-combate-ao-coronavirus\/","name":"C\u00e2mara de Po\u00e7o das Antas restringe acesso do p\u00fablico e imp\u00f5e medidas no combate ao coronav\u00edrus - Folha Popular","isPartOf":{"@id":"https:\/\/folhapopular.info\/#website"},"primaryImageOfPage":{"@id":"https:\/\/folhapopular.info\/index.php\/2020\/03\/19\/camara-de-poco-das-antas-restringe-acesso-do-publico-e-impoe-medidas-no-combate-ao-coronavirus\/#primaryimage"},"image":{"@id":"https:\/\/folhapopular.info\/index.php\/2020\/03\/19\/camara-de-poco-das-antas-restringe-acesso-do-publico-e-impoe-medidas-no-combate-ao-coronavirus\/#primaryimage"},"thumbnailUrl":"https:\/\/folhapopular.info\/wp-content\/uploads\/2020\/03\/maior_sesso_1111.png","datePublished":"2020-03-19T17:55:06+00:00","dateModified":"2020-03-19T17:57:49+00:00","author":{"@id":"https:\/\/folhapopular.info\/#\/schema\/person\/6441c3adb14a6337552a9700ef5698d2"},"breadcrumb":{"@id":"https:\/\/folhapopular.info\/index.php\/2020\/03\/19\/camara-de-poco-das-antas-restringe-acesso-do-publico-e-impoe-medidas-no-combate-ao-coronavirus\/#breadcrumb"},"inLanguage":"pt-BR","potentialAction":[{"@type":"ReadAction","target":["https:\/\/folhapopular.info\/index.php\/2020\/03\/19\/camara-de-poco-das-antas-restringe-acesso-do-publico-e-impoe-medidas-no-combate-ao-coronavirus\/"]}]},{"@type":"ImageObject","inLanguage":"pt-BR","@id":"https:\/\/folhapopular.info\/index.php\/2020\/03\/19\/camara-de-poco-das-antas-restringe-acesso-do-publico-e-impoe-medidas-no-combate-ao-coronavirus\/#primaryimage","url":"https:\/\/folhapopular.info\/wp-content\/uploads\/2020\/03\/maior_sesso_1111.png","contentUrl":"https:\/\/folhapopular.info\/wp-content\/uploads\/2020\/03\/maior_sesso_1111.png","width":700,"height":346,"caption":"A parir de agora, n\u00e3o haver\u00e1 mais p\u00fablico nas sess\u00f5es"},{"@type":"BreadcrumbList","@id":"https:\/\/folhapopular.info\/index.php\/2020\/03\/19\/camara-de-poco-das-antas-restringe-acesso-do-publico-e-impoe-medidas-no-combate-ao-coronavirus\/#breadcrumb","itemListElement":[{"@type":"ListItem","position":1,"name":"In\u00edcio","item":"https:\/\/folhapopular.info\/"},{"@type":"ListItem","position":2,"name":"C\u00e2mara de Po\u00e7o das Antas restringe acesso do p\u00fablico e imp\u00f5e medidas no combate ao coronav\u00edrus"}]},{"@type":"WebSite","@id":"https:\/\/folhapopular.info\/#website","url":"https:\/\/folhapopular.info\/","name":"Folha Popular","description":"Onde voc\u00ea tem vez e voz","potentialAction":[{"@type":"SearchAction","target":{"@type":"EntryPoint","urlTemplate":"https:\/\/folhapopular.info\/?s={search_term_string}"},"query-input":{"@type":"PropertyValueSpecification","valueRequired":true,"valueName":"search_term_string"}}],"inLanguage":"pt-BR"},{"@type":"Person","@id":"https:\/\/folhapopular.info\/#\/schema\/person\/6441c3adb14a6337552a9700ef5698d2","name":"Paloma Cristine Griesang","image":{"@type":"ImageObject","inLanguage":"pt-BR","@id":"https:\/\/secure.gravatar.com\/avatar\/7a1c3f1e1b05846882a13987cf3bd04239fe0ea8fd472d7d16d7f21c265005a5?s=96&d=mm&r=g","url":"https:\/\/secure.gravatar.com\/avatar\/7a1c3f1e1b05846882a13987cf3bd04239fe0ea8fd472d7d16d7f21c265005a5?s=96&d=mm&r=g","contentUrl":"https:\/\/secure.gravatar.com\/avatar\/7a1c3f1e1b05846882a13987cf3bd04239fe0ea8fd472d7d16d7f21c265005a5?s=96&d=mm&r=g","caption":"Paloma Cristine Griesang"},"url":"https:\/\/folhapopular.info\/index.php\/author\/paloma-griesang\/"}]}},"jetpack_featured_media_url":"https:\/\/folhapopular.info\/wp-content\/uploads\/2020\/03\/maior_sesso_1111.png","jetpack_sharing_enabled":true,"amp_enabled":true,"_links":{"self":[{"href":"https:\/\/folhapopular.info\/index.php\/wp-json\/wp\/v2\/posts\/66486","targetHints":{"allow":["GET"]}}],"collection":[{"href":"https:\/\/folhapopular.info\/index.php\/wp-json\/wp\/v2\/posts"}],"about":[{"href":"https:\/\/folhapopular.info\/index.php\/wp-json\/wp\/v2\/types\/post"}],"author":[{"embeddable":true,"href":"https:\/\/folhapopular.info\/index.php\/wp-json\/wp\/v2\/users\/5"}],"replies":[{"embeddable":true,"href":"https:\/\/folhapopular.info\/index.php\/wp-json\/wp\/v2\/comments?post=66486"}],"version-history":[{"count":0,"href":"https:\/\/folhapopular.info\/index.php\/wp-json\/wp\/v2\/posts\/66486\/revisions"}],"wp:featuredmedia":[{"embeddable":true,"href":"https:\/\/folhapopular.info\/index.php\/wp-json\/wp\/v2\/media\/66488"}],"wp:attachment":[{"href":"https:\/\/folhapopular.info\/index.php\/wp-json\/wp\/v2\/media?parent=66486"}],"wp:term":[{"taxonomy":"category","embeddable":true,"href":"https:\/\/folhapopular.info\/index.php\/wp-json\/wp\/v2\/categories?post=66486"},{"taxonomy":"post_tag","embeddable":true,"href":"https:\/\/folhapopular.info\/index.php\/wp-json\/wp\/v2\/tags?post=66486"}],"curies":[{"name":"wp","href":"https:\/\/api.w.org\/{rel}","templated":true}]}}