{"id":67394,"date":"2020-04-03T16:38:44","date_gmt":"2020-04-03T19:38:44","guid":{"rendered":"https:\/\/folhapopular.info\/?p=67394"},"modified":"2020-04-03T17:10:04","modified_gmt":"2020-04-03T20:10:04","slug":"combate-ao-coronavirus-teutonia-prepara-centro-ambulatorial-para-atendimento-de-doencas-respiratorias","status":"publish","type":"post","link":"https:\/\/folhapopular.info\/index.php\/2020\/04\/03\/combate-ao-coronavirus-teutonia-prepara-centro-ambulatorial-para-atendimento-de-doencas-respiratorias\/","title":{"rendered":"Combate ao coronav\u00edrus: Teut\u00f4nia prepara Centro Ambulatorial para atendimento de doen\u00e7as respirat\u00f3rias"},"content":{"rendered":"\n<p>De forma preventiva, Teut\u00f4nia est\u00e1 preparando um Centro Ambulatorial para atendimento de doen\u00e7as respirat\u00f3rias no enfrentamento ao coronav\u00edrus. A estrutura est\u00e1 sendo montada no sal\u00e3o da comunidade Redentor, no Bairro Canabarro. \u201cV\u00e3o ser consultas cl\u00ednicas que v\u00e3o ser atendidas neste local\u201d, explica o m\u00e9dico Enrico Neiss.<\/p>\n\n\n\n<p>N\u00e3o\nse trata de um hospital de campanha, como se tem visto em grandes\ncidades, mas sim de um espa\u00e7o destinado a atendimento de pessoas com\nsintomas de doen\u00e7as respirat\u00f3rias. \u201cO Hospital [Ouro Branco] tem,\npor enquanto, como dar conta dos casos em um primeiro cen\u00e1rio. Este\nseria um centro de triagem de doen\u00e7as respirat\u00f3rias\u201d, refor\u00e7a.<\/p>\n\n\n\n<p>Segundo ele, \u00e9 uma ideia que est\u00e1 sendo montada porque o Munic\u00edpio quer se preparar para um poss\u00edvel aumento muito r\u00e1pido e abrupto de casos de doen\u00e7a respirat\u00f3ria. \u201cHoje ainda n\u00e3o temos este aumento consider\u00e1vel. Estamos conseguindo manejar isso nas nossas Unidades B\u00e1sicas de Sa\u00fade sem nenhum problema, sem nenhum atraso e sem nenhuma espera\u201d, pondera.<\/p>\n\n\n\n<p>A estrutura est\u00e1 sendo preparada, mas ele avalia que \u201ca nossa vontade \u00e9 que n\u00e3o precise usar este espa\u00e7o\u201d, mas, \u201cse precisarmos ela estar\u00e1 l\u00e1 nos esperando para uma medida emergencial, com um ou dois dias para iniciar\u201d.<\/p>\n\n\n\n<p>Hoje, o munic\u00edpio tem 115 casos suspeitos que n\u00e3o tem coleta de material para exames pois estes s\u00e3o exclusivos para pessoas internadas. Assim, se preparar para um aumento de casos leva em conta a possibilidade de desenvolvimento dos quadros destas pessoas e tamb\u00e9m o surgimento de novos casos. \u201cDestes [115 suspeitos] muitos j\u00e1 est\u00e3o bem. Por enquanto n\u00e3o temos os testes r\u00e1pidos dispon\u00edveis, devem chegar na pr\u00f3xima semana. A\u00ed ser\u00e1 feito um protocolo de como usar estes testes. O Minist\u00e9rio [da Sa\u00fade] tamb\u00e9m vai enviar testes e estamos aguardando as orienta\u00e7\u00f5es do Minist\u00e9rio da Sa\u00fade\u201d, esclarece.<\/p>\n\n\n\n<p> Por enquanto, os procedimentos continuam os mesmos, pois a estrutura n\u00e3o est\u00e1 em funcionamento. Pessoas com sintomas podem entrar em contato com a Vigil\u00e2ncia Epidemiol\u00f3gica para receber as orienta\u00e7\u00e3o. O contato pode ser feito pelo n\u00famero 3762-7809. Em casos de sintomas leves n\u00e3o \u00e9 recomendada a ida no hospital, apenas em caso de sintomas graves como dificuldade para respirar.<\/p>\n\n\n\n<p><strong>Medidas de isolamento est\u00e3o funcionando<\/strong><\/p>\n\n\n\n<p>Neiss\nafirma que as medidas de isolamento, adotadas logo no princ\u00edpio da\npandemia no pa\u00eds, est\u00e3o funcionando muito bem. \u201cAqui em Teut\u00f4nia,\nem que a popula\u00e7\u00e3o fez corretamente a quest\u00e3o do distanciamento\nsocial, isso se reflete nos nossos n\u00fameros. Por enquanto Teut\u00f4nia\nn\u00e3o tem casos positivos, temos 108 fam\u00edlias em monitoramento, em um\ncrescente um pouco mais lento essa semana. Esta estrat\u00e9gia est\u00e1\nfuncionando bem\u201d, refor\u00e7a. Por isso, ele refor\u00e7a a import\u00e2ncia\nde seguir com as medidas de higiene e de isolamento social.<\/p>\n","protected":false},"excerpt":{"rendered":"<p>De forma preventiva, Teut\u00f4nia est\u00e1 preparando um Centro Ambulatorial para atendimento de doen\u00e7as respirat\u00f3rias no enfrentamento ao coronav\u00edrus. A estrutura est\u00e1 sendo montada no sal\u00e3o da comunidade Redentor, no Bairro Canabarro. \u201cV\u00e3o ser consultas cl\u00ednicas que v\u00e3o ser atendidas neste local\u201d, explica o m\u00e9dico Enrico Neiss. N\u00e3o se trata de um hospital de campanha, como [&hellip;]<\/p>\n","protected":false},"author":8,"featured_media":67395,"comment_status":"open","ping_status":"open","sticky":false,"template":"","format":"standard","meta":{"pmpro_default_level":"","_jetpack_memberships_contains_paid_content":false,"footnotes":""},"categories":[5756,3],"tags":[5852,1337,5702,26],"class_list":{"0":"post-67394","1":"post","2":"type-post","3":"status-publish","4":"format-standard","5":"has-post-thumbnail","7":"category-coronavirus","8":"category-geral","9":"tag-centro-ambulatorial","10":"tag-comunidade-redentor","11":"tag-coronavirus","12":"tag-teutonia","13":"pmpro-has-access"},"yoast_head":"<!-- This site is optimized with the Yoast SEO plugin v27.5 - https:\/\/yoast.com\/product\/yoast-seo-wordpress\/ -->\n<title>Combate ao coronav\u00edrus: Teut\u00f4nia prepara Centro Ambulatorial para atendimento de doen\u00e7as respirat\u00f3rias - Folha Popular<\/title>\n<meta name=\"robots\" content=\"index, follow, max-snippet:-1, max-image-preview:large, max-video-preview:-1\" \/>\n<link rel=\"canonical\" href=\"https:\/\/folhapopular.info\/index.php\/2020\/04\/03\/combate-ao-coronavirus-teutonia-prepara-centro-ambulatorial-para-atendimento-de-doencas-respiratorias\/\" \/>\n<meta property=\"og:locale\" content=\"pt_BR\" \/>\n<meta property=\"og:type\" content=\"article\" \/>\n<meta property=\"og:title\" content=\"Combate ao coronav\u00edrus: Teut\u00f4nia prepara Centro Ambulatorial para atendimento de doen\u00e7as respirat\u00f3rias - Folha Popular\" \/>\n<meta property=\"og:description\" content=\"De forma preventiva, Teut\u00f4nia est\u00e1 preparando um Centro Ambulatorial para atendimento de doen\u00e7as respirat\u00f3rias no enfrentamento ao coronav\u00edrus. A estrutura est\u00e1 sendo montada no sal\u00e3o da comunidade Redentor, no Bairro Canabarro. \u201cV\u00e3o ser consultas cl\u00ednicas que v\u00e3o ser atendidas neste local\u201d, explica o m\u00e9dico Enrico Neiss. N\u00e3o se trata de um hospital de campanha, como [&hellip;]\" \/>\n<meta property=\"og:url\" content=\"https:\/\/folhapopular.info\/index.php\/2020\/04\/03\/combate-ao-coronavirus-teutonia-prepara-centro-ambulatorial-para-atendimento-de-doencas-respiratorias\/\" \/>\n<meta property=\"og:site_name\" content=\"Folha Popular\" \/>\n<meta property=\"article:published_time\" content=\"2020-04-03T19:38:44+00:00\" \/>\n<meta property=\"article:modified_time\" content=\"2020-04-03T20:10:04+00:00\" \/>\n<meta property=\"og:image\" content=\"https:\/\/folhapopular.info\/wp-content\/uploads\/2020\/04\/WhatsApp-Image-2020-04-03-at-16.25.02-e1585942544309.jpeg\" \/>\n\t<meta property=\"og:image:width\" content=\"800\" \/>\n\t<meta property=\"og:image:height\" content=\"450\" \/>\n\t<meta property=\"og:image:type\" content=\"image\/jpeg\" \/>\n<meta name=\"author\" content=\"Reda\u00e7\u00e3o Folha Popular\" \/>\n<meta name=\"twitter:card\" content=\"summary_large_image\" \/>\n<meta name=\"twitter:label1\" content=\"Escrito por\" \/>\n\t<meta name=\"twitter:data1\" content=\"Reda\u00e7\u00e3o Folha Popular\" \/>\n\t<meta name=\"twitter:label2\" content=\"Est. tempo de leitura\" \/>\n\t<meta name=\"twitter:data2\" content=\"2 minutos\" \/>\n<script type=\"application\/ld+json\" class=\"yoast-schema-graph\">{\"@context\":\"https:\\\/\\\/schema.org\",\"@graph\":[{\"@type\":\"Article\",\"@id\":\"https:\\\/\\\/folhapopular.info\\\/index.php\\\/2020\\\/04\\\/03\\\/combate-ao-coronavirus-teutonia-prepara-centro-ambulatorial-para-atendimento-de-doencas-respiratorias\\\/#article\",\"isPartOf\":{\"@id\":\"https:\\\/\\\/folhapopular.info\\\/index.php\\\/2020\\\/04\\\/03\\\/combate-ao-coronavirus-teutonia-prepara-centro-ambulatorial-para-atendimento-de-doencas-respiratorias\\\/\"},\"author\":{\"name\":\"Reda\u00e7\u00e3o Folha Popular\",\"@id\":\"https:\\\/\\\/folhapopular.info\\\/#\\\/schema\\\/person\\\/2814e8a0df7643585a9ca38bc6eb9d4b\"},\"headline\":\"Combate ao coronav\u00edrus: Teut\u00f4nia prepara Centro Ambulatorial para atendimento de doen\u00e7as respirat\u00f3rias\",\"datePublished\":\"2020-04-03T19:38:44+00:00\",\"dateModified\":\"2020-04-03T20:10:04+00:00\",\"mainEntityOfPage\":{\"@id\":\"https:\\\/\\\/folhapopular.info\\\/index.php\\\/2020\\\/04\\\/03\\\/combate-ao-coronavirus-teutonia-prepara-centro-ambulatorial-para-atendimento-de-doencas-respiratorias\\\/\"},\"wordCount\":513,\"commentCount\":0,\"image\":{\"@id\":\"https:\\\/\\\/folhapopular.info\\\/index.php\\\/2020\\\/04\\\/03\\\/combate-ao-coronavirus-teutonia-prepara-centro-ambulatorial-para-atendimento-de-doencas-respiratorias\\\/#primaryimage\"},\"thumbnailUrl\":\"https:\\\/\\\/folhapopular.info\\\/wp-content\\\/uploads\\\/2020\\\/04\\\/WhatsApp-Image-2020-04-03-at-16.25.02-e1585942544309.jpeg\",\"keywords\":[\"Centro Ambulatorial\",\"Comunidade Redentor\",\"Coronav\u00edrus\",\"Teut\u00f4nia\"],\"articleSection\":[\"Coronav\u00edrus\",\"Geral\"],\"inLanguage\":\"pt-BR\",\"potentialAction\":[{\"@type\":\"CommentAction\",\"name\":\"Comment\",\"target\":[\"https:\\\/\\\/folhapopular.info\\\/index.php\\\/2020\\\/04\\\/03\\\/combate-ao-coronavirus-teutonia-prepara-centro-ambulatorial-para-atendimento-de-doencas-respiratorias\\\/#respond\"]}]},{\"@type\":\"WebPage\",\"@id\":\"https:\\\/\\\/folhapopular.info\\\/index.php\\\/2020\\\/04\\\/03\\\/combate-ao-coronavirus-teutonia-prepara-centro-ambulatorial-para-atendimento-de-doencas-respiratorias\\\/\",\"url\":\"https:\\\/\\\/folhapopular.info\\\/index.php\\\/2020\\\/04\\\/03\\\/combate-ao-coronavirus-teutonia-prepara-centro-ambulatorial-para-atendimento-de-doencas-respiratorias\\\/\",\"name\":\"Combate ao coronav\u00edrus: Teut\u00f4nia prepara Centro Ambulatorial para atendimento de doen\u00e7as respirat\u00f3rias - Folha Popular\",\"isPartOf\":{\"@id\":\"https:\\\/\\\/folhapopular.info\\\/#website\"},\"primaryImageOfPage\":{\"@id\":\"https:\\\/\\\/folhapopular.info\\\/index.php\\\/2020\\\/04\\\/03\\\/combate-ao-coronavirus-teutonia-prepara-centro-ambulatorial-para-atendimento-de-doencas-respiratorias\\\/#primaryimage\"},\"image\":{\"@id\":\"https:\\\/\\\/folhapopular.info\\\/index.php\\\/2020\\\/04\\\/03\\\/combate-ao-coronavirus-teutonia-prepara-centro-ambulatorial-para-atendimento-de-doencas-respiratorias\\\/#primaryimage\"},\"thumbnailUrl\":\"https:\\\/\\\/folhapopular.info\\\/wp-content\\\/uploads\\\/2020\\\/04\\\/WhatsApp-Image-2020-04-03-at-16.25.02-e1585942544309.jpeg\",\"datePublished\":\"2020-04-03T19:38:44+00:00\",\"dateModified\":\"2020-04-03T20:10:04+00:00\",\"author\":{\"@id\":\"https:\\\/\\\/folhapopular.info\\\/#\\\/schema\\\/person\\\/2814e8a0df7643585a9ca38bc6eb9d4b\"},\"breadcrumb\":{\"@id\":\"https:\\\/\\\/folhapopular.info\\\/index.php\\\/2020\\\/04\\\/03\\\/combate-ao-coronavirus-teutonia-prepara-centro-ambulatorial-para-atendimento-de-doencas-respiratorias\\\/#breadcrumb\"},\"inLanguage\":\"pt-BR\",\"potentialAction\":[{\"@type\":\"ReadAction\",\"target\":[\"https:\\\/\\\/folhapopular.info\\\/index.php\\\/2020\\\/04\\\/03\\\/combate-ao-coronavirus-teutonia-prepara-centro-ambulatorial-para-atendimento-de-doencas-respiratorias\\\/\"]}]},{\"@type\":\"ImageObject\",\"inLanguage\":\"pt-BR\",\"@id\":\"https:\\\/\\\/folhapopular.info\\\/index.php\\\/2020\\\/04\\\/03\\\/combate-ao-coronavirus-teutonia-prepara-centro-ambulatorial-para-atendimento-de-doencas-respiratorias\\\/#primaryimage\",\"url\":\"https:\\\/\\\/folhapopular.info\\\/wp-content\\\/uploads\\\/2020\\\/04\\\/WhatsApp-Image-2020-04-03-at-16.25.02-e1585942544309.jpeg\",\"contentUrl\":\"https:\\\/\\\/folhapopular.info\\\/wp-content\\\/uploads\\\/2020\\\/04\\\/WhatsApp-Image-2020-04-03-at-16.25.02-e1585942544309.jpeg\",\"width\":800,\"height\":450,\"caption\":\"Centro ser\u00e1 montado no sal\u00e3o da Comunidade Evang\u00e9lica Redentor, no Bairro Canabarro\"},{\"@type\":\"BreadcrumbList\",\"@id\":\"https:\\\/\\\/folhapopular.info\\\/index.php\\\/2020\\\/04\\\/03\\\/combate-ao-coronavirus-teutonia-prepara-centro-ambulatorial-para-atendimento-de-doencas-respiratorias\\\/#breadcrumb\",\"itemListElement\":[{\"@type\":\"ListItem\",\"position\":1,\"name\":\"In\u00edcio\",\"item\":\"https:\\\/\\\/folhapopular.info\\\/\"},{\"@type\":\"ListItem\",\"position\":2,\"name\":\"Combate ao coronav\u00edrus: Teut\u00f4nia prepara Centro Ambulatorial para atendimento de doen\u00e7as respirat\u00f3rias\"}]},{\"@type\":\"WebSite\",\"@id\":\"https:\\\/\\\/folhapopular.info\\\/#website\",\"url\":\"https:\\\/\\\/folhapopular.info\\\/\",\"name\":\"Folha Popular\",\"description\":\"Onde voc\u00ea tem vez e voz\",\"potentialAction\":[{\"@type\":\"SearchAction\",\"target\":{\"@type\":\"EntryPoint\",\"urlTemplate\":\"https:\\\/\\\/folhapopular.info\\\/?s={search_term_string}\"},\"query-input\":{\"@type\":\"PropertyValueSpecification\",\"valueRequired\":true,\"valueName\":\"search_term_string\"}}],\"inLanguage\":\"pt-BR\"},{\"@type\":\"Person\",\"@id\":\"https:\\\/\\\/folhapopular.info\\\/#\\\/schema\\\/person\\\/2814e8a0df7643585a9ca38bc6eb9d4b\",\"name\":\"Reda\u00e7\u00e3o Folha Popular\",\"image\":{\"@type\":\"ImageObject\",\"inLanguage\":\"pt-BR\",\"@id\":\"https:\\\/\\\/folhapopular.info\\\/wp-content\\\/uploads\\\/2026\\\/04\\\/Folha-1.webp\",\"url\":\"https:\\\/\\\/folhapopular.info\\\/wp-content\\\/uploads\\\/2026\\\/04\\\/Folha-1.webp\",\"contentUrl\":\"https:\\\/\\\/folhapopular.info\\\/wp-content\\\/uploads\\\/2026\\\/04\\\/Folha-1.webp\",\"caption\":\"Reda\u00e7\u00e3o Folha Popular\"},\"url\":\"https:\\\/\\\/folhapopular.info\\\/index.php\\\/author\\\/redacao\\\/\"}]}<\/script>\n<!-- \/ Yoast SEO plugin. -->","yoast_head_json":{"title":"Combate ao coronav\u00edrus: Teut\u00f4nia prepara Centro Ambulatorial para atendimento de doen\u00e7as respirat\u00f3rias - Folha Popular","robots":{"index":"index","follow":"follow","max-snippet":"max-snippet:-1","max-image-preview":"max-image-preview:large","max-video-preview":"max-video-preview:-1"},"canonical":"https:\/\/folhapopular.info\/index.php\/2020\/04\/03\/combate-ao-coronavirus-teutonia-prepara-centro-ambulatorial-para-atendimento-de-doencas-respiratorias\/","og_locale":"pt_BR","og_type":"article","og_title":"Combate ao coronav\u00edrus: Teut\u00f4nia prepara Centro Ambulatorial para atendimento de doen\u00e7as respirat\u00f3rias - Folha Popular","og_description":"De forma preventiva, Teut\u00f4nia est\u00e1 preparando um Centro Ambulatorial para atendimento de doen\u00e7as respirat\u00f3rias no enfrentamento ao coronav\u00edrus. A estrutura est\u00e1 sendo montada no sal\u00e3o da comunidade Redentor, no Bairro Canabarro. \u201cV\u00e3o ser consultas cl\u00ednicas que v\u00e3o ser atendidas neste local\u201d, explica o m\u00e9dico Enrico Neiss. N\u00e3o se trata de um hospital de campanha, como [&hellip;]","og_url":"https:\/\/folhapopular.info\/index.php\/2020\/04\/03\/combate-ao-coronavirus-teutonia-prepara-centro-ambulatorial-para-atendimento-de-doencas-respiratorias\/","og_site_name":"Folha Popular","article_published_time":"2020-04-03T19:38:44+00:00","article_modified_time":"2020-04-03T20:10:04+00:00","og_image":[{"width":800,"height":450,"url":"https:\/\/folhapopular.info\/wp-content\/uploads\/2020\/04\/WhatsApp-Image-2020-04-03-at-16.25.02-e1585942544309.jpeg","type":"image\/jpeg"}],"author":"Reda\u00e7\u00e3o Folha Popular","twitter_card":"summary_large_image","twitter_misc":{"Escrito por":"Reda\u00e7\u00e3o Folha Popular","Est. tempo de leitura":"2 minutos"},"schema":{"@context":"https:\/\/schema.org","@graph":[{"@type":"Article","@id":"https:\/\/folhapopular.info\/index.php\/2020\/04\/03\/combate-ao-coronavirus-teutonia-prepara-centro-ambulatorial-para-atendimento-de-doencas-respiratorias\/#article","isPartOf":{"@id":"https:\/\/folhapopular.info\/index.php\/2020\/04\/03\/combate-ao-coronavirus-teutonia-prepara-centro-ambulatorial-para-atendimento-de-doencas-respiratorias\/"},"author":{"name":"Reda\u00e7\u00e3o Folha Popular","@id":"https:\/\/folhapopular.info\/#\/schema\/person\/2814e8a0df7643585a9ca38bc6eb9d4b"},"headline":"Combate ao coronav\u00edrus: Teut\u00f4nia prepara Centro Ambulatorial para atendimento de doen\u00e7as respirat\u00f3rias","datePublished":"2020-04-03T19:38:44+00:00","dateModified":"2020-04-03T20:10:04+00:00","mainEntityOfPage":{"@id":"https:\/\/folhapopular.info\/index.php\/2020\/04\/03\/combate-ao-coronavirus-teutonia-prepara-centro-ambulatorial-para-atendimento-de-doencas-respiratorias\/"},"wordCount":513,"commentCount":0,"image":{"@id":"https:\/\/folhapopular.info\/index.php\/2020\/04\/03\/combate-ao-coronavirus-teutonia-prepara-centro-ambulatorial-para-atendimento-de-doencas-respiratorias\/#primaryimage"},"thumbnailUrl":"https:\/\/folhapopular.info\/wp-content\/uploads\/2020\/04\/WhatsApp-Image-2020-04-03-at-16.25.02-e1585942544309.jpeg","keywords":["Centro Ambulatorial","Comunidade Redentor","Coronav\u00edrus","Teut\u00f4nia"],"articleSection":["Coronav\u00edrus","Geral"],"inLanguage":"pt-BR","potentialAction":[{"@type":"CommentAction","name":"Comment","target":["https:\/\/folhapopular.info\/index.php\/2020\/04\/03\/combate-ao-coronavirus-teutonia-prepara-centro-ambulatorial-para-atendimento-de-doencas-respiratorias\/#respond"]}]},{"@type":"WebPage","@id":"https:\/\/folhapopular.info\/index.php\/2020\/04\/03\/combate-ao-coronavirus-teutonia-prepara-centro-ambulatorial-para-atendimento-de-doencas-respiratorias\/","url":"https:\/\/folhapopular.info\/index.php\/2020\/04\/03\/combate-ao-coronavirus-teutonia-prepara-centro-ambulatorial-para-atendimento-de-doencas-respiratorias\/","name":"Combate ao coronav\u00edrus: Teut\u00f4nia prepara Centro Ambulatorial para atendimento de doen\u00e7as respirat\u00f3rias - Folha Popular","isPartOf":{"@id":"https:\/\/folhapopular.info\/#website"},"primaryImageOfPage":{"@id":"https:\/\/folhapopular.info\/index.php\/2020\/04\/03\/combate-ao-coronavirus-teutonia-prepara-centro-ambulatorial-para-atendimento-de-doencas-respiratorias\/#primaryimage"},"image":{"@id":"https:\/\/folhapopular.info\/index.php\/2020\/04\/03\/combate-ao-coronavirus-teutonia-prepara-centro-ambulatorial-para-atendimento-de-doencas-respiratorias\/#primaryimage"},"thumbnailUrl":"https:\/\/folhapopular.info\/wp-content\/uploads\/2020\/04\/WhatsApp-Image-2020-04-03-at-16.25.02-e1585942544309.jpeg","datePublished":"2020-04-03T19:38:44+00:00","dateModified":"2020-04-03T20:10:04+00:00","author":{"@id":"https:\/\/folhapopular.info\/#\/schema\/person\/2814e8a0df7643585a9ca38bc6eb9d4b"},"breadcrumb":{"@id":"https:\/\/folhapopular.info\/index.php\/2020\/04\/03\/combate-ao-coronavirus-teutonia-prepara-centro-ambulatorial-para-atendimento-de-doencas-respiratorias\/#breadcrumb"},"inLanguage":"pt-BR","potentialAction":[{"@type":"ReadAction","target":["https:\/\/folhapopular.info\/index.php\/2020\/04\/03\/combate-ao-coronavirus-teutonia-prepara-centro-ambulatorial-para-atendimento-de-doencas-respiratorias\/"]}]},{"@type":"ImageObject","inLanguage":"pt-BR","@id":"https:\/\/folhapopular.info\/index.php\/2020\/04\/03\/combate-ao-coronavirus-teutonia-prepara-centro-ambulatorial-para-atendimento-de-doencas-respiratorias\/#primaryimage","url":"https:\/\/folhapopular.info\/wp-content\/uploads\/2020\/04\/WhatsApp-Image-2020-04-03-at-16.25.02-e1585942544309.jpeg","contentUrl":"https:\/\/folhapopular.info\/wp-content\/uploads\/2020\/04\/WhatsApp-Image-2020-04-03-at-16.25.02-e1585942544309.jpeg","width":800,"height":450,"caption":"Centro ser\u00e1 montado no sal\u00e3o da Comunidade Evang\u00e9lica Redentor, no Bairro Canabarro"},{"@type":"BreadcrumbList","@id":"https:\/\/folhapopular.info\/index.php\/2020\/04\/03\/combate-ao-coronavirus-teutonia-prepara-centro-ambulatorial-para-atendimento-de-doencas-respiratorias\/#breadcrumb","itemListElement":[{"@type":"ListItem","position":1,"name":"In\u00edcio","item":"https:\/\/folhapopular.info\/"},{"@type":"ListItem","position":2,"name":"Combate ao coronav\u00edrus: Teut\u00f4nia prepara Centro Ambulatorial para atendimento de doen\u00e7as respirat\u00f3rias"}]},{"@type":"WebSite","@id":"https:\/\/folhapopular.info\/#website","url":"https:\/\/folhapopular.info\/","name":"Folha Popular","description":"Onde voc\u00ea tem vez e voz","potentialAction":[{"@type":"SearchAction","target":{"@type":"EntryPoint","urlTemplate":"https:\/\/folhapopular.info\/?s={search_term_string}"},"query-input":{"@type":"PropertyValueSpecification","valueRequired":true,"valueName":"search_term_string"}}],"inLanguage":"pt-BR"},{"@type":"Person","@id":"https:\/\/folhapopular.info\/#\/schema\/person\/2814e8a0df7643585a9ca38bc6eb9d4b","name":"Reda\u00e7\u00e3o Folha Popular","image":{"@type":"ImageObject","inLanguage":"pt-BR","@id":"https:\/\/folhapopular.info\/wp-content\/uploads\/2026\/04\/Folha-1.webp","url":"https:\/\/folhapopular.info\/wp-content\/uploads\/2026\/04\/Folha-1.webp","contentUrl":"https:\/\/folhapopular.info\/wp-content\/uploads\/2026\/04\/Folha-1.webp","caption":"Reda\u00e7\u00e3o Folha Popular"},"url":"https:\/\/folhapopular.info\/index.php\/author\/redacao\/"}]}},"jetpack_featured_media_url":"https:\/\/folhapopular.info\/wp-content\/uploads\/2020\/04\/WhatsApp-Image-2020-04-03-at-16.25.02-e1585942544309.jpeg","jetpack_sharing_enabled":true,"amp_enabled":true,"_links":{"self":[{"href":"https:\/\/folhapopular.info\/index.php\/wp-json\/wp\/v2\/posts\/67394","targetHints":{"allow":["GET"]}}],"collection":[{"href":"https:\/\/folhapopular.info\/index.php\/wp-json\/wp\/v2\/posts"}],"about":[{"href":"https:\/\/folhapopular.info\/index.php\/wp-json\/wp\/v2\/types\/post"}],"author":[{"embeddable":true,"href":"https:\/\/folhapopular.info\/index.php\/wp-json\/wp\/v2\/users\/8"}],"replies":[{"embeddable":true,"href":"https:\/\/folhapopular.info\/index.php\/wp-json\/wp\/v2\/comments?post=67394"}],"version-history":[{"count":0,"href":"https:\/\/folhapopular.info\/index.php\/wp-json\/wp\/v2\/posts\/67394\/revisions"}],"wp:featuredmedia":[{"embeddable":true,"href":"https:\/\/folhapopular.info\/index.php\/wp-json\/wp\/v2\/media\/67395"}],"wp:attachment":[{"href":"https:\/\/folhapopular.info\/index.php\/wp-json\/wp\/v2\/media?parent=67394"}],"wp:term":[{"taxonomy":"category","embeddable":true,"href":"https:\/\/folhapopular.info\/index.php\/wp-json\/wp\/v2\/categories?post=67394"},{"taxonomy":"post_tag","embeddable":true,"href":"https:\/\/folhapopular.info\/index.php\/wp-json\/wp\/v2\/tags?post=67394"}],"curies":[{"name":"wp","href":"https:\/\/api.w.org\/{rel}","templated":true}]}}