{"id":67825,"date":"2020-04-14T11:46:21","date_gmt":"2020-04-14T14:46:21","guid":{"rendered":"https:\/\/folhapopular.info\/?p=67825"},"modified":"2020-04-14T11:46:23","modified_gmt":"2020-04-14T14:46:23","slug":"decreto-que-determina-comercio-fechado-vale-ate-amanha-e-aumenta-expectativa-por-flexibilizacao","status":"publish","type":"post","link":"https:\/\/folhapopular.info\/index.php\/2020\/04\/14\/decreto-que-determina-comercio-fechado-vale-ate-amanha-e-aumenta-expectativa-por-flexibilizacao\/","title":{"rendered":"Decreto que determina com\u00e9rcio fechado vale at\u00e9 amanh\u00e3, e aumenta expectativa por flexibiliza\u00e7\u00e3o"},"content":{"rendered":"\n<p>O decreto do governo do Estado que determina o fechamento do com\u00e9rcio n\u00e3o essencial segue valendo at\u00e9 amanh\u00e3 (15\/04), ou seja, os estabelecimentos devem seguir fechados inclusive nesta quarta-feira. A expectativa \u00e9 pelo posicionamento do governador e, at\u00e9 mesmo, de um novo decreto para regrar o funcionamento destes estabelecimentos a partir de quinta-feira (16\/04).<\/p>\n\n\n\n<p>H\u00e1 uma expectativa quanto \u00e0 flexibiliza\u00e7\u00e3o das medidas restritivas, levando em conta a taxa de ocupa\u00e7\u00e3o de leitos de UTI nas cidades e regi\u00f5es. No estado, nesse momento, somente Porto Alegre estaria ocupando mais de 50% dos leitos. Dos 497 munic\u00edpios ga\u00fachos, conforme o boletim da Secretaria Estadual desta segunda-feira, 87 cidades j\u00e1 registraram casos confirmados de Covid-19.<\/p>\n\n\n\n<p>Os munic\u00edpios aguardam a manifesta\u00e7\u00e3o do governo estadual para adequarem \u00e0s suas realidades. Em Teut\u00f4nia, por exemplo, j\u00e1 h\u00e1 uma cartilha preparada para orientar a retomada gradativa do com\u00e9rcio, assim que forem suspensas as restri\u00e7\u00f5es do decreto estadual em vigor. Essa retomada pode ocorrer a partir de quinta-feira, dependendo do posicionamento estadual.<\/p>\n\n\n\n<p>O prefeito de Teut\u00f4nia, Jonatan Br\u00f6nstrup, considera que o com\u00e9rcio no munic\u00edpio, por exemplo, \u00e9 diferente do com\u00e9rcio em Porto Alegre e geraria menos aglomera\u00e7\u00f5es. &#8220;Estamos fazendo apenas uma determina\u00e7\u00e3o enquanto perdurar o decreto do Estado. Assim que houver o relaxamento das medidas por parte do governo do Estado n\u00f3s vamos adequar \u00e0 nossa realidade, \u00e0s nossas condi\u00e7\u00f5es, e flexibilizar tamb\u00e9m a atua\u00e7\u00e3o do com\u00e9rcio, com todas restri\u00e7\u00f5es poss\u00edveis para garantir acima de tudo seguran\u00e7a tanta para o empres\u00e1rio, para os funcion\u00e1rios e tamb\u00e9m para o cliente&#8221;, aponta.<\/p>\n\n\n\n<p><strong>\u00c9 preciso ter conscientiza\u00e7\u00e3o<\/strong><\/p>\n\n\n\n<p>O prefeito de Teut\u00f4nia, Jonatan Br\u00f6nstrup, destaca que, diante de uma flexibiliza\u00e7\u00e3o, o entanto, \u00e9 preciso que a comunidade tenha uma conscientiza\u00e7\u00e3o maior ainda. &#8220;N\u00e3o adianta todos sa\u00edrem \u00e0s ruas ao mesmo tempo ou sem cuidados, pois sen\u00e3o depois teremos que voltar para dentro de casa novamente&#8221;, adverte o prefeito.<\/p>\n\n\n\n<p>Refor\u00e7a que diante da retomada, ser\u00e1 preciso manter cuidados e restri\u00e7\u00f5es, com uso de equipamentos de prote\u00e7\u00e3o, como m\u00e1scaras, com a higieniza\u00e7\u00e3o das m\u00e3os e mantendo as dist\u00e2ncias de seguran\u00e7a. &#8220;Que esse momento de flexibiliza\u00e7\u00e3o que se aproxima n\u00e3o sirva para que todas as pessoas saiam de maneira desorganizada de casa, acreditando que tudo est\u00e1 voltando ao normal. Temos que retomar com um certo grau de pessimismo, inclusive, porque n\u00e3o conhecemos o nosso inimigo e precisamos respeit\u00e1-lo e utilizar todas as ferramentas que n\u00f3s temos \u00e0 disposi\u00e7\u00e3o para nos protegermos e proteger as pessoas que est\u00e3o ao nosso redor&#8221;, opina.<\/p>\n\n\n\n<p>O prefeito voltar a pedir que, havendo a flexibiliza\u00e7\u00e3o, se tenha conscientiza\u00e7\u00e3o das pessoas. &#8220;Para que n\u00f3s n\u00e3o fa\u00e7amos com que este momento de retomada gradativa de algumas atividades sirva para uma grande e poss\u00edvel contamina\u00e7\u00e3o de um n\u00famero maior de pessoas. Esse \u00e9 o cuidado que pedimos, para que toda a popula\u00e7\u00e3o tenha, que cada um fa\u00e7a sua parte a fim de estar protegendo a si mesmo e aos outros&#8221;, conclui.<\/p>\n","protected":false},"excerpt":{"rendered":"<p>O decreto do governo do Estado que determina o fechamento do com\u00e9rcio n\u00e3o essencial segue valendo at\u00e9 amanh\u00e3 (15\/04), ou seja, os estabelecimentos devem seguir fechados inclusive nesta quarta-feira. A expectativa \u00e9 pelo posicionamento do governador e, at\u00e9 mesmo, de um novo decreto para regrar o funcionamento destes estabelecimentos a partir de quinta-feira (16\/04). H\u00e1 [&hellip;]<\/p>\n","protected":false},"author":8,"featured_media":67834,"comment_status":"open","ping_status":"open","sticky":false,"template":"","format":"standard","meta":{"pmpro_default_level":"","_jetpack_memberships_contains_paid_content":false,"footnotes":""},"categories":[2,3],"tags":[108,176],"class_list":{"0":"post-67825","1":"post","2":"type-post","3":"status-publish","4":"format-standard","5":"has-post-thumbnail","7":"category-featured","8":"category-geral","9":"tag-comercio","10":"tag-estado","11":"pmpro-has-access"},"yoast_head":"<!-- This site is optimized with the Yoast SEO plugin v27.5 - https:\/\/yoast.com\/product\/yoast-seo-wordpress\/ -->\n<title>Decreto que determina com\u00e9rcio fechado vale at\u00e9 amanh\u00e3, e aumenta expectativa por flexibiliza\u00e7\u00e3o - Folha Popular<\/title>\n<meta name=\"robots\" content=\"index, follow, max-snippet:-1, max-image-preview:large, max-video-preview:-1\" \/>\n<link rel=\"canonical\" href=\"https:\/\/folhapopular.info\/index.php\/2020\/04\/14\/decreto-que-determina-comercio-fechado-vale-ate-amanha-e-aumenta-expectativa-por-flexibilizacao\/\" \/>\n<meta property=\"og:locale\" content=\"pt_BR\" \/>\n<meta property=\"og:type\" content=\"article\" \/>\n<meta property=\"og:title\" content=\"Decreto que determina com\u00e9rcio fechado vale at\u00e9 amanh\u00e3, e aumenta expectativa por flexibiliza\u00e7\u00e3o - Folha Popular\" \/>\n<meta property=\"og:description\" content=\"O decreto do governo do Estado que determina o fechamento do com\u00e9rcio n\u00e3o essencial segue valendo at\u00e9 amanh\u00e3 (15\/04), ou seja, os estabelecimentos devem seguir fechados inclusive nesta quarta-feira. A expectativa \u00e9 pelo posicionamento do governador e, at\u00e9 mesmo, de um novo decreto para regrar o funcionamento destes estabelecimentos a partir de quinta-feira (16\/04). H\u00e1 [&hellip;]\" \/>\n<meta property=\"og:url\" content=\"https:\/\/folhapopular.info\/index.php\/2020\/04\/14\/decreto-que-determina-comercio-fechado-vale-ate-amanha-e-aumenta-expectativa-por-flexibilizacao\/\" \/>\n<meta property=\"og:site_name\" content=\"Folha Popular\" \/>\n<meta property=\"article:published_time\" content=\"2020-04-14T14:46:21+00:00\" \/>\n<meta property=\"article:modified_time\" content=\"2020-04-14T14:46:23+00:00\" \/>\n<meta property=\"og:image\" content=\"https:\/\/folhapopular.info\/wp-content\/uploads\/2020\/04\/men-s-gray-and-black-button-up-shirt-on-mannequin-1086711-scaled-e1586873893306.jpg\" \/>\n\t<meta property=\"og:image:width\" content=\"800\" \/>\n\t<meta property=\"og:image:height\" content=\"533\" \/>\n\t<meta property=\"og:image:type\" content=\"image\/jpeg\" \/>\n<meta name=\"author\" content=\"Reda\u00e7\u00e3o Folha Popular\" \/>\n<meta name=\"twitter:card\" content=\"summary_large_image\" \/>\n<meta name=\"twitter:label1\" content=\"Escrito por\" \/>\n\t<meta name=\"twitter:data1\" content=\"Reda\u00e7\u00e3o Folha Popular\" \/>\n\t<meta name=\"twitter:label2\" content=\"Est. tempo de leitura\" \/>\n\t<meta name=\"twitter:data2\" content=\"3 minutos\" \/>\n<script type=\"application\/ld+json\" class=\"yoast-schema-graph\">{\"@context\":\"https:\\\/\\\/schema.org\",\"@graph\":[{\"@type\":\"Article\",\"@id\":\"https:\\\/\\\/folhapopular.info\\\/index.php\\\/2020\\\/04\\\/14\\\/decreto-que-determina-comercio-fechado-vale-ate-amanha-e-aumenta-expectativa-por-flexibilizacao\\\/#article\",\"isPartOf\":{\"@id\":\"https:\\\/\\\/folhapopular.info\\\/index.php\\\/2020\\\/04\\\/14\\\/decreto-que-determina-comercio-fechado-vale-ate-amanha-e-aumenta-expectativa-por-flexibilizacao\\\/\"},\"author\":{\"name\":\"Reda\u00e7\u00e3o Folha Popular\",\"@id\":\"https:\\\/\\\/folhapopular.info\\\/#\\\/schema\\\/person\\\/2814e8a0df7643585a9ca38bc6eb9d4b\"},\"headline\":\"Decreto que determina com\u00e9rcio fechado vale at\u00e9 amanh\u00e3, e aumenta expectativa por flexibiliza\u00e7\u00e3o\",\"datePublished\":\"2020-04-14T14:46:21+00:00\",\"dateModified\":\"2020-04-14T14:46:23+00:00\",\"mainEntityOfPage\":{\"@id\":\"https:\\\/\\\/folhapopular.info\\\/index.php\\\/2020\\\/04\\\/14\\\/decreto-que-determina-comercio-fechado-vale-ate-amanha-e-aumenta-expectativa-por-flexibilizacao\\\/\"},\"wordCount\":543,\"commentCount\":0,\"image\":{\"@id\":\"https:\\\/\\\/folhapopular.info\\\/index.php\\\/2020\\\/04\\\/14\\\/decreto-que-determina-comercio-fechado-vale-ate-amanha-e-aumenta-expectativa-por-flexibilizacao\\\/#primaryimage\"},\"thumbnailUrl\":\"https:\\\/\\\/folhapopular.info\\\/wp-content\\\/uploads\\\/2020\\\/04\\\/men-s-gray-and-black-button-up-shirt-on-mannequin-1086711-scaled-e1586873893306.jpg\",\"keywords\":[\"Com\u00e9rcio\",\"Estado\"],\"articleSection\":[\"Destaques\",\"Geral\"],\"inLanguage\":\"pt-BR\",\"potentialAction\":[{\"@type\":\"CommentAction\",\"name\":\"Comment\",\"target\":[\"https:\\\/\\\/folhapopular.info\\\/index.php\\\/2020\\\/04\\\/14\\\/decreto-que-determina-comercio-fechado-vale-ate-amanha-e-aumenta-expectativa-por-flexibilizacao\\\/#respond\"]}]},{\"@type\":\"WebPage\",\"@id\":\"https:\\\/\\\/folhapopular.info\\\/index.php\\\/2020\\\/04\\\/14\\\/decreto-que-determina-comercio-fechado-vale-ate-amanha-e-aumenta-expectativa-por-flexibilizacao\\\/\",\"url\":\"https:\\\/\\\/folhapopular.info\\\/index.php\\\/2020\\\/04\\\/14\\\/decreto-que-determina-comercio-fechado-vale-ate-amanha-e-aumenta-expectativa-por-flexibilizacao\\\/\",\"name\":\"Decreto que determina com\u00e9rcio fechado vale at\u00e9 amanh\u00e3, e aumenta expectativa por flexibiliza\u00e7\u00e3o - Folha Popular\",\"isPartOf\":{\"@id\":\"https:\\\/\\\/folhapopular.info\\\/#website\"},\"primaryImageOfPage\":{\"@id\":\"https:\\\/\\\/folhapopular.info\\\/index.php\\\/2020\\\/04\\\/14\\\/decreto-que-determina-comercio-fechado-vale-ate-amanha-e-aumenta-expectativa-por-flexibilizacao\\\/#primaryimage\"},\"image\":{\"@id\":\"https:\\\/\\\/folhapopular.info\\\/index.php\\\/2020\\\/04\\\/14\\\/decreto-que-determina-comercio-fechado-vale-ate-amanha-e-aumenta-expectativa-por-flexibilizacao\\\/#primaryimage\"},\"thumbnailUrl\":\"https:\\\/\\\/folhapopular.info\\\/wp-content\\\/uploads\\\/2020\\\/04\\\/men-s-gray-and-black-button-up-shirt-on-mannequin-1086711-scaled-e1586873893306.jpg\",\"datePublished\":\"2020-04-14T14:46:21+00:00\",\"dateModified\":\"2020-04-14T14:46:23+00:00\",\"author\":{\"@id\":\"https:\\\/\\\/folhapopular.info\\\/#\\\/schema\\\/person\\\/2814e8a0df7643585a9ca38bc6eb9d4b\"},\"breadcrumb\":{\"@id\":\"https:\\\/\\\/folhapopular.info\\\/index.php\\\/2020\\\/04\\\/14\\\/decreto-que-determina-comercio-fechado-vale-ate-amanha-e-aumenta-expectativa-por-flexibilizacao\\\/#breadcrumb\"},\"inLanguage\":\"pt-BR\",\"potentialAction\":[{\"@type\":\"ReadAction\",\"target\":[\"https:\\\/\\\/folhapopular.info\\\/index.php\\\/2020\\\/04\\\/14\\\/decreto-que-determina-comercio-fechado-vale-ate-amanha-e-aumenta-expectativa-por-flexibilizacao\\\/\"]}]},{\"@type\":\"ImageObject\",\"inLanguage\":\"pt-BR\",\"@id\":\"https:\\\/\\\/folhapopular.info\\\/index.php\\\/2020\\\/04\\\/14\\\/decreto-que-determina-comercio-fechado-vale-ate-amanha-e-aumenta-expectativa-por-flexibilizacao\\\/#primaryimage\",\"url\":\"https:\\\/\\\/folhapopular.info\\\/wp-content\\\/uploads\\\/2020\\\/04\\\/men-s-gray-and-black-button-up-shirt-on-mannequin-1086711-scaled-e1586873893306.jpg\",\"contentUrl\":\"https:\\\/\\\/folhapopular.info\\\/wp-content\\\/uploads\\\/2020\\\/04\\\/men-s-gray-and-black-button-up-shirt-on-mannequin-1086711-scaled-e1586873893306.jpg\",\"width\":800,\"height\":533,\"caption\":\"Decreto determina fechamento do com\u00e9rcio n\u00e3o essencial como, poe exemplo, o de roupas\"},{\"@type\":\"BreadcrumbList\",\"@id\":\"https:\\\/\\\/folhapopular.info\\\/index.php\\\/2020\\\/04\\\/14\\\/decreto-que-determina-comercio-fechado-vale-ate-amanha-e-aumenta-expectativa-por-flexibilizacao\\\/#breadcrumb\",\"itemListElement\":[{\"@type\":\"ListItem\",\"position\":1,\"name\":\"In\u00edcio\",\"item\":\"https:\\\/\\\/folhapopular.info\\\/\"},{\"@type\":\"ListItem\",\"position\":2,\"name\":\"Decreto que determina com\u00e9rcio fechado vale at\u00e9 amanh\u00e3, e aumenta expectativa por flexibiliza\u00e7\u00e3o\"}]},{\"@type\":\"WebSite\",\"@id\":\"https:\\\/\\\/folhapopular.info\\\/#website\",\"url\":\"https:\\\/\\\/folhapopular.info\\\/\",\"name\":\"Folha Popular\",\"description\":\"Onde voc\u00ea tem vez e voz\",\"potentialAction\":[{\"@type\":\"SearchAction\",\"target\":{\"@type\":\"EntryPoint\",\"urlTemplate\":\"https:\\\/\\\/folhapopular.info\\\/?s={search_term_string}\"},\"query-input\":{\"@type\":\"PropertyValueSpecification\",\"valueRequired\":true,\"valueName\":\"search_term_string\"}}],\"inLanguage\":\"pt-BR\"},{\"@type\":\"Person\",\"@id\":\"https:\\\/\\\/folhapopular.info\\\/#\\\/schema\\\/person\\\/2814e8a0df7643585a9ca38bc6eb9d4b\",\"name\":\"Reda\u00e7\u00e3o Folha Popular\",\"image\":{\"@type\":\"ImageObject\",\"inLanguage\":\"pt-BR\",\"@id\":\"https:\\\/\\\/folhapopular.info\\\/wp-content\\\/uploads\\\/2026\\\/04\\\/Folha-1.webp\",\"url\":\"https:\\\/\\\/folhapopular.info\\\/wp-content\\\/uploads\\\/2026\\\/04\\\/Folha-1.webp\",\"contentUrl\":\"https:\\\/\\\/folhapopular.info\\\/wp-content\\\/uploads\\\/2026\\\/04\\\/Folha-1.webp\",\"caption\":\"Reda\u00e7\u00e3o Folha Popular\"},\"url\":\"https:\\\/\\\/folhapopular.info\\\/index.php\\\/author\\\/redacao\\\/\"}]}<\/script>\n<!-- \/ Yoast SEO plugin. -->","yoast_head_json":{"title":"Decreto que determina com\u00e9rcio fechado vale at\u00e9 amanh\u00e3, e aumenta expectativa por flexibiliza\u00e7\u00e3o - Folha Popular","robots":{"index":"index","follow":"follow","max-snippet":"max-snippet:-1","max-image-preview":"max-image-preview:large","max-video-preview":"max-video-preview:-1"},"canonical":"https:\/\/folhapopular.info\/index.php\/2020\/04\/14\/decreto-que-determina-comercio-fechado-vale-ate-amanha-e-aumenta-expectativa-por-flexibilizacao\/","og_locale":"pt_BR","og_type":"article","og_title":"Decreto que determina com\u00e9rcio fechado vale at\u00e9 amanh\u00e3, e aumenta expectativa por flexibiliza\u00e7\u00e3o - Folha Popular","og_description":"O decreto do governo do Estado que determina o fechamento do com\u00e9rcio n\u00e3o essencial segue valendo at\u00e9 amanh\u00e3 (15\/04), ou seja, os estabelecimentos devem seguir fechados inclusive nesta quarta-feira. A expectativa \u00e9 pelo posicionamento do governador e, at\u00e9 mesmo, de um novo decreto para regrar o funcionamento destes estabelecimentos a partir de quinta-feira (16\/04). H\u00e1 [&hellip;]","og_url":"https:\/\/folhapopular.info\/index.php\/2020\/04\/14\/decreto-que-determina-comercio-fechado-vale-ate-amanha-e-aumenta-expectativa-por-flexibilizacao\/","og_site_name":"Folha Popular","article_published_time":"2020-04-14T14:46:21+00:00","article_modified_time":"2020-04-14T14:46:23+00:00","og_image":[{"width":800,"height":533,"url":"https:\/\/folhapopular.info\/wp-content\/uploads\/2020\/04\/men-s-gray-and-black-button-up-shirt-on-mannequin-1086711-scaled-e1586873893306.jpg","type":"image\/jpeg"}],"author":"Reda\u00e7\u00e3o Folha Popular","twitter_card":"summary_large_image","twitter_misc":{"Escrito por":"Reda\u00e7\u00e3o Folha Popular","Est. tempo de leitura":"3 minutos"},"schema":{"@context":"https:\/\/schema.org","@graph":[{"@type":"Article","@id":"https:\/\/folhapopular.info\/index.php\/2020\/04\/14\/decreto-que-determina-comercio-fechado-vale-ate-amanha-e-aumenta-expectativa-por-flexibilizacao\/#article","isPartOf":{"@id":"https:\/\/folhapopular.info\/index.php\/2020\/04\/14\/decreto-que-determina-comercio-fechado-vale-ate-amanha-e-aumenta-expectativa-por-flexibilizacao\/"},"author":{"name":"Reda\u00e7\u00e3o Folha Popular","@id":"https:\/\/folhapopular.info\/#\/schema\/person\/2814e8a0df7643585a9ca38bc6eb9d4b"},"headline":"Decreto que determina com\u00e9rcio fechado vale at\u00e9 amanh\u00e3, e aumenta expectativa por flexibiliza\u00e7\u00e3o","datePublished":"2020-04-14T14:46:21+00:00","dateModified":"2020-04-14T14:46:23+00:00","mainEntityOfPage":{"@id":"https:\/\/folhapopular.info\/index.php\/2020\/04\/14\/decreto-que-determina-comercio-fechado-vale-ate-amanha-e-aumenta-expectativa-por-flexibilizacao\/"},"wordCount":543,"commentCount":0,"image":{"@id":"https:\/\/folhapopular.info\/index.php\/2020\/04\/14\/decreto-que-determina-comercio-fechado-vale-ate-amanha-e-aumenta-expectativa-por-flexibilizacao\/#primaryimage"},"thumbnailUrl":"https:\/\/folhapopular.info\/wp-content\/uploads\/2020\/04\/men-s-gray-and-black-button-up-shirt-on-mannequin-1086711-scaled-e1586873893306.jpg","keywords":["Com\u00e9rcio","Estado"],"articleSection":["Destaques","Geral"],"inLanguage":"pt-BR","potentialAction":[{"@type":"CommentAction","name":"Comment","target":["https:\/\/folhapopular.info\/index.php\/2020\/04\/14\/decreto-que-determina-comercio-fechado-vale-ate-amanha-e-aumenta-expectativa-por-flexibilizacao\/#respond"]}]},{"@type":"WebPage","@id":"https:\/\/folhapopular.info\/index.php\/2020\/04\/14\/decreto-que-determina-comercio-fechado-vale-ate-amanha-e-aumenta-expectativa-por-flexibilizacao\/","url":"https:\/\/folhapopular.info\/index.php\/2020\/04\/14\/decreto-que-determina-comercio-fechado-vale-ate-amanha-e-aumenta-expectativa-por-flexibilizacao\/","name":"Decreto que determina com\u00e9rcio fechado vale at\u00e9 amanh\u00e3, e aumenta expectativa por flexibiliza\u00e7\u00e3o - Folha Popular","isPartOf":{"@id":"https:\/\/folhapopular.info\/#website"},"primaryImageOfPage":{"@id":"https:\/\/folhapopular.info\/index.php\/2020\/04\/14\/decreto-que-determina-comercio-fechado-vale-ate-amanha-e-aumenta-expectativa-por-flexibilizacao\/#primaryimage"},"image":{"@id":"https:\/\/folhapopular.info\/index.php\/2020\/04\/14\/decreto-que-determina-comercio-fechado-vale-ate-amanha-e-aumenta-expectativa-por-flexibilizacao\/#primaryimage"},"thumbnailUrl":"https:\/\/folhapopular.info\/wp-content\/uploads\/2020\/04\/men-s-gray-and-black-button-up-shirt-on-mannequin-1086711-scaled-e1586873893306.jpg","datePublished":"2020-04-14T14:46:21+00:00","dateModified":"2020-04-14T14:46:23+00:00","author":{"@id":"https:\/\/folhapopular.info\/#\/schema\/person\/2814e8a0df7643585a9ca38bc6eb9d4b"},"breadcrumb":{"@id":"https:\/\/folhapopular.info\/index.php\/2020\/04\/14\/decreto-que-determina-comercio-fechado-vale-ate-amanha-e-aumenta-expectativa-por-flexibilizacao\/#breadcrumb"},"inLanguage":"pt-BR","potentialAction":[{"@type":"ReadAction","target":["https:\/\/folhapopular.info\/index.php\/2020\/04\/14\/decreto-que-determina-comercio-fechado-vale-ate-amanha-e-aumenta-expectativa-por-flexibilizacao\/"]}]},{"@type":"ImageObject","inLanguage":"pt-BR","@id":"https:\/\/folhapopular.info\/index.php\/2020\/04\/14\/decreto-que-determina-comercio-fechado-vale-ate-amanha-e-aumenta-expectativa-por-flexibilizacao\/#primaryimage","url":"https:\/\/folhapopular.info\/wp-content\/uploads\/2020\/04\/men-s-gray-and-black-button-up-shirt-on-mannequin-1086711-scaled-e1586873893306.jpg","contentUrl":"https:\/\/folhapopular.info\/wp-content\/uploads\/2020\/04\/men-s-gray-and-black-button-up-shirt-on-mannequin-1086711-scaled-e1586873893306.jpg","width":800,"height":533,"caption":"Decreto determina fechamento do com\u00e9rcio n\u00e3o essencial como, poe exemplo, o de roupas"},{"@type":"BreadcrumbList","@id":"https:\/\/folhapopular.info\/index.php\/2020\/04\/14\/decreto-que-determina-comercio-fechado-vale-ate-amanha-e-aumenta-expectativa-por-flexibilizacao\/#breadcrumb","itemListElement":[{"@type":"ListItem","position":1,"name":"In\u00edcio","item":"https:\/\/folhapopular.info\/"},{"@type":"ListItem","position":2,"name":"Decreto que determina com\u00e9rcio fechado vale at\u00e9 amanh\u00e3, e aumenta expectativa por flexibiliza\u00e7\u00e3o"}]},{"@type":"WebSite","@id":"https:\/\/folhapopular.info\/#website","url":"https:\/\/folhapopular.info\/","name":"Folha Popular","description":"Onde voc\u00ea tem vez e voz","potentialAction":[{"@type":"SearchAction","target":{"@type":"EntryPoint","urlTemplate":"https:\/\/folhapopular.info\/?s={search_term_string}"},"query-input":{"@type":"PropertyValueSpecification","valueRequired":true,"valueName":"search_term_string"}}],"inLanguage":"pt-BR"},{"@type":"Person","@id":"https:\/\/folhapopular.info\/#\/schema\/person\/2814e8a0df7643585a9ca38bc6eb9d4b","name":"Reda\u00e7\u00e3o Folha Popular","image":{"@type":"ImageObject","inLanguage":"pt-BR","@id":"https:\/\/folhapopular.info\/wp-content\/uploads\/2026\/04\/Folha-1.webp","url":"https:\/\/folhapopular.info\/wp-content\/uploads\/2026\/04\/Folha-1.webp","contentUrl":"https:\/\/folhapopular.info\/wp-content\/uploads\/2026\/04\/Folha-1.webp","caption":"Reda\u00e7\u00e3o Folha Popular"},"url":"https:\/\/folhapopular.info\/index.php\/author\/redacao\/"}]}},"jetpack_featured_media_url":"https:\/\/folhapopular.info\/wp-content\/uploads\/2020\/04\/men-s-gray-and-black-button-up-shirt-on-mannequin-1086711-scaled-e1586873893306.jpg","jetpack_sharing_enabled":true,"amp_enabled":true,"_links":{"self":[{"href":"https:\/\/folhapopular.info\/index.php\/wp-json\/wp\/v2\/posts\/67825","targetHints":{"allow":["GET"]}}],"collection":[{"href":"https:\/\/folhapopular.info\/index.php\/wp-json\/wp\/v2\/posts"}],"about":[{"href":"https:\/\/folhapopular.info\/index.php\/wp-json\/wp\/v2\/types\/post"}],"author":[{"embeddable":true,"href":"https:\/\/folhapopular.info\/index.php\/wp-json\/wp\/v2\/users\/8"}],"replies":[{"embeddable":true,"href":"https:\/\/folhapopular.info\/index.php\/wp-json\/wp\/v2\/comments?post=67825"}],"version-history":[{"count":0,"href":"https:\/\/folhapopular.info\/index.php\/wp-json\/wp\/v2\/posts\/67825\/revisions"}],"wp:featuredmedia":[{"embeddable":true,"href":"https:\/\/folhapopular.info\/index.php\/wp-json\/wp\/v2\/media\/67834"}],"wp:attachment":[{"href":"https:\/\/folhapopular.info\/index.php\/wp-json\/wp\/v2\/media?parent=67825"}],"wp:term":[{"taxonomy":"category","embeddable":true,"href":"https:\/\/folhapopular.info\/index.php\/wp-json\/wp\/v2\/categories?post=67825"},{"taxonomy":"post_tag","embeddable":true,"href":"https:\/\/folhapopular.info\/index.php\/wp-json\/wp\/v2\/tags?post=67825"}],"curies":[{"name":"wp","href":"https:\/\/api.w.org\/{rel}","templated":true}]}}