{"id":68126,"date":"2020-04-23T07:53:58","date_gmt":"2020-04-23T10:53:58","guid":{"rendered":"https:\/\/folhapopular.info\/?p=68126"},"modified":"2020-04-23T07:54:59","modified_gmt":"2020-04-23T10:54:59","slug":"homem-e-preso-por-furto-a-estabelecimento-comercial-em-lajeado","status":"publish","type":"post","link":"https:\/\/folhapopular.info\/index.php\/2020\/04\/23\/homem-e-preso-por-furto-a-estabelecimento-comercial-em-lajeado\/","title":{"rendered":"Homem \u00e9 preso por furto em estabelecimento comercial em Lajeado"},"content":{"rendered":"\n<p>Um homem foi preso por furto por volta das 14h10 desta quarta-feira (22\/04), na Rua Saldanha Marinho, no Centro de Lajeado. Ap\u00f3s o chamado por furto a estabelecimento comercial, com conhecimento das caracter\u00edsticas do suspeito, a Brigada Militar realizou a abordagem ao indiv\u00edduo. <\/p>\n\n\n\n<p>Com ele, foram encontrados os objetos furtados, bem como as imagens do sistema de videomonitoramento do estabelecimento, que estavam em sua posse. Ao consultar no sistema, foi constatado que ele possui um mandado de pris\u00e3o expedido pela comarca de Santa Cruz do Sul. O indiv\u00edduo, de 33 anos, foi apresentado na DPPA. Ele tem antecedentes por homic\u00eddio, tr\u00e1fico e furto.<\/p>\n","protected":false},"excerpt":{"rendered":"<p>Um homem foi preso por furto por volta das 14h10 desta quarta-feira (22\/04), na Rua Saldanha Marinho, no Centro de Lajeado. Ap\u00f3s o chamado por furto a estabelecimento comercial, com conhecimento das caracter\u00edsticas do suspeito, a Brigada Militar realizou a abordagem ao indiv\u00edduo. Com ele, foram encontrados os objetos furtados, bem como as imagens do [&hellip;]<\/p>\n","protected":false},"author":8,"featured_media":68127,"comment_status":"open","ping_status":"open","sticky":false,"template":"","format":"standard","meta":{"pmpro_default_level":"","_jetpack_memberships_contains_paid_content":false,"footnotes":""},"categories":[3,7],"tags":[71],"class_list":{"0":"post-68126","1":"post","2":"type-post","3":"status-publish","4":"format-standard","5":"has-post-thumbnail","7":"category-geral","8":"category-seguranca","9":"tag-furto","10":"pmpro-has-access"},"yoast_head":"<!-- This site is optimized with the Yoast SEO plugin v27.5 - https:\/\/yoast.com\/product\/yoast-seo-wordpress\/ -->\n<title>Homem \u00e9 preso por furto em estabelecimento comercial em Lajeado - Folha Popular<\/title>\n<meta name=\"robots\" content=\"index, follow, max-snippet:-1, max-image-preview:large, max-video-preview:-1\" \/>\n<link rel=\"canonical\" href=\"https:\/\/folhapopular.info\/index.php\/2020\/04\/23\/homem-e-preso-por-furto-a-estabelecimento-comercial-em-lajeado\/\" \/>\n<meta property=\"og:locale\" content=\"pt_BR\" \/>\n<meta property=\"og:type\" content=\"article\" \/>\n<meta property=\"og:title\" content=\"Homem \u00e9 preso por furto em estabelecimento comercial em Lajeado - Folha Popular\" \/>\n<meta property=\"og:description\" content=\"Um homem foi preso por furto por volta das 14h10 desta quarta-feira (22\/04), na Rua Saldanha Marinho, no Centro de Lajeado. Ap\u00f3s o chamado por furto a estabelecimento comercial, com conhecimento das caracter\u00edsticas do suspeito, a Brigada Militar realizou a abordagem ao indiv\u00edduo. Com ele, foram encontrados os objetos furtados, bem como as imagens do [&hellip;]\" \/>\n<meta property=\"og:url\" content=\"https:\/\/folhapopular.info\/index.php\/2020\/04\/23\/homem-e-preso-por-furto-a-estabelecimento-comercial-em-lajeado\/\" \/>\n<meta property=\"og:site_name\" content=\"Folha Popular\" \/>\n<meta property=\"article:published_time\" content=\"2020-04-23T10:53:58+00:00\" \/>\n<meta property=\"article:modified_time\" content=\"2020-04-23T10:54:59+00:00\" \/>\n<meta property=\"og:image\" content=\"https:\/\/folhapopular.info\/wp-content\/uploads\/2020\/04\/WhatsApp-Image-2020-04-22-at-18.11.33-e1587639203185.jpeg\" \/>\n\t<meta property=\"og:image:width\" content=\"800\" \/>\n\t<meta property=\"og:image:height\" content=\"450\" \/>\n\t<meta property=\"og:image:type\" content=\"image\/jpeg\" \/>\n<meta name=\"author\" content=\"Reda\u00e7\u00e3o Folha Popular\" \/>\n<meta name=\"twitter:card\" content=\"summary_large_image\" \/>\n<meta name=\"twitter:label1\" content=\"Escrito por\" \/>\n\t<meta name=\"twitter:data1\" content=\"Reda\u00e7\u00e3o Folha Popular\" \/>\n\t<meta name=\"twitter:label2\" content=\"Est. tempo de leitura\" \/>\n\t<meta name=\"twitter:data2\" content=\"1 minuto\" \/>\n<script type=\"application\/ld+json\" class=\"yoast-schema-graph\">{\"@context\":\"https:\\\/\\\/schema.org\",\"@graph\":[{\"@type\":\"Article\",\"@id\":\"https:\\\/\\\/folhapopular.info\\\/index.php\\\/2020\\\/04\\\/23\\\/homem-e-preso-por-furto-a-estabelecimento-comercial-em-lajeado\\\/#article\",\"isPartOf\":{\"@id\":\"https:\\\/\\\/folhapopular.info\\\/index.php\\\/2020\\\/04\\\/23\\\/homem-e-preso-por-furto-a-estabelecimento-comercial-em-lajeado\\\/\"},\"author\":{\"name\":\"Reda\u00e7\u00e3o Folha Popular\",\"@id\":\"https:\\\/\\\/folhapopular.info\\\/#\\\/schema\\\/person\\\/2814e8a0df7643585a9ca38bc6eb9d4b\"},\"headline\":\"Homem \u00e9 preso por furto em estabelecimento comercial em Lajeado\",\"datePublished\":\"2020-04-23T10:53:58+00:00\",\"dateModified\":\"2020-04-23T10:54:59+00:00\",\"mainEntityOfPage\":{\"@id\":\"https:\\\/\\\/folhapopular.info\\\/index.php\\\/2020\\\/04\\\/23\\\/homem-e-preso-por-furto-a-estabelecimento-comercial-em-lajeado\\\/\"},\"wordCount\":117,\"commentCount\":0,\"image\":{\"@id\":\"https:\\\/\\\/folhapopular.info\\\/index.php\\\/2020\\\/04\\\/23\\\/homem-e-preso-por-furto-a-estabelecimento-comercial-em-lajeado\\\/#primaryimage\"},\"thumbnailUrl\":\"https:\\\/\\\/folhapopular.info\\\/wp-content\\\/uploads\\\/2020\\\/04\\\/WhatsApp-Image-2020-04-22-at-18.11.33-e1587639203185.jpeg\",\"keywords\":[\"furto\"],\"articleSection\":[\"Geral\",\"Seguran\u00e7a\"],\"inLanguage\":\"pt-BR\",\"potentialAction\":[{\"@type\":\"CommentAction\",\"name\":\"Comment\",\"target\":[\"https:\\\/\\\/folhapopular.info\\\/index.php\\\/2020\\\/04\\\/23\\\/homem-e-preso-por-furto-a-estabelecimento-comercial-em-lajeado\\\/#respond\"]}]},{\"@type\":\"WebPage\",\"@id\":\"https:\\\/\\\/folhapopular.info\\\/index.php\\\/2020\\\/04\\\/23\\\/homem-e-preso-por-furto-a-estabelecimento-comercial-em-lajeado\\\/\",\"url\":\"https:\\\/\\\/folhapopular.info\\\/index.php\\\/2020\\\/04\\\/23\\\/homem-e-preso-por-furto-a-estabelecimento-comercial-em-lajeado\\\/\",\"name\":\"Homem \u00e9 preso por furto em estabelecimento comercial em Lajeado - Folha Popular\",\"isPartOf\":{\"@id\":\"https:\\\/\\\/folhapopular.info\\\/#website\"},\"primaryImageOfPage\":{\"@id\":\"https:\\\/\\\/folhapopular.info\\\/index.php\\\/2020\\\/04\\\/23\\\/homem-e-preso-por-furto-a-estabelecimento-comercial-em-lajeado\\\/#primaryimage\"},\"image\":{\"@id\":\"https:\\\/\\\/folhapopular.info\\\/index.php\\\/2020\\\/04\\\/23\\\/homem-e-preso-por-furto-a-estabelecimento-comercial-em-lajeado\\\/#primaryimage\"},\"thumbnailUrl\":\"https:\\\/\\\/folhapopular.info\\\/wp-content\\\/uploads\\\/2020\\\/04\\\/WhatsApp-Image-2020-04-22-at-18.11.33-e1587639203185.jpeg\",\"datePublished\":\"2020-04-23T10:53:58+00:00\",\"dateModified\":\"2020-04-23T10:54:59+00:00\",\"author\":{\"@id\":\"https:\\\/\\\/folhapopular.info\\\/#\\\/schema\\\/person\\\/2814e8a0df7643585a9ca38bc6eb9d4b\"},\"breadcrumb\":{\"@id\":\"https:\\\/\\\/folhapopular.info\\\/index.php\\\/2020\\\/04\\\/23\\\/homem-e-preso-por-furto-a-estabelecimento-comercial-em-lajeado\\\/#breadcrumb\"},\"inLanguage\":\"pt-BR\",\"potentialAction\":[{\"@type\":\"ReadAction\",\"target\":[\"https:\\\/\\\/folhapopular.info\\\/index.php\\\/2020\\\/04\\\/23\\\/homem-e-preso-por-furto-a-estabelecimento-comercial-em-lajeado\\\/\"]}]},{\"@type\":\"ImageObject\",\"inLanguage\":\"pt-BR\",\"@id\":\"https:\\\/\\\/folhapopular.info\\\/index.php\\\/2020\\\/04\\\/23\\\/homem-e-preso-por-furto-a-estabelecimento-comercial-em-lajeado\\\/#primaryimage\",\"url\":\"https:\\\/\\\/folhapopular.info\\\/wp-content\\\/uploads\\\/2020\\\/04\\\/WhatsApp-Image-2020-04-22-at-18.11.33-e1587639203185.jpeg\",\"contentUrl\":\"https:\\\/\\\/folhapopular.info\\\/wp-content\\\/uploads\\\/2020\\\/04\\\/WhatsApp-Image-2020-04-22-at-18.11.33-e1587639203185.jpeg\",\"width\":800,\"height\":450,\"caption\":\"Cr\u00e9dito: divulga\u00e7\u00e3o\"},{\"@type\":\"BreadcrumbList\",\"@id\":\"https:\\\/\\\/folhapopular.info\\\/index.php\\\/2020\\\/04\\\/23\\\/homem-e-preso-por-furto-a-estabelecimento-comercial-em-lajeado\\\/#breadcrumb\",\"itemListElement\":[{\"@type\":\"ListItem\",\"position\":1,\"name\":\"In\u00edcio\",\"item\":\"https:\\\/\\\/folhapopular.info\\\/\"},{\"@type\":\"ListItem\",\"position\":2,\"name\":\"Homem \u00e9 preso por furto em estabelecimento comercial em Lajeado\"}]},{\"@type\":\"WebSite\",\"@id\":\"https:\\\/\\\/folhapopular.info\\\/#website\",\"url\":\"https:\\\/\\\/folhapopular.info\\\/\",\"name\":\"Folha Popular\",\"description\":\"Onde voc\u00ea tem vez e voz\",\"potentialAction\":[{\"@type\":\"SearchAction\",\"target\":{\"@type\":\"EntryPoint\",\"urlTemplate\":\"https:\\\/\\\/folhapopular.info\\\/?s={search_term_string}\"},\"query-input\":{\"@type\":\"PropertyValueSpecification\",\"valueRequired\":true,\"valueName\":\"search_term_string\"}}],\"inLanguage\":\"pt-BR\"},{\"@type\":\"Person\",\"@id\":\"https:\\\/\\\/folhapopular.info\\\/#\\\/schema\\\/person\\\/2814e8a0df7643585a9ca38bc6eb9d4b\",\"name\":\"Reda\u00e7\u00e3o Folha Popular\",\"image\":{\"@type\":\"ImageObject\",\"inLanguage\":\"pt-BR\",\"@id\":\"https:\\\/\\\/folhapopular.info\\\/wp-content\\\/uploads\\\/2026\\\/04\\\/Folha-1.webp\",\"url\":\"https:\\\/\\\/folhapopular.info\\\/wp-content\\\/uploads\\\/2026\\\/04\\\/Folha-1.webp\",\"contentUrl\":\"https:\\\/\\\/folhapopular.info\\\/wp-content\\\/uploads\\\/2026\\\/04\\\/Folha-1.webp\",\"caption\":\"Reda\u00e7\u00e3o Folha Popular\"},\"url\":\"https:\\\/\\\/folhapopular.info\\\/index.php\\\/author\\\/redacao\\\/\"}]}<\/script>\n<!-- \/ Yoast SEO plugin. -->","yoast_head_json":{"title":"Homem \u00e9 preso por furto em estabelecimento comercial em Lajeado - Folha Popular","robots":{"index":"index","follow":"follow","max-snippet":"max-snippet:-1","max-image-preview":"max-image-preview:large","max-video-preview":"max-video-preview:-1"},"canonical":"https:\/\/folhapopular.info\/index.php\/2020\/04\/23\/homem-e-preso-por-furto-a-estabelecimento-comercial-em-lajeado\/","og_locale":"pt_BR","og_type":"article","og_title":"Homem \u00e9 preso por furto em estabelecimento comercial em Lajeado - Folha Popular","og_description":"Um homem foi preso por furto por volta das 14h10 desta quarta-feira (22\/04), na Rua Saldanha Marinho, no Centro de Lajeado. Ap\u00f3s o chamado por furto a estabelecimento comercial, com conhecimento das caracter\u00edsticas do suspeito, a Brigada Militar realizou a abordagem ao indiv\u00edduo. Com ele, foram encontrados os objetos furtados, bem como as imagens do [&hellip;]","og_url":"https:\/\/folhapopular.info\/index.php\/2020\/04\/23\/homem-e-preso-por-furto-a-estabelecimento-comercial-em-lajeado\/","og_site_name":"Folha Popular","article_published_time":"2020-04-23T10:53:58+00:00","article_modified_time":"2020-04-23T10:54:59+00:00","og_image":[{"width":800,"height":450,"url":"https:\/\/folhapopular.info\/wp-content\/uploads\/2020\/04\/WhatsApp-Image-2020-04-22-at-18.11.33-e1587639203185.jpeg","type":"image\/jpeg"}],"author":"Reda\u00e7\u00e3o Folha Popular","twitter_card":"summary_large_image","twitter_misc":{"Escrito por":"Reda\u00e7\u00e3o Folha Popular","Est. tempo de leitura":"1 minuto"},"schema":{"@context":"https:\/\/schema.org","@graph":[{"@type":"Article","@id":"https:\/\/folhapopular.info\/index.php\/2020\/04\/23\/homem-e-preso-por-furto-a-estabelecimento-comercial-em-lajeado\/#article","isPartOf":{"@id":"https:\/\/folhapopular.info\/index.php\/2020\/04\/23\/homem-e-preso-por-furto-a-estabelecimento-comercial-em-lajeado\/"},"author":{"name":"Reda\u00e7\u00e3o Folha Popular","@id":"https:\/\/folhapopular.info\/#\/schema\/person\/2814e8a0df7643585a9ca38bc6eb9d4b"},"headline":"Homem \u00e9 preso por furto em estabelecimento comercial em Lajeado","datePublished":"2020-04-23T10:53:58+00:00","dateModified":"2020-04-23T10:54:59+00:00","mainEntityOfPage":{"@id":"https:\/\/folhapopular.info\/index.php\/2020\/04\/23\/homem-e-preso-por-furto-a-estabelecimento-comercial-em-lajeado\/"},"wordCount":117,"commentCount":0,"image":{"@id":"https:\/\/folhapopular.info\/index.php\/2020\/04\/23\/homem-e-preso-por-furto-a-estabelecimento-comercial-em-lajeado\/#primaryimage"},"thumbnailUrl":"https:\/\/folhapopular.info\/wp-content\/uploads\/2020\/04\/WhatsApp-Image-2020-04-22-at-18.11.33-e1587639203185.jpeg","keywords":["furto"],"articleSection":["Geral","Seguran\u00e7a"],"inLanguage":"pt-BR","potentialAction":[{"@type":"CommentAction","name":"Comment","target":["https:\/\/folhapopular.info\/index.php\/2020\/04\/23\/homem-e-preso-por-furto-a-estabelecimento-comercial-em-lajeado\/#respond"]}]},{"@type":"WebPage","@id":"https:\/\/folhapopular.info\/index.php\/2020\/04\/23\/homem-e-preso-por-furto-a-estabelecimento-comercial-em-lajeado\/","url":"https:\/\/folhapopular.info\/index.php\/2020\/04\/23\/homem-e-preso-por-furto-a-estabelecimento-comercial-em-lajeado\/","name":"Homem \u00e9 preso por furto em estabelecimento comercial em Lajeado - Folha Popular","isPartOf":{"@id":"https:\/\/folhapopular.info\/#website"},"primaryImageOfPage":{"@id":"https:\/\/folhapopular.info\/index.php\/2020\/04\/23\/homem-e-preso-por-furto-a-estabelecimento-comercial-em-lajeado\/#primaryimage"},"image":{"@id":"https:\/\/folhapopular.info\/index.php\/2020\/04\/23\/homem-e-preso-por-furto-a-estabelecimento-comercial-em-lajeado\/#primaryimage"},"thumbnailUrl":"https:\/\/folhapopular.info\/wp-content\/uploads\/2020\/04\/WhatsApp-Image-2020-04-22-at-18.11.33-e1587639203185.jpeg","datePublished":"2020-04-23T10:53:58+00:00","dateModified":"2020-04-23T10:54:59+00:00","author":{"@id":"https:\/\/folhapopular.info\/#\/schema\/person\/2814e8a0df7643585a9ca38bc6eb9d4b"},"breadcrumb":{"@id":"https:\/\/folhapopular.info\/index.php\/2020\/04\/23\/homem-e-preso-por-furto-a-estabelecimento-comercial-em-lajeado\/#breadcrumb"},"inLanguage":"pt-BR","potentialAction":[{"@type":"ReadAction","target":["https:\/\/folhapopular.info\/index.php\/2020\/04\/23\/homem-e-preso-por-furto-a-estabelecimento-comercial-em-lajeado\/"]}]},{"@type":"ImageObject","inLanguage":"pt-BR","@id":"https:\/\/folhapopular.info\/index.php\/2020\/04\/23\/homem-e-preso-por-furto-a-estabelecimento-comercial-em-lajeado\/#primaryimage","url":"https:\/\/folhapopular.info\/wp-content\/uploads\/2020\/04\/WhatsApp-Image-2020-04-22-at-18.11.33-e1587639203185.jpeg","contentUrl":"https:\/\/folhapopular.info\/wp-content\/uploads\/2020\/04\/WhatsApp-Image-2020-04-22-at-18.11.33-e1587639203185.jpeg","width":800,"height":450,"caption":"Cr\u00e9dito: divulga\u00e7\u00e3o"},{"@type":"BreadcrumbList","@id":"https:\/\/folhapopular.info\/index.php\/2020\/04\/23\/homem-e-preso-por-furto-a-estabelecimento-comercial-em-lajeado\/#breadcrumb","itemListElement":[{"@type":"ListItem","position":1,"name":"In\u00edcio","item":"https:\/\/folhapopular.info\/"},{"@type":"ListItem","position":2,"name":"Homem \u00e9 preso por furto em estabelecimento comercial em Lajeado"}]},{"@type":"WebSite","@id":"https:\/\/folhapopular.info\/#website","url":"https:\/\/folhapopular.info\/","name":"Folha Popular","description":"Onde voc\u00ea tem vez e voz","potentialAction":[{"@type":"SearchAction","target":{"@type":"EntryPoint","urlTemplate":"https:\/\/folhapopular.info\/?s={search_term_string}"},"query-input":{"@type":"PropertyValueSpecification","valueRequired":true,"valueName":"search_term_string"}}],"inLanguage":"pt-BR"},{"@type":"Person","@id":"https:\/\/folhapopular.info\/#\/schema\/person\/2814e8a0df7643585a9ca38bc6eb9d4b","name":"Reda\u00e7\u00e3o Folha Popular","image":{"@type":"ImageObject","inLanguage":"pt-BR","@id":"https:\/\/folhapopular.info\/wp-content\/uploads\/2026\/04\/Folha-1.webp","url":"https:\/\/folhapopular.info\/wp-content\/uploads\/2026\/04\/Folha-1.webp","contentUrl":"https:\/\/folhapopular.info\/wp-content\/uploads\/2026\/04\/Folha-1.webp","caption":"Reda\u00e7\u00e3o Folha Popular"},"url":"https:\/\/folhapopular.info\/index.php\/author\/redacao\/"}]}},"jetpack_featured_media_url":"https:\/\/folhapopular.info\/wp-content\/uploads\/2020\/04\/WhatsApp-Image-2020-04-22-at-18.11.33-e1587639203185.jpeg","jetpack_sharing_enabled":true,"amp_enabled":true,"_links":{"self":[{"href":"https:\/\/folhapopular.info\/index.php\/wp-json\/wp\/v2\/posts\/68126","targetHints":{"allow":["GET"]}}],"collection":[{"href":"https:\/\/folhapopular.info\/index.php\/wp-json\/wp\/v2\/posts"}],"about":[{"href":"https:\/\/folhapopular.info\/index.php\/wp-json\/wp\/v2\/types\/post"}],"author":[{"embeddable":true,"href":"https:\/\/folhapopular.info\/index.php\/wp-json\/wp\/v2\/users\/8"}],"replies":[{"embeddable":true,"href":"https:\/\/folhapopular.info\/index.php\/wp-json\/wp\/v2\/comments?post=68126"}],"version-history":[{"count":0,"href":"https:\/\/folhapopular.info\/index.php\/wp-json\/wp\/v2\/posts\/68126\/revisions"}],"wp:featuredmedia":[{"embeddable":true,"href":"https:\/\/folhapopular.info\/index.php\/wp-json\/wp\/v2\/media\/68127"}],"wp:attachment":[{"href":"https:\/\/folhapopular.info\/index.php\/wp-json\/wp\/v2\/media?parent=68126"}],"wp:term":[{"taxonomy":"category","embeddable":true,"href":"https:\/\/folhapopular.info\/index.php\/wp-json\/wp\/v2\/categories?post=68126"},{"taxonomy":"post_tag","embeddable":true,"href":"https:\/\/folhapopular.info\/index.php\/wp-json\/wp\/v2\/tags?post=68126"}],"curies":[{"name":"wp","href":"https:\/\/api.w.org\/{rel}","templated":true}]}}