{"id":68157,"date":"2020-04-23T17:34:17","date_gmt":"2020-04-23T20:34:17","guid":{"rendered":"https:\/\/folhapopular.info\/?p=68157"},"modified":"2020-04-23T17:34:20","modified_gmt":"2020-04-23T20:34:20","slug":"prf-flagra-dois-caminhoes-com-mais-de-10-toneladas-de-peso-excedente-em-montenegro","status":"publish","type":"post","link":"https:\/\/folhapopular.info\/index.php\/2020\/04\/23\/prf-flagra-dois-caminhoes-com-mais-de-10-toneladas-de-peso-excedente-em-montenegro\/","title":{"rendered":"PRF flagra dois caminh\u00f5es com mais de 10 toneladas de peso excedente em Montenegro"},"content":{"rendered":"\n<p>A Pol\u00edcia Rodovi\u00e1ria Federal flagrou dois caminh\u00f5es que, juntos, tinham mais de 10 toneladas de excesso de peso. O flagrante foi no final da manh\u00e3 desta quinta-feira (23\/04), no km 423 na BR-386, em Montenegro. Durante fiscaliza\u00e7\u00e3o na rodovia, os PRFs abordaram os condutores de dois caminh\u00f5es com placas de Taba\u00ed, carregados com toras de madeira acima do painel frontal em cerca de 1,30 metros. <\/p>\n\n\n\n<p>Os motoristas, de 21 e 51 anos, n\u00e3o apresentaram nota fiscal da carga. Diante da possibilidade de excesso de peso, os ve\u00edculos foram encaminhados para pesagem. O primeiro caminh\u00e3o, carregado com eucaliptos, apresentou excesso de 5,8 toneladas; o segundo, carregado com pinos, estava com 4,47 toneladas de excesso, totalizando 10,27 toneladas. Os ve\u00edculos ficaram retidos at\u00e9 o transbordo da carga excedente. O excesso de peso danifica o pavimento, al\u00e9m de gerar risco de acidentes.<\/p>\n","protected":false},"excerpt":{"rendered":"<p>A Pol\u00edcia Rodovi\u00e1ria Federal flagrou dois caminh\u00f5es que, juntos, tinham mais de 10 toneladas de excesso de peso. O flagrante foi no final da manh\u00e3 desta quinta-feira (23\/04), no km 423 na BR-386, em Montenegro. Durante fiscaliza\u00e7\u00e3o na rodovia, os PRFs abordaram os condutores de dois caminh\u00f5es com placas de Taba\u00ed, carregados com toras de [&hellip;]<\/p>\n","protected":false},"author":8,"featured_media":68158,"comment_status":"open","ping_status":"open","sticky":false,"template":"","format":"standard","meta":{"pmpro_default_level":"","_jetpack_memberships_contains_paid_content":false,"footnotes":""},"categories":[3,7],"tags":[1197],"class_list":{"0":"post-68157","1":"post","2":"type-post","3":"status-publish","4":"format-standard","5":"has-post-thumbnail","7":"category-geral","8":"category-seguranca","9":"tag-montenegro","10":"pmpro-has-access"},"yoast_head":"<!-- This site is optimized with the Yoast SEO plugin v27.5 - https:\/\/yoast.com\/product\/yoast-seo-wordpress\/ -->\n<title>PRF flagra dois caminh\u00f5es com mais de 10 toneladas de peso excedente em Montenegro - Folha Popular<\/title>\n<meta name=\"robots\" content=\"index, follow, max-snippet:-1, max-image-preview:large, max-video-preview:-1\" \/>\n<link rel=\"canonical\" href=\"https:\/\/folhapopular.info\/index.php\/2020\/04\/23\/prf-flagra-dois-caminhoes-com-mais-de-10-toneladas-de-peso-excedente-em-montenegro\/\" \/>\n<meta property=\"og:locale\" content=\"pt_BR\" \/>\n<meta property=\"og:type\" content=\"article\" \/>\n<meta property=\"og:title\" content=\"PRF flagra dois caminh\u00f5es com mais de 10 toneladas de peso excedente em Montenegro - Folha Popular\" \/>\n<meta property=\"og:description\" content=\"A Pol\u00edcia Rodovi\u00e1ria Federal flagrou dois caminh\u00f5es que, juntos, tinham mais de 10 toneladas de excesso de peso. O flagrante foi no final da manh\u00e3 desta quinta-feira (23\/04), no km 423 na BR-386, em Montenegro. Durante fiscaliza\u00e7\u00e3o na rodovia, os PRFs abordaram os condutores de dois caminh\u00f5es com placas de Taba\u00ed, carregados com toras de [&hellip;]\" \/>\n<meta property=\"og:url\" content=\"https:\/\/folhapopular.info\/index.php\/2020\/04\/23\/prf-flagra-dois-caminhoes-com-mais-de-10-toneladas-de-peso-excedente-em-montenegro\/\" \/>\n<meta property=\"og:site_name\" content=\"Folha Popular\" \/>\n<meta property=\"article:published_time\" content=\"2020-04-23T20:34:17+00:00\" \/>\n<meta property=\"article:modified_time\" content=\"2020-04-23T20:34:20+00:00\" \/>\n<meta property=\"og:image\" content=\"https:\/\/folhapopular.info\/wp-content\/uploads\/2020\/04\/WhatsApp-Image-2020-04-23-at-16.17.51-e1587674019867.jpeg\" \/>\n\t<meta property=\"og:image:width\" content=\"800\" \/>\n\t<meta property=\"og:image:height\" content=\"389\" \/>\n\t<meta property=\"og:image:type\" content=\"image\/jpeg\" \/>\n<meta name=\"author\" content=\"Reda\u00e7\u00e3o Folha Popular\" \/>\n<meta name=\"twitter:card\" content=\"summary_large_image\" \/>\n<meta name=\"twitter:label1\" content=\"Escrito por\" \/>\n\t<meta name=\"twitter:data1\" content=\"Reda\u00e7\u00e3o Folha Popular\" \/>\n\t<meta name=\"twitter:label2\" content=\"Est. tempo de leitura\" \/>\n\t<meta name=\"twitter:data2\" content=\"1 minuto\" \/>\n<script type=\"application\/ld+json\" class=\"yoast-schema-graph\">{\"@context\":\"https:\\\/\\\/schema.org\",\"@graph\":[{\"@type\":\"Article\",\"@id\":\"https:\\\/\\\/folhapopular.info\\\/index.php\\\/2020\\\/04\\\/23\\\/prf-flagra-dois-caminhoes-com-mais-de-10-toneladas-de-peso-excedente-em-montenegro\\\/#article\",\"isPartOf\":{\"@id\":\"https:\\\/\\\/folhapopular.info\\\/index.php\\\/2020\\\/04\\\/23\\\/prf-flagra-dois-caminhoes-com-mais-de-10-toneladas-de-peso-excedente-em-montenegro\\\/\"},\"author\":{\"name\":\"Reda\u00e7\u00e3o Folha Popular\",\"@id\":\"https:\\\/\\\/folhapopular.info\\\/#\\\/schema\\\/person\\\/2814e8a0df7643585a9ca38bc6eb9d4b\"},\"headline\":\"PRF flagra dois caminh\u00f5es com mais de 10 toneladas de peso excedente em Montenegro\",\"datePublished\":\"2020-04-23T20:34:17+00:00\",\"dateModified\":\"2020-04-23T20:34:20+00:00\",\"mainEntityOfPage\":{\"@id\":\"https:\\\/\\\/folhapopular.info\\\/index.php\\\/2020\\\/04\\\/23\\\/prf-flagra-dois-caminhoes-com-mais-de-10-toneladas-de-peso-excedente-em-montenegro\\\/\"},\"wordCount\":154,\"commentCount\":0,\"image\":{\"@id\":\"https:\\\/\\\/folhapopular.info\\\/index.php\\\/2020\\\/04\\\/23\\\/prf-flagra-dois-caminhoes-com-mais-de-10-toneladas-de-peso-excedente-em-montenegro\\\/#primaryimage\"},\"thumbnailUrl\":\"https:\\\/\\\/folhapopular.info\\\/wp-content\\\/uploads\\\/2020\\\/04\\\/WhatsApp-Image-2020-04-23-at-16.17.51-e1587674019867.jpeg\",\"keywords\":[\"Montenegro\"],\"articleSection\":[\"Geral\",\"Seguran\u00e7a\"],\"inLanguage\":\"pt-BR\",\"potentialAction\":[{\"@type\":\"CommentAction\",\"name\":\"Comment\",\"target\":[\"https:\\\/\\\/folhapopular.info\\\/index.php\\\/2020\\\/04\\\/23\\\/prf-flagra-dois-caminhoes-com-mais-de-10-toneladas-de-peso-excedente-em-montenegro\\\/#respond\"]}]},{\"@type\":\"WebPage\",\"@id\":\"https:\\\/\\\/folhapopular.info\\\/index.php\\\/2020\\\/04\\\/23\\\/prf-flagra-dois-caminhoes-com-mais-de-10-toneladas-de-peso-excedente-em-montenegro\\\/\",\"url\":\"https:\\\/\\\/folhapopular.info\\\/index.php\\\/2020\\\/04\\\/23\\\/prf-flagra-dois-caminhoes-com-mais-de-10-toneladas-de-peso-excedente-em-montenegro\\\/\",\"name\":\"PRF flagra dois caminh\u00f5es com mais de 10 toneladas de peso excedente em Montenegro - Folha Popular\",\"isPartOf\":{\"@id\":\"https:\\\/\\\/folhapopular.info\\\/#website\"},\"primaryImageOfPage\":{\"@id\":\"https:\\\/\\\/folhapopular.info\\\/index.php\\\/2020\\\/04\\\/23\\\/prf-flagra-dois-caminhoes-com-mais-de-10-toneladas-de-peso-excedente-em-montenegro\\\/#primaryimage\"},\"image\":{\"@id\":\"https:\\\/\\\/folhapopular.info\\\/index.php\\\/2020\\\/04\\\/23\\\/prf-flagra-dois-caminhoes-com-mais-de-10-toneladas-de-peso-excedente-em-montenegro\\\/#primaryimage\"},\"thumbnailUrl\":\"https:\\\/\\\/folhapopular.info\\\/wp-content\\\/uploads\\\/2020\\\/04\\\/WhatsApp-Image-2020-04-23-at-16.17.51-e1587674019867.jpeg\",\"datePublished\":\"2020-04-23T20:34:17+00:00\",\"dateModified\":\"2020-04-23T20:34:20+00:00\",\"author\":{\"@id\":\"https:\\\/\\\/folhapopular.info\\\/#\\\/schema\\\/person\\\/2814e8a0df7643585a9ca38bc6eb9d4b\"},\"breadcrumb\":{\"@id\":\"https:\\\/\\\/folhapopular.info\\\/index.php\\\/2020\\\/04\\\/23\\\/prf-flagra-dois-caminhoes-com-mais-de-10-toneladas-de-peso-excedente-em-montenegro\\\/#breadcrumb\"},\"inLanguage\":\"pt-BR\",\"potentialAction\":[{\"@type\":\"ReadAction\",\"target\":[\"https:\\\/\\\/folhapopular.info\\\/index.php\\\/2020\\\/04\\\/23\\\/prf-flagra-dois-caminhoes-com-mais-de-10-toneladas-de-peso-excedente-em-montenegro\\\/\"]}]},{\"@type\":\"ImageObject\",\"inLanguage\":\"pt-BR\",\"@id\":\"https:\\\/\\\/folhapopular.info\\\/index.php\\\/2020\\\/04\\\/23\\\/prf-flagra-dois-caminhoes-com-mais-de-10-toneladas-de-peso-excedente-em-montenegro\\\/#primaryimage\",\"url\":\"https:\\\/\\\/folhapopular.info\\\/wp-content\\\/uploads\\\/2020\\\/04\\\/WhatsApp-Image-2020-04-23-at-16.17.51-e1587674019867.jpeg\",\"contentUrl\":\"https:\\\/\\\/folhapopular.info\\\/wp-content\\\/uploads\\\/2020\\\/04\\\/WhatsApp-Image-2020-04-23-at-16.17.51-e1587674019867.jpeg\",\"width\":800,\"height\":389,\"caption\":\"Cr\u00e9dito: divulga\u00e7\u00e3o\"},{\"@type\":\"BreadcrumbList\",\"@id\":\"https:\\\/\\\/folhapopular.info\\\/index.php\\\/2020\\\/04\\\/23\\\/prf-flagra-dois-caminhoes-com-mais-de-10-toneladas-de-peso-excedente-em-montenegro\\\/#breadcrumb\",\"itemListElement\":[{\"@type\":\"ListItem\",\"position\":1,\"name\":\"In\u00edcio\",\"item\":\"https:\\\/\\\/folhapopular.info\\\/\"},{\"@type\":\"ListItem\",\"position\":2,\"name\":\"PRF flagra dois caminh\u00f5es com mais de 10 toneladas de peso excedente em Montenegro\"}]},{\"@type\":\"WebSite\",\"@id\":\"https:\\\/\\\/folhapopular.info\\\/#website\",\"url\":\"https:\\\/\\\/folhapopular.info\\\/\",\"name\":\"Folha Popular\",\"description\":\"Onde voc\u00ea tem vez e voz\",\"potentialAction\":[{\"@type\":\"SearchAction\",\"target\":{\"@type\":\"EntryPoint\",\"urlTemplate\":\"https:\\\/\\\/folhapopular.info\\\/?s={search_term_string}\"},\"query-input\":{\"@type\":\"PropertyValueSpecification\",\"valueRequired\":true,\"valueName\":\"search_term_string\"}}],\"inLanguage\":\"pt-BR\"},{\"@type\":\"Person\",\"@id\":\"https:\\\/\\\/folhapopular.info\\\/#\\\/schema\\\/person\\\/2814e8a0df7643585a9ca38bc6eb9d4b\",\"name\":\"Reda\u00e7\u00e3o Folha Popular\",\"image\":{\"@type\":\"ImageObject\",\"inLanguage\":\"pt-BR\",\"@id\":\"https:\\\/\\\/folhapopular.info\\\/wp-content\\\/uploads\\\/2026\\\/04\\\/Folha-1.webp\",\"url\":\"https:\\\/\\\/folhapopular.info\\\/wp-content\\\/uploads\\\/2026\\\/04\\\/Folha-1.webp\",\"contentUrl\":\"https:\\\/\\\/folhapopular.info\\\/wp-content\\\/uploads\\\/2026\\\/04\\\/Folha-1.webp\",\"caption\":\"Reda\u00e7\u00e3o Folha Popular\"},\"url\":\"https:\\\/\\\/folhapopular.info\\\/index.php\\\/author\\\/redacao\\\/\"}]}<\/script>\n<!-- \/ Yoast SEO plugin. -->","yoast_head_json":{"title":"PRF flagra dois caminh\u00f5es com mais de 10 toneladas de peso excedente em Montenegro - Folha Popular","robots":{"index":"index","follow":"follow","max-snippet":"max-snippet:-1","max-image-preview":"max-image-preview:large","max-video-preview":"max-video-preview:-1"},"canonical":"https:\/\/folhapopular.info\/index.php\/2020\/04\/23\/prf-flagra-dois-caminhoes-com-mais-de-10-toneladas-de-peso-excedente-em-montenegro\/","og_locale":"pt_BR","og_type":"article","og_title":"PRF flagra dois caminh\u00f5es com mais de 10 toneladas de peso excedente em Montenegro - Folha Popular","og_description":"A Pol\u00edcia Rodovi\u00e1ria Federal flagrou dois caminh\u00f5es que, juntos, tinham mais de 10 toneladas de excesso de peso. O flagrante foi no final da manh\u00e3 desta quinta-feira (23\/04), no km 423 na BR-386, em Montenegro. Durante fiscaliza\u00e7\u00e3o na rodovia, os PRFs abordaram os condutores de dois caminh\u00f5es com placas de Taba\u00ed, carregados com toras de [&hellip;]","og_url":"https:\/\/folhapopular.info\/index.php\/2020\/04\/23\/prf-flagra-dois-caminhoes-com-mais-de-10-toneladas-de-peso-excedente-em-montenegro\/","og_site_name":"Folha Popular","article_published_time":"2020-04-23T20:34:17+00:00","article_modified_time":"2020-04-23T20:34:20+00:00","og_image":[{"width":800,"height":389,"url":"https:\/\/folhapopular.info\/wp-content\/uploads\/2020\/04\/WhatsApp-Image-2020-04-23-at-16.17.51-e1587674019867.jpeg","type":"image\/jpeg"}],"author":"Reda\u00e7\u00e3o Folha Popular","twitter_card":"summary_large_image","twitter_misc":{"Escrito por":"Reda\u00e7\u00e3o Folha Popular","Est. tempo de leitura":"1 minuto"},"schema":{"@context":"https:\/\/schema.org","@graph":[{"@type":"Article","@id":"https:\/\/folhapopular.info\/index.php\/2020\/04\/23\/prf-flagra-dois-caminhoes-com-mais-de-10-toneladas-de-peso-excedente-em-montenegro\/#article","isPartOf":{"@id":"https:\/\/folhapopular.info\/index.php\/2020\/04\/23\/prf-flagra-dois-caminhoes-com-mais-de-10-toneladas-de-peso-excedente-em-montenegro\/"},"author":{"name":"Reda\u00e7\u00e3o Folha Popular","@id":"https:\/\/folhapopular.info\/#\/schema\/person\/2814e8a0df7643585a9ca38bc6eb9d4b"},"headline":"PRF flagra dois caminh\u00f5es com mais de 10 toneladas de peso excedente em Montenegro","datePublished":"2020-04-23T20:34:17+00:00","dateModified":"2020-04-23T20:34:20+00:00","mainEntityOfPage":{"@id":"https:\/\/folhapopular.info\/index.php\/2020\/04\/23\/prf-flagra-dois-caminhoes-com-mais-de-10-toneladas-de-peso-excedente-em-montenegro\/"},"wordCount":154,"commentCount":0,"image":{"@id":"https:\/\/folhapopular.info\/index.php\/2020\/04\/23\/prf-flagra-dois-caminhoes-com-mais-de-10-toneladas-de-peso-excedente-em-montenegro\/#primaryimage"},"thumbnailUrl":"https:\/\/folhapopular.info\/wp-content\/uploads\/2020\/04\/WhatsApp-Image-2020-04-23-at-16.17.51-e1587674019867.jpeg","keywords":["Montenegro"],"articleSection":["Geral","Seguran\u00e7a"],"inLanguage":"pt-BR","potentialAction":[{"@type":"CommentAction","name":"Comment","target":["https:\/\/folhapopular.info\/index.php\/2020\/04\/23\/prf-flagra-dois-caminhoes-com-mais-de-10-toneladas-de-peso-excedente-em-montenegro\/#respond"]}]},{"@type":"WebPage","@id":"https:\/\/folhapopular.info\/index.php\/2020\/04\/23\/prf-flagra-dois-caminhoes-com-mais-de-10-toneladas-de-peso-excedente-em-montenegro\/","url":"https:\/\/folhapopular.info\/index.php\/2020\/04\/23\/prf-flagra-dois-caminhoes-com-mais-de-10-toneladas-de-peso-excedente-em-montenegro\/","name":"PRF flagra dois caminh\u00f5es com mais de 10 toneladas de peso excedente em Montenegro - Folha Popular","isPartOf":{"@id":"https:\/\/folhapopular.info\/#website"},"primaryImageOfPage":{"@id":"https:\/\/folhapopular.info\/index.php\/2020\/04\/23\/prf-flagra-dois-caminhoes-com-mais-de-10-toneladas-de-peso-excedente-em-montenegro\/#primaryimage"},"image":{"@id":"https:\/\/folhapopular.info\/index.php\/2020\/04\/23\/prf-flagra-dois-caminhoes-com-mais-de-10-toneladas-de-peso-excedente-em-montenegro\/#primaryimage"},"thumbnailUrl":"https:\/\/folhapopular.info\/wp-content\/uploads\/2020\/04\/WhatsApp-Image-2020-04-23-at-16.17.51-e1587674019867.jpeg","datePublished":"2020-04-23T20:34:17+00:00","dateModified":"2020-04-23T20:34:20+00:00","author":{"@id":"https:\/\/folhapopular.info\/#\/schema\/person\/2814e8a0df7643585a9ca38bc6eb9d4b"},"breadcrumb":{"@id":"https:\/\/folhapopular.info\/index.php\/2020\/04\/23\/prf-flagra-dois-caminhoes-com-mais-de-10-toneladas-de-peso-excedente-em-montenegro\/#breadcrumb"},"inLanguage":"pt-BR","potentialAction":[{"@type":"ReadAction","target":["https:\/\/folhapopular.info\/index.php\/2020\/04\/23\/prf-flagra-dois-caminhoes-com-mais-de-10-toneladas-de-peso-excedente-em-montenegro\/"]}]},{"@type":"ImageObject","inLanguage":"pt-BR","@id":"https:\/\/folhapopular.info\/index.php\/2020\/04\/23\/prf-flagra-dois-caminhoes-com-mais-de-10-toneladas-de-peso-excedente-em-montenegro\/#primaryimage","url":"https:\/\/folhapopular.info\/wp-content\/uploads\/2020\/04\/WhatsApp-Image-2020-04-23-at-16.17.51-e1587674019867.jpeg","contentUrl":"https:\/\/folhapopular.info\/wp-content\/uploads\/2020\/04\/WhatsApp-Image-2020-04-23-at-16.17.51-e1587674019867.jpeg","width":800,"height":389,"caption":"Cr\u00e9dito: divulga\u00e7\u00e3o"},{"@type":"BreadcrumbList","@id":"https:\/\/folhapopular.info\/index.php\/2020\/04\/23\/prf-flagra-dois-caminhoes-com-mais-de-10-toneladas-de-peso-excedente-em-montenegro\/#breadcrumb","itemListElement":[{"@type":"ListItem","position":1,"name":"In\u00edcio","item":"https:\/\/folhapopular.info\/"},{"@type":"ListItem","position":2,"name":"PRF flagra dois caminh\u00f5es com mais de 10 toneladas de peso excedente em Montenegro"}]},{"@type":"WebSite","@id":"https:\/\/folhapopular.info\/#website","url":"https:\/\/folhapopular.info\/","name":"Folha Popular","description":"Onde voc\u00ea tem vez e voz","potentialAction":[{"@type":"SearchAction","target":{"@type":"EntryPoint","urlTemplate":"https:\/\/folhapopular.info\/?s={search_term_string}"},"query-input":{"@type":"PropertyValueSpecification","valueRequired":true,"valueName":"search_term_string"}}],"inLanguage":"pt-BR"},{"@type":"Person","@id":"https:\/\/folhapopular.info\/#\/schema\/person\/2814e8a0df7643585a9ca38bc6eb9d4b","name":"Reda\u00e7\u00e3o Folha Popular","image":{"@type":"ImageObject","inLanguage":"pt-BR","@id":"https:\/\/folhapopular.info\/wp-content\/uploads\/2026\/04\/Folha-1.webp","url":"https:\/\/folhapopular.info\/wp-content\/uploads\/2026\/04\/Folha-1.webp","contentUrl":"https:\/\/folhapopular.info\/wp-content\/uploads\/2026\/04\/Folha-1.webp","caption":"Reda\u00e7\u00e3o Folha Popular"},"url":"https:\/\/folhapopular.info\/index.php\/author\/redacao\/"}]}},"jetpack_featured_media_url":"https:\/\/folhapopular.info\/wp-content\/uploads\/2020\/04\/WhatsApp-Image-2020-04-23-at-16.17.51-e1587674019867.jpeg","jetpack_sharing_enabled":true,"amp_enabled":true,"_links":{"self":[{"href":"https:\/\/folhapopular.info\/index.php\/wp-json\/wp\/v2\/posts\/68157","targetHints":{"allow":["GET"]}}],"collection":[{"href":"https:\/\/folhapopular.info\/index.php\/wp-json\/wp\/v2\/posts"}],"about":[{"href":"https:\/\/folhapopular.info\/index.php\/wp-json\/wp\/v2\/types\/post"}],"author":[{"embeddable":true,"href":"https:\/\/folhapopular.info\/index.php\/wp-json\/wp\/v2\/users\/8"}],"replies":[{"embeddable":true,"href":"https:\/\/folhapopular.info\/index.php\/wp-json\/wp\/v2\/comments?post=68157"}],"version-history":[{"count":0,"href":"https:\/\/folhapopular.info\/index.php\/wp-json\/wp\/v2\/posts\/68157\/revisions"}],"wp:featuredmedia":[{"embeddable":true,"href":"https:\/\/folhapopular.info\/index.php\/wp-json\/wp\/v2\/media\/68158"}],"wp:attachment":[{"href":"https:\/\/folhapopular.info\/index.php\/wp-json\/wp\/v2\/media?parent=68157"}],"wp:term":[{"taxonomy":"category","embeddable":true,"href":"https:\/\/folhapopular.info\/index.php\/wp-json\/wp\/v2\/categories?post=68157"},{"taxonomy":"post_tag","embeddable":true,"href":"https:\/\/folhapopular.info\/index.php\/wp-json\/wp\/v2\/tags?post=68157"}],"curies":[{"name":"wp","href":"https:\/\/api.w.org\/{rel}","templated":true}]}}